{"id":51498,"date":"2025-06-15T11:00:00","date_gmt":"2025-06-15T10:00:00","guid":{"rendered":"https:\/\/algarve7.pt\/?p=51498"},"modified":"2025-06-13T12:44:16","modified_gmt":"2025-06-13T11:44:16","slug":"dia-mundial-do-ambiente-assinalado-com-sessao-de-sensibilizacao-para-criancas-de-albufeira","status":"publish","type":"post","link":"https:\/\/algarve7.pt\/index.php\/2025\/06\/dia-mundial-do-ambiente-assinalado-com-sessao-de-sensibilizacao-para-criancas-de-albufeira\/ambiente\/11\/00\/","title":{"rendered":"Dia mundial do ambiente assinalado com sess\u00e3o de sensibiliza\u00e7\u00e3o para crian\u00e7as de Albufeira"},"content":{"rendered":"\n<p>O Dia Mundial do Ambiente assinalou-se no passado dia 5 de junho. Para marcar a ocasi\u00e3o, o Munic\u00edpio de Albufeira promoveu a sess\u00e3o \u201cPoupar \u00e9 Ganhar\u201d, em parceria com a Betweien. A iniciativa aconteceu no passado dia 9 de junho, e juntou centenas de alunos de v\u00e1rias escolas do 1.\u00ba ciclo do concelho, no Audit\u00f3rio Municipal de Albufeira. Em palco estiveram dois atores, que dinamizaram uma sess\u00e3o de sensibiliza\u00e7\u00e3o para a import\u00e2ncia de preservar os recursos do planeta Terra.<\/p>\n\n\n\n<p>O espet\u00e1culo conta a hist\u00f3ria de Mariana, numa procura incessante por formas de ajudar Paco \u2013 a personifica\u00e7\u00e3o do planeta Terra. Ao longo da sess\u00e3o, o foco foi sendo colocado em \u00e1reas importantes para a preserva\u00e7\u00e3o dos recursos terrestres, como a poupan\u00e7a de \u00e1gua e energia, e ainda a separa\u00e7\u00e3o de lixo recicl\u00e1vel. A inten\u00e7\u00e3o foi clara: promover boas pr\u00e1ticas na utiliza\u00e7\u00e3o dos recursos, com o objetivo de reverter o \u2018adoecimento\u2019 do planeta.&nbsp;<\/p>\n\n\n\n<p>Ao longo da pe\u00e7a, foram v\u00e1rios os momentos de intera\u00e7\u00e3o com as crian\u00e7as. Al\u00e9m de momentos musicais, houve ainda espa\u00e7o para v\u00e1rias rondas de perguntas ao p\u00fablico sobre a utiliza\u00e7\u00e3o correta de recursos.&nbsp;<\/p>\n\n\n\n<p>O presidente da C\u00e2mara Municipal de Albufeira destaca a import\u00e2ncia de \u201cenvolver os mais jovens no esfor\u00e7o de preserva\u00e7\u00e3o do meio ambiente\u201d. Para Jos\u00e9 Carlos Rolo, \u201ca educa\u00e7\u00e3o ambiental j\u00e1 demonstrou ser capaz de promover mudan\u00e7as de comportamentos nas crian\u00e7as, e tamb\u00e9m nas suas fam\u00edlias\u201d. \u201cTemos de continuar a apostar na educa\u00e7\u00e3o como ve\u00edculo para a mudan\u00e7a\u201d, acrescenta.<\/p>\n\n\n\n<p>A sess\u00e3o contou com a participa\u00e7\u00e3o de v\u00e1rias escolas do concelho. No Audit\u00f3rio Municipal de Albufeira estiveram turmas da EB1 da Guia, EB1 da Correeira, EB1 n\u00ba1 de Albufeira, EB1 de Vale Pedras, e da EB1 dos Cali\u00e7os.<\/p>\n","protected":false},"excerpt":{"rendered":"<p>O Dia Mundial do Ambiente assinalou-se no passado dia 5 de junho. Para marcar a ocasi\u00e3o, o Munic\u00edpio de Albufeira<\/p>\n","protected":false},"author":1,"featured_media":51499,"comment_status":"closed","ping_status":"closed","sticky":false,"template":"","format":"standard","meta":{"colormag_page_container_layout":"default_layout","colormag_page_sidebar_layout":"default_layout","_monsterinsights_skip_tracking":false,"_monsterinsights_sitenote_active":false,"_monsterinsights_sitenote_note":"","_monsterinsights_sitenote_category":0,"jetpack_post_was_ever_published":false,"_jetpack_newsletter_access":"","_jetpack_dont_email_post_to_subs":false,"_jetpack_newsletter_tier_id":0,"_jetpack_memberships_contains_paywalled_content":false,"_jetpack_memberships_contains_paid_content":false,"footnotes":"","jetpack_publicize_message":"","jetpack_publicize_feature_enabled":true,"jetpack_social_post_already_shared":false,"jetpack_social_options":{"image_generator_settings":{"template":"highway","default_image_id":0,"font":"","enabled":false},"version":2}},"categories":[5],"tags":[155,36,32],"class_list":["post-51498","post","type-post","status-publish","format-standard","has-post-thumbnail","hentry","category-ambiente","tag-albufeira","tag-algarve","tag-ambiente"],"yoast_head":"<!-- This site is optimized with the Yoast SEO plugin v27.5 - https:\/\/yoast.com\/product\/yoast-seo-wordpress\/ -->\n<title>Dia mundial do ambiente assinalado com sess\u00e3o de sensibiliza\u00e7\u00e3o para crian\u00e7as de Albufeira - Algarve 7<\/title>\n<meta name=\"description\" content=\"Dia mundial do ambiente assinalado com sess\u00e3o de sensibiliza\u00e7\u00e3o para crian\u00e7as de Albufeira Ambiente\" \/>\n<meta name=\"robots\" content=\"index, follow, max-snippet:-1, max-image-preview:large, max-video-preview:-1\" \/>\n<link rel=\"canonical\" href=\"https:\/\/algarve7.pt\/index.php\/2025\/06\/dia-mundial-do-ambiente-assinalado-com-sessao-de-sensibilizacao-para-criancas-de-albufeira\/ambiente\/11\/00\/\" \/>\n<meta property=\"og:locale\" content=\"pt_PT\" \/>\n<meta property=\"og:type\" content=\"article\" \/>\n<meta property=\"og:title\" content=\"Dia mundial do ambiente assinalado com sess\u00e3o de sensibiliza\u00e7\u00e3o para crian\u00e7as de Albufeira - Algarve 7\" \/>\n<meta property=\"og:description\" content=\"Dia mundial do ambiente assinalado com sess\u00e3o de sensibiliza\u00e7\u00e3o para crian\u00e7as de Albufeira Ambiente\" \/>\n<meta property=\"og:url\" content=\"https:\/\/algarve7.pt\/index.php\/2025\/06\/dia-mundial-do-ambiente-assinalado-com-sessao-de-sensibilizacao-para-criancas-de-albufeira\/ambiente\/11\/00\/\" \/>\n<meta property=\"og:site_name\" content=\"Algarve 7\" \/>\n<meta property=\"article:publisher\" content=\"https:\/\/www.facebook.com\/algarve7\" \/>\n<meta property=\"article:author\" content=\"https:\/\/www.facebook.com\/algarve7\" \/>\n<meta property=\"article:published_time\" content=\"2025-06-15T10:00:00+00:00\" \/>\n<meta property=\"og:image\" content=\"https:\/\/algarve7.pt\/wp-content\/uploads\/2025\/06\/IMG_0499.jpg\" \/>\n\t<meta property=\"og:image:width\" content=\"800\" \/>\n\t<meta property=\"og:image:height\" content=\"500\" \/>\n\t<meta property=\"og:image:type\" content=\"image\/jpeg\" \/>\n<meta name=\"author\" content=\"Algarve 7\" \/>\n<meta name=\"twitter:card\" content=\"summary_large_image\" \/>\n<meta name=\"twitter:creator\" content=\"@Algarvesete\" \/>\n<meta name=\"twitter:site\" content=\"@Algarvesete\" \/>\n<meta name=\"twitter:label1\" content=\"Escrito por\" \/>\n\t<meta name=\"twitter:data1\" content=\"Algarve 7\" \/>\n\t<meta name=\"twitter:label2\" content=\"Tempo estimado de leitura\" \/>\n\t<meta name=\"twitter:data2\" content=\"2 minutos\" \/>\n<script type=\"application\/ld+json\" class=\"yoast-schema-graph\">{\"@context\":\"https:\\\/\\\/schema.org\",\"@graph\":[{\"@type\":\"Article\",\"@id\":\"https:\\\/\\\/algarve7.pt\\\/index.php\\\/2025\\\/06\\\/dia-mundial-do-ambiente-assinalado-com-sessao-de-sensibilizacao-para-criancas-de-albufeira\\\/ambiente\\\/11\\\/00\\\/#article\",\"isPartOf\":{\"@id\":\"https:\\\/\\\/algarve7.pt\\\/index.php\\\/2025\\\/06\\\/dia-mundial-do-ambiente-assinalado-com-sessao-de-sensibilizacao-para-criancas-de-albufeira\\\/ambiente\\\/11\\\/00\\\/\"},\"author\":{\"name\":\"Algarve 7\",\"@id\":\"https:\\\/\\\/algarve7.pt\\\/#\\\/schema\\\/person\\\/23fa70681308e7b319a3204bcea45e0c\"},\"headline\":\"Dia mundial do ambiente assinalado com sess\u00e3o de sensibiliza\u00e7\u00e3o para crian\u00e7as de Albufeira\",\"datePublished\":\"2025-06-15T10:00:00+00:00\",\"mainEntityOfPage\":{\"@id\":\"https:\\\/\\\/algarve7.pt\\\/index.php\\\/2025\\\/06\\\/dia-mundial-do-ambiente-assinalado-com-sessao-de-sensibilizacao-para-criancas-de-albufeira\\\/ambiente\\\/11\\\/00\\\/\"},\"wordCount\":339,\"publisher\":{\"@id\":\"https:\\\/\\\/algarve7.pt\\\/#organization\"},\"image\":{\"@id\":\"https:\\\/\\\/algarve7.pt\\\/index.php\\\/2025\\\/06\\\/dia-mundial-do-ambiente-assinalado-com-sessao-de-sensibilizacao-para-criancas-de-albufeira\\\/ambiente\\\/11\\\/00\\\/#primaryimage\"},\"thumbnailUrl\":\"https:\\\/\\\/algarve7.pt\\\/wp-content\\\/uploads\\\/2025\\\/06\\\/IMG_0499.jpg\",\"keywords\":[\"Albufeira\",\"Algarve\",\"Ambiente\"],\"articleSection\":[\"Ambiente\"],\"inLanguage\":\"pt-PT\"},{\"@type\":\"WebPage\",\"@id\":\"https:\\\/\\\/algarve7.pt\\\/index.php\\\/2025\\\/06\\\/dia-mundial-do-ambiente-assinalado-com-sessao-de-sensibilizacao-para-criancas-de-albufeira\\\/ambiente\\\/11\\\/00\\\/\",\"url\":\"https:\\\/\\\/algarve7.pt\\\/index.php\\\/2025\\\/06\\\/dia-mundial-do-ambiente-assinalado-com-sessao-de-sensibilizacao-para-criancas-de-albufeira\\\/ambiente\\\/11\\\/00\\\/\",\"name\":\"Dia mundial do ambiente assinalado com sess\u00e3o de sensibiliza\u00e7\u00e3o para crian\u00e7as de Albufeira - Algarve 7\",\"isPartOf\":{\"@id\":\"https:\\\/\\\/algarve7.pt\\\/#website\"},\"primaryImageOfPage\":{\"@id\":\"https:\\\/\\\/algarve7.pt\\\/index.php\\\/2025\\\/06\\\/dia-mundial-do-ambiente-assinalado-com-sessao-de-sensibilizacao-para-criancas-de-albufeira\\\/ambiente\\\/11\\\/00\\\/#primaryimage\"},\"image\":{\"@id\":\"https:\\\/\\\/algarve7.pt\\\/index.php\\\/2025\\\/06\\\/dia-mundial-do-ambiente-assinalado-com-sessao-de-sensibilizacao-para-criancas-de-albufeira\\\/ambiente\\\/11\\\/00\\\/#primaryimage\"},\"thumbnailUrl\":\"https:\\\/\\\/algarve7.pt\\\/wp-content\\\/uploads\\\/2025\\\/06\\\/IMG_0499.jpg\",\"datePublished\":\"2025-06-15T10:00:00+00:00\",\"description\":\"Dia mundial do ambiente assinalado com sess\u00e3o de sensibiliza\u00e7\u00e3o para crian\u00e7as de Albufeira Ambiente\",\"breadcrumb\":{\"@id\":\"https:\\\/\\\/algarve7.pt\\\/index.php\\\/2025\\\/06\\\/dia-mundial-do-ambiente-assinalado-com-sessao-de-sensibilizacao-para-criancas-de-albufeira\\\/ambiente\\\/11\\\/00\\\/#breadcrumb\"},\"inLanguage\":\"pt-PT\",\"potentialAction\":[{\"@type\":\"ReadAction\",\"target\":[\"https:\\\/\\\/algarve7.pt\\\/index.php\\\/2025\\\/06\\\/dia-mundial-do-ambiente-assinalado-com-sessao-de-sensibilizacao-para-criancas-de-albufeira\\\/ambiente\\\/11\\\/00\\\/\"]}]},{\"@type\":\"ImageObject\",\"inLanguage\":\"pt-PT\",\"@id\":\"https:\\\/\\\/algarve7.pt\\\/index.php\\\/2025\\\/06\\\/dia-mundial-do-ambiente-assinalado-com-sessao-de-sensibilizacao-para-criancas-de-albufeira\\\/ambiente\\\/11\\\/00\\\/#primaryimage\",\"url\":\"https:\\\/\\\/algarve7.pt\\\/wp-content\\\/uploads\\\/2025\\\/06\\\/IMG_0499.jpg\",\"contentUrl\":\"https:\\\/\\\/algarve7.pt\\\/wp-content\\\/uploads\\\/2025\\\/06\\\/IMG_0499.jpg\",\"width\":800,\"height\":500},{\"@type\":\"BreadcrumbList\",\"@id\":\"https:\\\/\\\/algarve7.pt\\\/index.php\\\/2025\\\/06\\\/dia-mundial-do-ambiente-assinalado-com-sessao-de-sensibilizacao-para-criancas-de-albufeira\\\/ambiente\\\/11\\\/00\\\/#breadcrumb\",\"itemListElement\":[{\"@type\":\"ListItem\",\"position\":1,\"name\":\"In\u00edcio\",\"item\":\"https:\\\/\\\/algarve7.pt\\\/\"},{\"@type\":\"ListItem\",\"position\":2,\"name\":\"Dia mundial do ambiente assinalado com sess\u00e3o de sensibiliza\u00e7\u00e3o para crian\u00e7as de Albufeira\"}]},{\"@type\":\"WebSite\",\"@id\":\"https:\\\/\\\/algarve7.pt\\\/#website\",\"url\":\"https:\\\/\\\/algarve7.pt\\\/\",\"name\":\"Algarve 7\",\"description\":\"Informa\u00e7\u00e3o sobre o Algarve\",\"publisher\":{\"@id\":\"https:\\\/\\\/algarve7.pt\\\/#organization\"},\"potentialAction\":[{\"@type\":\"SearchAction\",\"target\":{\"@type\":\"EntryPoint\",\"urlTemplate\":\"https:\\\/\\\/algarve7.pt\\\/?s={search_term_string}\"},\"query-input\":{\"@type\":\"PropertyValueSpecification\",\"valueRequired\":true,\"valueName\":\"search_term_string\"}}],\"inLanguage\":\"pt-PT\"},{\"@type\":\"Organization\",\"@id\":\"https:\\\/\\\/algarve7.pt\\\/#organization\",\"name\":\"Algarve 7\",\"url\":\"https:\\\/\\\/algarve7.pt\\\/\",\"logo\":{\"@type\":\"ImageObject\",\"inLanguage\":\"pt-PT\",\"@id\":\"https:\\\/\\\/algarve7.pt\\\/#\\\/schema\\\/logo\\\/image\\\/\",\"url\":\"https:\\\/\\\/algarve7.pt\\\/wp-content\\\/uploads\\\/2020\\\/10\\\/Logo-8.jpg\",\"contentUrl\":\"https:\\\/\\\/algarve7.pt\\\/wp-content\\\/uploads\\\/2020\\\/10\\\/Logo-8.jpg\",\"width\":1680,\"height\":1186,\"caption\":\"Algarve 7\"},\"image\":{\"@id\":\"https:\\\/\\\/algarve7.pt\\\/#\\\/schema\\\/logo\\\/image\\\/\"},\"sameAs\":[\"https:\\\/\\\/www.facebook.com\\\/algarve7\",\"https:\\\/\\\/x.com\\\/Algarvesete\",\"https:\\\/\\\/www.instagram.com\\\/jornalalgarve7\\\/\",\"https:\\\/\\\/www.linkedin.com\\\/company\\\/algarve7\",\"https:\\\/\\\/www.pinterest.pt\\\/geral0939\\\/_created\\\/\"]},{\"@type\":\"Person\",\"@id\":\"https:\\\/\\\/algarve7.pt\\\/#\\\/schema\\\/person\\\/23fa70681308e7b319a3204bcea45e0c\",\"name\":\"Algarve 7\",\"sameAs\":[\"https:\\\/\\\/algarve7.pt\",\"https:\\\/\\\/www.facebook.com\\\/algarve7\"],\"url\":\"https:\\\/\\\/algarve7.pt\\\/index.php\\\/author\\\/geralalgarve7-pt\\\/\"}]}<\/script>\n<!-- \/ Yoast SEO plugin. -->","yoast_head_json":{"title":"Dia mundial do ambiente assinalado com sess\u00e3o de sensibiliza\u00e7\u00e3o para crian\u00e7as de Albufeira - Algarve 7","description":"Dia mundial do ambiente assinalado com sess\u00e3o de sensibiliza\u00e7\u00e3o para crian\u00e7as de Albufeira Ambiente","robots":{"index":"index","follow":"follow","max-snippet":"max-snippet:-1","max-image-preview":"max-image-preview:large","max-video-preview":"max-video-preview:-1"},"canonical":"https:\/\/algarve7.pt\/index.php\/2025\/06\/dia-mundial-do-ambiente-assinalado-com-sessao-de-sensibilizacao-para-criancas-de-albufeira\/ambiente\/11\/00\/","og_locale":"pt_PT","og_type":"article","og_title":"Dia mundial do ambiente assinalado com sess\u00e3o de sensibiliza\u00e7\u00e3o para crian\u00e7as de Albufeira - Algarve 7","og_description":"Dia mundial do ambiente assinalado com sess\u00e3o de sensibiliza\u00e7\u00e3o para crian\u00e7as de Albufeira Ambiente","og_url":"https:\/\/algarve7.pt\/index.php\/2025\/06\/dia-mundial-do-ambiente-assinalado-com-sessao-de-sensibilizacao-para-criancas-de-albufeira\/ambiente\/11\/00\/","og_site_name":"Algarve 7","article_publisher":"https:\/\/www.facebook.com\/algarve7","article_author":"https:\/\/www.facebook.com\/algarve7","article_published_time":"2025-06-15T10:00:00+00:00","og_image":[{"width":800,"height":500,"url":"https:\/\/algarve7.pt\/wp-content\/uploads\/2025\/06\/IMG_0499.jpg","type":"image\/jpeg"}],"author":"Algarve 7","twitter_card":"summary_large_image","twitter_creator":"@Algarvesete","twitter_site":"@Algarvesete","twitter_misc":{"Escrito por":"Algarve 7","Tempo estimado de leitura":"2 minutos"},"schema":{"@context":"https:\/\/schema.org","@graph":[{"@type":"Article","@id":"https:\/\/algarve7.pt\/index.php\/2025\/06\/dia-mundial-do-ambiente-assinalado-com-sessao-de-sensibilizacao-para-criancas-de-albufeira\/ambiente\/11\/00\/#article","isPartOf":{"@id":"https:\/\/algarve7.pt\/index.php\/2025\/06\/dia-mundial-do-ambiente-assinalado-com-sessao-de-sensibilizacao-para-criancas-de-albufeira\/ambiente\/11\/00\/"},"author":{"name":"Algarve 7","@id":"https:\/\/algarve7.pt\/#\/schema\/person\/23fa70681308e7b319a3204bcea45e0c"},"headline":"Dia mundial do ambiente assinalado com sess\u00e3o de sensibiliza\u00e7\u00e3o para crian\u00e7as de Albufeira","datePublished":"2025-06-15T10:00:00+00:00","mainEntityOfPage":{"@id":"https:\/\/algarve7.pt\/index.php\/2025\/06\/dia-mundial-do-ambiente-assinalado-com-sessao-de-sensibilizacao-para-criancas-de-albufeira\/ambiente\/11\/00\/"},"wordCount":339,"publisher":{"@id":"https:\/\/algarve7.pt\/#organization"},"image":{"@id":"https:\/\/algarve7.pt\/index.php\/2025\/06\/dia-mundial-do-ambiente-assinalado-com-sessao-de-sensibilizacao-para-criancas-de-albufeira\/ambiente\/11\/00\/#primaryimage"},"thumbnailUrl":"https:\/\/algarve7.pt\/wp-content\/uploads\/2025\/06\/IMG_0499.jpg","keywords":["Albufeira","Algarve","Ambiente"],"articleSection":["Ambiente"],"inLanguage":"pt-PT"},{"@type":"WebPage","@id":"https:\/\/algarve7.pt\/index.php\/2025\/06\/dia-mundial-do-ambiente-assinalado-com-sessao-de-sensibilizacao-para-criancas-de-albufeira\/ambiente\/11\/00\/","url":"https:\/\/algarve7.pt\/index.php\/2025\/06\/dia-mundial-do-ambiente-assinalado-com-sessao-de-sensibilizacao-para-criancas-de-albufeira\/ambiente\/11\/00\/","name":"Dia mundial do ambiente assinalado com sess\u00e3o de sensibiliza\u00e7\u00e3o para crian\u00e7as de Albufeira - Algarve 7","isPartOf":{"@id":"https:\/\/algarve7.pt\/#website"},"primaryImageOfPage":{"@id":"https:\/\/algarve7.pt\/index.php\/2025\/06\/dia-mundial-do-ambiente-assinalado-com-sessao-de-sensibilizacao-para-criancas-de-albufeira\/ambiente\/11\/00\/#primaryimage"},"image":{"@id":"https:\/\/algarve7.pt\/index.php\/2025\/06\/dia-mundial-do-ambiente-assinalado-com-sessao-de-sensibilizacao-para-criancas-de-albufeira\/ambiente\/11\/00\/#primaryimage"},"thumbnailUrl":"https:\/\/algarve7.pt\/wp-content\/uploads\/2025\/06\/IMG_0499.jpg","datePublished":"2025-06-15T10:00:00+00:00","description":"Dia mundial do ambiente assinalado com sess\u00e3o de sensibiliza\u00e7\u00e3o para crian\u00e7as de Albufeira Ambiente","breadcrumb":{"@id":"https:\/\/algarve7.pt\/index.php\/2025\/06\/dia-mundial-do-ambiente-assinalado-com-sessao-de-sensibilizacao-para-criancas-de-albufeira\/ambiente\/11\/00\/#breadcrumb"},"inLanguage":"pt-PT","potentialAction":[{"@type":"ReadAction","target":["https:\/\/algarve7.pt\/index.php\/2025\/06\/dia-mundial-do-ambiente-assinalado-com-sessao-de-sensibilizacao-para-criancas-de-albufeira\/ambiente\/11\/00\/"]}]},{"@type":"ImageObject","inLanguage":"pt-PT","@id":"https:\/\/algarve7.pt\/index.php\/2025\/06\/dia-mundial-do-ambiente-assinalado-com-sessao-de-sensibilizacao-para-criancas-de-albufeira\/ambiente\/11\/00\/#primaryimage","url":"https:\/\/algarve7.pt\/wp-content\/uploads\/2025\/06\/IMG_0499.jpg","contentUrl":"https:\/\/algarve7.pt\/wp-content\/uploads\/2025\/06\/IMG_0499.jpg","width":800,"height":500},{"@type":"BreadcrumbList","@id":"https:\/\/algarve7.pt\/index.php\/2025\/06\/dia-mundial-do-ambiente-assinalado-com-sessao-de-sensibilizacao-para-criancas-de-albufeira\/ambiente\/11\/00\/#breadcrumb","itemListElement":[{"@type":"ListItem","position":1,"name":"In\u00edcio","item":"https:\/\/algarve7.pt\/"},{"@type":"ListItem","position":2,"name":"Dia mundial do ambiente assinalado com sess\u00e3o de sensibiliza\u00e7\u00e3o para crian\u00e7as de Albufeira"}]},{"@type":"WebSite","@id":"https:\/\/algarve7.pt\/#website","url":"https:\/\/algarve7.pt\/","name":"Algarve 7","description":"Informa\u00e7\u00e3o sobre o Algarve","publisher":{"@id":"https:\/\/algarve7.pt\/#organization"},"potentialAction":[{"@type":"SearchAction","target":{"@type":"EntryPoint","urlTemplate":"https:\/\/algarve7.pt\/?s={search_term_string}"},"query-input":{"@type":"PropertyValueSpecification","valueRequired":true,"valueName":"search_term_string"}}],"inLanguage":"pt-PT"},{"@type":"Organization","@id":"https:\/\/algarve7.pt\/#organization","name":"Algarve 7","url":"https:\/\/algarve7.pt\/","logo":{"@type":"ImageObject","inLanguage":"pt-PT","@id":"https:\/\/algarve7.pt\/#\/schema\/logo\/image\/","url":"https:\/\/algarve7.pt\/wp-content\/uploads\/2020\/10\/Logo-8.jpg","contentUrl":"https:\/\/algarve7.pt\/wp-content\/uploads\/2020\/10\/Logo-8.jpg","width":1680,"height":1186,"caption":"Algarve 7"},"image":{"@id":"https:\/\/algarve7.pt\/#\/schema\/logo\/image\/"},"sameAs":["https:\/\/www.facebook.com\/algarve7","https:\/\/x.com\/Algarvesete","https:\/\/www.instagram.com\/jornalalgarve7\/","https:\/\/www.linkedin.com\/company\/algarve7","https:\/\/www.pinterest.pt\/geral0939\/_created\/"]},{"@type":"Person","@id":"https:\/\/algarve7.pt\/#\/schema\/person\/23fa70681308e7b319a3204bcea45e0c","name":"Algarve 7","sameAs":["https:\/\/algarve7.pt","https:\/\/www.facebook.com\/algarve7"],"url":"https:\/\/algarve7.pt\/index.php\/author\/geralalgarve7-pt\/"}]}},"jetpack_publicize_connections":[],"jetpack_featured_media_url":"https:\/\/algarve7.pt\/wp-content\/uploads\/2025\/06\/IMG_0499.jpg","jetpack_shortlink":"https:\/\/wp.me\/pcezmW-doC","jetpack_sharing_enabled":true,"_links":{"self":[{"href":"https:\/\/algarve7.pt\/index.php\/wp-json\/wp\/v2\/posts\/51498","targetHints":{"allow":["GET"]}}],"collection":[{"href":"https:\/\/algarve7.pt\/index.php\/wp-json\/wp\/v2\/posts"}],"about":[{"href":"https:\/\/algarve7.pt\/index.php\/wp-json\/wp\/v2\/types\/post"}],"author":[{"embeddable":true,"href":"https:\/\/algarve7.pt\/index.php\/wp-json\/wp\/v2\/users\/1"}],"replies":[{"embeddable":true,"href":"https:\/\/algarve7.pt\/index.php\/wp-json\/wp\/v2\/comments?post=51498"}],"version-history":[{"count":0,"href":"https:\/\/algarve7.pt\/index.php\/wp-json\/wp\/v2\/posts\/51498\/revisions"}],"wp:featuredmedia":[{"embeddable":true,"href":"https:\/\/algarve7.pt\/index.php\/wp-json\/wp\/v2\/media\/51499"}],"wp:attachment":[{"href":"https:\/\/algarve7.pt\/index.php\/wp-json\/wp\/v2\/media?parent=51498"}],"wp:term":[{"taxonomy":"category","embeddable":true,"href":"https:\/\/algarve7.pt\/index.php\/wp-json\/wp\/v2\/categories?post=51498"},{"taxonomy":"post_tag","embeddable":true,"href":"https:\/\/algarve7.pt\/index.php\/wp-json\/wp\/v2\/tags?post=51498"}],"curies":[{"name":"wp","href":"https:\/\/api.w.org\/{rel}","templated":true}]}}