{"id":51395,"date":"2025-06-10T10:05:00","date_gmt":"2025-06-10T09:05:00","guid":{"rendered":"https:\/\/algarve7.pt\/?p=51395"},"modified":"2025-06-09T18:36:10","modified_gmt":"2025-06-09T17:36:10","slug":"artexhibition-promete-uma-celebracao-multidisciplinar-da-arte-contemporanea-em-pleno-coracao-historico-de-tavira","status":"publish","type":"post","link":"https:\/\/algarve7.pt\/index.php\/2025\/06\/artexhibition-promete-uma-celebracao-multidisciplinar-da-arte-contemporanea-em-pleno-coracao-historico-de-tavira\/cultura\/10\/05\/","title":{"rendered":"ArtExhibition promete uma celebra\u00e7\u00e3o multidisciplinar da arte contempor\u00e2nea em pleno cora\u00e7\u00e3o hist\u00f3rico de Tavira\u00a0"},"content":{"rendered":"\n<p>A cidade de Tavira prepara-se para receber, a partir de 14 de junho, mais uma edi\u00e7\u00e3o da ArtExhibition Tavira, uma exposi\u00e7\u00e3o de arte contempor\u00e2nea multidisciplinar que re\u00fane nomes consagrados e emergentes das artes visuais e performativas, numa proposta inovadora e envolvente, aberta ao p\u00fablico at\u00e9 ao m\u00eas de setembro. A inaugura\u00e7\u00e3o ter\u00e1 lugar na Igreja da Miseric\u00f3rdia de Tavira, no dia 14 de junho, pelas 17h, com um momento musical da responsabilidade de Silvino Campos, acordeonista de reconhecido m\u00e9rito que interpretar\u00e1 um concerto que funde tradi\u00e7\u00e3o e experimenta\u00e7\u00e3o sonora, num di\u00e1logo direto com o espa\u00e7o e o esp\u00edrito da mostra.\u00a0<br><br>A ArtExhibition Tavira 2025 apresenta obras de fotografia, pintura e m\u00fasica, contando com a participa\u00e7\u00e3o de Nelson Jesus, Jo\u00e3o Sena, Rebeca Felisberto, Juanjo Camacho, Maria Arantzazu, Carmen Torres, Jo\u00e3o Ribeiro e Jos\u00e9 Ramirez. A diversidade dos meios e abordagens est\u00e9ticas, conjugada com a singularidade de cada autor, confere \u00e0 exposi\u00e7\u00e3o uma leitura plural sobre os desafios, emo\u00e7\u00f5es e inquieta\u00e7\u00f5es do mundo contempor\u00e2neo.\u00a0<br><br>O evento prop\u00f5e-se, uma vez mais, como uma plataforma de encontro entre artistas, p\u00fablico e territ\u00f3rio, refor\u00e7ando o papel da arte enquanto instrumento de reflex\u00e3o, di\u00e1logo e coes\u00e3o social. A escolha da Igreja da Miseric\u00f3rdia, edif\u00edcio emblem\u00e1tico do patrim\u00f3nio arquitet\u00f3nico do Algarve, estabelece uma rela\u00e7\u00e3o simb\u00f3lica entre mem\u00f3ria e cria\u00e7\u00e3o, sacralidade e contemporaneidade.\u00a0<br><br>A exposi\u00e7\u00e3o \u00e9 uma iniciativa da ANAFA \u2013 Associa\u00e7\u00e3o de Fot\u00f3grafos do Algarve e da ArtExhibition, com o apoio institucional de entidades locais e regionais, sublinhando o compromisso cont\u00ednuo com a promo\u00e7\u00e3o da cultura e das artes visuais no sul do pa\u00eds.<\/p>\n","protected":false},"excerpt":{"rendered":"<p>A cidade de Tavira prepara-se para receber, a partir de 14 de junho, mais uma edi\u00e7\u00e3o da ArtExhibition Tavira, uma<\/p>\n","protected":false},"author":1,"featured_media":51396,"comment_status":"closed","ping_status":"closed","sticky":false,"template":"","format":"standard","meta":{"colormag_page_container_layout":"default_layout","colormag_page_sidebar_layout":"default_layout","_monsterinsights_skip_tracking":false,"_monsterinsights_sitenote_active":false,"_monsterinsights_sitenote_note":"","_monsterinsights_sitenote_category":0,"jetpack_post_was_ever_published":false,"_jetpack_newsletter_access":"","_jetpack_dont_email_post_to_subs":false,"_jetpack_newsletter_tier_id":0,"_jetpack_memberships_contains_paywalled_content":false,"_jetpack_memberships_contains_paid_content":false,"footnotes":"","jetpack_publicize_message":"","jetpack_publicize_feature_enabled":true,"jetpack_social_post_already_shared":false,"jetpack_social_options":{"image_generator_settings":{"template":"highway","default_image_id":0,"font":"","enabled":false},"version":2}},"categories":[14],"tags":[36,35,54],"class_list":["post-51395","post","type-post","status-publish","format-standard","has-post-thumbnail","hentry","category-cultura","tag-algarve","tag-cultura","tag-tavira"],"yoast_head":"<!-- This site is optimized with the Yoast SEO plugin v27.5 - https:\/\/yoast.com\/product\/yoast-seo-wordpress\/ -->\n<title>ArtExhibition promete uma celebra\u00e7\u00e3o multidisciplinar da arte contempor\u00e2nea em pleno cora\u00e7\u00e3o hist\u00f3rico de Tavira\u00a0 - Algarve 7<\/title>\n<meta name=\"description\" content=\"ArtExhibition promete uma celebra\u00e7\u00e3o multidisciplinar da arte contempor\u00e2nea em pleno cora\u00e7\u00e3o hist\u00f3rico de Tavira\u00a0 Cultura\" \/>\n<meta name=\"robots\" content=\"index, follow, max-snippet:-1, max-image-preview:large, max-video-preview:-1\" \/>\n<link rel=\"canonical\" href=\"https:\/\/algarve7.pt\/index.php\/2025\/06\/artexhibition-promete-uma-celebracao-multidisciplinar-da-arte-contemporanea-em-pleno-coracao-historico-de-tavira\/cultura\/10\/05\/\" \/>\n<meta property=\"og:locale\" content=\"pt_PT\" \/>\n<meta property=\"og:type\" content=\"article\" \/>\n<meta property=\"og:title\" content=\"ArtExhibition promete uma celebra\u00e7\u00e3o multidisciplinar da arte contempor\u00e2nea em pleno cora\u00e7\u00e3o hist\u00f3rico de Tavira\u00a0 - Algarve 7\" \/>\n<meta property=\"og:description\" content=\"ArtExhibition promete uma celebra\u00e7\u00e3o multidisciplinar da arte contempor\u00e2nea em pleno cora\u00e7\u00e3o hist\u00f3rico de Tavira\u00a0 Cultura\" \/>\n<meta property=\"og:url\" content=\"https:\/\/algarve7.pt\/index.php\/2025\/06\/artexhibition-promete-uma-celebracao-multidisciplinar-da-arte-contemporanea-em-pleno-coracao-historico-de-tavira\/cultura\/10\/05\/\" \/>\n<meta property=\"og:site_name\" content=\"Algarve 7\" \/>\n<meta property=\"article:publisher\" content=\"https:\/\/www.facebook.com\/algarve7\" \/>\n<meta property=\"article:author\" content=\"https:\/\/www.facebook.com\/algarve7\" \/>\n<meta property=\"article:published_time\" content=\"2025-06-10T09:05:00+00:00\" \/>\n<meta property=\"og:image\" content=\"https:\/\/algarve7.pt\/wp-content\/uploads\/2025\/06\/Captura-de-ecra-2025-06-09-as-18.33.47.png\" \/>\n\t<meta property=\"og:image:width\" content=\"800\" \/>\n\t<meta property=\"og:image:height\" content=\"500\" \/>\n\t<meta property=\"og:image:type\" content=\"image\/png\" \/>\n<meta name=\"author\" content=\"Algarve 7\" \/>\n<meta name=\"twitter:card\" content=\"summary_large_image\" \/>\n<meta name=\"twitter:creator\" content=\"@Algarvesete\" \/>\n<meta name=\"twitter:site\" content=\"@Algarvesete\" \/>\n<meta name=\"twitter:label1\" content=\"Escrito por\" \/>\n\t<meta name=\"twitter:data1\" content=\"Algarve 7\" \/>\n\t<meta name=\"twitter:label2\" content=\"Tempo estimado de leitura\" \/>\n\t<meta name=\"twitter:data2\" content=\"2 minutos\" \/>\n<script type=\"application\/ld+json\" class=\"yoast-schema-graph\">{\"@context\":\"https:\\\/\\\/schema.org\",\"@graph\":[{\"@type\":\"Article\",\"@id\":\"https:\\\/\\\/algarve7.pt\\\/index.php\\\/2025\\\/06\\\/artexhibition-promete-uma-celebracao-multidisciplinar-da-arte-contemporanea-em-pleno-coracao-historico-de-tavira\\\/cultura\\\/10\\\/05\\\/#article\",\"isPartOf\":{\"@id\":\"https:\\\/\\\/algarve7.pt\\\/index.php\\\/2025\\\/06\\\/artexhibition-promete-uma-celebracao-multidisciplinar-da-arte-contemporanea-em-pleno-coracao-historico-de-tavira\\\/cultura\\\/10\\\/05\\\/\"},\"author\":{\"name\":\"Algarve 7\",\"@id\":\"https:\\\/\\\/algarve7.pt\\\/#\\\/schema\\\/person\\\/23fa70681308e7b319a3204bcea45e0c\"},\"headline\":\"ArtExhibition promete uma celebra\u00e7\u00e3o multidisciplinar da arte contempor\u00e2nea em pleno cora\u00e7\u00e3o hist\u00f3rico de Tavira\u00a0\",\"datePublished\":\"2025-06-10T09:05:00+00:00\",\"mainEntityOfPage\":{\"@id\":\"https:\\\/\\\/algarve7.pt\\\/index.php\\\/2025\\\/06\\\/artexhibition-promete-uma-celebracao-multidisciplinar-da-arte-contemporanea-em-pleno-coracao-historico-de-tavira\\\/cultura\\\/10\\\/05\\\/\"},\"wordCount\":314,\"publisher\":{\"@id\":\"https:\\\/\\\/algarve7.pt\\\/#organization\"},\"image\":{\"@id\":\"https:\\\/\\\/algarve7.pt\\\/index.php\\\/2025\\\/06\\\/artexhibition-promete-uma-celebracao-multidisciplinar-da-arte-contemporanea-em-pleno-coracao-historico-de-tavira\\\/cultura\\\/10\\\/05\\\/#primaryimage\"},\"thumbnailUrl\":\"https:\\\/\\\/algarve7.pt\\\/wp-content\\\/uploads\\\/2025\\\/06\\\/Captura-de-ecra-2025-06-09-as-18.33.47.png\",\"keywords\":[\"Algarve\",\"Cultura\",\"Tavira\"],\"articleSection\":[\"Cultura\"],\"inLanguage\":\"pt-PT\"},{\"@type\":\"WebPage\",\"@id\":\"https:\\\/\\\/algarve7.pt\\\/index.php\\\/2025\\\/06\\\/artexhibition-promete-uma-celebracao-multidisciplinar-da-arte-contemporanea-em-pleno-coracao-historico-de-tavira\\\/cultura\\\/10\\\/05\\\/\",\"url\":\"https:\\\/\\\/algarve7.pt\\\/index.php\\\/2025\\\/06\\\/artexhibition-promete-uma-celebracao-multidisciplinar-da-arte-contemporanea-em-pleno-coracao-historico-de-tavira\\\/cultura\\\/10\\\/05\\\/\",\"name\":\"ArtExhibition promete uma celebra\u00e7\u00e3o multidisciplinar da arte contempor\u00e2nea em pleno cora\u00e7\u00e3o hist\u00f3rico de Tavira\u00a0 - Algarve 7\",\"isPartOf\":{\"@id\":\"https:\\\/\\\/algarve7.pt\\\/#website\"},\"primaryImageOfPage\":{\"@id\":\"https:\\\/\\\/algarve7.pt\\\/index.php\\\/2025\\\/06\\\/artexhibition-promete-uma-celebracao-multidisciplinar-da-arte-contemporanea-em-pleno-coracao-historico-de-tavira\\\/cultura\\\/10\\\/05\\\/#primaryimage\"},\"image\":{\"@id\":\"https:\\\/\\\/algarve7.pt\\\/index.php\\\/2025\\\/06\\\/artexhibition-promete-uma-celebracao-multidisciplinar-da-arte-contemporanea-em-pleno-coracao-historico-de-tavira\\\/cultura\\\/10\\\/05\\\/#primaryimage\"},\"thumbnailUrl\":\"https:\\\/\\\/algarve7.pt\\\/wp-content\\\/uploads\\\/2025\\\/06\\\/Captura-de-ecra-2025-06-09-as-18.33.47.png\",\"datePublished\":\"2025-06-10T09:05:00+00:00\",\"description\":\"ArtExhibition promete uma celebra\u00e7\u00e3o multidisciplinar da arte contempor\u00e2nea em pleno cora\u00e7\u00e3o hist\u00f3rico de Tavira\u00a0 Cultura\",\"breadcrumb\":{\"@id\":\"https:\\\/\\\/algarve7.pt\\\/index.php\\\/2025\\\/06\\\/artexhibition-promete-uma-celebracao-multidisciplinar-da-arte-contemporanea-em-pleno-coracao-historico-de-tavira\\\/cultura\\\/10\\\/05\\\/#breadcrumb\"},\"inLanguage\":\"pt-PT\",\"potentialAction\":[{\"@type\":\"ReadAction\",\"target\":[\"https:\\\/\\\/algarve7.pt\\\/index.php\\\/2025\\\/06\\\/artexhibition-promete-uma-celebracao-multidisciplinar-da-arte-contemporanea-em-pleno-coracao-historico-de-tavira\\\/cultura\\\/10\\\/05\\\/\"]}]},{\"@type\":\"ImageObject\",\"inLanguage\":\"pt-PT\",\"@id\":\"https:\\\/\\\/algarve7.pt\\\/index.php\\\/2025\\\/06\\\/artexhibition-promete-uma-celebracao-multidisciplinar-da-arte-contemporanea-em-pleno-coracao-historico-de-tavira\\\/cultura\\\/10\\\/05\\\/#primaryimage\",\"url\":\"https:\\\/\\\/algarve7.pt\\\/wp-content\\\/uploads\\\/2025\\\/06\\\/Captura-de-ecra-2025-06-09-as-18.33.47.png\",\"contentUrl\":\"https:\\\/\\\/algarve7.pt\\\/wp-content\\\/uploads\\\/2025\\\/06\\\/Captura-de-ecra-2025-06-09-as-18.33.47.png\",\"width\":800,\"height\":500},{\"@type\":\"BreadcrumbList\",\"@id\":\"https:\\\/\\\/algarve7.pt\\\/index.php\\\/2025\\\/06\\\/artexhibition-promete-uma-celebracao-multidisciplinar-da-arte-contemporanea-em-pleno-coracao-historico-de-tavira\\\/cultura\\\/10\\\/05\\\/#breadcrumb\",\"itemListElement\":[{\"@type\":\"ListItem\",\"position\":1,\"name\":\"In\u00edcio\",\"item\":\"https:\\\/\\\/algarve7.pt\\\/\"},{\"@type\":\"ListItem\",\"position\":2,\"name\":\"ArtExhibition promete uma celebra\u00e7\u00e3o multidisciplinar da arte contempor\u00e2nea em pleno cora\u00e7\u00e3o hist\u00f3rico de Tavira\u00a0\"}]},{\"@type\":\"WebSite\",\"@id\":\"https:\\\/\\\/algarve7.pt\\\/#website\",\"url\":\"https:\\\/\\\/algarve7.pt\\\/\",\"name\":\"Algarve 7\",\"description\":\"Informa\u00e7\u00e3o sobre o Algarve\",\"publisher\":{\"@id\":\"https:\\\/\\\/algarve7.pt\\\/#organization\"},\"potentialAction\":[{\"@type\":\"SearchAction\",\"target\":{\"@type\":\"EntryPoint\",\"urlTemplate\":\"https:\\\/\\\/algarve7.pt\\\/?s={search_term_string}\"},\"query-input\":{\"@type\":\"PropertyValueSpecification\",\"valueRequired\":true,\"valueName\":\"search_term_string\"}}],\"inLanguage\":\"pt-PT\"},{\"@type\":\"Organization\",\"@id\":\"https:\\\/\\\/algarve7.pt\\\/#organization\",\"name\":\"Algarve 7\",\"url\":\"https:\\\/\\\/algarve7.pt\\\/\",\"logo\":{\"@type\":\"ImageObject\",\"inLanguage\":\"pt-PT\",\"@id\":\"https:\\\/\\\/algarve7.pt\\\/#\\\/schema\\\/logo\\\/image\\\/\",\"url\":\"https:\\\/\\\/algarve7.pt\\\/wp-content\\\/uploads\\\/2020\\\/10\\\/Logo-8.jpg\",\"contentUrl\":\"https:\\\/\\\/algarve7.pt\\\/wp-content\\\/uploads\\\/2020\\\/10\\\/Logo-8.jpg\",\"width\":1680,\"height\":1186,\"caption\":\"Algarve 7\"},\"image\":{\"@id\":\"https:\\\/\\\/algarve7.pt\\\/#\\\/schema\\\/logo\\\/image\\\/\"},\"sameAs\":[\"https:\\\/\\\/www.facebook.com\\\/algarve7\",\"https:\\\/\\\/x.com\\\/Algarvesete\",\"https:\\\/\\\/www.instagram.com\\\/jornalalgarve7\\\/\",\"https:\\\/\\\/www.linkedin.com\\\/company\\\/algarve7\",\"https:\\\/\\\/www.pinterest.pt\\\/geral0939\\\/_created\\\/\"]},{\"@type\":\"Person\",\"@id\":\"https:\\\/\\\/algarve7.pt\\\/#\\\/schema\\\/person\\\/23fa70681308e7b319a3204bcea45e0c\",\"name\":\"Algarve 7\",\"sameAs\":[\"https:\\\/\\\/algarve7.pt\",\"https:\\\/\\\/www.facebook.com\\\/algarve7\"],\"url\":\"https:\\\/\\\/algarve7.pt\\\/index.php\\\/author\\\/geralalgarve7-pt\\\/\"}]}<\/script>\n<!-- \/ Yoast SEO plugin. -->","yoast_head_json":{"title":"ArtExhibition promete uma celebra\u00e7\u00e3o multidisciplinar da arte contempor\u00e2nea em pleno cora\u00e7\u00e3o hist\u00f3rico de Tavira\u00a0 - Algarve 7","description":"ArtExhibition promete uma celebra\u00e7\u00e3o multidisciplinar da arte contempor\u00e2nea em pleno cora\u00e7\u00e3o hist\u00f3rico de Tavira\u00a0 Cultura","robots":{"index":"index","follow":"follow","max-snippet":"max-snippet:-1","max-image-preview":"max-image-preview:large","max-video-preview":"max-video-preview:-1"},"canonical":"https:\/\/algarve7.pt\/index.php\/2025\/06\/artexhibition-promete-uma-celebracao-multidisciplinar-da-arte-contemporanea-em-pleno-coracao-historico-de-tavira\/cultura\/10\/05\/","og_locale":"pt_PT","og_type":"article","og_title":"ArtExhibition promete uma celebra\u00e7\u00e3o multidisciplinar da arte contempor\u00e2nea em pleno cora\u00e7\u00e3o hist\u00f3rico de Tavira\u00a0 - Algarve 7","og_description":"ArtExhibition promete uma celebra\u00e7\u00e3o multidisciplinar da arte contempor\u00e2nea em pleno cora\u00e7\u00e3o hist\u00f3rico de Tavira\u00a0 Cultura","og_url":"https:\/\/algarve7.pt\/index.php\/2025\/06\/artexhibition-promete-uma-celebracao-multidisciplinar-da-arte-contemporanea-em-pleno-coracao-historico-de-tavira\/cultura\/10\/05\/","og_site_name":"Algarve 7","article_publisher":"https:\/\/www.facebook.com\/algarve7","article_author":"https:\/\/www.facebook.com\/algarve7","article_published_time":"2025-06-10T09:05:00+00:00","og_image":[{"width":800,"height":500,"url":"https:\/\/algarve7.pt\/wp-content\/uploads\/2025\/06\/Captura-de-ecra-2025-06-09-as-18.33.47.png","type":"image\/png"}],"author":"Algarve 7","twitter_card":"summary_large_image","twitter_creator":"@Algarvesete","twitter_site":"@Algarvesete","twitter_misc":{"Escrito por":"Algarve 7","Tempo estimado de leitura":"2 minutos"},"schema":{"@context":"https:\/\/schema.org","@graph":[{"@type":"Article","@id":"https:\/\/algarve7.pt\/index.php\/2025\/06\/artexhibition-promete-uma-celebracao-multidisciplinar-da-arte-contemporanea-em-pleno-coracao-historico-de-tavira\/cultura\/10\/05\/#article","isPartOf":{"@id":"https:\/\/algarve7.pt\/index.php\/2025\/06\/artexhibition-promete-uma-celebracao-multidisciplinar-da-arte-contemporanea-em-pleno-coracao-historico-de-tavira\/cultura\/10\/05\/"},"author":{"name":"Algarve 7","@id":"https:\/\/algarve7.pt\/#\/schema\/person\/23fa70681308e7b319a3204bcea45e0c"},"headline":"ArtExhibition promete uma celebra\u00e7\u00e3o multidisciplinar da arte contempor\u00e2nea em pleno cora\u00e7\u00e3o hist\u00f3rico de Tavira\u00a0","datePublished":"2025-06-10T09:05:00+00:00","mainEntityOfPage":{"@id":"https:\/\/algarve7.pt\/index.php\/2025\/06\/artexhibition-promete-uma-celebracao-multidisciplinar-da-arte-contemporanea-em-pleno-coracao-historico-de-tavira\/cultura\/10\/05\/"},"wordCount":314,"publisher":{"@id":"https:\/\/algarve7.pt\/#organization"},"image":{"@id":"https:\/\/algarve7.pt\/index.php\/2025\/06\/artexhibition-promete-uma-celebracao-multidisciplinar-da-arte-contemporanea-em-pleno-coracao-historico-de-tavira\/cultura\/10\/05\/#primaryimage"},"thumbnailUrl":"https:\/\/algarve7.pt\/wp-content\/uploads\/2025\/06\/Captura-de-ecra-2025-06-09-as-18.33.47.png","keywords":["Algarve","Cultura","Tavira"],"articleSection":["Cultura"],"inLanguage":"pt-PT"},{"@type":"WebPage","@id":"https:\/\/algarve7.pt\/index.php\/2025\/06\/artexhibition-promete-uma-celebracao-multidisciplinar-da-arte-contemporanea-em-pleno-coracao-historico-de-tavira\/cultura\/10\/05\/","url":"https:\/\/algarve7.pt\/index.php\/2025\/06\/artexhibition-promete-uma-celebracao-multidisciplinar-da-arte-contemporanea-em-pleno-coracao-historico-de-tavira\/cultura\/10\/05\/","name":"ArtExhibition promete uma celebra\u00e7\u00e3o multidisciplinar da arte contempor\u00e2nea em pleno cora\u00e7\u00e3o hist\u00f3rico de Tavira\u00a0 - Algarve 7","isPartOf":{"@id":"https:\/\/algarve7.pt\/#website"},"primaryImageOfPage":{"@id":"https:\/\/algarve7.pt\/index.php\/2025\/06\/artexhibition-promete-uma-celebracao-multidisciplinar-da-arte-contemporanea-em-pleno-coracao-historico-de-tavira\/cultura\/10\/05\/#primaryimage"},"image":{"@id":"https:\/\/algarve7.pt\/index.php\/2025\/06\/artexhibition-promete-uma-celebracao-multidisciplinar-da-arte-contemporanea-em-pleno-coracao-historico-de-tavira\/cultura\/10\/05\/#primaryimage"},"thumbnailUrl":"https:\/\/algarve7.pt\/wp-content\/uploads\/2025\/06\/Captura-de-ecra-2025-06-09-as-18.33.47.png","datePublished":"2025-06-10T09:05:00+00:00","description":"ArtExhibition promete uma celebra\u00e7\u00e3o multidisciplinar da arte contempor\u00e2nea em pleno cora\u00e7\u00e3o hist\u00f3rico de Tavira\u00a0 Cultura","breadcrumb":{"@id":"https:\/\/algarve7.pt\/index.php\/2025\/06\/artexhibition-promete-uma-celebracao-multidisciplinar-da-arte-contemporanea-em-pleno-coracao-historico-de-tavira\/cultura\/10\/05\/#breadcrumb"},"inLanguage":"pt-PT","potentialAction":[{"@type":"ReadAction","target":["https:\/\/algarve7.pt\/index.php\/2025\/06\/artexhibition-promete-uma-celebracao-multidisciplinar-da-arte-contemporanea-em-pleno-coracao-historico-de-tavira\/cultura\/10\/05\/"]}]},{"@type":"ImageObject","inLanguage":"pt-PT","@id":"https:\/\/algarve7.pt\/index.php\/2025\/06\/artexhibition-promete-uma-celebracao-multidisciplinar-da-arte-contemporanea-em-pleno-coracao-historico-de-tavira\/cultura\/10\/05\/#primaryimage","url":"https:\/\/algarve7.pt\/wp-content\/uploads\/2025\/06\/Captura-de-ecra-2025-06-09-as-18.33.47.png","contentUrl":"https:\/\/algarve7.pt\/wp-content\/uploads\/2025\/06\/Captura-de-ecra-2025-06-09-as-18.33.47.png","width":800,"height":500},{"@type":"BreadcrumbList","@id":"https:\/\/algarve7.pt\/index.php\/2025\/06\/artexhibition-promete-uma-celebracao-multidisciplinar-da-arte-contemporanea-em-pleno-coracao-historico-de-tavira\/cultura\/10\/05\/#breadcrumb","itemListElement":[{"@type":"ListItem","position":1,"name":"In\u00edcio","item":"https:\/\/algarve7.pt\/"},{"@type":"ListItem","position":2,"name":"ArtExhibition promete uma celebra\u00e7\u00e3o multidisciplinar da arte contempor\u00e2nea em pleno cora\u00e7\u00e3o hist\u00f3rico de Tavira\u00a0"}]},{"@type":"WebSite","@id":"https:\/\/algarve7.pt\/#website","url":"https:\/\/algarve7.pt\/","name":"Algarve 7","description":"Informa\u00e7\u00e3o sobre o Algarve","publisher":{"@id":"https:\/\/algarve7.pt\/#organization"},"potentialAction":[{"@type":"SearchAction","target":{"@type":"EntryPoint","urlTemplate":"https:\/\/algarve7.pt\/?s={search_term_string}"},"query-input":{"@type":"PropertyValueSpecification","valueRequired":true,"valueName":"search_term_string"}}],"inLanguage":"pt-PT"},{"@type":"Organization","@id":"https:\/\/algarve7.pt\/#organization","name":"Algarve 7","url":"https:\/\/algarve7.pt\/","logo":{"@type":"ImageObject","inLanguage":"pt-PT","@id":"https:\/\/algarve7.pt\/#\/schema\/logo\/image\/","url":"https:\/\/algarve7.pt\/wp-content\/uploads\/2020\/10\/Logo-8.jpg","contentUrl":"https:\/\/algarve7.pt\/wp-content\/uploads\/2020\/10\/Logo-8.jpg","width":1680,"height":1186,"caption":"Algarve 7"},"image":{"@id":"https:\/\/algarve7.pt\/#\/schema\/logo\/image\/"},"sameAs":["https:\/\/www.facebook.com\/algarve7","https:\/\/x.com\/Algarvesete","https:\/\/www.instagram.com\/jornalalgarve7\/","https:\/\/www.linkedin.com\/company\/algarve7","https:\/\/www.pinterest.pt\/geral0939\/_created\/"]},{"@type":"Person","@id":"https:\/\/algarve7.pt\/#\/schema\/person\/23fa70681308e7b319a3204bcea45e0c","name":"Algarve 7","sameAs":["https:\/\/algarve7.pt","https:\/\/www.facebook.com\/algarve7"],"url":"https:\/\/algarve7.pt\/index.php\/author\/geralalgarve7-pt\/"}]}},"jetpack_publicize_connections":[],"jetpack_featured_media_url":"https:\/\/algarve7.pt\/wp-content\/uploads\/2025\/06\/Captura-de-ecra-2025-06-09-as-18.33.47.png","jetpack_shortlink":"https:\/\/wp.me\/pcezmW-dmX","jetpack_sharing_enabled":true,"_links":{"self":[{"href":"https:\/\/algarve7.pt\/index.php\/wp-json\/wp\/v2\/posts\/51395","targetHints":{"allow":["GET"]}}],"collection":[{"href":"https:\/\/algarve7.pt\/index.php\/wp-json\/wp\/v2\/posts"}],"about":[{"href":"https:\/\/algarve7.pt\/index.php\/wp-json\/wp\/v2\/types\/post"}],"author":[{"embeddable":true,"href":"https:\/\/algarve7.pt\/index.php\/wp-json\/wp\/v2\/users\/1"}],"replies":[{"embeddable":true,"href":"https:\/\/algarve7.pt\/index.php\/wp-json\/wp\/v2\/comments?post=51395"}],"version-history":[{"count":0,"href":"https:\/\/algarve7.pt\/index.php\/wp-json\/wp\/v2\/posts\/51395\/revisions"}],"wp:featuredmedia":[{"embeddable":true,"href":"https:\/\/algarve7.pt\/index.php\/wp-json\/wp\/v2\/media\/51396"}],"wp:attachment":[{"href":"https:\/\/algarve7.pt\/index.php\/wp-json\/wp\/v2\/media?parent=51395"}],"wp:term":[{"taxonomy":"category","embeddable":true,"href":"https:\/\/algarve7.pt\/index.php\/wp-json\/wp\/v2\/categories?post=51395"},{"taxonomy":"post_tag","embeddable":true,"href":"https:\/\/algarve7.pt\/index.php\/wp-json\/wp\/v2\/tags?post=51395"}],"curies":[{"name":"wp","href":"https:\/\/api.w.org\/{rel}","templated":true}]}}