{"id":51368,"date":"2025-06-10T08:20:00","date_gmt":"2025-06-10T07:20:00","guid":{"rendered":"https:\/\/algarve7.pt\/?p=51368"},"modified":"2025-06-09T17:50:00","modified_gmt":"2025-06-09T16:50:00","slug":"guia-recebe-produtores-de-malaguetas-de-todo-o-pais-para-o-ii-festival-do-piri-piri","status":"publish","type":"post","link":"https:\/\/algarve7.pt\/index.php\/2025\/06\/guia-recebe-produtores-de-malaguetas-de-todo-o-pais-para-o-ii-festival-do-piri-piri\/atualidade\/08\/20\/","title":{"rendered":"Guia recebe produtores de malaguetas de todo o pa\u00eds para o II Festival do piri-piri"},"content":{"rendered":"\n<p>Foi apresentado no passado dia 6, sexta-feira, o programa do II Festival do Piri-Piri, a ter lugar nos dias 11, 12 e 13 de julho, no Jardim dos Sentidos (junto \u00e0 Escola E.B. 1, 2, 3 da Guia). A edi\u00e7\u00e3o deste ano conta mais produtores de malaguetas, perfazendo um total de 20, ao passo que na edi\u00e7\u00e3o do ano passado contou com 16. Os stands de produtores de molhos contar\u00e3o tamb\u00e9m com a participa\u00e7\u00e3o de produtores estrangeiros. Trata-se de uma organiza\u00e7\u00e3o do Munic\u00edpio de Albufeira com a colabora\u00e7\u00e3o do chef Nuno Bergonse.&nbsp;&nbsp;<\/p>\n\n\n\n<p>Jos\u00e9 Carlos Rolo diz estar confiante de que se trata de \u201cum evento em rota de ascens\u00e3o, e isso v\u00ea-se pelo interesse que j\u00e1 despertou nos produtores nacionais e estrangeiros, na medida em que \u00e9 o \u00fanico do pa\u00eds a dar esta import\u00e2ncia a um produto hort\u00edcola t\u00e3o apreciado entre n\u00f3s, como \u00e9 o caso do frango piri-piri da Guia. E isto alia-se a um bom ambiente, em tom de brincadeira e de anima\u00e7\u00e3o familiar, que contempla todo um universo no \u00e2mbito do picante\u201d, referiu. O autarca n\u00e3o falhou a primeira edi\u00e7\u00e3o e diz ter \u201cboas expectativas quanto aos corajosos deste ano que se atreverem a entrar nos concursos ou a provarem os diversos e bem condimentados produtos que ser\u00e3o a base do Festival\u201d.&nbsp;<\/p>\n\n\n\n<p>Haver\u00e1 malaguetas de diferentes intensidades de picante, formas e cores, embora o destaque seja a pimenta-malagueta portuguesa, a par de outras variedades, como Jalape\u00f1o, Habanero, Cayena e Thai. Com estas variedades nascem produtos diferenciados no \u00e2mbito dos chocolates, molhos, geleias, carnes e outros produtos confecionados.<\/p>\n\n\n\n<p>A \u201cfesta do picante\u201d contempla ainda anima\u00e7\u00e3o para diversas faixas et\u00e1rias, nomeadamente uma zona ambiental para crian\u00e7as com diversas atividades, ao passo que os adultos e seniores ter\u00e3o um vasto programa de escolha: Jogos tradicionais, v\u00e1rias bandas de diferentes estilos musicais, n\u00e3o s\u00f3 em palco mas tamb\u00e9m a animar diferentes espa\u00e7os do festival ao longo do dia com interven\u00e7\u00f5es mais curtas, e ainda um concurso de comedores de malaguetas.&nbsp;<\/p>\n\n\n\n<p>Mister Chilli \u00e9 a mascote que andar\u00e1 no recinto a desafiar os visitantes a comer malaguetas, enquanto uma cuspidora de fogo atuar\u00e1 diversas vezes ao longo do festival e uma tatuadora estar\u00e1 permanentemente aberta a desenhar malaguetas ou outros motivos na pele de quem quiser inscrever no corpo este evento.<\/p>\n\n\n\n<p>Os artes\u00e3os locais do Centro Educativo do Cerro do Ouro v\u00e3o estar presentes a promover algumas das tradi\u00e7\u00f5es culturais de Albufeira, assim como um grafitter a pintar em tempo real obras art\u00edsticas urbanas e ainda a atua\u00e7\u00e3o do Grupo de Gin\u00e1stica Acro Al-buhera. Destaque ainda para Michele Cascais, com uma atua\u00e7\u00e3o de stand-up comedy \u201cpicante\u201d!<\/p>\n\n\n\n<p>No Jardim dos Sentidos haver\u00e1 uma \u201cvending machine\u201d de molhos picantes, uma banca de venda de merchandising alusivo ao Festival Piri-Piri e um expositor de variedades de malaguetas do mundo inteiro, para al\u00e9m de uma estufa com plantas e de um outro expositor com dezenas de variedades de malaguetas e curiosidades inerentes a cada uma.&nbsp;<\/p>\n\n\n\n<p>O picante convida a beber, pelo que todos os copos do recinto ser\u00e3o personalizados e reutiliz\u00e1veis de forma a promover a sustentabilidade ambiental. Uma das novidades \u00e9 uma cerveja \u00fanica com piri-piri que vai nascer nesta edi\u00e7\u00e3o, embora a Marafada (do Algarve) seja a cerveja oficial e exclusiva do evento.&nbsp;<\/p>\n\n\n\n<p>Convidada para esta edi\u00e7\u00e3o est\u00e1 Cristiana Jesus, uma&nbsp;<em>influencer&nbsp;<\/em>digital residente em Albufeira com mais de 545 mil seguidores, que a par e passo dar\u00e1 conta do ambiente vivido no Jardim dos Sentidos.<\/p>\n\n\n\n<p>No final do Festival haver\u00e1 o sorteio de um cabaz completo de produtos tem\u00e1ticos expostos nos stands. A entrada \u00e9 livre.<\/p>\n","protected":false},"excerpt":{"rendered":"<p>Foi apresentado no passado dia 6, sexta-feira, o programa do II Festival do Piri-Piri, a ter lugar nos dias 11,<\/p>\n","protected":false},"author":1,"featured_media":51369,"comment_status":"closed","ping_status":"closed","sticky":false,"template":"","format":"standard","meta":{"colormag_page_container_layout":"default_layout","colormag_page_sidebar_layout":"default_layout","_monsterinsights_skip_tracking":false,"_monsterinsights_sitenote_active":false,"_monsterinsights_sitenote_note":"","_monsterinsights_sitenote_category":0,"jetpack_post_was_ever_published":false,"_jetpack_newsletter_access":"","_jetpack_dont_email_post_to_subs":false,"_jetpack_newsletter_tier_id":0,"_jetpack_memberships_contains_paywalled_content":false,"_jetpack_memberships_contains_paid_content":false,"footnotes":"","jetpack_publicize_message":"","jetpack_publicize_feature_enabled":true,"jetpack_social_post_already_shared":false,"jetpack_social_options":{"image_generator_settings":{"template":"highway","default_image_id":0,"font":"","enabled":false},"version":2}},"categories":[11],"tags":[155,36,62,957],"class_list":["post-51368","post","type-post","status-publish","format-standard","has-post-thumbnail","hentry","category-atualidade","tag-albufeira","tag-algarve","tag-atualidade","tag-guia"],"yoast_head":"<!-- This site is optimized with the Yoast SEO plugin v27.5 - https:\/\/yoast.com\/product\/yoast-seo-wordpress\/ -->\n<title>Guia recebe produtores de malaguetas de todo o pa\u00eds para o II Festival do piri-piri - Algarve 7<\/title>\n<meta name=\"description\" content=\"Guia recebe produtores de malaguetas de todo o pa\u00eds para o II Festival do piri-piri Atualidade\" \/>\n<meta name=\"robots\" content=\"index, follow, max-snippet:-1, max-image-preview:large, max-video-preview:-1\" \/>\n<link rel=\"canonical\" href=\"https:\/\/algarve7.pt\/index.php\/2025\/06\/guia-recebe-produtores-de-malaguetas-de-todo-o-pais-para-o-ii-festival-do-piri-piri\/atualidade\/08\/20\/\" \/>\n<meta property=\"og:locale\" content=\"pt_PT\" \/>\n<meta property=\"og:type\" content=\"article\" \/>\n<meta property=\"og:title\" content=\"Guia recebe produtores de malaguetas de todo o pa\u00eds para o II Festival do piri-piri - Algarve 7\" \/>\n<meta property=\"og:description\" content=\"Guia recebe produtores de malaguetas de todo o pa\u00eds para o II Festival do piri-piri Atualidade\" \/>\n<meta property=\"og:url\" content=\"https:\/\/algarve7.pt\/index.php\/2025\/06\/guia-recebe-produtores-de-malaguetas-de-todo-o-pais-para-o-ii-festival-do-piri-piri\/atualidade\/08\/20\/\" \/>\n<meta property=\"og:site_name\" content=\"Algarve 7\" \/>\n<meta property=\"article:publisher\" content=\"https:\/\/www.facebook.com\/algarve7\" \/>\n<meta property=\"article:author\" content=\"https:\/\/www.facebook.com\/algarve7\" \/>\n<meta property=\"article:published_time\" content=\"2025-06-10T07:20:00+00:00\" \/>\n<meta property=\"og:image\" content=\"https:\/\/algarve7.pt\/wp-content\/uploads\/2025\/06\/Imagem-Festival-Piri-Piri.jpg\" \/>\n\t<meta property=\"og:image:width\" content=\"820\" \/>\n\t<meta property=\"og:image:height\" content=\"500\" \/>\n\t<meta property=\"og:image:type\" content=\"image\/jpeg\" \/>\n<meta name=\"author\" content=\"Algarve 7\" \/>\n<meta name=\"twitter:card\" content=\"summary_large_image\" \/>\n<meta name=\"twitter:creator\" content=\"@Algarvesete\" \/>\n<meta name=\"twitter:site\" content=\"@Algarvesete\" \/>\n<meta name=\"twitter:label1\" content=\"Escrito por\" \/>\n\t<meta name=\"twitter:data1\" content=\"Algarve 7\" \/>\n\t<meta name=\"twitter:label2\" content=\"Tempo estimado de leitura\" \/>\n\t<meta name=\"twitter:data2\" content=\"4 minutos\" \/>\n<script type=\"application\/ld+json\" class=\"yoast-schema-graph\">{\"@context\":\"https:\\\/\\\/schema.org\",\"@graph\":[{\"@type\":\"Article\",\"@id\":\"https:\\\/\\\/algarve7.pt\\\/index.php\\\/2025\\\/06\\\/guia-recebe-produtores-de-malaguetas-de-todo-o-pais-para-o-ii-festival-do-piri-piri\\\/atualidade\\\/08\\\/20\\\/#article\",\"isPartOf\":{\"@id\":\"https:\\\/\\\/algarve7.pt\\\/index.php\\\/2025\\\/06\\\/guia-recebe-produtores-de-malaguetas-de-todo-o-pais-para-o-ii-festival-do-piri-piri\\\/atualidade\\\/08\\\/20\\\/\"},\"author\":{\"name\":\"Algarve 7\",\"@id\":\"https:\\\/\\\/algarve7.pt\\\/#\\\/schema\\\/person\\\/23fa70681308e7b319a3204bcea45e0c\"},\"headline\":\"Guia recebe produtores de malaguetas de todo o pa\u00eds para o II Festival do piri-piri\",\"datePublished\":\"2025-06-10T07:20:00+00:00\",\"mainEntityOfPage\":{\"@id\":\"https:\\\/\\\/algarve7.pt\\\/index.php\\\/2025\\\/06\\\/guia-recebe-produtores-de-malaguetas-de-todo-o-pais-para-o-ii-festival-do-piri-piri\\\/atualidade\\\/08\\\/20\\\/\"},\"wordCount\":645,\"publisher\":{\"@id\":\"https:\\\/\\\/algarve7.pt\\\/#organization\"},\"image\":{\"@id\":\"https:\\\/\\\/algarve7.pt\\\/index.php\\\/2025\\\/06\\\/guia-recebe-produtores-de-malaguetas-de-todo-o-pais-para-o-ii-festival-do-piri-piri\\\/atualidade\\\/08\\\/20\\\/#primaryimage\"},\"thumbnailUrl\":\"https:\\\/\\\/algarve7.pt\\\/wp-content\\\/uploads\\\/2025\\\/06\\\/Imagem-Festival-Piri-Piri.jpg\",\"keywords\":[\"Albufeira\",\"Algarve\",\"Atualidade\",\"Guia\"],\"articleSection\":[\"Atualidade\"],\"inLanguage\":\"pt-PT\"},{\"@type\":\"WebPage\",\"@id\":\"https:\\\/\\\/algarve7.pt\\\/index.php\\\/2025\\\/06\\\/guia-recebe-produtores-de-malaguetas-de-todo-o-pais-para-o-ii-festival-do-piri-piri\\\/atualidade\\\/08\\\/20\\\/\",\"url\":\"https:\\\/\\\/algarve7.pt\\\/index.php\\\/2025\\\/06\\\/guia-recebe-produtores-de-malaguetas-de-todo-o-pais-para-o-ii-festival-do-piri-piri\\\/atualidade\\\/08\\\/20\\\/\",\"name\":\"Guia recebe produtores de malaguetas de todo o pa\u00eds para o II Festival do piri-piri - Algarve 7\",\"isPartOf\":{\"@id\":\"https:\\\/\\\/algarve7.pt\\\/#website\"},\"primaryImageOfPage\":{\"@id\":\"https:\\\/\\\/algarve7.pt\\\/index.php\\\/2025\\\/06\\\/guia-recebe-produtores-de-malaguetas-de-todo-o-pais-para-o-ii-festival-do-piri-piri\\\/atualidade\\\/08\\\/20\\\/#primaryimage\"},\"image\":{\"@id\":\"https:\\\/\\\/algarve7.pt\\\/index.php\\\/2025\\\/06\\\/guia-recebe-produtores-de-malaguetas-de-todo-o-pais-para-o-ii-festival-do-piri-piri\\\/atualidade\\\/08\\\/20\\\/#primaryimage\"},\"thumbnailUrl\":\"https:\\\/\\\/algarve7.pt\\\/wp-content\\\/uploads\\\/2025\\\/06\\\/Imagem-Festival-Piri-Piri.jpg\",\"datePublished\":\"2025-06-10T07:20:00+00:00\",\"description\":\"Guia recebe produtores de malaguetas de todo o pa\u00eds para o II Festival do piri-piri Atualidade\",\"breadcrumb\":{\"@id\":\"https:\\\/\\\/algarve7.pt\\\/index.php\\\/2025\\\/06\\\/guia-recebe-produtores-de-malaguetas-de-todo-o-pais-para-o-ii-festival-do-piri-piri\\\/atualidade\\\/08\\\/20\\\/#breadcrumb\"},\"inLanguage\":\"pt-PT\",\"potentialAction\":[{\"@type\":\"ReadAction\",\"target\":[\"https:\\\/\\\/algarve7.pt\\\/index.php\\\/2025\\\/06\\\/guia-recebe-produtores-de-malaguetas-de-todo-o-pais-para-o-ii-festival-do-piri-piri\\\/atualidade\\\/08\\\/20\\\/\"]}]},{\"@type\":\"ImageObject\",\"inLanguage\":\"pt-PT\",\"@id\":\"https:\\\/\\\/algarve7.pt\\\/index.php\\\/2025\\\/06\\\/guia-recebe-produtores-de-malaguetas-de-todo-o-pais-para-o-ii-festival-do-piri-piri\\\/atualidade\\\/08\\\/20\\\/#primaryimage\",\"url\":\"https:\\\/\\\/algarve7.pt\\\/wp-content\\\/uploads\\\/2025\\\/06\\\/Imagem-Festival-Piri-Piri.jpg\",\"contentUrl\":\"https:\\\/\\\/algarve7.pt\\\/wp-content\\\/uploads\\\/2025\\\/06\\\/Imagem-Festival-Piri-Piri.jpg\",\"width\":820,\"height\":500},{\"@type\":\"BreadcrumbList\",\"@id\":\"https:\\\/\\\/algarve7.pt\\\/index.php\\\/2025\\\/06\\\/guia-recebe-produtores-de-malaguetas-de-todo-o-pais-para-o-ii-festival-do-piri-piri\\\/atualidade\\\/08\\\/20\\\/#breadcrumb\",\"itemListElement\":[{\"@type\":\"ListItem\",\"position\":1,\"name\":\"In\u00edcio\",\"item\":\"https:\\\/\\\/algarve7.pt\\\/\"},{\"@type\":\"ListItem\",\"position\":2,\"name\":\"Guia recebe produtores de malaguetas de todo o pa\u00eds para o II Festival do piri-piri\"}]},{\"@type\":\"WebSite\",\"@id\":\"https:\\\/\\\/algarve7.pt\\\/#website\",\"url\":\"https:\\\/\\\/algarve7.pt\\\/\",\"name\":\"Algarve 7\",\"description\":\"Informa\u00e7\u00e3o sobre o Algarve\",\"publisher\":{\"@id\":\"https:\\\/\\\/algarve7.pt\\\/#organization\"},\"potentialAction\":[{\"@type\":\"SearchAction\",\"target\":{\"@type\":\"EntryPoint\",\"urlTemplate\":\"https:\\\/\\\/algarve7.pt\\\/?s={search_term_string}\"},\"query-input\":{\"@type\":\"PropertyValueSpecification\",\"valueRequired\":true,\"valueName\":\"search_term_string\"}}],\"inLanguage\":\"pt-PT\"},{\"@type\":\"Organization\",\"@id\":\"https:\\\/\\\/algarve7.pt\\\/#organization\",\"name\":\"Algarve 7\",\"url\":\"https:\\\/\\\/algarve7.pt\\\/\",\"logo\":{\"@type\":\"ImageObject\",\"inLanguage\":\"pt-PT\",\"@id\":\"https:\\\/\\\/algarve7.pt\\\/#\\\/schema\\\/logo\\\/image\\\/\",\"url\":\"https:\\\/\\\/algarve7.pt\\\/wp-content\\\/uploads\\\/2020\\\/10\\\/Logo-8.jpg\",\"contentUrl\":\"https:\\\/\\\/algarve7.pt\\\/wp-content\\\/uploads\\\/2020\\\/10\\\/Logo-8.jpg\",\"width\":1680,\"height\":1186,\"caption\":\"Algarve 7\"},\"image\":{\"@id\":\"https:\\\/\\\/algarve7.pt\\\/#\\\/schema\\\/logo\\\/image\\\/\"},\"sameAs\":[\"https:\\\/\\\/www.facebook.com\\\/algarve7\",\"https:\\\/\\\/x.com\\\/Algarvesete\",\"https:\\\/\\\/www.instagram.com\\\/jornalalgarve7\\\/\",\"https:\\\/\\\/www.linkedin.com\\\/company\\\/algarve7\",\"https:\\\/\\\/www.pinterest.pt\\\/geral0939\\\/_created\\\/\"]},{\"@type\":\"Person\",\"@id\":\"https:\\\/\\\/algarve7.pt\\\/#\\\/schema\\\/person\\\/23fa70681308e7b319a3204bcea45e0c\",\"name\":\"Algarve 7\",\"sameAs\":[\"https:\\\/\\\/algarve7.pt\",\"https:\\\/\\\/www.facebook.com\\\/algarve7\"],\"url\":\"https:\\\/\\\/algarve7.pt\\\/index.php\\\/author\\\/geralalgarve7-pt\\\/\"}]}<\/script>\n<!-- \/ Yoast SEO plugin. -->","yoast_head_json":{"title":"Guia recebe produtores de malaguetas de todo o pa\u00eds para o II Festival do piri-piri - Algarve 7","description":"Guia recebe produtores de malaguetas de todo o pa\u00eds para o II Festival do piri-piri Atualidade","robots":{"index":"index","follow":"follow","max-snippet":"max-snippet:-1","max-image-preview":"max-image-preview:large","max-video-preview":"max-video-preview:-1"},"canonical":"https:\/\/algarve7.pt\/index.php\/2025\/06\/guia-recebe-produtores-de-malaguetas-de-todo-o-pais-para-o-ii-festival-do-piri-piri\/atualidade\/08\/20\/","og_locale":"pt_PT","og_type":"article","og_title":"Guia recebe produtores de malaguetas de todo o pa\u00eds para o II Festival do piri-piri - Algarve 7","og_description":"Guia recebe produtores de malaguetas de todo o pa\u00eds para o II Festival do piri-piri Atualidade","og_url":"https:\/\/algarve7.pt\/index.php\/2025\/06\/guia-recebe-produtores-de-malaguetas-de-todo-o-pais-para-o-ii-festival-do-piri-piri\/atualidade\/08\/20\/","og_site_name":"Algarve 7","article_publisher":"https:\/\/www.facebook.com\/algarve7","article_author":"https:\/\/www.facebook.com\/algarve7","article_published_time":"2025-06-10T07:20:00+00:00","og_image":[{"width":820,"height":500,"url":"https:\/\/algarve7.pt\/wp-content\/uploads\/2025\/06\/Imagem-Festival-Piri-Piri.jpg","type":"image\/jpeg"}],"author":"Algarve 7","twitter_card":"summary_large_image","twitter_creator":"@Algarvesete","twitter_site":"@Algarvesete","twitter_misc":{"Escrito por":"Algarve 7","Tempo estimado de leitura":"4 minutos"},"schema":{"@context":"https:\/\/schema.org","@graph":[{"@type":"Article","@id":"https:\/\/algarve7.pt\/index.php\/2025\/06\/guia-recebe-produtores-de-malaguetas-de-todo-o-pais-para-o-ii-festival-do-piri-piri\/atualidade\/08\/20\/#article","isPartOf":{"@id":"https:\/\/algarve7.pt\/index.php\/2025\/06\/guia-recebe-produtores-de-malaguetas-de-todo-o-pais-para-o-ii-festival-do-piri-piri\/atualidade\/08\/20\/"},"author":{"name":"Algarve 7","@id":"https:\/\/algarve7.pt\/#\/schema\/person\/23fa70681308e7b319a3204bcea45e0c"},"headline":"Guia recebe produtores de malaguetas de todo o pa\u00eds para o II Festival do piri-piri","datePublished":"2025-06-10T07:20:00+00:00","mainEntityOfPage":{"@id":"https:\/\/algarve7.pt\/index.php\/2025\/06\/guia-recebe-produtores-de-malaguetas-de-todo-o-pais-para-o-ii-festival-do-piri-piri\/atualidade\/08\/20\/"},"wordCount":645,"publisher":{"@id":"https:\/\/algarve7.pt\/#organization"},"image":{"@id":"https:\/\/algarve7.pt\/index.php\/2025\/06\/guia-recebe-produtores-de-malaguetas-de-todo-o-pais-para-o-ii-festival-do-piri-piri\/atualidade\/08\/20\/#primaryimage"},"thumbnailUrl":"https:\/\/algarve7.pt\/wp-content\/uploads\/2025\/06\/Imagem-Festival-Piri-Piri.jpg","keywords":["Albufeira","Algarve","Atualidade","Guia"],"articleSection":["Atualidade"],"inLanguage":"pt-PT"},{"@type":"WebPage","@id":"https:\/\/algarve7.pt\/index.php\/2025\/06\/guia-recebe-produtores-de-malaguetas-de-todo-o-pais-para-o-ii-festival-do-piri-piri\/atualidade\/08\/20\/","url":"https:\/\/algarve7.pt\/index.php\/2025\/06\/guia-recebe-produtores-de-malaguetas-de-todo-o-pais-para-o-ii-festival-do-piri-piri\/atualidade\/08\/20\/","name":"Guia recebe produtores de malaguetas de todo o pa\u00eds para o II Festival do piri-piri - Algarve 7","isPartOf":{"@id":"https:\/\/algarve7.pt\/#website"},"primaryImageOfPage":{"@id":"https:\/\/algarve7.pt\/index.php\/2025\/06\/guia-recebe-produtores-de-malaguetas-de-todo-o-pais-para-o-ii-festival-do-piri-piri\/atualidade\/08\/20\/#primaryimage"},"image":{"@id":"https:\/\/algarve7.pt\/index.php\/2025\/06\/guia-recebe-produtores-de-malaguetas-de-todo-o-pais-para-o-ii-festival-do-piri-piri\/atualidade\/08\/20\/#primaryimage"},"thumbnailUrl":"https:\/\/algarve7.pt\/wp-content\/uploads\/2025\/06\/Imagem-Festival-Piri-Piri.jpg","datePublished":"2025-06-10T07:20:00+00:00","description":"Guia recebe produtores de malaguetas de todo o pa\u00eds para o II Festival do piri-piri Atualidade","breadcrumb":{"@id":"https:\/\/algarve7.pt\/index.php\/2025\/06\/guia-recebe-produtores-de-malaguetas-de-todo-o-pais-para-o-ii-festival-do-piri-piri\/atualidade\/08\/20\/#breadcrumb"},"inLanguage":"pt-PT","potentialAction":[{"@type":"ReadAction","target":["https:\/\/algarve7.pt\/index.php\/2025\/06\/guia-recebe-produtores-de-malaguetas-de-todo-o-pais-para-o-ii-festival-do-piri-piri\/atualidade\/08\/20\/"]}]},{"@type":"ImageObject","inLanguage":"pt-PT","@id":"https:\/\/algarve7.pt\/index.php\/2025\/06\/guia-recebe-produtores-de-malaguetas-de-todo-o-pais-para-o-ii-festival-do-piri-piri\/atualidade\/08\/20\/#primaryimage","url":"https:\/\/algarve7.pt\/wp-content\/uploads\/2025\/06\/Imagem-Festival-Piri-Piri.jpg","contentUrl":"https:\/\/algarve7.pt\/wp-content\/uploads\/2025\/06\/Imagem-Festival-Piri-Piri.jpg","width":820,"height":500},{"@type":"BreadcrumbList","@id":"https:\/\/algarve7.pt\/index.php\/2025\/06\/guia-recebe-produtores-de-malaguetas-de-todo-o-pais-para-o-ii-festival-do-piri-piri\/atualidade\/08\/20\/#breadcrumb","itemListElement":[{"@type":"ListItem","position":1,"name":"In\u00edcio","item":"https:\/\/algarve7.pt\/"},{"@type":"ListItem","position":2,"name":"Guia recebe produtores de malaguetas de todo o pa\u00eds para o II Festival do piri-piri"}]},{"@type":"WebSite","@id":"https:\/\/algarve7.pt\/#website","url":"https:\/\/algarve7.pt\/","name":"Algarve 7","description":"Informa\u00e7\u00e3o sobre o Algarve","publisher":{"@id":"https:\/\/algarve7.pt\/#organization"},"potentialAction":[{"@type":"SearchAction","target":{"@type":"EntryPoint","urlTemplate":"https:\/\/algarve7.pt\/?s={search_term_string}"},"query-input":{"@type":"PropertyValueSpecification","valueRequired":true,"valueName":"search_term_string"}}],"inLanguage":"pt-PT"},{"@type":"Organization","@id":"https:\/\/algarve7.pt\/#organization","name":"Algarve 7","url":"https:\/\/algarve7.pt\/","logo":{"@type":"ImageObject","inLanguage":"pt-PT","@id":"https:\/\/algarve7.pt\/#\/schema\/logo\/image\/","url":"https:\/\/algarve7.pt\/wp-content\/uploads\/2020\/10\/Logo-8.jpg","contentUrl":"https:\/\/algarve7.pt\/wp-content\/uploads\/2020\/10\/Logo-8.jpg","width":1680,"height":1186,"caption":"Algarve 7"},"image":{"@id":"https:\/\/algarve7.pt\/#\/schema\/logo\/image\/"},"sameAs":["https:\/\/www.facebook.com\/algarve7","https:\/\/x.com\/Algarvesete","https:\/\/www.instagram.com\/jornalalgarve7\/","https:\/\/www.linkedin.com\/company\/algarve7","https:\/\/www.pinterest.pt\/geral0939\/_created\/"]},{"@type":"Person","@id":"https:\/\/algarve7.pt\/#\/schema\/person\/23fa70681308e7b319a3204bcea45e0c","name":"Algarve 7","sameAs":["https:\/\/algarve7.pt","https:\/\/www.facebook.com\/algarve7"],"url":"https:\/\/algarve7.pt\/index.php\/author\/geralalgarve7-pt\/"}]}},"jetpack_publicize_connections":[],"jetpack_featured_media_url":"https:\/\/algarve7.pt\/wp-content\/uploads\/2025\/06\/Imagem-Festival-Piri-Piri.jpg","jetpack_shortlink":"https:\/\/wp.me\/pcezmW-dmw","jetpack_sharing_enabled":true,"_links":{"self":[{"href":"https:\/\/algarve7.pt\/index.php\/wp-json\/wp\/v2\/posts\/51368","targetHints":{"allow":["GET"]}}],"collection":[{"href":"https:\/\/algarve7.pt\/index.php\/wp-json\/wp\/v2\/posts"}],"about":[{"href":"https:\/\/algarve7.pt\/index.php\/wp-json\/wp\/v2\/types\/post"}],"author":[{"embeddable":true,"href":"https:\/\/algarve7.pt\/index.php\/wp-json\/wp\/v2\/users\/1"}],"replies":[{"embeddable":true,"href":"https:\/\/algarve7.pt\/index.php\/wp-json\/wp\/v2\/comments?post=51368"}],"version-history":[{"count":0,"href":"https:\/\/algarve7.pt\/index.php\/wp-json\/wp\/v2\/posts\/51368\/revisions"}],"wp:featuredmedia":[{"embeddable":true,"href":"https:\/\/algarve7.pt\/index.php\/wp-json\/wp\/v2\/media\/51369"}],"wp:attachment":[{"href":"https:\/\/algarve7.pt\/index.php\/wp-json\/wp\/v2\/media?parent=51368"}],"wp:term":[{"taxonomy":"category","embeddable":true,"href":"https:\/\/algarve7.pt\/index.php\/wp-json\/wp\/v2\/categories?post=51368"},{"taxonomy":"post_tag","embeddable":true,"href":"https:\/\/algarve7.pt\/index.php\/wp-json\/wp\/v2\/tags?post=51368"}],"curies":[{"name":"wp","href":"https:\/\/api.w.org\/{rel}","templated":true}]}}