{"id":51350,"date":"2025-06-09T09:46:16","date_gmt":"2025-06-09T08:46:16","guid":{"rendered":"https:\/\/algarve7.pt\/?p=51350"},"modified":"2025-06-09T09:46:18","modified_gmt":"2025-06-09T08:46:18","slug":"workshop-bolas-de-sementes-no-combate-a-desertificacao-parque-municipal-do-sitio-das-fontes-em-lagoa-estombar","status":"publish","type":"post","link":"https:\/\/algarve7.pt\/index.php\/2025\/06\/workshop-bolas-de-sementes-no-combate-a-desertificacao-parque-municipal-do-sitio-das-fontes-em-lagoa-estombar\/ambiente\/09\/46\/","title":{"rendered":"Workshop Bolas de Sementes no combate \u00e0 Desertifica\u00e7\u00e3o Parque Municipal do S\u00edtio das Fontes em Lagoa &#8211; Est\u00f4mbar"},"content":{"rendered":"\n<p>No pr\u00f3ximo dia 21 de junho, o Parque Municipal do S\u00edtio das Fontes, em Est\u00f4mbar, recebe o <strong>Workshop Bolas de Sementes no combate \u00e0 Desertifica\u00e7\u00e3o<\/strong>, com Ivo Rosa e a\u00a0<strong>participa\u00e7\u00e3o \u00e9 gratuita<\/strong>.<\/p>\n\n\n\n<p>O Workshop realiza-se entre as 14h30 e as 18h30 sendo necess\u00e1ria&nbsp;inscri\u00e7\u00e3o obrigat\u00f3ria&nbsp;para&nbsp;<a href=\"https:\/\/22.dtikm1.com\/go\/70440-1aef7f38-62c26b7167cc36c1-a5750b-c-ed457c5d409e5e6zX8e1sojFeh7e3CG\" target=\"_blank\" rel=\"noreferrer noopener\">sitio.fontes@cm-lagoa.pt<\/a>&nbsp;e\/ou&nbsp;<a href=\"https:\/\/22.dtikm1.com\/go\/70440-1aef7f38-62c26b7167cc36c1-a5750b-c-ed457c5d409e5e6zX8e1sojFeh7e3CF\" target=\"_blank\" rel=\"noreferrer noopener\">iuri.fernandes@cm-lagoa.pt<\/a><\/p>\n\n\n\n<p>Sinopse: Projetada e desenvolvida pelo japon\u00eas Masanobu Fukuoka, a t\u00e9cnica de bolas de sementes de argila constitui uma importante medida no combate \u00e0 eros\u00e3o e \u00e0 desertifica\u00e7\u00e3o (natural ou p\u00f3s-fogo).<\/p>\n\n\n\n<p><br>Esta t\u00e9cnica distingue-se pela acessibilidade, sendo facilmente replicada tanto em contextos informais como formais (ex.: Escolas, Universidades, etc.) desde o pr\u00e9-escolar at\u00e9 \u00e0 idade adulta, tendo a vantagem do processamento pr\u00f3prio e do estabelecimento de um sentimento de responsabilidade e a\u00e7\u00e3o no sentido de mitigar problemas ambientais e contribuir para uma melhoria efetiva e eficaz da nossa casa-comum.<br><br>A simples t\u00e9cnica de encapsular sementes em argila promove melhores condi\u00e7\u00f5es para o desenvolvimento de \u00e1rvores e arbustos, que uma vez estabelecidos, ajudar\u00e3o a combater eficazmente a eros\u00e3o dos solos, e promover\u00e3o a sua restaura\u00e7\u00e3o.<br><br>O\u00a0Munic\u00edpio de Lagoa\u00a0convida-o a vir fazer parte desta a\u00e7\u00e3o gratuita, que contribuir\u00e1 para um religar com a natureza e o permitir\u00e1 experimentar de forma palp\u00e1vel o lidar com o barro, o envolver das sementes, adubo, h\u00famus, nutrientes e \u00e1gua, restaurando a sensa\u00e7\u00e3o e o aroma da terra, e um assumir concreto positivo da nossa responsabilidade enquanto engenheiros e modeladores do planeta.<\/p>\n","protected":false},"excerpt":{"rendered":"<p>No pr\u00f3ximo dia 21 de junho, o Parque Municipal do S\u00edtio das Fontes, em Est\u00f4mbar, recebe o Workshop Bolas de<\/p>\n","protected":false},"author":1,"featured_media":51351,"comment_status":"closed","ping_status":"closed","sticky":false,"template":"","format":"standard","meta":{"colormag_page_container_layout":"default_layout","colormag_page_sidebar_layout":"default_layout","_monsterinsights_skip_tracking":false,"_monsterinsights_sitenote_active":false,"_monsterinsights_sitenote_note":"","_monsterinsights_sitenote_category":0,"jetpack_post_was_ever_published":false,"_jetpack_newsletter_access":"","_jetpack_dont_email_post_to_subs":false,"_jetpack_newsletter_tier_id":0,"_jetpack_memberships_contains_paywalled_content":false,"_jetpack_memberships_contains_paid_content":false,"footnotes":"","jetpack_publicize_message":"","jetpack_publicize_feature_enabled":true,"jetpack_social_post_already_shared":true,"jetpack_social_options":{"image_generator_settings":{"template":"highway","default_image_id":0,"font":"","enabled":false},"version":2}},"categories":[5],"tags":[36,32,48],"class_list":["post-51350","post","type-post","status-publish","format-standard","has-post-thumbnail","hentry","category-ambiente","tag-algarve","tag-ambiente","tag-lagoa"],"yoast_head":"<!-- This site is optimized with the Yoast SEO plugin v27.5 - https:\/\/yoast.com\/product\/yoast-seo-wordpress\/ -->\n<title>Workshop Bolas de Sementes no combate \u00e0 Desertifica\u00e7\u00e3o Parque Municipal do S\u00edtio das Fontes em Lagoa - Est\u00f4mbar - Algarve 7<\/title>\n<meta name=\"description\" content=\"Workshop Bolas de Sementes no combate \u00e0 Desertifica\u00e7\u00e3o Parque Municipal do S\u00edtio das Fontes em Lagoa - Est\u00f4mbar Ambiente\" \/>\n<meta name=\"robots\" content=\"index, follow, max-snippet:-1, max-image-preview:large, max-video-preview:-1\" \/>\n<link rel=\"canonical\" href=\"https:\/\/algarve7.pt\/index.php\/2025\/06\/workshop-bolas-de-sementes-no-combate-a-desertificacao-parque-municipal-do-sitio-das-fontes-em-lagoa-estombar\/ambiente\/09\/46\/\" \/>\n<meta property=\"og:locale\" content=\"pt_PT\" \/>\n<meta property=\"og:type\" content=\"article\" \/>\n<meta property=\"og:title\" content=\"Workshop Bolas de Sementes no combate \u00e0 Desertifica\u00e7\u00e3o Parque Municipal do S\u00edtio das Fontes em Lagoa - Est\u00f4mbar - Algarve 7\" \/>\n<meta property=\"og:description\" content=\"Workshop Bolas de Sementes no combate \u00e0 Desertifica\u00e7\u00e3o Parque Municipal do S\u00edtio das Fontes em Lagoa - Est\u00f4mbar Ambiente\" \/>\n<meta property=\"og:url\" content=\"https:\/\/algarve7.pt\/index.php\/2025\/06\/workshop-bolas-de-sementes-no-combate-a-desertificacao-parque-municipal-do-sitio-das-fontes-em-lagoa-estombar\/ambiente\/09\/46\/\" \/>\n<meta property=\"og:site_name\" content=\"Algarve 7\" \/>\n<meta property=\"article:publisher\" content=\"https:\/\/www.facebook.com\/algarve7\" \/>\n<meta property=\"article:author\" content=\"https:\/\/www.facebook.com\/algarve7\" \/>\n<meta property=\"article:published_time\" content=\"2025-06-09T08:46:16+00:00\" \/>\n<meta property=\"article:modified_time\" content=\"2025-06-09T08:46:18+00:00\" \/>\n<meta property=\"og:image\" content=\"https:\/\/algarve7.pt\/wp-content\/uploads\/2025\/06\/Captura-de-ecra-2025-06-09-as-09.42.24.png\" \/>\n\t<meta property=\"og:image:width\" content=\"800\" \/>\n\t<meta property=\"og:image:height\" content=\"500\" \/>\n\t<meta property=\"og:image:type\" content=\"image\/png\" \/>\n<meta name=\"author\" content=\"Algarve 7\" \/>\n<meta name=\"twitter:card\" content=\"summary_large_image\" \/>\n<meta name=\"twitter:creator\" content=\"@Algarvesete\" \/>\n<meta name=\"twitter:site\" content=\"@Algarvesete\" \/>\n<meta name=\"twitter:label1\" content=\"Escrito por\" \/>\n\t<meta name=\"twitter:data1\" content=\"Algarve 7\" \/>\n\t<meta name=\"twitter:label2\" content=\"Tempo estimado de leitura\" \/>\n\t<meta name=\"twitter:data2\" content=\"2 minutos\" \/>\n<script type=\"application\/ld+json\" class=\"yoast-schema-graph\">{\"@context\":\"https:\\\/\\\/schema.org\",\"@graph\":[{\"@type\":\"Article\",\"@id\":\"https:\\\/\\\/algarve7.pt\\\/index.php\\\/2025\\\/06\\\/workshop-bolas-de-sementes-no-combate-a-desertificacao-parque-municipal-do-sitio-das-fontes-em-lagoa-estombar\\\/ambiente\\\/09\\\/46\\\/#article\",\"isPartOf\":{\"@id\":\"https:\\\/\\\/algarve7.pt\\\/index.php\\\/2025\\\/06\\\/workshop-bolas-de-sementes-no-combate-a-desertificacao-parque-municipal-do-sitio-das-fontes-em-lagoa-estombar\\\/ambiente\\\/09\\\/46\\\/\"},\"author\":{\"name\":\"Algarve 7\",\"@id\":\"https:\\\/\\\/algarve7.pt\\\/#\\\/schema\\\/person\\\/23fa70681308e7b319a3204bcea45e0c\"},\"headline\":\"Workshop Bolas de Sementes no combate \u00e0 Desertifica\u00e7\u00e3o Parque Municipal do S\u00edtio das Fontes em Lagoa &#8211; Est\u00f4mbar\",\"datePublished\":\"2025-06-09T08:46:16+00:00\",\"dateModified\":\"2025-06-09T08:46:18+00:00\",\"mainEntityOfPage\":{\"@id\":\"https:\\\/\\\/algarve7.pt\\\/index.php\\\/2025\\\/06\\\/workshop-bolas-de-sementes-no-combate-a-desertificacao-parque-municipal-do-sitio-das-fontes-em-lagoa-estombar\\\/ambiente\\\/09\\\/46\\\/\"},\"wordCount\":290,\"publisher\":{\"@id\":\"https:\\\/\\\/algarve7.pt\\\/#organization\"},\"image\":{\"@id\":\"https:\\\/\\\/algarve7.pt\\\/index.php\\\/2025\\\/06\\\/workshop-bolas-de-sementes-no-combate-a-desertificacao-parque-municipal-do-sitio-das-fontes-em-lagoa-estombar\\\/ambiente\\\/09\\\/46\\\/#primaryimage\"},\"thumbnailUrl\":\"https:\\\/\\\/algarve7.pt\\\/wp-content\\\/uploads\\\/2025\\\/06\\\/Captura-de-ecra-2025-06-09-as-09.42.24.png\",\"keywords\":[\"Algarve\",\"Ambiente\",\"Lagoa\"],\"articleSection\":[\"Ambiente\"],\"inLanguage\":\"pt-PT\"},{\"@type\":\"WebPage\",\"@id\":\"https:\\\/\\\/algarve7.pt\\\/index.php\\\/2025\\\/06\\\/workshop-bolas-de-sementes-no-combate-a-desertificacao-parque-municipal-do-sitio-das-fontes-em-lagoa-estombar\\\/ambiente\\\/09\\\/46\\\/\",\"url\":\"https:\\\/\\\/algarve7.pt\\\/index.php\\\/2025\\\/06\\\/workshop-bolas-de-sementes-no-combate-a-desertificacao-parque-municipal-do-sitio-das-fontes-em-lagoa-estombar\\\/ambiente\\\/09\\\/46\\\/\",\"name\":\"Workshop Bolas de Sementes no combate \u00e0 Desertifica\u00e7\u00e3o Parque Municipal do S\u00edtio das Fontes em Lagoa - Est\u00f4mbar - Algarve 7\",\"isPartOf\":{\"@id\":\"https:\\\/\\\/algarve7.pt\\\/#website\"},\"primaryImageOfPage\":{\"@id\":\"https:\\\/\\\/algarve7.pt\\\/index.php\\\/2025\\\/06\\\/workshop-bolas-de-sementes-no-combate-a-desertificacao-parque-municipal-do-sitio-das-fontes-em-lagoa-estombar\\\/ambiente\\\/09\\\/46\\\/#primaryimage\"},\"image\":{\"@id\":\"https:\\\/\\\/algarve7.pt\\\/index.php\\\/2025\\\/06\\\/workshop-bolas-de-sementes-no-combate-a-desertificacao-parque-municipal-do-sitio-das-fontes-em-lagoa-estombar\\\/ambiente\\\/09\\\/46\\\/#primaryimage\"},\"thumbnailUrl\":\"https:\\\/\\\/algarve7.pt\\\/wp-content\\\/uploads\\\/2025\\\/06\\\/Captura-de-ecra-2025-06-09-as-09.42.24.png\",\"datePublished\":\"2025-06-09T08:46:16+00:00\",\"dateModified\":\"2025-06-09T08:46:18+00:00\",\"description\":\"Workshop Bolas de Sementes no combate \u00e0 Desertifica\u00e7\u00e3o Parque Municipal do S\u00edtio das Fontes em Lagoa - Est\u00f4mbar Ambiente\",\"breadcrumb\":{\"@id\":\"https:\\\/\\\/algarve7.pt\\\/index.php\\\/2025\\\/06\\\/workshop-bolas-de-sementes-no-combate-a-desertificacao-parque-municipal-do-sitio-das-fontes-em-lagoa-estombar\\\/ambiente\\\/09\\\/46\\\/#breadcrumb\"},\"inLanguage\":\"pt-PT\",\"potentialAction\":[{\"@type\":\"ReadAction\",\"target\":[\"https:\\\/\\\/algarve7.pt\\\/index.php\\\/2025\\\/06\\\/workshop-bolas-de-sementes-no-combate-a-desertificacao-parque-municipal-do-sitio-das-fontes-em-lagoa-estombar\\\/ambiente\\\/09\\\/46\\\/\"]}]},{\"@type\":\"ImageObject\",\"inLanguage\":\"pt-PT\",\"@id\":\"https:\\\/\\\/algarve7.pt\\\/index.php\\\/2025\\\/06\\\/workshop-bolas-de-sementes-no-combate-a-desertificacao-parque-municipal-do-sitio-das-fontes-em-lagoa-estombar\\\/ambiente\\\/09\\\/46\\\/#primaryimage\",\"url\":\"https:\\\/\\\/algarve7.pt\\\/wp-content\\\/uploads\\\/2025\\\/06\\\/Captura-de-ecra-2025-06-09-as-09.42.24.png\",\"contentUrl\":\"https:\\\/\\\/algarve7.pt\\\/wp-content\\\/uploads\\\/2025\\\/06\\\/Captura-de-ecra-2025-06-09-as-09.42.24.png\",\"width\":800,\"height\":500},{\"@type\":\"BreadcrumbList\",\"@id\":\"https:\\\/\\\/algarve7.pt\\\/index.php\\\/2025\\\/06\\\/workshop-bolas-de-sementes-no-combate-a-desertificacao-parque-municipal-do-sitio-das-fontes-em-lagoa-estombar\\\/ambiente\\\/09\\\/46\\\/#breadcrumb\",\"itemListElement\":[{\"@type\":\"ListItem\",\"position\":1,\"name\":\"In\u00edcio\",\"item\":\"https:\\\/\\\/algarve7.pt\\\/\"},{\"@type\":\"ListItem\",\"position\":2,\"name\":\"Workshop Bolas de Sementes no combate \u00e0 Desertifica\u00e7\u00e3o Parque Municipal do S\u00edtio das Fontes em Lagoa &#8211; Est\u00f4mbar\"}]},{\"@type\":\"WebSite\",\"@id\":\"https:\\\/\\\/algarve7.pt\\\/#website\",\"url\":\"https:\\\/\\\/algarve7.pt\\\/\",\"name\":\"Algarve 7\",\"description\":\"Informa\u00e7\u00e3o sobre o Algarve\",\"publisher\":{\"@id\":\"https:\\\/\\\/algarve7.pt\\\/#organization\"},\"potentialAction\":[{\"@type\":\"SearchAction\",\"target\":{\"@type\":\"EntryPoint\",\"urlTemplate\":\"https:\\\/\\\/algarve7.pt\\\/?s={search_term_string}\"},\"query-input\":{\"@type\":\"PropertyValueSpecification\",\"valueRequired\":true,\"valueName\":\"search_term_string\"}}],\"inLanguage\":\"pt-PT\"},{\"@type\":\"Organization\",\"@id\":\"https:\\\/\\\/algarve7.pt\\\/#organization\",\"name\":\"Algarve 7\",\"url\":\"https:\\\/\\\/algarve7.pt\\\/\",\"logo\":{\"@type\":\"ImageObject\",\"inLanguage\":\"pt-PT\",\"@id\":\"https:\\\/\\\/algarve7.pt\\\/#\\\/schema\\\/logo\\\/image\\\/\",\"url\":\"https:\\\/\\\/algarve7.pt\\\/wp-content\\\/uploads\\\/2020\\\/10\\\/Logo-8.jpg\",\"contentUrl\":\"https:\\\/\\\/algarve7.pt\\\/wp-content\\\/uploads\\\/2020\\\/10\\\/Logo-8.jpg\",\"width\":1680,\"height\":1186,\"caption\":\"Algarve 7\"},\"image\":{\"@id\":\"https:\\\/\\\/algarve7.pt\\\/#\\\/schema\\\/logo\\\/image\\\/\"},\"sameAs\":[\"https:\\\/\\\/www.facebook.com\\\/algarve7\",\"https:\\\/\\\/x.com\\\/Algarvesete\",\"https:\\\/\\\/www.instagram.com\\\/jornalalgarve7\\\/\",\"https:\\\/\\\/www.linkedin.com\\\/company\\\/algarve7\",\"https:\\\/\\\/www.pinterest.pt\\\/geral0939\\\/_created\\\/\"]},{\"@type\":\"Person\",\"@id\":\"https:\\\/\\\/algarve7.pt\\\/#\\\/schema\\\/person\\\/23fa70681308e7b319a3204bcea45e0c\",\"name\":\"Algarve 7\",\"sameAs\":[\"https:\\\/\\\/algarve7.pt\",\"https:\\\/\\\/www.facebook.com\\\/algarve7\"],\"url\":\"https:\\\/\\\/algarve7.pt\\\/index.php\\\/author\\\/geralalgarve7-pt\\\/\"}]}<\/script>\n<!-- \/ Yoast SEO plugin. -->","yoast_head_json":{"title":"Workshop Bolas de Sementes no combate \u00e0 Desertifica\u00e7\u00e3o Parque Municipal do S\u00edtio das Fontes em Lagoa - Est\u00f4mbar - Algarve 7","description":"Workshop Bolas de Sementes no combate \u00e0 Desertifica\u00e7\u00e3o Parque Municipal do S\u00edtio das Fontes em Lagoa - Est\u00f4mbar Ambiente","robots":{"index":"index","follow":"follow","max-snippet":"max-snippet:-1","max-image-preview":"max-image-preview:large","max-video-preview":"max-video-preview:-1"},"canonical":"https:\/\/algarve7.pt\/index.php\/2025\/06\/workshop-bolas-de-sementes-no-combate-a-desertificacao-parque-municipal-do-sitio-das-fontes-em-lagoa-estombar\/ambiente\/09\/46\/","og_locale":"pt_PT","og_type":"article","og_title":"Workshop Bolas de Sementes no combate \u00e0 Desertifica\u00e7\u00e3o Parque Municipal do S\u00edtio das Fontes em Lagoa - Est\u00f4mbar - Algarve 7","og_description":"Workshop Bolas de Sementes no combate \u00e0 Desertifica\u00e7\u00e3o Parque Municipal do S\u00edtio das Fontes em Lagoa - Est\u00f4mbar Ambiente","og_url":"https:\/\/algarve7.pt\/index.php\/2025\/06\/workshop-bolas-de-sementes-no-combate-a-desertificacao-parque-municipal-do-sitio-das-fontes-em-lagoa-estombar\/ambiente\/09\/46\/","og_site_name":"Algarve 7","article_publisher":"https:\/\/www.facebook.com\/algarve7","article_author":"https:\/\/www.facebook.com\/algarve7","article_published_time":"2025-06-09T08:46:16+00:00","article_modified_time":"2025-06-09T08:46:18+00:00","og_image":[{"width":800,"height":500,"url":"https:\/\/algarve7.pt\/wp-content\/uploads\/2025\/06\/Captura-de-ecra-2025-06-09-as-09.42.24.png","type":"image\/png"}],"author":"Algarve 7","twitter_card":"summary_large_image","twitter_creator":"@Algarvesete","twitter_site":"@Algarvesete","twitter_misc":{"Escrito por":"Algarve 7","Tempo estimado de leitura":"2 minutos"},"schema":{"@context":"https:\/\/schema.org","@graph":[{"@type":"Article","@id":"https:\/\/algarve7.pt\/index.php\/2025\/06\/workshop-bolas-de-sementes-no-combate-a-desertificacao-parque-municipal-do-sitio-das-fontes-em-lagoa-estombar\/ambiente\/09\/46\/#article","isPartOf":{"@id":"https:\/\/algarve7.pt\/index.php\/2025\/06\/workshop-bolas-de-sementes-no-combate-a-desertificacao-parque-municipal-do-sitio-das-fontes-em-lagoa-estombar\/ambiente\/09\/46\/"},"author":{"name":"Algarve 7","@id":"https:\/\/algarve7.pt\/#\/schema\/person\/23fa70681308e7b319a3204bcea45e0c"},"headline":"Workshop Bolas de Sementes no combate \u00e0 Desertifica\u00e7\u00e3o Parque Municipal do S\u00edtio das Fontes em Lagoa &#8211; Est\u00f4mbar","datePublished":"2025-06-09T08:46:16+00:00","dateModified":"2025-06-09T08:46:18+00:00","mainEntityOfPage":{"@id":"https:\/\/algarve7.pt\/index.php\/2025\/06\/workshop-bolas-de-sementes-no-combate-a-desertificacao-parque-municipal-do-sitio-das-fontes-em-lagoa-estombar\/ambiente\/09\/46\/"},"wordCount":290,"publisher":{"@id":"https:\/\/algarve7.pt\/#organization"},"image":{"@id":"https:\/\/algarve7.pt\/index.php\/2025\/06\/workshop-bolas-de-sementes-no-combate-a-desertificacao-parque-municipal-do-sitio-das-fontes-em-lagoa-estombar\/ambiente\/09\/46\/#primaryimage"},"thumbnailUrl":"https:\/\/algarve7.pt\/wp-content\/uploads\/2025\/06\/Captura-de-ecra-2025-06-09-as-09.42.24.png","keywords":["Algarve","Ambiente","Lagoa"],"articleSection":["Ambiente"],"inLanguage":"pt-PT"},{"@type":"WebPage","@id":"https:\/\/algarve7.pt\/index.php\/2025\/06\/workshop-bolas-de-sementes-no-combate-a-desertificacao-parque-municipal-do-sitio-das-fontes-em-lagoa-estombar\/ambiente\/09\/46\/","url":"https:\/\/algarve7.pt\/index.php\/2025\/06\/workshop-bolas-de-sementes-no-combate-a-desertificacao-parque-municipal-do-sitio-das-fontes-em-lagoa-estombar\/ambiente\/09\/46\/","name":"Workshop Bolas de Sementes no combate \u00e0 Desertifica\u00e7\u00e3o Parque Municipal do S\u00edtio das Fontes em Lagoa - Est\u00f4mbar - Algarve 7","isPartOf":{"@id":"https:\/\/algarve7.pt\/#website"},"primaryImageOfPage":{"@id":"https:\/\/algarve7.pt\/index.php\/2025\/06\/workshop-bolas-de-sementes-no-combate-a-desertificacao-parque-municipal-do-sitio-das-fontes-em-lagoa-estombar\/ambiente\/09\/46\/#primaryimage"},"image":{"@id":"https:\/\/algarve7.pt\/index.php\/2025\/06\/workshop-bolas-de-sementes-no-combate-a-desertificacao-parque-municipal-do-sitio-das-fontes-em-lagoa-estombar\/ambiente\/09\/46\/#primaryimage"},"thumbnailUrl":"https:\/\/algarve7.pt\/wp-content\/uploads\/2025\/06\/Captura-de-ecra-2025-06-09-as-09.42.24.png","datePublished":"2025-06-09T08:46:16+00:00","dateModified":"2025-06-09T08:46:18+00:00","description":"Workshop Bolas de Sementes no combate \u00e0 Desertifica\u00e7\u00e3o Parque Municipal do S\u00edtio das Fontes em Lagoa - Est\u00f4mbar Ambiente","breadcrumb":{"@id":"https:\/\/algarve7.pt\/index.php\/2025\/06\/workshop-bolas-de-sementes-no-combate-a-desertificacao-parque-municipal-do-sitio-das-fontes-em-lagoa-estombar\/ambiente\/09\/46\/#breadcrumb"},"inLanguage":"pt-PT","potentialAction":[{"@type":"ReadAction","target":["https:\/\/algarve7.pt\/index.php\/2025\/06\/workshop-bolas-de-sementes-no-combate-a-desertificacao-parque-municipal-do-sitio-das-fontes-em-lagoa-estombar\/ambiente\/09\/46\/"]}]},{"@type":"ImageObject","inLanguage":"pt-PT","@id":"https:\/\/algarve7.pt\/index.php\/2025\/06\/workshop-bolas-de-sementes-no-combate-a-desertificacao-parque-municipal-do-sitio-das-fontes-em-lagoa-estombar\/ambiente\/09\/46\/#primaryimage","url":"https:\/\/algarve7.pt\/wp-content\/uploads\/2025\/06\/Captura-de-ecra-2025-06-09-as-09.42.24.png","contentUrl":"https:\/\/algarve7.pt\/wp-content\/uploads\/2025\/06\/Captura-de-ecra-2025-06-09-as-09.42.24.png","width":800,"height":500},{"@type":"BreadcrumbList","@id":"https:\/\/algarve7.pt\/index.php\/2025\/06\/workshop-bolas-de-sementes-no-combate-a-desertificacao-parque-municipal-do-sitio-das-fontes-em-lagoa-estombar\/ambiente\/09\/46\/#breadcrumb","itemListElement":[{"@type":"ListItem","position":1,"name":"In\u00edcio","item":"https:\/\/algarve7.pt\/"},{"@type":"ListItem","position":2,"name":"Workshop Bolas de Sementes no combate \u00e0 Desertifica\u00e7\u00e3o Parque Municipal do S\u00edtio das Fontes em Lagoa &#8211; Est\u00f4mbar"}]},{"@type":"WebSite","@id":"https:\/\/algarve7.pt\/#website","url":"https:\/\/algarve7.pt\/","name":"Algarve 7","description":"Informa\u00e7\u00e3o sobre o Algarve","publisher":{"@id":"https:\/\/algarve7.pt\/#organization"},"potentialAction":[{"@type":"SearchAction","target":{"@type":"EntryPoint","urlTemplate":"https:\/\/algarve7.pt\/?s={search_term_string}"},"query-input":{"@type":"PropertyValueSpecification","valueRequired":true,"valueName":"search_term_string"}}],"inLanguage":"pt-PT"},{"@type":"Organization","@id":"https:\/\/algarve7.pt\/#organization","name":"Algarve 7","url":"https:\/\/algarve7.pt\/","logo":{"@type":"ImageObject","inLanguage":"pt-PT","@id":"https:\/\/algarve7.pt\/#\/schema\/logo\/image\/","url":"https:\/\/algarve7.pt\/wp-content\/uploads\/2020\/10\/Logo-8.jpg","contentUrl":"https:\/\/algarve7.pt\/wp-content\/uploads\/2020\/10\/Logo-8.jpg","width":1680,"height":1186,"caption":"Algarve 7"},"image":{"@id":"https:\/\/algarve7.pt\/#\/schema\/logo\/image\/"},"sameAs":["https:\/\/www.facebook.com\/algarve7","https:\/\/x.com\/Algarvesete","https:\/\/www.instagram.com\/jornalalgarve7\/","https:\/\/www.linkedin.com\/company\/algarve7","https:\/\/www.pinterest.pt\/geral0939\/_created\/"]},{"@type":"Person","@id":"https:\/\/algarve7.pt\/#\/schema\/person\/23fa70681308e7b319a3204bcea45e0c","name":"Algarve 7","sameAs":["https:\/\/algarve7.pt","https:\/\/www.facebook.com\/algarve7"],"url":"https:\/\/algarve7.pt\/index.php\/author\/geralalgarve7-pt\/"}]}},"jetpack_publicize_connections":[],"jetpack_featured_media_url":"https:\/\/algarve7.pt\/wp-content\/uploads\/2025\/06\/Captura-de-ecra-2025-06-09-as-09.42.24.png","jetpack_shortlink":"https:\/\/wp.me\/pcezmW-dme","jetpack_sharing_enabled":true,"_links":{"self":[{"href":"https:\/\/algarve7.pt\/index.php\/wp-json\/wp\/v2\/posts\/51350","targetHints":{"allow":["GET"]}}],"collection":[{"href":"https:\/\/algarve7.pt\/index.php\/wp-json\/wp\/v2\/posts"}],"about":[{"href":"https:\/\/algarve7.pt\/index.php\/wp-json\/wp\/v2\/types\/post"}],"author":[{"embeddable":true,"href":"https:\/\/algarve7.pt\/index.php\/wp-json\/wp\/v2\/users\/1"}],"replies":[{"embeddable":true,"href":"https:\/\/algarve7.pt\/index.php\/wp-json\/wp\/v2\/comments?post=51350"}],"version-history":[{"count":0,"href":"https:\/\/algarve7.pt\/index.php\/wp-json\/wp\/v2\/posts\/51350\/revisions"}],"wp:featuredmedia":[{"embeddable":true,"href":"https:\/\/algarve7.pt\/index.php\/wp-json\/wp\/v2\/media\/51351"}],"wp:attachment":[{"href":"https:\/\/algarve7.pt\/index.php\/wp-json\/wp\/v2\/media?parent=51350"}],"wp:term":[{"taxonomy":"category","embeddable":true,"href":"https:\/\/algarve7.pt\/index.php\/wp-json\/wp\/v2\/categories?post=51350"},{"taxonomy":"post_tag","embeddable":true,"href":"https:\/\/algarve7.pt\/index.php\/wp-json\/wp\/v2\/tags?post=51350"}],"curies":[{"name":"wp","href":"https:\/\/api.w.org\/{rel}","templated":true}]}}