{"id":51347,"date":"2025-06-09T09:41:50","date_gmt":"2025-06-09T08:41:50","guid":{"rendered":"https:\/\/algarve7.pt\/?p=51347"},"modified":"2025-06-09T09:41:53","modified_gmt":"2025-06-09T08:41:53","slug":"alcoutim-apresentou-plano-de-acao-do-projeto-alcoutim-inclusivo-no-ambito-do-clds-5g","status":"publish","type":"post","link":"https:\/\/algarve7.pt\/index.php\/2025\/06\/alcoutim-apresentou-plano-de-acao-do-projeto-alcoutim-inclusivo-no-ambito-do-clds-5g\/atualidade\/09\/41\/","title":{"rendered":"Alcoutim apresentou Plano de A\u00e7\u00e3o do Projeto \u00abAlcoutim Inclusivo\u00bb no \u00e2mbito do CLDS 5G\u00a0"},"content":{"rendered":"\n<p>O Conselho Local de A\u00e7\u00e3o Social de Alcoutim reuniu, no dia 4 de junho, com os parceiros da Rede Social, para apresentar o Plano de A\u00e7\u00e3o do Contrato Local de Desenvolvimento Social \u2013 CLDS 5G, um programa p\u00fablico do Governo de Portugal destinado a promover a inclus\u00e3o social das popula\u00e7\u00f5es mais vulner\u00e1veis e a combater a pobreza e a exclus\u00e3o social em territ\u00f3rios priorit\u00e1rios.\u00a0<br><br>Em Alcoutim, o CLDS 5G materializa-se atrav\u00e9s da ALCANCE \u2013 Associa\u00e7\u00e3o para o Desenvolvimento do Nordeste Algarvio, com o projeto \u00abAlcoutim Inclusivo\u00bb, que prev\u00ea uma dura\u00e7\u00e3o de 36 meses. O projeto ir\u00e1 incidir sobre dois Eixos de Interven\u00e7\u00e3o fundamentais: promo\u00e7\u00e3o da autonomia, envelhecimento ativo e longevidade; desenvolvimento social, capacita\u00e7\u00e3o comunit\u00e1ria e interven\u00e7\u00e3o em contextos de emerg\u00eancia social e de cen\u00e1rios de exce\u00e7\u00e3o.\u00a0<br><br>Est\u00e3o previstas 17 atividades, organizadas em 6 a\u00e7\u00f5es por eixo, com uma dota\u00e7\u00e3o financeira global de 357 mil e 605,78 euros, integralmente financiada pelo Programa PESSOAS 2030, no \u00e2mbito da \u00c1rea Tem\u00e1tica Demografia, Qualifica\u00e7\u00f5es e Inclus\u00e3o. O trabalho desenvolvido at\u00e9 \u00e0 data resulta de uma forte articula\u00e7\u00e3o entre a ALCANCE, enquanto Entidade Coordenadora Local da Parceria, e os instrumentos da Rede Social, com base no Diagn\u00f3stico Social e no Plano de Desenvolvimento Social, em estreita colabora\u00e7\u00e3o com a Unidade de A\u00e7\u00e3o Social, Sa\u00fade e Educa\u00e7\u00e3o do Munic\u00edpio de Alcoutim, bem como com o Projeto Radar Social, igualmente gerido pelo Munic\u00edpio.\u00a0<br><br>O Plano de A\u00e7\u00e3o agora apresentado ser\u00e1 submetido como candidatura, prevendo-se, ap\u00f3s aprova\u00e7\u00e3o, o in\u00edcio da sua execu\u00e7\u00e3o no \u00faltimo trimestre de 2025.\u00a0<strong>\u201cEm territ\u00f3rios de baixa densidade como Alcoutim, onde os desafios da interioridade se fazem sentir com maior intensidade, projetos como o CLDS 5G assumem um papel absolutamente determinante. S\u00e3o instrumentos que nos permitem chegar mais longe no apoio \u00e0s popula\u00e7\u00f5es, promovendo o envelhecimento digno, a coes\u00e3o social e a igualdade de oportunidades. Alcoutim continuar\u00e1 a estar na linha da frente na defesa da inclus\u00e3o e do desenvolvimento social\u201d<\/strong>, afirmou Paulo Paulino, Presidente da C\u00e2mara Municipal de Alcoutim.<\/p>\n","protected":false},"excerpt":{"rendered":"<p>O Conselho Local de A\u00e7\u00e3o Social de Alcoutim reuniu, no dia 4 de junho, com os parceiros da Rede Social,<\/p>\n","protected":false},"author":1,"featured_media":51348,"comment_status":"closed","ping_status":"closed","sticky":false,"template":"","format":"standard","meta":{"colormag_page_container_layout":"default_layout","colormag_page_sidebar_layout":"default_layout","_monsterinsights_skip_tracking":false,"_monsterinsights_sitenote_active":false,"_monsterinsights_sitenote_note":"","_monsterinsights_sitenote_category":0,"jetpack_post_was_ever_published":false,"_jetpack_newsletter_access":"","_jetpack_dont_email_post_to_subs":false,"_jetpack_newsletter_tier_id":0,"_jetpack_memberships_contains_paywalled_content":false,"_jetpack_memberships_contains_paid_content":false,"footnotes":"","jetpack_publicize_message":"","jetpack_publicize_feature_enabled":true,"jetpack_social_post_already_shared":true,"jetpack_social_options":{"image_generator_settings":{"template":"highway","default_image_id":0,"font":"","enabled":false},"version":2}},"categories":[11],"tags":[79,36,62],"class_list":["post-51347","post","type-post","status-publish","format-standard","has-post-thumbnail","hentry","category-atualidade","tag-alcoutim","tag-algarve","tag-atualidade"],"yoast_head":"<!-- This site is optimized with the Yoast SEO plugin v27.5 - https:\/\/yoast.com\/product\/yoast-seo-wordpress\/ -->\n<title>Alcoutim apresentou Plano de A\u00e7\u00e3o do Projeto \u00abAlcoutim Inclusivo\u00bb no \u00e2mbito do CLDS 5G\u00a0 - Algarve 7<\/title>\n<meta name=\"description\" content=\"Alcoutim apresentou Plano de A\u00e7\u00e3o do Projeto \u00abAlcoutim Inclusivo\u00bb no \u00e2mbito do CLDS 5G\u00a0 Atualidade\" \/>\n<meta name=\"robots\" content=\"index, follow, max-snippet:-1, max-image-preview:large, max-video-preview:-1\" \/>\n<link rel=\"canonical\" href=\"https:\/\/algarve7.pt\/index.php\/2025\/06\/alcoutim-apresentou-plano-de-acao-do-projeto-alcoutim-inclusivo-no-ambito-do-clds-5g\/atualidade\/09\/41\/\" \/>\n<meta property=\"og:locale\" content=\"pt_PT\" \/>\n<meta property=\"og:type\" content=\"article\" \/>\n<meta property=\"og:title\" content=\"Alcoutim apresentou Plano de A\u00e7\u00e3o do Projeto \u00abAlcoutim Inclusivo\u00bb no \u00e2mbito do CLDS 5G\u00a0 - Algarve 7\" \/>\n<meta property=\"og:description\" content=\"Alcoutim apresentou Plano de A\u00e7\u00e3o do Projeto \u00abAlcoutim Inclusivo\u00bb no \u00e2mbito do CLDS 5G\u00a0 Atualidade\" \/>\n<meta property=\"og:url\" content=\"https:\/\/algarve7.pt\/index.php\/2025\/06\/alcoutim-apresentou-plano-de-acao-do-projeto-alcoutim-inclusivo-no-ambito-do-clds-5g\/atualidade\/09\/41\/\" \/>\n<meta property=\"og:site_name\" content=\"Algarve 7\" \/>\n<meta property=\"article:publisher\" content=\"https:\/\/www.facebook.com\/algarve7\" \/>\n<meta property=\"article:author\" content=\"https:\/\/www.facebook.com\/algarve7\" \/>\n<meta property=\"article:published_time\" content=\"2025-06-09T08:41:50+00:00\" \/>\n<meta property=\"article:modified_time\" content=\"2025-06-09T08:41:53+00:00\" \/>\n<meta property=\"og:image\" content=\"https:\/\/algarve7.pt\/wp-content\/uploads\/2025\/06\/IMG_6204.jpg\" \/>\n\t<meta property=\"og:image:width\" content=\"800\" \/>\n\t<meta property=\"og:image:height\" content=\"500\" \/>\n\t<meta property=\"og:image:type\" content=\"image\/jpeg\" \/>\n<meta name=\"author\" content=\"Algarve 7\" \/>\n<meta name=\"twitter:card\" content=\"summary_large_image\" \/>\n<meta name=\"twitter:creator\" content=\"@Algarvesete\" \/>\n<meta name=\"twitter:site\" content=\"@Algarvesete\" \/>\n<meta name=\"twitter:label1\" content=\"Escrito por\" \/>\n\t<meta name=\"twitter:data1\" content=\"Algarve 7\" \/>\n\t<meta name=\"twitter:label2\" content=\"Tempo estimado de leitura\" \/>\n\t<meta name=\"twitter:data2\" content=\"2 minutos\" \/>\n<script type=\"application\/ld+json\" class=\"yoast-schema-graph\">{\"@context\":\"https:\\\/\\\/schema.org\",\"@graph\":[{\"@type\":\"Article\",\"@id\":\"https:\\\/\\\/algarve7.pt\\\/index.php\\\/2025\\\/06\\\/alcoutim-apresentou-plano-de-acao-do-projeto-alcoutim-inclusivo-no-ambito-do-clds-5g\\\/atualidade\\\/09\\\/41\\\/#article\",\"isPartOf\":{\"@id\":\"https:\\\/\\\/algarve7.pt\\\/index.php\\\/2025\\\/06\\\/alcoutim-apresentou-plano-de-acao-do-projeto-alcoutim-inclusivo-no-ambito-do-clds-5g\\\/atualidade\\\/09\\\/41\\\/\"},\"author\":{\"name\":\"Algarve 7\",\"@id\":\"https:\\\/\\\/algarve7.pt\\\/#\\\/schema\\\/person\\\/23fa70681308e7b319a3204bcea45e0c\"},\"headline\":\"Alcoutim apresentou Plano de A\u00e7\u00e3o do Projeto \u00abAlcoutim Inclusivo\u00bb no \u00e2mbito do CLDS 5G\u00a0\",\"datePublished\":\"2025-06-09T08:41:50+00:00\",\"dateModified\":\"2025-06-09T08:41:53+00:00\",\"mainEntityOfPage\":{\"@id\":\"https:\\\/\\\/algarve7.pt\\\/index.php\\\/2025\\\/06\\\/alcoutim-apresentou-plano-de-acao-do-projeto-alcoutim-inclusivo-no-ambito-do-clds-5g\\\/atualidade\\\/09\\\/41\\\/\"},\"wordCount\":375,\"publisher\":{\"@id\":\"https:\\\/\\\/algarve7.pt\\\/#organization\"},\"image\":{\"@id\":\"https:\\\/\\\/algarve7.pt\\\/index.php\\\/2025\\\/06\\\/alcoutim-apresentou-plano-de-acao-do-projeto-alcoutim-inclusivo-no-ambito-do-clds-5g\\\/atualidade\\\/09\\\/41\\\/#primaryimage\"},\"thumbnailUrl\":\"https:\\\/\\\/algarve7.pt\\\/wp-content\\\/uploads\\\/2025\\\/06\\\/IMG_6204.jpg\",\"keywords\":[\"Alcoutim\",\"Algarve\",\"Atualidade\"],\"articleSection\":[\"Atualidade\"],\"inLanguage\":\"pt-PT\"},{\"@type\":\"WebPage\",\"@id\":\"https:\\\/\\\/algarve7.pt\\\/index.php\\\/2025\\\/06\\\/alcoutim-apresentou-plano-de-acao-do-projeto-alcoutim-inclusivo-no-ambito-do-clds-5g\\\/atualidade\\\/09\\\/41\\\/\",\"url\":\"https:\\\/\\\/algarve7.pt\\\/index.php\\\/2025\\\/06\\\/alcoutim-apresentou-plano-de-acao-do-projeto-alcoutim-inclusivo-no-ambito-do-clds-5g\\\/atualidade\\\/09\\\/41\\\/\",\"name\":\"Alcoutim apresentou Plano de A\u00e7\u00e3o do Projeto \u00abAlcoutim Inclusivo\u00bb no \u00e2mbito do CLDS 5G\u00a0 - Algarve 7\",\"isPartOf\":{\"@id\":\"https:\\\/\\\/algarve7.pt\\\/#website\"},\"primaryImageOfPage\":{\"@id\":\"https:\\\/\\\/algarve7.pt\\\/index.php\\\/2025\\\/06\\\/alcoutim-apresentou-plano-de-acao-do-projeto-alcoutim-inclusivo-no-ambito-do-clds-5g\\\/atualidade\\\/09\\\/41\\\/#primaryimage\"},\"image\":{\"@id\":\"https:\\\/\\\/algarve7.pt\\\/index.php\\\/2025\\\/06\\\/alcoutim-apresentou-plano-de-acao-do-projeto-alcoutim-inclusivo-no-ambito-do-clds-5g\\\/atualidade\\\/09\\\/41\\\/#primaryimage\"},\"thumbnailUrl\":\"https:\\\/\\\/algarve7.pt\\\/wp-content\\\/uploads\\\/2025\\\/06\\\/IMG_6204.jpg\",\"datePublished\":\"2025-06-09T08:41:50+00:00\",\"dateModified\":\"2025-06-09T08:41:53+00:00\",\"description\":\"Alcoutim apresentou Plano de A\u00e7\u00e3o do Projeto \u00abAlcoutim Inclusivo\u00bb no \u00e2mbito do CLDS 5G\u00a0 Atualidade\",\"breadcrumb\":{\"@id\":\"https:\\\/\\\/algarve7.pt\\\/index.php\\\/2025\\\/06\\\/alcoutim-apresentou-plano-de-acao-do-projeto-alcoutim-inclusivo-no-ambito-do-clds-5g\\\/atualidade\\\/09\\\/41\\\/#breadcrumb\"},\"inLanguage\":\"pt-PT\",\"potentialAction\":[{\"@type\":\"ReadAction\",\"target\":[\"https:\\\/\\\/algarve7.pt\\\/index.php\\\/2025\\\/06\\\/alcoutim-apresentou-plano-de-acao-do-projeto-alcoutim-inclusivo-no-ambito-do-clds-5g\\\/atualidade\\\/09\\\/41\\\/\"]}]},{\"@type\":\"ImageObject\",\"inLanguage\":\"pt-PT\",\"@id\":\"https:\\\/\\\/algarve7.pt\\\/index.php\\\/2025\\\/06\\\/alcoutim-apresentou-plano-de-acao-do-projeto-alcoutim-inclusivo-no-ambito-do-clds-5g\\\/atualidade\\\/09\\\/41\\\/#primaryimage\",\"url\":\"https:\\\/\\\/algarve7.pt\\\/wp-content\\\/uploads\\\/2025\\\/06\\\/IMG_6204.jpg\",\"contentUrl\":\"https:\\\/\\\/algarve7.pt\\\/wp-content\\\/uploads\\\/2025\\\/06\\\/IMG_6204.jpg\",\"width\":800,\"height\":500},{\"@type\":\"BreadcrumbList\",\"@id\":\"https:\\\/\\\/algarve7.pt\\\/index.php\\\/2025\\\/06\\\/alcoutim-apresentou-plano-de-acao-do-projeto-alcoutim-inclusivo-no-ambito-do-clds-5g\\\/atualidade\\\/09\\\/41\\\/#breadcrumb\",\"itemListElement\":[{\"@type\":\"ListItem\",\"position\":1,\"name\":\"In\u00edcio\",\"item\":\"https:\\\/\\\/algarve7.pt\\\/\"},{\"@type\":\"ListItem\",\"position\":2,\"name\":\"Alcoutim apresentou Plano de A\u00e7\u00e3o do Projeto \u00abAlcoutim Inclusivo\u00bb no \u00e2mbito do CLDS 5G\u00a0\"}]},{\"@type\":\"WebSite\",\"@id\":\"https:\\\/\\\/algarve7.pt\\\/#website\",\"url\":\"https:\\\/\\\/algarve7.pt\\\/\",\"name\":\"Algarve 7\",\"description\":\"Informa\u00e7\u00e3o sobre o Algarve\",\"publisher\":{\"@id\":\"https:\\\/\\\/algarve7.pt\\\/#organization\"},\"potentialAction\":[{\"@type\":\"SearchAction\",\"target\":{\"@type\":\"EntryPoint\",\"urlTemplate\":\"https:\\\/\\\/algarve7.pt\\\/?s={search_term_string}\"},\"query-input\":{\"@type\":\"PropertyValueSpecification\",\"valueRequired\":true,\"valueName\":\"search_term_string\"}}],\"inLanguage\":\"pt-PT\"},{\"@type\":\"Organization\",\"@id\":\"https:\\\/\\\/algarve7.pt\\\/#organization\",\"name\":\"Algarve 7\",\"url\":\"https:\\\/\\\/algarve7.pt\\\/\",\"logo\":{\"@type\":\"ImageObject\",\"inLanguage\":\"pt-PT\",\"@id\":\"https:\\\/\\\/algarve7.pt\\\/#\\\/schema\\\/logo\\\/image\\\/\",\"url\":\"https:\\\/\\\/algarve7.pt\\\/wp-content\\\/uploads\\\/2020\\\/10\\\/Logo-8.jpg\",\"contentUrl\":\"https:\\\/\\\/algarve7.pt\\\/wp-content\\\/uploads\\\/2020\\\/10\\\/Logo-8.jpg\",\"width\":1680,\"height\":1186,\"caption\":\"Algarve 7\"},\"image\":{\"@id\":\"https:\\\/\\\/algarve7.pt\\\/#\\\/schema\\\/logo\\\/image\\\/\"},\"sameAs\":[\"https:\\\/\\\/www.facebook.com\\\/algarve7\",\"https:\\\/\\\/x.com\\\/Algarvesete\",\"https:\\\/\\\/www.instagram.com\\\/jornalalgarve7\\\/\",\"https:\\\/\\\/www.linkedin.com\\\/company\\\/algarve7\",\"https:\\\/\\\/www.pinterest.pt\\\/geral0939\\\/_created\\\/\"]},{\"@type\":\"Person\",\"@id\":\"https:\\\/\\\/algarve7.pt\\\/#\\\/schema\\\/person\\\/23fa70681308e7b319a3204bcea45e0c\",\"name\":\"Algarve 7\",\"sameAs\":[\"https:\\\/\\\/algarve7.pt\",\"https:\\\/\\\/www.facebook.com\\\/algarve7\"],\"url\":\"https:\\\/\\\/algarve7.pt\\\/index.php\\\/author\\\/geralalgarve7-pt\\\/\"}]}<\/script>\n<!-- \/ Yoast SEO plugin. -->","yoast_head_json":{"title":"Alcoutim apresentou Plano de A\u00e7\u00e3o do Projeto \u00abAlcoutim Inclusivo\u00bb no \u00e2mbito do CLDS 5G\u00a0 - Algarve 7","description":"Alcoutim apresentou Plano de A\u00e7\u00e3o do Projeto \u00abAlcoutim Inclusivo\u00bb no \u00e2mbito do CLDS 5G\u00a0 Atualidade","robots":{"index":"index","follow":"follow","max-snippet":"max-snippet:-1","max-image-preview":"max-image-preview:large","max-video-preview":"max-video-preview:-1"},"canonical":"https:\/\/algarve7.pt\/index.php\/2025\/06\/alcoutim-apresentou-plano-de-acao-do-projeto-alcoutim-inclusivo-no-ambito-do-clds-5g\/atualidade\/09\/41\/","og_locale":"pt_PT","og_type":"article","og_title":"Alcoutim apresentou Plano de A\u00e7\u00e3o do Projeto \u00abAlcoutim Inclusivo\u00bb no \u00e2mbito do CLDS 5G\u00a0 - Algarve 7","og_description":"Alcoutim apresentou Plano de A\u00e7\u00e3o do Projeto \u00abAlcoutim Inclusivo\u00bb no \u00e2mbito do CLDS 5G\u00a0 Atualidade","og_url":"https:\/\/algarve7.pt\/index.php\/2025\/06\/alcoutim-apresentou-plano-de-acao-do-projeto-alcoutim-inclusivo-no-ambito-do-clds-5g\/atualidade\/09\/41\/","og_site_name":"Algarve 7","article_publisher":"https:\/\/www.facebook.com\/algarve7","article_author":"https:\/\/www.facebook.com\/algarve7","article_published_time":"2025-06-09T08:41:50+00:00","article_modified_time":"2025-06-09T08:41:53+00:00","og_image":[{"width":800,"height":500,"url":"https:\/\/algarve7.pt\/wp-content\/uploads\/2025\/06\/IMG_6204.jpg","type":"image\/jpeg"}],"author":"Algarve 7","twitter_card":"summary_large_image","twitter_creator":"@Algarvesete","twitter_site":"@Algarvesete","twitter_misc":{"Escrito por":"Algarve 7","Tempo estimado de leitura":"2 minutos"},"schema":{"@context":"https:\/\/schema.org","@graph":[{"@type":"Article","@id":"https:\/\/algarve7.pt\/index.php\/2025\/06\/alcoutim-apresentou-plano-de-acao-do-projeto-alcoutim-inclusivo-no-ambito-do-clds-5g\/atualidade\/09\/41\/#article","isPartOf":{"@id":"https:\/\/algarve7.pt\/index.php\/2025\/06\/alcoutim-apresentou-plano-de-acao-do-projeto-alcoutim-inclusivo-no-ambito-do-clds-5g\/atualidade\/09\/41\/"},"author":{"name":"Algarve 7","@id":"https:\/\/algarve7.pt\/#\/schema\/person\/23fa70681308e7b319a3204bcea45e0c"},"headline":"Alcoutim apresentou Plano de A\u00e7\u00e3o do Projeto \u00abAlcoutim Inclusivo\u00bb no \u00e2mbito do CLDS 5G\u00a0","datePublished":"2025-06-09T08:41:50+00:00","dateModified":"2025-06-09T08:41:53+00:00","mainEntityOfPage":{"@id":"https:\/\/algarve7.pt\/index.php\/2025\/06\/alcoutim-apresentou-plano-de-acao-do-projeto-alcoutim-inclusivo-no-ambito-do-clds-5g\/atualidade\/09\/41\/"},"wordCount":375,"publisher":{"@id":"https:\/\/algarve7.pt\/#organization"},"image":{"@id":"https:\/\/algarve7.pt\/index.php\/2025\/06\/alcoutim-apresentou-plano-de-acao-do-projeto-alcoutim-inclusivo-no-ambito-do-clds-5g\/atualidade\/09\/41\/#primaryimage"},"thumbnailUrl":"https:\/\/algarve7.pt\/wp-content\/uploads\/2025\/06\/IMG_6204.jpg","keywords":["Alcoutim","Algarve","Atualidade"],"articleSection":["Atualidade"],"inLanguage":"pt-PT"},{"@type":"WebPage","@id":"https:\/\/algarve7.pt\/index.php\/2025\/06\/alcoutim-apresentou-plano-de-acao-do-projeto-alcoutim-inclusivo-no-ambito-do-clds-5g\/atualidade\/09\/41\/","url":"https:\/\/algarve7.pt\/index.php\/2025\/06\/alcoutim-apresentou-plano-de-acao-do-projeto-alcoutim-inclusivo-no-ambito-do-clds-5g\/atualidade\/09\/41\/","name":"Alcoutim apresentou Plano de A\u00e7\u00e3o do Projeto \u00abAlcoutim Inclusivo\u00bb no \u00e2mbito do CLDS 5G\u00a0 - Algarve 7","isPartOf":{"@id":"https:\/\/algarve7.pt\/#website"},"primaryImageOfPage":{"@id":"https:\/\/algarve7.pt\/index.php\/2025\/06\/alcoutim-apresentou-plano-de-acao-do-projeto-alcoutim-inclusivo-no-ambito-do-clds-5g\/atualidade\/09\/41\/#primaryimage"},"image":{"@id":"https:\/\/algarve7.pt\/index.php\/2025\/06\/alcoutim-apresentou-plano-de-acao-do-projeto-alcoutim-inclusivo-no-ambito-do-clds-5g\/atualidade\/09\/41\/#primaryimage"},"thumbnailUrl":"https:\/\/algarve7.pt\/wp-content\/uploads\/2025\/06\/IMG_6204.jpg","datePublished":"2025-06-09T08:41:50+00:00","dateModified":"2025-06-09T08:41:53+00:00","description":"Alcoutim apresentou Plano de A\u00e7\u00e3o do Projeto \u00abAlcoutim Inclusivo\u00bb no \u00e2mbito do CLDS 5G\u00a0 Atualidade","breadcrumb":{"@id":"https:\/\/algarve7.pt\/index.php\/2025\/06\/alcoutim-apresentou-plano-de-acao-do-projeto-alcoutim-inclusivo-no-ambito-do-clds-5g\/atualidade\/09\/41\/#breadcrumb"},"inLanguage":"pt-PT","potentialAction":[{"@type":"ReadAction","target":["https:\/\/algarve7.pt\/index.php\/2025\/06\/alcoutim-apresentou-plano-de-acao-do-projeto-alcoutim-inclusivo-no-ambito-do-clds-5g\/atualidade\/09\/41\/"]}]},{"@type":"ImageObject","inLanguage":"pt-PT","@id":"https:\/\/algarve7.pt\/index.php\/2025\/06\/alcoutim-apresentou-plano-de-acao-do-projeto-alcoutim-inclusivo-no-ambito-do-clds-5g\/atualidade\/09\/41\/#primaryimage","url":"https:\/\/algarve7.pt\/wp-content\/uploads\/2025\/06\/IMG_6204.jpg","contentUrl":"https:\/\/algarve7.pt\/wp-content\/uploads\/2025\/06\/IMG_6204.jpg","width":800,"height":500},{"@type":"BreadcrumbList","@id":"https:\/\/algarve7.pt\/index.php\/2025\/06\/alcoutim-apresentou-plano-de-acao-do-projeto-alcoutim-inclusivo-no-ambito-do-clds-5g\/atualidade\/09\/41\/#breadcrumb","itemListElement":[{"@type":"ListItem","position":1,"name":"In\u00edcio","item":"https:\/\/algarve7.pt\/"},{"@type":"ListItem","position":2,"name":"Alcoutim apresentou Plano de A\u00e7\u00e3o do Projeto \u00abAlcoutim Inclusivo\u00bb no \u00e2mbito do CLDS 5G\u00a0"}]},{"@type":"WebSite","@id":"https:\/\/algarve7.pt\/#website","url":"https:\/\/algarve7.pt\/","name":"Algarve 7","description":"Informa\u00e7\u00e3o sobre o Algarve","publisher":{"@id":"https:\/\/algarve7.pt\/#organization"},"potentialAction":[{"@type":"SearchAction","target":{"@type":"EntryPoint","urlTemplate":"https:\/\/algarve7.pt\/?s={search_term_string}"},"query-input":{"@type":"PropertyValueSpecification","valueRequired":true,"valueName":"search_term_string"}}],"inLanguage":"pt-PT"},{"@type":"Organization","@id":"https:\/\/algarve7.pt\/#organization","name":"Algarve 7","url":"https:\/\/algarve7.pt\/","logo":{"@type":"ImageObject","inLanguage":"pt-PT","@id":"https:\/\/algarve7.pt\/#\/schema\/logo\/image\/","url":"https:\/\/algarve7.pt\/wp-content\/uploads\/2020\/10\/Logo-8.jpg","contentUrl":"https:\/\/algarve7.pt\/wp-content\/uploads\/2020\/10\/Logo-8.jpg","width":1680,"height":1186,"caption":"Algarve 7"},"image":{"@id":"https:\/\/algarve7.pt\/#\/schema\/logo\/image\/"},"sameAs":["https:\/\/www.facebook.com\/algarve7","https:\/\/x.com\/Algarvesete","https:\/\/www.instagram.com\/jornalalgarve7\/","https:\/\/www.linkedin.com\/company\/algarve7","https:\/\/www.pinterest.pt\/geral0939\/_created\/"]},{"@type":"Person","@id":"https:\/\/algarve7.pt\/#\/schema\/person\/23fa70681308e7b319a3204bcea45e0c","name":"Algarve 7","sameAs":["https:\/\/algarve7.pt","https:\/\/www.facebook.com\/algarve7"],"url":"https:\/\/algarve7.pt\/index.php\/author\/geralalgarve7-pt\/"}]}},"jetpack_publicize_connections":[],"jetpack_featured_media_url":"https:\/\/algarve7.pt\/wp-content\/uploads\/2025\/06\/IMG_6204.jpg","jetpack_shortlink":"https:\/\/wp.me\/pcezmW-dmb","jetpack_sharing_enabled":true,"_links":{"self":[{"href":"https:\/\/algarve7.pt\/index.php\/wp-json\/wp\/v2\/posts\/51347","targetHints":{"allow":["GET"]}}],"collection":[{"href":"https:\/\/algarve7.pt\/index.php\/wp-json\/wp\/v2\/posts"}],"about":[{"href":"https:\/\/algarve7.pt\/index.php\/wp-json\/wp\/v2\/types\/post"}],"author":[{"embeddable":true,"href":"https:\/\/algarve7.pt\/index.php\/wp-json\/wp\/v2\/users\/1"}],"replies":[{"embeddable":true,"href":"https:\/\/algarve7.pt\/index.php\/wp-json\/wp\/v2\/comments?post=51347"}],"version-history":[{"count":0,"href":"https:\/\/algarve7.pt\/index.php\/wp-json\/wp\/v2\/posts\/51347\/revisions"}],"wp:featuredmedia":[{"embeddable":true,"href":"https:\/\/algarve7.pt\/index.php\/wp-json\/wp\/v2\/media\/51348"}],"wp:attachment":[{"href":"https:\/\/algarve7.pt\/index.php\/wp-json\/wp\/v2\/media?parent=51347"}],"wp:term":[{"taxonomy":"category","embeddable":true,"href":"https:\/\/algarve7.pt\/index.php\/wp-json\/wp\/v2\/categories?post=51347"},{"taxonomy":"post_tag","embeddable":true,"href":"https:\/\/algarve7.pt\/index.php\/wp-json\/wp\/v2\/tags?post=51347"}],"curies":[{"name":"wp","href":"https:\/\/api.w.org\/{rel}","templated":true}]}}