{"id":51338,"date":"2025-06-09T07:40:00","date_gmt":"2025-06-09T06:40:00","guid":{"rendered":"https:\/\/algarve7.pt\/?p=51338"},"modified":"2025-06-07T11:28:09","modified_gmt":"2025-06-07T10:28:09","slug":"concerto-de-jonas-maca-dadao-no-auditorio-carlos-do-carmo-em-lagoa","status":"publish","type":"post","link":"https:\/\/algarve7.pt\/index.php\/2025\/06\/concerto-de-jonas-maca-dadao-no-auditorio-carlos-do-carmo-em-lagoa\/cultura\/07\/40\/","title":{"rendered":"Concerto de Jonas \u2013 \u201cMa\u00e7\u00e3 D\u2019Ad\u00e3o\u201d no Audit\u00f3rio Carlos do Carmo em Lagoa"},"content":{"rendered":"\n<p>O\u00a0Audit\u00f3rio Carlos do Carmo, em Lagoa, apresenta mais um grande espet\u00e1culo no pr\u00f3ximo dia 14 de junho, pelas 21h00 ao receber em palco o concerto <strong>Jonas &#8211; Ma\u00e7\u00e3 D&#8217;Ad\u00e3o<\/strong>, celebrando toda a riqueza cultural presente nas sonoridades do Fado! Os\u00a0<a href=\"https:\/\/22.kmitd2.com\/go\/51138d0e19a779a880cc1928c6baa392cc08-30ded457c5d409e5e6zX8e1sp9wehgec4\" target=\"_blank\" rel=\"noreferrer noopener\">bilhetes<\/a>\u00a0j\u00e1 se encontram \u00e0 venda.<\/p>\n\n\n\n<p>Sinopse: Ma\u00e7\u00e3 d\u2019Ad\u00e3o \u00e9 o novo \u00e1lbum do compositor, autor, core\u00f3grafo e fadista Jonas. Um projeto que, em tempos de conflito e intoler\u00e2ncia, celebra toda a riqueza cultural presente nas sonoridades do Fado. Numa viagem sonora que navega por entre influ\u00eancias gitanas, ib\u00e9ricas, mouriscas e afrobrasileiras, entre outras, este \u00e9 um Fado que nos chega em toda a sua mundivid\u00eancia, um Fado que vai beber \u00e0s suas origens e resgata a dan\u00e7a extinta do Fado Batido.<\/p>\n\n\n\n<p><br>Partindo do primeiro cap\u00edtulo b\u00edblico &#8211; G\u00e9nesis &#8211; todo ele ligado \u00e0 cria\u00e7\u00e3o, Ma\u00e7\u00e3 d\u2019Ad\u00e3o recupera, tamb\u00e9m, a dimens\u00e3o m\u00edstica do fado, no sagrado e no profano, e abra\u00e7a uma ideia de destino, de roda da fortuna e de or\u00e1culos, como a leitura das m\u00e3os, os b\u00fazios ou o tar\u00f4.<\/p>\n\n\n\n<p><br>Ma\u00e7\u00e3 d\u2019Ad\u00e3o \u00e9 o segundo disco do cantautor Jonas, um projeto \u00fanico que reconstr\u00f3i, reinterpreta e projeta dimens\u00f5es do Fado que se foram perdendo ao longo do tempo.<\/p>\n\n\n\n<p>Ficha Art\u00edstica:<br>Dire\u00e7\u00e3o Art\u00edstica: Jonas<br>Apoio Dramat\u00fargico: Lander Patrick<br>Coreografia: Jonas&amp;Lander<br>Interpreta\u00e7\u00e3o: Bernardo Rom\u00e3o, H\u00e9lder Machado, Jonas, Lander Patrick, Lewis Seivwright, Tiago Valentim e Yami Aloelela<br>Dire\u00e7\u00e3o Musical: Tiago Valentim<br>Cenografia: Bruno Sim\u00e3o e In\u00eas Abrunhosa<br>Figurinos: Filipa Brito<br>Desenho de Luz: Rui Daniel<br>Opera\u00e7\u00e3o de Som: Filipe Peres<br>T\u00e9cnico de Palco: F\u00e1bio Rocha de Carvalho<br>Casa de Produ\u00e7\u00e3o: Associa\u00e7\u00e3o Cultural Sinistra<br>Dire\u00e7\u00e3o de Produ\u00e7\u00e3o: Nuno Eus\u00e9bio<br>Difus\u00e3o: In\u00eas Le Gu\u00e9<br>Gest\u00e3o Administrativa e Financeira: Patr\u00edcia Duarte &nbsp;<br>Produ\u00e7\u00e3o Executiva: Sara Alexandra<br>Coprodu\u00e7\u00e3o: Centro Cultural Olga Cadaval, Cineteatro Louletano, Munic\u00edpio de Alcanena, Munic\u00edpio de Pombal, Teatro Diogo Bernardes, Teatro Jos\u00e9 L\u00facio da Silva<br>Apoio \u00e0 Cria\u00e7\u00e3o: Casa Varela, Est\u00fadios Victor C\u00f3rdon\/Opart, Largo Resid\u00eancias, O Espa\u00e7o do Tempo, Pro.dan\u00e7a<br>Apoio Financeiro: Fundo Cultural da Sociedade Portuguesa de Autores<br>Discografia: Valentim de Carvalho<br>A Sinistra \u00e9 uma estrutura apoiada pela Rep\u00fablica Portuguesa &#8211; Cultura I DGARTES \u2013 Dire\u00e7\u00e3o-Geral das Artes.<br>&nbsp;<\/p>\n\n\n\n<p>Os bilhetes custam&nbsp;<strong>12\u20ac<\/strong>&nbsp;(desconto dispon\u00edvel para portadores do Passaporte Cultural, dispon\u00edvel nas bilheteiras do Munic\u00edpio de Lagoa) e j\u00e1 se encontram \u00e0 venda na&nbsp;<a href=\"https:\/\/22.kmitd2.com\/go\/51138d0e19a779a880cc1928c6baa392cc08-30ded457c5d409e5e6zX8e1sp9wehgec4\" target=\"_blank\" rel=\"noreferrer noopener\">Bilheteira Online<\/a>, nas bilheteiras dos CTT, da Fnac, Worten, Audit\u00f3rio Carlos do Carmo, Centro Cultural Convento de S. Jos\u00e9 e Balc\u00e3o \u00danico da C\u00e2mara Municipal de Lagoa.<\/p>\n","protected":false},"excerpt":{"rendered":"<p>O\u00a0Audit\u00f3rio Carlos do Carmo, em Lagoa, apresenta mais um grande espet\u00e1culo no pr\u00f3ximo dia 14 de junho, pelas 21h00 ao<\/p>\n","protected":false},"author":1,"featured_media":51339,"comment_status":"closed","ping_status":"closed","sticky":false,"template":"","format":"standard","meta":{"colormag_page_container_layout":"default_layout","colormag_page_sidebar_layout":"default_layout","_monsterinsights_skip_tracking":false,"_monsterinsights_sitenote_active":false,"_monsterinsights_sitenote_note":"","_monsterinsights_sitenote_category":0,"jetpack_post_was_ever_published":false,"_jetpack_newsletter_access":"","_jetpack_dont_email_post_to_subs":false,"_jetpack_newsletter_tier_id":0,"_jetpack_memberships_contains_paywalled_content":false,"_jetpack_memberships_contains_paid_content":false,"footnotes":"","jetpack_publicize_message":"","jetpack_publicize_feature_enabled":true,"jetpack_social_post_already_shared":true,"jetpack_social_options":{"image_generator_settings":{"template":"highway","default_image_id":0,"font":"","enabled":false},"version":2}},"categories":[14],"tags":[36,35,48],"class_list":["post-51338","post","type-post","status-publish","format-standard","has-post-thumbnail","hentry","category-cultura","tag-algarve","tag-cultura","tag-lagoa"],"yoast_head":"<!-- This site is optimized with the Yoast SEO plugin v27.5 - https:\/\/yoast.com\/product\/yoast-seo-wordpress\/ -->\n<title>Concerto de Jonas \u2013 \u201cMa\u00e7\u00e3 D\u2019Ad\u00e3o\u201d no Audit\u00f3rio Carlos do Carmo em Lagoa - Algarve 7<\/title>\n<meta name=\"description\" content=\"Concerto de Jonas \u2013 \u201cMa\u00e7\u00e3 D\u2019Ad\u00e3o\u201d no Audit\u00f3rio Carlos do Carmo em Lagoa Cultura\" \/>\n<meta name=\"robots\" content=\"index, follow, max-snippet:-1, max-image-preview:large, max-video-preview:-1\" \/>\n<link rel=\"canonical\" href=\"https:\/\/algarve7.pt\/index.php\/2025\/06\/concerto-de-jonas-maca-dadao-no-auditorio-carlos-do-carmo-em-lagoa\/cultura\/07\/40\/\" \/>\n<meta property=\"og:locale\" content=\"pt_PT\" \/>\n<meta property=\"og:type\" content=\"article\" \/>\n<meta property=\"og:title\" content=\"Concerto de Jonas \u2013 \u201cMa\u00e7\u00e3 D\u2019Ad\u00e3o\u201d no Audit\u00f3rio Carlos do Carmo em Lagoa - Algarve 7\" \/>\n<meta property=\"og:description\" content=\"Concerto de Jonas \u2013 \u201cMa\u00e7\u00e3 D\u2019Ad\u00e3o\u201d no Audit\u00f3rio Carlos do Carmo em Lagoa Cultura\" \/>\n<meta property=\"og:url\" content=\"https:\/\/algarve7.pt\/index.php\/2025\/06\/concerto-de-jonas-maca-dadao-no-auditorio-carlos-do-carmo-em-lagoa\/cultura\/07\/40\/\" \/>\n<meta property=\"og:site_name\" content=\"Algarve 7\" \/>\n<meta property=\"article:publisher\" content=\"https:\/\/www.facebook.com\/algarve7\" \/>\n<meta property=\"article:author\" content=\"https:\/\/www.facebook.com\/algarve7\" \/>\n<meta property=\"article:published_time\" content=\"2025-06-09T06:40:00+00:00\" \/>\n<meta property=\"og:image\" content=\"https:\/\/algarve7.pt\/wp-content\/uploads\/2025\/06\/Captura-de-ecra-2025-06-07-as-11.24.40.png\" \/>\n\t<meta property=\"og:image:width\" content=\"800\" \/>\n\t<meta property=\"og:image:height\" content=\"500\" \/>\n\t<meta property=\"og:image:type\" content=\"image\/png\" \/>\n<meta name=\"author\" content=\"Algarve 7\" \/>\n<meta name=\"twitter:card\" content=\"summary_large_image\" \/>\n<meta name=\"twitter:creator\" content=\"@Algarvesete\" \/>\n<meta name=\"twitter:site\" content=\"@Algarvesete\" \/>\n<meta name=\"twitter:label1\" content=\"Escrito por\" \/>\n\t<meta name=\"twitter:data1\" content=\"Algarve 7\" \/>\n\t<meta name=\"twitter:label2\" content=\"Tempo estimado de leitura\" \/>\n\t<meta name=\"twitter:data2\" content=\"3 minutos\" \/>\n<script type=\"application\/ld+json\" class=\"yoast-schema-graph\">{\"@context\":\"https:\\\/\\\/schema.org\",\"@graph\":[{\"@type\":\"Article\",\"@id\":\"https:\\\/\\\/algarve7.pt\\\/index.php\\\/2025\\\/06\\\/concerto-de-jonas-maca-dadao-no-auditorio-carlos-do-carmo-em-lagoa\\\/cultura\\\/07\\\/40\\\/#article\",\"isPartOf\":{\"@id\":\"https:\\\/\\\/algarve7.pt\\\/index.php\\\/2025\\\/06\\\/concerto-de-jonas-maca-dadao-no-auditorio-carlos-do-carmo-em-lagoa\\\/cultura\\\/07\\\/40\\\/\"},\"author\":{\"name\":\"Algarve 7\",\"@id\":\"https:\\\/\\\/algarve7.pt\\\/#\\\/schema\\\/person\\\/23fa70681308e7b319a3204bcea45e0c\"},\"headline\":\"Concerto de Jonas \u2013 \u201cMa\u00e7\u00e3 D\u2019Ad\u00e3o\u201d no Audit\u00f3rio Carlos do Carmo em Lagoa\",\"datePublished\":\"2025-06-09T06:40:00+00:00\",\"mainEntityOfPage\":{\"@id\":\"https:\\\/\\\/algarve7.pt\\\/index.php\\\/2025\\\/06\\\/concerto-de-jonas-maca-dadao-no-auditorio-carlos-do-carmo-em-lagoa\\\/cultura\\\/07\\\/40\\\/\"},\"wordCount\":467,\"publisher\":{\"@id\":\"https:\\\/\\\/algarve7.pt\\\/#organization\"},\"image\":{\"@id\":\"https:\\\/\\\/algarve7.pt\\\/index.php\\\/2025\\\/06\\\/concerto-de-jonas-maca-dadao-no-auditorio-carlos-do-carmo-em-lagoa\\\/cultura\\\/07\\\/40\\\/#primaryimage\"},\"thumbnailUrl\":\"https:\\\/\\\/algarve7.pt\\\/wp-content\\\/uploads\\\/2025\\\/06\\\/Captura-de-ecra-2025-06-07-as-11.24.40.png\",\"keywords\":[\"Algarve\",\"Cultura\",\"Lagoa\"],\"articleSection\":[\"Cultura\"],\"inLanguage\":\"pt-PT\"},{\"@type\":\"WebPage\",\"@id\":\"https:\\\/\\\/algarve7.pt\\\/index.php\\\/2025\\\/06\\\/concerto-de-jonas-maca-dadao-no-auditorio-carlos-do-carmo-em-lagoa\\\/cultura\\\/07\\\/40\\\/\",\"url\":\"https:\\\/\\\/algarve7.pt\\\/index.php\\\/2025\\\/06\\\/concerto-de-jonas-maca-dadao-no-auditorio-carlos-do-carmo-em-lagoa\\\/cultura\\\/07\\\/40\\\/\",\"name\":\"Concerto de Jonas \u2013 \u201cMa\u00e7\u00e3 D\u2019Ad\u00e3o\u201d no Audit\u00f3rio Carlos do Carmo em Lagoa - Algarve 7\",\"isPartOf\":{\"@id\":\"https:\\\/\\\/algarve7.pt\\\/#website\"},\"primaryImageOfPage\":{\"@id\":\"https:\\\/\\\/algarve7.pt\\\/index.php\\\/2025\\\/06\\\/concerto-de-jonas-maca-dadao-no-auditorio-carlos-do-carmo-em-lagoa\\\/cultura\\\/07\\\/40\\\/#primaryimage\"},\"image\":{\"@id\":\"https:\\\/\\\/algarve7.pt\\\/index.php\\\/2025\\\/06\\\/concerto-de-jonas-maca-dadao-no-auditorio-carlos-do-carmo-em-lagoa\\\/cultura\\\/07\\\/40\\\/#primaryimage\"},\"thumbnailUrl\":\"https:\\\/\\\/algarve7.pt\\\/wp-content\\\/uploads\\\/2025\\\/06\\\/Captura-de-ecra-2025-06-07-as-11.24.40.png\",\"datePublished\":\"2025-06-09T06:40:00+00:00\",\"description\":\"Concerto de Jonas \u2013 \u201cMa\u00e7\u00e3 D\u2019Ad\u00e3o\u201d no Audit\u00f3rio Carlos do Carmo em Lagoa Cultura\",\"breadcrumb\":{\"@id\":\"https:\\\/\\\/algarve7.pt\\\/index.php\\\/2025\\\/06\\\/concerto-de-jonas-maca-dadao-no-auditorio-carlos-do-carmo-em-lagoa\\\/cultura\\\/07\\\/40\\\/#breadcrumb\"},\"inLanguage\":\"pt-PT\",\"potentialAction\":[{\"@type\":\"ReadAction\",\"target\":[\"https:\\\/\\\/algarve7.pt\\\/index.php\\\/2025\\\/06\\\/concerto-de-jonas-maca-dadao-no-auditorio-carlos-do-carmo-em-lagoa\\\/cultura\\\/07\\\/40\\\/\"]}]},{\"@type\":\"ImageObject\",\"inLanguage\":\"pt-PT\",\"@id\":\"https:\\\/\\\/algarve7.pt\\\/index.php\\\/2025\\\/06\\\/concerto-de-jonas-maca-dadao-no-auditorio-carlos-do-carmo-em-lagoa\\\/cultura\\\/07\\\/40\\\/#primaryimage\",\"url\":\"https:\\\/\\\/algarve7.pt\\\/wp-content\\\/uploads\\\/2025\\\/06\\\/Captura-de-ecra-2025-06-07-as-11.24.40.png\",\"contentUrl\":\"https:\\\/\\\/algarve7.pt\\\/wp-content\\\/uploads\\\/2025\\\/06\\\/Captura-de-ecra-2025-06-07-as-11.24.40.png\",\"width\":800,\"height\":500},{\"@type\":\"BreadcrumbList\",\"@id\":\"https:\\\/\\\/algarve7.pt\\\/index.php\\\/2025\\\/06\\\/concerto-de-jonas-maca-dadao-no-auditorio-carlos-do-carmo-em-lagoa\\\/cultura\\\/07\\\/40\\\/#breadcrumb\",\"itemListElement\":[{\"@type\":\"ListItem\",\"position\":1,\"name\":\"In\u00edcio\",\"item\":\"https:\\\/\\\/algarve7.pt\\\/\"},{\"@type\":\"ListItem\",\"position\":2,\"name\":\"Concerto de Jonas \u2013 \u201cMa\u00e7\u00e3 D\u2019Ad\u00e3o\u201d no Audit\u00f3rio Carlos do Carmo em Lagoa\"}]},{\"@type\":\"WebSite\",\"@id\":\"https:\\\/\\\/algarve7.pt\\\/#website\",\"url\":\"https:\\\/\\\/algarve7.pt\\\/\",\"name\":\"Algarve 7\",\"description\":\"Informa\u00e7\u00e3o sobre o Algarve\",\"publisher\":{\"@id\":\"https:\\\/\\\/algarve7.pt\\\/#organization\"},\"potentialAction\":[{\"@type\":\"SearchAction\",\"target\":{\"@type\":\"EntryPoint\",\"urlTemplate\":\"https:\\\/\\\/algarve7.pt\\\/?s={search_term_string}\"},\"query-input\":{\"@type\":\"PropertyValueSpecification\",\"valueRequired\":true,\"valueName\":\"search_term_string\"}}],\"inLanguage\":\"pt-PT\"},{\"@type\":\"Organization\",\"@id\":\"https:\\\/\\\/algarve7.pt\\\/#organization\",\"name\":\"Algarve 7\",\"url\":\"https:\\\/\\\/algarve7.pt\\\/\",\"logo\":{\"@type\":\"ImageObject\",\"inLanguage\":\"pt-PT\",\"@id\":\"https:\\\/\\\/algarve7.pt\\\/#\\\/schema\\\/logo\\\/image\\\/\",\"url\":\"https:\\\/\\\/algarve7.pt\\\/wp-content\\\/uploads\\\/2020\\\/10\\\/Logo-8.jpg\",\"contentUrl\":\"https:\\\/\\\/algarve7.pt\\\/wp-content\\\/uploads\\\/2020\\\/10\\\/Logo-8.jpg\",\"width\":1680,\"height\":1186,\"caption\":\"Algarve 7\"},\"image\":{\"@id\":\"https:\\\/\\\/algarve7.pt\\\/#\\\/schema\\\/logo\\\/image\\\/\"},\"sameAs\":[\"https:\\\/\\\/www.facebook.com\\\/algarve7\",\"https:\\\/\\\/x.com\\\/Algarvesete\",\"https:\\\/\\\/www.instagram.com\\\/jornalalgarve7\\\/\",\"https:\\\/\\\/www.linkedin.com\\\/company\\\/algarve7\",\"https:\\\/\\\/www.pinterest.pt\\\/geral0939\\\/_created\\\/\"]},{\"@type\":\"Person\",\"@id\":\"https:\\\/\\\/algarve7.pt\\\/#\\\/schema\\\/person\\\/23fa70681308e7b319a3204bcea45e0c\",\"name\":\"Algarve 7\",\"sameAs\":[\"https:\\\/\\\/algarve7.pt\",\"https:\\\/\\\/www.facebook.com\\\/algarve7\"],\"url\":\"https:\\\/\\\/algarve7.pt\\\/index.php\\\/author\\\/geralalgarve7-pt\\\/\"}]}<\/script>\n<!-- \/ Yoast SEO plugin. -->","yoast_head_json":{"title":"Concerto de Jonas \u2013 \u201cMa\u00e7\u00e3 D\u2019Ad\u00e3o\u201d no Audit\u00f3rio Carlos do Carmo em Lagoa - Algarve 7","description":"Concerto de Jonas \u2013 \u201cMa\u00e7\u00e3 D\u2019Ad\u00e3o\u201d no Audit\u00f3rio Carlos do Carmo em Lagoa Cultura","robots":{"index":"index","follow":"follow","max-snippet":"max-snippet:-1","max-image-preview":"max-image-preview:large","max-video-preview":"max-video-preview:-1"},"canonical":"https:\/\/algarve7.pt\/index.php\/2025\/06\/concerto-de-jonas-maca-dadao-no-auditorio-carlos-do-carmo-em-lagoa\/cultura\/07\/40\/","og_locale":"pt_PT","og_type":"article","og_title":"Concerto de Jonas \u2013 \u201cMa\u00e7\u00e3 D\u2019Ad\u00e3o\u201d no Audit\u00f3rio Carlos do Carmo em Lagoa - Algarve 7","og_description":"Concerto de Jonas \u2013 \u201cMa\u00e7\u00e3 D\u2019Ad\u00e3o\u201d no Audit\u00f3rio Carlos do Carmo em Lagoa Cultura","og_url":"https:\/\/algarve7.pt\/index.php\/2025\/06\/concerto-de-jonas-maca-dadao-no-auditorio-carlos-do-carmo-em-lagoa\/cultura\/07\/40\/","og_site_name":"Algarve 7","article_publisher":"https:\/\/www.facebook.com\/algarve7","article_author":"https:\/\/www.facebook.com\/algarve7","article_published_time":"2025-06-09T06:40:00+00:00","og_image":[{"width":800,"height":500,"url":"https:\/\/algarve7.pt\/wp-content\/uploads\/2025\/06\/Captura-de-ecra-2025-06-07-as-11.24.40.png","type":"image\/png"}],"author":"Algarve 7","twitter_card":"summary_large_image","twitter_creator":"@Algarvesete","twitter_site":"@Algarvesete","twitter_misc":{"Escrito por":"Algarve 7","Tempo estimado de leitura":"3 minutos"},"schema":{"@context":"https:\/\/schema.org","@graph":[{"@type":"Article","@id":"https:\/\/algarve7.pt\/index.php\/2025\/06\/concerto-de-jonas-maca-dadao-no-auditorio-carlos-do-carmo-em-lagoa\/cultura\/07\/40\/#article","isPartOf":{"@id":"https:\/\/algarve7.pt\/index.php\/2025\/06\/concerto-de-jonas-maca-dadao-no-auditorio-carlos-do-carmo-em-lagoa\/cultura\/07\/40\/"},"author":{"name":"Algarve 7","@id":"https:\/\/algarve7.pt\/#\/schema\/person\/23fa70681308e7b319a3204bcea45e0c"},"headline":"Concerto de Jonas \u2013 \u201cMa\u00e7\u00e3 D\u2019Ad\u00e3o\u201d no Audit\u00f3rio Carlos do Carmo em Lagoa","datePublished":"2025-06-09T06:40:00+00:00","mainEntityOfPage":{"@id":"https:\/\/algarve7.pt\/index.php\/2025\/06\/concerto-de-jonas-maca-dadao-no-auditorio-carlos-do-carmo-em-lagoa\/cultura\/07\/40\/"},"wordCount":467,"publisher":{"@id":"https:\/\/algarve7.pt\/#organization"},"image":{"@id":"https:\/\/algarve7.pt\/index.php\/2025\/06\/concerto-de-jonas-maca-dadao-no-auditorio-carlos-do-carmo-em-lagoa\/cultura\/07\/40\/#primaryimage"},"thumbnailUrl":"https:\/\/algarve7.pt\/wp-content\/uploads\/2025\/06\/Captura-de-ecra-2025-06-07-as-11.24.40.png","keywords":["Algarve","Cultura","Lagoa"],"articleSection":["Cultura"],"inLanguage":"pt-PT"},{"@type":"WebPage","@id":"https:\/\/algarve7.pt\/index.php\/2025\/06\/concerto-de-jonas-maca-dadao-no-auditorio-carlos-do-carmo-em-lagoa\/cultura\/07\/40\/","url":"https:\/\/algarve7.pt\/index.php\/2025\/06\/concerto-de-jonas-maca-dadao-no-auditorio-carlos-do-carmo-em-lagoa\/cultura\/07\/40\/","name":"Concerto de Jonas \u2013 \u201cMa\u00e7\u00e3 D\u2019Ad\u00e3o\u201d no Audit\u00f3rio Carlos do Carmo em Lagoa - Algarve 7","isPartOf":{"@id":"https:\/\/algarve7.pt\/#website"},"primaryImageOfPage":{"@id":"https:\/\/algarve7.pt\/index.php\/2025\/06\/concerto-de-jonas-maca-dadao-no-auditorio-carlos-do-carmo-em-lagoa\/cultura\/07\/40\/#primaryimage"},"image":{"@id":"https:\/\/algarve7.pt\/index.php\/2025\/06\/concerto-de-jonas-maca-dadao-no-auditorio-carlos-do-carmo-em-lagoa\/cultura\/07\/40\/#primaryimage"},"thumbnailUrl":"https:\/\/algarve7.pt\/wp-content\/uploads\/2025\/06\/Captura-de-ecra-2025-06-07-as-11.24.40.png","datePublished":"2025-06-09T06:40:00+00:00","description":"Concerto de Jonas \u2013 \u201cMa\u00e7\u00e3 D\u2019Ad\u00e3o\u201d no Audit\u00f3rio Carlos do Carmo em Lagoa Cultura","breadcrumb":{"@id":"https:\/\/algarve7.pt\/index.php\/2025\/06\/concerto-de-jonas-maca-dadao-no-auditorio-carlos-do-carmo-em-lagoa\/cultura\/07\/40\/#breadcrumb"},"inLanguage":"pt-PT","potentialAction":[{"@type":"ReadAction","target":["https:\/\/algarve7.pt\/index.php\/2025\/06\/concerto-de-jonas-maca-dadao-no-auditorio-carlos-do-carmo-em-lagoa\/cultura\/07\/40\/"]}]},{"@type":"ImageObject","inLanguage":"pt-PT","@id":"https:\/\/algarve7.pt\/index.php\/2025\/06\/concerto-de-jonas-maca-dadao-no-auditorio-carlos-do-carmo-em-lagoa\/cultura\/07\/40\/#primaryimage","url":"https:\/\/algarve7.pt\/wp-content\/uploads\/2025\/06\/Captura-de-ecra-2025-06-07-as-11.24.40.png","contentUrl":"https:\/\/algarve7.pt\/wp-content\/uploads\/2025\/06\/Captura-de-ecra-2025-06-07-as-11.24.40.png","width":800,"height":500},{"@type":"BreadcrumbList","@id":"https:\/\/algarve7.pt\/index.php\/2025\/06\/concerto-de-jonas-maca-dadao-no-auditorio-carlos-do-carmo-em-lagoa\/cultura\/07\/40\/#breadcrumb","itemListElement":[{"@type":"ListItem","position":1,"name":"In\u00edcio","item":"https:\/\/algarve7.pt\/"},{"@type":"ListItem","position":2,"name":"Concerto de Jonas \u2013 \u201cMa\u00e7\u00e3 D\u2019Ad\u00e3o\u201d no Audit\u00f3rio Carlos do Carmo em Lagoa"}]},{"@type":"WebSite","@id":"https:\/\/algarve7.pt\/#website","url":"https:\/\/algarve7.pt\/","name":"Algarve 7","description":"Informa\u00e7\u00e3o sobre o Algarve","publisher":{"@id":"https:\/\/algarve7.pt\/#organization"},"potentialAction":[{"@type":"SearchAction","target":{"@type":"EntryPoint","urlTemplate":"https:\/\/algarve7.pt\/?s={search_term_string}"},"query-input":{"@type":"PropertyValueSpecification","valueRequired":true,"valueName":"search_term_string"}}],"inLanguage":"pt-PT"},{"@type":"Organization","@id":"https:\/\/algarve7.pt\/#organization","name":"Algarve 7","url":"https:\/\/algarve7.pt\/","logo":{"@type":"ImageObject","inLanguage":"pt-PT","@id":"https:\/\/algarve7.pt\/#\/schema\/logo\/image\/","url":"https:\/\/algarve7.pt\/wp-content\/uploads\/2020\/10\/Logo-8.jpg","contentUrl":"https:\/\/algarve7.pt\/wp-content\/uploads\/2020\/10\/Logo-8.jpg","width":1680,"height":1186,"caption":"Algarve 7"},"image":{"@id":"https:\/\/algarve7.pt\/#\/schema\/logo\/image\/"},"sameAs":["https:\/\/www.facebook.com\/algarve7","https:\/\/x.com\/Algarvesete","https:\/\/www.instagram.com\/jornalalgarve7\/","https:\/\/www.linkedin.com\/company\/algarve7","https:\/\/www.pinterest.pt\/geral0939\/_created\/"]},{"@type":"Person","@id":"https:\/\/algarve7.pt\/#\/schema\/person\/23fa70681308e7b319a3204bcea45e0c","name":"Algarve 7","sameAs":["https:\/\/algarve7.pt","https:\/\/www.facebook.com\/algarve7"],"url":"https:\/\/algarve7.pt\/index.php\/author\/geralalgarve7-pt\/"}]}},"jetpack_publicize_connections":[],"jetpack_featured_media_url":"https:\/\/algarve7.pt\/wp-content\/uploads\/2025\/06\/Captura-de-ecra-2025-06-07-as-11.24.40.png","jetpack_shortlink":"https:\/\/wp.me\/pcezmW-dm2","jetpack_sharing_enabled":true,"_links":{"self":[{"href":"https:\/\/algarve7.pt\/index.php\/wp-json\/wp\/v2\/posts\/51338","targetHints":{"allow":["GET"]}}],"collection":[{"href":"https:\/\/algarve7.pt\/index.php\/wp-json\/wp\/v2\/posts"}],"about":[{"href":"https:\/\/algarve7.pt\/index.php\/wp-json\/wp\/v2\/types\/post"}],"author":[{"embeddable":true,"href":"https:\/\/algarve7.pt\/index.php\/wp-json\/wp\/v2\/users\/1"}],"replies":[{"embeddable":true,"href":"https:\/\/algarve7.pt\/index.php\/wp-json\/wp\/v2\/comments?post=51338"}],"version-history":[{"count":0,"href":"https:\/\/algarve7.pt\/index.php\/wp-json\/wp\/v2\/posts\/51338\/revisions"}],"wp:featuredmedia":[{"embeddable":true,"href":"https:\/\/algarve7.pt\/index.php\/wp-json\/wp\/v2\/media\/51339"}],"wp:attachment":[{"href":"https:\/\/algarve7.pt\/index.php\/wp-json\/wp\/v2\/media?parent=51338"}],"wp:term":[{"taxonomy":"category","embeddable":true,"href":"https:\/\/algarve7.pt\/index.php\/wp-json\/wp\/v2\/categories?post=51338"},{"taxonomy":"post_tag","embeddable":true,"href":"https:\/\/algarve7.pt\/index.php\/wp-json\/wp\/v2\/tags?post=51338"}],"curies":[{"name":"wp","href":"https:\/\/api.w.org\/{rel}","templated":true}]}}