{"id":51286,"date":"2025-06-07T09:25:00","date_gmt":"2025-06-07T08:25:00","guid":{"rendered":"https:\/\/algarve7.pt\/?p=51286"},"modified":"2025-06-06T08:54:57","modified_gmt":"2025-06-06T07:54:57","slug":"albufeira-ferias-de-verao-gaj-estao-de-regresso-e-ha-440-vagas-por-preencher","status":"publish","type":"post","link":"https:\/\/algarve7.pt\/index.php\/2025\/06\/albufeira-ferias-de-verao-gaj-estao-de-regresso-e-ha-440-vagas-por-preencher\/atualidade\/09\/25\/","title":{"rendered":"Albufeira: \u201cF\u00e9rias de ver\u00e3o GAJ\u201d est\u00e3o de regresso e h\u00e1 440 vagas por preencher"},"content":{"rendered":"\n<p>As atividades de f\u00e9rias de Ver\u00e3o 2025 do Gabinete da Juventude de Albufeira est\u00e3o de regresso e ter\u00e3o lugar entre os dias 30 de junho e 22 de agosto, divididas por 4 quinzenas: 1\u00aa quinzena \u2013 30 de junho a 11 de julho; 2\u00aa quinzena \u2013 14 a 25 de julho; 3\u00aa quinzena \u2013 28 de julho a 8 de agosto e 4\u00aa quinzena, de 11 a 22 de agosto.<\/p>\n\n\n\n<p>Haver\u00e1 dois projetos em simult\u00e2neo: \u201cJuventude em a\u00e7\u00e3o\u201d para os participantes de idades entre os 13 e os 18 anos e \u201cInfantis em A\u00e7\u00e3o\u201d, para os participantes dos 10 aos 12 anos. O projeto dos jovens compreende, entre diversas atividades, passeios Jeep Safari, idas \u00e0 Isla M\u00e1gica e muita divers\u00e3o em parques aqu\u00e1ticos. O projeto destinado aos mais novos oferece muitas atividades, entre as quais Escape Room, divers\u00e3o em parques aqu\u00e1ticos e parques de trampolins. O \u201cJuventude em A\u00e7\u00e3o\u201d acolhe 60 jovens por quinzena e o \u201cInfantis em A\u00e7\u00e3o\u201d, 50 participantes por quinzena.<\/p>\n\n\n\n<p>\u201cEste ano temos um total de 440 vagas para os nossos jovens viverem em pleno o seu per\u00edodo de f\u00e9rias escolares. No ano passado t\u00ednhamos 256 vagas, pelo que conseguimos um aumento de 184 vagas, esperando poder continuar a ampliar esta oportunidade aos nossos jovens, que aderem de modo significativo a estas a\u00e7\u00f5es\u201d, refere o presidente do Munic\u00edpio de Albufeira, Jos\u00e9 Carlos Rolo.<\/p>\n\n\n\n<p>Cristiano Cabrita, vice-presidente da autarquia e respons\u00e1vel pela \u00e1rea do Desporto e Juventude fala de uma \u201caposta muito grande na juventude e nas crian\u00e7as de Albufeira\u201d, de modo a \u201cproporcionar de modo equitativo a possibilidade de estabelecerem novas rela\u00e7\u00f5es de conv\u00edvio, conhecerem outras realidades e de fomentarem a sua participa\u00e7\u00e3o na vida do concelho de um modo s\u00e3o e enriquecedor a v\u00e1rios n\u00edveis\u201d.<\/p>\n\n\n\n<p>As inscri\u00e7\u00f5es decorrem hoje e amanh\u00e3 (09h00- 14h00) para o projeto\u00a0\ud835\udddd\ud835\ude02\ud835\ude03\ud835\uddf2\ud835\uddfb\ud835\ude01\ud835\ude02\ud835\uddf1\ud835\uddf2\u00a0\ud835\uddf2\ud835\uddfa\u00a0\ud835\uddd4\ud835\uddf0\u0327\ud835\uddee\u0303\ud835\uddfc\u00a0(clicar sobre a frase para aceder \u00e0s inscri\u00e7\u00f5es) e os interessados em participar no\u00a0\ud835\udddc\ud835\uddfb\ud835\uddf3\ud835\uddee\ud835\uddfb\ud835\ude01\ud835\uddf6\ud835\ude00\u00a0\ud835\uddf2\ud835\uddfa\u00a0\ud835\uddd4\ud835\uddf0\u0327\ud835\uddee\u0303\ud835\uddfc\u00a0(clicar sobre a frase para aceder \u00e0 inscri\u00e7\u00f5es) dever\u00e3o fazer a sua inscri\u00e7\u00e3o de 12 a 13 de junho (09h00- 14h00) atrav\u00e9s das redes sociais do Munic\u00edpio (https:\/\/www.cm-albufeira.pt\/gabinete-da-juventude). A sele\u00e7\u00e3o dos participantes ser\u00e1 por ordem de inscri\u00e7\u00e3o.<\/p>\n","protected":false},"excerpt":{"rendered":"<p>As atividades de f\u00e9rias de Ver\u00e3o 2025 do Gabinete da Juventude de Albufeira est\u00e3o de regresso e ter\u00e3o lugar entre<\/p>\n","protected":false},"author":1,"featured_media":51287,"comment_status":"closed","ping_status":"closed","sticky":false,"template":"","format":"standard","meta":{"colormag_page_container_layout":"default_layout","colormag_page_sidebar_layout":"default_layout","_monsterinsights_skip_tracking":false,"_monsterinsights_sitenote_active":false,"_monsterinsights_sitenote_note":"","_monsterinsights_sitenote_category":0,"jetpack_post_was_ever_published":false,"_jetpack_newsletter_access":"","_jetpack_dont_email_post_to_subs":false,"_jetpack_newsletter_tier_id":0,"_jetpack_memberships_contains_paywalled_content":false,"_jetpack_memberships_contains_paid_content":false,"footnotes":"","jetpack_publicize_message":"","jetpack_publicize_feature_enabled":true,"jetpack_social_post_already_shared":true,"jetpack_social_options":{"image_generator_settings":{"template":"highway","default_image_id":0,"font":"","enabled":false},"version":2}},"categories":[11],"tags":[155,36,62],"class_list":["post-51286","post","type-post","status-publish","format-standard","has-post-thumbnail","hentry","category-atualidade","tag-albufeira","tag-algarve","tag-atualidade"],"yoast_head":"<!-- This site is optimized with the Yoast SEO plugin v27.5 - https:\/\/yoast.com\/product\/yoast-seo-wordpress\/ -->\n<title>Albufeira: \u201cF\u00e9rias de ver\u00e3o GAJ\u201d est\u00e3o de regresso e h\u00e1 440 vagas por preencher - Algarve 7<\/title>\n<meta name=\"description\" content=\"Albufeira: \u201cF\u00e9rias de ver\u00e3o GAJ\u201d est\u00e3o de regresso e h\u00e1 440 vagas por preencher Atualidade\" \/>\n<meta name=\"robots\" content=\"index, follow, max-snippet:-1, max-image-preview:large, max-video-preview:-1\" \/>\n<link rel=\"canonical\" href=\"https:\/\/algarve7.pt\/index.php\/2025\/06\/albufeira-ferias-de-verao-gaj-estao-de-regresso-e-ha-440-vagas-por-preencher\/atualidade\/09\/25\/\" \/>\n<meta property=\"og:locale\" content=\"pt_PT\" \/>\n<meta property=\"og:type\" content=\"article\" \/>\n<meta property=\"og:title\" content=\"Albufeira: \u201cF\u00e9rias de ver\u00e3o GAJ\u201d est\u00e3o de regresso e h\u00e1 440 vagas por preencher - Algarve 7\" \/>\n<meta property=\"og:description\" content=\"Albufeira: \u201cF\u00e9rias de ver\u00e3o GAJ\u201d est\u00e3o de regresso e h\u00e1 440 vagas por preencher Atualidade\" \/>\n<meta property=\"og:url\" content=\"https:\/\/algarve7.pt\/index.php\/2025\/06\/albufeira-ferias-de-verao-gaj-estao-de-regresso-e-ha-440-vagas-por-preencher\/atualidade\/09\/25\/\" \/>\n<meta property=\"og:site_name\" content=\"Algarve 7\" \/>\n<meta property=\"article:publisher\" content=\"https:\/\/www.facebook.com\/algarve7\" \/>\n<meta property=\"article:author\" content=\"https:\/\/www.facebook.com\/algarve7\" \/>\n<meta property=\"article:published_time\" content=\"2025-06-07T08:25:00+00:00\" \/>\n<meta property=\"og:image\" content=\"https:\/\/algarve7.pt\/wp-content\/uploads\/2025\/06\/Captura-de-ecra-2025-06-06-as-08.50.37.png\" \/>\n\t<meta property=\"og:image:width\" content=\"800\" \/>\n\t<meta property=\"og:image:height\" content=\"500\" \/>\n\t<meta property=\"og:image:type\" content=\"image\/png\" \/>\n<meta name=\"author\" content=\"Algarve 7\" \/>\n<meta name=\"twitter:card\" content=\"summary_large_image\" \/>\n<meta name=\"twitter:creator\" content=\"@Algarvesete\" \/>\n<meta name=\"twitter:site\" content=\"@Algarvesete\" \/>\n<meta name=\"twitter:label1\" content=\"Escrito por\" \/>\n\t<meta name=\"twitter:data1\" content=\"Algarve 7\" \/>\n\t<meta name=\"twitter:label2\" content=\"Tempo estimado de leitura\" \/>\n\t<meta name=\"twitter:data2\" content=\"3 minutos\" \/>\n<script type=\"application\/ld+json\" class=\"yoast-schema-graph\">{\"@context\":\"https:\\\/\\\/schema.org\",\"@graph\":[{\"@type\":\"Article\",\"@id\":\"https:\\\/\\\/algarve7.pt\\\/index.php\\\/2025\\\/06\\\/albufeira-ferias-de-verao-gaj-estao-de-regresso-e-ha-440-vagas-por-preencher\\\/atualidade\\\/09\\\/25\\\/#article\",\"isPartOf\":{\"@id\":\"https:\\\/\\\/algarve7.pt\\\/index.php\\\/2025\\\/06\\\/albufeira-ferias-de-verao-gaj-estao-de-regresso-e-ha-440-vagas-por-preencher\\\/atualidade\\\/09\\\/25\\\/\"},\"author\":{\"name\":\"Algarve 7\",\"@id\":\"https:\\\/\\\/algarve7.pt\\\/#\\\/schema\\\/person\\\/23fa70681308e7b319a3204bcea45e0c\"},\"headline\":\"Albufeira: \u201cF\u00e9rias de ver\u00e3o GAJ\u201d est\u00e3o de regresso e h\u00e1 440 vagas por preencher\",\"datePublished\":\"2025-06-07T08:25:00+00:00\",\"mainEntityOfPage\":{\"@id\":\"https:\\\/\\\/algarve7.pt\\\/index.php\\\/2025\\\/06\\\/albufeira-ferias-de-verao-gaj-estao-de-regresso-e-ha-440-vagas-por-preencher\\\/atualidade\\\/09\\\/25\\\/\"},\"wordCount\":377,\"publisher\":{\"@id\":\"https:\\\/\\\/algarve7.pt\\\/#organization\"},\"image\":{\"@id\":\"https:\\\/\\\/algarve7.pt\\\/index.php\\\/2025\\\/06\\\/albufeira-ferias-de-verao-gaj-estao-de-regresso-e-ha-440-vagas-por-preencher\\\/atualidade\\\/09\\\/25\\\/#primaryimage\"},\"thumbnailUrl\":\"https:\\\/\\\/algarve7.pt\\\/wp-content\\\/uploads\\\/2025\\\/06\\\/Captura-de-ecra-2025-06-06-as-08.50.37.png\",\"keywords\":[\"Albufeira\",\"Algarve\",\"Atualidade\"],\"articleSection\":[\"Atualidade\"],\"inLanguage\":\"pt-PT\"},{\"@type\":\"WebPage\",\"@id\":\"https:\\\/\\\/algarve7.pt\\\/index.php\\\/2025\\\/06\\\/albufeira-ferias-de-verao-gaj-estao-de-regresso-e-ha-440-vagas-por-preencher\\\/atualidade\\\/09\\\/25\\\/\",\"url\":\"https:\\\/\\\/algarve7.pt\\\/index.php\\\/2025\\\/06\\\/albufeira-ferias-de-verao-gaj-estao-de-regresso-e-ha-440-vagas-por-preencher\\\/atualidade\\\/09\\\/25\\\/\",\"name\":\"Albufeira: \u201cF\u00e9rias de ver\u00e3o GAJ\u201d est\u00e3o de regresso e h\u00e1 440 vagas por preencher - Algarve 7\",\"isPartOf\":{\"@id\":\"https:\\\/\\\/algarve7.pt\\\/#website\"},\"primaryImageOfPage\":{\"@id\":\"https:\\\/\\\/algarve7.pt\\\/index.php\\\/2025\\\/06\\\/albufeira-ferias-de-verao-gaj-estao-de-regresso-e-ha-440-vagas-por-preencher\\\/atualidade\\\/09\\\/25\\\/#primaryimage\"},\"image\":{\"@id\":\"https:\\\/\\\/algarve7.pt\\\/index.php\\\/2025\\\/06\\\/albufeira-ferias-de-verao-gaj-estao-de-regresso-e-ha-440-vagas-por-preencher\\\/atualidade\\\/09\\\/25\\\/#primaryimage\"},\"thumbnailUrl\":\"https:\\\/\\\/algarve7.pt\\\/wp-content\\\/uploads\\\/2025\\\/06\\\/Captura-de-ecra-2025-06-06-as-08.50.37.png\",\"datePublished\":\"2025-06-07T08:25:00+00:00\",\"description\":\"Albufeira: \u201cF\u00e9rias de ver\u00e3o GAJ\u201d est\u00e3o de regresso e h\u00e1 440 vagas por preencher Atualidade\",\"breadcrumb\":{\"@id\":\"https:\\\/\\\/algarve7.pt\\\/index.php\\\/2025\\\/06\\\/albufeira-ferias-de-verao-gaj-estao-de-regresso-e-ha-440-vagas-por-preencher\\\/atualidade\\\/09\\\/25\\\/#breadcrumb\"},\"inLanguage\":\"pt-PT\",\"potentialAction\":[{\"@type\":\"ReadAction\",\"target\":[\"https:\\\/\\\/algarve7.pt\\\/index.php\\\/2025\\\/06\\\/albufeira-ferias-de-verao-gaj-estao-de-regresso-e-ha-440-vagas-por-preencher\\\/atualidade\\\/09\\\/25\\\/\"]}]},{\"@type\":\"ImageObject\",\"inLanguage\":\"pt-PT\",\"@id\":\"https:\\\/\\\/algarve7.pt\\\/index.php\\\/2025\\\/06\\\/albufeira-ferias-de-verao-gaj-estao-de-regresso-e-ha-440-vagas-por-preencher\\\/atualidade\\\/09\\\/25\\\/#primaryimage\",\"url\":\"https:\\\/\\\/algarve7.pt\\\/wp-content\\\/uploads\\\/2025\\\/06\\\/Captura-de-ecra-2025-06-06-as-08.50.37.png\",\"contentUrl\":\"https:\\\/\\\/algarve7.pt\\\/wp-content\\\/uploads\\\/2025\\\/06\\\/Captura-de-ecra-2025-06-06-as-08.50.37.png\",\"width\":800,\"height\":500},{\"@type\":\"BreadcrumbList\",\"@id\":\"https:\\\/\\\/algarve7.pt\\\/index.php\\\/2025\\\/06\\\/albufeira-ferias-de-verao-gaj-estao-de-regresso-e-ha-440-vagas-por-preencher\\\/atualidade\\\/09\\\/25\\\/#breadcrumb\",\"itemListElement\":[{\"@type\":\"ListItem\",\"position\":1,\"name\":\"In\u00edcio\",\"item\":\"https:\\\/\\\/algarve7.pt\\\/\"},{\"@type\":\"ListItem\",\"position\":2,\"name\":\"Albufeira: \u201cF\u00e9rias de ver\u00e3o GAJ\u201d est\u00e3o de regresso e h\u00e1 440 vagas por preencher\"}]},{\"@type\":\"WebSite\",\"@id\":\"https:\\\/\\\/algarve7.pt\\\/#website\",\"url\":\"https:\\\/\\\/algarve7.pt\\\/\",\"name\":\"Algarve 7\",\"description\":\"Informa\u00e7\u00e3o sobre o Algarve\",\"publisher\":{\"@id\":\"https:\\\/\\\/algarve7.pt\\\/#organization\"},\"potentialAction\":[{\"@type\":\"SearchAction\",\"target\":{\"@type\":\"EntryPoint\",\"urlTemplate\":\"https:\\\/\\\/algarve7.pt\\\/?s={search_term_string}\"},\"query-input\":{\"@type\":\"PropertyValueSpecification\",\"valueRequired\":true,\"valueName\":\"search_term_string\"}}],\"inLanguage\":\"pt-PT\"},{\"@type\":\"Organization\",\"@id\":\"https:\\\/\\\/algarve7.pt\\\/#organization\",\"name\":\"Algarve 7\",\"url\":\"https:\\\/\\\/algarve7.pt\\\/\",\"logo\":{\"@type\":\"ImageObject\",\"inLanguage\":\"pt-PT\",\"@id\":\"https:\\\/\\\/algarve7.pt\\\/#\\\/schema\\\/logo\\\/image\\\/\",\"url\":\"https:\\\/\\\/algarve7.pt\\\/wp-content\\\/uploads\\\/2020\\\/10\\\/Logo-8.jpg\",\"contentUrl\":\"https:\\\/\\\/algarve7.pt\\\/wp-content\\\/uploads\\\/2020\\\/10\\\/Logo-8.jpg\",\"width\":1680,\"height\":1186,\"caption\":\"Algarve 7\"},\"image\":{\"@id\":\"https:\\\/\\\/algarve7.pt\\\/#\\\/schema\\\/logo\\\/image\\\/\"},\"sameAs\":[\"https:\\\/\\\/www.facebook.com\\\/algarve7\",\"https:\\\/\\\/x.com\\\/Algarvesete\",\"https:\\\/\\\/www.instagram.com\\\/jornalalgarve7\\\/\",\"https:\\\/\\\/www.linkedin.com\\\/company\\\/algarve7\",\"https:\\\/\\\/www.pinterest.pt\\\/geral0939\\\/_created\\\/\"]},{\"@type\":\"Person\",\"@id\":\"https:\\\/\\\/algarve7.pt\\\/#\\\/schema\\\/person\\\/23fa70681308e7b319a3204bcea45e0c\",\"name\":\"Algarve 7\",\"sameAs\":[\"https:\\\/\\\/algarve7.pt\",\"https:\\\/\\\/www.facebook.com\\\/algarve7\"],\"url\":\"https:\\\/\\\/algarve7.pt\\\/index.php\\\/author\\\/geralalgarve7-pt\\\/\"}]}<\/script>\n<!-- \/ Yoast SEO plugin. -->","yoast_head_json":{"title":"Albufeira: \u201cF\u00e9rias de ver\u00e3o GAJ\u201d est\u00e3o de regresso e h\u00e1 440 vagas por preencher - Algarve 7","description":"Albufeira: \u201cF\u00e9rias de ver\u00e3o GAJ\u201d est\u00e3o de regresso e h\u00e1 440 vagas por preencher Atualidade","robots":{"index":"index","follow":"follow","max-snippet":"max-snippet:-1","max-image-preview":"max-image-preview:large","max-video-preview":"max-video-preview:-1"},"canonical":"https:\/\/algarve7.pt\/index.php\/2025\/06\/albufeira-ferias-de-verao-gaj-estao-de-regresso-e-ha-440-vagas-por-preencher\/atualidade\/09\/25\/","og_locale":"pt_PT","og_type":"article","og_title":"Albufeira: \u201cF\u00e9rias de ver\u00e3o GAJ\u201d est\u00e3o de regresso e h\u00e1 440 vagas por preencher - Algarve 7","og_description":"Albufeira: \u201cF\u00e9rias de ver\u00e3o GAJ\u201d est\u00e3o de regresso e h\u00e1 440 vagas por preencher Atualidade","og_url":"https:\/\/algarve7.pt\/index.php\/2025\/06\/albufeira-ferias-de-verao-gaj-estao-de-regresso-e-ha-440-vagas-por-preencher\/atualidade\/09\/25\/","og_site_name":"Algarve 7","article_publisher":"https:\/\/www.facebook.com\/algarve7","article_author":"https:\/\/www.facebook.com\/algarve7","article_published_time":"2025-06-07T08:25:00+00:00","og_image":[{"width":800,"height":500,"url":"https:\/\/algarve7.pt\/wp-content\/uploads\/2025\/06\/Captura-de-ecra-2025-06-06-as-08.50.37.png","type":"image\/png"}],"author":"Algarve 7","twitter_card":"summary_large_image","twitter_creator":"@Algarvesete","twitter_site":"@Algarvesete","twitter_misc":{"Escrito por":"Algarve 7","Tempo estimado de leitura":"3 minutos"},"schema":{"@context":"https:\/\/schema.org","@graph":[{"@type":"Article","@id":"https:\/\/algarve7.pt\/index.php\/2025\/06\/albufeira-ferias-de-verao-gaj-estao-de-regresso-e-ha-440-vagas-por-preencher\/atualidade\/09\/25\/#article","isPartOf":{"@id":"https:\/\/algarve7.pt\/index.php\/2025\/06\/albufeira-ferias-de-verao-gaj-estao-de-regresso-e-ha-440-vagas-por-preencher\/atualidade\/09\/25\/"},"author":{"name":"Algarve 7","@id":"https:\/\/algarve7.pt\/#\/schema\/person\/23fa70681308e7b319a3204bcea45e0c"},"headline":"Albufeira: \u201cF\u00e9rias de ver\u00e3o GAJ\u201d est\u00e3o de regresso e h\u00e1 440 vagas por preencher","datePublished":"2025-06-07T08:25:00+00:00","mainEntityOfPage":{"@id":"https:\/\/algarve7.pt\/index.php\/2025\/06\/albufeira-ferias-de-verao-gaj-estao-de-regresso-e-ha-440-vagas-por-preencher\/atualidade\/09\/25\/"},"wordCount":377,"publisher":{"@id":"https:\/\/algarve7.pt\/#organization"},"image":{"@id":"https:\/\/algarve7.pt\/index.php\/2025\/06\/albufeira-ferias-de-verao-gaj-estao-de-regresso-e-ha-440-vagas-por-preencher\/atualidade\/09\/25\/#primaryimage"},"thumbnailUrl":"https:\/\/algarve7.pt\/wp-content\/uploads\/2025\/06\/Captura-de-ecra-2025-06-06-as-08.50.37.png","keywords":["Albufeira","Algarve","Atualidade"],"articleSection":["Atualidade"],"inLanguage":"pt-PT"},{"@type":"WebPage","@id":"https:\/\/algarve7.pt\/index.php\/2025\/06\/albufeira-ferias-de-verao-gaj-estao-de-regresso-e-ha-440-vagas-por-preencher\/atualidade\/09\/25\/","url":"https:\/\/algarve7.pt\/index.php\/2025\/06\/albufeira-ferias-de-verao-gaj-estao-de-regresso-e-ha-440-vagas-por-preencher\/atualidade\/09\/25\/","name":"Albufeira: \u201cF\u00e9rias de ver\u00e3o GAJ\u201d est\u00e3o de regresso e h\u00e1 440 vagas por preencher - Algarve 7","isPartOf":{"@id":"https:\/\/algarve7.pt\/#website"},"primaryImageOfPage":{"@id":"https:\/\/algarve7.pt\/index.php\/2025\/06\/albufeira-ferias-de-verao-gaj-estao-de-regresso-e-ha-440-vagas-por-preencher\/atualidade\/09\/25\/#primaryimage"},"image":{"@id":"https:\/\/algarve7.pt\/index.php\/2025\/06\/albufeira-ferias-de-verao-gaj-estao-de-regresso-e-ha-440-vagas-por-preencher\/atualidade\/09\/25\/#primaryimage"},"thumbnailUrl":"https:\/\/algarve7.pt\/wp-content\/uploads\/2025\/06\/Captura-de-ecra-2025-06-06-as-08.50.37.png","datePublished":"2025-06-07T08:25:00+00:00","description":"Albufeira: \u201cF\u00e9rias de ver\u00e3o GAJ\u201d est\u00e3o de regresso e h\u00e1 440 vagas por preencher Atualidade","breadcrumb":{"@id":"https:\/\/algarve7.pt\/index.php\/2025\/06\/albufeira-ferias-de-verao-gaj-estao-de-regresso-e-ha-440-vagas-por-preencher\/atualidade\/09\/25\/#breadcrumb"},"inLanguage":"pt-PT","potentialAction":[{"@type":"ReadAction","target":["https:\/\/algarve7.pt\/index.php\/2025\/06\/albufeira-ferias-de-verao-gaj-estao-de-regresso-e-ha-440-vagas-por-preencher\/atualidade\/09\/25\/"]}]},{"@type":"ImageObject","inLanguage":"pt-PT","@id":"https:\/\/algarve7.pt\/index.php\/2025\/06\/albufeira-ferias-de-verao-gaj-estao-de-regresso-e-ha-440-vagas-por-preencher\/atualidade\/09\/25\/#primaryimage","url":"https:\/\/algarve7.pt\/wp-content\/uploads\/2025\/06\/Captura-de-ecra-2025-06-06-as-08.50.37.png","contentUrl":"https:\/\/algarve7.pt\/wp-content\/uploads\/2025\/06\/Captura-de-ecra-2025-06-06-as-08.50.37.png","width":800,"height":500},{"@type":"BreadcrumbList","@id":"https:\/\/algarve7.pt\/index.php\/2025\/06\/albufeira-ferias-de-verao-gaj-estao-de-regresso-e-ha-440-vagas-por-preencher\/atualidade\/09\/25\/#breadcrumb","itemListElement":[{"@type":"ListItem","position":1,"name":"In\u00edcio","item":"https:\/\/algarve7.pt\/"},{"@type":"ListItem","position":2,"name":"Albufeira: \u201cF\u00e9rias de ver\u00e3o GAJ\u201d est\u00e3o de regresso e h\u00e1 440 vagas por preencher"}]},{"@type":"WebSite","@id":"https:\/\/algarve7.pt\/#website","url":"https:\/\/algarve7.pt\/","name":"Algarve 7","description":"Informa\u00e7\u00e3o sobre o Algarve","publisher":{"@id":"https:\/\/algarve7.pt\/#organization"},"potentialAction":[{"@type":"SearchAction","target":{"@type":"EntryPoint","urlTemplate":"https:\/\/algarve7.pt\/?s={search_term_string}"},"query-input":{"@type":"PropertyValueSpecification","valueRequired":true,"valueName":"search_term_string"}}],"inLanguage":"pt-PT"},{"@type":"Organization","@id":"https:\/\/algarve7.pt\/#organization","name":"Algarve 7","url":"https:\/\/algarve7.pt\/","logo":{"@type":"ImageObject","inLanguage":"pt-PT","@id":"https:\/\/algarve7.pt\/#\/schema\/logo\/image\/","url":"https:\/\/algarve7.pt\/wp-content\/uploads\/2020\/10\/Logo-8.jpg","contentUrl":"https:\/\/algarve7.pt\/wp-content\/uploads\/2020\/10\/Logo-8.jpg","width":1680,"height":1186,"caption":"Algarve 7"},"image":{"@id":"https:\/\/algarve7.pt\/#\/schema\/logo\/image\/"},"sameAs":["https:\/\/www.facebook.com\/algarve7","https:\/\/x.com\/Algarvesete","https:\/\/www.instagram.com\/jornalalgarve7\/","https:\/\/www.linkedin.com\/company\/algarve7","https:\/\/www.pinterest.pt\/geral0939\/_created\/"]},{"@type":"Person","@id":"https:\/\/algarve7.pt\/#\/schema\/person\/23fa70681308e7b319a3204bcea45e0c","name":"Algarve 7","sameAs":["https:\/\/algarve7.pt","https:\/\/www.facebook.com\/algarve7"],"url":"https:\/\/algarve7.pt\/index.php\/author\/geralalgarve7-pt\/"}]}},"jetpack_publicize_connections":[],"jetpack_featured_media_url":"https:\/\/algarve7.pt\/wp-content\/uploads\/2025\/06\/Captura-de-ecra-2025-06-06-as-08.50.37.png","jetpack_shortlink":"https:\/\/wp.me\/pcezmW-dlc","jetpack_sharing_enabled":true,"_links":{"self":[{"href":"https:\/\/algarve7.pt\/index.php\/wp-json\/wp\/v2\/posts\/51286","targetHints":{"allow":["GET"]}}],"collection":[{"href":"https:\/\/algarve7.pt\/index.php\/wp-json\/wp\/v2\/posts"}],"about":[{"href":"https:\/\/algarve7.pt\/index.php\/wp-json\/wp\/v2\/types\/post"}],"author":[{"embeddable":true,"href":"https:\/\/algarve7.pt\/index.php\/wp-json\/wp\/v2\/users\/1"}],"replies":[{"embeddable":true,"href":"https:\/\/algarve7.pt\/index.php\/wp-json\/wp\/v2\/comments?post=51286"}],"version-history":[{"count":0,"href":"https:\/\/algarve7.pt\/index.php\/wp-json\/wp\/v2\/posts\/51286\/revisions"}],"wp:featuredmedia":[{"embeddable":true,"href":"https:\/\/algarve7.pt\/index.php\/wp-json\/wp\/v2\/media\/51287"}],"wp:attachment":[{"href":"https:\/\/algarve7.pt\/index.php\/wp-json\/wp\/v2\/media?parent=51286"}],"wp:term":[{"taxonomy":"category","embeddable":true,"href":"https:\/\/algarve7.pt\/index.php\/wp-json\/wp\/v2\/categories?post=51286"},{"taxonomy":"post_tag","embeddable":true,"href":"https:\/\/algarve7.pt\/index.php\/wp-json\/wp\/v2\/tags?post=51286"}],"curies":[{"name":"wp","href":"https:\/\/api.w.org\/{rel}","templated":true}]}}