{"id":51230,"date":"2025-06-06T08:05:00","date_gmt":"2025-06-06T07:05:00","guid":{"rendered":"https:\/\/algarve7.pt\/?p=51230"},"modified":"2025-06-04T19:39:22","modified_gmt":"2025-06-04T18:39:22","slug":"a-feira-do-livro-regressa-a-antiga-lota-de-portimao-com-muitas-novidades-e-num-novo-formato","status":"publish","type":"post","link":"https:\/\/algarve7.pt\/index.php\/2025\/06\/a-feira-do-livro-regressa-a-antiga-lota-de-portimao-com-muitas-novidades-e-num-novo-formato\/cultura\/08\/05\/","title":{"rendered":"A feira do livro regressa a antiga lota de Portim\u00e3o com muitas novidades e num novo formato"},"content":{"rendered":"\n<p>A Feira do Livro vai marcar presen\u00e7a em Portim\u00e3o e fazer as del\u00edcias para quem gosta de literatura, romance, culin\u00e1ria, banda desenhada, entre outros temas e para quem quer aproveitar um pouco de cultura, anima\u00e7\u00e3o e conversas interessantes.<\/p>\n\n\n\n<p>Autores como F\u00e1tima Lopes, Pedro Chagas Freitas, Maria Francisca Gama, entre outros, v\u00e3o marcar presen\u00e7a num evento que no passado apresentou uma boa aflu\u00eancia de pessoas, sendo classificado como uma das melhores Feiras do Livro de Portugal.&nbsp;<\/p>\n\n\n\n<p>Entre os dias 20 de junho e 6 de julho, a Antiga Lota de Portim\u00e3o, conta com v\u00e1rias apresenta\u00e7\u00f5es de livros, algumas em estreia no Algarve, conversas entre autores, palestras, aulas de Yoga Kids, Zumba e muita divers\u00e3o.<\/p>\n\n\n\n<p>A Feira do Livro de Portim\u00e3o 2025 ir\u00e1 apresentar-se com 18 stands para a exposi\u00e7\u00e3o de livros, totalmente abertos e que permitem aos visitantes entrar nos stands e encontrar o livro perfeito para este ver\u00e3o.<\/p>\n\n\n\n<p>Poder\u00e1 visitar este espa\u00e7o, todos os dias entre as 10h e as 24h.<\/p>\n\n\n\n<p>PROGRAMA DA FEIRA DO LIVRO DE PORTIM\u00c3O:<\/p>\n\n\n\n<p>20 de junho (sexta-feira)<br>&#8211; Sess\u00e3o de Abertura<\/p>\n\n\n\n<p>21 de junho (s\u00e1bado):<br>&#8211; 11H \u00c0 CONVERSA COM ROS\u00c1RIO AL\u00c7ADA ARA\u00daJO<br>&#8211; 18H \u201cDESCANSOS\u201d COM SUSANA AMARO VELHO E DORA MARQUES&nbsp;<br>&#8211; 21H30 \u201cO FILHO DO PAI\u201d COM HUGO GON\u00c7ALVES E ISABELA FIGUEIREDO<\/p>\n\n\n\n<p>22 de junho (domingo):&nbsp;<br>&#8211; 18H O GUIONISMO E AS S\u00c9RIES NA TV EM PORTUGAL COM HUGO GON\u00c7ALVES, TIAGO R. SANTOS E SUSANA ROMANA<br>&#8211; 19H AS MULHERES NA LITERATURA CONTEMPOR\u00c2NEA PORTUGUESA COM ISABELA FIGUEIREDO E SUSANA AMARO VELHO<\/p>\n\n\n\n<p>23 de junho (segunda-feira):<br>&#8211; 18H AULA DE YOGA KIDS<\/p>\n\n\n\n<p>24 de junho (ter\u00e7a-feira):<br>&#8211; 11H AULA DE ZUMBA<br>&#8211; 18H \u00c0 CONVERSA COM IN\u00caS FRANCO<\/p>\n\n\n\n<p>25 de junho (quarta-feira):&nbsp;<br>&#8211; 11H HORA DO CONTO COM M\u00c1RCIA GAMITO<br>&#8211; 21H30 CONCERTO MAR DE FORA&nbsp;<\/p>\n\n\n\n<p>28 de junho (s\u00e1bado):<br>&#8211; 11H AULA DE YOGA KIDS<br>&#8211; 17H \u00c0 CONVERSA COM ANA BARRAG\u00c3O&nbsp;<br>&#8211; 18H \u00c0 CONVERSA COM F\u00c1TIMA LOPES<br>&#8211; 19H A SA\u00daDE MENTAL E O PROCESSO DE ESCRITA COM C\u00c9LIA CORREIA LOUREIRO E RITA DA NOVA<br>&#8211; 21H30 &#8220;A FILHA DA LOUCA&#8221; COM MARIA FRANCISCA GAMA E DORA MARQUES<\/p>\n\n\n\n<p>29 de junho (domingo):<br>&#8211; 11H AULA DE ZUMBA<br>&#8211; 18H Q&amp;A COM MARIA FRANCISCA GAMA<br>&#8211; 21H30 &#8220;AQUILO QUE O SONO ESCONDE&#8221; COM MAFALDA SANTOS E F\u00c1BIO VENTURA<\/p>\n\n\n\n<p>01 de julho (ter\u00e7a-feira)<br>&#8211; 11H HORA DO CONTO COM M\u00c1RCIA GAMITO<\/p>\n\n\n\n<p>02 de julho (quarta-feira)<br>&#8211; 17H AULA DE YOGA KIDS<br>&#8211; 18H \u00c0 CONVERSA COM LU\u00cdSA SOBRAL<\/p>\n\n\n\n<p>03 de julho (quinta-feira)<br>&#8211; 11H HORA DO CONTO COM M\u00c1RCIA GAMITO<br>&#8211; 21H30 \u00c0 CONVERSA COM PEDRO CHAGAS FREITAS<\/p>\n\n\n\n<p>04 de julho (sexta-feira)<br>&#8211; 11H AULA DE ZUMBA<br>&#8211; 19H \u00c0 CONVERSA COM JO\u00c3O DE MELO<br>&#8211; 21H30 CONVERSA SOBRE A SUA OBRA E ADAPTA\u00c7\u00c3O AO CINEMA DO SEU LIVRO COM FILIPA FONSECA E SILVA E DORA MARQUES<\/p>\n\n\n\n<p>05 de julho (s\u00e1bado)<br>&#8211; 11H \u00c0 CONVERSA COM ANA LU\u00cdSA PAIS&nbsp;<br>&#8211; 18H &#8220;A NOITE DE TEMPESTADE&#8221; COM FILIPA AMORIM E F\u00c1BIO VENTURA<br>&#8211; 21H30 CONVERSA SOBRE A OBRA DE JO\u00c3O TORDO<\/p>\n\n\n\n<p>06 de julho (domingo)<br>&#8211; 11H HORA DO CONTO COM RUTE CANCELA<br>&#8211; 18H Q&amp;A JO\u00c3O TORDO<br>&#8211; 19H O G\u00c9NERO POLICIAL EM PORTUGAL COM BRUNO M. FRANCO, LOUREN\u00c7O SERUYA E FILIPA AMORIM<\/p>\n","protected":false},"excerpt":{"rendered":"<p>A Feira do Livro vai marcar presen\u00e7a em Portim\u00e3o e fazer as del\u00edcias para quem gosta de literatura, romance, culin\u00e1ria,<\/p>\n","protected":false},"author":1,"featured_media":51231,"comment_status":"closed","ping_status":"closed","sticky":false,"template":"","format":"standard","meta":{"colormag_page_container_layout":"default_layout","colormag_page_sidebar_layout":"default_layout","_monsterinsights_skip_tracking":false,"_monsterinsights_sitenote_active":false,"_monsterinsights_sitenote_note":"","_monsterinsights_sitenote_category":0,"jetpack_post_was_ever_published":false,"_jetpack_newsletter_access":"","_jetpack_dont_email_post_to_subs":false,"_jetpack_newsletter_tier_id":0,"_jetpack_memberships_contains_paywalled_content":false,"_jetpack_memberships_contains_paid_content":false,"footnotes":"","jetpack_publicize_message":"","jetpack_publicize_feature_enabled":true,"jetpack_social_post_already_shared":true,"jetpack_social_options":{"image_generator_settings":{"template":"highway","default_image_id":0,"font":"","enabled":false},"version":2}},"categories":[14],"tags":[36,35,72],"class_list":["post-51230","post","type-post","status-publish","format-standard","has-post-thumbnail","hentry","category-cultura","tag-algarve","tag-cultura","tag-portimao"],"yoast_head":"<!-- This site is optimized with the Yoast SEO plugin v27.5 - https:\/\/yoast.com\/product\/yoast-seo-wordpress\/ -->\n<title>A feira do livro regressa a antiga lota de Portim\u00e3o com muitas novidades e num novo formato - Algarve 7<\/title>\n<meta name=\"description\" content=\"A feira do livro regressa a antiga lota de Portim\u00e3o com muitas novidades e num novo formato Cultura\" \/>\n<meta name=\"robots\" content=\"index, follow, max-snippet:-1, max-image-preview:large, max-video-preview:-1\" \/>\n<link rel=\"canonical\" href=\"https:\/\/algarve7.pt\/index.php\/2025\/06\/a-feira-do-livro-regressa-a-antiga-lota-de-portimao-com-muitas-novidades-e-num-novo-formato\/cultura\/08\/05\/\" \/>\n<meta property=\"og:locale\" content=\"pt_PT\" \/>\n<meta property=\"og:type\" content=\"article\" \/>\n<meta property=\"og:title\" content=\"A feira do livro regressa a antiga lota de Portim\u00e3o com muitas novidades e num novo formato - Algarve 7\" \/>\n<meta property=\"og:description\" content=\"A feira do livro regressa a antiga lota de Portim\u00e3o com muitas novidades e num novo formato Cultura\" \/>\n<meta property=\"og:url\" content=\"https:\/\/algarve7.pt\/index.php\/2025\/06\/a-feira-do-livro-regressa-a-antiga-lota-de-portimao-com-muitas-novidades-e-num-novo-formato\/cultura\/08\/05\/\" \/>\n<meta property=\"og:site_name\" content=\"Algarve 7\" \/>\n<meta property=\"article:publisher\" content=\"https:\/\/www.facebook.com\/algarve7\" \/>\n<meta property=\"article:author\" content=\"https:\/\/www.facebook.com\/algarve7\" \/>\n<meta property=\"article:published_time\" content=\"2025-06-06T07:05:00+00:00\" \/>\n<meta property=\"og:image\" content=\"https:\/\/algarve7.pt\/wp-content\/uploads\/2025\/06\/Captura-de-ecra-2025-06-04-as-19.36.01.png\" \/>\n\t<meta property=\"og:image:width\" content=\"800\" \/>\n\t<meta property=\"og:image:height\" content=\"500\" \/>\n\t<meta property=\"og:image:type\" content=\"image\/png\" \/>\n<meta name=\"author\" content=\"Algarve 7\" \/>\n<meta name=\"twitter:card\" content=\"summary_large_image\" \/>\n<meta name=\"twitter:creator\" content=\"@Algarvesete\" \/>\n<meta name=\"twitter:site\" content=\"@Algarvesete\" \/>\n<meta name=\"twitter:label1\" content=\"Escrito por\" \/>\n\t<meta name=\"twitter:data1\" content=\"Algarve 7\" \/>\n\t<meta name=\"twitter:label2\" content=\"Tempo estimado de leitura\" \/>\n\t<meta name=\"twitter:data2\" content=\"3 minutos\" \/>\n<script type=\"application\/ld+json\" class=\"yoast-schema-graph\">{\"@context\":\"https:\\\/\\\/schema.org\",\"@graph\":[{\"@type\":\"Article\",\"@id\":\"https:\\\/\\\/algarve7.pt\\\/index.php\\\/2025\\\/06\\\/a-feira-do-livro-regressa-a-antiga-lota-de-portimao-com-muitas-novidades-e-num-novo-formato\\\/cultura\\\/08\\\/05\\\/#article\",\"isPartOf\":{\"@id\":\"https:\\\/\\\/algarve7.pt\\\/index.php\\\/2025\\\/06\\\/a-feira-do-livro-regressa-a-antiga-lota-de-portimao-com-muitas-novidades-e-num-novo-formato\\\/cultura\\\/08\\\/05\\\/\"},\"author\":{\"name\":\"Algarve 7\",\"@id\":\"https:\\\/\\\/algarve7.pt\\\/#\\\/schema\\\/person\\\/23fa70681308e7b319a3204bcea45e0c\"},\"headline\":\"A feira do livro regressa a antiga lota de Portim\u00e3o com muitas novidades e num novo formato\",\"datePublished\":\"2025-06-06T07:05:00+00:00\",\"mainEntityOfPage\":{\"@id\":\"https:\\\/\\\/algarve7.pt\\\/index.php\\\/2025\\\/06\\\/a-feira-do-livro-regressa-a-antiga-lota-de-portimao-com-muitas-novidades-e-num-novo-formato\\\/cultura\\\/08\\\/05\\\/\"},\"wordCount\":567,\"publisher\":{\"@id\":\"https:\\\/\\\/algarve7.pt\\\/#organization\"},\"image\":{\"@id\":\"https:\\\/\\\/algarve7.pt\\\/index.php\\\/2025\\\/06\\\/a-feira-do-livro-regressa-a-antiga-lota-de-portimao-com-muitas-novidades-e-num-novo-formato\\\/cultura\\\/08\\\/05\\\/#primaryimage\"},\"thumbnailUrl\":\"https:\\\/\\\/algarve7.pt\\\/wp-content\\\/uploads\\\/2025\\\/06\\\/Captura-de-ecra-2025-06-04-as-19.36.01.png\",\"keywords\":[\"Algarve\",\"Cultura\",\"Portim\u00e3o\"],\"articleSection\":[\"Cultura\"],\"inLanguage\":\"pt-PT\"},{\"@type\":\"WebPage\",\"@id\":\"https:\\\/\\\/algarve7.pt\\\/index.php\\\/2025\\\/06\\\/a-feira-do-livro-regressa-a-antiga-lota-de-portimao-com-muitas-novidades-e-num-novo-formato\\\/cultura\\\/08\\\/05\\\/\",\"url\":\"https:\\\/\\\/algarve7.pt\\\/index.php\\\/2025\\\/06\\\/a-feira-do-livro-regressa-a-antiga-lota-de-portimao-com-muitas-novidades-e-num-novo-formato\\\/cultura\\\/08\\\/05\\\/\",\"name\":\"A feira do livro regressa a antiga lota de Portim\u00e3o com muitas novidades e num novo formato - Algarve 7\",\"isPartOf\":{\"@id\":\"https:\\\/\\\/algarve7.pt\\\/#website\"},\"primaryImageOfPage\":{\"@id\":\"https:\\\/\\\/algarve7.pt\\\/index.php\\\/2025\\\/06\\\/a-feira-do-livro-regressa-a-antiga-lota-de-portimao-com-muitas-novidades-e-num-novo-formato\\\/cultura\\\/08\\\/05\\\/#primaryimage\"},\"image\":{\"@id\":\"https:\\\/\\\/algarve7.pt\\\/index.php\\\/2025\\\/06\\\/a-feira-do-livro-regressa-a-antiga-lota-de-portimao-com-muitas-novidades-e-num-novo-formato\\\/cultura\\\/08\\\/05\\\/#primaryimage\"},\"thumbnailUrl\":\"https:\\\/\\\/algarve7.pt\\\/wp-content\\\/uploads\\\/2025\\\/06\\\/Captura-de-ecra-2025-06-04-as-19.36.01.png\",\"datePublished\":\"2025-06-06T07:05:00+00:00\",\"description\":\"A feira do livro regressa a antiga lota de Portim\u00e3o com muitas novidades e num novo formato Cultura\",\"breadcrumb\":{\"@id\":\"https:\\\/\\\/algarve7.pt\\\/index.php\\\/2025\\\/06\\\/a-feira-do-livro-regressa-a-antiga-lota-de-portimao-com-muitas-novidades-e-num-novo-formato\\\/cultura\\\/08\\\/05\\\/#breadcrumb\"},\"inLanguage\":\"pt-PT\",\"potentialAction\":[{\"@type\":\"ReadAction\",\"target\":[\"https:\\\/\\\/algarve7.pt\\\/index.php\\\/2025\\\/06\\\/a-feira-do-livro-regressa-a-antiga-lota-de-portimao-com-muitas-novidades-e-num-novo-formato\\\/cultura\\\/08\\\/05\\\/\"]}]},{\"@type\":\"ImageObject\",\"inLanguage\":\"pt-PT\",\"@id\":\"https:\\\/\\\/algarve7.pt\\\/index.php\\\/2025\\\/06\\\/a-feira-do-livro-regressa-a-antiga-lota-de-portimao-com-muitas-novidades-e-num-novo-formato\\\/cultura\\\/08\\\/05\\\/#primaryimage\",\"url\":\"https:\\\/\\\/algarve7.pt\\\/wp-content\\\/uploads\\\/2025\\\/06\\\/Captura-de-ecra-2025-06-04-as-19.36.01.png\",\"contentUrl\":\"https:\\\/\\\/algarve7.pt\\\/wp-content\\\/uploads\\\/2025\\\/06\\\/Captura-de-ecra-2025-06-04-as-19.36.01.png\",\"width\":800,\"height\":500},{\"@type\":\"BreadcrumbList\",\"@id\":\"https:\\\/\\\/algarve7.pt\\\/index.php\\\/2025\\\/06\\\/a-feira-do-livro-regressa-a-antiga-lota-de-portimao-com-muitas-novidades-e-num-novo-formato\\\/cultura\\\/08\\\/05\\\/#breadcrumb\",\"itemListElement\":[{\"@type\":\"ListItem\",\"position\":1,\"name\":\"In\u00edcio\",\"item\":\"https:\\\/\\\/algarve7.pt\\\/\"},{\"@type\":\"ListItem\",\"position\":2,\"name\":\"A feira do livro regressa a antiga lota de Portim\u00e3o com muitas novidades e num novo formato\"}]},{\"@type\":\"WebSite\",\"@id\":\"https:\\\/\\\/algarve7.pt\\\/#website\",\"url\":\"https:\\\/\\\/algarve7.pt\\\/\",\"name\":\"Algarve 7\",\"description\":\"Informa\u00e7\u00e3o sobre o Algarve\",\"publisher\":{\"@id\":\"https:\\\/\\\/algarve7.pt\\\/#organization\"},\"potentialAction\":[{\"@type\":\"SearchAction\",\"target\":{\"@type\":\"EntryPoint\",\"urlTemplate\":\"https:\\\/\\\/algarve7.pt\\\/?s={search_term_string}\"},\"query-input\":{\"@type\":\"PropertyValueSpecification\",\"valueRequired\":true,\"valueName\":\"search_term_string\"}}],\"inLanguage\":\"pt-PT\"},{\"@type\":\"Organization\",\"@id\":\"https:\\\/\\\/algarve7.pt\\\/#organization\",\"name\":\"Algarve 7\",\"url\":\"https:\\\/\\\/algarve7.pt\\\/\",\"logo\":{\"@type\":\"ImageObject\",\"inLanguage\":\"pt-PT\",\"@id\":\"https:\\\/\\\/algarve7.pt\\\/#\\\/schema\\\/logo\\\/image\\\/\",\"url\":\"https:\\\/\\\/algarve7.pt\\\/wp-content\\\/uploads\\\/2020\\\/10\\\/Logo-8.jpg\",\"contentUrl\":\"https:\\\/\\\/algarve7.pt\\\/wp-content\\\/uploads\\\/2020\\\/10\\\/Logo-8.jpg\",\"width\":1680,\"height\":1186,\"caption\":\"Algarve 7\"},\"image\":{\"@id\":\"https:\\\/\\\/algarve7.pt\\\/#\\\/schema\\\/logo\\\/image\\\/\"},\"sameAs\":[\"https:\\\/\\\/www.facebook.com\\\/algarve7\",\"https:\\\/\\\/x.com\\\/Algarvesete\",\"https:\\\/\\\/www.instagram.com\\\/jornalalgarve7\\\/\",\"https:\\\/\\\/www.linkedin.com\\\/company\\\/algarve7\",\"https:\\\/\\\/www.pinterest.pt\\\/geral0939\\\/_created\\\/\"]},{\"@type\":\"Person\",\"@id\":\"https:\\\/\\\/algarve7.pt\\\/#\\\/schema\\\/person\\\/23fa70681308e7b319a3204bcea45e0c\",\"name\":\"Algarve 7\",\"sameAs\":[\"https:\\\/\\\/algarve7.pt\",\"https:\\\/\\\/www.facebook.com\\\/algarve7\"],\"url\":\"https:\\\/\\\/algarve7.pt\\\/index.php\\\/author\\\/geralalgarve7-pt\\\/\"}]}<\/script>\n<!-- \/ Yoast SEO plugin. -->","yoast_head_json":{"title":"A feira do livro regressa a antiga lota de Portim\u00e3o com muitas novidades e num novo formato - Algarve 7","description":"A feira do livro regressa a antiga lota de Portim\u00e3o com muitas novidades e num novo formato Cultura","robots":{"index":"index","follow":"follow","max-snippet":"max-snippet:-1","max-image-preview":"max-image-preview:large","max-video-preview":"max-video-preview:-1"},"canonical":"https:\/\/algarve7.pt\/index.php\/2025\/06\/a-feira-do-livro-regressa-a-antiga-lota-de-portimao-com-muitas-novidades-e-num-novo-formato\/cultura\/08\/05\/","og_locale":"pt_PT","og_type":"article","og_title":"A feira do livro regressa a antiga lota de Portim\u00e3o com muitas novidades e num novo formato - Algarve 7","og_description":"A feira do livro regressa a antiga lota de Portim\u00e3o com muitas novidades e num novo formato Cultura","og_url":"https:\/\/algarve7.pt\/index.php\/2025\/06\/a-feira-do-livro-regressa-a-antiga-lota-de-portimao-com-muitas-novidades-e-num-novo-formato\/cultura\/08\/05\/","og_site_name":"Algarve 7","article_publisher":"https:\/\/www.facebook.com\/algarve7","article_author":"https:\/\/www.facebook.com\/algarve7","article_published_time":"2025-06-06T07:05:00+00:00","og_image":[{"width":800,"height":500,"url":"https:\/\/algarve7.pt\/wp-content\/uploads\/2025\/06\/Captura-de-ecra-2025-06-04-as-19.36.01.png","type":"image\/png"}],"author":"Algarve 7","twitter_card":"summary_large_image","twitter_creator":"@Algarvesete","twitter_site":"@Algarvesete","twitter_misc":{"Escrito por":"Algarve 7","Tempo estimado de leitura":"3 minutos"},"schema":{"@context":"https:\/\/schema.org","@graph":[{"@type":"Article","@id":"https:\/\/algarve7.pt\/index.php\/2025\/06\/a-feira-do-livro-regressa-a-antiga-lota-de-portimao-com-muitas-novidades-e-num-novo-formato\/cultura\/08\/05\/#article","isPartOf":{"@id":"https:\/\/algarve7.pt\/index.php\/2025\/06\/a-feira-do-livro-regressa-a-antiga-lota-de-portimao-com-muitas-novidades-e-num-novo-formato\/cultura\/08\/05\/"},"author":{"name":"Algarve 7","@id":"https:\/\/algarve7.pt\/#\/schema\/person\/23fa70681308e7b319a3204bcea45e0c"},"headline":"A feira do livro regressa a antiga lota de Portim\u00e3o com muitas novidades e num novo formato","datePublished":"2025-06-06T07:05:00+00:00","mainEntityOfPage":{"@id":"https:\/\/algarve7.pt\/index.php\/2025\/06\/a-feira-do-livro-regressa-a-antiga-lota-de-portimao-com-muitas-novidades-e-num-novo-formato\/cultura\/08\/05\/"},"wordCount":567,"publisher":{"@id":"https:\/\/algarve7.pt\/#organization"},"image":{"@id":"https:\/\/algarve7.pt\/index.php\/2025\/06\/a-feira-do-livro-regressa-a-antiga-lota-de-portimao-com-muitas-novidades-e-num-novo-formato\/cultura\/08\/05\/#primaryimage"},"thumbnailUrl":"https:\/\/algarve7.pt\/wp-content\/uploads\/2025\/06\/Captura-de-ecra-2025-06-04-as-19.36.01.png","keywords":["Algarve","Cultura","Portim\u00e3o"],"articleSection":["Cultura"],"inLanguage":"pt-PT"},{"@type":"WebPage","@id":"https:\/\/algarve7.pt\/index.php\/2025\/06\/a-feira-do-livro-regressa-a-antiga-lota-de-portimao-com-muitas-novidades-e-num-novo-formato\/cultura\/08\/05\/","url":"https:\/\/algarve7.pt\/index.php\/2025\/06\/a-feira-do-livro-regressa-a-antiga-lota-de-portimao-com-muitas-novidades-e-num-novo-formato\/cultura\/08\/05\/","name":"A feira do livro regressa a antiga lota de Portim\u00e3o com muitas novidades e num novo formato - Algarve 7","isPartOf":{"@id":"https:\/\/algarve7.pt\/#website"},"primaryImageOfPage":{"@id":"https:\/\/algarve7.pt\/index.php\/2025\/06\/a-feira-do-livro-regressa-a-antiga-lota-de-portimao-com-muitas-novidades-e-num-novo-formato\/cultura\/08\/05\/#primaryimage"},"image":{"@id":"https:\/\/algarve7.pt\/index.php\/2025\/06\/a-feira-do-livro-regressa-a-antiga-lota-de-portimao-com-muitas-novidades-e-num-novo-formato\/cultura\/08\/05\/#primaryimage"},"thumbnailUrl":"https:\/\/algarve7.pt\/wp-content\/uploads\/2025\/06\/Captura-de-ecra-2025-06-04-as-19.36.01.png","datePublished":"2025-06-06T07:05:00+00:00","description":"A feira do livro regressa a antiga lota de Portim\u00e3o com muitas novidades e num novo formato Cultura","breadcrumb":{"@id":"https:\/\/algarve7.pt\/index.php\/2025\/06\/a-feira-do-livro-regressa-a-antiga-lota-de-portimao-com-muitas-novidades-e-num-novo-formato\/cultura\/08\/05\/#breadcrumb"},"inLanguage":"pt-PT","potentialAction":[{"@type":"ReadAction","target":["https:\/\/algarve7.pt\/index.php\/2025\/06\/a-feira-do-livro-regressa-a-antiga-lota-de-portimao-com-muitas-novidades-e-num-novo-formato\/cultura\/08\/05\/"]}]},{"@type":"ImageObject","inLanguage":"pt-PT","@id":"https:\/\/algarve7.pt\/index.php\/2025\/06\/a-feira-do-livro-regressa-a-antiga-lota-de-portimao-com-muitas-novidades-e-num-novo-formato\/cultura\/08\/05\/#primaryimage","url":"https:\/\/algarve7.pt\/wp-content\/uploads\/2025\/06\/Captura-de-ecra-2025-06-04-as-19.36.01.png","contentUrl":"https:\/\/algarve7.pt\/wp-content\/uploads\/2025\/06\/Captura-de-ecra-2025-06-04-as-19.36.01.png","width":800,"height":500},{"@type":"BreadcrumbList","@id":"https:\/\/algarve7.pt\/index.php\/2025\/06\/a-feira-do-livro-regressa-a-antiga-lota-de-portimao-com-muitas-novidades-e-num-novo-formato\/cultura\/08\/05\/#breadcrumb","itemListElement":[{"@type":"ListItem","position":1,"name":"In\u00edcio","item":"https:\/\/algarve7.pt\/"},{"@type":"ListItem","position":2,"name":"A feira do livro regressa a antiga lota de Portim\u00e3o com muitas novidades e num novo formato"}]},{"@type":"WebSite","@id":"https:\/\/algarve7.pt\/#website","url":"https:\/\/algarve7.pt\/","name":"Algarve 7","description":"Informa\u00e7\u00e3o sobre o Algarve","publisher":{"@id":"https:\/\/algarve7.pt\/#organization"},"potentialAction":[{"@type":"SearchAction","target":{"@type":"EntryPoint","urlTemplate":"https:\/\/algarve7.pt\/?s={search_term_string}"},"query-input":{"@type":"PropertyValueSpecification","valueRequired":true,"valueName":"search_term_string"}}],"inLanguage":"pt-PT"},{"@type":"Organization","@id":"https:\/\/algarve7.pt\/#organization","name":"Algarve 7","url":"https:\/\/algarve7.pt\/","logo":{"@type":"ImageObject","inLanguage":"pt-PT","@id":"https:\/\/algarve7.pt\/#\/schema\/logo\/image\/","url":"https:\/\/algarve7.pt\/wp-content\/uploads\/2020\/10\/Logo-8.jpg","contentUrl":"https:\/\/algarve7.pt\/wp-content\/uploads\/2020\/10\/Logo-8.jpg","width":1680,"height":1186,"caption":"Algarve 7"},"image":{"@id":"https:\/\/algarve7.pt\/#\/schema\/logo\/image\/"},"sameAs":["https:\/\/www.facebook.com\/algarve7","https:\/\/x.com\/Algarvesete","https:\/\/www.instagram.com\/jornalalgarve7\/","https:\/\/www.linkedin.com\/company\/algarve7","https:\/\/www.pinterest.pt\/geral0939\/_created\/"]},{"@type":"Person","@id":"https:\/\/algarve7.pt\/#\/schema\/person\/23fa70681308e7b319a3204bcea45e0c","name":"Algarve 7","sameAs":["https:\/\/algarve7.pt","https:\/\/www.facebook.com\/algarve7"],"url":"https:\/\/algarve7.pt\/index.php\/author\/geralalgarve7-pt\/"}]}},"jetpack_publicize_connections":[],"jetpack_featured_media_url":"https:\/\/algarve7.pt\/wp-content\/uploads\/2025\/06\/Captura-de-ecra-2025-06-04-as-19.36.01.png","jetpack_shortlink":"https:\/\/wp.me\/pcezmW-dki","jetpack_sharing_enabled":true,"_links":{"self":[{"href":"https:\/\/algarve7.pt\/index.php\/wp-json\/wp\/v2\/posts\/51230","targetHints":{"allow":["GET"]}}],"collection":[{"href":"https:\/\/algarve7.pt\/index.php\/wp-json\/wp\/v2\/posts"}],"about":[{"href":"https:\/\/algarve7.pt\/index.php\/wp-json\/wp\/v2\/types\/post"}],"author":[{"embeddable":true,"href":"https:\/\/algarve7.pt\/index.php\/wp-json\/wp\/v2\/users\/1"}],"replies":[{"embeddable":true,"href":"https:\/\/algarve7.pt\/index.php\/wp-json\/wp\/v2\/comments?post=51230"}],"version-history":[{"count":0,"href":"https:\/\/algarve7.pt\/index.php\/wp-json\/wp\/v2\/posts\/51230\/revisions"}],"wp:featuredmedia":[{"embeddable":true,"href":"https:\/\/algarve7.pt\/index.php\/wp-json\/wp\/v2\/media\/51231"}],"wp:attachment":[{"href":"https:\/\/algarve7.pt\/index.php\/wp-json\/wp\/v2\/media?parent=51230"}],"wp:term":[{"taxonomy":"category","embeddable":true,"href":"https:\/\/algarve7.pt\/index.php\/wp-json\/wp\/v2\/categories?post=51230"},{"taxonomy":"post_tag","embeddable":true,"href":"https:\/\/algarve7.pt\/index.php\/wp-json\/wp\/v2\/tags?post=51230"}],"curies":[{"name":"wp","href":"https:\/\/api.w.org\/{rel}","templated":true}]}}