{"id":51190,"date":"2025-06-05T08:30:00","date_gmt":"2025-06-05T07:30:00","guid":{"rendered":"https:\/\/algarve7.pt\/?p=51190"},"modified":"2025-06-04T15:15:50","modified_gmt":"2025-06-04T14:15:50","slug":"lagoa-enaltece-conquistas-historicas-no-campeonato-nacional-de-equipas-seniores-de-badminton","status":"publish","type":"post","link":"https:\/\/algarve7.pt\/index.php\/2025\/06\/lagoa-enaltece-conquistas-historicas-no-campeonato-nacional-de-equipas-seniores-de-badminton\/desporto\/08\/30\/","title":{"rendered":"Lagoa enaltece conquistas hist\u00f3ricas no Campeonato Nacional de Equipas Seniores de Badminton"},"content":{"rendered":"\n<p><strong>O Munic\u00edpio de Lagoa felicita a ACD CHE Lagoense pelos extraordin\u00e1rios resultados alcan\u00e7ados no Campeonato Nacional de Equipas Seniores de Badminton, com a conquista de quatro t\u00edtulos de Campe\u00e3o Nacional, nas seguintes categorias<\/strong>:<\/p>\n\n\n\n<p>Campe\u00e3o Nacional de Equipas Masculinas \u2013 1.\u00aa Divis\u00e3o<br>Campe\u00e3o Nacional de Equipas Masculinas \u2013 2.\u00aa Divis\u00e3o<br>Campe\u00e3o Nacional de Equipas Femininas \u2013 1.\u00aa Divis\u00e3o<br>Campe\u00e3o Nacional de Equipas Femininas \u2013 2.\u00aa Divis\u00e3o<\/p>\n\n\n\n<p>Com estas conquistas, a CHE Lagoense alcan\u00e7a um not\u00e1vel total de 403 t\u00edtulos de Campe\u00e3o Nacional, um feito de grande relev\u00e2ncia para o clube e para o concelho de Lagoa.<\/p>\n\n\n\n<p>\u201c<em><strong>\u00c9 com profundo orgulho que o Munic\u00edpio de Lagoa reconhece este marco desportivo excecional. Estes t\u00edtulos refletem o talento, a dedica\u00e7\u00e3o e o esp\u00edrito de supera\u00e7\u00e3o dos atletas, treinadores e dirigentes da ACD CHE Lagoense, que continuam a projetar o nome de Lagoa a n\u00edvel nacional. O vosso percurso \u00e9 motivo de grande admira\u00e7\u00e3o e traduz tamb\u00e9m o esfor\u00e7o cont\u00ednuo deste munic\u00edpio em apoiar o desporto e os seus protagonistas. Em nome do Munic\u00edpio, deixo os mais sinceros parab\u00e9ns por este cap\u00edtulo de excel\u00eancia<\/strong><\/em>.\u201d \u2013 Lu\u00eds Encarna\u00e7\u00e3o, Presidente da C\u00e2mara Municipal de Lagoa.<\/p>\n","protected":false},"excerpt":{"rendered":"<p>O Munic\u00edpio de Lagoa felicita a ACD CHE Lagoense pelos extraordin\u00e1rios resultados alcan\u00e7ados no Campeonato Nacional de Equipas Seniores de<\/p>\n","protected":false},"author":1,"featured_media":51191,"comment_status":"closed","ping_status":"closed","sticky":false,"template":"","format":"standard","meta":{"colormag_page_container_layout":"default_layout","colormag_page_sidebar_layout":"default_layout","_monsterinsights_skip_tracking":false,"_monsterinsights_sitenote_active":false,"_monsterinsights_sitenote_note":"","_monsterinsights_sitenote_category":0,"jetpack_post_was_ever_published":false,"_jetpack_newsletter_access":"","_jetpack_dont_email_post_to_subs":false,"_jetpack_newsletter_tier_id":0,"_jetpack_memberships_contains_paywalled_content":false,"_jetpack_memberships_contains_paid_content":false,"footnotes":"","jetpack_publicize_message":"","jetpack_publicize_feature_enabled":true,"jetpack_social_post_already_shared":true,"jetpack_social_options":{"image_generator_settings":{"template":"highway","default_image_id":0,"font":"","enabled":false},"version":2}},"categories":[15],"tags":[36,40,48],"class_list":["post-51190","post","type-post","status-publish","format-standard","has-post-thumbnail","hentry","category-desporto","tag-algarve","tag-desporto","tag-lagoa"],"yoast_head":"<!-- This site is optimized with the Yoast SEO plugin v27.5 - https:\/\/yoast.com\/product\/yoast-seo-wordpress\/ -->\n<title>Lagoa enaltece conquistas hist\u00f3ricas no Campeonato Nacional de Equipas Seniores de Badminton - Algarve 7<\/title>\n<meta name=\"description\" content=\"Lagoa enaltece conquistas hist\u00f3ricas no Campeonato Nacional de Equipas Seniores de Badminton Desporto\" \/>\n<meta name=\"robots\" content=\"index, follow, max-snippet:-1, max-image-preview:large, max-video-preview:-1\" \/>\n<link rel=\"canonical\" href=\"https:\/\/algarve7.pt\/index.php\/2025\/06\/lagoa-enaltece-conquistas-historicas-no-campeonato-nacional-de-equipas-seniores-de-badminton\/desporto\/08\/30\/\" \/>\n<meta property=\"og:locale\" content=\"pt_PT\" \/>\n<meta property=\"og:type\" content=\"article\" \/>\n<meta property=\"og:title\" content=\"Lagoa enaltece conquistas hist\u00f3ricas no Campeonato Nacional de Equipas Seniores de Badminton - Algarve 7\" \/>\n<meta property=\"og:description\" content=\"Lagoa enaltece conquistas hist\u00f3ricas no Campeonato Nacional de Equipas Seniores de Badminton Desporto\" \/>\n<meta property=\"og:url\" content=\"https:\/\/algarve7.pt\/index.php\/2025\/06\/lagoa-enaltece-conquistas-historicas-no-campeonato-nacional-de-equipas-seniores-de-badminton\/desporto\/08\/30\/\" \/>\n<meta property=\"og:site_name\" content=\"Algarve 7\" \/>\n<meta property=\"article:publisher\" content=\"https:\/\/www.facebook.com\/algarve7\" \/>\n<meta property=\"article:author\" content=\"https:\/\/www.facebook.com\/algarve7\" \/>\n<meta property=\"article:published_time\" content=\"2025-06-05T07:30:00+00:00\" \/>\n<meta property=\"og:image\" content=\"https:\/\/algarve7.pt\/wp-content\/uploads\/2025\/06\/Captura-de-ecra-2025-06-04-as-15.12.23.png\" \/>\n\t<meta property=\"og:image:width\" content=\"800\" \/>\n\t<meta property=\"og:image:height\" content=\"500\" \/>\n\t<meta property=\"og:image:type\" content=\"image\/png\" \/>\n<meta name=\"author\" content=\"Algarve 7\" \/>\n<meta name=\"twitter:card\" content=\"summary_large_image\" \/>\n<meta name=\"twitter:creator\" content=\"@Algarvesete\" \/>\n<meta name=\"twitter:site\" content=\"@Algarvesete\" \/>\n<meta name=\"twitter:label1\" content=\"Escrito por\" \/>\n\t<meta name=\"twitter:data1\" content=\"Algarve 7\" \/>\n\t<meta name=\"twitter:label2\" content=\"Tempo estimado de leitura\" \/>\n\t<meta name=\"twitter:data2\" content=\"2 minutos\" \/>\n<script type=\"application\/ld+json\" class=\"yoast-schema-graph\">{\"@context\":\"https:\\\/\\\/schema.org\",\"@graph\":[{\"@type\":\"Article\",\"@id\":\"https:\\\/\\\/algarve7.pt\\\/index.php\\\/2025\\\/06\\\/lagoa-enaltece-conquistas-historicas-no-campeonato-nacional-de-equipas-seniores-de-badminton\\\/desporto\\\/08\\\/30\\\/#article\",\"isPartOf\":{\"@id\":\"https:\\\/\\\/algarve7.pt\\\/index.php\\\/2025\\\/06\\\/lagoa-enaltece-conquistas-historicas-no-campeonato-nacional-de-equipas-seniores-de-badminton\\\/desporto\\\/08\\\/30\\\/\"},\"author\":{\"name\":\"Algarve 7\",\"@id\":\"https:\\\/\\\/algarve7.pt\\\/#\\\/schema\\\/person\\\/23fa70681308e7b319a3204bcea45e0c\"},\"headline\":\"Lagoa enaltece conquistas hist\u00f3ricas no Campeonato Nacional de Equipas Seniores de Badminton\",\"datePublished\":\"2025-06-05T07:30:00+00:00\",\"mainEntityOfPage\":{\"@id\":\"https:\\\/\\\/algarve7.pt\\\/index.php\\\/2025\\\/06\\\/lagoa-enaltece-conquistas-historicas-no-campeonato-nacional-de-equipas-seniores-de-badminton\\\/desporto\\\/08\\\/30\\\/\"},\"wordCount\":222,\"publisher\":{\"@id\":\"https:\\\/\\\/algarve7.pt\\\/#organization\"},\"image\":{\"@id\":\"https:\\\/\\\/algarve7.pt\\\/index.php\\\/2025\\\/06\\\/lagoa-enaltece-conquistas-historicas-no-campeonato-nacional-de-equipas-seniores-de-badminton\\\/desporto\\\/08\\\/30\\\/#primaryimage\"},\"thumbnailUrl\":\"https:\\\/\\\/algarve7.pt\\\/wp-content\\\/uploads\\\/2025\\\/06\\\/Captura-de-ecra-2025-06-04-as-15.12.23.png\",\"keywords\":[\"Algarve\",\"Desporto\",\"Lagoa\"],\"articleSection\":[\"Desporto\"],\"inLanguage\":\"pt-PT\"},{\"@type\":\"WebPage\",\"@id\":\"https:\\\/\\\/algarve7.pt\\\/index.php\\\/2025\\\/06\\\/lagoa-enaltece-conquistas-historicas-no-campeonato-nacional-de-equipas-seniores-de-badminton\\\/desporto\\\/08\\\/30\\\/\",\"url\":\"https:\\\/\\\/algarve7.pt\\\/index.php\\\/2025\\\/06\\\/lagoa-enaltece-conquistas-historicas-no-campeonato-nacional-de-equipas-seniores-de-badminton\\\/desporto\\\/08\\\/30\\\/\",\"name\":\"Lagoa enaltece conquistas hist\u00f3ricas no Campeonato Nacional de Equipas Seniores de Badminton - Algarve 7\",\"isPartOf\":{\"@id\":\"https:\\\/\\\/algarve7.pt\\\/#website\"},\"primaryImageOfPage\":{\"@id\":\"https:\\\/\\\/algarve7.pt\\\/index.php\\\/2025\\\/06\\\/lagoa-enaltece-conquistas-historicas-no-campeonato-nacional-de-equipas-seniores-de-badminton\\\/desporto\\\/08\\\/30\\\/#primaryimage\"},\"image\":{\"@id\":\"https:\\\/\\\/algarve7.pt\\\/index.php\\\/2025\\\/06\\\/lagoa-enaltece-conquistas-historicas-no-campeonato-nacional-de-equipas-seniores-de-badminton\\\/desporto\\\/08\\\/30\\\/#primaryimage\"},\"thumbnailUrl\":\"https:\\\/\\\/algarve7.pt\\\/wp-content\\\/uploads\\\/2025\\\/06\\\/Captura-de-ecra-2025-06-04-as-15.12.23.png\",\"datePublished\":\"2025-06-05T07:30:00+00:00\",\"description\":\"Lagoa enaltece conquistas hist\u00f3ricas no Campeonato Nacional de Equipas Seniores de Badminton Desporto\",\"breadcrumb\":{\"@id\":\"https:\\\/\\\/algarve7.pt\\\/index.php\\\/2025\\\/06\\\/lagoa-enaltece-conquistas-historicas-no-campeonato-nacional-de-equipas-seniores-de-badminton\\\/desporto\\\/08\\\/30\\\/#breadcrumb\"},\"inLanguage\":\"pt-PT\",\"potentialAction\":[{\"@type\":\"ReadAction\",\"target\":[\"https:\\\/\\\/algarve7.pt\\\/index.php\\\/2025\\\/06\\\/lagoa-enaltece-conquistas-historicas-no-campeonato-nacional-de-equipas-seniores-de-badminton\\\/desporto\\\/08\\\/30\\\/\"]}]},{\"@type\":\"ImageObject\",\"inLanguage\":\"pt-PT\",\"@id\":\"https:\\\/\\\/algarve7.pt\\\/index.php\\\/2025\\\/06\\\/lagoa-enaltece-conquistas-historicas-no-campeonato-nacional-de-equipas-seniores-de-badminton\\\/desporto\\\/08\\\/30\\\/#primaryimage\",\"url\":\"https:\\\/\\\/algarve7.pt\\\/wp-content\\\/uploads\\\/2025\\\/06\\\/Captura-de-ecra-2025-06-04-as-15.12.23.png\",\"contentUrl\":\"https:\\\/\\\/algarve7.pt\\\/wp-content\\\/uploads\\\/2025\\\/06\\\/Captura-de-ecra-2025-06-04-as-15.12.23.png\",\"width\":800,\"height\":500},{\"@type\":\"BreadcrumbList\",\"@id\":\"https:\\\/\\\/algarve7.pt\\\/index.php\\\/2025\\\/06\\\/lagoa-enaltece-conquistas-historicas-no-campeonato-nacional-de-equipas-seniores-de-badminton\\\/desporto\\\/08\\\/30\\\/#breadcrumb\",\"itemListElement\":[{\"@type\":\"ListItem\",\"position\":1,\"name\":\"In\u00edcio\",\"item\":\"https:\\\/\\\/algarve7.pt\\\/\"},{\"@type\":\"ListItem\",\"position\":2,\"name\":\"Lagoa enaltece conquistas hist\u00f3ricas no Campeonato Nacional de Equipas Seniores de Badminton\"}]},{\"@type\":\"WebSite\",\"@id\":\"https:\\\/\\\/algarve7.pt\\\/#website\",\"url\":\"https:\\\/\\\/algarve7.pt\\\/\",\"name\":\"Algarve 7\",\"description\":\"Informa\u00e7\u00e3o sobre o Algarve\",\"publisher\":{\"@id\":\"https:\\\/\\\/algarve7.pt\\\/#organization\"},\"potentialAction\":[{\"@type\":\"SearchAction\",\"target\":{\"@type\":\"EntryPoint\",\"urlTemplate\":\"https:\\\/\\\/algarve7.pt\\\/?s={search_term_string}\"},\"query-input\":{\"@type\":\"PropertyValueSpecification\",\"valueRequired\":true,\"valueName\":\"search_term_string\"}}],\"inLanguage\":\"pt-PT\"},{\"@type\":\"Organization\",\"@id\":\"https:\\\/\\\/algarve7.pt\\\/#organization\",\"name\":\"Algarve 7\",\"url\":\"https:\\\/\\\/algarve7.pt\\\/\",\"logo\":{\"@type\":\"ImageObject\",\"inLanguage\":\"pt-PT\",\"@id\":\"https:\\\/\\\/algarve7.pt\\\/#\\\/schema\\\/logo\\\/image\\\/\",\"url\":\"https:\\\/\\\/algarve7.pt\\\/wp-content\\\/uploads\\\/2020\\\/10\\\/Logo-8.jpg\",\"contentUrl\":\"https:\\\/\\\/algarve7.pt\\\/wp-content\\\/uploads\\\/2020\\\/10\\\/Logo-8.jpg\",\"width\":1680,\"height\":1186,\"caption\":\"Algarve 7\"},\"image\":{\"@id\":\"https:\\\/\\\/algarve7.pt\\\/#\\\/schema\\\/logo\\\/image\\\/\"},\"sameAs\":[\"https:\\\/\\\/www.facebook.com\\\/algarve7\",\"https:\\\/\\\/x.com\\\/Algarvesete\",\"https:\\\/\\\/www.instagram.com\\\/jornalalgarve7\\\/\",\"https:\\\/\\\/www.linkedin.com\\\/company\\\/algarve7\",\"https:\\\/\\\/www.pinterest.pt\\\/geral0939\\\/_created\\\/\"]},{\"@type\":\"Person\",\"@id\":\"https:\\\/\\\/algarve7.pt\\\/#\\\/schema\\\/person\\\/23fa70681308e7b319a3204bcea45e0c\",\"name\":\"Algarve 7\",\"sameAs\":[\"https:\\\/\\\/algarve7.pt\",\"https:\\\/\\\/www.facebook.com\\\/algarve7\"],\"url\":\"https:\\\/\\\/algarve7.pt\\\/index.php\\\/author\\\/geralalgarve7-pt\\\/\"}]}<\/script>\n<!-- \/ Yoast SEO plugin. -->","yoast_head_json":{"title":"Lagoa enaltece conquistas hist\u00f3ricas no Campeonato Nacional de Equipas Seniores de Badminton - Algarve 7","description":"Lagoa enaltece conquistas hist\u00f3ricas no Campeonato Nacional de Equipas Seniores de Badminton Desporto","robots":{"index":"index","follow":"follow","max-snippet":"max-snippet:-1","max-image-preview":"max-image-preview:large","max-video-preview":"max-video-preview:-1"},"canonical":"https:\/\/algarve7.pt\/index.php\/2025\/06\/lagoa-enaltece-conquistas-historicas-no-campeonato-nacional-de-equipas-seniores-de-badminton\/desporto\/08\/30\/","og_locale":"pt_PT","og_type":"article","og_title":"Lagoa enaltece conquistas hist\u00f3ricas no Campeonato Nacional de Equipas Seniores de Badminton - Algarve 7","og_description":"Lagoa enaltece conquistas hist\u00f3ricas no Campeonato Nacional de Equipas Seniores de Badminton Desporto","og_url":"https:\/\/algarve7.pt\/index.php\/2025\/06\/lagoa-enaltece-conquistas-historicas-no-campeonato-nacional-de-equipas-seniores-de-badminton\/desporto\/08\/30\/","og_site_name":"Algarve 7","article_publisher":"https:\/\/www.facebook.com\/algarve7","article_author":"https:\/\/www.facebook.com\/algarve7","article_published_time":"2025-06-05T07:30:00+00:00","og_image":[{"width":800,"height":500,"url":"https:\/\/algarve7.pt\/wp-content\/uploads\/2025\/06\/Captura-de-ecra-2025-06-04-as-15.12.23.png","type":"image\/png"}],"author":"Algarve 7","twitter_card":"summary_large_image","twitter_creator":"@Algarvesete","twitter_site":"@Algarvesete","twitter_misc":{"Escrito por":"Algarve 7","Tempo estimado de leitura":"2 minutos"},"schema":{"@context":"https:\/\/schema.org","@graph":[{"@type":"Article","@id":"https:\/\/algarve7.pt\/index.php\/2025\/06\/lagoa-enaltece-conquistas-historicas-no-campeonato-nacional-de-equipas-seniores-de-badminton\/desporto\/08\/30\/#article","isPartOf":{"@id":"https:\/\/algarve7.pt\/index.php\/2025\/06\/lagoa-enaltece-conquistas-historicas-no-campeonato-nacional-de-equipas-seniores-de-badminton\/desporto\/08\/30\/"},"author":{"name":"Algarve 7","@id":"https:\/\/algarve7.pt\/#\/schema\/person\/23fa70681308e7b319a3204bcea45e0c"},"headline":"Lagoa enaltece conquistas hist\u00f3ricas no Campeonato Nacional de Equipas Seniores de Badminton","datePublished":"2025-06-05T07:30:00+00:00","mainEntityOfPage":{"@id":"https:\/\/algarve7.pt\/index.php\/2025\/06\/lagoa-enaltece-conquistas-historicas-no-campeonato-nacional-de-equipas-seniores-de-badminton\/desporto\/08\/30\/"},"wordCount":222,"publisher":{"@id":"https:\/\/algarve7.pt\/#organization"},"image":{"@id":"https:\/\/algarve7.pt\/index.php\/2025\/06\/lagoa-enaltece-conquistas-historicas-no-campeonato-nacional-de-equipas-seniores-de-badminton\/desporto\/08\/30\/#primaryimage"},"thumbnailUrl":"https:\/\/algarve7.pt\/wp-content\/uploads\/2025\/06\/Captura-de-ecra-2025-06-04-as-15.12.23.png","keywords":["Algarve","Desporto","Lagoa"],"articleSection":["Desporto"],"inLanguage":"pt-PT"},{"@type":"WebPage","@id":"https:\/\/algarve7.pt\/index.php\/2025\/06\/lagoa-enaltece-conquistas-historicas-no-campeonato-nacional-de-equipas-seniores-de-badminton\/desporto\/08\/30\/","url":"https:\/\/algarve7.pt\/index.php\/2025\/06\/lagoa-enaltece-conquistas-historicas-no-campeonato-nacional-de-equipas-seniores-de-badminton\/desporto\/08\/30\/","name":"Lagoa enaltece conquistas hist\u00f3ricas no Campeonato Nacional de Equipas Seniores de Badminton - Algarve 7","isPartOf":{"@id":"https:\/\/algarve7.pt\/#website"},"primaryImageOfPage":{"@id":"https:\/\/algarve7.pt\/index.php\/2025\/06\/lagoa-enaltece-conquistas-historicas-no-campeonato-nacional-de-equipas-seniores-de-badminton\/desporto\/08\/30\/#primaryimage"},"image":{"@id":"https:\/\/algarve7.pt\/index.php\/2025\/06\/lagoa-enaltece-conquistas-historicas-no-campeonato-nacional-de-equipas-seniores-de-badminton\/desporto\/08\/30\/#primaryimage"},"thumbnailUrl":"https:\/\/algarve7.pt\/wp-content\/uploads\/2025\/06\/Captura-de-ecra-2025-06-04-as-15.12.23.png","datePublished":"2025-06-05T07:30:00+00:00","description":"Lagoa enaltece conquistas hist\u00f3ricas no Campeonato Nacional de Equipas Seniores de Badminton Desporto","breadcrumb":{"@id":"https:\/\/algarve7.pt\/index.php\/2025\/06\/lagoa-enaltece-conquistas-historicas-no-campeonato-nacional-de-equipas-seniores-de-badminton\/desporto\/08\/30\/#breadcrumb"},"inLanguage":"pt-PT","potentialAction":[{"@type":"ReadAction","target":["https:\/\/algarve7.pt\/index.php\/2025\/06\/lagoa-enaltece-conquistas-historicas-no-campeonato-nacional-de-equipas-seniores-de-badminton\/desporto\/08\/30\/"]}]},{"@type":"ImageObject","inLanguage":"pt-PT","@id":"https:\/\/algarve7.pt\/index.php\/2025\/06\/lagoa-enaltece-conquistas-historicas-no-campeonato-nacional-de-equipas-seniores-de-badminton\/desporto\/08\/30\/#primaryimage","url":"https:\/\/algarve7.pt\/wp-content\/uploads\/2025\/06\/Captura-de-ecra-2025-06-04-as-15.12.23.png","contentUrl":"https:\/\/algarve7.pt\/wp-content\/uploads\/2025\/06\/Captura-de-ecra-2025-06-04-as-15.12.23.png","width":800,"height":500},{"@type":"BreadcrumbList","@id":"https:\/\/algarve7.pt\/index.php\/2025\/06\/lagoa-enaltece-conquistas-historicas-no-campeonato-nacional-de-equipas-seniores-de-badminton\/desporto\/08\/30\/#breadcrumb","itemListElement":[{"@type":"ListItem","position":1,"name":"In\u00edcio","item":"https:\/\/algarve7.pt\/"},{"@type":"ListItem","position":2,"name":"Lagoa enaltece conquistas hist\u00f3ricas no Campeonato Nacional de Equipas Seniores de Badminton"}]},{"@type":"WebSite","@id":"https:\/\/algarve7.pt\/#website","url":"https:\/\/algarve7.pt\/","name":"Algarve 7","description":"Informa\u00e7\u00e3o sobre o Algarve","publisher":{"@id":"https:\/\/algarve7.pt\/#organization"},"potentialAction":[{"@type":"SearchAction","target":{"@type":"EntryPoint","urlTemplate":"https:\/\/algarve7.pt\/?s={search_term_string}"},"query-input":{"@type":"PropertyValueSpecification","valueRequired":true,"valueName":"search_term_string"}}],"inLanguage":"pt-PT"},{"@type":"Organization","@id":"https:\/\/algarve7.pt\/#organization","name":"Algarve 7","url":"https:\/\/algarve7.pt\/","logo":{"@type":"ImageObject","inLanguage":"pt-PT","@id":"https:\/\/algarve7.pt\/#\/schema\/logo\/image\/","url":"https:\/\/algarve7.pt\/wp-content\/uploads\/2020\/10\/Logo-8.jpg","contentUrl":"https:\/\/algarve7.pt\/wp-content\/uploads\/2020\/10\/Logo-8.jpg","width":1680,"height":1186,"caption":"Algarve 7"},"image":{"@id":"https:\/\/algarve7.pt\/#\/schema\/logo\/image\/"},"sameAs":["https:\/\/www.facebook.com\/algarve7","https:\/\/x.com\/Algarvesete","https:\/\/www.instagram.com\/jornalalgarve7\/","https:\/\/www.linkedin.com\/company\/algarve7","https:\/\/www.pinterest.pt\/geral0939\/_created\/"]},{"@type":"Person","@id":"https:\/\/algarve7.pt\/#\/schema\/person\/23fa70681308e7b319a3204bcea45e0c","name":"Algarve 7","sameAs":["https:\/\/algarve7.pt","https:\/\/www.facebook.com\/algarve7"],"url":"https:\/\/algarve7.pt\/index.php\/author\/geralalgarve7-pt\/"}]}},"jetpack_publicize_connections":[],"jetpack_featured_media_url":"https:\/\/algarve7.pt\/wp-content\/uploads\/2025\/06\/Captura-de-ecra-2025-06-04-as-15.12.23.png","jetpack_shortlink":"https:\/\/wp.me\/pcezmW-djE","jetpack_sharing_enabled":true,"_links":{"self":[{"href":"https:\/\/algarve7.pt\/index.php\/wp-json\/wp\/v2\/posts\/51190","targetHints":{"allow":["GET"]}}],"collection":[{"href":"https:\/\/algarve7.pt\/index.php\/wp-json\/wp\/v2\/posts"}],"about":[{"href":"https:\/\/algarve7.pt\/index.php\/wp-json\/wp\/v2\/types\/post"}],"author":[{"embeddable":true,"href":"https:\/\/algarve7.pt\/index.php\/wp-json\/wp\/v2\/users\/1"}],"replies":[{"embeddable":true,"href":"https:\/\/algarve7.pt\/index.php\/wp-json\/wp\/v2\/comments?post=51190"}],"version-history":[{"count":0,"href":"https:\/\/algarve7.pt\/index.php\/wp-json\/wp\/v2\/posts\/51190\/revisions"}],"wp:featuredmedia":[{"embeddable":true,"href":"https:\/\/algarve7.pt\/index.php\/wp-json\/wp\/v2\/media\/51191"}],"wp:attachment":[{"href":"https:\/\/algarve7.pt\/index.php\/wp-json\/wp\/v2\/media?parent=51190"}],"wp:term":[{"taxonomy":"category","embeddable":true,"href":"https:\/\/algarve7.pt\/index.php\/wp-json\/wp\/v2\/categories?post=51190"},{"taxonomy":"post_tag","embeddable":true,"href":"https:\/\/algarve7.pt\/index.php\/wp-json\/wp\/v2\/tags?post=51190"}],"curies":[{"name":"wp","href":"https:\/\/api.w.org\/{rel}","templated":true}]}}