{"id":51136,"date":"2025-06-03T08:42:37","date_gmt":"2025-06-03T07:42:37","guid":{"rendered":"https:\/\/algarve7.pt\/?p=51136"},"modified":"2025-06-03T08:42:40","modified_gmt":"2025-06-03T07:42:40","slug":"reinaldo-teixeira-agraciado-com-medalha-de-merito-grau-ouro","status":"publish","type":"post","link":"https:\/\/algarve7.pt\/index.php\/2025\/06\/reinaldo-teixeira-agraciado-com-medalha-de-merito-grau-ouro\/atualidade\/08\/42\/","title":{"rendered":"Reinaldo Teixeira agraciado com Medalha de M\u00e9rito grau Ouro\u00a0"},"content":{"rendered":"\n<p>Reinaldo Teixeira, administrador do Grupo Garvetur|Enolagest recebeu a Medalha de M\u00e9rito grau Ouro, no decorrer da Cerim\u00f3nia dos Agraciados que se realizou, no dia 31 de maio, no \u00e2mbito das celebra\u00e7\u00f5es do Dia do Munic\u00edpio de Loul\u00e9.\u00a0<br><br>A atribui\u00e7\u00e3o da Medalha de M\u00e9rito Municipal ao empres\u00e1rio teve como objetivo homenagear publicamente os servi\u00e7os relevantes ou excecionais em prol do Concelho, conforme deliberou a C\u00e2mara Municipal de Loul\u00e9, com base no parecer da Comiss\u00e3o de Condecora\u00e7\u00f5es. \u200bTrata-se de uma distin\u00e7\u00e3o pelo seu desempenho na atividade empresarial, numa carreira cujo in\u00edcio remonta a 1983, quando assumiu a administra\u00e7\u00e3o da Garvetur, SA, \u00e0 \u00e9poca sediada em Quarteira.\u00a0<br><br>Com a lideran\u00e7a de Reinaldo Teixeira, em 2001 foi criada a holding Enolagest, da qual a Garvetur \u00e9 a empresa \u00e2ncora e que abrange 42 empresas participadas, mantendo-se a sua sede no concelho de Loul\u00e9, no Centro de Neg\u00f3cios Vilamoura Jardim. O Grupo Garvetur|Enolagest \u00e9 um dos players de refer\u00eancia no imobili\u00e1rio tur\u00edstico a n\u00edvel nacional, mas conservando intacta a sua profunda liga\u00e7\u00e3o a Loul\u00e9 e \u00e0 regi\u00e3o do Algarve.\u00a0<br><br>Na cerim\u00f3nia, o empres\u00e1rio manifestou o seu agradecimento pelo galard\u00e3o, e fez quest\u00e3o de partilhar a distin\u00e7\u00e3o com todos os colaboradores, clientes, s\u00f3cios e fam\u00edlia, mencionando ainda v\u00e1rias pessoas importantes que t\u00eam colaborado na sua caminhada empresarial de 42 anos. Reinaldo Teixeira destacou tamb\u00e9m a sua liga\u00e7\u00e3o pessoal, referindo a vila de Salir, onde nasceu, o que, em sua opini\u00e3o,\u00a0<strong>\u201caumenta o la\u00e7o com o concelho de Loul\u00e9, liga\u00e7\u00e3o que se expressa pela responsabilidade social, um dos valores das empresas que lidero\u201d<\/strong>. A finalizar, o empres\u00e1rio garantiu:\u00a0<strong>\u201cEsta distin\u00e7\u00e3o responsabiliza-nos e \u00e9 um incentivo para fazermos melhor e, se temos imenso orgulho no nosso passado, queremos construir mais no futuro, apostar no crescimento sustentado das nossas empresas, com confian\u00e7a no desenvolvimento da economia local, regional e nacional\u201d<\/strong>.<\/p>\n","protected":false},"excerpt":{"rendered":"<p>Reinaldo Teixeira, administrador do Grupo Garvetur|Enolagest recebeu a Medalha de M\u00e9rito grau Ouro, no decorrer da Cerim\u00f3nia dos Agraciados que<\/p>\n","protected":false},"author":1,"featured_media":51137,"comment_status":"closed","ping_status":"closed","sticky":false,"template":"","format":"standard","meta":{"colormag_page_container_layout":"default_layout","colormag_page_sidebar_layout":"default_layout","_monsterinsights_skip_tracking":false,"_monsterinsights_sitenote_active":false,"_monsterinsights_sitenote_note":"","_monsterinsights_sitenote_category":0,"jetpack_post_was_ever_published":false,"_jetpack_newsletter_access":"","_jetpack_dont_email_post_to_subs":false,"_jetpack_newsletter_tier_id":0,"_jetpack_memberships_contains_paywalled_content":false,"_jetpack_memberships_contains_paid_content":false,"footnotes":"","jetpack_publicize_message":"","jetpack_publicize_feature_enabled":true,"jetpack_social_post_already_shared":true,"jetpack_social_options":{"image_generator_settings":{"template":"highway","default_image_id":0,"font":"","enabled":false},"version":2}},"categories":[11],"tags":[36,62,31],"class_list":["post-51136","post","type-post","status-publish","format-standard","has-post-thumbnail","hentry","category-atualidade","tag-algarve","tag-atualidade","tag-loule"],"yoast_head":"<!-- This site is optimized with the Yoast SEO plugin v27.5 - https:\/\/yoast.com\/product\/yoast-seo-wordpress\/ -->\n<title>Reinaldo Teixeira agraciado com Medalha de M\u00e9rito grau Ouro\u00a0 - Algarve 7<\/title>\n<meta name=\"description\" content=\"Reinaldo Teixeira agraciado com Medalha de M\u00e9rito grau Ouro\u00a0 Atualidade\" \/>\n<meta name=\"robots\" content=\"index, follow, max-snippet:-1, max-image-preview:large, max-video-preview:-1\" \/>\n<link rel=\"canonical\" href=\"https:\/\/algarve7.pt\/index.php\/2025\/06\/reinaldo-teixeira-agraciado-com-medalha-de-merito-grau-ouro\/atualidade\/08\/42\/\" \/>\n<meta property=\"og:locale\" content=\"pt_PT\" \/>\n<meta property=\"og:type\" content=\"article\" \/>\n<meta property=\"og:title\" content=\"Reinaldo Teixeira agraciado com Medalha de M\u00e9rito grau Ouro\u00a0 - Algarve 7\" \/>\n<meta property=\"og:description\" content=\"Reinaldo Teixeira agraciado com Medalha de M\u00e9rito grau Ouro\u00a0 Atualidade\" \/>\n<meta property=\"og:url\" content=\"https:\/\/algarve7.pt\/index.php\/2025\/06\/reinaldo-teixeira-agraciado-com-medalha-de-merito-grau-ouro\/atualidade\/08\/42\/\" \/>\n<meta property=\"og:site_name\" content=\"Algarve 7\" \/>\n<meta property=\"article:publisher\" content=\"https:\/\/www.facebook.com\/algarve7\" \/>\n<meta property=\"article:author\" content=\"https:\/\/www.facebook.com\/algarve7\" \/>\n<meta property=\"article:published_time\" content=\"2025-06-03T07:42:37+00:00\" \/>\n<meta property=\"article:modified_time\" content=\"2025-06-03T07:42:40+00:00\" \/>\n<meta property=\"og:image\" content=\"https:\/\/algarve7.pt\/wp-content\/uploads\/2025\/06\/reinaldoteixeira.jpg\" \/>\n\t<meta property=\"og:image:width\" content=\"800\" \/>\n\t<meta property=\"og:image:height\" content=\"500\" \/>\n\t<meta property=\"og:image:type\" content=\"image\/jpeg\" \/>\n<meta name=\"author\" content=\"Algarve 7\" \/>\n<meta name=\"twitter:card\" content=\"summary_large_image\" \/>\n<meta name=\"twitter:creator\" content=\"@Algarvesete\" \/>\n<meta name=\"twitter:site\" content=\"@Algarvesete\" \/>\n<meta name=\"twitter:label1\" content=\"Escrito por\" \/>\n\t<meta name=\"twitter:data1\" content=\"Algarve 7\" \/>\n\t<meta name=\"twitter:label2\" content=\"Tempo estimado de leitura\" \/>\n\t<meta name=\"twitter:data2\" content=\"2 minutos\" \/>\n<script type=\"application\/ld+json\" class=\"yoast-schema-graph\">{\"@context\":\"https:\\\/\\\/schema.org\",\"@graph\":[{\"@type\":\"Article\",\"@id\":\"https:\\\/\\\/algarve7.pt\\\/index.php\\\/2025\\\/06\\\/reinaldo-teixeira-agraciado-com-medalha-de-merito-grau-ouro\\\/atualidade\\\/08\\\/42\\\/#article\",\"isPartOf\":{\"@id\":\"https:\\\/\\\/algarve7.pt\\\/index.php\\\/2025\\\/06\\\/reinaldo-teixeira-agraciado-com-medalha-de-merito-grau-ouro\\\/atualidade\\\/08\\\/42\\\/\"},\"author\":{\"name\":\"Algarve 7\",\"@id\":\"https:\\\/\\\/algarve7.pt\\\/#\\\/schema\\\/person\\\/23fa70681308e7b319a3204bcea45e0c\"},\"headline\":\"Reinaldo Teixeira agraciado com Medalha de M\u00e9rito grau Ouro\u00a0\",\"datePublished\":\"2025-06-03T07:42:37+00:00\",\"dateModified\":\"2025-06-03T07:42:40+00:00\",\"mainEntityOfPage\":{\"@id\":\"https:\\\/\\\/algarve7.pt\\\/index.php\\\/2025\\\/06\\\/reinaldo-teixeira-agraciado-com-medalha-de-merito-grau-ouro\\\/atualidade\\\/08\\\/42\\\/\"},\"wordCount\":342,\"publisher\":{\"@id\":\"https:\\\/\\\/algarve7.pt\\\/#organization\"},\"image\":{\"@id\":\"https:\\\/\\\/algarve7.pt\\\/index.php\\\/2025\\\/06\\\/reinaldo-teixeira-agraciado-com-medalha-de-merito-grau-ouro\\\/atualidade\\\/08\\\/42\\\/#primaryimage\"},\"thumbnailUrl\":\"https:\\\/\\\/algarve7.pt\\\/wp-content\\\/uploads\\\/2025\\\/06\\\/reinaldoteixeira.jpg\",\"keywords\":[\"Algarve\",\"Atualidade\",\"Loul\u00e9\"],\"articleSection\":[\"Atualidade\"],\"inLanguage\":\"pt-PT\"},{\"@type\":\"WebPage\",\"@id\":\"https:\\\/\\\/algarve7.pt\\\/index.php\\\/2025\\\/06\\\/reinaldo-teixeira-agraciado-com-medalha-de-merito-grau-ouro\\\/atualidade\\\/08\\\/42\\\/\",\"url\":\"https:\\\/\\\/algarve7.pt\\\/index.php\\\/2025\\\/06\\\/reinaldo-teixeira-agraciado-com-medalha-de-merito-grau-ouro\\\/atualidade\\\/08\\\/42\\\/\",\"name\":\"Reinaldo Teixeira agraciado com Medalha de M\u00e9rito grau Ouro\u00a0 - Algarve 7\",\"isPartOf\":{\"@id\":\"https:\\\/\\\/algarve7.pt\\\/#website\"},\"primaryImageOfPage\":{\"@id\":\"https:\\\/\\\/algarve7.pt\\\/index.php\\\/2025\\\/06\\\/reinaldo-teixeira-agraciado-com-medalha-de-merito-grau-ouro\\\/atualidade\\\/08\\\/42\\\/#primaryimage\"},\"image\":{\"@id\":\"https:\\\/\\\/algarve7.pt\\\/index.php\\\/2025\\\/06\\\/reinaldo-teixeira-agraciado-com-medalha-de-merito-grau-ouro\\\/atualidade\\\/08\\\/42\\\/#primaryimage\"},\"thumbnailUrl\":\"https:\\\/\\\/algarve7.pt\\\/wp-content\\\/uploads\\\/2025\\\/06\\\/reinaldoteixeira.jpg\",\"datePublished\":\"2025-06-03T07:42:37+00:00\",\"dateModified\":\"2025-06-03T07:42:40+00:00\",\"description\":\"Reinaldo Teixeira agraciado com Medalha de M\u00e9rito grau Ouro\u00a0 Atualidade\",\"breadcrumb\":{\"@id\":\"https:\\\/\\\/algarve7.pt\\\/index.php\\\/2025\\\/06\\\/reinaldo-teixeira-agraciado-com-medalha-de-merito-grau-ouro\\\/atualidade\\\/08\\\/42\\\/#breadcrumb\"},\"inLanguage\":\"pt-PT\",\"potentialAction\":[{\"@type\":\"ReadAction\",\"target\":[\"https:\\\/\\\/algarve7.pt\\\/index.php\\\/2025\\\/06\\\/reinaldo-teixeira-agraciado-com-medalha-de-merito-grau-ouro\\\/atualidade\\\/08\\\/42\\\/\"]}]},{\"@type\":\"ImageObject\",\"inLanguage\":\"pt-PT\",\"@id\":\"https:\\\/\\\/algarve7.pt\\\/index.php\\\/2025\\\/06\\\/reinaldo-teixeira-agraciado-com-medalha-de-merito-grau-ouro\\\/atualidade\\\/08\\\/42\\\/#primaryimage\",\"url\":\"https:\\\/\\\/algarve7.pt\\\/wp-content\\\/uploads\\\/2025\\\/06\\\/reinaldoteixeira.jpg\",\"contentUrl\":\"https:\\\/\\\/algarve7.pt\\\/wp-content\\\/uploads\\\/2025\\\/06\\\/reinaldoteixeira.jpg\",\"width\":800,\"height\":500},{\"@type\":\"BreadcrumbList\",\"@id\":\"https:\\\/\\\/algarve7.pt\\\/index.php\\\/2025\\\/06\\\/reinaldo-teixeira-agraciado-com-medalha-de-merito-grau-ouro\\\/atualidade\\\/08\\\/42\\\/#breadcrumb\",\"itemListElement\":[{\"@type\":\"ListItem\",\"position\":1,\"name\":\"In\u00edcio\",\"item\":\"https:\\\/\\\/algarve7.pt\\\/\"},{\"@type\":\"ListItem\",\"position\":2,\"name\":\"Reinaldo Teixeira agraciado com Medalha de M\u00e9rito grau Ouro\u00a0\"}]},{\"@type\":\"WebSite\",\"@id\":\"https:\\\/\\\/algarve7.pt\\\/#website\",\"url\":\"https:\\\/\\\/algarve7.pt\\\/\",\"name\":\"Algarve 7\",\"description\":\"Informa\u00e7\u00e3o sobre o Algarve\",\"publisher\":{\"@id\":\"https:\\\/\\\/algarve7.pt\\\/#organization\"},\"potentialAction\":[{\"@type\":\"SearchAction\",\"target\":{\"@type\":\"EntryPoint\",\"urlTemplate\":\"https:\\\/\\\/algarve7.pt\\\/?s={search_term_string}\"},\"query-input\":{\"@type\":\"PropertyValueSpecification\",\"valueRequired\":true,\"valueName\":\"search_term_string\"}}],\"inLanguage\":\"pt-PT\"},{\"@type\":\"Organization\",\"@id\":\"https:\\\/\\\/algarve7.pt\\\/#organization\",\"name\":\"Algarve 7\",\"url\":\"https:\\\/\\\/algarve7.pt\\\/\",\"logo\":{\"@type\":\"ImageObject\",\"inLanguage\":\"pt-PT\",\"@id\":\"https:\\\/\\\/algarve7.pt\\\/#\\\/schema\\\/logo\\\/image\\\/\",\"url\":\"https:\\\/\\\/algarve7.pt\\\/wp-content\\\/uploads\\\/2020\\\/10\\\/Logo-8.jpg\",\"contentUrl\":\"https:\\\/\\\/algarve7.pt\\\/wp-content\\\/uploads\\\/2020\\\/10\\\/Logo-8.jpg\",\"width\":1680,\"height\":1186,\"caption\":\"Algarve 7\"},\"image\":{\"@id\":\"https:\\\/\\\/algarve7.pt\\\/#\\\/schema\\\/logo\\\/image\\\/\"},\"sameAs\":[\"https:\\\/\\\/www.facebook.com\\\/algarve7\",\"https:\\\/\\\/x.com\\\/Algarvesete\",\"https:\\\/\\\/www.instagram.com\\\/jornalalgarve7\\\/\",\"https:\\\/\\\/www.linkedin.com\\\/company\\\/algarve7\",\"https:\\\/\\\/www.pinterest.pt\\\/geral0939\\\/_created\\\/\"]},{\"@type\":\"Person\",\"@id\":\"https:\\\/\\\/algarve7.pt\\\/#\\\/schema\\\/person\\\/23fa70681308e7b319a3204bcea45e0c\",\"name\":\"Algarve 7\",\"sameAs\":[\"https:\\\/\\\/algarve7.pt\",\"https:\\\/\\\/www.facebook.com\\\/algarve7\"],\"url\":\"https:\\\/\\\/algarve7.pt\\\/index.php\\\/author\\\/geralalgarve7-pt\\\/\"}]}<\/script>\n<!-- \/ Yoast SEO plugin. -->","yoast_head_json":{"title":"Reinaldo Teixeira agraciado com Medalha de M\u00e9rito grau Ouro\u00a0 - Algarve 7","description":"Reinaldo Teixeira agraciado com Medalha de M\u00e9rito grau Ouro\u00a0 Atualidade","robots":{"index":"index","follow":"follow","max-snippet":"max-snippet:-1","max-image-preview":"max-image-preview:large","max-video-preview":"max-video-preview:-1"},"canonical":"https:\/\/algarve7.pt\/index.php\/2025\/06\/reinaldo-teixeira-agraciado-com-medalha-de-merito-grau-ouro\/atualidade\/08\/42\/","og_locale":"pt_PT","og_type":"article","og_title":"Reinaldo Teixeira agraciado com Medalha de M\u00e9rito grau Ouro\u00a0 - Algarve 7","og_description":"Reinaldo Teixeira agraciado com Medalha de M\u00e9rito grau Ouro\u00a0 Atualidade","og_url":"https:\/\/algarve7.pt\/index.php\/2025\/06\/reinaldo-teixeira-agraciado-com-medalha-de-merito-grau-ouro\/atualidade\/08\/42\/","og_site_name":"Algarve 7","article_publisher":"https:\/\/www.facebook.com\/algarve7","article_author":"https:\/\/www.facebook.com\/algarve7","article_published_time":"2025-06-03T07:42:37+00:00","article_modified_time":"2025-06-03T07:42:40+00:00","og_image":[{"width":800,"height":500,"url":"https:\/\/algarve7.pt\/wp-content\/uploads\/2025\/06\/reinaldoteixeira.jpg","type":"image\/jpeg"}],"author":"Algarve 7","twitter_card":"summary_large_image","twitter_creator":"@Algarvesete","twitter_site":"@Algarvesete","twitter_misc":{"Escrito por":"Algarve 7","Tempo estimado de leitura":"2 minutos"},"schema":{"@context":"https:\/\/schema.org","@graph":[{"@type":"Article","@id":"https:\/\/algarve7.pt\/index.php\/2025\/06\/reinaldo-teixeira-agraciado-com-medalha-de-merito-grau-ouro\/atualidade\/08\/42\/#article","isPartOf":{"@id":"https:\/\/algarve7.pt\/index.php\/2025\/06\/reinaldo-teixeira-agraciado-com-medalha-de-merito-grau-ouro\/atualidade\/08\/42\/"},"author":{"name":"Algarve 7","@id":"https:\/\/algarve7.pt\/#\/schema\/person\/23fa70681308e7b319a3204bcea45e0c"},"headline":"Reinaldo Teixeira agraciado com Medalha de M\u00e9rito grau Ouro\u00a0","datePublished":"2025-06-03T07:42:37+00:00","dateModified":"2025-06-03T07:42:40+00:00","mainEntityOfPage":{"@id":"https:\/\/algarve7.pt\/index.php\/2025\/06\/reinaldo-teixeira-agraciado-com-medalha-de-merito-grau-ouro\/atualidade\/08\/42\/"},"wordCount":342,"publisher":{"@id":"https:\/\/algarve7.pt\/#organization"},"image":{"@id":"https:\/\/algarve7.pt\/index.php\/2025\/06\/reinaldo-teixeira-agraciado-com-medalha-de-merito-grau-ouro\/atualidade\/08\/42\/#primaryimage"},"thumbnailUrl":"https:\/\/algarve7.pt\/wp-content\/uploads\/2025\/06\/reinaldoteixeira.jpg","keywords":["Algarve","Atualidade","Loul\u00e9"],"articleSection":["Atualidade"],"inLanguage":"pt-PT"},{"@type":"WebPage","@id":"https:\/\/algarve7.pt\/index.php\/2025\/06\/reinaldo-teixeira-agraciado-com-medalha-de-merito-grau-ouro\/atualidade\/08\/42\/","url":"https:\/\/algarve7.pt\/index.php\/2025\/06\/reinaldo-teixeira-agraciado-com-medalha-de-merito-grau-ouro\/atualidade\/08\/42\/","name":"Reinaldo Teixeira agraciado com Medalha de M\u00e9rito grau Ouro\u00a0 - Algarve 7","isPartOf":{"@id":"https:\/\/algarve7.pt\/#website"},"primaryImageOfPage":{"@id":"https:\/\/algarve7.pt\/index.php\/2025\/06\/reinaldo-teixeira-agraciado-com-medalha-de-merito-grau-ouro\/atualidade\/08\/42\/#primaryimage"},"image":{"@id":"https:\/\/algarve7.pt\/index.php\/2025\/06\/reinaldo-teixeira-agraciado-com-medalha-de-merito-grau-ouro\/atualidade\/08\/42\/#primaryimage"},"thumbnailUrl":"https:\/\/algarve7.pt\/wp-content\/uploads\/2025\/06\/reinaldoteixeira.jpg","datePublished":"2025-06-03T07:42:37+00:00","dateModified":"2025-06-03T07:42:40+00:00","description":"Reinaldo Teixeira agraciado com Medalha de M\u00e9rito grau Ouro\u00a0 Atualidade","breadcrumb":{"@id":"https:\/\/algarve7.pt\/index.php\/2025\/06\/reinaldo-teixeira-agraciado-com-medalha-de-merito-grau-ouro\/atualidade\/08\/42\/#breadcrumb"},"inLanguage":"pt-PT","potentialAction":[{"@type":"ReadAction","target":["https:\/\/algarve7.pt\/index.php\/2025\/06\/reinaldo-teixeira-agraciado-com-medalha-de-merito-grau-ouro\/atualidade\/08\/42\/"]}]},{"@type":"ImageObject","inLanguage":"pt-PT","@id":"https:\/\/algarve7.pt\/index.php\/2025\/06\/reinaldo-teixeira-agraciado-com-medalha-de-merito-grau-ouro\/atualidade\/08\/42\/#primaryimage","url":"https:\/\/algarve7.pt\/wp-content\/uploads\/2025\/06\/reinaldoteixeira.jpg","contentUrl":"https:\/\/algarve7.pt\/wp-content\/uploads\/2025\/06\/reinaldoteixeira.jpg","width":800,"height":500},{"@type":"BreadcrumbList","@id":"https:\/\/algarve7.pt\/index.php\/2025\/06\/reinaldo-teixeira-agraciado-com-medalha-de-merito-grau-ouro\/atualidade\/08\/42\/#breadcrumb","itemListElement":[{"@type":"ListItem","position":1,"name":"In\u00edcio","item":"https:\/\/algarve7.pt\/"},{"@type":"ListItem","position":2,"name":"Reinaldo Teixeira agraciado com Medalha de M\u00e9rito grau Ouro\u00a0"}]},{"@type":"WebSite","@id":"https:\/\/algarve7.pt\/#website","url":"https:\/\/algarve7.pt\/","name":"Algarve 7","description":"Informa\u00e7\u00e3o sobre o Algarve","publisher":{"@id":"https:\/\/algarve7.pt\/#organization"},"potentialAction":[{"@type":"SearchAction","target":{"@type":"EntryPoint","urlTemplate":"https:\/\/algarve7.pt\/?s={search_term_string}"},"query-input":{"@type":"PropertyValueSpecification","valueRequired":true,"valueName":"search_term_string"}}],"inLanguage":"pt-PT"},{"@type":"Organization","@id":"https:\/\/algarve7.pt\/#organization","name":"Algarve 7","url":"https:\/\/algarve7.pt\/","logo":{"@type":"ImageObject","inLanguage":"pt-PT","@id":"https:\/\/algarve7.pt\/#\/schema\/logo\/image\/","url":"https:\/\/algarve7.pt\/wp-content\/uploads\/2020\/10\/Logo-8.jpg","contentUrl":"https:\/\/algarve7.pt\/wp-content\/uploads\/2020\/10\/Logo-8.jpg","width":1680,"height":1186,"caption":"Algarve 7"},"image":{"@id":"https:\/\/algarve7.pt\/#\/schema\/logo\/image\/"},"sameAs":["https:\/\/www.facebook.com\/algarve7","https:\/\/x.com\/Algarvesete","https:\/\/www.instagram.com\/jornalalgarve7\/","https:\/\/www.linkedin.com\/company\/algarve7","https:\/\/www.pinterest.pt\/geral0939\/_created\/"]},{"@type":"Person","@id":"https:\/\/algarve7.pt\/#\/schema\/person\/23fa70681308e7b319a3204bcea45e0c","name":"Algarve 7","sameAs":["https:\/\/algarve7.pt","https:\/\/www.facebook.com\/algarve7"],"url":"https:\/\/algarve7.pt\/index.php\/author\/geralalgarve7-pt\/"}]}},"jetpack_publicize_connections":[],"jetpack_featured_media_url":"https:\/\/algarve7.pt\/wp-content\/uploads\/2025\/06\/reinaldoteixeira.jpg","jetpack_shortlink":"https:\/\/wp.me\/pcezmW-diM","jetpack_sharing_enabled":true,"_links":{"self":[{"href":"https:\/\/algarve7.pt\/index.php\/wp-json\/wp\/v2\/posts\/51136","targetHints":{"allow":["GET"]}}],"collection":[{"href":"https:\/\/algarve7.pt\/index.php\/wp-json\/wp\/v2\/posts"}],"about":[{"href":"https:\/\/algarve7.pt\/index.php\/wp-json\/wp\/v2\/types\/post"}],"author":[{"embeddable":true,"href":"https:\/\/algarve7.pt\/index.php\/wp-json\/wp\/v2\/users\/1"}],"replies":[{"embeddable":true,"href":"https:\/\/algarve7.pt\/index.php\/wp-json\/wp\/v2\/comments?post=51136"}],"version-history":[{"count":0,"href":"https:\/\/algarve7.pt\/index.php\/wp-json\/wp\/v2\/posts\/51136\/revisions"}],"wp:featuredmedia":[{"embeddable":true,"href":"https:\/\/algarve7.pt\/index.php\/wp-json\/wp\/v2\/media\/51137"}],"wp:attachment":[{"href":"https:\/\/algarve7.pt\/index.php\/wp-json\/wp\/v2\/media?parent=51136"}],"wp:term":[{"taxonomy":"category","embeddable":true,"href":"https:\/\/algarve7.pt\/index.php\/wp-json\/wp\/v2\/categories?post=51136"},{"taxonomy":"post_tag","embeddable":true,"href":"https:\/\/algarve7.pt\/index.php\/wp-json\/wp\/v2\/tags?post=51136"}],"curies":[{"name":"wp","href":"https:\/\/api.w.org\/{rel}","templated":true}]}}