{"id":51099,"date":"2025-06-03T09:10:00","date_gmt":"2025-06-03T08:10:00","guid":{"rendered":"https:\/\/algarve7.pt\/?p=51099"},"modified":"2025-06-02T17:55:10","modified_gmt":"2025-06-02T16:55:10","slug":"agua-e-agricultura-vetores-estrategicos-para-a-coesao-territorial-do-algarve","status":"publish","type":"post","link":"https:\/\/algarve7.pt\/index.php\/2025\/06\/agua-e-agricultura-vetores-estrategicos-para-a-coesao-territorial-do-algarve\/atualidade\/09\/10\/","title":{"rendered":"\u00c1gua e Agricultura, Vetores Estrat\u00e9gicos para a Coes\u00e3o Territorial do Algarve"},"content":{"rendered":"\n<p>No passado dia 28 de maio, em sess\u00e3o realizada na sede da Associa\u00e7\u00e3o de Benefici\u00e1rios do Plano de Rega do Sotavento do Algarve (ABPRSA), em Tavira, procedeu-se \u00e0 celebra\u00e7\u00e3o dos contratos de concess\u00e3o para a conserva\u00e7\u00e3o e explora\u00e7\u00e3o das obras de 4 aproveitamentos hidroagr\u00edcolas, localizados no interior do sotavento algarvio. Concluiu-se desta forma um processo inovador a n\u00edvel nacional, que nasceu da iniciativa dos servi\u00e7os da ex-Dire\u00e7\u00e3o Regional de Agricultura e Pescas do Algarve, atual Comiss\u00e3o de Coordena\u00e7\u00e3o e Desenvolvimento Regional do Algarve I.P. | Agricultura e Pescas, em estreita articula\u00e7\u00e3o e colabora\u00e7\u00e3o com as cooperativas gestoras, autarquias, ABPRSA, Dire\u00e7\u00e3o-Geral de Agricultura e Desenvolvimento Rural e Minist\u00e9rio da Agricultura e Pescas, na prossecu\u00e7\u00e3o de uma estrat\u00e9gia tendente a garantir uma melhor resposta \u00e0s exig\u00eancias de manuten\u00e7\u00e3o, beneficia\u00e7\u00e3o e seguran\u00e7a destas infraestruturas de armazenamento e distribui\u00e7\u00e3o de \u00e1gua, em simult\u00e2neo com a concilia\u00e7\u00e3o entre desenvolvimento social, econ\u00f3mico e ambiental em zonas desfavorecidas do interior, vertentes essenciais do interesse p\u00fablico plasmado nas atribui\u00e7\u00f5es e compet\u00eancias de todas as entidades acima referidas.<\/p>\n\n\n\n<p>Os aproveitamentos hidroagr\u00edcolas de P\u00e3o Duro, com 23,5 hectares, e de Vaqueiros, com 35 hectares, localizados na freguesia de Vaqueiros, concelho de Alcoutim, o aproveitamento de Almada de Ouro, com 31,6 hectares, localizado nas freguesias de Azinhal e de Odeleite, concelho de Castro Marim, e o de Caroucha, com 50 hectares, na freguesia e concelho de Castro Marim, representam uma \u00e1rea beneficiada de 140,1 hectares e uma capacidade de armazenamento de 1,1 de metros c\u00fabicos. As obras incluem barragens de aterro e redes de rega.<\/p>\n\n\n\n<p>A \u00e1gua \u00e9 essencial \u00e0 vida humana, \u00e0 produ\u00e7\u00e3o alimentar, \u00e0 preserva\u00e7\u00e3o dos ecossistemas, sendo a sua disponibilidade, e uso eficiente, essenciais para o territ\u00f3rio e para as pessoas, particularmente em regi\u00f5es t\u00e3o vulner\u00e1veis \u00e0s altera\u00e7\u00f5es clim\u00e1ticas como o Algarve, em que eventos cada vez mais intensos e prolongados de seca meteorol\u00f3gica a todos convocam para a implementa\u00e7\u00e3o de medidas de mitiga\u00e7\u00e3o e adapta\u00e7\u00e3o.<\/p>\n\n\n\n<p>A agricultura algarvia tem vindo a melhorar de forma not\u00e1vel o seu desempenho ao n\u00edvel da utiliza\u00e7\u00e3o do fator de produ\u00e7\u00e3o &#8220;\u00e1gua&#8221;, fruto, entre outros, de um forte investimento em equipamentos e tecnologia, nomeadamente associadas ao uso eficiente da \u00e1gua para rega. \u00c9 pr\u00e1tica corrente nas explora\u00e7\u00f5es agr\u00edcolas algarvias, o apetrechamento com equipamentos de rega localizada e sensoriza\u00e7\u00e3o, comportamento corroborado pelos dados do Instituto Nacional de Estat\u00edstica (INE), segundo os quais o esfor\u00e7o regional de investimento em tecnologia (nomeadamente na rega de precis\u00e3o) evidenciou uma varia\u00e7\u00e3o de +3,5%\/ano ao n\u00edvel do montante por hectare de superf\u00edcie agr\u00edcola cultivada; J\u00e1 em 2019, de acordo com o INE, 93% da superf\u00edcie regada de culturas permanentes no Algarve utilizava o m\u00e9todo de rega localizada, de longe o mais eficiente na aplica\u00e7\u00e3o da \u00e1gua \u00e0 planta. &nbsp;<\/p>\n","protected":false},"excerpt":{"rendered":"<p>No passado dia 28 de maio, em sess\u00e3o realizada na sede da Associa\u00e7\u00e3o de Benefici\u00e1rios do Plano de Rega do<\/p>\n","protected":false},"author":1,"featured_media":51100,"comment_status":"closed","ping_status":"closed","sticky":false,"template":"","format":"standard","meta":{"colormag_page_container_layout":"default_layout","colormag_page_sidebar_layout":"default_layout","_monsterinsights_skip_tracking":false,"_monsterinsights_sitenote_active":false,"_monsterinsights_sitenote_note":"","_monsterinsights_sitenote_category":0,"jetpack_post_was_ever_published":false,"_jetpack_newsletter_access":"","_jetpack_dont_email_post_to_subs":false,"_jetpack_newsletter_tier_id":0,"_jetpack_memberships_contains_paywalled_content":false,"_jetpack_memberships_contains_paid_content":false,"footnotes":"","jetpack_publicize_message":"","jetpack_publicize_feature_enabled":true,"jetpack_social_post_already_shared":true,"jetpack_social_options":{"image_generator_settings":{"template":"highway","default_image_id":0,"font":"","enabled":false},"version":2}},"categories":[11],"tags":[36,62,143],"class_list":["post-51099","post","type-post","status-publish","format-standard","has-post-thumbnail","hentry","category-atualidade","tag-algarve","tag-atualidade","tag-ccdr-algarve"],"yoast_head":"<!-- This site is optimized with the Yoast SEO plugin v27.5 - https:\/\/yoast.com\/product\/yoast-seo-wordpress\/ -->\n<title>\u00c1gua e Agricultura, Vetores Estrat\u00e9gicos para a Coes\u00e3o Territorial do Algarve - Algarve 7<\/title>\n<meta name=\"description\" content=\"\u00c1gua e Agricultura, Vetores Estrat\u00e9gicos para a Coes\u00e3o Territorial do Algarve Atualidade\" \/>\n<meta name=\"robots\" content=\"index, follow, max-snippet:-1, max-image-preview:large, max-video-preview:-1\" \/>\n<link rel=\"canonical\" href=\"https:\/\/algarve7.pt\/index.php\/2025\/06\/agua-e-agricultura-vetores-estrategicos-para-a-coesao-territorial-do-algarve\/atualidade\/09\/10\/\" \/>\n<meta property=\"og:locale\" content=\"pt_PT\" \/>\n<meta property=\"og:type\" content=\"article\" \/>\n<meta property=\"og:title\" content=\"\u00c1gua e Agricultura, Vetores Estrat\u00e9gicos para a Coes\u00e3o Territorial do Algarve - Algarve 7\" \/>\n<meta property=\"og:description\" content=\"\u00c1gua e Agricultura, Vetores Estrat\u00e9gicos para a Coes\u00e3o Territorial do Algarve Atualidade\" \/>\n<meta property=\"og:url\" content=\"https:\/\/algarve7.pt\/index.php\/2025\/06\/agua-e-agricultura-vetores-estrategicos-para-a-coesao-territorial-do-algarve\/atualidade\/09\/10\/\" \/>\n<meta property=\"og:site_name\" content=\"Algarve 7\" \/>\n<meta property=\"article:publisher\" content=\"https:\/\/www.facebook.com\/algarve7\" \/>\n<meta property=\"article:author\" content=\"https:\/\/www.facebook.com\/algarve7\" \/>\n<meta property=\"article:published_time\" content=\"2025-06-03T08:10:00+00:00\" \/>\n<meta property=\"og:image\" content=\"https:\/\/algarve7.pt\/wp-content\/uploads\/2025\/06\/Assinatura-Protocolo-com-ABPRSA-Tavira-28-05-2025-3.jpg\" \/>\n\t<meta property=\"og:image:width\" content=\"800\" \/>\n\t<meta property=\"og:image:height\" content=\"500\" \/>\n\t<meta property=\"og:image:type\" content=\"image\/jpeg\" \/>\n<meta name=\"author\" content=\"Algarve 7\" \/>\n<meta name=\"twitter:card\" content=\"summary_large_image\" \/>\n<meta name=\"twitter:creator\" content=\"@Algarvesete\" \/>\n<meta name=\"twitter:site\" content=\"@Algarvesete\" \/>\n<meta name=\"twitter:label1\" content=\"Escrito por\" \/>\n\t<meta name=\"twitter:data1\" content=\"Algarve 7\" \/>\n\t<meta name=\"twitter:label2\" content=\"Tempo estimado de leitura\" \/>\n\t<meta name=\"twitter:data2\" content=\"3 minutos\" \/>\n<script type=\"application\/ld+json\" class=\"yoast-schema-graph\">{\"@context\":\"https:\\\/\\\/schema.org\",\"@graph\":[{\"@type\":\"Article\",\"@id\":\"https:\\\/\\\/algarve7.pt\\\/index.php\\\/2025\\\/06\\\/agua-e-agricultura-vetores-estrategicos-para-a-coesao-territorial-do-algarve\\\/atualidade\\\/09\\\/10\\\/#article\",\"isPartOf\":{\"@id\":\"https:\\\/\\\/algarve7.pt\\\/index.php\\\/2025\\\/06\\\/agua-e-agricultura-vetores-estrategicos-para-a-coesao-territorial-do-algarve\\\/atualidade\\\/09\\\/10\\\/\"},\"author\":{\"name\":\"Algarve 7\",\"@id\":\"https:\\\/\\\/algarve7.pt\\\/#\\\/schema\\\/person\\\/23fa70681308e7b319a3204bcea45e0c\"},\"headline\":\"\u00c1gua e Agricultura, Vetores Estrat\u00e9gicos para a Coes\u00e3o Territorial do Algarve\",\"datePublished\":\"2025-06-03T08:10:00+00:00\",\"mainEntityOfPage\":{\"@id\":\"https:\\\/\\\/algarve7.pt\\\/index.php\\\/2025\\\/06\\\/agua-e-agricultura-vetores-estrategicos-para-a-coesao-territorial-do-algarve\\\/atualidade\\\/09\\\/10\\\/\"},\"wordCount\":510,\"publisher\":{\"@id\":\"https:\\\/\\\/algarve7.pt\\\/#organization\"},\"image\":{\"@id\":\"https:\\\/\\\/algarve7.pt\\\/index.php\\\/2025\\\/06\\\/agua-e-agricultura-vetores-estrategicos-para-a-coesao-territorial-do-algarve\\\/atualidade\\\/09\\\/10\\\/#primaryimage\"},\"thumbnailUrl\":\"https:\\\/\\\/algarve7.pt\\\/wp-content\\\/uploads\\\/2025\\\/06\\\/Assinatura-Protocolo-com-ABPRSA-Tavira-28-05-2025-3.jpg\",\"keywords\":[\"Algarve\",\"Atualidade\",\"CCDR Algarve\"],\"articleSection\":[\"Atualidade\"],\"inLanguage\":\"pt-PT\"},{\"@type\":\"WebPage\",\"@id\":\"https:\\\/\\\/algarve7.pt\\\/index.php\\\/2025\\\/06\\\/agua-e-agricultura-vetores-estrategicos-para-a-coesao-territorial-do-algarve\\\/atualidade\\\/09\\\/10\\\/\",\"url\":\"https:\\\/\\\/algarve7.pt\\\/index.php\\\/2025\\\/06\\\/agua-e-agricultura-vetores-estrategicos-para-a-coesao-territorial-do-algarve\\\/atualidade\\\/09\\\/10\\\/\",\"name\":\"\u00c1gua e Agricultura, Vetores Estrat\u00e9gicos para a Coes\u00e3o Territorial do Algarve - Algarve 7\",\"isPartOf\":{\"@id\":\"https:\\\/\\\/algarve7.pt\\\/#website\"},\"primaryImageOfPage\":{\"@id\":\"https:\\\/\\\/algarve7.pt\\\/index.php\\\/2025\\\/06\\\/agua-e-agricultura-vetores-estrategicos-para-a-coesao-territorial-do-algarve\\\/atualidade\\\/09\\\/10\\\/#primaryimage\"},\"image\":{\"@id\":\"https:\\\/\\\/algarve7.pt\\\/index.php\\\/2025\\\/06\\\/agua-e-agricultura-vetores-estrategicos-para-a-coesao-territorial-do-algarve\\\/atualidade\\\/09\\\/10\\\/#primaryimage\"},\"thumbnailUrl\":\"https:\\\/\\\/algarve7.pt\\\/wp-content\\\/uploads\\\/2025\\\/06\\\/Assinatura-Protocolo-com-ABPRSA-Tavira-28-05-2025-3.jpg\",\"datePublished\":\"2025-06-03T08:10:00+00:00\",\"description\":\"\u00c1gua e Agricultura, Vetores Estrat\u00e9gicos para a Coes\u00e3o Territorial do Algarve Atualidade\",\"breadcrumb\":{\"@id\":\"https:\\\/\\\/algarve7.pt\\\/index.php\\\/2025\\\/06\\\/agua-e-agricultura-vetores-estrategicos-para-a-coesao-territorial-do-algarve\\\/atualidade\\\/09\\\/10\\\/#breadcrumb\"},\"inLanguage\":\"pt-PT\",\"potentialAction\":[{\"@type\":\"ReadAction\",\"target\":[\"https:\\\/\\\/algarve7.pt\\\/index.php\\\/2025\\\/06\\\/agua-e-agricultura-vetores-estrategicos-para-a-coesao-territorial-do-algarve\\\/atualidade\\\/09\\\/10\\\/\"]}]},{\"@type\":\"ImageObject\",\"inLanguage\":\"pt-PT\",\"@id\":\"https:\\\/\\\/algarve7.pt\\\/index.php\\\/2025\\\/06\\\/agua-e-agricultura-vetores-estrategicos-para-a-coesao-territorial-do-algarve\\\/atualidade\\\/09\\\/10\\\/#primaryimage\",\"url\":\"https:\\\/\\\/algarve7.pt\\\/wp-content\\\/uploads\\\/2025\\\/06\\\/Assinatura-Protocolo-com-ABPRSA-Tavira-28-05-2025-3.jpg\",\"contentUrl\":\"https:\\\/\\\/algarve7.pt\\\/wp-content\\\/uploads\\\/2025\\\/06\\\/Assinatura-Protocolo-com-ABPRSA-Tavira-28-05-2025-3.jpg\",\"width\":800,\"height\":500},{\"@type\":\"BreadcrumbList\",\"@id\":\"https:\\\/\\\/algarve7.pt\\\/index.php\\\/2025\\\/06\\\/agua-e-agricultura-vetores-estrategicos-para-a-coesao-territorial-do-algarve\\\/atualidade\\\/09\\\/10\\\/#breadcrumb\",\"itemListElement\":[{\"@type\":\"ListItem\",\"position\":1,\"name\":\"In\u00edcio\",\"item\":\"https:\\\/\\\/algarve7.pt\\\/\"},{\"@type\":\"ListItem\",\"position\":2,\"name\":\"\u00c1gua e Agricultura, Vetores Estrat\u00e9gicos para a Coes\u00e3o Territorial do Algarve\"}]},{\"@type\":\"WebSite\",\"@id\":\"https:\\\/\\\/algarve7.pt\\\/#website\",\"url\":\"https:\\\/\\\/algarve7.pt\\\/\",\"name\":\"Algarve 7\",\"description\":\"Informa\u00e7\u00e3o sobre o Algarve\",\"publisher\":{\"@id\":\"https:\\\/\\\/algarve7.pt\\\/#organization\"},\"potentialAction\":[{\"@type\":\"SearchAction\",\"target\":{\"@type\":\"EntryPoint\",\"urlTemplate\":\"https:\\\/\\\/algarve7.pt\\\/?s={search_term_string}\"},\"query-input\":{\"@type\":\"PropertyValueSpecification\",\"valueRequired\":true,\"valueName\":\"search_term_string\"}}],\"inLanguage\":\"pt-PT\"},{\"@type\":\"Organization\",\"@id\":\"https:\\\/\\\/algarve7.pt\\\/#organization\",\"name\":\"Algarve 7\",\"url\":\"https:\\\/\\\/algarve7.pt\\\/\",\"logo\":{\"@type\":\"ImageObject\",\"inLanguage\":\"pt-PT\",\"@id\":\"https:\\\/\\\/algarve7.pt\\\/#\\\/schema\\\/logo\\\/image\\\/\",\"url\":\"https:\\\/\\\/algarve7.pt\\\/wp-content\\\/uploads\\\/2020\\\/10\\\/Logo-8.jpg\",\"contentUrl\":\"https:\\\/\\\/algarve7.pt\\\/wp-content\\\/uploads\\\/2020\\\/10\\\/Logo-8.jpg\",\"width\":1680,\"height\":1186,\"caption\":\"Algarve 7\"},\"image\":{\"@id\":\"https:\\\/\\\/algarve7.pt\\\/#\\\/schema\\\/logo\\\/image\\\/\"},\"sameAs\":[\"https:\\\/\\\/www.facebook.com\\\/algarve7\",\"https:\\\/\\\/x.com\\\/Algarvesete\",\"https:\\\/\\\/www.instagram.com\\\/jornalalgarve7\\\/\",\"https:\\\/\\\/www.linkedin.com\\\/company\\\/algarve7\",\"https:\\\/\\\/www.pinterest.pt\\\/geral0939\\\/_created\\\/\"]},{\"@type\":\"Person\",\"@id\":\"https:\\\/\\\/algarve7.pt\\\/#\\\/schema\\\/person\\\/23fa70681308e7b319a3204bcea45e0c\",\"name\":\"Algarve 7\",\"sameAs\":[\"https:\\\/\\\/algarve7.pt\",\"https:\\\/\\\/www.facebook.com\\\/algarve7\"],\"url\":\"https:\\\/\\\/algarve7.pt\\\/index.php\\\/author\\\/geralalgarve7-pt\\\/\"}]}<\/script>\n<!-- \/ Yoast SEO plugin. -->","yoast_head_json":{"title":"\u00c1gua e Agricultura, Vetores Estrat\u00e9gicos para a Coes\u00e3o Territorial do Algarve - Algarve 7","description":"\u00c1gua e Agricultura, Vetores Estrat\u00e9gicos para a Coes\u00e3o Territorial do Algarve Atualidade","robots":{"index":"index","follow":"follow","max-snippet":"max-snippet:-1","max-image-preview":"max-image-preview:large","max-video-preview":"max-video-preview:-1"},"canonical":"https:\/\/algarve7.pt\/index.php\/2025\/06\/agua-e-agricultura-vetores-estrategicos-para-a-coesao-territorial-do-algarve\/atualidade\/09\/10\/","og_locale":"pt_PT","og_type":"article","og_title":"\u00c1gua e Agricultura, Vetores Estrat\u00e9gicos para a Coes\u00e3o Territorial do Algarve - Algarve 7","og_description":"\u00c1gua e Agricultura, Vetores Estrat\u00e9gicos para a Coes\u00e3o Territorial do Algarve Atualidade","og_url":"https:\/\/algarve7.pt\/index.php\/2025\/06\/agua-e-agricultura-vetores-estrategicos-para-a-coesao-territorial-do-algarve\/atualidade\/09\/10\/","og_site_name":"Algarve 7","article_publisher":"https:\/\/www.facebook.com\/algarve7","article_author":"https:\/\/www.facebook.com\/algarve7","article_published_time":"2025-06-03T08:10:00+00:00","og_image":[{"width":800,"height":500,"url":"https:\/\/algarve7.pt\/wp-content\/uploads\/2025\/06\/Assinatura-Protocolo-com-ABPRSA-Tavira-28-05-2025-3.jpg","type":"image\/jpeg"}],"author":"Algarve 7","twitter_card":"summary_large_image","twitter_creator":"@Algarvesete","twitter_site":"@Algarvesete","twitter_misc":{"Escrito por":"Algarve 7","Tempo estimado de leitura":"3 minutos"},"schema":{"@context":"https:\/\/schema.org","@graph":[{"@type":"Article","@id":"https:\/\/algarve7.pt\/index.php\/2025\/06\/agua-e-agricultura-vetores-estrategicos-para-a-coesao-territorial-do-algarve\/atualidade\/09\/10\/#article","isPartOf":{"@id":"https:\/\/algarve7.pt\/index.php\/2025\/06\/agua-e-agricultura-vetores-estrategicos-para-a-coesao-territorial-do-algarve\/atualidade\/09\/10\/"},"author":{"name":"Algarve 7","@id":"https:\/\/algarve7.pt\/#\/schema\/person\/23fa70681308e7b319a3204bcea45e0c"},"headline":"\u00c1gua e Agricultura, Vetores Estrat\u00e9gicos para a Coes\u00e3o Territorial do Algarve","datePublished":"2025-06-03T08:10:00+00:00","mainEntityOfPage":{"@id":"https:\/\/algarve7.pt\/index.php\/2025\/06\/agua-e-agricultura-vetores-estrategicos-para-a-coesao-territorial-do-algarve\/atualidade\/09\/10\/"},"wordCount":510,"publisher":{"@id":"https:\/\/algarve7.pt\/#organization"},"image":{"@id":"https:\/\/algarve7.pt\/index.php\/2025\/06\/agua-e-agricultura-vetores-estrategicos-para-a-coesao-territorial-do-algarve\/atualidade\/09\/10\/#primaryimage"},"thumbnailUrl":"https:\/\/algarve7.pt\/wp-content\/uploads\/2025\/06\/Assinatura-Protocolo-com-ABPRSA-Tavira-28-05-2025-3.jpg","keywords":["Algarve","Atualidade","CCDR Algarve"],"articleSection":["Atualidade"],"inLanguage":"pt-PT"},{"@type":"WebPage","@id":"https:\/\/algarve7.pt\/index.php\/2025\/06\/agua-e-agricultura-vetores-estrategicos-para-a-coesao-territorial-do-algarve\/atualidade\/09\/10\/","url":"https:\/\/algarve7.pt\/index.php\/2025\/06\/agua-e-agricultura-vetores-estrategicos-para-a-coesao-territorial-do-algarve\/atualidade\/09\/10\/","name":"\u00c1gua e Agricultura, Vetores Estrat\u00e9gicos para a Coes\u00e3o Territorial do Algarve - Algarve 7","isPartOf":{"@id":"https:\/\/algarve7.pt\/#website"},"primaryImageOfPage":{"@id":"https:\/\/algarve7.pt\/index.php\/2025\/06\/agua-e-agricultura-vetores-estrategicos-para-a-coesao-territorial-do-algarve\/atualidade\/09\/10\/#primaryimage"},"image":{"@id":"https:\/\/algarve7.pt\/index.php\/2025\/06\/agua-e-agricultura-vetores-estrategicos-para-a-coesao-territorial-do-algarve\/atualidade\/09\/10\/#primaryimage"},"thumbnailUrl":"https:\/\/algarve7.pt\/wp-content\/uploads\/2025\/06\/Assinatura-Protocolo-com-ABPRSA-Tavira-28-05-2025-3.jpg","datePublished":"2025-06-03T08:10:00+00:00","description":"\u00c1gua e Agricultura, Vetores Estrat\u00e9gicos para a Coes\u00e3o Territorial do Algarve Atualidade","breadcrumb":{"@id":"https:\/\/algarve7.pt\/index.php\/2025\/06\/agua-e-agricultura-vetores-estrategicos-para-a-coesao-territorial-do-algarve\/atualidade\/09\/10\/#breadcrumb"},"inLanguage":"pt-PT","potentialAction":[{"@type":"ReadAction","target":["https:\/\/algarve7.pt\/index.php\/2025\/06\/agua-e-agricultura-vetores-estrategicos-para-a-coesao-territorial-do-algarve\/atualidade\/09\/10\/"]}]},{"@type":"ImageObject","inLanguage":"pt-PT","@id":"https:\/\/algarve7.pt\/index.php\/2025\/06\/agua-e-agricultura-vetores-estrategicos-para-a-coesao-territorial-do-algarve\/atualidade\/09\/10\/#primaryimage","url":"https:\/\/algarve7.pt\/wp-content\/uploads\/2025\/06\/Assinatura-Protocolo-com-ABPRSA-Tavira-28-05-2025-3.jpg","contentUrl":"https:\/\/algarve7.pt\/wp-content\/uploads\/2025\/06\/Assinatura-Protocolo-com-ABPRSA-Tavira-28-05-2025-3.jpg","width":800,"height":500},{"@type":"BreadcrumbList","@id":"https:\/\/algarve7.pt\/index.php\/2025\/06\/agua-e-agricultura-vetores-estrategicos-para-a-coesao-territorial-do-algarve\/atualidade\/09\/10\/#breadcrumb","itemListElement":[{"@type":"ListItem","position":1,"name":"In\u00edcio","item":"https:\/\/algarve7.pt\/"},{"@type":"ListItem","position":2,"name":"\u00c1gua e Agricultura, Vetores Estrat\u00e9gicos para a Coes\u00e3o Territorial do Algarve"}]},{"@type":"WebSite","@id":"https:\/\/algarve7.pt\/#website","url":"https:\/\/algarve7.pt\/","name":"Algarve 7","description":"Informa\u00e7\u00e3o sobre o Algarve","publisher":{"@id":"https:\/\/algarve7.pt\/#organization"},"potentialAction":[{"@type":"SearchAction","target":{"@type":"EntryPoint","urlTemplate":"https:\/\/algarve7.pt\/?s={search_term_string}"},"query-input":{"@type":"PropertyValueSpecification","valueRequired":true,"valueName":"search_term_string"}}],"inLanguage":"pt-PT"},{"@type":"Organization","@id":"https:\/\/algarve7.pt\/#organization","name":"Algarve 7","url":"https:\/\/algarve7.pt\/","logo":{"@type":"ImageObject","inLanguage":"pt-PT","@id":"https:\/\/algarve7.pt\/#\/schema\/logo\/image\/","url":"https:\/\/algarve7.pt\/wp-content\/uploads\/2020\/10\/Logo-8.jpg","contentUrl":"https:\/\/algarve7.pt\/wp-content\/uploads\/2020\/10\/Logo-8.jpg","width":1680,"height":1186,"caption":"Algarve 7"},"image":{"@id":"https:\/\/algarve7.pt\/#\/schema\/logo\/image\/"},"sameAs":["https:\/\/www.facebook.com\/algarve7","https:\/\/x.com\/Algarvesete","https:\/\/www.instagram.com\/jornalalgarve7\/","https:\/\/www.linkedin.com\/company\/algarve7","https:\/\/www.pinterest.pt\/geral0939\/_created\/"]},{"@type":"Person","@id":"https:\/\/algarve7.pt\/#\/schema\/person\/23fa70681308e7b319a3204bcea45e0c","name":"Algarve 7","sameAs":["https:\/\/algarve7.pt","https:\/\/www.facebook.com\/algarve7"],"url":"https:\/\/algarve7.pt\/index.php\/author\/geralalgarve7-pt\/"}]}},"jetpack_publicize_connections":[],"jetpack_featured_media_url":"https:\/\/algarve7.pt\/wp-content\/uploads\/2025\/06\/Assinatura-Protocolo-com-ABPRSA-Tavira-28-05-2025-3.jpg","jetpack_shortlink":"https:\/\/wp.me\/pcezmW-dib","jetpack_sharing_enabled":true,"_links":{"self":[{"href":"https:\/\/algarve7.pt\/index.php\/wp-json\/wp\/v2\/posts\/51099","targetHints":{"allow":["GET"]}}],"collection":[{"href":"https:\/\/algarve7.pt\/index.php\/wp-json\/wp\/v2\/posts"}],"about":[{"href":"https:\/\/algarve7.pt\/index.php\/wp-json\/wp\/v2\/types\/post"}],"author":[{"embeddable":true,"href":"https:\/\/algarve7.pt\/index.php\/wp-json\/wp\/v2\/users\/1"}],"replies":[{"embeddable":true,"href":"https:\/\/algarve7.pt\/index.php\/wp-json\/wp\/v2\/comments?post=51099"}],"version-history":[{"count":0,"href":"https:\/\/algarve7.pt\/index.php\/wp-json\/wp\/v2\/posts\/51099\/revisions"}],"wp:featuredmedia":[{"embeddable":true,"href":"https:\/\/algarve7.pt\/index.php\/wp-json\/wp\/v2\/media\/51100"}],"wp:attachment":[{"href":"https:\/\/algarve7.pt\/index.php\/wp-json\/wp\/v2\/media?parent=51099"}],"wp:term":[{"taxonomy":"category","embeddable":true,"href":"https:\/\/algarve7.pt\/index.php\/wp-json\/wp\/v2\/categories?post=51099"},{"taxonomy":"post_tag","embeddable":true,"href":"https:\/\/algarve7.pt\/index.php\/wp-json\/wp\/v2\/tags?post=51099"}],"curies":[{"name":"wp","href":"https:\/\/api.w.org\/{rel}","templated":true}]}}