{"id":51088,"date":"2025-06-03T08:45:00","date_gmt":"2025-06-03T07:45:00","guid":{"rendered":"https:\/\/algarve7.pt\/?p=51088"},"modified":"2025-06-02T17:15:14","modified_gmt":"2025-06-02T16:15:14","slug":"vencedores-do-orcamento-participativo-2024-2025-revelados-no-ecologita","status":"publish","type":"post","link":"https:\/\/algarve7.pt\/index.php\/2025\/06\/vencedores-do-orcamento-participativo-2024-2025-revelados-no-ecologita\/atualidade\/08\/45\/","title":{"rendered":"Vencedores do Or\u00e7amento Participativo 2024\/2025 revelados no ECOl\u00f3gita"},"content":{"rendered":"\n<p>No \u00e2mbito da 2.\u00aa edi\u00e7\u00e3o do Festival ECOl\u00f3gita (07 a 09 de junho), realiza-se, no dia 07, pelas 18h00, no palco do Castelo, em Tavira, a&nbsp;<strong>apresenta\u00e7\u00e3o p\u00fablica dos resultados do Or\u00e7amento Participativo (OP) 2024\/2025<\/strong>.<\/p>\n\n\n\n<p>Neste \u00faltimo OP, foram apresentadas 32 propostas, das quais dez reuniram condi\u00e7\u00f5es t\u00e9cnicas para serem submetidas a vota\u00e7\u00e3o, sendo quatro as vencedoras, cujos projetos e proponentes ser\u00e3o revelados no decorrer do ECOl\u00f3gita. A cada projeto ser\u00e1 atribu\u00eddo um valor m\u00e1ximo de 25 mil euros, o que resulta num investimento global de 100 mil euros.&nbsp;<\/p>\n\n\n\n<p>1060 pessoas exerceram o seu direito de voto, um n\u00famero significativo que traduz a maior ades\u00e3o dos cidad\u00e3os, desde o in\u00edcio dos Or\u00e7amentos Participativos no concelho. Esta mobiliza\u00e7\u00e3o refor\u00e7a a import\u00e2ncia da participa\u00e7\u00e3o p\u00fablica nas decis\u00f5es com impacto no desenvolvimento local.&nbsp;<\/p>\n\n\n\n<p>O&nbsp;Or\u00e7amento Participativo \u00e9 um instrumento inovador da democracia participativa, constituindo-se como um s\u00edmbolo da import\u00e2ncia e do aprofundamento da participa\u00e7\u00e3o das cidad\u00e3s e dos cidad\u00e3os na sociedade democr\u00e1tica.<\/p>\n\n\n\n<p>Pretende-se, deste modo, consolidar a liga\u00e7\u00e3o entre a autarquia e as\/os mun\u00edcipes e refor\u00e7ar os mecanismos de transpar\u00eancia e de credibilidade da administra\u00e7\u00e3o, bem como, em consequ\u00eancia, aperfei\u00e7oar a qualidade da pr\u00f3pria democracia.<\/p>\n","protected":false},"excerpt":{"rendered":"<p>No \u00e2mbito da 2.\u00aa edi\u00e7\u00e3o do Festival ECOl\u00f3gita (07 a 09 de junho), realiza-se, no dia 07, pelas 18h00, no<\/p>\n","protected":false},"author":1,"featured_media":51089,"comment_status":"closed","ping_status":"closed","sticky":false,"template":"","format":"standard","meta":{"colormag_page_container_layout":"default_layout","colormag_page_sidebar_layout":"default_layout","_monsterinsights_skip_tracking":false,"_monsterinsights_sitenote_active":false,"_monsterinsights_sitenote_note":"","_monsterinsights_sitenote_category":0,"jetpack_post_was_ever_published":false,"_jetpack_newsletter_access":"","_jetpack_dont_email_post_to_subs":false,"_jetpack_newsletter_tier_id":0,"_jetpack_memberships_contains_paywalled_content":false,"_jetpack_memberships_contains_paid_content":false,"footnotes":"","jetpack_publicize_message":"","jetpack_publicize_feature_enabled":true,"jetpack_social_post_already_shared":true,"jetpack_social_options":{"image_generator_settings":{"template":"highway","default_image_id":0,"font":"","enabled":false},"version":2}},"categories":[11],"tags":[36,62,54],"class_list":["post-51088","post","type-post","status-publish","format-standard","has-post-thumbnail","hentry","category-atualidade","tag-algarve","tag-atualidade","tag-tavira"],"yoast_head":"<!-- This site is optimized with the Yoast SEO plugin v27.5 - https:\/\/yoast.com\/product\/yoast-seo-wordpress\/ -->\n<title>Vencedores do Or\u00e7amento Participativo 2024\/2025 revelados no ECOl\u00f3gita - Algarve 7<\/title>\n<meta name=\"description\" content=\"Vencedores do Or\u00e7amento Participativo 2024\/2025 revelados no ECOl\u00f3gita Atualidade\" \/>\n<meta name=\"robots\" content=\"index, follow, max-snippet:-1, max-image-preview:large, max-video-preview:-1\" \/>\n<link rel=\"canonical\" href=\"https:\/\/algarve7.pt\/index.php\/2025\/06\/vencedores-do-orcamento-participativo-2024-2025-revelados-no-ecologita\/atualidade\/08\/45\/\" \/>\n<meta property=\"og:locale\" content=\"pt_PT\" \/>\n<meta property=\"og:type\" content=\"article\" \/>\n<meta property=\"og:title\" content=\"Vencedores do Or\u00e7amento Participativo 2024\/2025 revelados no ECOl\u00f3gita - Algarve 7\" \/>\n<meta property=\"og:description\" content=\"Vencedores do Or\u00e7amento Participativo 2024\/2025 revelados no ECOl\u00f3gita Atualidade\" \/>\n<meta property=\"og:url\" content=\"https:\/\/algarve7.pt\/index.php\/2025\/06\/vencedores-do-orcamento-participativo-2024-2025-revelados-no-ecologita\/atualidade\/08\/45\/\" \/>\n<meta property=\"og:site_name\" content=\"Algarve 7\" \/>\n<meta property=\"article:publisher\" content=\"https:\/\/www.facebook.com\/algarve7\" \/>\n<meta property=\"article:author\" content=\"https:\/\/www.facebook.com\/algarve7\" \/>\n<meta property=\"article:published_time\" content=\"2025-06-03T07:45:00+00:00\" \/>\n<meta property=\"og:image\" content=\"https:\/\/algarve7.pt\/wp-content\/uploads\/2025\/06\/Captura-de-ecra-2025-06-02-as-17.11.21.png\" \/>\n\t<meta property=\"og:image:width\" content=\"800\" \/>\n\t<meta property=\"og:image:height\" content=\"500\" \/>\n\t<meta property=\"og:image:type\" content=\"image\/png\" \/>\n<meta name=\"author\" content=\"Algarve 7\" \/>\n<meta name=\"twitter:card\" content=\"summary_large_image\" \/>\n<meta name=\"twitter:creator\" content=\"@Algarvesete\" \/>\n<meta name=\"twitter:site\" content=\"@Algarvesete\" \/>\n<meta name=\"twitter:label1\" content=\"Escrito por\" \/>\n\t<meta name=\"twitter:data1\" content=\"Algarve 7\" \/>\n\t<meta name=\"twitter:label2\" content=\"Tempo estimado de leitura\" \/>\n\t<meta name=\"twitter:data2\" content=\"2 minutos\" \/>\n<script type=\"application\/ld+json\" class=\"yoast-schema-graph\">{\"@context\":\"https:\\\/\\\/schema.org\",\"@graph\":[{\"@type\":\"Article\",\"@id\":\"https:\\\/\\\/algarve7.pt\\\/index.php\\\/2025\\\/06\\\/vencedores-do-orcamento-participativo-2024-2025-revelados-no-ecologita\\\/atualidade\\\/08\\\/45\\\/#article\",\"isPartOf\":{\"@id\":\"https:\\\/\\\/algarve7.pt\\\/index.php\\\/2025\\\/06\\\/vencedores-do-orcamento-participativo-2024-2025-revelados-no-ecologita\\\/atualidade\\\/08\\\/45\\\/\"},\"author\":{\"name\":\"Algarve 7\",\"@id\":\"https:\\\/\\\/algarve7.pt\\\/#\\\/schema\\\/person\\\/23fa70681308e7b319a3204bcea45e0c\"},\"headline\":\"Vencedores do Or\u00e7amento Participativo 2024\\\/2025 revelados no ECOl\u00f3gita\",\"datePublished\":\"2025-06-03T07:45:00+00:00\",\"mainEntityOfPage\":{\"@id\":\"https:\\\/\\\/algarve7.pt\\\/index.php\\\/2025\\\/06\\\/vencedores-do-orcamento-participativo-2024-2025-revelados-no-ecologita\\\/atualidade\\\/08\\\/45\\\/\"},\"wordCount\":234,\"publisher\":{\"@id\":\"https:\\\/\\\/algarve7.pt\\\/#organization\"},\"image\":{\"@id\":\"https:\\\/\\\/algarve7.pt\\\/index.php\\\/2025\\\/06\\\/vencedores-do-orcamento-participativo-2024-2025-revelados-no-ecologita\\\/atualidade\\\/08\\\/45\\\/#primaryimage\"},\"thumbnailUrl\":\"https:\\\/\\\/algarve7.pt\\\/wp-content\\\/uploads\\\/2025\\\/06\\\/Captura-de-ecra-2025-06-02-as-17.11.21.png\",\"keywords\":[\"Algarve\",\"Atualidade\",\"Tavira\"],\"articleSection\":[\"Atualidade\"],\"inLanguage\":\"pt-PT\"},{\"@type\":\"WebPage\",\"@id\":\"https:\\\/\\\/algarve7.pt\\\/index.php\\\/2025\\\/06\\\/vencedores-do-orcamento-participativo-2024-2025-revelados-no-ecologita\\\/atualidade\\\/08\\\/45\\\/\",\"url\":\"https:\\\/\\\/algarve7.pt\\\/index.php\\\/2025\\\/06\\\/vencedores-do-orcamento-participativo-2024-2025-revelados-no-ecologita\\\/atualidade\\\/08\\\/45\\\/\",\"name\":\"Vencedores do Or\u00e7amento Participativo 2024\\\/2025 revelados no ECOl\u00f3gita - Algarve 7\",\"isPartOf\":{\"@id\":\"https:\\\/\\\/algarve7.pt\\\/#website\"},\"primaryImageOfPage\":{\"@id\":\"https:\\\/\\\/algarve7.pt\\\/index.php\\\/2025\\\/06\\\/vencedores-do-orcamento-participativo-2024-2025-revelados-no-ecologita\\\/atualidade\\\/08\\\/45\\\/#primaryimage\"},\"image\":{\"@id\":\"https:\\\/\\\/algarve7.pt\\\/index.php\\\/2025\\\/06\\\/vencedores-do-orcamento-participativo-2024-2025-revelados-no-ecologita\\\/atualidade\\\/08\\\/45\\\/#primaryimage\"},\"thumbnailUrl\":\"https:\\\/\\\/algarve7.pt\\\/wp-content\\\/uploads\\\/2025\\\/06\\\/Captura-de-ecra-2025-06-02-as-17.11.21.png\",\"datePublished\":\"2025-06-03T07:45:00+00:00\",\"description\":\"Vencedores do Or\u00e7amento Participativo 2024\\\/2025 revelados no ECOl\u00f3gita Atualidade\",\"breadcrumb\":{\"@id\":\"https:\\\/\\\/algarve7.pt\\\/index.php\\\/2025\\\/06\\\/vencedores-do-orcamento-participativo-2024-2025-revelados-no-ecologita\\\/atualidade\\\/08\\\/45\\\/#breadcrumb\"},\"inLanguage\":\"pt-PT\",\"potentialAction\":[{\"@type\":\"ReadAction\",\"target\":[\"https:\\\/\\\/algarve7.pt\\\/index.php\\\/2025\\\/06\\\/vencedores-do-orcamento-participativo-2024-2025-revelados-no-ecologita\\\/atualidade\\\/08\\\/45\\\/\"]}]},{\"@type\":\"ImageObject\",\"inLanguage\":\"pt-PT\",\"@id\":\"https:\\\/\\\/algarve7.pt\\\/index.php\\\/2025\\\/06\\\/vencedores-do-orcamento-participativo-2024-2025-revelados-no-ecologita\\\/atualidade\\\/08\\\/45\\\/#primaryimage\",\"url\":\"https:\\\/\\\/algarve7.pt\\\/wp-content\\\/uploads\\\/2025\\\/06\\\/Captura-de-ecra-2025-06-02-as-17.11.21.png\",\"contentUrl\":\"https:\\\/\\\/algarve7.pt\\\/wp-content\\\/uploads\\\/2025\\\/06\\\/Captura-de-ecra-2025-06-02-as-17.11.21.png\",\"width\":800,\"height\":500},{\"@type\":\"BreadcrumbList\",\"@id\":\"https:\\\/\\\/algarve7.pt\\\/index.php\\\/2025\\\/06\\\/vencedores-do-orcamento-participativo-2024-2025-revelados-no-ecologita\\\/atualidade\\\/08\\\/45\\\/#breadcrumb\",\"itemListElement\":[{\"@type\":\"ListItem\",\"position\":1,\"name\":\"In\u00edcio\",\"item\":\"https:\\\/\\\/algarve7.pt\\\/\"},{\"@type\":\"ListItem\",\"position\":2,\"name\":\"Vencedores do Or\u00e7amento Participativo 2024\\\/2025 revelados no ECOl\u00f3gita\"}]},{\"@type\":\"WebSite\",\"@id\":\"https:\\\/\\\/algarve7.pt\\\/#website\",\"url\":\"https:\\\/\\\/algarve7.pt\\\/\",\"name\":\"Algarve 7\",\"description\":\"Informa\u00e7\u00e3o sobre o Algarve\",\"publisher\":{\"@id\":\"https:\\\/\\\/algarve7.pt\\\/#organization\"},\"potentialAction\":[{\"@type\":\"SearchAction\",\"target\":{\"@type\":\"EntryPoint\",\"urlTemplate\":\"https:\\\/\\\/algarve7.pt\\\/?s={search_term_string}\"},\"query-input\":{\"@type\":\"PropertyValueSpecification\",\"valueRequired\":true,\"valueName\":\"search_term_string\"}}],\"inLanguage\":\"pt-PT\"},{\"@type\":\"Organization\",\"@id\":\"https:\\\/\\\/algarve7.pt\\\/#organization\",\"name\":\"Algarve 7\",\"url\":\"https:\\\/\\\/algarve7.pt\\\/\",\"logo\":{\"@type\":\"ImageObject\",\"inLanguage\":\"pt-PT\",\"@id\":\"https:\\\/\\\/algarve7.pt\\\/#\\\/schema\\\/logo\\\/image\\\/\",\"url\":\"https:\\\/\\\/algarve7.pt\\\/wp-content\\\/uploads\\\/2020\\\/10\\\/Logo-8.jpg\",\"contentUrl\":\"https:\\\/\\\/algarve7.pt\\\/wp-content\\\/uploads\\\/2020\\\/10\\\/Logo-8.jpg\",\"width\":1680,\"height\":1186,\"caption\":\"Algarve 7\"},\"image\":{\"@id\":\"https:\\\/\\\/algarve7.pt\\\/#\\\/schema\\\/logo\\\/image\\\/\"},\"sameAs\":[\"https:\\\/\\\/www.facebook.com\\\/algarve7\",\"https:\\\/\\\/x.com\\\/Algarvesete\",\"https:\\\/\\\/www.instagram.com\\\/jornalalgarve7\\\/\",\"https:\\\/\\\/www.linkedin.com\\\/company\\\/algarve7\",\"https:\\\/\\\/www.pinterest.pt\\\/geral0939\\\/_created\\\/\"]},{\"@type\":\"Person\",\"@id\":\"https:\\\/\\\/algarve7.pt\\\/#\\\/schema\\\/person\\\/23fa70681308e7b319a3204bcea45e0c\",\"name\":\"Algarve 7\",\"sameAs\":[\"https:\\\/\\\/algarve7.pt\",\"https:\\\/\\\/www.facebook.com\\\/algarve7\"],\"url\":\"https:\\\/\\\/algarve7.pt\\\/index.php\\\/author\\\/geralalgarve7-pt\\\/\"}]}<\/script>\n<!-- \/ Yoast SEO plugin. -->","yoast_head_json":{"title":"Vencedores do Or\u00e7amento Participativo 2024\/2025 revelados no ECOl\u00f3gita - Algarve 7","description":"Vencedores do Or\u00e7amento Participativo 2024\/2025 revelados no ECOl\u00f3gita Atualidade","robots":{"index":"index","follow":"follow","max-snippet":"max-snippet:-1","max-image-preview":"max-image-preview:large","max-video-preview":"max-video-preview:-1"},"canonical":"https:\/\/algarve7.pt\/index.php\/2025\/06\/vencedores-do-orcamento-participativo-2024-2025-revelados-no-ecologita\/atualidade\/08\/45\/","og_locale":"pt_PT","og_type":"article","og_title":"Vencedores do Or\u00e7amento Participativo 2024\/2025 revelados no ECOl\u00f3gita - Algarve 7","og_description":"Vencedores do Or\u00e7amento Participativo 2024\/2025 revelados no ECOl\u00f3gita Atualidade","og_url":"https:\/\/algarve7.pt\/index.php\/2025\/06\/vencedores-do-orcamento-participativo-2024-2025-revelados-no-ecologita\/atualidade\/08\/45\/","og_site_name":"Algarve 7","article_publisher":"https:\/\/www.facebook.com\/algarve7","article_author":"https:\/\/www.facebook.com\/algarve7","article_published_time":"2025-06-03T07:45:00+00:00","og_image":[{"width":800,"height":500,"url":"https:\/\/algarve7.pt\/wp-content\/uploads\/2025\/06\/Captura-de-ecra-2025-06-02-as-17.11.21.png","type":"image\/png"}],"author":"Algarve 7","twitter_card":"summary_large_image","twitter_creator":"@Algarvesete","twitter_site":"@Algarvesete","twitter_misc":{"Escrito por":"Algarve 7","Tempo estimado de leitura":"2 minutos"},"schema":{"@context":"https:\/\/schema.org","@graph":[{"@type":"Article","@id":"https:\/\/algarve7.pt\/index.php\/2025\/06\/vencedores-do-orcamento-participativo-2024-2025-revelados-no-ecologita\/atualidade\/08\/45\/#article","isPartOf":{"@id":"https:\/\/algarve7.pt\/index.php\/2025\/06\/vencedores-do-orcamento-participativo-2024-2025-revelados-no-ecologita\/atualidade\/08\/45\/"},"author":{"name":"Algarve 7","@id":"https:\/\/algarve7.pt\/#\/schema\/person\/23fa70681308e7b319a3204bcea45e0c"},"headline":"Vencedores do Or\u00e7amento Participativo 2024\/2025 revelados no ECOl\u00f3gita","datePublished":"2025-06-03T07:45:00+00:00","mainEntityOfPage":{"@id":"https:\/\/algarve7.pt\/index.php\/2025\/06\/vencedores-do-orcamento-participativo-2024-2025-revelados-no-ecologita\/atualidade\/08\/45\/"},"wordCount":234,"publisher":{"@id":"https:\/\/algarve7.pt\/#organization"},"image":{"@id":"https:\/\/algarve7.pt\/index.php\/2025\/06\/vencedores-do-orcamento-participativo-2024-2025-revelados-no-ecologita\/atualidade\/08\/45\/#primaryimage"},"thumbnailUrl":"https:\/\/algarve7.pt\/wp-content\/uploads\/2025\/06\/Captura-de-ecra-2025-06-02-as-17.11.21.png","keywords":["Algarve","Atualidade","Tavira"],"articleSection":["Atualidade"],"inLanguage":"pt-PT"},{"@type":"WebPage","@id":"https:\/\/algarve7.pt\/index.php\/2025\/06\/vencedores-do-orcamento-participativo-2024-2025-revelados-no-ecologita\/atualidade\/08\/45\/","url":"https:\/\/algarve7.pt\/index.php\/2025\/06\/vencedores-do-orcamento-participativo-2024-2025-revelados-no-ecologita\/atualidade\/08\/45\/","name":"Vencedores do Or\u00e7amento Participativo 2024\/2025 revelados no ECOl\u00f3gita - Algarve 7","isPartOf":{"@id":"https:\/\/algarve7.pt\/#website"},"primaryImageOfPage":{"@id":"https:\/\/algarve7.pt\/index.php\/2025\/06\/vencedores-do-orcamento-participativo-2024-2025-revelados-no-ecologita\/atualidade\/08\/45\/#primaryimage"},"image":{"@id":"https:\/\/algarve7.pt\/index.php\/2025\/06\/vencedores-do-orcamento-participativo-2024-2025-revelados-no-ecologita\/atualidade\/08\/45\/#primaryimage"},"thumbnailUrl":"https:\/\/algarve7.pt\/wp-content\/uploads\/2025\/06\/Captura-de-ecra-2025-06-02-as-17.11.21.png","datePublished":"2025-06-03T07:45:00+00:00","description":"Vencedores do Or\u00e7amento Participativo 2024\/2025 revelados no ECOl\u00f3gita Atualidade","breadcrumb":{"@id":"https:\/\/algarve7.pt\/index.php\/2025\/06\/vencedores-do-orcamento-participativo-2024-2025-revelados-no-ecologita\/atualidade\/08\/45\/#breadcrumb"},"inLanguage":"pt-PT","potentialAction":[{"@type":"ReadAction","target":["https:\/\/algarve7.pt\/index.php\/2025\/06\/vencedores-do-orcamento-participativo-2024-2025-revelados-no-ecologita\/atualidade\/08\/45\/"]}]},{"@type":"ImageObject","inLanguage":"pt-PT","@id":"https:\/\/algarve7.pt\/index.php\/2025\/06\/vencedores-do-orcamento-participativo-2024-2025-revelados-no-ecologita\/atualidade\/08\/45\/#primaryimage","url":"https:\/\/algarve7.pt\/wp-content\/uploads\/2025\/06\/Captura-de-ecra-2025-06-02-as-17.11.21.png","contentUrl":"https:\/\/algarve7.pt\/wp-content\/uploads\/2025\/06\/Captura-de-ecra-2025-06-02-as-17.11.21.png","width":800,"height":500},{"@type":"BreadcrumbList","@id":"https:\/\/algarve7.pt\/index.php\/2025\/06\/vencedores-do-orcamento-participativo-2024-2025-revelados-no-ecologita\/atualidade\/08\/45\/#breadcrumb","itemListElement":[{"@type":"ListItem","position":1,"name":"In\u00edcio","item":"https:\/\/algarve7.pt\/"},{"@type":"ListItem","position":2,"name":"Vencedores do Or\u00e7amento Participativo 2024\/2025 revelados no ECOl\u00f3gita"}]},{"@type":"WebSite","@id":"https:\/\/algarve7.pt\/#website","url":"https:\/\/algarve7.pt\/","name":"Algarve 7","description":"Informa\u00e7\u00e3o sobre o Algarve","publisher":{"@id":"https:\/\/algarve7.pt\/#organization"},"potentialAction":[{"@type":"SearchAction","target":{"@type":"EntryPoint","urlTemplate":"https:\/\/algarve7.pt\/?s={search_term_string}"},"query-input":{"@type":"PropertyValueSpecification","valueRequired":true,"valueName":"search_term_string"}}],"inLanguage":"pt-PT"},{"@type":"Organization","@id":"https:\/\/algarve7.pt\/#organization","name":"Algarve 7","url":"https:\/\/algarve7.pt\/","logo":{"@type":"ImageObject","inLanguage":"pt-PT","@id":"https:\/\/algarve7.pt\/#\/schema\/logo\/image\/","url":"https:\/\/algarve7.pt\/wp-content\/uploads\/2020\/10\/Logo-8.jpg","contentUrl":"https:\/\/algarve7.pt\/wp-content\/uploads\/2020\/10\/Logo-8.jpg","width":1680,"height":1186,"caption":"Algarve 7"},"image":{"@id":"https:\/\/algarve7.pt\/#\/schema\/logo\/image\/"},"sameAs":["https:\/\/www.facebook.com\/algarve7","https:\/\/x.com\/Algarvesete","https:\/\/www.instagram.com\/jornalalgarve7\/","https:\/\/www.linkedin.com\/company\/algarve7","https:\/\/www.pinterest.pt\/geral0939\/_created\/"]},{"@type":"Person","@id":"https:\/\/algarve7.pt\/#\/schema\/person\/23fa70681308e7b319a3204bcea45e0c","name":"Algarve 7","sameAs":["https:\/\/algarve7.pt","https:\/\/www.facebook.com\/algarve7"],"url":"https:\/\/algarve7.pt\/index.php\/author\/geralalgarve7-pt\/"}]}},"jetpack_publicize_connections":[],"jetpack_featured_media_url":"https:\/\/algarve7.pt\/wp-content\/uploads\/2025\/06\/Captura-de-ecra-2025-06-02-as-17.11.21.png","jetpack_shortlink":"https:\/\/wp.me\/pcezmW-di0","jetpack_sharing_enabled":true,"_links":{"self":[{"href":"https:\/\/algarve7.pt\/index.php\/wp-json\/wp\/v2\/posts\/51088","targetHints":{"allow":["GET"]}}],"collection":[{"href":"https:\/\/algarve7.pt\/index.php\/wp-json\/wp\/v2\/posts"}],"about":[{"href":"https:\/\/algarve7.pt\/index.php\/wp-json\/wp\/v2\/types\/post"}],"author":[{"embeddable":true,"href":"https:\/\/algarve7.pt\/index.php\/wp-json\/wp\/v2\/users\/1"}],"replies":[{"embeddable":true,"href":"https:\/\/algarve7.pt\/index.php\/wp-json\/wp\/v2\/comments?post=51088"}],"version-history":[{"count":0,"href":"https:\/\/algarve7.pt\/index.php\/wp-json\/wp\/v2\/posts\/51088\/revisions"}],"wp:featuredmedia":[{"embeddable":true,"href":"https:\/\/algarve7.pt\/index.php\/wp-json\/wp\/v2\/media\/51089"}],"wp:attachment":[{"href":"https:\/\/algarve7.pt\/index.php\/wp-json\/wp\/v2\/media?parent=51088"}],"wp:term":[{"taxonomy":"category","embeddable":true,"href":"https:\/\/algarve7.pt\/index.php\/wp-json\/wp\/v2\/categories?post=51088"},{"taxonomy":"post_tag","embeddable":true,"href":"https:\/\/algarve7.pt\/index.php\/wp-json\/wp\/v2\/tags?post=51088"}],"curies":[{"name":"wp","href":"https:\/\/api.w.org\/{rel}","templated":true}]}}