{"id":51056,"date":"2025-06-02T14:57:29","date_gmt":"2025-06-02T13:57:29","guid":{"rendered":"https:\/\/algarve7.pt\/?p=51056"},"modified":"2025-06-02T14:57:31","modified_gmt":"2025-06-02T13:57:31","slug":"ferragudo-reforca-presenca-digital-com-app-oficial-e-solucoes-com-inteligencia-artificial","status":"publish","type":"post","link":"https:\/\/algarve7.pt\/index.php\/2025\/06\/ferragudo-reforca-presenca-digital-com-app-oficial-e-solucoes-com-inteligencia-artificial\/atualidade\/14\/57\/","title":{"rendered":"Ferragudo refor\u00e7a presen\u00e7a digital com app oficial e solu\u00e7\u00f5es com intelig\u00eancia artificial"},"content":{"rendered":"\n<p>Ap\u00f3s o lan\u00e7amento do novo website, a Junta de Freguesia de Ferragudo d\u00e1 mais um passo na moderniza\u00e7\u00e3o dos servi\u00e7os p\u00fablicos e na proximidade com a comunidade: foi oficialmente lan\u00e7ada a aplica\u00e7\u00e3o m\u00f3vel \u201cFerragudo\u201d, dispon\u00edvel para iOS e Android.<\/p>\n\n\n\n<p>Android \u2013 Google Play:\u00a0<strong><a href=\"https:\/\/play.google.com\/store\/apps\/details?id=com.ferragudo.app&amp;fbclid=IwZXh0bgNhZW0CMTAAYnJpZBExMTBZTEJtYzRLMVplaUs0eQEeMpjzLXHSrCMw_LJCw_vdMyIKE4Chlk319B_l0Dery7N_R8hx7vJP563GXLc_aem_rQwFkRwbmhOk0UF4kFROVw\">https:\/\/play.google.com\/<\/a><a href=\"https:\/\/play.google.com\/store\/apps\/details?id=com.ferragudo.app&amp;fbclid=IwZXh0bgNhZW0CMTAAYnJpZBExMTBZTEJtYzRLMVplaUs0eQEeMpjzLXHSrCMw_LJCw_vdMyIKE4Chlk319B_l0Dery7N_R8hx7vJP563GXLc_aem_rQwFkRwbmhOk0UF4kFROVw\" target=\"_blank\" rel=\"noreferrer noopener\">store<\/a><a href=\"https:\/\/play.google.com\/store\/apps\/details?id=com.ferragudo.app&amp;fbclid=IwZXh0bgNhZW0CMTAAYnJpZBExMTBZTEJtYzRLMVplaUs0eQEeMpjzLXHSrCMw_LJCw_vdMyIKE4Chlk319B_l0Dery7N_R8hx7vJP563GXLc_aem_rQwFkRwbmhOk0UF4kFROVw\">\/apps\/details&#8230;<\/a><\/strong><\/p>\n\n\n\n<p>\u2022 iOS:\u00a0<strong><u><a href=\"https:\/\/l.facebook.com\/l.php?u=https%253A%252F%252Fapps.apple.com%252Fus%252Fapp%252Fferragudo%252Fid6746200871&amp;h=AT2UZQ0k2aeNJb8ds1Oa_Ryp5zW2bThC52tro2Y43-_vJUsBCAxiUuaAW1e9mEdTMnNKcna5heNgitJHYxmgDitZTetC6gZVSTkDjQvGd7laA7XSfLONvkgxIUc-xGw6uDR3PwIVjsv9LFnjTemVAicxGwImsrle&amp;__tn__=-UK-R&amp;c%5B0%5D=AT1uj7rX3OmwVYcpEdpka_2qC_A6RAAzLaUqUlRFuGSaIuPzqpTCrcH8cSn9_8o2rPttXxSIor60EHhSrL5giVljnrJzkhLIotnSGUxmIxxVvTNTfJRaSzV9te8XP_IuraR-bPRR27GJb5BSrZmiOA4DacUdQGZxNn8HrqLs4p_RDoDe12Jy9HvRIutXxzU_1zM6AQQVW7SMpgFpmHGYzG6mQ0F-VwIAlMupw-XT\" target=\"_blank\" rel=\"noreferrer noopener\">https:\/\/apps.apple.com\/us\/app\/ferragudo\/id6746200871<\/a><\/u><\/strong><\/p>\n\n\n\n<p>A nova app permite o acesso direto e imediato a eventos, not\u00edcias, alertas, previs\u00f5es meteorol\u00f3gicas, \u00edndice UV e informa\u00e7\u00f5es \u00fateis para residentes e visitantes.&nbsp;<\/p>\n\n\n\n<p>Paralelamente, foi tamb\u00e9m implementado o Ferrukas, um assistente virtual com intelig\u00eancia artificial integrado no website da Junta. Com funcionamento cont\u00ednuo, o Ferrukas responde a d\u00favidas frequentes, ajuda a localizar documentos e orienta os cidad\u00e3os nos servi\u00e7os dispon\u00edveis, facilitando o contacto com a autarquia de forma simples, acess\u00edvel e eficaz.<\/p>\n\n\n\n<p>A aplica\u00e7\u00e3o e as ferramentas digitais agora lan\u00e7adas v\u00eam complementar um projeto iniciado com o novo website \u2014 uma plataforma participativa, em constante evolu\u00e7\u00e3o, que convida todos a contribuir para um Ferragudo mais ligado, mais funcional e mais pr\u00f3ximo.<\/p>\n","protected":false},"excerpt":{"rendered":"<p>Ap\u00f3s o lan\u00e7amento do novo website, a Junta de Freguesia de Ferragudo d\u00e1 mais um passo na moderniza\u00e7\u00e3o dos servi\u00e7os<\/p>\n","protected":false},"author":1,"featured_media":51057,"comment_status":"closed","ping_status":"closed","sticky":false,"template":"","format":"standard","meta":{"colormag_page_container_layout":"default_layout","colormag_page_sidebar_layout":"default_layout","_monsterinsights_skip_tracking":false,"_monsterinsights_sitenote_active":false,"_monsterinsights_sitenote_note":"","_monsterinsights_sitenote_category":0,"jetpack_post_was_ever_published":false,"_jetpack_newsletter_access":"","_jetpack_dont_email_post_to_subs":false,"_jetpack_newsletter_tier_id":0,"_jetpack_memberships_contains_paywalled_content":false,"_jetpack_memberships_contains_paid_content":false,"footnotes":"","jetpack_publicize_message":"","jetpack_publicize_feature_enabled":true,"jetpack_social_post_already_shared":true,"jetpack_social_options":{"image_generator_settings":{"template":"highway","default_image_id":0,"font":"","enabled":false},"version":2}},"categories":[11],"tags":[36,62,199,48],"class_list":["post-51056","post","type-post","status-publish","format-standard","has-post-thumbnail","hentry","category-atualidade","tag-algarve","tag-atualidade","tag-ferragudo","tag-lagoa"],"yoast_head":"<!-- This site is optimized with the Yoast SEO plugin v27.5 - https:\/\/yoast.com\/product\/yoast-seo-wordpress\/ -->\n<title>Ferragudo refor\u00e7a presen\u00e7a digital com app oficial e solu\u00e7\u00f5es com intelig\u00eancia artificial - Algarve 7<\/title>\n<meta name=\"description\" content=\"Ferragudo refor\u00e7a presen\u00e7a digital com app oficial e solu\u00e7\u00f5es com intelig\u00eancia artificial Atualidade\" \/>\n<meta name=\"robots\" content=\"index, follow, max-snippet:-1, max-image-preview:large, max-video-preview:-1\" \/>\n<link rel=\"canonical\" href=\"https:\/\/algarve7.pt\/index.php\/2025\/06\/ferragudo-reforca-presenca-digital-com-app-oficial-e-solucoes-com-inteligencia-artificial\/atualidade\/14\/57\/\" \/>\n<meta property=\"og:locale\" content=\"pt_PT\" \/>\n<meta property=\"og:type\" content=\"article\" \/>\n<meta property=\"og:title\" content=\"Ferragudo refor\u00e7a presen\u00e7a digital com app oficial e solu\u00e7\u00f5es com intelig\u00eancia artificial - Algarve 7\" \/>\n<meta property=\"og:description\" content=\"Ferragudo refor\u00e7a presen\u00e7a digital com app oficial e solu\u00e7\u00f5es com intelig\u00eancia artificial Atualidade\" \/>\n<meta property=\"og:url\" content=\"https:\/\/algarve7.pt\/index.php\/2025\/06\/ferragudo-reforca-presenca-digital-com-app-oficial-e-solucoes-com-inteligencia-artificial\/atualidade\/14\/57\/\" \/>\n<meta property=\"og:site_name\" content=\"Algarve 7\" \/>\n<meta property=\"article:publisher\" content=\"https:\/\/www.facebook.com\/algarve7\" \/>\n<meta property=\"article:author\" content=\"https:\/\/www.facebook.com\/algarve7\" \/>\n<meta property=\"article:published_time\" content=\"2025-06-02T13:57:29+00:00\" \/>\n<meta property=\"article:modified_time\" content=\"2025-06-02T13:57:31+00:00\" \/>\n<meta property=\"og:image\" content=\"https:\/\/algarve7.pt\/wp-content\/uploads\/2025\/06\/Captura-de-ecra-2025-06-02-as-14.53.25.png\" \/>\n\t<meta property=\"og:image:width\" content=\"800\" \/>\n\t<meta property=\"og:image:height\" content=\"500\" \/>\n\t<meta property=\"og:image:type\" content=\"image\/png\" \/>\n<meta name=\"author\" content=\"Algarve 7\" \/>\n<meta name=\"twitter:card\" content=\"summary_large_image\" \/>\n<meta name=\"twitter:creator\" content=\"@Algarvesete\" \/>\n<meta name=\"twitter:site\" content=\"@Algarvesete\" \/>\n<meta name=\"twitter:label1\" content=\"Escrito por\" \/>\n\t<meta name=\"twitter:data1\" content=\"Algarve 7\" \/>\n\t<meta name=\"twitter:label2\" content=\"Tempo estimado de leitura\" \/>\n\t<meta name=\"twitter:data2\" content=\"2 minutos\" \/>\n<script type=\"application\/ld+json\" class=\"yoast-schema-graph\">{\"@context\":\"https:\\\/\\\/schema.org\",\"@graph\":[{\"@type\":\"Article\",\"@id\":\"https:\\\/\\\/algarve7.pt\\\/index.php\\\/2025\\\/06\\\/ferragudo-reforca-presenca-digital-com-app-oficial-e-solucoes-com-inteligencia-artificial\\\/atualidade\\\/14\\\/57\\\/#article\",\"isPartOf\":{\"@id\":\"https:\\\/\\\/algarve7.pt\\\/index.php\\\/2025\\\/06\\\/ferragudo-reforca-presenca-digital-com-app-oficial-e-solucoes-com-inteligencia-artificial\\\/atualidade\\\/14\\\/57\\\/\"},\"author\":{\"name\":\"Algarve 7\",\"@id\":\"https:\\\/\\\/algarve7.pt\\\/#\\\/schema\\\/person\\\/23fa70681308e7b319a3204bcea45e0c\"},\"headline\":\"Ferragudo refor\u00e7a presen\u00e7a digital com app oficial e solu\u00e7\u00f5es com intelig\u00eancia artificial\",\"datePublished\":\"2025-06-02T13:57:29+00:00\",\"dateModified\":\"2025-06-02T13:57:31+00:00\",\"mainEntityOfPage\":{\"@id\":\"https:\\\/\\\/algarve7.pt\\\/index.php\\\/2025\\\/06\\\/ferragudo-reforca-presenca-digital-com-app-oficial-e-solucoes-com-inteligencia-artificial\\\/atualidade\\\/14\\\/57\\\/\"},\"wordCount\":212,\"publisher\":{\"@id\":\"https:\\\/\\\/algarve7.pt\\\/#organization\"},\"image\":{\"@id\":\"https:\\\/\\\/algarve7.pt\\\/index.php\\\/2025\\\/06\\\/ferragudo-reforca-presenca-digital-com-app-oficial-e-solucoes-com-inteligencia-artificial\\\/atualidade\\\/14\\\/57\\\/#primaryimage\"},\"thumbnailUrl\":\"https:\\\/\\\/algarve7.pt\\\/wp-content\\\/uploads\\\/2025\\\/06\\\/Captura-de-ecra-2025-06-02-as-14.53.25.png\",\"keywords\":[\"Algarve\",\"Atualidade\",\"Ferragudo\",\"Lagoa\"],\"articleSection\":[\"Atualidade\"],\"inLanguage\":\"pt-PT\"},{\"@type\":\"WebPage\",\"@id\":\"https:\\\/\\\/algarve7.pt\\\/index.php\\\/2025\\\/06\\\/ferragudo-reforca-presenca-digital-com-app-oficial-e-solucoes-com-inteligencia-artificial\\\/atualidade\\\/14\\\/57\\\/\",\"url\":\"https:\\\/\\\/algarve7.pt\\\/index.php\\\/2025\\\/06\\\/ferragudo-reforca-presenca-digital-com-app-oficial-e-solucoes-com-inteligencia-artificial\\\/atualidade\\\/14\\\/57\\\/\",\"name\":\"Ferragudo refor\u00e7a presen\u00e7a digital com app oficial e solu\u00e7\u00f5es com intelig\u00eancia artificial - Algarve 7\",\"isPartOf\":{\"@id\":\"https:\\\/\\\/algarve7.pt\\\/#website\"},\"primaryImageOfPage\":{\"@id\":\"https:\\\/\\\/algarve7.pt\\\/index.php\\\/2025\\\/06\\\/ferragudo-reforca-presenca-digital-com-app-oficial-e-solucoes-com-inteligencia-artificial\\\/atualidade\\\/14\\\/57\\\/#primaryimage\"},\"image\":{\"@id\":\"https:\\\/\\\/algarve7.pt\\\/index.php\\\/2025\\\/06\\\/ferragudo-reforca-presenca-digital-com-app-oficial-e-solucoes-com-inteligencia-artificial\\\/atualidade\\\/14\\\/57\\\/#primaryimage\"},\"thumbnailUrl\":\"https:\\\/\\\/algarve7.pt\\\/wp-content\\\/uploads\\\/2025\\\/06\\\/Captura-de-ecra-2025-06-02-as-14.53.25.png\",\"datePublished\":\"2025-06-02T13:57:29+00:00\",\"dateModified\":\"2025-06-02T13:57:31+00:00\",\"description\":\"Ferragudo refor\u00e7a presen\u00e7a digital com app oficial e solu\u00e7\u00f5es com intelig\u00eancia artificial Atualidade\",\"breadcrumb\":{\"@id\":\"https:\\\/\\\/algarve7.pt\\\/index.php\\\/2025\\\/06\\\/ferragudo-reforca-presenca-digital-com-app-oficial-e-solucoes-com-inteligencia-artificial\\\/atualidade\\\/14\\\/57\\\/#breadcrumb\"},\"inLanguage\":\"pt-PT\",\"potentialAction\":[{\"@type\":\"ReadAction\",\"target\":[\"https:\\\/\\\/algarve7.pt\\\/index.php\\\/2025\\\/06\\\/ferragudo-reforca-presenca-digital-com-app-oficial-e-solucoes-com-inteligencia-artificial\\\/atualidade\\\/14\\\/57\\\/\"]}]},{\"@type\":\"ImageObject\",\"inLanguage\":\"pt-PT\",\"@id\":\"https:\\\/\\\/algarve7.pt\\\/index.php\\\/2025\\\/06\\\/ferragudo-reforca-presenca-digital-com-app-oficial-e-solucoes-com-inteligencia-artificial\\\/atualidade\\\/14\\\/57\\\/#primaryimage\",\"url\":\"https:\\\/\\\/algarve7.pt\\\/wp-content\\\/uploads\\\/2025\\\/06\\\/Captura-de-ecra-2025-06-02-as-14.53.25.png\",\"contentUrl\":\"https:\\\/\\\/algarve7.pt\\\/wp-content\\\/uploads\\\/2025\\\/06\\\/Captura-de-ecra-2025-06-02-as-14.53.25.png\",\"width\":800,\"height\":500},{\"@type\":\"BreadcrumbList\",\"@id\":\"https:\\\/\\\/algarve7.pt\\\/index.php\\\/2025\\\/06\\\/ferragudo-reforca-presenca-digital-com-app-oficial-e-solucoes-com-inteligencia-artificial\\\/atualidade\\\/14\\\/57\\\/#breadcrumb\",\"itemListElement\":[{\"@type\":\"ListItem\",\"position\":1,\"name\":\"In\u00edcio\",\"item\":\"https:\\\/\\\/algarve7.pt\\\/\"},{\"@type\":\"ListItem\",\"position\":2,\"name\":\"Ferragudo refor\u00e7a presen\u00e7a digital com app oficial e solu\u00e7\u00f5es com intelig\u00eancia artificial\"}]},{\"@type\":\"WebSite\",\"@id\":\"https:\\\/\\\/algarve7.pt\\\/#website\",\"url\":\"https:\\\/\\\/algarve7.pt\\\/\",\"name\":\"Algarve 7\",\"description\":\"Informa\u00e7\u00e3o sobre o Algarve\",\"publisher\":{\"@id\":\"https:\\\/\\\/algarve7.pt\\\/#organization\"},\"potentialAction\":[{\"@type\":\"SearchAction\",\"target\":{\"@type\":\"EntryPoint\",\"urlTemplate\":\"https:\\\/\\\/algarve7.pt\\\/?s={search_term_string}\"},\"query-input\":{\"@type\":\"PropertyValueSpecification\",\"valueRequired\":true,\"valueName\":\"search_term_string\"}}],\"inLanguage\":\"pt-PT\"},{\"@type\":\"Organization\",\"@id\":\"https:\\\/\\\/algarve7.pt\\\/#organization\",\"name\":\"Algarve 7\",\"url\":\"https:\\\/\\\/algarve7.pt\\\/\",\"logo\":{\"@type\":\"ImageObject\",\"inLanguage\":\"pt-PT\",\"@id\":\"https:\\\/\\\/algarve7.pt\\\/#\\\/schema\\\/logo\\\/image\\\/\",\"url\":\"https:\\\/\\\/algarve7.pt\\\/wp-content\\\/uploads\\\/2020\\\/10\\\/Logo-8.jpg\",\"contentUrl\":\"https:\\\/\\\/algarve7.pt\\\/wp-content\\\/uploads\\\/2020\\\/10\\\/Logo-8.jpg\",\"width\":1680,\"height\":1186,\"caption\":\"Algarve 7\"},\"image\":{\"@id\":\"https:\\\/\\\/algarve7.pt\\\/#\\\/schema\\\/logo\\\/image\\\/\"},\"sameAs\":[\"https:\\\/\\\/www.facebook.com\\\/algarve7\",\"https:\\\/\\\/x.com\\\/Algarvesete\",\"https:\\\/\\\/www.instagram.com\\\/jornalalgarve7\\\/\",\"https:\\\/\\\/www.linkedin.com\\\/company\\\/algarve7\",\"https:\\\/\\\/www.pinterest.pt\\\/geral0939\\\/_created\\\/\"]},{\"@type\":\"Person\",\"@id\":\"https:\\\/\\\/algarve7.pt\\\/#\\\/schema\\\/person\\\/23fa70681308e7b319a3204bcea45e0c\",\"name\":\"Algarve 7\",\"sameAs\":[\"https:\\\/\\\/algarve7.pt\",\"https:\\\/\\\/www.facebook.com\\\/algarve7\"],\"url\":\"https:\\\/\\\/algarve7.pt\\\/index.php\\\/author\\\/geralalgarve7-pt\\\/\"}]}<\/script>\n<!-- \/ Yoast SEO plugin. -->","yoast_head_json":{"title":"Ferragudo refor\u00e7a presen\u00e7a digital com app oficial e solu\u00e7\u00f5es com intelig\u00eancia artificial - Algarve 7","description":"Ferragudo refor\u00e7a presen\u00e7a digital com app oficial e solu\u00e7\u00f5es com intelig\u00eancia artificial Atualidade","robots":{"index":"index","follow":"follow","max-snippet":"max-snippet:-1","max-image-preview":"max-image-preview:large","max-video-preview":"max-video-preview:-1"},"canonical":"https:\/\/algarve7.pt\/index.php\/2025\/06\/ferragudo-reforca-presenca-digital-com-app-oficial-e-solucoes-com-inteligencia-artificial\/atualidade\/14\/57\/","og_locale":"pt_PT","og_type":"article","og_title":"Ferragudo refor\u00e7a presen\u00e7a digital com app oficial e solu\u00e7\u00f5es com intelig\u00eancia artificial - Algarve 7","og_description":"Ferragudo refor\u00e7a presen\u00e7a digital com app oficial e solu\u00e7\u00f5es com intelig\u00eancia artificial Atualidade","og_url":"https:\/\/algarve7.pt\/index.php\/2025\/06\/ferragudo-reforca-presenca-digital-com-app-oficial-e-solucoes-com-inteligencia-artificial\/atualidade\/14\/57\/","og_site_name":"Algarve 7","article_publisher":"https:\/\/www.facebook.com\/algarve7","article_author":"https:\/\/www.facebook.com\/algarve7","article_published_time":"2025-06-02T13:57:29+00:00","article_modified_time":"2025-06-02T13:57:31+00:00","og_image":[{"width":800,"height":500,"url":"https:\/\/algarve7.pt\/wp-content\/uploads\/2025\/06\/Captura-de-ecra-2025-06-02-as-14.53.25.png","type":"image\/png"}],"author":"Algarve 7","twitter_card":"summary_large_image","twitter_creator":"@Algarvesete","twitter_site":"@Algarvesete","twitter_misc":{"Escrito por":"Algarve 7","Tempo estimado de leitura":"2 minutos"},"schema":{"@context":"https:\/\/schema.org","@graph":[{"@type":"Article","@id":"https:\/\/algarve7.pt\/index.php\/2025\/06\/ferragudo-reforca-presenca-digital-com-app-oficial-e-solucoes-com-inteligencia-artificial\/atualidade\/14\/57\/#article","isPartOf":{"@id":"https:\/\/algarve7.pt\/index.php\/2025\/06\/ferragudo-reforca-presenca-digital-com-app-oficial-e-solucoes-com-inteligencia-artificial\/atualidade\/14\/57\/"},"author":{"name":"Algarve 7","@id":"https:\/\/algarve7.pt\/#\/schema\/person\/23fa70681308e7b319a3204bcea45e0c"},"headline":"Ferragudo refor\u00e7a presen\u00e7a digital com app oficial e solu\u00e7\u00f5es com intelig\u00eancia artificial","datePublished":"2025-06-02T13:57:29+00:00","dateModified":"2025-06-02T13:57:31+00:00","mainEntityOfPage":{"@id":"https:\/\/algarve7.pt\/index.php\/2025\/06\/ferragudo-reforca-presenca-digital-com-app-oficial-e-solucoes-com-inteligencia-artificial\/atualidade\/14\/57\/"},"wordCount":212,"publisher":{"@id":"https:\/\/algarve7.pt\/#organization"},"image":{"@id":"https:\/\/algarve7.pt\/index.php\/2025\/06\/ferragudo-reforca-presenca-digital-com-app-oficial-e-solucoes-com-inteligencia-artificial\/atualidade\/14\/57\/#primaryimage"},"thumbnailUrl":"https:\/\/algarve7.pt\/wp-content\/uploads\/2025\/06\/Captura-de-ecra-2025-06-02-as-14.53.25.png","keywords":["Algarve","Atualidade","Ferragudo","Lagoa"],"articleSection":["Atualidade"],"inLanguage":"pt-PT"},{"@type":"WebPage","@id":"https:\/\/algarve7.pt\/index.php\/2025\/06\/ferragudo-reforca-presenca-digital-com-app-oficial-e-solucoes-com-inteligencia-artificial\/atualidade\/14\/57\/","url":"https:\/\/algarve7.pt\/index.php\/2025\/06\/ferragudo-reforca-presenca-digital-com-app-oficial-e-solucoes-com-inteligencia-artificial\/atualidade\/14\/57\/","name":"Ferragudo refor\u00e7a presen\u00e7a digital com app oficial e solu\u00e7\u00f5es com intelig\u00eancia artificial - Algarve 7","isPartOf":{"@id":"https:\/\/algarve7.pt\/#website"},"primaryImageOfPage":{"@id":"https:\/\/algarve7.pt\/index.php\/2025\/06\/ferragudo-reforca-presenca-digital-com-app-oficial-e-solucoes-com-inteligencia-artificial\/atualidade\/14\/57\/#primaryimage"},"image":{"@id":"https:\/\/algarve7.pt\/index.php\/2025\/06\/ferragudo-reforca-presenca-digital-com-app-oficial-e-solucoes-com-inteligencia-artificial\/atualidade\/14\/57\/#primaryimage"},"thumbnailUrl":"https:\/\/algarve7.pt\/wp-content\/uploads\/2025\/06\/Captura-de-ecra-2025-06-02-as-14.53.25.png","datePublished":"2025-06-02T13:57:29+00:00","dateModified":"2025-06-02T13:57:31+00:00","description":"Ferragudo refor\u00e7a presen\u00e7a digital com app oficial e solu\u00e7\u00f5es com intelig\u00eancia artificial Atualidade","breadcrumb":{"@id":"https:\/\/algarve7.pt\/index.php\/2025\/06\/ferragudo-reforca-presenca-digital-com-app-oficial-e-solucoes-com-inteligencia-artificial\/atualidade\/14\/57\/#breadcrumb"},"inLanguage":"pt-PT","potentialAction":[{"@type":"ReadAction","target":["https:\/\/algarve7.pt\/index.php\/2025\/06\/ferragudo-reforca-presenca-digital-com-app-oficial-e-solucoes-com-inteligencia-artificial\/atualidade\/14\/57\/"]}]},{"@type":"ImageObject","inLanguage":"pt-PT","@id":"https:\/\/algarve7.pt\/index.php\/2025\/06\/ferragudo-reforca-presenca-digital-com-app-oficial-e-solucoes-com-inteligencia-artificial\/atualidade\/14\/57\/#primaryimage","url":"https:\/\/algarve7.pt\/wp-content\/uploads\/2025\/06\/Captura-de-ecra-2025-06-02-as-14.53.25.png","contentUrl":"https:\/\/algarve7.pt\/wp-content\/uploads\/2025\/06\/Captura-de-ecra-2025-06-02-as-14.53.25.png","width":800,"height":500},{"@type":"BreadcrumbList","@id":"https:\/\/algarve7.pt\/index.php\/2025\/06\/ferragudo-reforca-presenca-digital-com-app-oficial-e-solucoes-com-inteligencia-artificial\/atualidade\/14\/57\/#breadcrumb","itemListElement":[{"@type":"ListItem","position":1,"name":"In\u00edcio","item":"https:\/\/algarve7.pt\/"},{"@type":"ListItem","position":2,"name":"Ferragudo refor\u00e7a presen\u00e7a digital com app oficial e solu\u00e7\u00f5es com intelig\u00eancia artificial"}]},{"@type":"WebSite","@id":"https:\/\/algarve7.pt\/#website","url":"https:\/\/algarve7.pt\/","name":"Algarve 7","description":"Informa\u00e7\u00e3o sobre o Algarve","publisher":{"@id":"https:\/\/algarve7.pt\/#organization"},"potentialAction":[{"@type":"SearchAction","target":{"@type":"EntryPoint","urlTemplate":"https:\/\/algarve7.pt\/?s={search_term_string}"},"query-input":{"@type":"PropertyValueSpecification","valueRequired":true,"valueName":"search_term_string"}}],"inLanguage":"pt-PT"},{"@type":"Organization","@id":"https:\/\/algarve7.pt\/#organization","name":"Algarve 7","url":"https:\/\/algarve7.pt\/","logo":{"@type":"ImageObject","inLanguage":"pt-PT","@id":"https:\/\/algarve7.pt\/#\/schema\/logo\/image\/","url":"https:\/\/algarve7.pt\/wp-content\/uploads\/2020\/10\/Logo-8.jpg","contentUrl":"https:\/\/algarve7.pt\/wp-content\/uploads\/2020\/10\/Logo-8.jpg","width":1680,"height":1186,"caption":"Algarve 7"},"image":{"@id":"https:\/\/algarve7.pt\/#\/schema\/logo\/image\/"},"sameAs":["https:\/\/www.facebook.com\/algarve7","https:\/\/x.com\/Algarvesete","https:\/\/www.instagram.com\/jornalalgarve7\/","https:\/\/www.linkedin.com\/company\/algarve7","https:\/\/www.pinterest.pt\/geral0939\/_created\/"]},{"@type":"Person","@id":"https:\/\/algarve7.pt\/#\/schema\/person\/23fa70681308e7b319a3204bcea45e0c","name":"Algarve 7","sameAs":["https:\/\/algarve7.pt","https:\/\/www.facebook.com\/algarve7"],"url":"https:\/\/algarve7.pt\/index.php\/author\/geralalgarve7-pt\/"}]}},"jetpack_publicize_connections":[],"jetpack_featured_media_url":"https:\/\/algarve7.pt\/wp-content\/uploads\/2025\/06\/Captura-de-ecra-2025-06-02-as-14.53.25.png","jetpack_shortlink":"https:\/\/wp.me\/pcezmW-dhu","jetpack_sharing_enabled":true,"_links":{"self":[{"href":"https:\/\/algarve7.pt\/index.php\/wp-json\/wp\/v2\/posts\/51056","targetHints":{"allow":["GET"]}}],"collection":[{"href":"https:\/\/algarve7.pt\/index.php\/wp-json\/wp\/v2\/posts"}],"about":[{"href":"https:\/\/algarve7.pt\/index.php\/wp-json\/wp\/v2\/types\/post"}],"author":[{"embeddable":true,"href":"https:\/\/algarve7.pt\/index.php\/wp-json\/wp\/v2\/users\/1"}],"replies":[{"embeddable":true,"href":"https:\/\/algarve7.pt\/index.php\/wp-json\/wp\/v2\/comments?post=51056"}],"version-history":[{"count":0,"href":"https:\/\/algarve7.pt\/index.php\/wp-json\/wp\/v2\/posts\/51056\/revisions"}],"wp:featuredmedia":[{"embeddable":true,"href":"https:\/\/algarve7.pt\/index.php\/wp-json\/wp\/v2\/media\/51057"}],"wp:attachment":[{"href":"https:\/\/algarve7.pt\/index.php\/wp-json\/wp\/v2\/media?parent=51056"}],"wp:term":[{"taxonomy":"category","embeddable":true,"href":"https:\/\/algarve7.pt\/index.php\/wp-json\/wp\/v2\/categories?post=51056"},{"taxonomy":"post_tag","embeddable":true,"href":"https:\/\/algarve7.pt\/index.php\/wp-json\/wp\/v2\/tags?post=51056"}],"curies":[{"name":"wp","href":"https:\/\/api.w.org\/{rel}","templated":true}]}}