{"id":51048,"date":"2025-06-02T14:36:11","date_gmt":"2025-06-02T13:36:11","guid":{"rendered":"https:\/\/algarve7.pt\/?p=51048"},"modified":"2025-06-02T14:36:12","modified_gmt":"2025-06-02T13:36:12","slug":"portimao-box-cup-nacional-de-bmx-race-e-international-tournament-u14-marcam-agenda-desportiva-de-junho-no-concelho","status":"publish","type":"post","link":"https:\/\/algarve7.pt\/index.php\/2025\/06\/portimao-box-cup-nacional-de-bmx-race-e-international-tournament-u14-marcam-agenda-desportiva-de-junho-no-concelho\/desporto\/14\/36\/","title":{"rendered":"Portim\u00e3o Box Cup, Nacional de BMX Race e International Tournament U14 marcam agenda desportiva de junho no concelho"},"content":{"rendered":"\n<p>Portim\u00e3o prepara-se para entrar num novo m\u00eas com uma grande variedade de eventos desportivos, onde s\u00e3o destaque a Portim\u00e3o Box Cup 2025, o Portim\u00e3o International Tournament U14, o Challenge Cup Tournaments e o Campeonato Nacional de BMX Race.<\/p>\n\n\n\n<p>A programa\u00e7\u00e3o mensal divulgada pela C\u00e2mara Municipal de Portim\u00e3o contempla iniciativas de diferentes modalidades para todos os p\u00fablicos, ao longo do m\u00eas de junho, tal como habitual, num convite \u00e0 participa\u00e7\u00e3o e ades\u00e3o da popula\u00e7\u00e3o.<\/p>\n\n\n\n<p>H\u00e1, em acr\u00e9scimo, nesta agenda desportiva, provas que j\u00e1 atingiram e consolidaram uma dimens\u00e3o relevante no panorama internacional, nacional e regional e que envolvem atletas de v\u00e1rias nacionalidades. S\u00e3o apostas que mostram a atratividade cimentada do concelho enquanto destino privilegiado para eventos desportivos que, pela sua envergadura, dinamizam a economia local e d\u00e3o renome a Portim\u00e3o como destino tur\u00edstico.<\/p>\n\n\n\n<p>Um dos exemplos desta dimens\u00e3o \u00e9 uma das competi\u00e7\u00f5es que abre o m\u00eas e que, em pouco tempo, atingiu um n\u00edvel de notoriedade ineg\u00e1vel. A Portim\u00e3o Box Cup 2025 realiza-se entre 6 e 8 de junho, no Portim\u00e3o Arena, com a participa\u00e7\u00e3o de dezenas de atletas de v\u00e1rios pa\u00edses e categorias. \u00c9 um torneio internacional de boxe ol\u00edmpico, que tem vindo a mostrar-se um sucesso desde o in\u00edcio, sendo organizado e produzido pela Escola Boxe Portim\u00e3o em parceria com a C\u00e2mara Municipal.<\/p>\n\n\n\n<p>Tamb\u00e9m neste \u00e2mbito, o Portim\u00e3o 2025 International Tournament U14 vai levar ao Complexo Municipal de T\u00e9nis e Padel, entre 14 e 22 de junho, muitos praticantes deste escal\u00e3o, numa competi\u00e7\u00e3o que integra o calend\u00e1rio europeu de t\u00e9nis, sob a organiza\u00e7\u00e3o do Clube de T\u00e9nis e Padel de Portim\u00e3o com o apoio da Federa\u00e7\u00e3o Portuguesa de T\u00e9nis.<\/p>\n\n\n\n<p>No dia seguinte, o futebol estar\u00e1 em evid\u00eancia com o Challenge Cup Tournaments, que se prolonga at\u00e9 dia 27, no Centro Forma\u00e7\u00e3o Major David Neto e no Complexo Desportivo da Mexilhoeira Grande.<\/p>\n\n\n\n<p>O torneio de futebol, onde competem as melhores equipas de Portugal, Espanha, Fran\u00e7a, Canad\u00e1, EUA, \u00c1frica do Sul, Tail\u00e2ndia, Brasil e \u00cdndia, para al\u00e9m dos jogos, contempla um programa adicional nos dias anteriores e posteriores ao evento que oferece a oportunidade \u00e0s comitivas para aproveitar a estadia e conhecer um pouco mais a regi\u00e3o.<\/p>\n\n\n\n<p>Outro dos pontos altos da agenda desportiva de junho vai contar com a consagra\u00e7\u00e3o dos melhores atletas nacionais no Parque da Juventude. Isto porque, este equipamento recebe o Campeonato Nacional de BMX Race, nos dias 28 e 29 junho, prova organizada pela Federa\u00e7\u00e3o Portuguesa de Ciclismo e Clube de Bicross de Portim\u00e3o.<\/p>\n\n\n\n<p>A programa\u00e7\u00e3o do m\u00eas leva ainda as emo\u00e7\u00f5es da III Ta\u00e7a do Algarve XCO BTT, ao Complexo Desportivo da Mexilhoeira Grande, no dia 6 de junho, numa iniciativa organizada pela GARRA &#8211; Grupo de Amigos Rodas do Arade, enquanto no feriado de 10 de junho, ter\u00e1 lugar o habitual Torneio de Petanca Dia de Portugal, no Jardim das \u00c1guas-Vivas.<\/p>\n\n\n\n<p>Outro destaque desta agenda ser\u00e1 a celebra\u00e7\u00e3o do Dia Mundial do Skate, no dia 21 de junho, no rec\u00e9m requalificado Parque da Juventude, numa iniciativa aberta aos adeptos da modalidade, sendo a proposta, no fim de semana seguinte, entre os dias 27 e 29, a a\u00e7\u00e3o Portim\u00e3o a Patinar, no Pavilh\u00e3o Desportivo dos Montes de Alvor, promovida pelo H\u00f3quei Clube de Portim\u00e3o.<\/p>\n\n\n\n<p>Tamb\u00e9m o Aut\u00f3dromo Internacional do Algarve ser\u00e1 um equipamento de destaque nesta programa\u00e7\u00e3o ao receber a etapa da F4 Spain, de 6 a 8 junho, numa competi\u00e7\u00e3o intensa para jovens talentos, mas tamb\u00e9m por ser o ponto de partida da Ta\u00e7a do Algarve de Ciclismo de Estrada para Cadetes e Juniores e de uma das etapas do Campeonato Regional Master e Elites amadores na mesma modalidade, ambas no dia 15 de junho.<\/p>\n\n\n\n<p>Junho \u00e9 ainda um m\u00eas marcado pelo encerramento da \u00e9poca desportiva de diversas atividades nos equipamentos municipais, associa\u00e7\u00f5es e outras coletividades do concelho.&nbsp;<\/p>\n\n\n\n<p>Naquela que \u00e9 uma oportunidade para mostrar o esfor\u00e7o e dedica\u00e7\u00e3o desenvolvidos durante o ano, h\u00e1 v\u00e1rias apresenta\u00e7\u00f5es previstas. \u00c9 o caso da Festa Final das Classes Municipais de gin\u00e1stica s\u00e9nior e fitness (dia 14), do Espet\u00e1culo de Encerramento da Escola Municipal de Dan\u00e7a (dia 28), dos Saraus G\u00edmnicos da Associa\u00e7\u00e3o de Gin\u00e1stica P\u2019lo Ar (dia 21), da Associa\u00e7\u00e3o Desportiva Alvoreiros (dia 28) e da Associa\u00e7\u00e3o de Gin\u00e1stica R\u00edtmica de Portim\u00e3o. Na Piscina Municipal da cidade haver\u00e1 ainda a iniciativa 12h a Nadar (21 de junho), no mesmo contexto.<\/p>\n\n\n\n<p>Este din\u00e2mico m\u00eas, com eventos para todos os gostos, encerra com um Torneio de Pickleball, no dia 29, no Complexo Desportivo de Alvor, no \u00e2mbito do programa Domingos Ativos, promovido pelo Munic\u00edpio para promover atividades f\u00edsicas e, ao mesmo tempo, o conv\u00edvio familiar. A participa\u00e7\u00e3o \u00e9 gratuita, mas requer inscri\u00e7\u00e3o pr\u00e9via que pode ser realizada no seguinte link: https:\/\/tinyurl.com\/ptmdomingosativos<\/p>\n\n\n\n<p>A maioria dos eventos tem entrada livre, num convite para que a popula\u00e7\u00e3o participe ou assista \u00e0s atividades planeadas. Mais informa\u00e7\u00f5es sobre os eventos desportivos que comp\u00f5em esta programa\u00e7\u00e3o mensal no concelho podem ser consultados nas redes sociais oficiais do Munic\u00edpio e no site www.vivaportimao.pt<\/p>\n","protected":false},"excerpt":{"rendered":"<p>Portim\u00e3o prepara-se para entrar num novo m\u00eas com uma grande variedade de eventos desportivos, onde s\u00e3o destaque a Portim\u00e3o Box<\/p>\n","protected":false},"author":1,"featured_media":51049,"comment_status":"closed","ping_status":"closed","sticky":false,"template":"","format":"standard","meta":{"colormag_page_container_layout":"default_layout","colormag_page_sidebar_layout":"default_layout","_monsterinsights_skip_tracking":false,"_monsterinsights_sitenote_active":false,"_monsterinsights_sitenote_note":"","_monsterinsights_sitenote_category":0,"jetpack_post_was_ever_published":false,"_jetpack_newsletter_access":"","_jetpack_dont_email_post_to_subs":false,"_jetpack_newsletter_tier_id":0,"_jetpack_memberships_contains_paywalled_content":false,"_jetpack_memberships_contains_paid_content":false,"footnotes":"","jetpack_publicize_message":"","jetpack_publicize_feature_enabled":true,"jetpack_social_post_already_shared":true,"jetpack_social_options":{"image_generator_settings":{"template":"highway","default_image_id":0,"font":"","enabled":false},"version":2}},"categories":[15],"tags":[36,40,72],"class_list":["post-51048","post","type-post","status-publish","format-standard","has-post-thumbnail","hentry","category-desporto","tag-algarve","tag-desporto","tag-portimao"],"yoast_head":"<!-- This site is optimized with the Yoast SEO plugin v27.5 - https:\/\/yoast.com\/product\/yoast-seo-wordpress\/ -->\n<title>Portim\u00e3o Box Cup, Nacional de BMX Race e International Tournament U14 marcam agenda desportiva de junho no concelho - Algarve 7<\/title>\n<meta name=\"description\" content=\"Portim\u00e3o Box Cup, Nacional de BMX Race e International Tournament U14 marcam agenda desportiva de junho no concelho Desporto\" \/>\n<meta name=\"robots\" content=\"index, follow, max-snippet:-1, max-image-preview:large, max-video-preview:-1\" \/>\n<link rel=\"canonical\" href=\"https:\/\/algarve7.pt\/index.php\/2025\/06\/portimao-box-cup-nacional-de-bmx-race-e-international-tournament-u14-marcam-agenda-desportiva-de-junho-no-concelho\/desporto\/14\/36\/\" \/>\n<meta property=\"og:locale\" content=\"pt_PT\" \/>\n<meta property=\"og:type\" content=\"article\" \/>\n<meta property=\"og:title\" content=\"Portim\u00e3o Box Cup, Nacional de BMX Race e International Tournament U14 marcam agenda desportiva de junho no concelho - Algarve 7\" \/>\n<meta property=\"og:description\" content=\"Portim\u00e3o Box Cup, Nacional de BMX Race e International Tournament U14 marcam agenda desportiva de junho no concelho Desporto\" \/>\n<meta property=\"og:url\" content=\"https:\/\/algarve7.pt\/index.php\/2025\/06\/portimao-box-cup-nacional-de-bmx-race-e-international-tournament-u14-marcam-agenda-desportiva-de-junho-no-concelho\/desporto\/14\/36\/\" \/>\n<meta property=\"og:site_name\" content=\"Algarve 7\" \/>\n<meta property=\"article:publisher\" content=\"https:\/\/www.facebook.com\/algarve7\" \/>\n<meta property=\"article:author\" content=\"https:\/\/www.facebook.com\/algarve7\" \/>\n<meta property=\"article:published_time\" content=\"2025-06-02T13:36:11+00:00\" \/>\n<meta property=\"article:modified_time\" content=\"2025-06-02T13:36:12+00:00\" \/>\n<meta property=\"og:image\" content=\"https:\/\/algarve7.pt\/wp-content\/uploads\/2025\/06\/Campeonato-Nacional-BMX.jpg\" \/>\n\t<meta property=\"og:image:width\" content=\"800\" \/>\n\t<meta property=\"og:image:height\" content=\"500\" \/>\n\t<meta property=\"og:image:type\" content=\"image\/jpeg\" \/>\n<meta name=\"author\" content=\"Algarve 7\" \/>\n<meta name=\"twitter:card\" content=\"summary_large_image\" \/>\n<meta name=\"twitter:creator\" content=\"@Algarvesete\" \/>\n<meta name=\"twitter:site\" content=\"@Algarvesete\" \/>\n<meta name=\"twitter:label1\" content=\"Escrito por\" \/>\n\t<meta name=\"twitter:data1\" content=\"Algarve 7\" \/>\n\t<meta name=\"twitter:label2\" content=\"Tempo estimado de leitura\" \/>\n\t<meta name=\"twitter:data2\" content=\"5 minutos\" \/>\n<script type=\"application\/ld+json\" class=\"yoast-schema-graph\">{\"@context\":\"https:\\\/\\\/schema.org\",\"@graph\":[{\"@type\":\"Article\",\"@id\":\"https:\\\/\\\/algarve7.pt\\\/index.php\\\/2025\\\/06\\\/portimao-box-cup-nacional-de-bmx-race-e-international-tournament-u14-marcam-agenda-desportiva-de-junho-no-concelho\\\/desporto\\\/14\\\/36\\\/#article\",\"isPartOf\":{\"@id\":\"https:\\\/\\\/algarve7.pt\\\/index.php\\\/2025\\\/06\\\/portimao-box-cup-nacional-de-bmx-race-e-international-tournament-u14-marcam-agenda-desportiva-de-junho-no-concelho\\\/desporto\\\/14\\\/36\\\/\"},\"author\":{\"name\":\"Algarve 7\",\"@id\":\"https:\\\/\\\/algarve7.pt\\\/#\\\/schema\\\/person\\\/23fa70681308e7b319a3204bcea45e0c\"},\"headline\":\"Portim\u00e3o Box Cup, Nacional de BMX Race e International Tournament U14 marcam agenda desportiva de junho no concelho\",\"datePublished\":\"2025-06-02T13:36:11+00:00\",\"dateModified\":\"2025-06-02T13:36:12+00:00\",\"mainEntityOfPage\":{\"@id\":\"https:\\\/\\\/algarve7.pt\\\/index.php\\\/2025\\\/06\\\/portimao-box-cup-nacional-de-bmx-race-e-international-tournament-u14-marcam-agenda-desportiva-de-junho-no-concelho\\\/desporto\\\/14\\\/36\\\/\"},\"wordCount\":915,\"publisher\":{\"@id\":\"https:\\\/\\\/algarve7.pt\\\/#organization\"},\"image\":{\"@id\":\"https:\\\/\\\/algarve7.pt\\\/index.php\\\/2025\\\/06\\\/portimao-box-cup-nacional-de-bmx-race-e-international-tournament-u14-marcam-agenda-desportiva-de-junho-no-concelho\\\/desporto\\\/14\\\/36\\\/#primaryimage\"},\"thumbnailUrl\":\"https:\\\/\\\/algarve7.pt\\\/wp-content\\\/uploads\\\/2025\\\/06\\\/Campeonato-Nacional-BMX.jpg\",\"keywords\":[\"Algarve\",\"Desporto\",\"Portim\u00e3o\"],\"articleSection\":[\"Desporto\"],\"inLanguage\":\"pt-PT\"},{\"@type\":\"WebPage\",\"@id\":\"https:\\\/\\\/algarve7.pt\\\/index.php\\\/2025\\\/06\\\/portimao-box-cup-nacional-de-bmx-race-e-international-tournament-u14-marcam-agenda-desportiva-de-junho-no-concelho\\\/desporto\\\/14\\\/36\\\/\",\"url\":\"https:\\\/\\\/algarve7.pt\\\/index.php\\\/2025\\\/06\\\/portimao-box-cup-nacional-de-bmx-race-e-international-tournament-u14-marcam-agenda-desportiva-de-junho-no-concelho\\\/desporto\\\/14\\\/36\\\/\",\"name\":\"Portim\u00e3o Box Cup, Nacional de BMX Race e International Tournament U14 marcam agenda desportiva de junho no concelho - Algarve 7\",\"isPartOf\":{\"@id\":\"https:\\\/\\\/algarve7.pt\\\/#website\"},\"primaryImageOfPage\":{\"@id\":\"https:\\\/\\\/algarve7.pt\\\/index.php\\\/2025\\\/06\\\/portimao-box-cup-nacional-de-bmx-race-e-international-tournament-u14-marcam-agenda-desportiva-de-junho-no-concelho\\\/desporto\\\/14\\\/36\\\/#primaryimage\"},\"image\":{\"@id\":\"https:\\\/\\\/algarve7.pt\\\/index.php\\\/2025\\\/06\\\/portimao-box-cup-nacional-de-bmx-race-e-international-tournament-u14-marcam-agenda-desportiva-de-junho-no-concelho\\\/desporto\\\/14\\\/36\\\/#primaryimage\"},\"thumbnailUrl\":\"https:\\\/\\\/algarve7.pt\\\/wp-content\\\/uploads\\\/2025\\\/06\\\/Campeonato-Nacional-BMX.jpg\",\"datePublished\":\"2025-06-02T13:36:11+00:00\",\"dateModified\":\"2025-06-02T13:36:12+00:00\",\"description\":\"Portim\u00e3o Box Cup, Nacional de BMX Race e International Tournament U14 marcam agenda desportiva de junho no concelho Desporto\",\"breadcrumb\":{\"@id\":\"https:\\\/\\\/algarve7.pt\\\/index.php\\\/2025\\\/06\\\/portimao-box-cup-nacional-de-bmx-race-e-international-tournament-u14-marcam-agenda-desportiva-de-junho-no-concelho\\\/desporto\\\/14\\\/36\\\/#breadcrumb\"},\"inLanguage\":\"pt-PT\",\"potentialAction\":[{\"@type\":\"ReadAction\",\"target\":[\"https:\\\/\\\/algarve7.pt\\\/index.php\\\/2025\\\/06\\\/portimao-box-cup-nacional-de-bmx-race-e-international-tournament-u14-marcam-agenda-desportiva-de-junho-no-concelho\\\/desporto\\\/14\\\/36\\\/\"]}]},{\"@type\":\"ImageObject\",\"inLanguage\":\"pt-PT\",\"@id\":\"https:\\\/\\\/algarve7.pt\\\/index.php\\\/2025\\\/06\\\/portimao-box-cup-nacional-de-bmx-race-e-international-tournament-u14-marcam-agenda-desportiva-de-junho-no-concelho\\\/desporto\\\/14\\\/36\\\/#primaryimage\",\"url\":\"https:\\\/\\\/algarve7.pt\\\/wp-content\\\/uploads\\\/2025\\\/06\\\/Campeonato-Nacional-BMX.jpg\",\"contentUrl\":\"https:\\\/\\\/algarve7.pt\\\/wp-content\\\/uploads\\\/2025\\\/06\\\/Campeonato-Nacional-BMX.jpg\",\"width\":800,\"height\":500},{\"@type\":\"BreadcrumbList\",\"@id\":\"https:\\\/\\\/algarve7.pt\\\/index.php\\\/2025\\\/06\\\/portimao-box-cup-nacional-de-bmx-race-e-international-tournament-u14-marcam-agenda-desportiva-de-junho-no-concelho\\\/desporto\\\/14\\\/36\\\/#breadcrumb\",\"itemListElement\":[{\"@type\":\"ListItem\",\"position\":1,\"name\":\"In\u00edcio\",\"item\":\"https:\\\/\\\/algarve7.pt\\\/\"},{\"@type\":\"ListItem\",\"position\":2,\"name\":\"Portim\u00e3o Box Cup, Nacional de BMX Race e International Tournament U14 marcam agenda desportiva de junho no concelho\"}]},{\"@type\":\"WebSite\",\"@id\":\"https:\\\/\\\/algarve7.pt\\\/#website\",\"url\":\"https:\\\/\\\/algarve7.pt\\\/\",\"name\":\"Algarve 7\",\"description\":\"Informa\u00e7\u00e3o sobre o Algarve\",\"publisher\":{\"@id\":\"https:\\\/\\\/algarve7.pt\\\/#organization\"},\"potentialAction\":[{\"@type\":\"SearchAction\",\"target\":{\"@type\":\"EntryPoint\",\"urlTemplate\":\"https:\\\/\\\/algarve7.pt\\\/?s={search_term_string}\"},\"query-input\":{\"@type\":\"PropertyValueSpecification\",\"valueRequired\":true,\"valueName\":\"search_term_string\"}}],\"inLanguage\":\"pt-PT\"},{\"@type\":\"Organization\",\"@id\":\"https:\\\/\\\/algarve7.pt\\\/#organization\",\"name\":\"Algarve 7\",\"url\":\"https:\\\/\\\/algarve7.pt\\\/\",\"logo\":{\"@type\":\"ImageObject\",\"inLanguage\":\"pt-PT\",\"@id\":\"https:\\\/\\\/algarve7.pt\\\/#\\\/schema\\\/logo\\\/image\\\/\",\"url\":\"https:\\\/\\\/algarve7.pt\\\/wp-content\\\/uploads\\\/2020\\\/10\\\/Logo-8.jpg\",\"contentUrl\":\"https:\\\/\\\/algarve7.pt\\\/wp-content\\\/uploads\\\/2020\\\/10\\\/Logo-8.jpg\",\"width\":1680,\"height\":1186,\"caption\":\"Algarve 7\"},\"image\":{\"@id\":\"https:\\\/\\\/algarve7.pt\\\/#\\\/schema\\\/logo\\\/image\\\/\"},\"sameAs\":[\"https:\\\/\\\/www.facebook.com\\\/algarve7\",\"https:\\\/\\\/x.com\\\/Algarvesete\",\"https:\\\/\\\/www.instagram.com\\\/jornalalgarve7\\\/\",\"https:\\\/\\\/www.linkedin.com\\\/company\\\/algarve7\",\"https:\\\/\\\/www.pinterest.pt\\\/geral0939\\\/_created\\\/\"]},{\"@type\":\"Person\",\"@id\":\"https:\\\/\\\/algarve7.pt\\\/#\\\/schema\\\/person\\\/23fa70681308e7b319a3204bcea45e0c\",\"name\":\"Algarve 7\",\"sameAs\":[\"https:\\\/\\\/algarve7.pt\",\"https:\\\/\\\/www.facebook.com\\\/algarve7\"],\"url\":\"https:\\\/\\\/algarve7.pt\\\/index.php\\\/author\\\/geralalgarve7-pt\\\/\"}]}<\/script>\n<!-- \/ Yoast SEO plugin. -->","yoast_head_json":{"title":"Portim\u00e3o Box Cup, Nacional de BMX Race e International Tournament U14 marcam agenda desportiva de junho no concelho - Algarve 7","description":"Portim\u00e3o Box Cup, Nacional de BMX Race e International Tournament U14 marcam agenda desportiva de junho no concelho Desporto","robots":{"index":"index","follow":"follow","max-snippet":"max-snippet:-1","max-image-preview":"max-image-preview:large","max-video-preview":"max-video-preview:-1"},"canonical":"https:\/\/algarve7.pt\/index.php\/2025\/06\/portimao-box-cup-nacional-de-bmx-race-e-international-tournament-u14-marcam-agenda-desportiva-de-junho-no-concelho\/desporto\/14\/36\/","og_locale":"pt_PT","og_type":"article","og_title":"Portim\u00e3o Box Cup, Nacional de BMX Race e International Tournament U14 marcam agenda desportiva de junho no concelho - Algarve 7","og_description":"Portim\u00e3o Box Cup, Nacional de BMX Race e International Tournament U14 marcam agenda desportiva de junho no concelho Desporto","og_url":"https:\/\/algarve7.pt\/index.php\/2025\/06\/portimao-box-cup-nacional-de-bmx-race-e-international-tournament-u14-marcam-agenda-desportiva-de-junho-no-concelho\/desporto\/14\/36\/","og_site_name":"Algarve 7","article_publisher":"https:\/\/www.facebook.com\/algarve7","article_author":"https:\/\/www.facebook.com\/algarve7","article_published_time":"2025-06-02T13:36:11+00:00","article_modified_time":"2025-06-02T13:36:12+00:00","og_image":[{"width":800,"height":500,"url":"https:\/\/algarve7.pt\/wp-content\/uploads\/2025\/06\/Campeonato-Nacional-BMX.jpg","type":"image\/jpeg"}],"author":"Algarve 7","twitter_card":"summary_large_image","twitter_creator":"@Algarvesete","twitter_site":"@Algarvesete","twitter_misc":{"Escrito por":"Algarve 7","Tempo estimado de leitura":"5 minutos"},"schema":{"@context":"https:\/\/schema.org","@graph":[{"@type":"Article","@id":"https:\/\/algarve7.pt\/index.php\/2025\/06\/portimao-box-cup-nacional-de-bmx-race-e-international-tournament-u14-marcam-agenda-desportiva-de-junho-no-concelho\/desporto\/14\/36\/#article","isPartOf":{"@id":"https:\/\/algarve7.pt\/index.php\/2025\/06\/portimao-box-cup-nacional-de-bmx-race-e-international-tournament-u14-marcam-agenda-desportiva-de-junho-no-concelho\/desporto\/14\/36\/"},"author":{"name":"Algarve 7","@id":"https:\/\/algarve7.pt\/#\/schema\/person\/23fa70681308e7b319a3204bcea45e0c"},"headline":"Portim\u00e3o Box Cup, Nacional de BMX Race e International Tournament U14 marcam agenda desportiva de junho no concelho","datePublished":"2025-06-02T13:36:11+00:00","dateModified":"2025-06-02T13:36:12+00:00","mainEntityOfPage":{"@id":"https:\/\/algarve7.pt\/index.php\/2025\/06\/portimao-box-cup-nacional-de-bmx-race-e-international-tournament-u14-marcam-agenda-desportiva-de-junho-no-concelho\/desporto\/14\/36\/"},"wordCount":915,"publisher":{"@id":"https:\/\/algarve7.pt\/#organization"},"image":{"@id":"https:\/\/algarve7.pt\/index.php\/2025\/06\/portimao-box-cup-nacional-de-bmx-race-e-international-tournament-u14-marcam-agenda-desportiva-de-junho-no-concelho\/desporto\/14\/36\/#primaryimage"},"thumbnailUrl":"https:\/\/algarve7.pt\/wp-content\/uploads\/2025\/06\/Campeonato-Nacional-BMX.jpg","keywords":["Algarve","Desporto","Portim\u00e3o"],"articleSection":["Desporto"],"inLanguage":"pt-PT"},{"@type":"WebPage","@id":"https:\/\/algarve7.pt\/index.php\/2025\/06\/portimao-box-cup-nacional-de-bmx-race-e-international-tournament-u14-marcam-agenda-desportiva-de-junho-no-concelho\/desporto\/14\/36\/","url":"https:\/\/algarve7.pt\/index.php\/2025\/06\/portimao-box-cup-nacional-de-bmx-race-e-international-tournament-u14-marcam-agenda-desportiva-de-junho-no-concelho\/desporto\/14\/36\/","name":"Portim\u00e3o Box Cup, Nacional de BMX Race e International Tournament U14 marcam agenda desportiva de junho no concelho - Algarve 7","isPartOf":{"@id":"https:\/\/algarve7.pt\/#website"},"primaryImageOfPage":{"@id":"https:\/\/algarve7.pt\/index.php\/2025\/06\/portimao-box-cup-nacional-de-bmx-race-e-international-tournament-u14-marcam-agenda-desportiva-de-junho-no-concelho\/desporto\/14\/36\/#primaryimage"},"image":{"@id":"https:\/\/algarve7.pt\/index.php\/2025\/06\/portimao-box-cup-nacional-de-bmx-race-e-international-tournament-u14-marcam-agenda-desportiva-de-junho-no-concelho\/desporto\/14\/36\/#primaryimage"},"thumbnailUrl":"https:\/\/algarve7.pt\/wp-content\/uploads\/2025\/06\/Campeonato-Nacional-BMX.jpg","datePublished":"2025-06-02T13:36:11+00:00","dateModified":"2025-06-02T13:36:12+00:00","description":"Portim\u00e3o Box Cup, Nacional de BMX Race e International Tournament U14 marcam agenda desportiva de junho no concelho Desporto","breadcrumb":{"@id":"https:\/\/algarve7.pt\/index.php\/2025\/06\/portimao-box-cup-nacional-de-bmx-race-e-international-tournament-u14-marcam-agenda-desportiva-de-junho-no-concelho\/desporto\/14\/36\/#breadcrumb"},"inLanguage":"pt-PT","potentialAction":[{"@type":"ReadAction","target":["https:\/\/algarve7.pt\/index.php\/2025\/06\/portimao-box-cup-nacional-de-bmx-race-e-international-tournament-u14-marcam-agenda-desportiva-de-junho-no-concelho\/desporto\/14\/36\/"]}]},{"@type":"ImageObject","inLanguage":"pt-PT","@id":"https:\/\/algarve7.pt\/index.php\/2025\/06\/portimao-box-cup-nacional-de-bmx-race-e-international-tournament-u14-marcam-agenda-desportiva-de-junho-no-concelho\/desporto\/14\/36\/#primaryimage","url":"https:\/\/algarve7.pt\/wp-content\/uploads\/2025\/06\/Campeonato-Nacional-BMX.jpg","contentUrl":"https:\/\/algarve7.pt\/wp-content\/uploads\/2025\/06\/Campeonato-Nacional-BMX.jpg","width":800,"height":500},{"@type":"BreadcrumbList","@id":"https:\/\/algarve7.pt\/index.php\/2025\/06\/portimao-box-cup-nacional-de-bmx-race-e-international-tournament-u14-marcam-agenda-desportiva-de-junho-no-concelho\/desporto\/14\/36\/#breadcrumb","itemListElement":[{"@type":"ListItem","position":1,"name":"In\u00edcio","item":"https:\/\/algarve7.pt\/"},{"@type":"ListItem","position":2,"name":"Portim\u00e3o Box Cup, Nacional de BMX Race e International Tournament U14 marcam agenda desportiva de junho no concelho"}]},{"@type":"WebSite","@id":"https:\/\/algarve7.pt\/#website","url":"https:\/\/algarve7.pt\/","name":"Algarve 7","description":"Informa\u00e7\u00e3o sobre o Algarve","publisher":{"@id":"https:\/\/algarve7.pt\/#organization"},"potentialAction":[{"@type":"SearchAction","target":{"@type":"EntryPoint","urlTemplate":"https:\/\/algarve7.pt\/?s={search_term_string}"},"query-input":{"@type":"PropertyValueSpecification","valueRequired":true,"valueName":"search_term_string"}}],"inLanguage":"pt-PT"},{"@type":"Organization","@id":"https:\/\/algarve7.pt\/#organization","name":"Algarve 7","url":"https:\/\/algarve7.pt\/","logo":{"@type":"ImageObject","inLanguage":"pt-PT","@id":"https:\/\/algarve7.pt\/#\/schema\/logo\/image\/","url":"https:\/\/algarve7.pt\/wp-content\/uploads\/2020\/10\/Logo-8.jpg","contentUrl":"https:\/\/algarve7.pt\/wp-content\/uploads\/2020\/10\/Logo-8.jpg","width":1680,"height":1186,"caption":"Algarve 7"},"image":{"@id":"https:\/\/algarve7.pt\/#\/schema\/logo\/image\/"},"sameAs":["https:\/\/www.facebook.com\/algarve7","https:\/\/x.com\/Algarvesete","https:\/\/www.instagram.com\/jornalalgarve7\/","https:\/\/www.linkedin.com\/company\/algarve7","https:\/\/www.pinterest.pt\/geral0939\/_created\/"]},{"@type":"Person","@id":"https:\/\/algarve7.pt\/#\/schema\/person\/23fa70681308e7b319a3204bcea45e0c","name":"Algarve 7","sameAs":["https:\/\/algarve7.pt","https:\/\/www.facebook.com\/algarve7"],"url":"https:\/\/algarve7.pt\/index.php\/author\/geralalgarve7-pt\/"}]}},"jetpack_publicize_connections":[],"jetpack_featured_media_url":"https:\/\/algarve7.pt\/wp-content\/uploads\/2025\/06\/Campeonato-Nacional-BMX.jpg","jetpack_shortlink":"https:\/\/wp.me\/pcezmW-dhm","jetpack_sharing_enabled":true,"_links":{"self":[{"href":"https:\/\/algarve7.pt\/index.php\/wp-json\/wp\/v2\/posts\/51048","targetHints":{"allow":["GET"]}}],"collection":[{"href":"https:\/\/algarve7.pt\/index.php\/wp-json\/wp\/v2\/posts"}],"about":[{"href":"https:\/\/algarve7.pt\/index.php\/wp-json\/wp\/v2\/types\/post"}],"author":[{"embeddable":true,"href":"https:\/\/algarve7.pt\/index.php\/wp-json\/wp\/v2\/users\/1"}],"replies":[{"embeddable":true,"href":"https:\/\/algarve7.pt\/index.php\/wp-json\/wp\/v2\/comments?post=51048"}],"version-history":[{"count":0,"href":"https:\/\/algarve7.pt\/index.php\/wp-json\/wp\/v2\/posts\/51048\/revisions"}],"wp:featuredmedia":[{"embeddable":true,"href":"https:\/\/algarve7.pt\/index.php\/wp-json\/wp\/v2\/media\/51049"}],"wp:attachment":[{"href":"https:\/\/algarve7.pt\/index.php\/wp-json\/wp\/v2\/media?parent=51048"}],"wp:term":[{"taxonomy":"category","embeddable":true,"href":"https:\/\/algarve7.pt\/index.php\/wp-json\/wp\/v2\/categories?post=51048"},{"taxonomy":"post_tag","embeddable":true,"href":"https:\/\/algarve7.pt\/index.php\/wp-json\/wp\/v2\/tags?post=51048"}],"curies":[{"name":"wp","href":"https:\/\/api.w.org\/{rel}","templated":true}]}}