{"id":51011,"date":"2025-05-31T13:44:25","date_gmt":"2025-05-31T12:44:25","guid":{"rendered":"https:\/\/algarve7.pt\/?p=51011"},"modified":"2025-05-31T13:44:27","modified_gmt":"2025-05-31T12:44:27","slug":"budens-e-barao-a-brincar-chega-a-4-a-edicao-e-da-as-boas-vindas-ao-novo-bbb-junior","status":"publish","type":"post","link":"https:\/\/algarve7.pt\/index.php\/2025\/05\/budens-e-barao-a-brincar-chega-a-4-a-edicao-e-da-as-boas-vindas-ao-novo-bbb-junior\/atualidade\/13\/44\/","title":{"rendered":"\u201cBudens e Bar\u00e3o a Brincar\u201d chega \u00e0 4.\u00aa edi\u00e7\u00e3o e d\u00e1 as boas-vindas ao novo BBB Junior"},"content":{"rendered":"\n<p>A ideia de criar um campo de f\u00e9rias para a freguesia partiu da Presidente da C\u00e2mara Municipal de Vila do Bispo, desafio que a Presidente da Junta de Freguesia de Budens, Ana Cust\u00f3dio, aceitou prontamente, convidando o colega de Bar\u00e3o de S\u00e3o Miguel a integrar o projeto.&nbsp;<\/p>\n\n\n\n<p>Lan\u00e7ado em 2022, o \u201cBudens e Bar\u00e3o a Brincar\u201d tornou-se rapidamente um \u00eaxito, juntando as crian\u00e7as, dos 6 aos 12 anos, das duas freguesias em atividades de praia, oficinas de ci\u00eancia, peddy paper, teatro e muito mais, sempre com o objetivo de promover aprendizagens l\u00fadicas e conv\u00edvio saud\u00e1vel.<\/p>\n\n\n\n<p>E partindo do princ\u00edpio de que os adolescentes tamb\u00e9m merecem oportunidades de ocupa\u00e7\u00e3o saud\u00e1vel durante as f\u00e9rias de ver\u00e3o, a Junta decidiu, este ano, dar um passo em frente e criar um complemento espec\u00edfico para o escal\u00e3o dos 13 aos 16 anos.&nbsp;<\/p>\n\n\n\n<p>Assim nasceu o \u201cBBB Junior \u2013 Ver\u00e3o 2025\u201d, um campo de f\u00e9rias, com desafios semanais,&nbsp;&nbsp;que procura oferecer \u201coutras\u201d \u2013 e mais atraentes \u2013 op\u00e7\u00f5es de lazer aos mais crescidos, incentivando o contacto com a natureza e atividades em grupo, em vez de o tempo de f\u00e9rias ser passado em frente ao telem\u00f3vel.<\/p>\n\n\n\n<p>\u201cO \u00eaxito das tr\u00eas edi\u00e7\u00f5es anteriores motivou-nos a apostar num p\u00fablico-alvo diferente. Sabendo que os nossos jovens est\u00e3o cada vez mais ligados \u00e0s redes sociais e aos ecr\u00e3s a qualquer momento do dia, queremos este ano proporcionar-lhes um programa de ver\u00e3o que estimule a criatividade, o trabalho em equipa e o esp\u00edrito de aventura, sem recorrer ao telefone.<\/p>\n\n\n\n<p>A ideia \u00e9 colmatar a necessidade de alternativas saud\u00e1veis, divertidas e de intera\u00e7\u00e3o real entre os amigos. O BBB Junior \u00e9 a extens\u00e3o natural daquilo em que acreditamos: dar aos nossos jovens um ver\u00e3o ativo, criativo e inesquec\u00edvel\u201d.<\/p>\n\n\n\n<p>\u2014 Ana Cust\u00f3dio, Presidente da Junta de Freguesia de Budens<\/p>\n\n\n\n<p>As inscri\u00e7\u00f5es decorrem de 9 a 13 de junho, na sede da Junta de Freguesia de Budens. As vagas s\u00e3o limitadas e h\u00e1 prioridade para residentes das Freguesias de Budens e de Bar\u00e3o de S.Miguel, bem como do concelho.&nbsp;<\/p>\n\n\n\n<p>Para mais informa\u00e7\u00f5es, contacte geral@freguesiadebudens.pt ou 925 141 649.<\/p>\n","protected":false},"excerpt":{"rendered":"<p>A ideia de criar um campo de f\u00e9rias para a freguesia partiu da Presidente da C\u00e2mara Municipal de Vila do<\/p>\n","protected":false},"author":1,"featured_media":51012,"comment_status":"closed","ping_status":"closed","sticky":false,"template":"","format":"standard","meta":{"colormag_page_container_layout":"default_layout","colormag_page_sidebar_layout":"default_layout","_monsterinsights_skip_tracking":false,"_monsterinsights_sitenote_active":false,"_monsterinsights_sitenote_note":"","_monsterinsights_sitenote_category":0,"jetpack_post_was_ever_published":false,"_jetpack_newsletter_access":"","_jetpack_dont_email_post_to_subs":false,"_jetpack_newsletter_tier_id":0,"_jetpack_memberships_contains_paywalled_content":false,"_jetpack_memberships_contains_paid_content":false,"footnotes":"","jetpack_publicize_message":"","jetpack_publicize_feature_enabled":true,"jetpack_social_post_already_shared":true,"jetpack_social_options":{"image_generator_settings":{"template":"highway","default_image_id":0,"font":"","enabled":false},"version":2}},"categories":[11],"tags":[36,62,627,84],"class_list":["post-51011","post","type-post","status-publish","format-standard","has-post-thumbnail","hentry","category-atualidade","tag-algarve","tag-atualidade","tag-budens","tag-vila-do-bispo"],"yoast_head":"<!-- This site is optimized with the Yoast SEO plugin v27.5 - https:\/\/yoast.com\/product\/yoast-seo-wordpress\/ -->\n<title>\u201cBudens e Bar\u00e3o a Brincar\u201d chega \u00e0 4.\u00aa edi\u00e7\u00e3o e d\u00e1 as boas-vindas ao novo BBB Junior - Algarve 7<\/title>\n<meta name=\"description\" content=\"\u201cBudens e Bar\u00e3o a Brincar\u201d chega \u00e0 4.\u00aa edi\u00e7\u00e3o e d\u00e1 as boas-vindas ao novo BBB Junior Atualidade\" \/>\n<meta name=\"robots\" content=\"index, follow, max-snippet:-1, max-image-preview:large, max-video-preview:-1\" \/>\n<link rel=\"canonical\" href=\"https:\/\/algarve7.pt\/index.php\/2025\/05\/budens-e-barao-a-brincar-chega-a-4-a-edicao-e-da-as-boas-vindas-ao-novo-bbb-junior\/atualidade\/13\/44\/\" \/>\n<meta property=\"og:locale\" content=\"pt_PT\" \/>\n<meta property=\"og:type\" content=\"article\" \/>\n<meta property=\"og:title\" content=\"\u201cBudens e Bar\u00e3o a Brincar\u201d chega \u00e0 4.\u00aa edi\u00e7\u00e3o e d\u00e1 as boas-vindas ao novo BBB Junior - Algarve 7\" \/>\n<meta property=\"og:description\" content=\"\u201cBudens e Bar\u00e3o a Brincar\u201d chega \u00e0 4.\u00aa edi\u00e7\u00e3o e d\u00e1 as boas-vindas ao novo BBB Junior Atualidade\" \/>\n<meta property=\"og:url\" content=\"https:\/\/algarve7.pt\/index.php\/2025\/05\/budens-e-barao-a-brincar-chega-a-4-a-edicao-e-da-as-boas-vindas-ao-novo-bbb-junior\/atualidade\/13\/44\/\" \/>\n<meta property=\"og:site_name\" content=\"Algarve 7\" \/>\n<meta property=\"article:publisher\" content=\"https:\/\/www.facebook.com\/algarve7\" \/>\n<meta property=\"article:author\" content=\"https:\/\/www.facebook.com\/algarve7\" \/>\n<meta property=\"article:published_time\" content=\"2025-05-31T12:44:25+00:00\" \/>\n<meta property=\"article:modified_time\" content=\"2025-05-31T12:44:27+00:00\" \/>\n<meta property=\"og:image\" content=\"https:\/\/algarve7.pt\/wp-content\/uploads\/2025\/05\/Captura-de-ecra-2025-05-31-as-13.40.30.png\" \/>\n\t<meta property=\"og:image:width\" content=\"800\" \/>\n\t<meta property=\"og:image:height\" content=\"500\" \/>\n\t<meta property=\"og:image:type\" content=\"image\/png\" \/>\n<meta name=\"author\" content=\"Algarve 7\" \/>\n<meta name=\"twitter:card\" content=\"summary_large_image\" \/>\n<meta name=\"twitter:creator\" content=\"@Algarvesete\" \/>\n<meta name=\"twitter:site\" content=\"@Algarvesete\" \/>\n<meta name=\"twitter:label1\" content=\"Escrito por\" \/>\n\t<meta name=\"twitter:data1\" content=\"Algarve 7\" \/>\n\t<meta name=\"twitter:label2\" content=\"Tempo estimado de leitura\" \/>\n\t<meta name=\"twitter:data2\" content=\"3 minutos\" \/>\n<script type=\"application\/ld+json\" class=\"yoast-schema-graph\">{\"@context\":\"https:\\\/\\\/schema.org\",\"@graph\":[{\"@type\":\"Article\",\"@id\":\"https:\\\/\\\/algarve7.pt\\\/index.php\\\/2025\\\/05\\\/budens-e-barao-a-brincar-chega-a-4-a-edicao-e-da-as-boas-vindas-ao-novo-bbb-junior\\\/atualidade\\\/13\\\/44\\\/#article\",\"isPartOf\":{\"@id\":\"https:\\\/\\\/algarve7.pt\\\/index.php\\\/2025\\\/05\\\/budens-e-barao-a-brincar-chega-a-4-a-edicao-e-da-as-boas-vindas-ao-novo-bbb-junior\\\/atualidade\\\/13\\\/44\\\/\"},\"author\":{\"name\":\"Algarve 7\",\"@id\":\"https:\\\/\\\/algarve7.pt\\\/#\\\/schema\\\/person\\\/23fa70681308e7b319a3204bcea45e0c\"},\"headline\":\"\u201cBudens e Bar\u00e3o a Brincar\u201d chega \u00e0 4.\u00aa edi\u00e7\u00e3o e d\u00e1 as boas-vindas ao novo BBB Junior\",\"datePublished\":\"2025-05-31T12:44:25+00:00\",\"dateModified\":\"2025-05-31T12:44:27+00:00\",\"mainEntityOfPage\":{\"@id\":\"https:\\\/\\\/algarve7.pt\\\/index.php\\\/2025\\\/05\\\/budens-e-barao-a-brincar-chega-a-4-a-edicao-e-da-as-boas-vindas-ao-novo-bbb-junior\\\/atualidade\\\/13\\\/44\\\/\"},\"wordCount\":394,\"publisher\":{\"@id\":\"https:\\\/\\\/algarve7.pt\\\/#organization\"},\"image\":{\"@id\":\"https:\\\/\\\/algarve7.pt\\\/index.php\\\/2025\\\/05\\\/budens-e-barao-a-brincar-chega-a-4-a-edicao-e-da-as-boas-vindas-ao-novo-bbb-junior\\\/atualidade\\\/13\\\/44\\\/#primaryimage\"},\"thumbnailUrl\":\"https:\\\/\\\/algarve7.pt\\\/wp-content\\\/uploads\\\/2025\\\/05\\\/Captura-de-ecra-2025-05-31-as-13.40.30.png\",\"keywords\":[\"Algarve\",\"Atualidade\",\"Budens\",\"Vila do Bispo\"],\"articleSection\":[\"Atualidade\"],\"inLanguage\":\"pt-PT\"},{\"@type\":\"WebPage\",\"@id\":\"https:\\\/\\\/algarve7.pt\\\/index.php\\\/2025\\\/05\\\/budens-e-barao-a-brincar-chega-a-4-a-edicao-e-da-as-boas-vindas-ao-novo-bbb-junior\\\/atualidade\\\/13\\\/44\\\/\",\"url\":\"https:\\\/\\\/algarve7.pt\\\/index.php\\\/2025\\\/05\\\/budens-e-barao-a-brincar-chega-a-4-a-edicao-e-da-as-boas-vindas-ao-novo-bbb-junior\\\/atualidade\\\/13\\\/44\\\/\",\"name\":\"\u201cBudens e Bar\u00e3o a Brincar\u201d chega \u00e0 4.\u00aa edi\u00e7\u00e3o e d\u00e1 as boas-vindas ao novo BBB Junior - Algarve 7\",\"isPartOf\":{\"@id\":\"https:\\\/\\\/algarve7.pt\\\/#website\"},\"primaryImageOfPage\":{\"@id\":\"https:\\\/\\\/algarve7.pt\\\/index.php\\\/2025\\\/05\\\/budens-e-barao-a-brincar-chega-a-4-a-edicao-e-da-as-boas-vindas-ao-novo-bbb-junior\\\/atualidade\\\/13\\\/44\\\/#primaryimage\"},\"image\":{\"@id\":\"https:\\\/\\\/algarve7.pt\\\/index.php\\\/2025\\\/05\\\/budens-e-barao-a-brincar-chega-a-4-a-edicao-e-da-as-boas-vindas-ao-novo-bbb-junior\\\/atualidade\\\/13\\\/44\\\/#primaryimage\"},\"thumbnailUrl\":\"https:\\\/\\\/algarve7.pt\\\/wp-content\\\/uploads\\\/2025\\\/05\\\/Captura-de-ecra-2025-05-31-as-13.40.30.png\",\"datePublished\":\"2025-05-31T12:44:25+00:00\",\"dateModified\":\"2025-05-31T12:44:27+00:00\",\"description\":\"\u201cBudens e Bar\u00e3o a Brincar\u201d chega \u00e0 4.\u00aa edi\u00e7\u00e3o e d\u00e1 as boas-vindas ao novo BBB Junior Atualidade\",\"breadcrumb\":{\"@id\":\"https:\\\/\\\/algarve7.pt\\\/index.php\\\/2025\\\/05\\\/budens-e-barao-a-brincar-chega-a-4-a-edicao-e-da-as-boas-vindas-ao-novo-bbb-junior\\\/atualidade\\\/13\\\/44\\\/#breadcrumb\"},\"inLanguage\":\"pt-PT\",\"potentialAction\":[{\"@type\":\"ReadAction\",\"target\":[\"https:\\\/\\\/algarve7.pt\\\/index.php\\\/2025\\\/05\\\/budens-e-barao-a-brincar-chega-a-4-a-edicao-e-da-as-boas-vindas-ao-novo-bbb-junior\\\/atualidade\\\/13\\\/44\\\/\"]}]},{\"@type\":\"ImageObject\",\"inLanguage\":\"pt-PT\",\"@id\":\"https:\\\/\\\/algarve7.pt\\\/index.php\\\/2025\\\/05\\\/budens-e-barao-a-brincar-chega-a-4-a-edicao-e-da-as-boas-vindas-ao-novo-bbb-junior\\\/atualidade\\\/13\\\/44\\\/#primaryimage\",\"url\":\"https:\\\/\\\/algarve7.pt\\\/wp-content\\\/uploads\\\/2025\\\/05\\\/Captura-de-ecra-2025-05-31-as-13.40.30.png\",\"contentUrl\":\"https:\\\/\\\/algarve7.pt\\\/wp-content\\\/uploads\\\/2025\\\/05\\\/Captura-de-ecra-2025-05-31-as-13.40.30.png\",\"width\":800,\"height\":500},{\"@type\":\"BreadcrumbList\",\"@id\":\"https:\\\/\\\/algarve7.pt\\\/index.php\\\/2025\\\/05\\\/budens-e-barao-a-brincar-chega-a-4-a-edicao-e-da-as-boas-vindas-ao-novo-bbb-junior\\\/atualidade\\\/13\\\/44\\\/#breadcrumb\",\"itemListElement\":[{\"@type\":\"ListItem\",\"position\":1,\"name\":\"In\u00edcio\",\"item\":\"https:\\\/\\\/algarve7.pt\\\/\"},{\"@type\":\"ListItem\",\"position\":2,\"name\":\"\u201cBudens e Bar\u00e3o a Brincar\u201d chega \u00e0 4.\u00aa edi\u00e7\u00e3o e d\u00e1 as boas-vindas ao novo BBB Junior\"}]},{\"@type\":\"WebSite\",\"@id\":\"https:\\\/\\\/algarve7.pt\\\/#website\",\"url\":\"https:\\\/\\\/algarve7.pt\\\/\",\"name\":\"Algarve 7\",\"description\":\"Informa\u00e7\u00e3o sobre o Algarve\",\"publisher\":{\"@id\":\"https:\\\/\\\/algarve7.pt\\\/#organization\"},\"potentialAction\":[{\"@type\":\"SearchAction\",\"target\":{\"@type\":\"EntryPoint\",\"urlTemplate\":\"https:\\\/\\\/algarve7.pt\\\/?s={search_term_string}\"},\"query-input\":{\"@type\":\"PropertyValueSpecification\",\"valueRequired\":true,\"valueName\":\"search_term_string\"}}],\"inLanguage\":\"pt-PT\"},{\"@type\":\"Organization\",\"@id\":\"https:\\\/\\\/algarve7.pt\\\/#organization\",\"name\":\"Algarve 7\",\"url\":\"https:\\\/\\\/algarve7.pt\\\/\",\"logo\":{\"@type\":\"ImageObject\",\"inLanguage\":\"pt-PT\",\"@id\":\"https:\\\/\\\/algarve7.pt\\\/#\\\/schema\\\/logo\\\/image\\\/\",\"url\":\"https:\\\/\\\/algarve7.pt\\\/wp-content\\\/uploads\\\/2020\\\/10\\\/Logo-8.jpg\",\"contentUrl\":\"https:\\\/\\\/algarve7.pt\\\/wp-content\\\/uploads\\\/2020\\\/10\\\/Logo-8.jpg\",\"width\":1680,\"height\":1186,\"caption\":\"Algarve 7\"},\"image\":{\"@id\":\"https:\\\/\\\/algarve7.pt\\\/#\\\/schema\\\/logo\\\/image\\\/\"},\"sameAs\":[\"https:\\\/\\\/www.facebook.com\\\/algarve7\",\"https:\\\/\\\/x.com\\\/Algarvesete\",\"https:\\\/\\\/www.instagram.com\\\/jornalalgarve7\\\/\",\"https:\\\/\\\/www.linkedin.com\\\/company\\\/algarve7\",\"https:\\\/\\\/www.pinterest.pt\\\/geral0939\\\/_created\\\/\"]},{\"@type\":\"Person\",\"@id\":\"https:\\\/\\\/algarve7.pt\\\/#\\\/schema\\\/person\\\/23fa70681308e7b319a3204bcea45e0c\",\"name\":\"Algarve 7\",\"sameAs\":[\"https:\\\/\\\/algarve7.pt\",\"https:\\\/\\\/www.facebook.com\\\/algarve7\"],\"url\":\"https:\\\/\\\/algarve7.pt\\\/index.php\\\/author\\\/geralalgarve7-pt\\\/\"}]}<\/script>\n<!-- \/ Yoast SEO plugin. -->","yoast_head_json":{"title":"\u201cBudens e Bar\u00e3o a Brincar\u201d chega \u00e0 4.\u00aa edi\u00e7\u00e3o e d\u00e1 as boas-vindas ao novo BBB Junior - Algarve 7","description":"\u201cBudens e Bar\u00e3o a Brincar\u201d chega \u00e0 4.\u00aa edi\u00e7\u00e3o e d\u00e1 as boas-vindas ao novo BBB Junior Atualidade","robots":{"index":"index","follow":"follow","max-snippet":"max-snippet:-1","max-image-preview":"max-image-preview:large","max-video-preview":"max-video-preview:-1"},"canonical":"https:\/\/algarve7.pt\/index.php\/2025\/05\/budens-e-barao-a-brincar-chega-a-4-a-edicao-e-da-as-boas-vindas-ao-novo-bbb-junior\/atualidade\/13\/44\/","og_locale":"pt_PT","og_type":"article","og_title":"\u201cBudens e Bar\u00e3o a Brincar\u201d chega \u00e0 4.\u00aa edi\u00e7\u00e3o e d\u00e1 as boas-vindas ao novo BBB Junior - Algarve 7","og_description":"\u201cBudens e Bar\u00e3o a Brincar\u201d chega \u00e0 4.\u00aa edi\u00e7\u00e3o e d\u00e1 as boas-vindas ao novo BBB Junior Atualidade","og_url":"https:\/\/algarve7.pt\/index.php\/2025\/05\/budens-e-barao-a-brincar-chega-a-4-a-edicao-e-da-as-boas-vindas-ao-novo-bbb-junior\/atualidade\/13\/44\/","og_site_name":"Algarve 7","article_publisher":"https:\/\/www.facebook.com\/algarve7","article_author":"https:\/\/www.facebook.com\/algarve7","article_published_time":"2025-05-31T12:44:25+00:00","article_modified_time":"2025-05-31T12:44:27+00:00","og_image":[{"width":800,"height":500,"url":"https:\/\/algarve7.pt\/wp-content\/uploads\/2025\/05\/Captura-de-ecra-2025-05-31-as-13.40.30.png","type":"image\/png"}],"author":"Algarve 7","twitter_card":"summary_large_image","twitter_creator":"@Algarvesete","twitter_site":"@Algarvesete","twitter_misc":{"Escrito por":"Algarve 7","Tempo estimado de leitura":"3 minutos"},"schema":{"@context":"https:\/\/schema.org","@graph":[{"@type":"Article","@id":"https:\/\/algarve7.pt\/index.php\/2025\/05\/budens-e-barao-a-brincar-chega-a-4-a-edicao-e-da-as-boas-vindas-ao-novo-bbb-junior\/atualidade\/13\/44\/#article","isPartOf":{"@id":"https:\/\/algarve7.pt\/index.php\/2025\/05\/budens-e-barao-a-brincar-chega-a-4-a-edicao-e-da-as-boas-vindas-ao-novo-bbb-junior\/atualidade\/13\/44\/"},"author":{"name":"Algarve 7","@id":"https:\/\/algarve7.pt\/#\/schema\/person\/23fa70681308e7b319a3204bcea45e0c"},"headline":"\u201cBudens e Bar\u00e3o a Brincar\u201d chega \u00e0 4.\u00aa edi\u00e7\u00e3o e d\u00e1 as boas-vindas ao novo BBB Junior","datePublished":"2025-05-31T12:44:25+00:00","dateModified":"2025-05-31T12:44:27+00:00","mainEntityOfPage":{"@id":"https:\/\/algarve7.pt\/index.php\/2025\/05\/budens-e-barao-a-brincar-chega-a-4-a-edicao-e-da-as-boas-vindas-ao-novo-bbb-junior\/atualidade\/13\/44\/"},"wordCount":394,"publisher":{"@id":"https:\/\/algarve7.pt\/#organization"},"image":{"@id":"https:\/\/algarve7.pt\/index.php\/2025\/05\/budens-e-barao-a-brincar-chega-a-4-a-edicao-e-da-as-boas-vindas-ao-novo-bbb-junior\/atualidade\/13\/44\/#primaryimage"},"thumbnailUrl":"https:\/\/algarve7.pt\/wp-content\/uploads\/2025\/05\/Captura-de-ecra-2025-05-31-as-13.40.30.png","keywords":["Algarve","Atualidade","Budens","Vila do Bispo"],"articleSection":["Atualidade"],"inLanguage":"pt-PT"},{"@type":"WebPage","@id":"https:\/\/algarve7.pt\/index.php\/2025\/05\/budens-e-barao-a-brincar-chega-a-4-a-edicao-e-da-as-boas-vindas-ao-novo-bbb-junior\/atualidade\/13\/44\/","url":"https:\/\/algarve7.pt\/index.php\/2025\/05\/budens-e-barao-a-brincar-chega-a-4-a-edicao-e-da-as-boas-vindas-ao-novo-bbb-junior\/atualidade\/13\/44\/","name":"\u201cBudens e Bar\u00e3o a Brincar\u201d chega \u00e0 4.\u00aa edi\u00e7\u00e3o e d\u00e1 as boas-vindas ao novo BBB Junior - Algarve 7","isPartOf":{"@id":"https:\/\/algarve7.pt\/#website"},"primaryImageOfPage":{"@id":"https:\/\/algarve7.pt\/index.php\/2025\/05\/budens-e-barao-a-brincar-chega-a-4-a-edicao-e-da-as-boas-vindas-ao-novo-bbb-junior\/atualidade\/13\/44\/#primaryimage"},"image":{"@id":"https:\/\/algarve7.pt\/index.php\/2025\/05\/budens-e-barao-a-brincar-chega-a-4-a-edicao-e-da-as-boas-vindas-ao-novo-bbb-junior\/atualidade\/13\/44\/#primaryimage"},"thumbnailUrl":"https:\/\/algarve7.pt\/wp-content\/uploads\/2025\/05\/Captura-de-ecra-2025-05-31-as-13.40.30.png","datePublished":"2025-05-31T12:44:25+00:00","dateModified":"2025-05-31T12:44:27+00:00","description":"\u201cBudens e Bar\u00e3o a Brincar\u201d chega \u00e0 4.\u00aa edi\u00e7\u00e3o e d\u00e1 as boas-vindas ao novo BBB Junior Atualidade","breadcrumb":{"@id":"https:\/\/algarve7.pt\/index.php\/2025\/05\/budens-e-barao-a-brincar-chega-a-4-a-edicao-e-da-as-boas-vindas-ao-novo-bbb-junior\/atualidade\/13\/44\/#breadcrumb"},"inLanguage":"pt-PT","potentialAction":[{"@type":"ReadAction","target":["https:\/\/algarve7.pt\/index.php\/2025\/05\/budens-e-barao-a-brincar-chega-a-4-a-edicao-e-da-as-boas-vindas-ao-novo-bbb-junior\/atualidade\/13\/44\/"]}]},{"@type":"ImageObject","inLanguage":"pt-PT","@id":"https:\/\/algarve7.pt\/index.php\/2025\/05\/budens-e-barao-a-brincar-chega-a-4-a-edicao-e-da-as-boas-vindas-ao-novo-bbb-junior\/atualidade\/13\/44\/#primaryimage","url":"https:\/\/algarve7.pt\/wp-content\/uploads\/2025\/05\/Captura-de-ecra-2025-05-31-as-13.40.30.png","contentUrl":"https:\/\/algarve7.pt\/wp-content\/uploads\/2025\/05\/Captura-de-ecra-2025-05-31-as-13.40.30.png","width":800,"height":500},{"@type":"BreadcrumbList","@id":"https:\/\/algarve7.pt\/index.php\/2025\/05\/budens-e-barao-a-brincar-chega-a-4-a-edicao-e-da-as-boas-vindas-ao-novo-bbb-junior\/atualidade\/13\/44\/#breadcrumb","itemListElement":[{"@type":"ListItem","position":1,"name":"In\u00edcio","item":"https:\/\/algarve7.pt\/"},{"@type":"ListItem","position":2,"name":"\u201cBudens e Bar\u00e3o a Brincar\u201d chega \u00e0 4.\u00aa edi\u00e7\u00e3o e d\u00e1 as boas-vindas ao novo BBB Junior"}]},{"@type":"WebSite","@id":"https:\/\/algarve7.pt\/#website","url":"https:\/\/algarve7.pt\/","name":"Algarve 7","description":"Informa\u00e7\u00e3o sobre o Algarve","publisher":{"@id":"https:\/\/algarve7.pt\/#organization"},"potentialAction":[{"@type":"SearchAction","target":{"@type":"EntryPoint","urlTemplate":"https:\/\/algarve7.pt\/?s={search_term_string}"},"query-input":{"@type":"PropertyValueSpecification","valueRequired":true,"valueName":"search_term_string"}}],"inLanguage":"pt-PT"},{"@type":"Organization","@id":"https:\/\/algarve7.pt\/#organization","name":"Algarve 7","url":"https:\/\/algarve7.pt\/","logo":{"@type":"ImageObject","inLanguage":"pt-PT","@id":"https:\/\/algarve7.pt\/#\/schema\/logo\/image\/","url":"https:\/\/algarve7.pt\/wp-content\/uploads\/2020\/10\/Logo-8.jpg","contentUrl":"https:\/\/algarve7.pt\/wp-content\/uploads\/2020\/10\/Logo-8.jpg","width":1680,"height":1186,"caption":"Algarve 7"},"image":{"@id":"https:\/\/algarve7.pt\/#\/schema\/logo\/image\/"},"sameAs":["https:\/\/www.facebook.com\/algarve7","https:\/\/x.com\/Algarvesete","https:\/\/www.instagram.com\/jornalalgarve7\/","https:\/\/www.linkedin.com\/company\/algarve7","https:\/\/www.pinterest.pt\/geral0939\/_created\/"]},{"@type":"Person","@id":"https:\/\/algarve7.pt\/#\/schema\/person\/23fa70681308e7b319a3204bcea45e0c","name":"Algarve 7","sameAs":["https:\/\/algarve7.pt","https:\/\/www.facebook.com\/algarve7"],"url":"https:\/\/algarve7.pt\/index.php\/author\/geralalgarve7-pt\/"}]}},"jetpack_publicize_connections":[],"jetpack_featured_media_url":"https:\/\/algarve7.pt\/wp-content\/uploads\/2025\/05\/Captura-de-ecra-2025-05-31-as-13.40.30.png","jetpack_shortlink":"https:\/\/wp.me\/pcezmW-dgL","jetpack_sharing_enabled":true,"_links":{"self":[{"href":"https:\/\/algarve7.pt\/index.php\/wp-json\/wp\/v2\/posts\/51011","targetHints":{"allow":["GET"]}}],"collection":[{"href":"https:\/\/algarve7.pt\/index.php\/wp-json\/wp\/v2\/posts"}],"about":[{"href":"https:\/\/algarve7.pt\/index.php\/wp-json\/wp\/v2\/types\/post"}],"author":[{"embeddable":true,"href":"https:\/\/algarve7.pt\/index.php\/wp-json\/wp\/v2\/users\/1"}],"replies":[{"embeddable":true,"href":"https:\/\/algarve7.pt\/index.php\/wp-json\/wp\/v2\/comments?post=51011"}],"version-history":[{"count":0,"href":"https:\/\/algarve7.pt\/index.php\/wp-json\/wp\/v2\/posts\/51011\/revisions"}],"wp:featuredmedia":[{"embeddable":true,"href":"https:\/\/algarve7.pt\/index.php\/wp-json\/wp\/v2\/media\/51012"}],"wp:attachment":[{"href":"https:\/\/algarve7.pt\/index.php\/wp-json\/wp\/v2\/media?parent=51011"}],"wp:term":[{"taxonomy":"category","embeddable":true,"href":"https:\/\/algarve7.pt\/index.php\/wp-json\/wp\/v2\/categories?post=51011"},{"taxonomy":"post_tag","embeddable":true,"href":"https:\/\/algarve7.pt\/index.php\/wp-json\/wp\/v2\/tags?post=51011"}],"curies":[{"name":"wp","href":"https:\/\/api.w.org\/{rel}","templated":true}]}}