{"id":50996,"date":"2025-06-01T10:20:00","date_gmt":"2025-06-01T09:20:00","guid":{"rendered":"https:\/\/algarve7.pt\/?p=50996"},"modified":"2025-05-31T13:21:51","modified_gmt":"2025-05-31T12:21:51","slug":"albufeira-assinala-dia-da-espiga-com-atividades-direcionadas-as-criancas-e-idosos","status":"publish","type":"post","link":"https:\/\/algarve7.pt\/index.php\/2025\/06\/albufeira-assinala-dia-da-espiga-com-atividades-direcionadas-as-criancas-e-idosos\/cultura\/10\/20\/","title":{"rendered":"Albufeira assinala dia da espiga com atividades direcionadas \u00e0s crian\u00e7as e idosos"},"content":{"rendered":"\n<p>Como manda a tradi\u00e7\u00e3o, Albufeira voltou a assinalar a Quinta-Feira de Ascens\u00e3o. O dia 29 de maio foi marcado pela realiza\u00e7\u00e3o de v\u00e1rias atividades, que juntaram crian\u00e7as e idosos. O Centro Educativo do Cerro d\u2019Ouro recebeu dezenas de pessoas, que ao longo do dia celebraram a ocasi\u00e3o atrav\u00e9s de um conjunto de atividades l\u00fadicas. A iniciativa foi organizada pelo Munic\u00edpio de Albufeira, com o objetivo de promover o conv\u00edvio entre diferentes gera\u00e7\u00f5es.<\/p>\n\n\n\n<p>O dia come\u00e7ou com uma caminhada pelas imedia\u00e7\u00f5es do Centro, onde os participantes foram convidados a colher os diferentes elementos que comp\u00f5em o Ramo da Espiga. De acordo com a tradi\u00e7\u00e3o, as espigas de trigo representam o p\u00e3o, o malmequer branco simboliza a paz, enquanto o amarelo refere-se ao ouro e prata. Por sua vez, a papoila representa o amor, a flor de rom\u00e3zeira a vida, o raminho de oliveira o azeite, e o alecrim a sa\u00fade e for\u00e7a.<\/p>\n\n\n\n<p>Durante o resto da manh\u00e3, foram-se desenvolvendo v\u00e1rias atividades, como a constru\u00e7\u00e3o de valados de pedra, e demonstra\u00e7\u00f5es de confe\u00e7\u00e3o de Sapatos de Ourelo, bem como de p\u00e3o em forno de lenha. Destaque tamb\u00e9m para a atua\u00e7\u00e3o de utentes do Clube Av\u00f4, que levaram at\u00e9 ao Centro um grupo de dan\u00e7as do mundo, e outro de cantares tradicionais.<\/p>\n\n\n\n<p>O presidente da C\u00e2mara Municipal de Albufeira tamb\u00e9m participou nas celebra\u00e7\u00f5es do Dia da Espiga. Numa curta interven\u00e7\u00e3o, Jos\u00e9 Carlos Rolo salientou a import\u00e2ncia de \u201cpromover momentos l\u00fadicos de conv\u00edvio, como forma de celebrar as tradi\u00e7\u00f5es\u201d. O autarca real\u00e7ou ainda o \u201cempenho do Munic\u00edpio em promover iniciativas que se centram na intera\u00e7\u00e3o entre pessoas de diferentes gera\u00e7\u00f5es\u201d.<\/p>\n\n\n\n<p>As atividades do Dia da Espiga reuniram utentes de institui\u00e7\u00f5es como o Centro de Dia do Rossio da Associa\u00e7\u00e3o Humanit\u00e1ria Solidariedade de Albufeira, da Funda\u00e7\u00e3o Ant\u00f3nio Silva Leal, e do Centro Paroquial de Paderne. Participaram tamb\u00e9m alunos do Jardim de Inf\u00e2ncia de Ferreiras, e da EB1 dos Cali\u00e7os.<\/p>\n\n\n\n<p>Durante o almo\u00e7o, a anima\u00e7\u00e3o musical esteve a cargo de Valter Cabrita, que trouxe a palco uma sele\u00e7\u00e3o de temas de Baile. Antes do encerramento do evento, houve ainda tempo para a sess\u00e3o \u201cLevanta-te e Dan\u00e7a\u201d.<\/p>\n\n\n\n<p>O Dia da Espiga realiza-se 40 dias ap\u00f3s a P\u00e1scoa, e serve, segundo a tradi\u00e7\u00e3o cat\u00f3lica, para celebrar a ressurrei\u00e7\u00e3o de Jesus Cristo. Em 2025, a efem\u00e9ride assinalou-se no dia 29 de maio.<\/p>\n","protected":false},"excerpt":{"rendered":"<p>Como manda a tradi\u00e7\u00e3o, Albufeira voltou a assinalar a Quinta-Feira de Ascens\u00e3o. O dia 29 de maio foi marcado pela<\/p>\n","protected":false},"author":1,"featured_media":50997,"comment_status":"closed","ping_status":"closed","sticky":false,"template":"","format":"standard","meta":{"colormag_page_container_layout":"default_layout","colormag_page_sidebar_layout":"default_layout","_monsterinsights_skip_tracking":false,"_monsterinsights_sitenote_active":false,"_monsterinsights_sitenote_note":"","_monsterinsights_sitenote_category":0,"jetpack_post_was_ever_published":false,"_jetpack_newsletter_access":"","_jetpack_dont_email_post_to_subs":false,"_jetpack_newsletter_tier_id":0,"_jetpack_memberships_contains_paywalled_content":false,"_jetpack_memberships_contains_paid_content":false,"footnotes":"","jetpack_publicize_message":"","jetpack_publicize_feature_enabled":true,"jetpack_social_post_already_shared":true,"jetpack_social_options":{"image_generator_settings":{"template":"highway","default_image_id":0,"font":"","enabled":false},"version":2}},"categories":[14],"tags":[155,36,35],"class_list":["post-50996","post","type-post","status-publish","format-standard","has-post-thumbnail","hentry","category-cultura","tag-albufeira","tag-algarve","tag-cultura"],"yoast_head":"<!-- This site is optimized with the Yoast SEO plugin v27.5 - https:\/\/yoast.com\/product\/yoast-seo-wordpress\/ -->\n<title>Albufeira assinala dia da espiga com atividades direcionadas \u00e0s crian\u00e7as e idosos - Algarve 7<\/title>\n<meta name=\"description\" content=\"Albufeira assinala dia da espiga com atividades direcionadas \u00e0s crian\u00e7as e idosos Cultura\" \/>\n<meta name=\"robots\" content=\"index, follow, max-snippet:-1, max-image-preview:large, max-video-preview:-1\" \/>\n<link rel=\"canonical\" href=\"https:\/\/algarve7.pt\/index.php\/2025\/06\/albufeira-assinala-dia-da-espiga-com-atividades-direcionadas-as-criancas-e-idosos\/cultura\/10\/20\/\" \/>\n<meta property=\"og:locale\" content=\"pt_PT\" \/>\n<meta property=\"og:type\" content=\"article\" \/>\n<meta property=\"og:title\" content=\"Albufeira assinala dia da espiga com atividades direcionadas \u00e0s crian\u00e7as e idosos - Algarve 7\" \/>\n<meta property=\"og:description\" content=\"Albufeira assinala dia da espiga com atividades direcionadas \u00e0s crian\u00e7as e idosos Cultura\" \/>\n<meta property=\"og:url\" content=\"https:\/\/algarve7.pt\/index.php\/2025\/06\/albufeira-assinala-dia-da-espiga-com-atividades-direcionadas-as-criancas-e-idosos\/cultura\/10\/20\/\" \/>\n<meta property=\"og:site_name\" content=\"Algarve 7\" \/>\n<meta property=\"article:publisher\" content=\"https:\/\/www.facebook.com\/algarve7\" \/>\n<meta property=\"article:author\" content=\"https:\/\/www.facebook.com\/algarve7\" \/>\n<meta property=\"article:published_time\" content=\"2025-06-01T09:20:00+00:00\" \/>\n<meta property=\"og:image\" content=\"https:\/\/algarve7.pt\/wp-content\/uploads\/2025\/05\/IMG_9154.jpg\" \/>\n\t<meta property=\"og:image:width\" content=\"800\" \/>\n\t<meta property=\"og:image:height\" content=\"500\" \/>\n\t<meta property=\"og:image:type\" content=\"image\/jpeg\" \/>\n<meta name=\"author\" content=\"Algarve 7\" \/>\n<meta name=\"twitter:card\" content=\"summary_large_image\" \/>\n<meta name=\"twitter:creator\" content=\"@Algarvesete\" \/>\n<meta name=\"twitter:site\" content=\"@Algarvesete\" \/>\n<meta name=\"twitter:label1\" content=\"Escrito por\" \/>\n\t<meta name=\"twitter:data1\" content=\"Algarve 7\" \/>\n\t<meta name=\"twitter:label2\" content=\"Tempo estimado de leitura\" \/>\n\t<meta name=\"twitter:data2\" content=\"3 minutos\" \/>\n<script type=\"application\/ld+json\" class=\"yoast-schema-graph\">{\"@context\":\"https:\\\/\\\/schema.org\",\"@graph\":[{\"@type\":\"Article\",\"@id\":\"https:\\\/\\\/algarve7.pt\\\/index.php\\\/2025\\\/06\\\/albufeira-assinala-dia-da-espiga-com-atividades-direcionadas-as-criancas-e-idosos\\\/cultura\\\/10\\\/20\\\/#article\",\"isPartOf\":{\"@id\":\"https:\\\/\\\/algarve7.pt\\\/index.php\\\/2025\\\/06\\\/albufeira-assinala-dia-da-espiga-com-atividades-direcionadas-as-criancas-e-idosos\\\/cultura\\\/10\\\/20\\\/\"},\"author\":{\"name\":\"Algarve 7\",\"@id\":\"https:\\\/\\\/algarve7.pt\\\/#\\\/schema\\\/person\\\/23fa70681308e7b319a3204bcea45e0c\"},\"headline\":\"Albufeira assinala dia da espiga com atividades direcionadas \u00e0s crian\u00e7as e idosos\",\"datePublished\":\"2025-06-01T09:20:00+00:00\",\"mainEntityOfPage\":{\"@id\":\"https:\\\/\\\/algarve7.pt\\\/index.php\\\/2025\\\/06\\\/albufeira-assinala-dia-da-espiga-com-atividades-direcionadas-as-criancas-e-idosos\\\/cultura\\\/10\\\/20\\\/\"},\"wordCount\":451,\"publisher\":{\"@id\":\"https:\\\/\\\/algarve7.pt\\\/#organization\"},\"image\":{\"@id\":\"https:\\\/\\\/algarve7.pt\\\/index.php\\\/2025\\\/06\\\/albufeira-assinala-dia-da-espiga-com-atividades-direcionadas-as-criancas-e-idosos\\\/cultura\\\/10\\\/20\\\/#primaryimage\"},\"thumbnailUrl\":\"https:\\\/\\\/algarve7.pt\\\/wp-content\\\/uploads\\\/2025\\\/05\\\/IMG_9154.jpg\",\"keywords\":[\"Albufeira\",\"Algarve\",\"Cultura\"],\"articleSection\":[\"Cultura\"],\"inLanguage\":\"pt-PT\"},{\"@type\":\"WebPage\",\"@id\":\"https:\\\/\\\/algarve7.pt\\\/index.php\\\/2025\\\/06\\\/albufeira-assinala-dia-da-espiga-com-atividades-direcionadas-as-criancas-e-idosos\\\/cultura\\\/10\\\/20\\\/\",\"url\":\"https:\\\/\\\/algarve7.pt\\\/index.php\\\/2025\\\/06\\\/albufeira-assinala-dia-da-espiga-com-atividades-direcionadas-as-criancas-e-idosos\\\/cultura\\\/10\\\/20\\\/\",\"name\":\"Albufeira assinala dia da espiga com atividades direcionadas \u00e0s crian\u00e7as e idosos - Algarve 7\",\"isPartOf\":{\"@id\":\"https:\\\/\\\/algarve7.pt\\\/#website\"},\"primaryImageOfPage\":{\"@id\":\"https:\\\/\\\/algarve7.pt\\\/index.php\\\/2025\\\/06\\\/albufeira-assinala-dia-da-espiga-com-atividades-direcionadas-as-criancas-e-idosos\\\/cultura\\\/10\\\/20\\\/#primaryimage\"},\"image\":{\"@id\":\"https:\\\/\\\/algarve7.pt\\\/index.php\\\/2025\\\/06\\\/albufeira-assinala-dia-da-espiga-com-atividades-direcionadas-as-criancas-e-idosos\\\/cultura\\\/10\\\/20\\\/#primaryimage\"},\"thumbnailUrl\":\"https:\\\/\\\/algarve7.pt\\\/wp-content\\\/uploads\\\/2025\\\/05\\\/IMG_9154.jpg\",\"datePublished\":\"2025-06-01T09:20:00+00:00\",\"description\":\"Albufeira assinala dia da espiga com atividades direcionadas \u00e0s crian\u00e7as e idosos Cultura\",\"breadcrumb\":{\"@id\":\"https:\\\/\\\/algarve7.pt\\\/index.php\\\/2025\\\/06\\\/albufeira-assinala-dia-da-espiga-com-atividades-direcionadas-as-criancas-e-idosos\\\/cultura\\\/10\\\/20\\\/#breadcrumb\"},\"inLanguage\":\"pt-PT\",\"potentialAction\":[{\"@type\":\"ReadAction\",\"target\":[\"https:\\\/\\\/algarve7.pt\\\/index.php\\\/2025\\\/06\\\/albufeira-assinala-dia-da-espiga-com-atividades-direcionadas-as-criancas-e-idosos\\\/cultura\\\/10\\\/20\\\/\"]}]},{\"@type\":\"ImageObject\",\"inLanguage\":\"pt-PT\",\"@id\":\"https:\\\/\\\/algarve7.pt\\\/index.php\\\/2025\\\/06\\\/albufeira-assinala-dia-da-espiga-com-atividades-direcionadas-as-criancas-e-idosos\\\/cultura\\\/10\\\/20\\\/#primaryimage\",\"url\":\"https:\\\/\\\/algarve7.pt\\\/wp-content\\\/uploads\\\/2025\\\/05\\\/IMG_9154.jpg\",\"contentUrl\":\"https:\\\/\\\/algarve7.pt\\\/wp-content\\\/uploads\\\/2025\\\/05\\\/IMG_9154.jpg\",\"width\":800,\"height\":500},{\"@type\":\"BreadcrumbList\",\"@id\":\"https:\\\/\\\/algarve7.pt\\\/index.php\\\/2025\\\/06\\\/albufeira-assinala-dia-da-espiga-com-atividades-direcionadas-as-criancas-e-idosos\\\/cultura\\\/10\\\/20\\\/#breadcrumb\",\"itemListElement\":[{\"@type\":\"ListItem\",\"position\":1,\"name\":\"In\u00edcio\",\"item\":\"https:\\\/\\\/algarve7.pt\\\/\"},{\"@type\":\"ListItem\",\"position\":2,\"name\":\"Albufeira assinala dia da espiga com atividades direcionadas \u00e0s crian\u00e7as e idosos\"}]},{\"@type\":\"WebSite\",\"@id\":\"https:\\\/\\\/algarve7.pt\\\/#website\",\"url\":\"https:\\\/\\\/algarve7.pt\\\/\",\"name\":\"Algarve 7\",\"description\":\"Informa\u00e7\u00e3o sobre o Algarve\",\"publisher\":{\"@id\":\"https:\\\/\\\/algarve7.pt\\\/#organization\"},\"potentialAction\":[{\"@type\":\"SearchAction\",\"target\":{\"@type\":\"EntryPoint\",\"urlTemplate\":\"https:\\\/\\\/algarve7.pt\\\/?s={search_term_string}\"},\"query-input\":{\"@type\":\"PropertyValueSpecification\",\"valueRequired\":true,\"valueName\":\"search_term_string\"}}],\"inLanguage\":\"pt-PT\"},{\"@type\":\"Organization\",\"@id\":\"https:\\\/\\\/algarve7.pt\\\/#organization\",\"name\":\"Algarve 7\",\"url\":\"https:\\\/\\\/algarve7.pt\\\/\",\"logo\":{\"@type\":\"ImageObject\",\"inLanguage\":\"pt-PT\",\"@id\":\"https:\\\/\\\/algarve7.pt\\\/#\\\/schema\\\/logo\\\/image\\\/\",\"url\":\"https:\\\/\\\/algarve7.pt\\\/wp-content\\\/uploads\\\/2020\\\/10\\\/Logo-8.jpg\",\"contentUrl\":\"https:\\\/\\\/algarve7.pt\\\/wp-content\\\/uploads\\\/2020\\\/10\\\/Logo-8.jpg\",\"width\":1680,\"height\":1186,\"caption\":\"Algarve 7\"},\"image\":{\"@id\":\"https:\\\/\\\/algarve7.pt\\\/#\\\/schema\\\/logo\\\/image\\\/\"},\"sameAs\":[\"https:\\\/\\\/www.facebook.com\\\/algarve7\",\"https:\\\/\\\/x.com\\\/Algarvesete\",\"https:\\\/\\\/www.instagram.com\\\/jornalalgarve7\\\/\",\"https:\\\/\\\/www.linkedin.com\\\/company\\\/algarve7\",\"https:\\\/\\\/www.pinterest.pt\\\/geral0939\\\/_created\\\/\"]},{\"@type\":\"Person\",\"@id\":\"https:\\\/\\\/algarve7.pt\\\/#\\\/schema\\\/person\\\/23fa70681308e7b319a3204bcea45e0c\",\"name\":\"Algarve 7\",\"sameAs\":[\"https:\\\/\\\/algarve7.pt\",\"https:\\\/\\\/www.facebook.com\\\/algarve7\"],\"url\":\"https:\\\/\\\/algarve7.pt\\\/index.php\\\/author\\\/geralalgarve7-pt\\\/\"}]}<\/script>\n<!-- \/ Yoast SEO plugin. -->","yoast_head_json":{"title":"Albufeira assinala dia da espiga com atividades direcionadas \u00e0s crian\u00e7as e idosos - Algarve 7","description":"Albufeira assinala dia da espiga com atividades direcionadas \u00e0s crian\u00e7as e idosos Cultura","robots":{"index":"index","follow":"follow","max-snippet":"max-snippet:-1","max-image-preview":"max-image-preview:large","max-video-preview":"max-video-preview:-1"},"canonical":"https:\/\/algarve7.pt\/index.php\/2025\/06\/albufeira-assinala-dia-da-espiga-com-atividades-direcionadas-as-criancas-e-idosos\/cultura\/10\/20\/","og_locale":"pt_PT","og_type":"article","og_title":"Albufeira assinala dia da espiga com atividades direcionadas \u00e0s crian\u00e7as e idosos - Algarve 7","og_description":"Albufeira assinala dia da espiga com atividades direcionadas \u00e0s crian\u00e7as e idosos Cultura","og_url":"https:\/\/algarve7.pt\/index.php\/2025\/06\/albufeira-assinala-dia-da-espiga-com-atividades-direcionadas-as-criancas-e-idosos\/cultura\/10\/20\/","og_site_name":"Algarve 7","article_publisher":"https:\/\/www.facebook.com\/algarve7","article_author":"https:\/\/www.facebook.com\/algarve7","article_published_time":"2025-06-01T09:20:00+00:00","og_image":[{"width":800,"height":500,"url":"https:\/\/algarve7.pt\/wp-content\/uploads\/2025\/05\/IMG_9154.jpg","type":"image\/jpeg"}],"author":"Algarve 7","twitter_card":"summary_large_image","twitter_creator":"@Algarvesete","twitter_site":"@Algarvesete","twitter_misc":{"Escrito por":"Algarve 7","Tempo estimado de leitura":"3 minutos"},"schema":{"@context":"https:\/\/schema.org","@graph":[{"@type":"Article","@id":"https:\/\/algarve7.pt\/index.php\/2025\/06\/albufeira-assinala-dia-da-espiga-com-atividades-direcionadas-as-criancas-e-idosos\/cultura\/10\/20\/#article","isPartOf":{"@id":"https:\/\/algarve7.pt\/index.php\/2025\/06\/albufeira-assinala-dia-da-espiga-com-atividades-direcionadas-as-criancas-e-idosos\/cultura\/10\/20\/"},"author":{"name":"Algarve 7","@id":"https:\/\/algarve7.pt\/#\/schema\/person\/23fa70681308e7b319a3204bcea45e0c"},"headline":"Albufeira assinala dia da espiga com atividades direcionadas \u00e0s crian\u00e7as e idosos","datePublished":"2025-06-01T09:20:00+00:00","mainEntityOfPage":{"@id":"https:\/\/algarve7.pt\/index.php\/2025\/06\/albufeira-assinala-dia-da-espiga-com-atividades-direcionadas-as-criancas-e-idosos\/cultura\/10\/20\/"},"wordCount":451,"publisher":{"@id":"https:\/\/algarve7.pt\/#organization"},"image":{"@id":"https:\/\/algarve7.pt\/index.php\/2025\/06\/albufeira-assinala-dia-da-espiga-com-atividades-direcionadas-as-criancas-e-idosos\/cultura\/10\/20\/#primaryimage"},"thumbnailUrl":"https:\/\/algarve7.pt\/wp-content\/uploads\/2025\/05\/IMG_9154.jpg","keywords":["Albufeira","Algarve","Cultura"],"articleSection":["Cultura"],"inLanguage":"pt-PT"},{"@type":"WebPage","@id":"https:\/\/algarve7.pt\/index.php\/2025\/06\/albufeira-assinala-dia-da-espiga-com-atividades-direcionadas-as-criancas-e-idosos\/cultura\/10\/20\/","url":"https:\/\/algarve7.pt\/index.php\/2025\/06\/albufeira-assinala-dia-da-espiga-com-atividades-direcionadas-as-criancas-e-idosos\/cultura\/10\/20\/","name":"Albufeira assinala dia da espiga com atividades direcionadas \u00e0s crian\u00e7as e idosos - Algarve 7","isPartOf":{"@id":"https:\/\/algarve7.pt\/#website"},"primaryImageOfPage":{"@id":"https:\/\/algarve7.pt\/index.php\/2025\/06\/albufeira-assinala-dia-da-espiga-com-atividades-direcionadas-as-criancas-e-idosos\/cultura\/10\/20\/#primaryimage"},"image":{"@id":"https:\/\/algarve7.pt\/index.php\/2025\/06\/albufeira-assinala-dia-da-espiga-com-atividades-direcionadas-as-criancas-e-idosos\/cultura\/10\/20\/#primaryimage"},"thumbnailUrl":"https:\/\/algarve7.pt\/wp-content\/uploads\/2025\/05\/IMG_9154.jpg","datePublished":"2025-06-01T09:20:00+00:00","description":"Albufeira assinala dia da espiga com atividades direcionadas \u00e0s crian\u00e7as e idosos Cultura","breadcrumb":{"@id":"https:\/\/algarve7.pt\/index.php\/2025\/06\/albufeira-assinala-dia-da-espiga-com-atividades-direcionadas-as-criancas-e-idosos\/cultura\/10\/20\/#breadcrumb"},"inLanguage":"pt-PT","potentialAction":[{"@type":"ReadAction","target":["https:\/\/algarve7.pt\/index.php\/2025\/06\/albufeira-assinala-dia-da-espiga-com-atividades-direcionadas-as-criancas-e-idosos\/cultura\/10\/20\/"]}]},{"@type":"ImageObject","inLanguage":"pt-PT","@id":"https:\/\/algarve7.pt\/index.php\/2025\/06\/albufeira-assinala-dia-da-espiga-com-atividades-direcionadas-as-criancas-e-idosos\/cultura\/10\/20\/#primaryimage","url":"https:\/\/algarve7.pt\/wp-content\/uploads\/2025\/05\/IMG_9154.jpg","contentUrl":"https:\/\/algarve7.pt\/wp-content\/uploads\/2025\/05\/IMG_9154.jpg","width":800,"height":500},{"@type":"BreadcrumbList","@id":"https:\/\/algarve7.pt\/index.php\/2025\/06\/albufeira-assinala-dia-da-espiga-com-atividades-direcionadas-as-criancas-e-idosos\/cultura\/10\/20\/#breadcrumb","itemListElement":[{"@type":"ListItem","position":1,"name":"In\u00edcio","item":"https:\/\/algarve7.pt\/"},{"@type":"ListItem","position":2,"name":"Albufeira assinala dia da espiga com atividades direcionadas \u00e0s crian\u00e7as e idosos"}]},{"@type":"WebSite","@id":"https:\/\/algarve7.pt\/#website","url":"https:\/\/algarve7.pt\/","name":"Algarve 7","description":"Informa\u00e7\u00e3o sobre o Algarve","publisher":{"@id":"https:\/\/algarve7.pt\/#organization"},"potentialAction":[{"@type":"SearchAction","target":{"@type":"EntryPoint","urlTemplate":"https:\/\/algarve7.pt\/?s={search_term_string}"},"query-input":{"@type":"PropertyValueSpecification","valueRequired":true,"valueName":"search_term_string"}}],"inLanguage":"pt-PT"},{"@type":"Organization","@id":"https:\/\/algarve7.pt\/#organization","name":"Algarve 7","url":"https:\/\/algarve7.pt\/","logo":{"@type":"ImageObject","inLanguage":"pt-PT","@id":"https:\/\/algarve7.pt\/#\/schema\/logo\/image\/","url":"https:\/\/algarve7.pt\/wp-content\/uploads\/2020\/10\/Logo-8.jpg","contentUrl":"https:\/\/algarve7.pt\/wp-content\/uploads\/2020\/10\/Logo-8.jpg","width":1680,"height":1186,"caption":"Algarve 7"},"image":{"@id":"https:\/\/algarve7.pt\/#\/schema\/logo\/image\/"},"sameAs":["https:\/\/www.facebook.com\/algarve7","https:\/\/x.com\/Algarvesete","https:\/\/www.instagram.com\/jornalalgarve7\/","https:\/\/www.linkedin.com\/company\/algarve7","https:\/\/www.pinterest.pt\/geral0939\/_created\/"]},{"@type":"Person","@id":"https:\/\/algarve7.pt\/#\/schema\/person\/23fa70681308e7b319a3204bcea45e0c","name":"Algarve 7","sameAs":["https:\/\/algarve7.pt","https:\/\/www.facebook.com\/algarve7"],"url":"https:\/\/algarve7.pt\/index.php\/author\/geralalgarve7-pt\/"}]}},"jetpack_publicize_connections":[],"jetpack_featured_media_url":"https:\/\/algarve7.pt\/wp-content\/uploads\/2025\/05\/IMG_9154.jpg","jetpack_shortlink":"https:\/\/wp.me\/pcezmW-dgw","jetpack_sharing_enabled":true,"_links":{"self":[{"href":"https:\/\/algarve7.pt\/index.php\/wp-json\/wp\/v2\/posts\/50996","targetHints":{"allow":["GET"]}}],"collection":[{"href":"https:\/\/algarve7.pt\/index.php\/wp-json\/wp\/v2\/posts"}],"about":[{"href":"https:\/\/algarve7.pt\/index.php\/wp-json\/wp\/v2\/types\/post"}],"author":[{"embeddable":true,"href":"https:\/\/algarve7.pt\/index.php\/wp-json\/wp\/v2\/users\/1"}],"replies":[{"embeddable":true,"href":"https:\/\/algarve7.pt\/index.php\/wp-json\/wp\/v2\/comments?post=50996"}],"version-history":[{"count":0,"href":"https:\/\/algarve7.pt\/index.php\/wp-json\/wp\/v2\/posts\/50996\/revisions"}],"wp:featuredmedia":[{"embeddable":true,"href":"https:\/\/algarve7.pt\/index.php\/wp-json\/wp\/v2\/media\/50997"}],"wp:attachment":[{"href":"https:\/\/algarve7.pt\/index.php\/wp-json\/wp\/v2\/media?parent=50996"}],"wp:term":[{"taxonomy":"category","embeddable":true,"href":"https:\/\/algarve7.pt\/index.php\/wp-json\/wp\/v2\/categories?post=50996"},{"taxonomy":"post_tag","embeddable":true,"href":"https:\/\/algarve7.pt\/index.php\/wp-json\/wp\/v2\/tags?post=50996"}],"curies":[{"name":"wp","href":"https:\/\/api.w.org\/{rel}","templated":true}]}}