{"id":50992,"date":"2025-06-01T10:00:00","date_gmt":"2025-06-01T09:00:00","guid":{"rendered":"https:\/\/algarve7.pt\/?p=50992"},"modified":"2025-05-31T13:18:36","modified_gmt":"2025-05-31T12:18:36","slug":"passeios-na-historia-de-tavira-igreja-de-santo-antonio","status":"publish","type":"post","link":"https:\/\/algarve7.pt\/index.php\/2025\/06\/passeios-na-historia-de-tavira-igreja-de-santo-antonio\/cultura\/10\/00\/","title":{"rendered":"\u201cPasseios na Hist\u00f3ria de Tavira\u201d: Igreja de Santo Ant\u00f3nio"},"content":{"rendered":"\n<p>No \u00e2mbito do programa \u201cPasseios na Hist\u00f3ria de Tavira\u201d, o Museu Municipal promove, no dia 07 de junho, pelas 10h30, sob a orienta\u00e7\u00e3o de Ricardo Louro (T\u00e9cnico Superior Museu Municipal de Tavira) uma visita guiada \u00e0 Igreja de Santo Ant\u00f3nio.<\/p>\n\n\n\n<p>Esta iniciativa assume particular significado no m\u00eas de junho, altura em que se celebram os Santos Populares, sendo Santo Ant\u00f3nio festejado no dia 13. A Igreja de Santo Ant\u00f3nio tem as suas origens no in\u00edcio do s\u00e9culo XVII, quando os frades capuchos se instalaram na Ermida de Nossa Senhora da Esperan\u00e7a (ou do Espinheiro), na zona da Atalaia, onde, em 1612, deram in\u00edcio \u00e0 constru\u00e7\u00e3o do seu convento. A igreja constitui um exemplo da arquitetura seiscentista, refletindo a sobriedade pr\u00f3pria dos ideais deste ramo dos franciscanos.<\/p>\n\n\n\n<p>Na segunda metade do s\u00e9culo XVIII, a fachada principal foi remodelada com a introdu\u00e7\u00e3o de um front\u00e3o e de um janel\u00e3o barrocos. No interior destaca-se um not\u00e1vel conjunto escult\u00f3rico em barro, alusivo a milagres e ao tr\u00e2nsito de Santo Ant\u00f3nio, al\u00e9m de ret\u00e1bulos em talha e diversos exemplos de pintura e imagin\u00e1ria religiosa dos s\u00e9culos XVI ao XIX.<\/p>\n\n\n\n<p>O &#8220;Passeios na Hist\u00f3ria de Tavira&#8221; visa dar a conhecer o passado da cidade e do concelho, incluindo a paisagem, os monumentos e as personagens hist\u00f3ricas, promovendo, simultaneamente, a valoriza\u00e7\u00e3o e preserva\u00e7\u00e3o do patrim\u00f3nio local.<\/p>\n\n\n\n<p>A participa\u00e7\u00e3o \u00e9 gratuita e limitada a 30 pessoas, mediante inscri\u00e7\u00e3o, at\u00e9 ao dia 05 de junho, atrav\u00e9s do formul\u00e1rio:\u00a0<a href=\"https:\/\/forms.gle\/fexcchhG6NzZ5rTk7\" target=\"_blank\" rel=\"noreferrer noopener\">https:\/\/forms.gle\/fexcchhG6NzZ5rTk7<\/a><\/p>\n","protected":false},"excerpt":{"rendered":"<p>No \u00e2mbito do programa \u201cPasseios na Hist\u00f3ria de Tavira\u201d, o Museu Municipal promove, no dia 07 de junho, pelas 10h30,<\/p>\n","protected":false},"author":1,"featured_media":50993,"comment_status":"closed","ping_status":"closed","sticky":false,"template":"","format":"standard","meta":{"colormag_page_container_layout":"default_layout","colormag_page_sidebar_layout":"default_layout","_monsterinsights_skip_tracking":false,"_monsterinsights_sitenote_active":false,"_monsterinsights_sitenote_note":"","_monsterinsights_sitenote_category":0,"jetpack_post_was_ever_published":false,"_jetpack_newsletter_access":"","_jetpack_dont_email_post_to_subs":false,"_jetpack_newsletter_tier_id":0,"_jetpack_memberships_contains_paywalled_content":false,"_jetpack_memberships_contains_paid_content":false,"footnotes":"","jetpack_publicize_message":"","jetpack_publicize_feature_enabled":true,"jetpack_social_post_already_shared":true,"jetpack_social_options":{"image_generator_settings":{"template":"highway","default_image_id":0,"font":"","enabled":false},"version":2}},"categories":[14],"tags":[36,35,54],"class_list":["post-50992","post","type-post","status-publish","format-standard","has-post-thumbnail","hentry","category-cultura","tag-algarve","tag-cultura","tag-tavira"],"yoast_head":"<!-- This site is optimized with the Yoast SEO plugin v27.5 - https:\/\/yoast.com\/product\/yoast-seo-wordpress\/ -->\n<title>\u201cPasseios na Hist\u00f3ria de Tavira\u201d: Igreja de Santo Ant\u00f3nio - Algarve 7<\/title>\n<meta name=\"description\" content=\"\u201cPasseios na Hist\u00f3ria de Tavira\u201d: Igreja de Santo Ant\u00f3nio Cultura\" \/>\n<meta name=\"robots\" content=\"index, follow, max-snippet:-1, max-image-preview:large, max-video-preview:-1\" \/>\n<link rel=\"canonical\" href=\"https:\/\/algarve7.pt\/index.php\/2025\/06\/passeios-na-historia-de-tavira-igreja-de-santo-antonio\/cultura\/10\/00\/\" \/>\n<meta property=\"og:locale\" content=\"pt_PT\" \/>\n<meta property=\"og:type\" content=\"article\" \/>\n<meta property=\"og:title\" content=\"\u201cPasseios na Hist\u00f3ria de Tavira\u201d: Igreja de Santo Ant\u00f3nio - Algarve 7\" \/>\n<meta property=\"og:description\" content=\"\u201cPasseios na Hist\u00f3ria de Tavira\u201d: Igreja de Santo Ant\u00f3nio Cultura\" \/>\n<meta property=\"og:url\" content=\"https:\/\/algarve7.pt\/index.php\/2025\/06\/passeios-na-historia-de-tavira-igreja-de-santo-antonio\/cultura\/10\/00\/\" \/>\n<meta property=\"og:site_name\" content=\"Algarve 7\" \/>\n<meta property=\"article:publisher\" content=\"https:\/\/www.facebook.com\/algarve7\" \/>\n<meta property=\"article:author\" content=\"https:\/\/www.facebook.com\/algarve7\" \/>\n<meta property=\"article:published_time\" content=\"2025-06-01T09:00:00+00:00\" \/>\n<meta property=\"og:image\" content=\"https:\/\/algarve7.pt\/wp-content\/uploads\/2025\/05\/Captura-de-ecra-2025-05-31-as-12.16.58.png\" \/>\n\t<meta property=\"og:image:width\" content=\"800\" \/>\n\t<meta property=\"og:image:height\" content=\"500\" \/>\n\t<meta property=\"og:image:type\" content=\"image\/png\" \/>\n<meta name=\"author\" content=\"Algarve 7\" \/>\n<meta name=\"twitter:card\" content=\"summary_large_image\" \/>\n<meta name=\"twitter:creator\" content=\"@Algarvesete\" \/>\n<meta name=\"twitter:site\" content=\"@Algarvesete\" \/>\n<meta name=\"twitter:label1\" content=\"Escrito por\" \/>\n\t<meta name=\"twitter:data1\" content=\"Algarve 7\" \/>\n\t<meta name=\"twitter:label2\" content=\"Tempo estimado de leitura\" \/>\n\t<meta name=\"twitter:data2\" content=\"2 minutos\" \/>\n<script type=\"application\/ld+json\" class=\"yoast-schema-graph\">{\"@context\":\"https:\\\/\\\/schema.org\",\"@graph\":[{\"@type\":\"Article\",\"@id\":\"https:\\\/\\\/algarve7.pt\\\/index.php\\\/2025\\\/06\\\/passeios-na-historia-de-tavira-igreja-de-santo-antonio\\\/cultura\\\/10\\\/00\\\/#article\",\"isPartOf\":{\"@id\":\"https:\\\/\\\/algarve7.pt\\\/index.php\\\/2025\\\/06\\\/passeios-na-historia-de-tavira-igreja-de-santo-antonio\\\/cultura\\\/10\\\/00\\\/\"},\"author\":{\"name\":\"Algarve 7\",\"@id\":\"https:\\\/\\\/algarve7.pt\\\/#\\\/schema\\\/person\\\/23fa70681308e7b319a3204bcea45e0c\"},\"headline\":\"\u201cPasseios na Hist\u00f3ria de Tavira\u201d: Igreja de Santo Ant\u00f3nio\",\"datePublished\":\"2025-06-01T09:00:00+00:00\",\"mainEntityOfPage\":{\"@id\":\"https:\\\/\\\/algarve7.pt\\\/index.php\\\/2025\\\/06\\\/passeios-na-historia-de-tavira-igreja-de-santo-antonio\\\/cultura\\\/10\\\/00\\\/\"},\"wordCount\":282,\"publisher\":{\"@id\":\"https:\\\/\\\/algarve7.pt\\\/#organization\"},\"image\":{\"@id\":\"https:\\\/\\\/algarve7.pt\\\/index.php\\\/2025\\\/06\\\/passeios-na-historia-de-tavira-igreja-de-santo-antonio\\\/cultura\\\/10\\\/00\\\/#primaryimage\"},\"thumbnailUrl\":\"https:\\\/\\\/algarve7.pt\\\/wp-content\\\/uploads\\\/2025\\\/05\\\/Captura-de-ecra-2025-05-31-as-12.16.58.png\",\"keywords\":[\"Algarve\",\"Cultura\",\"Tavira\"],\"articleSection\":[\"Cultura\"],\"inLanguage\":\"pt-PT\"},{\"@type\":\"WebPage\",\"@id\":\"https:\\\/\\\/algarve7.pt\\\/index.php\\\/2025\\\/06\\\/passeios-na-historia-de-tavira-igreja-de-santo-antonio\\\/cultura\\\/10\\\/00\\\/\",\"url\":\"https:\\\/\\\/algarve7.pt\\\/index.php\\\/2025\\\/06\\\/passeios-na-historia-de-tavira-igreja-de-santo-antonio\\\/cultura\\\/10\\\/00\\\/\",\"name\":\"\u201cPasseios na Hist\u00f3ria de Tavira\u201d: Igreja de Santo Ant\u00f3nio - Algarve 7\",\"isPartOf\":{\"@id\":\"https:\\\/\\\/algarve7.pt\\\/#website\"},\"primaryImageOfPage\":{\"@id\":\"https:\\\/\\\/algarve7.pt\\\/index.php\\\/2025\\\/06\\\/passeios-na-historia-de-tavira-igreja-de-santo-antonio\\\/cultura\\\/10\\\/00\\\/#primaryimage\"},\"image\":{\"@id\":\"https:\\\/\\\/algarve7.pt\\\/index.php\\\/2025\\\/06\\\/passeios-na-historia-de-tavira-igreja-de-santo-antonio\\\/cultura\\\/10\\\/00\\\/#primaryimage\"},\"thumbnailUrl\":\"https:\\\/\\\/algarve7.pt\\\/wp-content\\\/uploads\\\/2025\\\/05\\\/Captura-de-ecra-2025-05-31-as-12.16.58.png\",\"datePublished\":\"2025-06-01T09:00:00+00:00\",\"description\":\"\u201cPasseios na Hist\u00f3ria de Tavira\u201d: Igreja de Santo Ant\u00f3nio Cultura\",\"breadcrumb\":{\"@id\":\"https:\\\/\\\/algarve7.pt\\\/index.php\\\/2025\\\/06\\\/passeios-na-historia-de-tavira-igreja-de-santo-antonio\\\/cultura\\\/10\\\/00\\\/#breadcrumb\"},\"inLanguage\":\"pt-PT\",\"potentialAction\":[{\"@type\":\"ReadAction\",\"target\":[\"https:\\\/\\\/algarve7.pt\\\/index.php\\\/2025\\\/06\\\/passeios-na-historia-de-tavira-igreja-de-santo-antonio\\\/cultura\\\/10\\\/00\\\/\"]}]},{\"@type\":\"ImageObject\",\"inLanguage\":\"pt-PT\",\"@id\":\"https:\\\/\\\/algarve7.pt\\\/index.php\\\/2025\\\/06\\\/passeios-na-historia-de-tavira-igreja-de-santo-antonio\\\/cultura\\\/10\\\/00\\\/#primaryimage\",\"url\":\"https:\\\/\\\/algarve7.pt\\\/wp-content\\\/uploads\\\/2025\\\/05\\\/Captura-de-ecra-2025-05-31-as-12.16.58.png\",\"contentUrl\":\"https:\\\/\\\/algarve7.pt\\\/wp-content\\\/uploads\\\/2025\\\/05\\\/Captura-de-ecra-2025-05-31-as-12.16.58.png\",\"width\":800,\"height\":500},{\"@type\":\"BreadcrumbList\",\"@id\":\"https:\\\/\\\/algarve7.pt\\\/index.php\\\/2025\\\/06\\\/passeios-na-historia-de-tavira-igreja-de-santo-antonio\\\/cultura\\\/10\\\/00\\\/#breadcrumb\",\"itemListElement\":[{\"@type\":\"ListItem\",\"position\":1,\"name\":\"In\u00edcio\",\"item\":\"https:\\\/\\\/algarve7.pt\\\/\"},{\"@type\":\"ListItem\",\"position\":2,\"name\":\"\u201cPasseios na Hist\u00f3ria de Tavira\u201d: Igreja de Santo Ant\u00f3nio\"}]},{\"@type\":\"WebSite\",\"@id\":\"https:\\\/\\\/algarve7.pt\\\/#website\",\"url\":\"https:\\\/\\\/algarve7.pt\\\/\",\"name\":\"Algarve 7\",\"description\":\"Informa\u00e7\u00e3o sobre o Algarve\",\"publisher\":{\"@id\":\"https:\\\/\\\/algarve7.pt\\\/#organization\"},\"potentialAction\":[{\"@type\":\"SearchAction\",\"target\":{\"@type\":\"EntryPoint\",\"urlTemplate\":\"https:\\\/\\\/algarve7.pt\\\/?s={search_term_string}\"},\"query-input\":{\"@type\":\"PropertyValueSpecification\",\"valueRequired\":true,\"valueName\":\"search_term_string\"}}],\"inLanguage\":\"pt-PT\"},{\"@type\":\"Organization\",\"@id\":\"https:\\\/\\\/algarve7.pt\\\/#organization\",\"name\":\"Algarve 7\",\"url\":\"https:\\\/\\\/algarve7.pt\\\/\",\"logo\":{\"@type\":\"ImageObject\",\"inLanguage\":\"pt-PT\",\"@id\":\"https:\\\/\\\/algarve7.pt\\\/#\\\/schema\\\/logo\\\/image\\\/\",\"url\":\"https:\\\/\\\/algarve7.pt\\\/wp-content\\\/uploads\\\/2020\\\/10\\\/Logo-8.jpg\",\"contentUrl\":\"https:\\\/\\\/algarve7.pt\\\/wp-content\\\/uploads\\\/2020\\\/10\\\/Logo-8.jpg\",\"width\":1680,\"height\":1186,\"caption\":\"Algarve 7\"},\"image\":{\"@id\":\"https:\\\/\\\/algarve7.pt\\\/#\\\/schema\\\/logo\\\/image\\\/\"},\"sameAs\":[\"https:\\\/\\\/www.facebook.com\\\/algarve7\",\"https:\\\/\\\/x.com\\\/Algarvesete\",\"https:\\\/\\\/www.instagram.com\\\/jornalalgarve7\\\/\",\"https:\\\/\\\/www.linkedin.com\\\/company\\\/algarve7\",\"https:\\\/\\\/www.pinterest.pt\\\/geral0939\\\/_created\\\/\"]},{\"@type\":\"Person\",\"@id\":\"https:\\\/\\\/algarve7.pt\\\/#\\\/schema\\\/person\\\/23fa70681308e7b319a3204bcea45e0c\",\"name\":\"Algarve 7\",\"sameAs\":[\"https:\\\/\\\/algarve7.pt\",\"https:\\\/\\\/www.facebook.com\\\/algarve7\"],\"url\":\"https:\\\/\\\/algarve7.pt\\\/index.php\\\/author\\\/geralalgarve7-pt\\\/\"}]}<\/script>\n<!-- \/ Yoast SEO plugin. -->","yoast_head_json":{"title":"\u201cPasseios na Hist\u00f3ria de Tavira\u201d: Igreja de Santo Ant\u00f3nio - Algarve 7","description":"\u201cPasseios na Hist\u00f3ria de Tavira\u201d: Igreja de Santo Ant\u00f3nio Cultura","robots":{"index":"index","follow":"follow","max-snippet":"max-snippet:-1","max-image-preview":"max-image-preview:large","max-video-preview":"max-video-preview:-1"},"canonical":"https:\/\/algarve7.pt\/index.php\/2025\/06\/passeios-na-historia-de-tavira-igreja-de-santo-antonio\/cultura\/10\/00\/","og_locale":"pt_PT","og_type":"article","og_title":"\u201cPasseios na Hist\u00f3ria de Tavira\u201d: Igreja de Santo Ant\u00f3nio - Algarve 7","og_description":"\u201cPasseios na Hist\u00f3ria de Tavira\u201d: Igreja de Santo Ant\u00f3nio Cultura","og_url":"https:\/\/algarve7.pt\/index.php\/2025\/06\/passeios-na-historia-de-tavira-igreja-de-santo-antonio\/cultura\/10\/00\/","og_site_name":"Algarve 7","article_publisher":"https:\/\/www.facebook.com\/algarve7","article_author":"https:\/\/www.facebook.com\/algarve7","article_published_time":"2025-06-01T09:00:00+00:00","og_image":[{"width":800,"height":500,"url":"https:\/\/algarve7.pt\/wp-content\/uploads\/2025\/05\/Captura-de-ecra-2025-05-31-as-12.16.58.png","type":"image\/png"}],"author":"Algarve 7","twitter_card":"summary_large_image","twitter_creator":"@Algarvesete","twitter_site":"@Algarvesete","twitter_misc":{"Escrito por":"Algarve 7","Tempo estimado de leitura":"2 minutos"},"schema":{"@context":"https:\/\/schema.org","@graph":[{"@type":"Article","@id":"https:\/\/algarve7.pt\/index.php\/2025\/06\/passeios-na-historia-de-tavira-igreja-de-santo-antonio\/cultura\/10\/00\/#article","isPartOf":{"@id":"https:\/\/algarve7.pt\/index.php\/2025\/06\/passeios-na-historia-de-tavira-igreja-de-santo-antonio\/cultura\/10\/00\/"},"author":{"name":"Algarve 7","@id":"https:\/\/algarve7.pt\/#\/schema\/person\/23fa70681308e7b319a3204bcea45e0c"},"headline":"\u201cPasseios na Hist\u00f3ria de Tavira\u201d: Igreja de Santo Ant\u00f3nio","datePublished":"2025-06-01T09:00:00+00:00","mainEntityOfPage":{"@id":"https:\/\/algarve7.pt\/index.php\/2025\/06\/passeios-na-historia-de-tavira-igreja-de-santo-antonio\/cultura\/10\/00\/"},"wordCount":282,"publisher":{"@id":"https:\/\/algarve7.pt\/#organization"},"image":{"@id":"https:\/\/algarve7.pt\/index.php\/2025\/06\/passeios-na-historia-de-tavira-igreja-de-santo-antonio\/cultura\/10\/00\/#primaryimage"},"thumbnailUrl":"https:\/\/algarve7.pt\/wp-content\/uploads\/2025\/05\/Captura-de-ecra-2025-05-31-as-12.16.58.png","keywords":["Algarve","Cultura","Tavira"],"articleSection":["Cultura"],"inLanguage":"pt-PT"},{"@type":"WebPage","@id":"https:\/\/algarve7.pt\/index.php\/2025\/06\/passeios-na-historia-de-tavira-igreja-de-santo-antonio\/cultura\/10\/00\/","url":"https:\/\/algarve7.pt\/index.php\/2025\/06\/passeios-na-historia-de-tavira-igreja-de-santo-antonio\/cultura\/10\/00\/","name":"\u201cPasseios na Hist\u00f3ria de Tavira\u201d: Igreja de Santo Ant\u00f3nio - Algarve 7","isPartOf":{"@id":"https:\/\/algarve7.pt\/#website"},"primaryImageOfPage":{"@id":"https:\/\/algarve7.pt\/index.php\/2025\/06\/passeios-na-historia-de-tavira-igreja-de-santo-antonio\/cultura\/10\/00\/#primaryimage"},"image":{"@id":"https:\/\/algarve7.pt\/index.php\/2025\/06\/passeios-na-historia-de-tavira-igreja-de-santo-antonio\/cultura\/10\/00\/#primaryimage"},"thumbnailUrl":"https:\/\/algarve7.pt\/wp-content\/uploads\/2025\/05\/Captura-de-ecra-2025-05-31-as-12.16.58.png","datePublished":"2025-06-01T09:00:00+00:00","description":"\u201cPasseios na Hist\u00f3ria de Tavira\u201d: Igreja de Santo Ant\u00f3nio Cultura","breadcrumb":{"@id":"https:\/\/algarve7.pt\/index.php\/2025\/06\/passeios-na-historia-de-tavira-igreja-de-santo-antonio\/cultura\/10\/00\/#breadcrumb"},"inLanguage":"pt-PT","potentialAction":[{"@type":"ReadAction","target":["https:\/\/algarve7.pt\/index.php\/2025\/06\/passeios-na-historia-de-tavira-igreja-de-santo-antonio\/cultura\/10\/00\/"]}]},{"@type":"ImageObject","inLanguage":"pt-PT","@id":"https:\/\/algarve7.pt\/index.php\/2025\/06\/passeios-na-historia-de-tavira-igreja-de-santo-antonio\/cultura\/10\/00\/#primaryimage","url":"https:\/\/algarve7.pt\/wp-content\/uploads\/2025\/05\/Captura-de-ecra-2025-05-31-as-12.16.58.png","contentUrl":"https:\/\/algarve7.pt\/wp-content\/uploads\/2025\/05\/Captura-de-ecra-2025-05-31-as-12.16.58.png","width":800,"height":500},{"@type":"BreadcrumbList","@id":"https:\/\/algarve7.pt\/index.php\/2025\/06\/passeios-na-historia-de-tavira-igreja-de-santo-antonio\/cultura\/10\/00\/#breadcrumb","itemListElement":[{"@type":"ListItem","position":1,"name":"In\u00edcio","item":"https:\/\/algarve7.pt\/"},{"@type":"ListItem","position":2,"name":"\u201cPasseios na Hist\u00f3ria de Tavira\u201d: Igreja de Santo Ant\u00f3nio"}]},{"@type":"WebSite","@id":"https:\/\/algarve7.pt\/#website","url":"https:\/\/algarve7.pt\/","name":"Algarve 7","description":"Informa\u00e7\u00e3o sobre o Algarve","publisher":{"@id":"https:\/\/algarve7.pt\/#organization"},"potentialAction":[{"@type":"SearchAction","target":{"@type":"EntryPoint","urlTemplate":"https:\/\/algarve7.pt\/?s={search_term_string}"},"query-input":{"@type":"PropertyValueSpecification","valueRequired":true,"valueName":"search_term_string"}}],"inLanguage":"pt-PT"},{"@type":"Organization","@id":"https:\/\/algarve7.pt\/#organization","name":"Algarve 7","url":"https:\/\/algarve7.pt\/","logo":{"@type":"ImageObject","inLanguage":"pt-PT","@id":"https:\/\/algarve7.pt\/#\/schema\/logo\/image\/","url":"https:\/\/algarve7.pt\/wp-content\/uploads\/2020\/10\/Logo-8.jpg","contentUrl":"https:\/\/algarve7.pt\/wp-content\/uploads\/2020\/10\/Logo-8.jpg","width":1680,"height":1186,"caption":"Algarve 7"},"image":{"@id":"https:\/\/algarve7.pt\/#\/schema\/logo\/image\/"},"sameAs":["https:\/\/www.facebook.com\/algarve7","https:\/\/x.com\/Algarvesete","https:\/\/www.instagram.com\/jornalalgarve7\/","https:\/\/www.linkedin.com\/company\/algarve7","https:\/\/www.pinterest.pt\/geral0939\/_created\/"]},{"@type":"Person","@id":"https:\/\/algarve7.pt\/#\/schema\/person\/23fa70681308e7b319a3204bcea45e0c","name":"Algarve 7","sameAs":["https:\/\/algarve7.pt","https:\/\/www.facebook.com\/algarve7"],"url":"https:\/\/algarve7.pt\/index.php\/author\/geralalgarve7-pt\/"}]}},"jetpack_publicize_connections":[],"jetpack_featured_media_url":"https:\/\/algarve7.pt\/wp-content\/uploads\/2025\/05\/Captura-de-ecra-2025-05-31-as-12.16.58.png","jetpack_shortlink":"https:\/\/wp.me\/pcezmW-dgs","jetpack_sharing_enabled":true,"_links":{"self":[{"href":"https:\/\/algarve7.pt\/index.php\/wp-json\/wp\/v2\/posts\/50992","targetHints":{"allow":["GET"]}}],"collection":[{"href":"https:\/\/algarve7.pt\/index.php\/wp-json\/wp\/v2\/posts"}],"about":[{"href":"https:\/\/algarve7.pt\/index.php\/wp-json\/wp\/v2\/types\/post"}],"author":[{"embeddable":true,"href":"https:\/\/algarve7.pt\/index.php\/wp-json\/wp\/v2\/users\/1"}],"replies":[{"embeddable":true,"href":"https:\/\/algarve7.pt\/index.php\/wp-json\/wp\/v2\/comments?post=50992"}],"version-history":[{"count":0,"href":"https:\/\/algarve7.pt\/index.php\/wp-json\/wp\/v2\/posts\/50992\/revisions"}],"wp:featuredmedia":[{"embeddable":true,"href":"https:\/\/algarve7.pt\/index.php\/wp-json\/wp\/v2\/media\/50993"}],"wp:attachment":[{"href":"https:\/\/algarve7.pt\/index.php\/wp-json\/wp\/v2\/media?parent=50992"}],"wp:term":[{"taxonomy":"category","embeddable":true,"href":"https:\/\/algarve7.pt\/index.php\/wp-json\/wp\/v2\/categories?post=50992"},{"taxonomy":"post_tag","embeddable":true,"href":"https:\/\/algarve7.pt\/index.php\/wp-json\/wp\/v2\/tags?post=50992"}],"curies":[{"name":"wp","href":"https:\/\/api.w.org\/{rel}","templated":true}]}}