{"id":50983,"date":"2025-06-01T09:30:00","date_gmt":"2025-06-01T08:30:00","guid":{"rendered":"https:\/\/algarve7.pt\/?p=50983"},"modified":"2025-05-31T11:59:45","modified_gmt":"2025-05-31T10:59:45","slug":"lagos-une-se-a-agentes-locais-na-exigencia-de-obras-urgentes-na-barra-e-nas-infraestruturas-portuarias","status":"publish","type":"post","link":"https:\/\/algarve7.pt\/index.php\/2025\/06\/lagos-une-se-a-agentes-locais-na-exigencia-de-obras-urgentes-na-barra-e-nas-infraestruturas-portuarias\/atualidade\/09\/30\/","title":{"rendered":"Lagos une-se a agentes locais na exig\u00eancia de obras urgentes na barra e nas infraestruturas portu\u00e1rias"},"content":{"rendered":"\n<p><strong>A C\u00e2mara Municipal de Lagos, em articula\u00e7\u00e3o com pescadores, operadores mar\u00edtimo-tur\u00edsticos, entidades desportivas e agentes econ\u00f3micos locais, subscreveu uma carta aberta dirigida \u00e0 Dire\u00e7\u00e3o-Geral de Recursos Naturais, Seguran\u00e7a e Servi\u00e7os Mar\u00edtimos, expressando uma profunda preocupa\u00e7\u00e3o e exigindo uma interven\u00e7\u00e3o urgente no conjunto de infraestruturas mar\u00edtimas da cidade. Esta iniciativa surge da uni\u00e3o de esfor\u00e7os de todos os que, diariamente, dependem da seguran\u00e7a e funcionalidade da barra do porto de Lagos e do canal da Ribeira de Bensafrim, bem como do pont\u00e3o cont\u00edguo ao Forte da Ponta da Bandeira, da doca confinante, do cais da Solaria e das \u00e1reas adjacentes, atualmente em estado de acelerada degrada\u00e7\u00e3o.<\/strong><\/p>\n\n\n\n<p>A situa\u00e7\u00e3o, considerada cr\u00edtica, resulta da in\u00e9rcia prolongada do Estado Central face a um problema estrutural que afeta n\u00e3o s\u00f3 a navegabilidade e seguran\u00e7a mar\u00edtima, mas tamb\u00e9m a sustentabilidade econ\u00f3mica de v\u00e1rios setores fundamentais da regi\u00e3o. Em causa est\u00e1 o risco di\u00e1rio para pescadores, operadores tur\u00edsticos, atletas n\u00e1uticos, visitantes e demais utilizadores do espa\u00e7o mar\u00edtimo local. A C\u00e2mara e os agentes envolvidos exigem, por isso, uma resposta c\u00e9lere, estruturada e duradoura, que ponha fim \u00e0s solu\u00e7\u00f5es pontuais e assegure a prote\u00e7\u00e3o das infraestruturas, das atividades econ\u00f3micas e da vida humana.<\/p>\n\n\n\n<p>Nesse sentido, \u00e9 feito novamente o apelo para que, com a maior celeridade e urg\u00eancia,&nbsp;e&nbsp;indo mais al\u00e9m do que as solu\u00e7\u00f5es ocasionais, tempor\u00e1rias e desprovidas de cariz estruturante at\u00e9 agora encontradas, as referidas infraestruturas sejam alvo de interven\u00e7\u00f5es de fundo, e:<\/p>\n\n\n\n<p>&#8211; Sejam iniciadas as opera\u00e7\u00f5es de dragagem da barra e do canal da ribeira de Bensafrim para que o acesso, navega\u00e7\u00e3o e sa\u00edda do porto decorram em condi\u00e7\u00f5es de seguran\u00e7a;<\/p>\n\n\n\n<p>&#8211; Se efetuem as necess\u00e1rias e urgentes interven\u00e7\u00f5es, quer no pont\u00e3o cont\u00edguo ao Forte Ponta da Bandeira e doca confinante, quer no cais da Solaria e \u00e1reas adjacentes.<\/p>\n\n\n\n<p>&#8211; Se reavaliem os molhes da barra de Lagos para que, caso os estudos t\u00e9cnicos e cient\u00edficos a realizar assim o determinem, sejam sujeitos a uma interven\u00e7\u00e3o planeada que contrarie a atual din\u00e2mica sedimentar e evite o constante assoreamento da embocadura do porto e do canal da ribeira de Bensafrim.<\/p>\n\n\n\n<p>Para al\u00e9m da autarquia, assinaram a carta aberta o Barlapescas, Marlagos SA, Associa\u00e7\u00e3o de Armadores de Pesca Artesanal do Barlavento Algarvio, Sopromar Lda, Associa\u00e7\u00e3o dos Pescadores dos Passeios Tradicionais \u00e0s grutas 40 Lagos, Clube de Vela de Lagos, Associa\u00e7\u00e3o Lacobrigense de Desportos N\u00e1uticos, Frota do Infante \u2013 Associa\u00e7\u00e3o Mar\u00edtimo Tur\u00edstica de Lagos e Associa\u00e7\u00e3o dos Armadores de Pesca de Sagres.<\/p>\n","protected":false},"excerpt":{"rendered":"<p>A C\u00e2mara Municipal de Lagos, em articula\u00e7\u00e3o com pescadores, operadores mar\u00edtimo-tur\u00edsticos, entidades desportivas e agentes econ\u00f3micos locais, subscreveu uma carta<\/p>\n","protected":false},"author":1,"featured_media":50984,"comment_status":"closed","ping_status":"closed","sticky":false,"template":"","format":"standard","meta":{"colormag_page_container_layout":"default_layout","colormag_page_sidebar_layout":"default_layout","_monsterinsights_skip_tracking":false,"_monsterinsights_sitenote_active":false,"_monsterinsights_sitenote_note":"","_monsterinsights_sitenote_category":0,"jetpack_post_was_ever_published":false,"_jetpack_newsletter_access":"","_jetpack_dont_email_post_to_subs":false,"_jetpack_newsletter_tier_id":0,"_jetpack_memberships_contains_paywalled_content":false,"_jetpack_memberships_contains_paid_content":false,"footnotes":"","jetpack_publicize_message":"","jetpack_publicize_feature_enabled":true,"jetpack_social_post_already_shared":true,"jetpack_social_options":{"image_generator_settings":{"template":"highway","default_image_id":0,"font":"","enabled":false},"version":2}},"categories":[11],"tags":[36,62,68],"class_list":["post-50983","post","type-post","status-publish","format-standard","has-post-thumbnail","hentry","category-atualidade","tag-algarve","tag-atualidade","tag-lagos"],"yoast_head":"<!-- This site is optimized with the Yoast SEO plugin v27.5 - https:\/\/yoast.com\/product\/yoast-seo-wordpress\/ -->\n<title>Lagos une-se a agentes locais na exig\u00eancia de obras urgentes na barra e nas infraestruturas portu\u00e1rias - Algarve 7<\/title>\n<meta name=\"description\" content=\"Lagos une-se a agentes locais na exig\u00eancia de obras urgentes na barra e nas infraestruturas portu\u00e1rias Atualidade\" \/>\n<meta name=\"robots\" content=\"index, follow, max-snippet:-1, max-image-preview:large, max-video-preview:-1\" \/>\n<link rel=\"canonical\" href=\"https:\/\/algarve7.pt\/index.php\/2025\/06\/lagos-une-se-a-agentes-locais-na-exigencia-de-obras-urgentes-na-barra-e-nas-infraestruturas-portuarias\/atualidade\/09\/30\/\" \/>\n<meta property=\"og:locale\" content=\"pt_PT\" \/>\n<meta property=\"og:type\" content=\"article\" \/>\n<meta property=\"og:title\" content=\"Lagos une-se a agentes locais na exig\u00eancia de obras urgentes na barra e nas infraestruturas portu\u00e1rias - Algarve 7\" \/>\n<meta property=\"og:description\" content=\"Lagos une-se a agentes locais na exig\u00eancia de obras urgentes na barra e nas infraestruturas portu\u00e1rias Atualidade\" \/>\n<meta property=\"og:url\" content=\"https:\/\/algarve7.pt\/index.php\/2025\/06\/lagos-une-se-a-agentes-locais-na-exigencia-de-obras-urgentes-na-barra-e-nas-infraestruturas-portuarias\/atualidade\/09\/30\/\" \/>\n<meta property=\"og:site_name\" content=\"Algarve 7\" \/>\n<meta property=\"article:publisher\" content=\"https:\/\/www.facebook.com\/algarve7\" \/>\n<meta property=\"article:author\" content=\"https:\/\/www.facebook.com\/algarve7\" \/>\n<meta property=\"article:published_time\" content=\"2025-06-01T08:30:00+00:00\" \/>\n<meta property=\"og:image\" content=\"https:\/\/algarve7.pt\/wp-content\/uploads\/2025\/05\/Barra-de-Lagos-2.jpg\" \/>\n\t<meta property=\"og:image:width\" content=\"800\" \/>\n\t<meta property=\"og:image:height\" content=\"500\" \/>\n\t<meta property=\"og:image:type\" content=\"image\/jpeg\" \/>\n<meta name=\"author\" content=\"Algarve 7\" \/>\n<meta name=\"twitter:card\" content=\"summary_large_image\" \/>\n<meta name=\"twitter:creator\" content=\"@Algarvesete\" \/>\n<meta name=\"twitter:site\" content=\"@Algarvesete\" \/>\n<meta name=\"twitter:label1\" content=\"Escrito por\" \/>\n\t<meta name=\"twitter:data1\" content=\"Algarve 7\" \/>\n\t<meta name=\"twitter:label2\" content=\"Tempo estimado de leitura\" \/>\n\t<meta name=\"twitter:data2\" content=\"3 minutos\" \/>\n<script type=\"application\/ld+json\" class=\"yoast-schema-graph\">{\"@context\":\"https:\\\/\\\/schema.org\",\"@graph\":[{\"@type\":\"Article\",\"@id\":\"https:\\\/\\\/algarve7.pt\\\/index.php\\\/2025\\\/06\\\/lagos-une-se-a-agentes-locais-na-exigencia-de-obras-urgentes-na-barra-e-nas-infraestruturas-portuarias\\\/atualidade\\\/09\\\/30\\\/#article\",\"isPartOf\":{\"@id\":\"https:\\\/\\\/algarve7.pt\\\/index.php\\\/2025\\\/06\\\/lagos-une-se-a-agentes-locais-na-exigencia-de-obras-urgentes-na-barra-e-nas-infraestruturas-portuarias\\\/atualidade\\\/09\\\/30\\\/\"},\"author\":{\"name\":\"Algarve 7\",\"@id\":\"https:\\\/\\\/algarve7.pt\\\/#\\\/schema\\\/person\\\/23fa70681308e7b319a3204bcea45e0c\"},\"headline\":\"Lagos une-se a agentes locais na exig\u00eancia de obras urgentes na barra e nas infraestruturas portu\u00e1rias\",\"datePublished\":\"2025-06-01T08:30:00+00:00\",\"mainEntityOfPage\":{\"@id\":\"https:\\\/\\\/algarve7.pt\\\/index.php\\\/2025\\\/06\\\/lagos-une-se-a-agentes-locais-na-exigencia-de-obras-urgentes-na-barra-e-nas-infraestruturas-portuarias\\\/atualidade\\\/09\\\/30\\\/\"},\"wordCount\":487,\"publisher\":{\"@id\":\"https:\\\/\\\/algarve7.pt\\\/#organization\"},\"image\":{\"@id\":\"https:\\\/\\\/algarve7.pt\\\/index.php\\\/2025\\\/06\\\/lagos-une-se-a-agentes-locais-na-exigencia-de-obras-urgentes-na-barra-e-nas-infraestruturas-portuarias\\\/atualidade\\\/09\\\/30\\\/#primaryimage\"},\"thumbnailUrl\":\"https:\\\/\\\/algarve7.pt\\\/wp-content\\\/uploads\\\/2025\\\/05\\\/Barra-de-Lagos-2.jpg\",\"keywords\":[\"Algarve\",\"Atualidade\",\"Lagos\"],\"articleSection\":[\"Atualidade\"],\"inLanguage\":\"pt-PT\"},{\"@type\":\"WebPage\",\"@id\":\"https:\\\/\\\/algarve7.pt\\\/index.php\\\/2025\\\/06\\\/lagos-une-se-a-agentes-locais-na-exigencia-de-obras-urgentes-na-barra-e-nas-infraestruturas-portuarias\\\/atualidade\\\/09\\\/30\\\/\",\"url\":\"https:\\\/\\\/algarve7.pt\\\/index.php\\\/2025\\\/06\\\/lagos-une-se-a-agentes-locais-na-exigencia-de-obras-urgentes-na-barra-e-nas-infraestruturas-portuarias\\\/atualidade\\\/09\\\/30\\\/\",\"name\":\"Lagos une-se a agentes locais na exig\u00eancia de obras urgentes na barra e nas infraestruturas portu\u00e1rias - Algarve 7\",\"isPartOf\":{\"@id\":\"https:\\\/\\\/algarve7.pt\\\/#website\"},\"primaryImageOfPage\":{\"@id\":\"https:\\\/\\\/algarve7.pt\\\/index.php\\\/2025\\\/06\\\/lagos-une-se-a-agentes-locais-na-exigencia-de-obras-urgentes-na-barra-e-nas-infraestruturas-portuarias\\\/atualidade\\\/09\\\/30\\\/#primaryimage\"},\"image\":{\"@id\":\"https:\\\/\\\/algarve7.pt\\\/index.php\\\/2025\\\/06\\\/lagos-une-se-a-agentes-locais-na-exigencia-de-obras-urgentes-na-barra-e-nas-infraestruturas-portuarias\\\/atualidade\\\/09\\\/30\\\/#primaryimage\"},\"thumbnailUrl\":\"https:\\\/\\\/algarve7.pt\\\/wp-content\\\/uploads\\\/2025\\\/05\\\/Barra-de-Lagos-2.jpg\",\"datePublished\":\"2025-06-01T08:30:00+00:00\",\"description\":\"Lagos une-se a agentes locais na exig\u00eancia de obras urgentes na barra e nas infraestruturas portu\u00e1rias Atualidade\",\"breadcrumb\":{\"@id\":\"https:\\\/\\\/algarve7.pt\\\/index.php\\\/2025\\\/06\\\/lagos-une-se-a-agentes-locais-na-exigencia-de-obras-urgentes-na-barra-e-nas-infraestruturas-portuarias\\\/atualidade\\\/09\\\/30\\\/#breadcrumb\"},\"inLanguage\":\"pt-PT\",\"potentialAction\":[{\"@type\":\"ReadAction\",\"target\":[\"https:\\\/\\\/algarve7.pt\\\/index.php\\\/2025\\\/06\\\/lagos-une-se-a-agentes-locais-na-exigencia-de-obras-urgentes-na-barra-e-nas-infraestruturas-portuarias\\\/atualidade\\\/09\\\/30\\\/\"]}]},{\"@type\":\"ImageObject\",\"inLanguage\":\"pt-PT\",\"@id\":\"https:\\\/\\\/algarve7.pt\\\/index.php\\\/2025\\\/06\\\/lagos-une-se-a-agentes-locais-na-exigencia-de-obras-urgentes-na-barra-e-nas-infraestruturas-portuarias\\\/atualidade\\\/09\\\/30\\\/#primaryimage\",\"url\":\"https:\\\/\\\/algarve7.pt\\\/wp-content\\\/uploads\\\/2025\\\/05\\\/Barra-de-Lagos-2.jpg\",\"contentUrl\":\"https:\\\/\\\/algarve7.pt\\\/wp-content\\\/uploads\\\/2025\\\/05\\\/Barra-de-Lagos-2.jpg\",\"width\":800,\"height\":500},{\"@type\":\"BreadcrumbList\",\"@id\":\"https:\\\/\\\/algarve7.pt\\\/index.php\\\/2025\\\/06\\\/lagos-une-se-a-agentes-locais-na-exigencia-de-obras-urgentes-na-barra-e-nas-infraestruturas-portuarias\\\/atualidade\\\/09\\\/30\\\/#breadcrumb\",\"itemListElement\":[{\"@type\":\"ListItem\",\"position\":1,\"name\":\"In\u00edcio\",\"item\":\"https:\\\/\\\/algarve7.pt\\\/\"},{\"@type\":\"ListItem\",\"position\":2,\"name\":\"Lagos une-se a agentes locais na exig\u00eancia de obras urgentes na barra e nas infraestruturas portu\u00e1rias\"}]},{\"@type\":\"WebSite\",\"@id\":\"https:\\\/\\\/algarve7.pt\\\/#website\",\"url\":\"https:\\\/\\\/algarve7.pt\\\/\",\"name\":\"Algarve 7\",\"description\":\"Informa\u00e7\u00e3o sobre o Algarve\",\"publisher\":{\"@id\":\"https:\\\/\\\/algarve7.pt\\\/#organization\"},\"potentialAction\":[{\"@type\":\"SearchAction\",\"target\":{\"@type\":\"EntryPoint\",\"urlTemplate\":\"https:\\\/\\\/algarve7.pt\\\/?s={search_term_string}\"},\"query-input\":{\"@type\":\"PropertyValueSpecification\",\"valueRequired\":true,\"valueName\":\"search_term_string\"}}],\"inLanguage\":\"pt-PT\"},{\"@type\":\"Organization\",\"@id\":\"https:\\\/\\\/algarve7.pt\\\/#organization\",\"name\":\"Algarve 7\",\"url\":\"https:\\\/\\\/algarve7.pt\\\/\",\"logo\":{\"@type\":\"ImageObject\",\"inLanguage\":\"pt-PT\",\"@id\":\"https:\\\/\\\/algarve7.pt\\\/#\\\/schema\\\/logo\\\/image\\\/\",\"url\":\"https:\\\/\\\/algarve7.pt\\\/wp-content\\\/uploads\\\/2020\\\/10\\\/Logo-8.jpg\",\"contentUrl\":\"https:\\\/\\\/algarve7.pt\\\/wp-content\\\/uploads\\\/2020\\\/10\\\/Logo-8.jpg\",\"width\":1680,\"height\":1186,\"caption\":\"Algarve 7\"},\"image\":{\"@id\":\"https:\\\/\\\/algarve7.pt\\\/#\\\/schema\\\/logo\\\/image\\\/\"},\"sameAs\":[\"https:\\\/\\\/www.facebook.com\\\/algarve7\",\"https:\\\/\\\/x.com\\\/Algarvesete\",\"https:\\\/\\\/www.instagram.com\\\/jornalalgarve7\\\/\",\"https:\\\/\\\/www.linkedin.com\\\/company\\\/algarve7\",\"https:\\\/\\\/www.pinterest.pt\\\/geral0939\\\/_created\\\/\"]},{\"@type\":\"Person\",\"@id\":\"https:\\\/\\\/algarve7.pt\\\/#\\\/schema\\\/person\\\/23fa70681308e7b319a3204bcea45e0c\",\"name\":\"Algarve 7\",\"sameAs\":[\"https:\\\/\\\/algarve7.pt\",\"https:\\\/\\\/www.facebook.com\\\/algarve7\"],\"url\":\"https:\\\/\\\/algarve7.pt\\\/index.php\\\/author\\\/geralalgarve7-pt\\\/\"}]}<\/script>\n<!-- \/ Yoast SEO plugin. -->","yoast_head_json":{"title":"Lagos une-se a agentes locais na exig\u00eancia de obras urgentes na barra e nas infraestruturas portu\u00e1rias - Algarve 7","description":"Lagos une-se a agentes locais na exig\u00eancia de obras urgentes na barra e nas infraestruturas portu\u00e1rias Atualidade","robots":{"index":"index","follow":"follow","max-snippet":"max-snippet:-1","max-image-preview":"max-image-preview:large","max-video-preview":"max-video-preview:-1"},"canonical":"https:\/\/algarve7.pt\/index.php\/2025\/06\/lagos-une-se-a-agentes-locais-na-exigencia-de-obras-urgentes-na-barra-e-nas-infraestruturas-portuarias\/atualidade\/09\/30\/","og_locale":"pt_PT","og_type":"article","og_title":"Lagos une-se a agentes locais na exig\u00eancia de obras urgentes na barra e nas infraestruturas portu\u00e1rias - Algarve 7","og_description":"Lagos une-se a agentes locais na exig\u00eancia de obras urgentes na barra e nas infraestruturas portu\u00e1rias Atualidade","og_url":"https:\/\/algarve7.pt\/index.php\/2025\/06\/lagos-une-se-a-agentes-locais-na-exigencia-de-obras-urgentes-na-barra-e-nas-infraestruturas-portuarias\/atualidade\/09\/30\/","og_site_name":"Algarve 7","article_publisher":"https:\/\/www.facebook.com\/algarve7","article_author":"https:\/\/www.facebook.com\/algarve7","article_published_time":"2025-06-01T08:30:00+00:00","og_image":[{"width":800,"height":500,"url":"https:\/\/algarve7.pt\/wp-content\/uploads\/2025\/05\/Barra-de-Lagos-2.jpg","type":"image\/jpeg"}],"author":"Algarve 7","twitter_card":"summary_large_image","twitter_creator":"@Algarvesete","twitter_site":"@Algarvesete","twitter_misc":{"Escrito por":"Algarve 7","Tempo estimado de leitura":"3 minutos"},"schema":{"@context":"https:\/\/schema.org","@graph":[{"@type":"Article","@id":"https:\/\/algarve7.pt\/index.php\/2025\/06\/lagos-une-se-a-agentes-locais-na-exigencia-de-obras-urgentes-na-barra-e-nas-infraestruturas-portuarias\/atualidade\/09\/30\/#article","isPartOf":{"@id":"https:\/\/algarve7.pt\/index.php\/2025\/06\/lagos-une-se-a-agentes-locais-na-exigencia-de-obras-urgentes-na-barra-e-nas-infraestruturas-portuarias\/atualidade\/09\/30\/"},"author":{"name":"Algarve 7","@id":"https:\/\/algarve7.pt\/#\/schema\/person\/23fa70681308e7b319a3204bcea45e0c"},"headline":"Lagos une-se a agentes locais na exig\u00eancia de obras urgentes na barra e nas infraestruturas portu\u00e1rias","datePublished":"2025-06-01T08:30:00+00:00","mainEntityOfPage":{"@id":"https:\/\/algarve7.pt\/index.php\/2025\/06\/lagos-une-se-a-agentes-locais-na-exigencia-de-obras-urgentes-na-barra-e-nas-infraestruturas-portuarias\/atualidade\/09\/30\/"},"wordCount":487,"publisher":{"@id":"https:\/\/algarve7.pt\/#organization"},"image":{"@id":"https:\/\/algarve7.pt\/index.php\/2025\/06\/lagos-une-se-a-agentes-locais-na-exigencia-de-obras-urgentes-na-barra-e-nas-infraestruturas-portuarias\/atualidade\/09\/30\/#primaryimage"},"thumbnailUrl":"https:\/\/algarve7.pt\/wp-content\/uploads\/2025\/05\/Barra-de-Lagos-2.jpg","keywords":["Algarve","Atualidade","Lagos"],"articleSection":["Atualidade"],"inLanguage":"pt-PT"},{"@type":"WebPage","@id":"https:\/\/algarve7.pt\/index.php\/2025\/06\/lagos-une-se-a-agentes-locais-na-exigencia-de-obras-urgentes-na-barra-e-nas-infraestruturas-portuarias\/atualidade\/09\/30\/","url":"https:\/\/algarve7.pt\/index.php\/2025\/06\/lagos-une-se-a-agentes-locais-na-exigencia-de-obras-urgentes-na-barra-e-nas-infraestruturas-portuarias\/atualidade\/09\/30\/","name":"Lagos une-se a agentes locais na exig\u00eancia de obras urgentes na barra e nas infraestruturas portu\u00e1rias - Algarve 7","isPartOf":{"@id":"https:\/\/algarve7.pt\/#website"},"primaryImageOfPage":{"@id":"https:\/\/algarve7.pt\/index.php\/2025\/06\/lagos-une-se-a-agentes-locais-na-exigencia-de-obras-urgentes-na-barra-e-nas-infraestruturas-portuarias\/atualidade\/09\/30\/#primaryimage"},"image":{"@id":"https:\/\/algarve7.pt\/index.php\/2025\/06\/lagos-une-se-a-agentes-locais-na-exigencia-de-obras-urgentes-na-barra-e-nas-infraestruturas-portuarias\/atualidade\/09\/30\/#primaryimage"},"thumbnailUrl":"https:\/\/algarve7.pt\/wp-content\/uploads\/2025\/05\/Barra-de-Lagos-2.jpg","datePublished":"2025-06-01T08:30:00+00:00","description":"Lagos une-se a agentes locais na exig\u00eancia de obras urgentes na barra e nas infraestruturas portu\u00e1rias Atualidade","breadcrumb":{"@id":"https:\/\/algarve7.pt\/index.php\/2025\/06\/lagos-une-se-a-agentes-locais-na-exigencia-de-obras-urgentes-na-barra-e-nas-infraestruturas-portuarias\/atualidade\/09\/30\/#breadcrumb"},"inLanguage":"pt-PT","potentialAction":[{"@type":"ReadAction","target":["https:\/\/algarve7.pt\/index.php\/2025\/06\/lagos-une-se-a-agentes-locais-na-exigencia-de-obras-urgentes-na-barra-e-nas-infraestruturas-portuarias\/atualidade\/09\/30\/"]}]},{"@type":"ImageObject","inLanguage":"pt-PT","@id":"https:\/\/algarve7.pt\/index.php\/2025\/06\/lagos-une-se-a-agentes-locais-na-exigencia-de-obras-urgentes-na-barra-e-nas-infraestruturas-portuarias\/atualidade\/09\/30\/#primaryimage","url":"https:\/\/algarve7.pt\/wp-content\/uploads\/2025\/05\/Barra-de-Lagos-2.jpg","contentUrl":"https:\/\/algarve7.pt\/wp-content\/uploads\/2025\/05\/Barra-de-Lagos-2.jpg","width":800,"height":500},{"@type":"BreadcrumbList","@id":"https:\/\/algarve7.pt\/index.php\/2025\/06\/lagos-une-se-a-agentes-locais-na-exigencia-de-obras-urgentes-na-barra-e-nas-infraestruturas-portuarias\/atualidade\/09\/30\/#breadcrumb","itemListElement":[{"@type":"ListItem","position":1,"name":"In\u00edcio","item":"https:\/\/algarve7.pt\/"},{"@type":"ListItem","position":2,"name":"Lagos une-se a agentes locais na exig\u00eancia de obras urgentes na barra e nas infraestruturas portu\u00e1rias"}]},{"@type":"WebSite","@id":"https:\/\/algarve7.pt\/#website","url":"https:\/\/algarve7.pt\/","name":"Algarve 7","description":"Informa\u00e7\u00e3o sobre o Algarve","publisher":{"@id":"https:\/\/algarve7.pt\/#organization"},"potentialAction":[{"@type":"SearchAction","target":{"@type":"EntryPoint","urlTemplate":"https:\/\/algarve7.pt\/?s={search_term_string}"},"query-input":{"@type":"PropertyValueSpecification","valueRequired":true,"valueName":"search_term_string"}}],"inLanguage":"pt-PT"},{"@type":"Organization","@id":"https:\/\/algarve7.pt\/#organization","name":"Algarve 7","url":"https:\/\/algarve7.pt\/","logo":{"@type":"ImageObject","inLanguage":"pt-PT","@id":"https:\/\/algarve7.pt\/#\/schema\/logo\/image\/","url":"https:\/\/algarve7.pt\/wp-content\/uploads\/2020\/10\/Logo-8.jpg","contentUrl":"https:\/\/algarve7.pt\/wp-content\/uploads\/2020\/10\/Logo-8.jpg","width":1680,"height":1186,"caption":"Algarve 7"},"image":{"@id":"https:\/\/algarve7.pt\/#\/schema\/logo\/image\/"},"sameAs":["https:\/\/www.facebook.com\/algarve7","https:\/\/x.com\/Algarvesete","https:\/\/www.instagram.com\/jornalalgarve7\/","https:\/\/www.linkedin.com\/company\/algarve7","https:\/\/www.pinterest.pt\/geral0939\/_created\/"]},{"@type":"Person","@id":"https:\/\/algarve7.pt\/#\/schema\/person\/23fa70681308e7b319a3204bcea45e0c","name":"Algarve 7","sameAs":["https:\/\/algarve7.pt","https:\/\/www.facebook.com\/algarve7"],"url":"https:\/\/algarve7.pt\/index.php\/author\/geralalgarve7-pt\/"}]}},"jetpack_publicize_connections":[],"jetpack_featured_media_url":"https:\/\/algarve7.pt\/wp-content\/uploads\/2025\/05\/Barra-de-Lagos-2.jpg","jetpack_shortlink":"https:\/\/wp.me\/pcezmW-dgj","jetpack_sharing_enabled":true,"_links":{"self":[{"href":"https:\/\/algarve7.pt\/index.php\/wp-json\/wp\/v2\/posts\/50983","targetHints":{"allow":["GET"]}}],"collection":[{"href":"https:\/\/algarve7.pt\/index.php\/wp-json\/wp\/v2\/posts"}],"about":[{"href":"https:\/\/algarve7.pt\/index.php\/wp-json\/wp\/v2\/types\/post"}],"author":[{"embeddable":true,"href":"https:\/\/algarve7.pt\/index.php\/wp-json\/wp\/v2\/users\/1"}],"replies":[{"embeddable":true,"href":"https:\/\/algarve7.pt\/index.php\/wp-json\/wp\/v2\/comments?post=50983"}],"version-history":[{"count":0,"href":"https:\/\/algarve7.pt\/index.php\/wp-json\/wp\/v2\/posts\/50983\/revisions"}],"wp:featuredmedia":[{"embeddable":true,"href":"https:\/\/algarve7.pt\/index.php\/wp-json\/wp\/v2\/media\/50984"}],"wp:attachment":[{"href":"https:\/\/algarve7.pt\/index.php\/wp-json\/wp\/v2\/media?parent=50983"}],"wp:term":[{"taxonomy":"category","embeddable":true,"href":"https:\/\/algarve7.pt\/index.php\/wp-json\/wp\/v2\/categories?post=50983"},{"taxonomy":"post_tag","embeddable":true,"href":"https:\/\/algarve7.pt\/index.php\/wp-json\/wp\/v2\/tags?post=50983"}],"curies":[{"name":"wp","href":"https:\/\/api.w.org\/{rel}","templated":true}]}}