{"id":50980,"date":"2025-06-01T09:00:00","date_gmt":"2025-06-01T08:00:00","guid":{"rendered":"https:\/\/algarve7.pt\/?p=50980"},"modified":"2025-05-31T11:47:42","modified_gmt":"2025-05-31T10:47:42","slug":"mundu-nobu-celebra-primeiro-aniversario-com-balanco-positivo-e-com-os-olhos-postos-no-futuro","status":"publish","type":"post","link":"https:\/\/algarve7.pt\/index.php\/2025\/06\/mundu-nobu-celebra-primeiro-aniversario-com-balanco-positivo-e-com-os-olhos-postos-no-futuro\/atualidade\/09\/00\/","title":{"rendered":"Mundu N\u00f4bu celebra primeiro anivers\u00e1rio com balan\u00e7o positivo e com os olhos postos no futuro"},"content":{"rendered":"\n<p>A ONGD Mundu N\u00f4bu, criada pelo m\u00fasico Dino D\u2019Santiago e Liliana Valpa\u00e7os, comemora o seu primeiro anivers\u00e1rio, marcando um ano de conquistas, de crescimento e de compromisso com a transforma\u00e7\u00e3o social, a inclus\u00e3o e o empoderamento dos jovens com quem trabalham.<\/p>\n\n\n\n<p>Fundada com a miss\u00e3o de contribuir para uma maior representatividade das comunidades vulner\u00e1veis nos diferentes setores da sociedade, a Mundu N\u00f4bu arrancou a sua atividade com o&nbsp;<strong>programa \u201cO Teu Lugar no Mundo<\/strong>\u201d, tendo alcan\u00e7ado marcos significativos neste \u00faltimo ano.&nbsp;&nbsp;<\/p>\n\n\n\n<p>O programa \u201c<strong>O Teu Lugar no Mundo<\/strong>\u201d foi concebido como uma interven\u00e7\u00e3o comunit\u00e1ria de longa dura\u00e7\u00e3o, baseada na metodologia da organiza\u00e7\u00e3o norte-americana Brotherhood Sister Sol. Destinado a jovens entre os 14 e os 18 anos em contextos vulner\u00e1veis e de grupos sociais menos representados, o programa visa apoiar o desenvolvimento de um projeto de vida s\u00f3lido, promovendo a autonomia, o pensamento cr\u00edtico e a perce\u00e7\u00e3o de si mesmos como agentes de mudan\u00e7a social.<\/p>\n\n\n\n<p>Com uma dura\u00e7\u00e3o entre quatro e seis anos, o programa combina sess\u00f5es semanais em grupo, acompanhamento individual, visitas culturais e profissionais, concursos, est\u00e1gios de curta dura\u00e7\u00e3o, apoio escolar e jur\u00eddico, e contacto com figuras inspiradoras. Com 12 temas curriculares, as sess\u00f5es abordam t\u00f3picos como desenvolvimento psicoemocional, hist\u00f3ria de Portugal, de \u00c1frica e das comunidades africanas em Portugal, justi\u00e7a social, literacia financeira, sa\u00fade e autocuidado, educa\u00e7\u00e3o pol\u00edtica, entre outros.<\/p>\n\n\n\n<p>Desde o in\u00edcio do processo de candidaturas, o programa&nbsp;<a href=\"https:\/\/www.mundunobu.org\/programa\">\u201c<em>O Teu Lugar no Mundo<\/em><\/a><em>\u201d<\/em>&nbsp;recebeu mais de 500 inscri\u00e7\u00f5es provenientes de jovens de todo o territ\u00f3rio nacional. Contudo, em virtude da parceria estabelecida com a C\u00e2mara Municipal de Lisboa, a sele\u00e7\u00e3o final foi direcionada exclusivamente a residentes no munic\u00edpio de Lisboa.<\/p>\n\n\n\n<p>Atualmente, o projeto conta com mais de&nbsp;<strong>100 participantes<\/strong>, integrando&nbsp;<strong>jovens entre os 14 e os 18 anos<\/strong>, oriundos de todas as freguesias de Lisboa e representando uma grande diversidade de contextos sociais, culturais e econ\u00f3micos.<\/p>\n\n\n\n<p>Ao longo do \u00faltimo ano, a Mundu N\u00f4bu intensificou a sua colabora\u00e7\u00e3o com associa\u00e7\u00f5es locais e escolas do munic\u00edpio, o que lhes permitiu identificar novas necessidades no terreno, nomeadamente, a import\u00e2ncia de estender o impacto do projeto a faixas et\u00e1rias mais jovens.&nbsp;<\/p>\n\n\n\n<p>Neste contexto, nasceu o&nbsp;<strong>projeto-piloto para jovens dos 12 aos 13 anos<\/strong>, com uma metodologia adaptada e atualmente em implementa\u00e7\u00e3o em parceria com a&nbsp;<strong>Escola Marquesa de Alorna<\/strong>, onde j\u00e1 est\u00e3o a ser acompanhados&nbsp;<strong>23 jovens.<\/strong><\/p>\n\n\n\n<p>Liliana Valpa\u00e7os, co-fundadora da Mundu N\u00f4bu refere \u201cestamos confiantes de que vamos conseguir chegar a cada vez mais jovens e mais territ\u00f3rios, sendo essencial que as empresas,<strong>&nbsp;<\/strong>as funda\u00e7\u00f5es e a sociedade civil estejam cada vez mais consciente da import\u00e2ncia da nossa miss\u00e3o nos dias&nbsp;que&nbsp;correm.\u201d<\/p>\n\n\n\n<p>\u201cO melhor resultado que poder\u00edamos apresentar, \u00e9 o brilho no olhar de cada jovem que faz parte do programa \u201cO Teu Lugar no Mundo\u201d. Cada gesto, cada palavra, cada sil\u00eancio partilhado na Mundu N\u00f4bu ecoa como uma batida no peito, um lugar onde os sonhos n\u00e3o s\u00e3o apenas permitidos,&nbsp;mas&nbsp;cultivados,<strong>&nbsp;<\/strong>refor\u00e7a Dino D\u2019Santiago, co-fundador da Mundu N\u00f4bu.<\/p>\n\n\n\n<p>Com vista \u00e0 consolida\u00e7\u00e3o e expans\u00e3o do seu impacto na sociedade, a Mundu N\u00f4bu projeta alargar o \u00e2mbito geogr\u00e1fico do programa para al\u00e9m da Grande Lisboa, com a implementa\u00e7\u00e3o prevista no Algarve, Porto e, a n\u00edvel internacional, em Cabo Verde.<\/p>\n\n\n\n<p>Estes objetivos de crescimento refletem o compromisso cont\u00ednuo da organiza\u00e7\u00e3o com a promo\u00e7\u00e3o da inclus\u00e3o social, da igualdade de oportunidades e do desenvolvimento comunit\u00e1rio sustent\u00e1vel, alicer\u00e7ada no apoio fundamental da sua rede de parceiros.<\/p>\n","protected":false},"excerpt":{"rendered":"<p>A ONGD Mundu N\u00f4bu, criada pelo m\u00fasico Dino D\u2019Santiago e Liliana Valpa\u00e7os, comemora o seu primeiro anivers\u00e1rio, marcando um ano<\/p>\n","protected":false},"author":1,"featured_media":50981,"comment_status":"closed","ping_status":"closed","sticky":false,"template":"","format":"standard","meta":{"colormag_page_container_layout":"default_layout","colormag_page_sidebar_layout":"default_layout","_monsterinsights_skip_tracking":false,"_monsterinsights_sitenote_active":false,"_monsterinsights_sitenote_note":"","_monsterinsights_sitenote_category":0,"jetpack_post_was_ever_published":false,"_jetpack_newsletter_access":"","_jetpack_dont_email_post_to_subs":false,"_jetpack_newsletter_tier_id":0,"_jetpack_memberships_contains_paywalled_content":false,"_jetpack_memberships_contains_paid_content":false,"footnotes":"","jetpack_publicize_message":"","jetpack_publicize_feature_enabled":true,"jetpack_social_post_already_shared":true,"jetpack_social_options":{"image_generator_settings":{"template":"highway","default_image_id":0,"font":"","enabled":false},"version":2}},"categories":[11],"tags":[36,62],"class_list":["post-50980","post","type-post","status-publish","format-standard","has-post-thumbnail","hentry","category-atualidade","tag-algarve","tag-atualidade"],"yoast_head":"<!-- This site is optimized with the Yoast SEO plugin v27.5 - https:\/\/yoast.com\/product\/yoast-seo-wordpress\/ -->\n<title>Mundu N\u00f4bu celebra primeiro anivers\u00e1rio com balan\u00e7o positivo e com os olhos postos no futuro - Algarve 7<\/title>\n<meta name=\"description\" content=\"Mundu N\u00f4bu celebra primeiro anivers\u00e1rio com balan\u00e7o positivo e com os olhos postos no futuro Atualidade\" \/>\n<meta name=\"robots\" content=\"index, follow, max-snippet:-1, max-image-preview:large, max-video-preview:-1\" \/>\n<link rel=\"canonical\" href=\"https:\/\/algarve7.pt\/index.php\/2025\/06\/mundu-nobu-celebra-primeiro-aniversario-com-balanco-positivo-e-com-os-olhos-postos-no-futuro\/atualidade\/09\/00\/\" \/>\n<meta property=\"og:locale\" content=\"pt_PT\" \/>\n<meta property=\"og:type\" content=\"article\" \/>\n<meta property=\"og:title\" content=\"Mundu N\u00f4bu celebra primeiro anivers\u00e1rio com balan\u00e7o positivo e com os olhos postos no futuro - Algarve 7\" \/>\n<meta property=\"og:description\" content=\"Mundu N\u00f4bu celebra primeiro anivers\u00e1rio com balan\u00e7o positivo e com os olhos postos no futuro Atualidade\" \/>\n<meta property=\"og:url\" content=\"https:\/\/algarve7.pt\/index.php\/2025\/06\/mundu-nobu-celebra-primeiro-aniversario-com-balanco-positivo-e-com-os-olhos-postos-no-futuro\/atualidade\/09\/00\/\" \/>\n<meta property=\"og:site_name\" content=\"Algarve 7\" \/>\n<meta property=\"article:publisher\" content=\"https:\/\/www.facebook.com\/algarve7\" \/>\n<meta property=\"article:author\" content=\"https:\/\/www.facebook.com\/algarve7\" \/>\n<meta property=\"article:published_time\" content=\"2025-06-01T08:00:00+00:00\" \/>\n<meta property=\"og:image\" content=\"https:\/\/algarve7.pt\/wp-content\/uploads\/2025\/05\/Equipa-Mundu-Nobu.jpg\" \/>\n\t<meta property=\"og:image:width\" content=\"800\" \/>\n\t<meta property=\"og:image:height\" content=\"500\" \/>\n\t<meta property=\"og:image:type\" content=\"image\/jpeg\" \/>\n<meta name=\"author\" content=\"Algarve 7\" \/>\n<meta name=\"twitter:card\" content=\"summary_large_image\" \/>\n<meta name=\"twitter:creator\" content=\"@Algarvesete\" \/>\n<meta name=\"twitter:site\" content=\"@Algarvesete\" \/>\n<meta name=\"twitter:label1\" content=\"Escrito por\" \/>\n\t<meta name=\"twitter:data1\" content=\"Algarve 7\" \/>\n\t<meta name=\"twitter:label2\" content=\"Tempo estimado de leitura\" \/>\n\t<meta name=\"twitter:data2\" content=\"4 minutos\" \/>\n<script type=\"application\/ld+json\" class=\"yoast-schema-graph\">{\"@context\":\"https:\\\/\\\/schema.org\",\"@graph\":[{\"@type\":\"Article\",\"@id\":\"https:\\\/\\\/algarve7.pt\\\/index.php\\\/2025\\\/06\\\/mundu-nobu-celebra-primeiro-aniversario-com-balanco-positivo-e-com-os-olhos-postos-no-futuro\\\/atualidade\\\/09\\\/00\\\/#article\",\"isPartOf\":{\"@id\":\"https:\\\/\\\/algarve7.pt\\\/index.php\\\/2025\\\/06\\\/mundu-nobu-celebra-primeiro-aniversario-com-balanco-positivo-e-com-os-olhos-postos-no-futuro\\\/atualidade\\\/09\\\/00\\\/\"},\"author\":{\"name\":\"Algarve 7\",\"@id\":\"https:\\\/\\\/algarve7.pt\\\/#\\\/schema\\\/person\\\/23fa70681308e7b319a3204bcea45e0c\"},\"headline\":\"Mundu N\u00f4bu celebra primeiro anivers\u00e1rio com balan\u00e7o positivo e com os olhos postos no futuro\",\"datePublished\":\"2025-06-01T08:00:00+00:00\",\"mainEntityOfPage\":{\"@id\":\"https:\\\/\\\/algarve7.pt\\\/index.php\\\/2025\\\/06\\\/mundu-nobu-celebra-primeiro-aniversario-com-balanco-positivo-e-com-os-olhos-postos-no-futuro\\\/atualidade\\\/09\\\/00\\\/\"},\"wordCount\":664,\"publisher\":{\"@id\":\"https:\\\/\\\/algarve7.pt\\\/#organization\"},\"image\":{\"@id\":\"https:\\\/\\\/algarve7.pt\\\/index.php\\\/2025\\\/06\\\/mundu-nobu-celebra-primeiro-aniversario-com-balanco-positivo-e-com-os-olhos-postos-no-futuro\\\/atualidade\\\/09\\\/00\\\/#primaryimage\"},\"thumbnailUrl\":\"https:\\\/\\\/algarve7.pt\\\/wp-content\\\/uploads\\\/2025\\\/05\\\/Equipa-Mundu-Nobu.jpg\",\"keywords\":[\"Algarve\",\"Atualidade\"],\"articleSection\":[\"Atualidade\"],\"inLanguage\":\"pt-PT\"},{\"@type\":\"WebPage\",\"@id\":\"https:\\\/\\\/algarve7.pt\\\/index.php\\\/2025\\\/06\\\/mundu-nobu-celebra-primeiro-aniversario-com-balanco-positivo-e-com-os-olhos-postos-no-futuro\\\/atualidade\\\/09\\\/00\\\/\",\"url\":\"https:\\\/\\\/algarve7.pt\\\/index.php\\\/2025\\\/06\\\/mundu-nobu-celebra-primeiro-aniversario-com-balanco-positivo-e-com-os-olhos-postos-no-futuro\\\/atualidade\\\/09\\\/00\\\/\",\"name\":\"Mundu N\u00f4bu celebra primeiro anivers\u00e1rio com balan\u00e7o positivo e com os olhos postos no futuro - Algarve 7\",\"isPartOf\":{\"@id\":\"https:\\\/\\\/algarve7.pt\\\/#website\"},\"primaryImageOfPage\":{\"@id\":\"https:\\\/\\\/algarve7.pt\\\/index.php\\\/2025\\\/06\\\/mundu-nobu-celebra-primeiro-aniversario-com-balanco-positivo-e-com-os-olhos-postos-no-futuro\\\/atualidade\\\/09\\\/00\\\/#primaryimage\"},\"image\":{\"@id\":\"https:\\\/\\\/algarve7.pt\\\/index.php\\\/2025\\\/06\\\/mundu-nobu-celebra-primeiro-aniversario-com-balanco-positivo-e-com-os-olhos-postos-no-futuro\\\/atualidade\\\/09\\\/00\\\/#primaryimage\"},\"thumbnailUrl\":\"https:\\\/\\\/algarve7.pt\\\/wp-content\\\/uploads\\\/2025\\\/05\\\/Equipa-Mundu-Nobu.jpg\",\"datePublished\":\"2025-06-01T08:00:00+00:00\",\"description\":\"Mundu N\u00f4bu celebra primeiro anivers\u00e1rio com balan\u00e7o positivo e com os olhos postos no futuro Atualidade\",\"breadcrumb\":{\"@id\":\"https:\\\/\\\/algarve7.pt\\\/index.php\\\/2025\\\/06\\\/mundu-nobu-celebra-primeiro-aniversario-com-balanco-positivo-e-com-os-olhos-postos-no-futuro\\\/atualidade\\\/09\\\/00\\\/#breadcrumb\"},\"inLanguage\":\"pt-PT\",\"potentialAction\":[{\"@type\":\"ReadAction\",\"target\":[\"https:\\\/\\\/algarve7.pt\\\/index.php\\\/2025\\\/06\\\/mundu-nobu-celebra-primeiro-aniversario-com-balanco-positivo-e-com-os-olhos-postos-no-futuro\\\/atualidade\\\/09\\\/00\\\/\"]}]},{\"@type\":\"ImageObject\",\"inLanguage\":\"pt-PT\",\"@id\":\"https:\\\/\\\/algarve7.pt\\\/index.php\\\/2025\\\/06\\\/mundu-nobu-celebra-primeiro-aniversario-com-balanco-positivo-e-com-os-olhos-postos-no-futuro\\\/atualidade\\\/09\\\/00\\\/#primaryimage\",\"url\":\"https:\\\/\\\/algarve7.pt\\\/wp-content\\\/uploads\\\/2025\\\/05\\\/Equipa-Mundu-Nobu.jpg\",\"contentUrl\":\"https:\\\/\\\/algarve7.pt\\\/wp-content\\\/uploads\\\/2025\\\/05\\\/Equipa-Mundu-Nobu.jpg\",\"width\":800,\"height\":500},{\"@type\":\"BreadcrumbList\",\"@id\":\"https:\\\/\\\/algarve7.pt\\\/index.php\\\/2025\\\/06\\\/mundu-nobu-celebra-primeiro-aniversario-com-balanco-positivo-e-com-os-olhos-postos-no-futuro\\\/atualidade\\\/09\\\/00\\\/#breadcrumb\",\"itemListElement\":[{\"@type\":\"ListItem\",\"position\":1,\"name\":\"In\u00edcio\",\"item\":\"https:\\\/\\\/algarve7.pt\\\/\"},{\"@type\":\"ListItem\",\"position\":2,\"name\":\"Mundu N\u00f4bu celebra primeiro anivers\u00e1rio com balan\u00e7o positivo e com os olhos postos no futuro\"}]},{\"@type\":\"WebSite\",\"@id\":\"https:\\\/\\\/algarve7.pt\\\/#website\",\"url\":\"https:\\\/\\\/algarve7.pt\\\/\",\"name\":\"Algarve 7\",\"description\":\"Informa\u00e7\u00e3o sobre o Algarve\",\"publisher\":{\"@id\":\"https:\\\/\\\/algarve7.pt\\\/#organization\"},\"potentialAction\":[{\"@type\":\"SearchAction\",\"target\":{\"@type\":\"EntryPoint\",\"urlTemplate\":\"https:\\\/\\\/algarve7.pt\\\/?s={search_term_string}\"},\"query-input\":{\"@type\":\"PropertyValueSpecification\",\"valueRequired\":true,\"valueName\":\"search_term_string\"}}],\"inLanguage\":\"pt-PT\"},{\"@type\":\"Organization\",\"@id\":\"https:\\\/\\\/algarve7.pt\\\/#organization\",\"name\":\"Algarve 7\",\"url\":\"https:\\\/\\\/algarve7.pt\\\/\",\"logo\":{\"@type\":\"ImageObject\",\"inLanguage\":\"pt-PT\",\"@id\":\"https:\\\/\\\/algarve7.pt\\\/#\\\/schema\\\/logo\\\/image\\\/\",\"url\":\"https:\\\/\\\/algarve7.pt\\\/wp-content\\\/uploads\\\/2020\\\/10\\\/Logo-8.jpg\",\"contentUrl\":\"https:\\\/\\\/algarve7.pt\\\/wp-content\\\/uploads\\\/2020\\\/10\\\/Logo-8.jpg\",\"width\":1680,\"height\":1186,\"caption\":\"Algarve 7\"},\"image\":{\"@id\":\"https:\\\/\\\/algarve7.pt\\\/#\\\/schema\\\/logo\\\/image\\\/\"},\"sameAs\":[\"https:\\\/\\\/www.facebook.com\\\/algarve7\",\"https:\\\/\\\/x.com\\\/Algarvesete\",\"https:\\\/\\\/www.instagram.com\\\/jornalalgarve7\\\/\",\"https:\\\/\\\/www.linkedin.com\\\/company\\\/algarve7\",\"https:\\\/\\\/www.pinterest.pt\\\/geral0939\\\/_created\\\/\"]},{\"@type\":\"Person\",\"@id\":\"https:\\\/\\\/algarve7.pt\\\/#\\\/schema\\\/person\\\/23fa70681308e7b319a3204bcea45e0c\",\"name\":\"Algarve 7\",\"sameAs\":[\"https:\\\/\\\/algarve7.pt\",\"https:\\\/\\\/www.facebook.com\\\/algarve7\"],\"url\":\"https:\\\/\\\/algarve7.pt\\\/index.php\\\/author\\\/geralalgarve7-pt\\\/\"}]}<\/script>\n<!-- \/ Yoast SEO plugin. -->","yoast_head_json":{"title":"Mundu N\u00f4bu celebra primeiro anivers\u00e1rio com balan\u00e7o positivo e com os olhos postos no futuro - Algarve 7","description":"Mundu N\u00f4bu celebra primeiro anivers\u00e1rio com balan\u00e7o positivo e com os olhos postos no futuro Atualidade","robots":{"index":"index","follow":"follow","max-snippet":"max-snippet:-1","max-image-preview":"max-image-preview:large","max-video-preview":"max-video-preview:-1"},"canonical":"https:\/\/algarve7.pt\/index.php\/2025\/06\/mundu-nobu-celebra-primeiro-aniversario-com-balanco-positivo-e-com-os-olhos-postos-no-futuro\/atualidade\/09\/00\/","og_locale":"pt_PT","og_type":"article","og_title":"Mundu N\u00f4bu celebra primeiro anivers\u00e1rio com balan\u00e7o positivo e com os olhos postos no futuro - Algarve 7","og_description":"Mundu N\u00f4bu celebra primeiro anivers\u00e1rio com balan\u00e7o positivo e com os olhos postos no futuro Atualidade","og_url":"https:\/\/algarve7.pt\/index.php\/2025\/06\/mundu-nobu-celebra-primeiro-aniversario-com-balanco-positivo-e-com-os-olhos-postos-no-futuro\/atualidade\/09\/00\/","og_site_name":"Algarve 7","article_publisher":"https:\/\/www.facebook.com\/algarve7","article_author":"https:\/\/www.facebook.com\/algarve7","article_published_time":"2025-06-01T08:00:00+00:00","og_image":[{"width":800,"height":500,"url":"https:\/\/algarve7.pt\/wp-content\/uploads\/2025\/05\/Equipa-Mundu-Nobu.jpg","type":"image\/jpeg"}],"author":"Algarve 7","twitter_card":"summary_large_image","twitter_creator":"@Algarvesete","twitter_site":"@Algarvesete","twitter_misc":{"Escrito por":"Algarve 7","Tempo estimado de leitura":"4 minutos"},"schema":{"@context":"https:\/\/schema.org","@graph":[{"@type":"Article","@id":"https:\/\/algarve7.pt\/index.php\/2025\/06\/mundu-nobu-celebra-primeiro-aniversario-com-balanco-positivo-e-com-os-olhos-postos-no-futuro\/atualidade\/09\/00\/#article","isPartOf":{"@id":"https:\/\/algarve7.pt\/index.php\/2025\/06\/mundu-nobu-celebra-primeiro-aniversario-com-balanco-positivo-e-com-os-olhos-postos-no-futuro\/atualidade\/09\/00\/"},"author":{"name":"Algarve 7","@id":"https:\/\/algarve7.pt\/#\/schema\/person\/23fa70681308e7b319a3204bcea45e0c"},"headline":"Mundu N\u00f4bu celebra primeiro anivers\u00e1rio com balan\u00e7o positivo e com os olhos postos no futuro","datePublished":"2025-06-01T08:00:00+00:00","mainEntityOfPage":{"@id":"https:\/\/algarve7.pt\/index.php\/2025\/06\/mundu-nobu-celebra-primeiro-aniversario-com-balanco-positivo-e-com-os-olhos-postos-no-futuro\/atualidade\/09\/00\/"},"wordCount":664,"publisher":{"@id":"https:\/\/algarve7.pt\/#organization"},"image":{"@id":"https:\/\/algarve7.pt\/index.php\/2025\/06\/mundu-nobu-celebra-primeiro-aniversario-com-balanco-positivo-e-com-os-olhos-postos-no-futuro\/atualidade\/09\/00\/#primaryimage"},"thumbnailUrl":"https:\/\/algarve7.pt\/wp-content\/uploads\/2025\/05\/Equipa-Mundu-Nobu.jpg","keywords":["Algarve","Atualidade"],"articleSection":["Atualidade"],"inLanguage":"pt-PT"},{"@type":"WebPage","@id":"https:\/\/algarve7.pt\/index.php\/2025\/06\/mundu-nobu-celebra-primeiro-aniversario-com-balanco-positivo-e-com-os-olhos-postos-no-futuro\/atualidade\/09\/00\/","url":"https:\/\/algarve7.pt\/index.php\/2025\/06\/mundu-nobu-celebra-primeiro-aniversario-com-balanco-positivo-e-com-os-olhos-postos-no-futuro\/atualidade\/09\/00\/","name":"Mundu N\u00f4bu celebra primeiro anivers\u00e1rio com balan\u00e7o positivo e com os olhos postos no futuro - Algarve 7","isPartOf":{"@id":"https:\/\/algarve7.pt\/#website"},"primaryImageOfPage":{"@id":"https:\/\/algarve7.pt\/index.php\/2025\/06\/mundu-nobu-celebra-primeiro-aniversario-com-balanco-positivo-e-com-os-olhos-postos-no-futuro\/atualidade\/09\/00\/#primaryimage"},"image":{"@id":"https:\/\/algarve7.pt\/index.php\/2025\/06\/mundu-nobu-celebra-primeiro-aniversario-com-balanco-positivo-e-com-os-olhos-postos-no-futuro\/atualidade\/09\/00\/#primaryimage"},"thumbnailUrl":"https:\/\/algarve7.pt\/wp-content\/uploads\/2025\/05\/Equipa-Mundu-Nobu.jpg","datePublished":"2025-06-01T08:00:00+00:00","description":"Mundu N\u00f4bu celebra primeiro anivers\u00e1rio com balan\u00e7o positivo e com os olhos postos no futuro Atualidade","breadcrumb":{"@id":"https:\/\/algarve7.pt\/index.php\/2025\/06\/mundu-nobu-celebra-primeiro-aniversario-com-balanco-positivo-e-com-os-olhos-postos-no-futuro\/atualidade\/09\/00\/#breadcrumb"},"inLanguage":"pt-PT","potentialAction":[{"@type":"ReadAction","target":["https:\/\/algarve7.pt\/index.php\/2025\/06\/mundu-nobu-celebra-primeiro-aniversario-com-balanco-positivo-e-com-os-olhos-postos-no-futuro\/atualidade\/09\/00\/"]}]},{"@type":"ImageObject","inLanguage":"pt-PT","@id":"https:\/\/algarve7.pt\/index.php\/2025\/06\/mundu-nobu-celebra-primeiro-aniversario-com-balanco-positivo-e-com-os-olhos-postos-no-futuro\/atualidade\/09\/00\/#primaryimage","url":"https:\/\/algarve7.pt\/wp-content\/uploads\/2025\/05\/Equipa-Mundu-Nobu.jpg","contentUrl":"https:\/\/algarve7.pt\/wp-content\/uploads\/2025\/05\/Equipa-Mundu-Nobu.jpg","width":800,"height":500},{"@type":"BreadcrumbList","@id":"https:\/\/algarve7.pt\/index.php\/2025\/06\/mundu-nobu-celebra-primeiro-aniversario-com-balanco-positivo-e-com-os-olhos-postos-no-futuro\/atualidade\/09\/00\/#breadcrumb","itemListElement":[{"@type":"ListItem","position":1,"name":"In\u00edcio","item":"https:\/\/algarve7.pt\/"},{"@type":"ListItem","position":2,"name":"Mundu N\u00f4bu celebra primeiro anivers\u00e1rio com balan\u00e7o positivo e com os olhos postos no futuro"}]},{"@type":"WebSite","@id":"https:\/\/algarve7.pt\/#website","url":"https:\/\/algarve7.pt\/","name":"Algarve 7","description":"Informa\u00e7\u00e3o sobre o Algarve","publisher":{"@id":"https:\/\/algarve7.pt\/#organization"},"potentialAction":[{"@type":"SearchAction","target":{"@type":"EntryPoint","urlTemplate":"https:\/\/algarve7.pt\/?s={search_term_string}"},"query-input":{"@type":"PropertyValueSpecification","valueRequired":true,"valueName":"search_term_string"}}],"inLanguage":"pt-PT"},{"@type":"Organization","@id":"https:\/\/algarve7.pt\/#organization","name":"Algarve 7","url":"https:\/\/algarve7.pt\/","logo":{"@type":"ImageObject","inLanguage":"pt-PT","@id":"https:\/\/algarve7.pt\/#\/schema\/logo\/image\/","url":"https:\/\/algarve7.pt\/wp-content\/uploads\/2020\/10\/Logo-8.jpg","contentUrl":"https:\/\/algarve7.pt\/wp-content\/uploads\/2020\/10\/Logo-8.jpg","width":1680,"height":1186,"caption":"Algarve 7"},"image":{"@id":"https:\/\/algarve7.pt\/#\/schema\/logo\/image\/"},"sameAs":["https:\/\/www.facebook.com\/algarve7","https:\/\/x.com\/Algarvesete","https:\/\/www.instagram.com\/jornalalgarve7\/","https:\/\/www.linkedin.com\/company\/algarve7","https:\/\/www.pinterest.pt\/geral0939\/_created\/"]},{"@type":"Person","@id":"https:\/\/algarve7.pt\/#\/schema\/person\/23fa70681308e7b319a3204bcea45e0c","name":"Algarve 7","sameAs":["https:\/\/algarve7.pt","https:\/\/www.facebook.com\/algarve7"],"url":"https:\/\/algarve7.pt\/index.php\/author\/geralalgarve7-pt\/"}]}},"jetpack_publicize_connections":[],"jetpack_featured_media_url":"https:\/\/algarve7.pt\/wp-content\/uploads\/2025\/05\/Equipa-Mundu-Nobu.jpg","jetpack_shortlink":"https:\/\/wp.me\/pcezmW-dgg","jetpack_sharing_enabled":true,"_links":{"self":[{"href":"https:\/\/algarve7.pt\/index.php\/wp-json\/wp\/v2\/posts\/50980","targetHints":{"allow":["GET"]}}],"collection":[{"href":"https:\/\/algarve7.pt\/index.php\/wp-json\/wp\/v2\/posts"}],"about":[{"href":"https:\/\/algarve7.pt\/index.php\/wp-json\/wp\/v2\/types\/post"}],"author":[{"embeddable":true,"href":"https:\/\/algarve7.pt\/index.php\/wp-json\/wp\/v2\/users\/1"}],"replies":[{"embeddable":true,"href":"https:\/\/algarve7.pt\/index.php\/wp-json\/wp\/v2\/comments?post=50980"}],"version-history":[{"count":0,"href":"https:\/\/algarve7.pt\/index.php\/wp-json\/wp\/v2\/posts\/50980\/revisions"}],"wp:featuredmedia":[{"embeddable":true,"href":"https:\/\/algarve7.pt\/index.php\/wp-json\/wp\/v2\/media\/50981"}],"wp:attachment":[{"href":"https:\/\/algarve7.pt\/index.php\/wp-json\/wp\/v2\/media?parent=50980"}],"wp:term":[{"taxonomy":"category","embeddable":true,"href":"https:\/\/algarve7.pt\/index.php\/wp-json\/wp\/v2\/categories?post=50980"},{"taxonomy":"post_tag","embeddable":true,"href":"https:\/\/algarve7.pt\/index.php\/wp-json\/wp\/v2\/tags?post=50980"}],"curies":[{"name":"wp","href":"https:\/\/api.w.org\/{rel}","templated":true}]}}