{"id":50884,"date":"2025-05-28T09:20:00","date_gmt":"2025-05-28T08:20:00","guid":{"rendered":"https:\/\/algarve7.pt\/?p=50884"},"modified":"2025-05-27T12:14:20","modified_gmt":"2025-05-27T11:14:20","slug":"portimao-celebra-o-dia-mundial-da-crianca-com-silent-party-ao-ar-livre-e-um-programa-diversificado-para-toda-a-familia","status":"publish","type":"post","link":"https:\/\/algarve7.pt\/index.php\/2025\/05\/portimao-celebra-o-dia-mundial-da-crianca-com-silent-party-ao-ar-livre-e-um-programa-diversificado-para-toda-a-familia\/atualidade\/09\/20\/","title":{"rendered":"Portim\u00e3o celebra o Dia Mundial da Crian\u00e7a com Silent Party ao ar livre e um programa diversificado para toda a fam\u00edlia\u00a0"},"content":{"rendered":"\n<p>A C\u00e2mara Municipal de Portim\u00e3o assinala o Dia Mundial da Crian\u00e7a com um conjunto de iniciativas gratuitas dirigidas a crian\u00e7as e fam\u00edlias, promovendo a conviv\u00eancia intergeracional e a celebra\u00e7\u00e3o da inf\u00e2ncia atrav\u00e9s da m\u00fasica, das artes, da literatura e do lazer.<\/p>\n\n\n\n<p>O ponto alto do programa ser\u00e1 a realiza\u00e7\u00e3o de uma \u201cSilent Party\u201d ao ar livre, que ter\u00e1 lugar no centro da cidade, na Pra\u00e7a da Rep\u00fablica (Alameda), no dia 1 de junho, entre as 16h00 e as 22h00.&nbsp;<\/p>\n\n\n\n<p>Esta iniciativa prop\u00f5e uma experi\u00eancia inovadora de divers\u00e3o silenciosa, onde a m\u00fasica s\u00f3 se ouve atrav\u00e9s de auscultadores individuais. Dois DJ\u2019s tocam simultaneamente em canais diferentes, permitindo que cada participante escolha a sua prefer\u00eancia musical, identificada por uma luz LED (vermelha ou verde) nos auscultadores. O ambiente \u00e9 marcado pelo contraste entre o sil\u00eancio exterior e a intensa anima\u00e7\u00e3o vivida por todos os presentes.<\/p>\n\n\n\n<p>Este conceito internacional, que ganha cada vez mais destaque em cidades de todo o mundo, proporciona uma viv\u00eancia inclusiva e interativa, permitindo que pessoas de diferentes idades e gostos musicais partilhem o mesmo espa\u00e7o em harmonia.&nbsp;<\/p>\n\n\n\n<p><strong>Atividades complementares no Dia da Crian\u00e7a<\/strong><\/p>\n\n\n\n<p>O tradicional carrossel infantil instalado junto ao Jardim Visconde B\u00edvar estar\u00e1 em funcionamento ao longo de todo o dia, das 10h30 \u00e0s 19h00, com um valor simb\u00f3lico de um euro por viagem, contribuindo para a oferta de entretenimento familiar.<\/p>\n\n\n\n<p>Ainda na Zona Ribeirinha de Portim\u00e3o, inserido no evento Ribeirinha Beach, decorre a partir das 18h30 um conjunto de atividades, promovidas pelo P\u00e1teo das Artes, que pretendem estimular a express\u00e3o art\u00edstica e a criatividade das crian\u00e7as atrav\u00e9s de din\u00e2micas l\u00fadico-pedag\u00f3gicas, num ambiente descontra\u00eddo e com acesso livre.<\/p>\n\n\n\n<p>A programa\u00e7\u00e3o musical inclui tamb\u00e9m um momento com o concerto do Barlavento Ensemble, pelas 18h00 no Museu de Portim\u00e3o. Esta orquestra de cordas, composta por jovens m\u00fasicos da regi\u00e3o, apresenta um repert\u00f3rio acess\u00edvel a p\u00fablicos de todas as idades, iniciando com a obra Eine Kleine Nachtmusik de Mozart e seguindo com pe\u00e7as inspiradas no universo da \u00f3pera e das dan\u00e7as populares europeias, incluindo composi\u00e7\u00f5es de Rossini, Bizet, Johann Strauss e Brahms.&nbsp;<\/p>\n\n\n\n<p>Com dire\u00e7\u00e3o musical a cargo de Crist\u00f3v\u00e3o Silva, os bilhetes t\u00eam um custo de 10 euros para adultos e 6 euros para menores de 18 anos, estando dispon\u00edveis no Museu de Portim\u00e3o e em www.portimao.bol.pt.<\/p>\n\n\n\n<p>Antecipando o Dia da Crian\u00e7a, a Biblioteca Municipal Manuel Teixeira Gomes acolhe, no dia 31 de maio, \u00e0s 16h00, o ateli\u00ea \u201cGrandes e Pequenos\u201d, dinamizado por Joana Charneco, mestre em Educa\u00e7\u00e3o de Inf\u00e2ncia e Ensino do 1.\u00ba Ciclo. Este momento de narra\u00e7\u00e3o oral convida crian\u00e7as e fam\u00edlias a embarcarem numa viagem liter\u00e1ria pelo mar, atrav\u00e9s de contos que evocam a fantasia de piratas, barcos e criaturas marinhas, numa experi\u00eancia sensorial e envolvente.<\/p>\n\n\n\n<p>Tamb\u00e9m a vila da Mexilhoeira Grande festejar\u00e1 o Dia da Crian\u00e7a de forma especial, promovendo diversas atividades no dia 1 no adro da Igreja Matriz a partir das 09h00, onde n\u00e3o faltar\u00e3o um torneio de futebol, um passeio de bicicleta em fam\u00edlia, um peddypaper, al\u00e9m de insufl\u00e1veis, jogos tradicionais e muitas surpresas, sempre de acesso livre.<\/p>\n\n\n\n<p>Em Alvor, o destaque vai para a reabertura de dois parques infantis totalmente renovados, localizados na zona da M\u00e1 Partilha e na Urbaniza\u00e7\u00e3o Serra e Mar. Ap\u00f3s obras de requalifica\u00e7\u00e3o, estes espa\u00e7os j\u00e1 est\u00e3o novamente ao dispor das crian\u00e7as, oferecendo melhores condi\u00e7\u00f5es de seguran\u00e7a e lazer ao ar livre.<\/p>\n\n\n\n<p>Este conjunto de atividades sublinha o compromisso do Munic\u00edpio de Portim\u00e3o com a promo\u00e7\u00e3o de pol\u00edticas p\u00fablicas amigas da inf\u00e2ncia e do refor\u00e7o do papel das fam\u00edlias na vida comunit\u00e1ria.&nbsp;<\/p>\n","protected":false},"excerpt":{"rendered":"<p>A C\u00e2mara Municipal de Portim\u00e3o assinala o Dia Mundial da Crian\u00e7a com um conjunto de iniciativas gratuitas dirigidas a crian\u00e7as<\/p>\n","protected":false},"author":1,"featured_media":50885,"comment_status":"closed","ping_status":"closed","sticky":false,"template":"","format":"standard","meta":{"colormag_page_container_layout":"default_layout","colormag_page_sidebar_layout":"default_layout","_monsterinsights_skip_tracking":false,"_monsterinsights_sitenote_active":false,"_monsterinsights_sitenote_note":"","_monsterinsights_sitenote_category":0,"jetpack_post_was_ever_published":false,"_jetpack_newsletter_access":"","_jetpack_dont_email_post_to_subs":false,"_jetpack_newsletter_tier_id":0,"_jetpack_memberships_contains_paywalled_content":false,"_jetpack_memberships_contains_paid_content":false,"footnotes":"","jetpack_publicize_message":"","jetpack_publicize_feature_enabled":true,"jetpack_social_post_already_shared":true,"jetpack_social_options":{"image_generator_settings":{"template":"highway","default_image_id":0,"font":"","enabled":false},"version":2}},"categories":[11],"tags":[36,62,72],"class_list":["post-50884","post","type-post","status-publish","format-standard","has-post-thumbnail","hentry","category-atualidade","tag-algarve","tag-atualidade","tag-portimao"],"yoast_head":"<!-- This site is optimized with the Yoast SEO plugin v27.5 - https:\/\/yoast.com\/product\/yoast-seo-wordpress\/ -->\n<title>Portim\u00e3o celebra o Dia Mundial da Crian\u00e7a com Silent Party ao ar livre e um programa diversificado para toda a fam\u00edlia\u00a0 - Algarve 7<\/title>\n<meta name=\"description\" content=\"Portim\u00e3o celebra o Dia Mundial da Crian\u00e7a com Silent Party ao ar livre e um programa diversificado para toda a fam\u00edlia\u00a0 Atualidade\" \/>\n<meta name=\"robots\" content=\"index, follow, max-snippet:-1, max-image-preview:large, max-video-preview:-1\" \/>\n<link rel=\"canonical\" href=\"https:\/\/algarve7.pt\/index.php\/2025\/05\/portimao-celebra-o-dia-mundial-da-crianca-com-silent-party-ao-ar-livre-e-um-programa-diversificado-para-toda-a-familia\/atualidade\/09\/20\/\" \/>\n<meta property=\"og:locale\" content=\"pt_PT\" \/>\n<meta property=\"og:type\" content=\"article\" \/>\n<meta property=\"og:title\" content=\"Portim\u00e3o celebra o Dia Mundial da Crian\u00e7a com Silent Party ao ar livre e um programa diversificado para toda a fam\u00edlia\u00a0 - Algarve 7\" \/>\n<meta property=\"og:description\" content=\"Portim\u00e3o celebra o Dia Mundial da Crian\u00e7a com Silent Party ao ar livre e um programa diversificado para toda a fam\u00edlia\u00a0 Atualidade\" \/>\n<meta property=\"og:url\" content=\"https:\/\/algarve7.pt\/index.php\/2025\/05\/portimao-celebra-o-dia-mundial-da-crianca-com-silent-party-ao-ar-livre-e-um-programa-diversificado-para-toda-a-familia\/atualidade\/09\/20\/\" \/>\n<meta property=\"og:site_name\" content=\"Algarve 7\" \/>\n<meta property=\"article:publisher\" content=\"https:\/\/www.facebook.com\/algarve7\" \/>\n<meta property=\"article:author\" content=\"https:\/\/www.facebook.com\/algarve7\" \/>\n<meta property=\"article:published_time\" content=\"2025-05-28T08:20:00+00:00\" \/>\n<meta property=\"og:image\" content=\"https:\/\/algarve7.pt\/wp-content\/uploads\/2025\/05\/Silent-Party2.jpg\" \/>\n\t<meta property=\"og:image:width\" content=\"800\" \/>\n\t<meta property=\"og:image:height\" content=\"500\" \/>\n\t<meta property=\"og:image:type\" content=\"image\/jpeg\" \/>\n<meta name=\"author\" content=\"Algarve 7\" \/>\n<meta name=\"twitter:card\" content=\"summary_large_image\" \/>\n<meta name=\"twitter:creator\" content=\"@Algarvesete\" \/>\n<meta name=\"twitter:site\" content=\"@Algarvesete\" \/>\n<meta name=\"twitter:label1\" content=\"Escrito por\" \/>\n\t<meta name=\"twitter:data1\" content=\"Algarve 7\" \/>\n\t<meta name=\"twitter:label2\" content=\"Tempo estimado de leitura\" \/>\n\t<meta name=\"twitter:data2\" content=\"4 minutos\" \/>\n<script type=\"application\/ld+json\" class=\"yoast-schema-graph\">{\"@context\":\"https:\\\/\\\/schema.org\",\"@graph\":[{\"@type\":\"Article\",\"@id\":\"https:\\\/\\\/algarve7.pt\\\/index.php\\\/2025\\\/05\\\/portimao-celebra-o-dia-mundial-da-crianca-com-silent-party-ao-ar-livre-e-um-programa-diversificado-para-toda-a-familia\\\/atualidade\\\/09\\\/20\\\/#article\",\"isPartOf\":{\"@id\":\"https:\\\/\\\/algarve7.pt\\\/index.php\\\/2025\\\/05\\\/portimao-celebra-o-dia-mundial-da-crianca-com-silent-party-ao-ar-livre-e-um-programa-diversificado-para-toda-a-familia\\\/atualidade\\\/09\\\/20\\\/\"},\"author\":{\"name\":\"Algarve 7\",\"@id\":\"https:\\\/\\\/algarve7.pt\\\/#\\\/schema\\\/person\\\/23fa70681308e7b319a3204bcea45e0c\"},\"headline\":\"Portim\u00e3o celebra o Dia Mundial da Crian\u00e7a com Silent Party ao ar livre e um programa diversificado para toda a fam\u00edlia\u00a0\",\"datePublished\":\"2025-05-28T08:20:00+00:00\",\"mainEntityOfPage\":{\"@id\":\"https:\\\/\\\/algarve7.pt\\\/index.php\\\/2025\\\/05\\\/portimao-celebra-o-dia-mundial-da-crianca-com-silent-party-ao-ar-livre-e-um-programa-diversificado-para-toda-a-familia\\\/atualidade\\\/09\\\/20\\\/\"},\"wordCount\":694,\"publisher\":{\"@id\":\"https:\\\/\\\/algarve7.pt\\\/#organization\"},\"image\":{\"@id\":\"https:\\\/\\\/algarve7.pt\\\/index.php\\\/2025\\\/05\\\/portimao-celebra-o-dia-mundial-da-crianca-com-silent-party-ao-ar-livre-e-um-programa-diversificado-para-toda-a-familia\\\/atualidade\\\/09\\\/20\\\/#primaryimage\"},\"thumbnailUrl\":\"https:\\\/\\\/algarve7.pt\\\/wp-content\\\/uploads\\\/2025\\\/05\\\/Silent-Party2.jpg\",\"keywords\":[\"Algarve\",\"Atualidade\",\"Portim\u00e3o\"],\"articleSection\":[\"Atualidade\"],\"inLanguage\":\"pt-PT\"},{\"@type\":\"WebPage\",\"@id\":\"https:\\\/\\\/algarve7.pt\\\/index.php\\\/2025\\\/05\\\/portimao-celebra-o-dia-mundial-da-crianca-com-silent-party-ao-ar-livre-e-um-programa-diversificado-para-toda-a-familia\\\/atualidade\\\/09\\\/20\\\/\",\"url\":\"https:\\\/\\\/algarve7.pt\\\/index.php\\\/2025\\\/05\\\/portimao-celebra-o-dia-mundial-da-crianca-com-silent-party-ao-ar-livre-e-um-programa-diversificado-para-toda-a-familia\\\/atualidade\\\/09\\\/20\\\/\",\"name\":\"Portim\u00e3o celebra o Dia Mundial da Crian\u00e7a com Silent Party ao ar livre e um programa diversificado para toda a fam\u00edlia\u00a0 - Algarve 7\",\"isPartOf\":{\"@id\":\"https:\\\/\\\/algarve7.pt\\\/#website\"},\"primaryImageOfPage\":{\"@id\":\"https:\\\/\\\/algarve7.pt\\\/index.php\\\/2025\\\/05\\\/portimao-celebra-o-dia-mundial-da-crianca-com-silent-party-ao-ar-livre-e-um-programa-diversificado-para-toda-a-familia\\\/atualidade\\\/09\\\/20\\\/#primaryimage\"},\"image\":{\"@id\":\"https:\\\/\\\/algarve7.pt\\\/index.php\\\/2025\\\/05\\\/portimao-celebra-o-dia-mundial-da-crianca-com-silent-party-ao-ar-livre-e-um-programa-diversificado-para-toda-a-familia\\\/atualidade\\\/09\\\/20\\\/#primaryimage\"},\"thumbnailUrl\":\"https:\\\/\\\/algarve7.pt\\\/wp-content\\\/uploads\\\/2025\\\/05\\\/Silent-Party2.jpg\",\"datePublished\":\"2025-05-28T08:20:00+00:00\",\"description\":\"Portim\u00e3o celebra o Dia Mundial da Crian\u00e7a com Silent Party ao ar livre e um programa diversificado para toda a fam\u00edlia\u00a0 Atualidade\",\"breadcrumb\":{\"@id\":\"https:\\\/\\\/algarve7.pt\\\/index.php\\\/2025\\\/05\\\/portimao-celebra-o-dia-mundial-da-crianca-com-silent-party-ao-ar-livre-e-um-programa-diversificado-para-toda-a-familia\\\/atualidade\\\/09\\\/20\\\/#breadcrumb\"},\"inLanguage\":\"pt-PT\",\"potentialAction\":[{\"@type\":\"ReadAction\",\"target\":[\"https:\\\/\\\/algarve7.pt\\\/index.php\\\/2025\\\/05\\\/portimao-celebra-o-dia-mundial-da-crianca-com-silent-party-ao-ar-livre-e-um-programa-diversificado-para-toda-a-familia\\\/atualidade\\\/09\\\/20\\\/\"]}]},{\"@type\":\"ImageObject\",\"inLanguage\":\"pt-PT\",\"@id\":\"https:\\\/\\\/algarve7.pt\\\/index.php\\\/2025\\\/05\\\/portimao-celebra-o-dia-mundial-da-crianca-com-silent-party-ao-ar-livre-e-um-programa-diversificado-para-toda-a-familia\\\/atualidade\\\/09\\\/20\\\/#primaryimage\",\"url\":\"https:\\\/\\\/algarve7.pt\\\/wp-content\\\/uploads\\\/2025\\\/05\\\/Silent-Party2.jpg\",\"contentUrl\":\"https:\\\/\\\/algarve7.pt\\\/wp-content\\\/uploads\\\/2025\\\/05\\\/Silent-Party2.jpg\",\"width\":800,\"height\":500},{\"@type\":\"BreadcrumbList\",\"@id\":\"https:\\\/\\\/algarve7.pt\\\/index.php\\\/2025\\\/05\\\/portimao-celebra-o-dia-mundial-da-crianca-com-silent-party-ao-ar-livre-e-um-programa-diversificado-para-toda-a-familia\\\/atualidade\\\/09\\\/20\\\/#breadcrumb\",\"itemListElement\":[{\"@type\":\"ListItem\",\"position\":1,\"name\":\"In\u00edcio\",\"item\":\"https:\\\/\\\/algarve7.pt\\\/\"},{\"@type\":\"ListItem\",\"position\":2,\"name\":\"Portim\u00e3o celebra o Dia Mundial da Crian\u00e7a com Silent Party ao ar livre e um programa diversificado para toda a fam\u00edlia\u00a0\"}]},{\"@type\":\"WebSite\",\"@id\":\"https:\\\/\\\/algarve7.pt\\\/#website\",\"url\":\"https:\\\/\\\/algarve7.pt\\\/\",\"name\":\"Algarve 7\",\"description\":\"Informa\u00e7\u00e3o sobre o Algarve\",\"publisher\":{\"@id\":\"https:\\\/\\\/algarve7.pt\\\/#organization\"},\"potentialAction\":[{\"@type\":\"SearchAction\",\"target\":{\"@type\":\"EntryPoint\",\"urlTemplate\":\"https:\\\/\\\/algarve7.pt\\\/?s={search_term_string}\"},\"query-input\":{\"@type\":\"PropertyValueSpecification\",\"valueRequired\":true,\"valueName\":\"search_term_string\"}}],\"inLanguage\":\"pt-PT\"},{\"@type\":\"Organization\",\"@id\":\"https:\\\/\\\/algarve7.pt\\\/#organization\",\"name\":\"Algarve 7\",\"url\":\"https:\\\/\\\/algarve7.pt\\\/\",\"logo\":{\"@type\":\"ImageObject\",\"inLanguage\":\"pt-PT\",\"@id\":\"https:\\\/\\\/algarve7.pt\\\/#\\\/schema\\\/logo\\\/image\\\/\",\"url\":\"https:\\\/\\\/algarve7.pt\\\/wp-content\\\/uploads\\\/2020\\\/10\\\/Logo-8.jpg\",\"contentUrl\":\"https:\\\/\\\/algarve7.pt\\\/wp-content\\\/uploads\\\/2020\\\/10\\\/Logo-8.jpg\",\"width\":1680,\"height\":1186,\"caption\":\"Algarve 7\"},\"image\":{\"@id\":\"https:\\\/\\\/algarve7.pt\\\/#\\\/schema\\\/logo\\\/image\\\/\"},\"sameAs\":[\"https:\\\/\\\/www.facebook.com\\\/algarve7\",\"https:\\\/\\\/x.com\\\/Algarvesete\",\"https:\\\/\\\/www.instagram.com\\\/jornalalgarve7\\\/\",\"https:\\\/\\\/www.linkedin.com\\\/company\\\/algarve7\",\"https:\\\/\\\/www.pinterest.pt\\\/geral0939\\\/_created\\\/\"]},{\"@type\":\"Person\",\"@id\":\"https:\\\/\\\/algarve7.pt\\\/#\\\/schema\\\/person\\\/23fa70681308e7b319a3204bcea45e0c\",\"name\":\"Algarve 7\",\"sameAs\":[\"https:\\\/\\\/algarve7.pt\",\"https:\\\/\\\/www.facebook.com\\\/algarve7\"],\"url\":\"https:\\\/\\\/algarve7.pt\\\/index.php\\\/author\\\/geralalgarve7-pt\\\/\"}]}<\/script>\n<!-- \/ Yoast SEO plugin. -->","yoast_head_json":{"title":"Portim\u00e3o celebra o Dia Mundial da Crian\u00e7a com Silent Party ao ar livre e um programa diversificado para toda a fam\u00edlia\u00a0 - Algarve 7","description":"Portim\u00e3o celebra o Dia Mundial da Crian\u00e7a com Silent Party ao ar livre e um programa diversificado para toda a fam\u00edlia\u00a0 Atualidade","robots":{"index":"index","follow":"follow","max-snippet":"max-snippet:-1","max-image-preview":"max-image-preview:large","max-video-preview":"max-video-preview:-1"},"canonical":"https:\/\/algarve7.pt\/index.php\/2025\/05\/portimao-celebra-o-dia-mundial-da-crianca-com-silent-party-ao-ar-livre-e-um-programa-diversificado-para-toda-a-familia\/atualidade\/09\/20\/","og_locale":"pt_PT","og_type":"article","og_title":"Portim\u00e3o celebra o Dia Mundial da Crian\u00e7a com Silent Party ao ar livre e um programa diversificado para toda a fam\u00edlia\u00a0 - Algarve 7","og_description":"Portim\u00e3o celebra o Dia Mundial da Crian\u00e7a com Silent Party ao ar livre e um programa diversificado para toda a fam\u00edlia\u00a0 Atualidade","og_url":"https:\/\/algarve7.pt\/index.php\/2025\/05\/portimao-celebra-o-dia-mundial-da-crianca-com-silent-party-ao-ar-livre-e-um-programa-diversificado-para-toda-a-familia\/atualidade\/09\/20\/","og_site_name":"Algarve 7","article_publisher":"https:\/\/www.facebook.com\/algarve7","article_author":"https:\/\/www.facebook.com\/algarve7","article_published_time":"2025-05-28T08:20:00+00:00","og_image":[{"width":800,"height":500,"url":"https:\/\/algarve7.pt\/wp-content\/uploads\/2025\/05\/Silent-Party2.jpg","type":"image\/jpeg"}],"author":"Algarve 7","twitter_card":"summary_large_image","twitter_creator":"@Algarvesete","twitter_site":"@Algarvesete","twitter_misc":{"Escrito por":"Algarve 7","Tempo estimado de leitura":"4 minutos"},"schema":{"@context":"https:\/\/schema.org","@graph":[{"@type":"Article","@id":"https:\/\/algarve7.pt\/index.php\/2025\/05\/portimao-celebra-o-dia-mundial-da-crianca-com-silent-party-ao-ar-livre-e-um-programa-diversificado-para-toda-a-familia\/atualidade\/09\/20\/#article","isPartOf":{"@id":"https:\/\/algarve7.pt\/index.php\/2025\/05\/portimao-celebra-o-dia-mundial-da-crianca-com-silent-party-ao-ar-livre-e-um-programa-diversificado-para-toda-a-familia\/atualidade\/09\/20\/"},"author":{"name":"Algarve 7","@id":"https:\/\/algarve7.pt\/#\/schema\/person\/23fa70681308e7b319a3204bcea45e0c"},"headline":"Portim\u00e3o celebra o Dia Mundial da Crian\u00e7a com Silent Party ao ar livre e um programa diversificado para toda a fam\u00edlia\u00a0","datePublished":"2025-05-28T08:20:00+00:00","mainEntityOfPage":{"@id":"https:\/\/algarve7.pt\/index.php\/2025\/05\/portimao-celebra-o-dia-mundial-da-crianca-com-silent-party-ao-ar-livre-e-um-programa-diversificado-para-toda-a-familia\/atualidade\/09\/20\/"},"wordCount":694,"publisher":{"@id":"https:\/\/algarve7.pt\/#organization"},"image":{"@id":"https:\/\/algarve7.pt\/index.php\/2025\/05\/portimao-celebra-o-dia-mundial-da-crianca-com-silent-party-ao-ar-livre-e-um-programa-diversificado-para-toda-a-familia\/atualidade\/09\/20\/#primaryimage"},"thumbnailUrl":"https:\/\/algarve7.pt\/wp-content\/uploads\/2025\/05\/Silent-Party2.jpg","keywords":["Algarve","Atualidade","Portim\u00e3o"],"articleSection":["Atualidade"],"inLanguage":"pt-PT"},{"@type":"WebPage","@id":"https:\/\/algarve7.pt\/index.php\/2025\/05\/portimao-celebra-o-dia-mundial-da-crianca-com-silent-party-ao-ar-livre-e-um-programa-diversificado-para-toda-a-familia\/atualidade\/09\/20\/","url":"https:\/\/algarve7.pt\/index.php\/2025\/05\/portimao-celebra-o-dia-mundial-da-crianca-com-silent-party-ao-ar-livre-e-um-programa-diversificado-para-toda-a-familia\/atualidade\/09\/20\/","name":"Portim\u00e3o celebra o Dia Mundial da Crian\u00e7a com Silent Party ao ar livre e um programa diversificado para toda a fam\u00edlia\u00a0 - Algarve 7","isPartOf":{"@id":"https:\/\/algarve7.pt\/#website"},"primaryImageOfPage":{"@id":"https:\/\/algarve7.pt\/index.php\/2025\/05\/portimao-celebra-o-dia-mundial-da-crianca-com-silent-party-ao-ar-livre-e-um-programa-diversificado-para-toda-a-familia\/atualidade\/09\/20\/#primaryimage"},"image":{"@id":"https:\/\/algarve7.pt\/index.php\/2025\/05\/portimao-celebra-o-dia-mundial-da-crianca-com-silent-party-ao-ar-livre-e-um-programa-diversificado-para-toda-a-familia\/atualidade\/09\/20\/#primaryimage"},"thumbnailUrl":"https:\/\/algarve7.pt\/wp-content\/uploads\/2025\/05\/Silent-Party2.jpg","datePublished":"2025-05-28T08:20:00+00:00","description":"Portim\u00e3o celebra o Dia Mundial da Crian\u00e7a com Silent Party ao ar livre e um programa diversificado para toda a fam\u00edlia\u00a0 Atualidade","breadcrumb":{"@id":"https:\/\/algarve7.pt\/index.php\/2025\/05\/portimao-celebra-o-dia-mundial-da-crianca-com-silent-party-ao-ar-livre-e-um-programa-diversificado-para-toda-a-familia\/atualidade\/09\/20\/#breadcrumb"},"inLanguage":"pt-PT","potentialAction":[{"@type":"ReadAction","target":["https:\/\/algarve7.pt\/index.php\/2025\/05\/portimao-celebra-o-dia-mundial-da-crianca-com-silent-party-ao-ar-livre-e-um-programa-diversificado-para-toda-a-familia\/atualidade\/09\/20\/"]}]},{"@type":"ImageObject","inLanguage":"pt-PT","@id":"https:\/\/algarve7.pt\/index.php\/2025\/05\/portimao-celebra-o-dia-mundial-da-crianca-com-silent-party-ao-ar-livre-e-um-programa-diversificado-para-toda-a-familia\/atualidade\/09\/20\/#primaryimage","url":"https:\/\/algarve7.pt\/wp-content\/uploads\/2025\/05\/Silent-Party2.jpg","contentUrl":"https:\/\/algarve7.pt\/wp-content\/uploads\/2025\/05\/Silent-Party2.jpg","width":800,"height":500},{"@type":"BreadcrumbList","@id":"https:\/\/algarve7.pt\/index.php\/2025\/05\/portimao-celebra-o-dia-mundial-da-crianca-com-silent-party-ao-ar-livre-e-um-programa-diversificado-para-toda-a-familia\/atualidade\/09\/20\/#breadcrumb","itemListElement":[{"@type":"ListItem","position":1,"name":"In\u00edcio","item":"https:\/\/algarve7.pt\/"},{"@type":"ListItem","position":2,"name":"Portim\u00e3o celebra o Dia Mundial da Crian\u00e7a com Silent Party ao ar livre e um programa diversificado para toda a fam\u00edlia\u00a0"}]},{"@type":"WebSite","@id":"https:\/\/algarve7.pt\/#website","url":"https:\/\/algarve7.pt\/","name":"Algarve 7","description":"Informa\u00e7\u00e3o sobre o Algarve","publisher":{"@id":"https:\/\/algarve7.pt\/#organization"},"potentialAction":[{"@type":"SearchAction","target":{"@type":"EntryPoint","urlTemplate":"https:\/\/algarve7.pt\/?s={search_term_string}"},"query-input":{"@type":"PropertyValueSpecification","valueRequired":true,"valueName":"search_term_string"}}],"inLanguage":"pt-PT"},{"@type":"Organization","@id":"https:\/\/algarve7.pt\/#organization","name":"Algarve 7","url":"https:\/\/algarve7.pt\/","logo":{"@type":"ImageObject","inLanguage":"pt-PT","@id":"https:\/\/algarve7.pt\/#\/schema\/logo\/image\/","url":"https:\/\/algarve7.pt\/wp-content\/uploads\/2020\/10\/Logo-8.jpg","contentUrl":"https:\/\/algarve7.pt\/wp-content\/uploads\/2020\/10\/Logo-8.jpg","width":1680,"height":1186,"caption":"Algarve 7"},"image":{"@id":"https:\/\/algarve7.pt\/#\/schema\/logo\/image\/"},"sameAs":["https:\/\/www.facebook.com\/algarve7","https:\/\/x.com\/Algarvesete","https:\/\/www.instagram.com\/jornalalgarve7\/","https:\/\/www.linkedin.com\/company\/algarve7","https:\/\/www.pinterest.pt\/geral0939\/_created\/"]},{"@type":"Person","@id":"https:\/\/algarve7.pt\/#\/schema\/person\/23fa70681308e7b319a3204bcea45e0c","name":"Algarve 7","sameAs":["https:\/\/algarve7.pt","https:\/\/www.facebook.com\/algarve7"],"url":"https:\/\/algarve7.pt\/index.php\/author\/geralalgarve7-pt\/"}]}},"jetpack_publicize_connections":[],"jetpack_featured_media_url":"https:\/\/algarve7.pt\/wp-content\/uploads\/2025\/05\/Silent-Party2.jpg","jetpack_shortlink":"https:\/\/wp.me\/pcezmW-deI","jetpack_sharing_enabled":true,"_links":{"self":[{"href":"https:\/\/algarve7.pt\/index.php\/wp-json\/wp\/v2\/posts\/50884","targetHints":{"allow":["GET"]}}],"collection":[{"href":"https:\/\/algarve7.pt\/index.php\/wp-json\/wp\/v2\/posts"}],"about":[{"href":"https:\/\/algarve7.pt\/index.php\/wp-json\/wp\/v2\/types\/post"}],"author":[{"embeddable":true,"href":"https:\/\/algarve7.pt\/index.php\/wp-json\/wp\/v2\/users\/1"}],"replies":[{"embeddable":true,"href":"https:\/\/algarve7.pt\/index.php\/wp-json\/wp\/v2\/comments?post=50884"}],"version-history":[{"count":0,"href":"https:\/\/algarve7.pt\/index.php\/wp-json\/wp\/v2\/posts\/50884\/revisions"}],"wp:featuredmedia":[{"embeddable":true,"href":"https:\/\/algarve7.pt\/index.php\/wp-json\/wp\/v2\/media\/50885"}],"wp:attachment":[{"href":"https:\/\/algarve7.pt\/index.php\/wp-json\/wp\/v2\/media?parent=50884"}],"wp:term":[{"taxonomy":"category","embeddable":true,"href":"https:\/\/algarve7.pt\/index.php\/wp-json\/wp\/v2\/categories?post=50884"},{"taxonomy":"post_tag","embeddable":true,"href":"https:\/\/algarve7.pt\/index.php\/wp-json\/wp\/v2\/tags?post=50884"}],"curies":[{"name":"wp","href":"https:\/\/api.w.org\/{rel}","templated":true}]}}