{"id":50773,"date":"2025-05-24T11:30:00","date_gmt":"2025-05-24T10:30:00","guid":{"rendered":"https:\/\/algarve7.pt\/?p=50773"},"modified":"2025-05-23T11:47:29","modified_gmt":"2025-05-23T10:47:29","slug":"helder-macedo-vence-grande-premio-de-cronica-e-dispersos-literarios-ape-cml","status":"publish","type":"post","link":"https:\/\/algarve7.pt\/index.php\/2025\/05\/helder-macedo-vence-grande-premio-de-cronica-e-dispersos-literarios-ape-cml\/cultura\/11\/30\/","title":{"rendered":"Helder Macedo vence grande pr\u00e9mio de cr\u00f3nica e dispersos liter\u00e1rios APE\/CML"},"content":{"rendered":"\n<p>Um j\u00fari constitu\u00eddo por Carlos Albino Guerreiro, Cristina Robalo Cordeiro e Francisco Duarte Mangas decidiu atribuir, por unanimidade, o Grande Pr\u00e9mio de Cr\u00f3nica e Dispersos Liter\u00e1rios APE|CM de Loul\u00e9 ao livro \u201cPretextos\u201d, de Helder Macedo (Caminho).&nbsp;<\/p>\n\n\n\n<p>Com fundamenta\u00e7\u00e3o do j\u00fari pode ler-se na acta: \u00ab(\u2026) Da autoria de Helder Macedo, este livro re\u00fane 120 textos, escritos entre 2006 e 2023 e, com uma exce\u00e7\u00e3o, publicados por Jos\u00e9 Carlos de Vasconcelos no Jornal das Letras. \u201cCr\u00f3nicas e textos afins\u201d assim o Autor designa este conjunto.&nbsp;<\/p>\n\n\n\n<p>Ningu\u00e9m ignora o que faz de um texto uma \u201ccr\u00f3nica\u201d: a sua brevidade, a rapidez da leitura que induz, o seu prazo de validade, a fugacidade a oportunidade do assunto tratado, a efemeridade do suporte em que \u00e9 publicado.&nbsp;<\/p>\n\n\n\n<p>Ora, nos textos agora reunidos em volume, Helder Macedo parece querer brincar com o g\u00e9nero e com seu o leitor. O&nbsp;<em>khronos&nbsp;<\/em>aqui \u00e9 outro, n\u00e3o j\u00e1 o do instante, mas o da dura\u00e7\u00e3o, porque \u201cPretextos\u201d<em>&nbsp;<\/em>n\u00e3o s\u00e3o sen\u00e3o pretextos para ir mais al\u00e9m do que o que \u00e9 dito, no momento vol\u00e1til da escrita, numa teia de rela\u00e7\u00f5es e de sentidos, porque h\u00e1 um eco que o que se l\u00ea difunde, ficando em n\u00f3s, porque \u00e0 originalidade e acutil\u00e2ncia dos pontos de vista se junta o apelo velado \u00e0 reflex\u00e3o, \u00e0 pausa de quem atenta e pensa.&nbsp;<\/p>\n\n\n\n<p>N\u00e3o fosse Helder Macedo professor, ensa\u00edsta, romancista e poeta. N\u00e3o soubesse ele pensar, observar, escrever e compor com intelig\u00eancia e fina ironia. E n\u00e3o habitasse sempre a poesia no seu olhar e na sua palavra. Mas porque assim \u00e9, \u201cPretextos<em>\u201d&nbsp;<\/em>\u00e9 um excelente exemplo de como o espet\u00e1culo do mundo precisa sobretudo, para chegar a n\u00f3s e nos tocar, de um cronista exemplar.\u00bb&nbsp;<\/p>\n\n\n\n<p>O Grande Pr\u00e9mio de Cr\u00f3nica e Dispersos Liter\u00e1rios, institu\u00eddo pela Associa\u00e7\u00e3o Portuguesa de Escritores com o patroc\u00ednio da C\u00e2mara Municipal de Loul\u00e9, destina-se a galardoar anualmente uma obra em Portugu\u00eas, de autor portugu\u00eas, publicada em livro e em primeira edi\u00e7\u00e3o em Portugal, nesta edi\u00e7\u00e3o referente ao ano de 2024. Na 10\u00aa edi\u00e7\u00e3o, o valor monet\u00e1rio deste galard\u00e3o para o autor distinguido \u00e9 de 15.000 mil euros.&nbsp;<\/p>\n\n\n\n<p>A cerim\u00f3nia de entrega do pr\u00e9mio decorrer\u00e1 no Dia do Munic\u00edpio de Loul\u00e9, no pr\u00f3ximo dia 29 de maio.<\/p>\n\n\n\n<p>O Grande Pr\u00e9mio de Cr\u00f3nica e Dispersos Liter\u00e1rios distinguiu ao longo das suas 10 edi\u00e7\u00f5es os autores Jos\u00e9 Tolentino Mendon\u00e7a, Rui Cardoso Martins, M\u00e1rio Cl\u00e1udio, Pedro Mexia, M\u00e1rio de Carvalho, L\u00eddia Jorge, Jos\u00e9 Eduardo Agualusa, Miguel Esteves Cardoso e Dulce Maria Cardoso.&nbsp;<\/p>\n\n\n\n<p><strong>BIOGRAFIA&nbsp;<\/strong><\/p>\n\n\n\n<p>Helder Macedo \u00e9 autor de seis livros de poesia e de seis romances, traduzidos em v\u00e1rias l\u00ednguas. \u00c9 tamb\u00e9m autor de uma vasta obra ensa\u00edstica. Reside em Londres, onde foi&nbsp;<em>Camoens Professor of Portuguese&nbsp;<\/em>e \u00e9&nbsp;<em>Emeritus Professor&nbsp;<\/em>no King&#8217;s College. Foi professor visitante em v\u00e1rias universidades, entre as quais Harvard, Universidade Federal do Rio de Janeiro, \u00c9cole des Hautes \u00c9tudes en Sciences Sociales e Universidade de Santiago de Compostela. Em Portugal foi secret\u00e1rio de Estado da Cultura no governo de Maria de Lourdes Pintasilgo.&nbsp;<\/p>\n","protected":false},"excerpt":{"rendered":"<p>Um j\u00fari constitu\u00eddo por Carlos Albino Guerreiro, Cristina Robalo Cordeiro e Francisco Duarte Mangas decidiu atribuir, por unanimidade, o Grande<\/p>\n","protected":false},"author":1,"featured_media":50774,"comment_status":"closed","ping_status":"closed","sticky":false,"template":"","format":"standard","meta":{"colormag_page_container_layout":"default_layout","colormag_page_sidebar_layout":"default_layout","_monsterinsights_skip_tracking":false,"_monsterinsights_sitenote_active":false,"_monsterinsights_sitenote_note":"","_monsterinsights_sitenote_category":0,"jetpack_post_was_ever_published":false,"_jetpack_newsletter_access":"","_jetpack_dont_email_post_to_subs":false,"_jetpack_newsletter_tier_id":0,"_jetpack_memberships_contains_paywalled_content":false,"_jetpack_memberships_contains_paid_content":false,"footnotes":"","jetpack_publicize_message":"","jetpack_publicize_feature_enabled":true,"jetpack_social_post_already_shared":true,"jetpack_social_options":{"image_generator_settings":{"template":"highway","default_image_id":0,"font":"","enabled":false},"version":2}},"categories":[14],"tags":[36,35,31],"class_list":["post-50773","post","type-post","status-publish","format-standard","has-post-thumbnail","hentry","category-cultura","tag-algarve","tag-cultura","tag-loule"],"yoast_head":"<!-- This site is optimized with the Yoast SEO plugin v27.5 - https:\/\/yoast.com\/product\/yoast-seo-wordpress\/ -->\n<title>Helder Macedo vence grande pr\u00e9mio de cr\u00f3nica e dispersos liter\u00e1rios APE\/CML - Algarve 7<\/title>\n<meta name=\"description\" content=\"Helder Macedo vence grande pr\u00e9mio de cr\u00f3nica e dispersos liter\u00e1rios APE\/CML Cultura\" \/>\n<meta name=\"robots\" content=\"index, follow, max-snippet:-1, max-image-preview:large, max-video-preview:-1\" \/>\n<link rel=\"canonical\" href=\"https:\/\/algarve7.pt\/index.php\/2025\/05\/helder-macedo-vence-grande-premio-de-cronica-e-dispersos-literarios-ape-cml\/cultura\/11\/30\/\" \/>\n<meta property=\"og:locale\" content=\"pt_PT\" \/>\n<meta property=\"og:type\" content=\"article\" \/>\n<meta property=\"og:title\" content=\"Helder Macedo vence grande pr\u00e9mio de cr\u00f3nica e dispersos liter\u00e1rios APE\/CML - Algarve 7\" \/>\n<meta property=\"og:description\" content=\"Helder Macedo vence grande pr\u00e9mio de cr\u00f3nica e dispersos liter\u00e1rios APE\/CML Cultura\" \/>\n<meta property=\"og:url\" content=\"https:\/\/algarve7.pt\/index.php\/2025\/05\/helder-macedo-vence-grande-premio-de-cronica-e-dispersos-literarios-ape-cml\/cultura\/11\/30\/\" \/>\n<meta property=\"og:site_name\" content=\"Algarve 7\" \/>\n<meta property=\"article:publisher\" content=\"https:\/\/www.facebook.com\/algarve7\" \/>\n<meta property=\"article:author\" content=\"https:\/\/www.facebook.com\/algarve7\" \/>\n<meta property=\"article:published_time\" content=\"2025-05-24T10:30:00+00:00\" \/>\n<meta property=\"og:image\" content=\"https:\/\/algarve7.pt\/wp-content\/uploads\/2025\/05\/Captura-de-ecra-2025-05-23-as-11.44.24.png\" \/>\n\t<meta property=\"og:image:width\" content=\"800\" \/>\n\t<meta property=\"og:image:height\" content=\"500\" \/>\n\t<meta property=\"og:image:type\" content=\"image\/png\" \/>\n<meta name=\"author\" content=\"Algarve 7\" \/>\n<meta name=\"twitter:card\" content=\"summary_large_image\" \/>\n<meta name=\"twitter:creator\" content=\"@Algarvesete\" \/>\n<meta name=\"twitter:site\" content=\"@Algarvesete\" \/>\n<meta name=\"twitter:label1\" content=\"Escrito por\" \/>\n\t<meta name=\"twitter:data1\" content=\"Algarve 7\" \/>\n\t<meta name=\"twitter:label2\" content=\"Tempo estimado de leitura\" \/>\n\t<meta name=\"twitter:data2\" content=\"3 minutos\" \/>\n<script type=\"application\/ld+json\" class=\"yoast-schema-graph\">{\"@context\":\"https:\\\/\\\/schema.org\",\"@graph\":[{\"@type\":\"Article\",\"@id\":\"https:\\\/\\\/algarve7.pt\\\/index.php\\\/2025\\\/05\\\/helder-macedo-vence-grande-premio-de-cronica-e-dispersos-literarios-ape-cml\\\/cultura\\\/11\\\/30\\\/#article\",\"isPartOf\":{\"@id\":\"https:\\\/\\\/algarve7.pt\\\/index.php\\\/2025\\\/05\\\/helder-macedo-vence-grande-premio-de-cronica-e-dispersos-literarios-ape-cml\\\/cultura\\\/11\\\/30\\\/\"},\"author\":{\"name\":\"Algarve 7\",\"@id\":\"https:\\\/\\\/algarve7.pt\\\/#\\\/schema\\\/person\\\/23fa70681308e7b319a3204bcea45e0c\"},\"headline\":\"Helder Macedo vence grande pr\u00e9mio de cr\u00f3nica e dispersos liter\u00e1rios APE\\\/CML\",\"datePublished\":\"2025-05-24T10:30:00+00:00\",\"mainEntityOfPage\":{\"@id\":\"https:\\\/\\\/algarve7.pt\\\/index.php\\\/2025\\\/05\\\/helder-macedo-vence-grande-premio-de-cronica-e-dispersos-literarios-ape-cml\\\/cultura\\\/11\\\/30\\\/\"},\"wordCount\":574,\"publisher\":{\"@id\":\"https:\\\/\\\/algarve7.pt\\\/#organization\"},\"image\":{\"@id\":\"https:\\\/\\\/algarve7.pt\\\/index.php\\\/2025\\\/05\\\/helder-macedo-vence-grande-premio-de-cronica-e-dispersos-literarios-ape-cml\\\/cultura\\\/11\\\/30\\\/#primaryimage\"},\"thumbnailUrl\":\"https:\\\/\\\/algarve7.pt\\\/wp-content\\\/uploads\\\/2025\\\/05\\\/Captura-de-ecra-2025-05-23-as-11.44.24.png\",\"keywords\":[\"Algarve\",\"Cultura\",\"Loul\u00e9\"],\"articleSection\":[\"Cultura\"],\"inLanguage\":\"pt-PT\"},{\"@type\":\"WebPage\",\"@id\":\"https:\\\/\\\/algarve7.pt\\\/index.php\\\/2025\\\/05\\\/helder-macedo-vence-grande-premio-de-cronica-e-dispersos-literarios-ape-cml\\\/cultura\\\/11\\\/30\\\/\",\"url\":\"https:\\\/\\\/algarve7.pt\\\/index.php\\\/2025\\\/05\\\/helder-macedo-vence-grande-premio-de-cronica-e-dispersos-literarios-ape-cml\\\/cultura\\\/11\\\/30\\\/\",\"name\":\"Helder Macedo vence grande pr\u00e9mio de cr\u00f3nica e dispersos liter\u00e1rios APE\\\/CML - Algarve 7\",\"isPartOf\":{\"@id\":\"https:\\\/\\\/algarve7.pt\\\/#website\"},\"primaryImageOfPage\":{\"@id\":\"https:\\\/\\\/algarve7.pt\\\/index.php\\\/2025\\\/05\\\/helder-macedo-vence-grande-premio-de-cronica-e-dispersos-literarios-ape-cml\\\/cultura\\\/11\\\/30\\\/#primaryimage\"},\"image\":{\"@id\":\"https:\\\/\\\/algarve7.pt\\\/index.php\\\/2025\\\/05\\\/helder-macedo-vence-grande-premio-de-cronica-e-dispersos-literarios-ape-cml\\\/cultura\\\/11\\\/30\\\/#primaryimage\"},\"thumbnailUrl\":\"https:\\\/\\\/algarve7.pt\\\/wp-content\\\/uploads\\\/2025\\\/05\\\/Captura-de-ecra-2025-05-23-as-11.44.24.png\",\"datePublished\":\"2025-05-24T10:30:00+00:00\",\"description\":\"Helder Macedo vence grande pr\u00e9mio de cr\u00f3nica e dispersos liter\u00e1rios APE\\\/CML Cultura\",\"breadcrumb\":{\"@id\":\"https:\\\/\\\/algarve7.pt\\\/index.php\\\/2025\\\/05\\\/helder-macedo-vence-grande-premio-de-cronica-e-dispersos-literarios-ape-cml\\\/cultura\\\/11\\\/30\\\/#breadcrumb\"},\"inLanguage\":\"pt-PT\",\"potentialAction\":[{\"@type\":\"ReadAction\",\"target\":[\"https:\\\/\\\/algarve7.pt\\\/index.php\\\/2025\\\/05\\\/helder-macedo-vence-grande-premio-de-cronica-e-dispersos-literarios-ape-cml\\\/cultura\\\/11\\\/30\\\/\"]}]},{\"@type\":\"ImageObject\",\"inLanguage\":\"pt-PT\",\"@id\":\"https:\\\/\\\/algarve7.pt\\\/index.php\\\/2025\\\/05\\\/helder-macedo-vence-grande-premio-de-cronica-e-dispersos-literarios-ape-cml\\\/cultura\\\/11\\\/30\\\/#primaryimage\",\"url\":\"https:\\\/\\\/algarve7.pt\\\/wp-content\\\/uploads\\\/2025\\\/05\\\/Captura-de-ecra-2025-05-23-as-11.44.24.png\",\"contentUrl\":\"https:\\\/\\\/algarve7.pt\\\/wp-content\\\/uploads\\\/2025\\\/05\\\/Captura-de-ecra-2025-05-23-as-11.44.24.png\",\"width\":800,\"height\":500},{\"@type\":\"BreadcrumbList\",\"@id\":\"https:\\\/\\\/algarve7.pt\\\/index.php\\\/2025\\\/05\\\/helder-macedo-vence-grande-premio-de-cronica-e-dispersos-literarios-ape-cml\\\/cultura\\\/11\\\/30\\\/#breadcrumb\",\"itemListElement\":[{\"@type\":\"ListItem\",\"position\":1,\"name\":\"In\u00edcio\",\"item\":\"https:\\\/\\\/algarve7.pt\\\/\"},{\"@type\":\"ListItem\",\"position\":2,\"name\":\"Helder Macedo vence grande pr\u00e9mio de cr\u00f3nica e dispersos liter\u00e1rios APE\\\/CML\"}]},{\"@type\":\"WebSite\",\"@id\":\"https:\\\/\\\/algarve7.pt\\\/#website\",\"url\":\"https:\\\/\\\/algarve7.pt\\\/\",\"name\":\"Algarve 7\",\"description\":\"Informa\u00e7\u00e3o sobre o Algarve\",\"publisher\":{\"@id\":\"https:\\\/\\\/algarve7.pt\\\/#organization\"},\"potentialAction\":[{\"@type\":\"SearchAction\",\"target\":{\"@type\":\"EntryPoint\",\"urlTemplate\":\"https:\\\/\\\/algarve7.pt\\\/?s={search_term_string}\"},\"query-input\":{\"@type\":\"PropertyValueSpecification\",\"valueRequired\":true,\"valueName\":\"search_term_string\"}}],\"inLanguage\":\"pt-PT\"},{\"@type\":\"Organization\",\"@id\":\"https:\\\/\\\/algarve7.pt\\\/#organization\",\"name\":\"Algarve 7\",\"url\":\"https:\\\/\\\/algarve7.pt\\\/\",\"logo\":{\"@type\":\"ImageObject\",\"inLanguage\":\"pt-PT\",\"@id\":\"https:\\\/\\\/algarve7.pt\\\/#\\\/schema\\\/logo\\\/image\\\/\",\"url\":\"https:\\\/\\\/algarve7.pt\\\/wp-content\\\/uploads\\\/2020\\\/10\\\/Logo-8.jpg\",\"contentUrl\":\"https:\\\/\\\/algarve7.pt\\\/wp-content\\\/uploads\\\/2020\\\/10\\\/Logo-8.jpg\",\"width\":1680,\"height\":1186,\"caption\":\"Algarve 7\"},\"image\":{\"@id\":\"https:\\\/\\\/algarve7.pt\\\/#\\\/schema\\\/logo\\\/image\\\/\"},\"sameAs\":[\"https:\\\/\\\/www.facebook.com\\\/algarve7\",\"https:\\\/\\\/x.com\\\/Algarvesete\",\"https:\\\/\\\/www.instagram.com\\\/jornalalgarve7\\\/\",\"https:\\\/\\\/www.linkedin.com\\\/company\\\/algarve7\",\"https:\\\/\\\/www.pinterest.pt\\\/geral0939\\\/_created\\\/\"]},{\"@type\":\"Person\",\"@id\":\"https:\\\/\\\/algarve7.pt\\\/#\\\/schema\\\/person\\\/23fa70681308e7b319a3204bcea45e0c\",\"name\":\"Algarve 7\",\"sameAs\":[\"https:\\\/\\\/algarve7.pt\",\"https:\\\/\\\/www.facebook.com\\\/algarve7\"],\"url\":\"https:\\\/\\\/algarve7.pt\\\/index.php\\\/author\\\/geralalgarve7-pt\\\/\"}]}<\/script>\n<!-- \/ Yoast SEO plugin. -->","yoast_head_json":{"title":"Helder Macedo vence grande pr\u00e9mio de cr\u00f3nica e dispersos liter\u00e1rios APE\/CML - Algarve 7","description":"Helder Macedo vence grande pr\u00e9mio de cr\u00f3nica e dispersos liter\u00e1rios APE\/CML Cultura","robots":{"index":"index","follow":"follow","max-snippet":"max-snippet:-1","max-image-preview":"max-image-preview:large","max-video-preview":"max-video-preview:-1"},"canonical":"https:\/\/algarve7.pt\/index.php\/2025\/05\/helder-macedo-vence-grande-premio-de-cronica-e-dispersos-literarios-ape-cml\/cultura\/11\/30\/","og_locale":"pt_PT","og_type":"article","og_title":"Helder Macedo vence grande pr\u00e9mio de cr\u00f3nica e dispersos liter\u00e1rios APE\/CML - Algarve 7","og_description":"Helder Macedo vence grande pr\u00e9mio de cr\u00f3nica e dispersos liter\u00e1rios APE\/CML Cultura","og_url":"https:\/\/algarve7.pt\/index.php\/2025\/05\/helder-macedo-vence-grande-premio-de-cronica-e-dispersos-literarios-ape-cml\/cultura\/11\/30\/","og_site_name":"Algarve 7","article_publisher":"https:\/\/www.facebook.com\/algarve7","article_author":"https:\/\/www.facebook.com\/algarve7","article_published_time":"2025-05-24T10:30:00+00:00","og_image":[{"width":800,"height":500,"url":"https:\/\/algarve7.pt\/wp-content\/uploads\/2025\/05\/Captura-de-ecra-2025-05-23-as-11.44.24.png","type":"image\/png"}],"author":"Algarve 7","twitter_card":"summary_large_image","twitter_creator":"@Algarvesete","twitter_site":"@Algarvesete","twitter_misc":{"Escrito por":"Algarve 7","Tempo estimado de leitura":"3 minutos"},"schema":{"@context":"https:\/\/schema.org","@graph":[{"@type":"Article","@id":"https:\/\/algarve7.pt\/index.php\/2025\/05\/helder-macedo-vence-grande-premio-de-cronica-e-dispersos-literarios-ape-cml\/cultura\/11\/30\/#article","isPartOf":{"@id":"https:\/\/algarve7.pt\/index.php\/2025\/05\/helder-macedo-vence-grande-premio-de-cronica-e-dispersos-literarios-ape-cml\/cultura\/11\/30\/"},"author":{"name":"Algarve 7","@id":"https:\/\/algarve7.pt\/#\/schema\/person\/23fa70681308e7b319a3204bcea45e0c"},"headline":"Helder Macedo vence grande pr\u00e9mio de cr\u00f3nica e dispersos liter\u00e1rios APE\/CML","datePublished":"2025-05-24T10:30:00+00:00","mainEntityOfPage":{"@id":"https:\/\/algarve7.pt\/index.php\/2025\/05\/helder-macedo-vence-grande-premio-de-cronica-e-dispersos-literarios-ape-cml\/cultura\/11\/30\/"},"wordCount":574,"publisher":{"@id":"https:\/\/algarve7.pt\/#organization"},"image":{"@id":"https:\/\/algarve7.pt\/index.php\/2025\/05\/helder-macedo-vence-grande-premio-de-cronica-e-dispersos-literarios-ape-cml\/cultura\/11\/30\/#primaryimage"},"thumbnailUrl":"https:\/\/algarve7.pt\/wp-content\/uploads\/2025\/05\/Captura-de-ecra-2025-05-23-as-11.44.24.png","keywords":["Algarve","Cultura","Loul\u00e9"],"articleSection":["Cultura"],"inLanguage":"pt-PT"},{"@type":"WebPage","@id":"https:\/\/algarve7.pt\/index.php\/2025\/05\/helder-macedo-vence-grande-premio-de-cronica-e-dispersos-literarios-ape-cml\/cultura\/11\/30\/","url":"https:\/\/algarve7.pt\/index.php\/2025\/05\/helder-macedo-vence-grande-premio-de-cronica-e-dispersos-literarios-ape-cml\/cultura\/11\/30\/","name":"Helder Macedo vence grande pr\u00e9mio de cr\u00f3nica e dispersos liter\u00e1rios APE\/CML - Algarve 7","isPartOf":{"@id":"https:\/\/algarve7.pt\/#website"},"primaryImageOfPage":{"@id":"https:\/\/algarve7.pt\/index.php\/2025\/05\/helder-macedo-vence-grande-premio-de-cronica-e-dispersos-literarios-ape-cml\/cultura\/11\/30\/#primaryimage"},"image":{"@id":"https:\/\/algarve7.pt\/index.php\/2025\/05\/helder-macedo-vence-grande-premio-de-cronica-e-dispersos-literarios-ape-cml\/cultura\/11\/30\/#primaryimage"},"thumbnailUrl":"https:\/\/algarve7.pt\/wp-content\/uploads\/2025\/05\/Captura-de-ecra-2025-05-23-as-11.44.24.png","datePublished":"2025-05-24T10:30:00+00:00","description":"Helder Macedo vence grande pr\u00e9mio de cr\u00f3nica e dispersos liter\u00e1rios APE\/CML Cultura","breadcrumb":{"@id":"https:\/\/algarve7.pt\/index.php\/2025\/05\/helder-macedo-vence-grande-premio-de-cronica-e-dispersos-literarios-ape-cml\/cultura\/11\/30\/#breadcrumb"},"inLanguage":"pt-PT","potentialAction":[{"@type":"ReadAction","target":["https:\/\/algarve7.pt\/index.php\/2025\/05\/helder-macedo-vence-grande-premio-de-cronica-e-dispersos-literarios-ape-cml\/cultura\/11\/30\/"]}]},{"@type":"ImageObject","inLanguage":"pt-PT","@id":"https:\/\/algarve7.pt\/index.php\/2025\/05\/helder-macedo-vence-grande-premio-de-cronica-e-dispersos-literarios-ape-cml\/cultura\/11\/30\/#primaryimage","url":"https:\/\/algarve7.pt\/wp-content\/uploads\/2025\/05\/Captura-de-ecra-2025-05-23-as-11.44.24.png","contentUrl":"https:\/\/algarve7.pt\/wp-content\/uploads\/2025\/05\/Captura-de-ecra-2025-05-23-as-11.44.24.png","width":800,"height":500},{"@type":"BreadcrumbList","@id":"https:\/\/algarve7.pt\/index.php\/2025\/05\/helder-macedo-vence-grande-premio-de-cronica-e-dispersos-literarios-ape-cml\/cultura\/11\/30\/#breadcrumb","itemListElement":[{"@type":"ListItem","position":1,"name":"In\u00edcio","item":"https:\/\/algarve7.pt\/"},{"@type":"ListItem","position":2,"name":"Helder Macedo vence grande pr\u00e9mio de cr\u00f3nica e dispersos liter\u00e1rios APE\/CML"}]},{"@type":"WebSite","@id":"https:\/\/algarve7.pt\/#website","url":"https:\/\/algarve7.pt\/","name":"Algarve 7","description":"Informa\u00e7\u00e3o sobre o Algarve","publisher":{"@id":"https:\/\/algarve7.pt\/#organization"},"potentialAction":[{"@type":"SearchAction","target":{"@type":"EntryPoint","urlTemplate":"https:\/\/algarve7.pt\/?s={search_term_string}"},"query-input":{"@type":"PropertyValueSpecification","valueRequired":true,"valueName":"search_term_string"}}],"inLanguage":"pt-PT"},{"@type":"Organization","@id":"https:\/\/algarve7.pt\/#organization","name":"Algarve 7","url":"https:\/\/algarve7.pt\/","logo":{"@type":"ImageObject","inLanguage":"pt-PT","@id":"https:\/\/algarve7.pt\/#\/schema\/logo\/image\/","url":"https:\/\/algarve7.pt\/wp-content\/uploads\/2020\/10\/Logo-8.jpg","contentUrl":"https:\/\/algarve7.pt\/wp-content\/uploads\/2020\/10\/Logo-8.jpg","width":1680,"height":1186,"caption":"Algarve 7"},"image":{"@id":"https:\/\/algarve7.pt\/#\/schema\/logo\/image\/"},"sameAs":["https:\/\/www.facebook.com\/algarve7","https:\/\/x.com\/Algarvesete","https:\/\/www.instagram.com\/jornalalgarve7\/","https:\/\/www.linkedin.com\/company\/algarve7","https:\/\/www.pinterest.pt\/geral0939\/_created\/"]},{"@type":"Person","@id":"https:\/\/algarve7.pt\/#\/schema\/person\/23fa70681308e7b319a3204bcea45e0c","name":"Algarve 7","sameAs":["https:\/\/algarve7.pt","https:\/\/www.facebook.com\/algarve7"],"url":"https:\/\/algarve7.pt\/index.php\/author\/geralalgarve7-pt\/"}]}},"jetpack_publicize_connections":[],"jetpack_featured_media_url":"https:\/\/algarve7.pt\/wp-content\/uploads\/2025\/05\/Captura-de-ecra-2025-05-23-as-11.44.24.png","jetpack_shortlink":"https:\/\/wp.me\/pcezmW-dcV","jetpack_sharing_enabled":true,"_links":{"self":[{"href":"https:\/\/algarve7.pt\/index.php\/wp-json\/wp\/v2\/posts\/50773","targetHints":{"allow":["GET"]}}],"collection":[{"href":"https:\/\/algarve7.pt\/index.php\/wp-json\/wp\/v2\/posts"}],"about":[{"href":"https:\/\/algarve7.pt\/index.php\/wp-json\/wp\/v2\/types\/post"}],"author":[{"embeddable":true,"href":"https:\/\/algarve7.pt\/index.php\/wp-json\/wp\/v2\/users\/1"}],"replies":[{"embeddable":true,"href":"https:\/\/algarve7.pt\/index.php\/wp-json\/wp\/v2\/comments?post=50773"}],"version-history":[{"count":0,"href":"https:\/\/algarve7.pt\/index.php\/wp-json\/wp\/v2\/posts\/50773\/revisions"}],"wp:featuredmedia":[{"embeddable":true,"href":"https:\/\/algarve7.pt\/index.php\/wp-json\/wp\/v2\/media\/50774"}],"wp:attachment":[{"href":"https:\/\/algarve7.pt\/index.php\/wp-json\/wp\/v2\/media?parent=50773"}],"wp:term":[{"taxonomy":"category","embeddable":true,"href":"https:\/\/algarve7.pt\/index.php\/wp-json\/wp\/v2\/categories?post=50773"},{"taxonomy":"post_tag","embeddable":true,"href":"https:\/\/algarve7.pt\/index.php\/wp-json\/wp\/v2\/tags?post=50773"}],"curies":[{"name":"wp","href":"https:\/\/api.w.org\/{rel}","templated":true}]}}