{"id":50757,"date":"2025-05-25T10:50:00","date_gmt":"2025-05-25T09:50:00","guid":{"rendered":"https:\/\/algarve7.pt\/?p=50757"},"modified":"2025-05-23T09:25:12","modified_gmt":"2025-05-23T08:25:12","slug":"ccdr-algarve-presente-na-apresentacao-do-plano-de-atividades-2025-da-rede-azul-rede-de-teatros-do-algarve","status":"publish","type":"post","link":"https:\/\/algarve7.pt\/index.php\/2025\/05\/ccdr-algarve-presente-na-apresentacao-do-plano-de-atividades-2025-da-rede-azul-rede-de-teatros-do-algarve\/cultura\/10\/50\/","title":{"rendered":"CCDR Algarve presente na apresenta\u00e7\u00e3o do Plano de Atividades 2025 da REDE AZUL \u2013 Rede de Teatros do Algarve"},"content":{"rendered":"\n<p><strong>A Comiss\u00e3o de Coordena\u00e7\u00e3o e Desenvolvimento Regional (CCDR) do Algarve participou nesta ter\u00e7a-feira, dia 20 de maio, na sess\u00e3o p\u00fablica de apresenta\u00e7\u00e3o do Plano de Atividades 2025 da REDE AZUL \u2013 Rede de Teatros do Algarve, um momento marcante na consolida\u00e7\u00e3o da coopera\u00e7\u00e3o entre os equipamentos culturais da regi\u00e3o e que foi escolhido para lan\u00e7ar duas iniciativas destinadas a apoiar a cria\u00e7\u00e3o art\u00edstica, aos artistas e \u00e0s estruturas culturais sediados no Algarve \u2013 a Bolsa de Espet\u00e1culos e o Convite \u00e0 Cria\u00e7\u00e3o Art\u00edstica.<\/strong><\/p>\n\n\n\n<p>Contando com as presen\u00e7as de Sara Coelho (Vereadora da C\u00e2mara Municipal de Lagos), Jos\u00e9 Viegas (Chefe de Divis\u00e3o de Cultura da CM Lagos), D\u00e1lia Paulo (Diretora Municipal da CM Loul\u00e9) e Gil Silva (Diretor do Teatro das Figuras \u2013 Faro), o evento teve lugar no Centro Cultural de Lagos, reunindo representantes de munic\u00edpios, estruturas culturais, agentes art\u00edsticos e demais parceiros estrat\u00e9gicos, refletindo o crescente dinamismo do setor cultural algarvio, sendo igualmente marcado pela passagem de testemunho da coordena\u00e7\u00e3o da Rede dos munic\u00edpios de Faro e Loul\u00e9 para os munic\u00edpios de Lagoa e Lagoa, prevendo-se a institucionaliza\u00e7\u00e3o da&nbsp;<\/p>\n\n\n\n<p>Durante a sess\u00e3o, foram destacadas as principais medidas previstas para 2025, com enfoque na descentraliza\u00e7\u00e3o da oferta cultural, valoriza\u00e7\u00e3o da cria\u00e7\u00e3o art\u00edstica regional e promo\u00e7\u00e3o da circula\u00e7\u00e3o de espet\u00e1culos nos teatros e audit\u00f3rios que integram a\u00a0REDE AZUL. Entre os destaques do plano est\u00e3o a programa\u00e7\u00e3o conjunta e articulada entre os membros da rede, visando promover uma oferta cultural diversificada, cont\u00ednua e de qualidade em todo o territ\u00f3rio algarvio; iniciativas de apoio \u00e0 cria\u00e7\u00e3o local, com a implementa\u00e7\u00e3o de coprodu\u00e7\u00f5es e apoio log\u00edstico e t\u00e9cnico \u00e0s estruturas e artistas da regi\u00e3o; refor\u00e7o da media\u00e7\u00e3o cultural, atrav\u00e9s de confer\u00eancias, a\u00e7\u00f5es pedag\u00f3gicas e de envolvimento das comunidades locais, em especial junto das camadas mais jovens e p\u00fablicos com menor acesso \u00e0 cultura; e capacita\u00e7\u00e3o dos profissionais do setor, promovendo redes de partilha de conhecimento, boas pr\u00e1ticas e desenvolvimento de compet\u00eancias.<\/p>\n\n\n\n<p>A&nbsp;<strong>Bolsa de Espet\u00e1culos<\/strong>&nbsp;convida os artistas\/estruturas sediados no Algarve a apresentarem propostas de espet\u00e1culos de sua autoria. O objetivo deste projeto \u00e9 que cada parceiro da Rede Azul seja obrigado a programar, durante o ano de 2026, pelo menos um espet\u00e1culo da referida Bolsa. Outro compromisso assumido pelos equipamentos culturais da Rede Azul \u00e9 o de s\u00f3 programar espet\u00e1culos de criadores que residam noutros concelhos.<\/p>\n\n\n\n<p>O&nbsp;<strong>Convite \u00e0 Cria\u00e7\u00e3o Art\u00edstica&nbsp;<\/strong>\u00e9 dirigido \u00e0s estruturas criativas da regi\u00e3o, com o intuito de incentivar a cria\u00e7\u00e3o de novos objetos art\u00edsticos para serem apresentados no ano de 2026 nos diferentes espa\u00e7os que integram a Rede. Esta iniciativa, que procura dar continuidade a um projeto j\u00e1 desenvolvido em 2016, com \u201cLe\u00f4ncio e Lena\u201d do LAMA Teatro, em 2018 com \u201cModa Vestra\u201d de Jo\u00e3o Frade, Rafael Correia e Ana Perfeito, e tamb\u00e9m em 2019 com \u201cDiz-me, Ant\u00f3nio\u201d de Carolina Cantinho, Armando Correia e Pedro Pinto. O apoio \u00e0 cria\u00e7\u00e3o ter\u00e1 o valor de 50.000\u20ac e ser\u00e1 lan\u00e7ado ainda no ano de 2025, pelo que o vencedor pode come\u00e7ar a cria\u00e7\u00e3o ainda no corrente ano.<\/p>\n\n\n\n<p>As candidaturas para ambas as iniciativas devem ser remetidas atrav\u00e9s de formul\u00e1rio online (<strong>Bolsa de Espet\u00e1culos\u00a0<\/strong>e\u00a0<strong>Convite \u00e0 Cria\u00e7\u00e3o Art\u00edstica<\/strong>) e decorrem at\u00e9 31 de julho. Mais informa\u00e7\u00f5es atrav\u00e9s do correio eletr\u00f3nico:\u00a0<a href=\"mailto:redeteatrosazul@gmail.com\" target=\"_blank\" rel=\"noreferrer noopener\">redeteatrosazul@gmail.com<\/a><\/p>\n\n\n\n<p>Lan\u00e7ada informalmente em 2016, a REDE AZUL \u00e9 composta atualmente por estruturas culturais geridas por treze munic\u00edpios do Algarve, e assume-se como um modelo de governan\u00e7a colaborativa que potencia a circula\u00e7\u00e3o art\u00edstica e o acesso democr\u00e1tico \u00e0 cultura em todo o Algarve. A CCDR sublinha a import\u00e2ncia das redes culturais existentes no Algarve, envolvendo agentes p\u00fablicos e privados, como instrumento de coes\u00e3o territorial, valoriza\u00e7\u00e3o cultural e desenvolvimento sustent\u00e1vel da regi\u00e3o. Nos termos do Decreto-Lei n.\u00ba 36\/2023 de 26 de maio, que procedeu \u00e0 sua convers\u00e3o em institutos p\u00fablicos, entre outras atribui\u00e7\u00f5es, as CCDRs t\u00eam por miss\u00e3o apoiar tecnicamente as autarquias locais e as suas associa\u00e7\u00f5es.<\/p>\n","protected":false},"excerpt":{"rendered":"<p>A Comiss\u00e3o de Coordena\u00e7\u00e3o e Desenvolvimento Regional (CCDR) do Algarve participou nesta ter\u00e7a-feira, dia 20 de maio, na sess\u00e3o p\u00fablica<\/p>\n","protected":false},"author":1,"featured_media":50758,"comment_status":"closed","ping_status":"closed","sticky":false,"template":"","format":"standard","meta":{"colormag_page_container_layout":"default_layout","colormag_page_sidebar_layout":"default_layout","_monsterinsights_skip_tracking":false,"_monsterinsights_sitenote_active":false,"_monsterinsights_sitenote_note":"","_monsterinsights_sitenote_category":0,"jetpack_post_was_ever_published":false,"_jetpack_newsletter_access":"","_jetpack_dont_email_post_to_subs":false,"_jetpack_newsletter_tier_id":0,"_jetpack_memberships_contains_paywalled_content":false,"_jetpack_memberships_contains_paid_content":false,"footnotes":"","jetpack_publicize_message":"","jetpack_publicize_feature_enabled":true,"jetpack_social_post_already_shared":true,"jetpack_social_options":{"image_generator_settings":{"template":"highway","default_image_id":0,"font":"","enabled":false},"version":2}},"categories":[14],"tags":[36,143,35],"class_list":["post-50757","post","type-post","status-publish","format-standard","has-post-thumbnail","hentry","category-cultura","tag-algarve","tag-ccdr-algarve","tag-cultura"],"yoast_head":"<!-- This site is optimized with the Yoast SEO plugin v27.5 - https:\/\/yoast.com\/product\/yoast-seo-wordpress\/ -->\n<title>CCDR Algarve presente na apresenta\u00e7\u00e3o do Plano de Atividades 2025 da REDE AZUL \u2013 Rede de Teatros do Algarve - Algarve 7<\/title>\n<meta name=\"description\" content=\"CCDR Algarve presente na apresenta\u00e7\u00e3o do Plano de Atividades 2025 da REDE AZUL \u2013 Rede de Teatros do Algarve Cultura\" \/>\n<meta name=\"robots\" content=\"index, follow, max-snippet:-1, max-image-preview:large, max-video-preview:-1\" \/>\n<link rel=\"canonical\" href=\"https:\/\/algarve7.pt\/index.php\/2025\/05\/ccdr-algarve-presente-na-apresentacao-do-plano-de-atividades-2025-da-rede-azul-rede-de-teatros-do-algarve\/cultura\/10\/50\/\" \/>\n<meta property=\"og:locale\" content=\"pt_PT\" \/>\n<meta property=\"og:type\" content=\"article\" \/>\n<meta property=\"og:title\" content=\"CCDR Algarve presente na apresenta\u00e7\u00e3o do Plano de Atividades 2025 da REDE AZUL \u2013 Rede de Teatros do Algarve - Algarve 7\" \/>\n<meta property=\"og:description\" content=\"CCDR Algarve presente na apresenta\u00e7\u00e3o do Plano de Atividades 2025 da REDE AZUL \u2013 Rede de Teatros do Algarve Cultura\" \/>\n<meta property=\"og:url\" content=\"https:\/\/algarve7.pt\/index.php\/2025\/05\/ccdr-algarve-presente-na-apresentacao-do-plano-de-atividades-2025-da-rede-azul-rede-de-teatros-do-algarve\/cultura\/10\/50\/\" \/>\n<meta property=\"og:site_name\" content=\"Algarve 7\" \/>\n<meta property=\"article:publisher\" content=\"https:\/\/www.facebook.com\/algarve7\" \/>\n<meta property=\"article:author\" content=\"https:\/\/www.facebook.com\/algarve7\" \/>\n<meta property=\"article:published_time\" content=\"2025-05-25T09:50:00+00:00\" \/>\n<meta property=\"og:image\" content=\"https:\/\/algarve7.pt\/wp-content\/uploads\/2025\/05\/Apresentacao-Plano-Atividades-Rede-Azul-Lagos-20-05-2025-17-1.jpg\" \/>\n\t<meta property=\"og:image:width\" content=\"800\" \/>\n\t<meta property=\"og:image:height\" content=\"500\" \/>\n\t<meta property=\"og:image:type\" content=\"image\/jpeg\" \/>\n<meta name=\"author\" content=\"Algarve 7\" \/>\n<meta name=\"twitter:card\" content=\"summary_large_image\" \/>\n<meta name=\"twitter:creator\" content=\"@Algarvesete\" \/>\n<meta name=\"twitter:site\" content=\"@Algarvesete\" \/>\n<meta name=\"twitter:label1\" content=\"Escrito por\" \/>\n\t<meta name=\"twitter:data1\" content=\"Algarve 7\" \/>\n\t<meta name=\"twitter:label2\" content=\"Tempo estimado de leitura\" \/>\n\t<meta name=\"twitter:data2\" content=\"4 minutos\" \/>\n<script type=\"application\/ld+json\" class=\"yoast-schema-graph\">{\"@context\":\"https:\\\/\\\/schema.org\",\"@graph\":[{\"@type\":\"Article\",\"@id\":\"https:\\\/\\\/algarve7.pt\\\/index.php\\\/2025\\\/05\\\/ccdr-algarve-presente-na-apresentacao-do-plano-de-atividades-2025-da-rede-azul-rede-de-teatros-do-algarve\\\/cultura\\\/10\\\/50\\\/#article\",\"isPartOf\":{\"@id\":\"https:\\\/\\\/algarve7.pt\\\/index.php\\\/2025\\\/05\\\/ccdr-algarve-presente-na-apresentacao-do-plano-de-atividades-2025-da-rede-azul-rede-de-teatros-do-algarve\\\/cultura\\\/10\\\/50\\\/\"},\"author\":{\"name\":\"Algarve 7\",\"@id\":\"https:\\\/\\\/algarve7.pt\\\/#\\\/schema\\\/person\\\/23fa70681308e7b319a3204bcea45e0c\"},\"headline\":\"CCDR Algarve presente na apresenta\u00e7\u00e3o do Plano de Atividades 2025 da REDE AZUL \u2013 Rede de Teatros do Algarve\",\"datePublished\":\"2025-05-25T09:50:00+00:00\",\"mainEntityOfPage\":{\"@id\":\"https:\\\/\\\/algarve7.pt\\\/index.php\\\/2025\\\/05\\\/ccdr-algarve-presente-na-apresentacao-do-plano-de-atividades-2025-da-rede-azul-rede-de-teatros-do-algarve\\\/cultura\\\/10\\\/50\\\/\"},\"wordCount\":733,\"publisher\":{\"@id\":\"https:\\\/\\\/algarve7.pt\\\/#organization\"},\"image\":{\"@id\":\"https:\\\/\\\/algarve7.pt\\\/index.php\\\/2025\\\/05\\\/ccdr-algarve-presente-na-apresentacao-do-plano-de-atividades-2025-da-rede-azul-rede-de-teatros-do-algarve\\\/cultura\\\/10\\\/50\\\/#primaryimage\"},\"thumbnailUrl\":\"https:\\\/\\\/algarve7.pt\\\/wp-content\\\/uploads\\\/2025\\\/05\\\/Apresentacao-Plano-Atividades-Rede-Azul-Lagos-20-05-2025-17-1.jpg\",\"keywords\":[\"Algarve\",\"CCDR Algarve\",\"Cultura\"],\"articleSection\":[\"Cultura\"],\"inLanguage\":\"pt-PT\"},{\"@type\":\"WebPage\",\"@id\":\"https:\\\/\\\/algarve7.pt\\\/index.php\\\/2025\\\/05\\\/ccdr-algarve-presente-na-apresentacao-do-plano-de-atividades-2025-da-rede-azul-rede-de-teatros-do-algarve\\\/cultura\\\/10\\\/50\\\/\",\"url\":\"https:\\\/\\\/algarve7.pt\\\/index.php\\\/2025\\\/05\\\/ccdr-algarve-presente-na-apresentacao-do-plano-de-atividades-2025-da-rede-azul-rede-de-teatros-do-algarve\\\/cultura\\\/10\\\/50\\\/\",\"name\":\"CCDR Algarve presente na apresenta\u00e7\u00e3o do Plano de Atividades 2025 da REDE AZUL \u2013 Rede de Teatros do Algarve - Algarve 7\",\"isPartOf\":{\"@id\":\"https:\\\/\\\/algarve7.pt\\\/#website\"},\"primaryImageOfPage\":{\"@id\":\"https:\\\/\\\/algarve7.pt\\\/index.php\\\/2025\\\/05\\\/ccdr-algarve-presente-na-apresentacao-do-plano-de-atividades-2025-da-rede-azul-rede-de-teatros-do-algarve\\\/cultura\\\/10\\\/50\\\/#primaryimage\"},\"image\":{\"@id\":\"https:\\\/\\\/algarve7.pt\\\/index.php\\\/2025\\\/05\\\/ccdr-algarve-presente-na-apresentacao-do-plano-de-atividades-2025-da-rede-azul-rede-de-teatros-do-algarve\\\/cultura\\\/10\\\/50\\\/#primaryimage\"},\"thumbnailUrl\":\"https:\\\/\\\/algarve7.pt\\\/wp-content\\\/uploads\\\/2025\\\/05\\\/Apresentacao-Plano-Atividades-Rede-Azul-Lagos-20-05-2025-17-1.jpg\",\"datePublished\":\"2025-05-25T09:50:00+00:00\",\"description\":\"CCDR Algarve presente na apresenta\u00e7\u00e3o do Plano de Atividades 2025 da REDE AZUL \u2013 Rede de Teatros do Algarve Cultura\",\"breadcrumb\":{\"@id\":\"https:\\\/\\\/algarve7.pt\\\/index.php\\\/2025\\\/05\\\/ccdr-algarve-presente-na-apresentacao-do-plano-de-atividades-2025-da-rede-azul-rede-de-teatros-do-algarve\\\/cultura\\\/10\\\/50\\\/#breadcrumb\"},\"inLanguage\":\"pt-PT\",\"potentialAction\":[{\"@type\":\"ReadAction\",\"target\":[\"https:\\\/\\\/algarve7.pt\\\/index.php\\\/2025\\\/05\\\/ccdr-algarve-presente-na-apresentacao-do-plano-de-atividades-2025-da-rede-azul-rede-de-teatros-do-algarve\\\/cultura\\\/10\\\/50\\\/\"]}]},{\"@type\":\"ImageObject\",\"inLanguage\":\"pt-PT\",\"@id\":\"https:\\\/\\\/algarve7.pt\\\/index.php\\\/2025\\\/05\\\/ccdr-algarve-presente-na-apresentacao-do-plano-de-atividades-2025-da-rede-azul-rede-de-teatros-do-algarve\\\/cultura\\\/10\\\/50\\\/#primaryimage\",\"url\":\"https:\\\/\\\/algarve7.pt\\\/wp-content\\\/uploads\\\/2025\\\/05\\\/Apresentacao-Plano-Atividades-Rede-Azul-Lagos-20-05-2025-17-1.jpg\",\"contentUrl\":\"https:\\\/\\\/algarve7.pt\\\/wp-content\\\/uploads\\\/2025\\\/05\\\/Apresentacao-Plano-Atividades-Rede-Azul-Lagos-20-05-2025-17-1.jpg\",\"width\":800,\"height\":500},{\"@type\":\"BreadcrumbList\",\"@id\":\"https:\\\/\\\/algarve7.pt\\\/index.php\\\/2025\\\/05\\\/ccdr-algarve-presente-na-apresentacao-do-plano-de-atividades-2025-da-rede-azul-rede-de-teatros-do-algarve\\\/cultura\\\/10\\\/50\\\/#breadcrumb\",\"itemListElement\":[{\"@type\":\"ListItem\",\"position\":1,\"name\":\"In\u00edcio\",\"item\":\"https:\\\/\\\/algarve7.pt\\\/\"},{\"@type\":\"ListItem\",\"position\":2,\"name\":\"CCDR Algarve presente na apresenta\u00e7\u00e3o do Plano de Atividades 2025 da REDE AZUL \u2013 Rede de Teatros do Algarve\"}]},{\"@type\":\"WebSite\",\"@id\":\"https:\\\/\\\/algarve7.pt\\\/#website\",\"url\":\"https:\\\/\\\/algarve7.pt\\\/\",\"name\":\"Algarve 7\",\"description\":\"Informa\u00e7\u00e3o sobre o Algarve\",\"publisher\":{\"@id\":\"https:\\\/\\\/algarve7.pt\\\/#organization\"},\"potentialAction\":[{\"@type\":\"SearchAction\",\"target\":{\"@type\":\"EntryPoint\",\"urlTemplate\":\"https:\\\/\\\/algarve7.pt\\\/?s={search_term_string}\"},\"query-input\":{\"@type\":\"PropertyValueSpecification\",\"valueRequired\":true,\"valueName\":\"search_term_string\"}}],\"inLanguage\":\"pt-PT\"},{\"@type\":\"Organization\",\"@id\":\"https:\\\/\\\/algarve7.pt\\\/#organization\",\"name\":\"Algarve 7\",\"url\":\"https:\\\/\\\/algarve7.pt\\\/\",\"logo\":{\"@type\":\"ImageObject\",\"inLanguage\":\"pt-PT\",\"@id\":\"https:\\\/\\\/algarve7.pt\\\/#\\\/schema\\\/logo\\\/image\\\/\",\"url\":\"https:\\\/\\\/algarve7.pt\\\/wp-content\\\/uploads\\\/2020\\\/10\\\/Logo-8.jpg\",\"contentUrl\":\"https:\\\/\\\/algarve7.pt\\\/wp-content\\\/uploads\\\/2020\\\/10\\\/Logo-8.jpg\",\"width\":1680,\"height\":1186,\"caption\":\"Algarve 7\"},\"image\":{\"@id\":\"https:\\\/\\\/algarve7.pt\\\/#\\\/schema\\\/logo\\\/image\\\/\"},\"sameAs\":[\"https:\\\/\\\/www.facebook.com\\\/algarve7\",\"https:\\\/\\\/x.com\\\/Algarvesete\",\"https:\\\/\\\/www.instagram.com\\\/jornalalgarve7\\\/\",\"https:\\\/\\\/www.linkedin.com\\\/company\\\/algarve7\",\"https:\\\/\\\/www.pinterest.pt\\\/geral0939\\\/_created\\\/\"]},{\"@type\":\"Person\",\"@id\":\"https:\\\/\\\/algarve7.pt\\\/#\\\/schema\\\/person\\\/23fa70681308e7b319a3204bcea45e0c\",\"name\":\"Algarve 7\",\"sameAs\":[\"https:\\\/\\\/algarve7.pt\",\"https:\\\/\\\/www.facebook.com\\\/algarve7\"],\"url\":\"https:\\\/\\\/algarve7.pt\\\/index.php\\\/author\\\/geralalgarve7-pt\\\/\"}]}<\/script>\n<!-- \/ Yoast SEO plugin. -->","yoast_head_json":{"title":"CCDR Algarve presente na apresenta\u00e7\u00e3o do Plano de Atividades 2025 da REDE AZUL \u2013 Rede de Teatros do Algarve - Algarve 7","description":"CCDR Algarve presente na apresenta\u00e7\u00e3o do Plano de Atividades 2025 da REDE AZUL \u2013 Rede de Teatros do Algarve Cultura","robots":{"index":"index","follow":"follow","max-snippet":"max-snippet:-1","max-image-preview":"max-image-preview:large","max-video-preview":"max-video-preview:-1"},"canonical":"https:\/\/algarve7.pt\/index.php\/2025\/05\/ccdr-algarve-presente-na-apresentacao-do-plano-de-atividades-2025-da-rede-azul-rede-de-teatros-do-algarve\/cultura\/10\/50\/","og_locale":"pt_PT","og_type":"article","og_title":"CCDR Algarve presente na apresenta\u00e7\u00e3o do Plano de Atividades 2025 da REDE AZUL \u2013 Rede de Teatros do Algarve - Algarve 7","og_description":"CCDR Algarve presente na apresenta\u00e7\u00e3o do Plano de Atividades 2025 da REDE AZUL \u2013 Rede de Teatros do Algarve Cultura","og_url":"https:\/\/algarve7.pt\/index.php\/2025\/05\/ccdr-algarve-presente-na-apresentacao-do-plano-de-atividades-2025-da-rede-azul-rede-de-teatros-do-algarve\/cultura\/10\/50\/","og_site_name":"Algarve 7","article_publisher":"https:\/\/www.facebook.com\/algarve7","article_author":"https:\/\/www.facebook.com\/algarve7","article_published_time":"2025-05-25T09:50:00+00:00","og_image":[{"width":800,"height":500,"url":"https:\/\/algarve7.pt\/wp-content\/uploads\/2025\/05\/Apresentacao-Plano-Atividades-Rede-Azul-Lagos-20-05-2025-17-1.jpg","type":"image\/jpeg"}],"author":"Algarve 7","twitter_card":"summary_large_image","twitter_creator":"@Algarvesete","twitter_site":"@Algarvesete","twitter_misc":{"Escrito por":"Algarve 7","Tempo estimado de leitura":"4 minutos"},"schema":{"@context":"https:\/\/schema.org","@graph":[{"@type":"Article","@id":"https:\/\/algarve7.pt\/index.php\/2025\/05\/ccdr-algarve-presente-na-apresentacao-do-plano-de-atividades-2025-da-rede-azul-rede-de-teatros-do-algarve\/cultura\/10\/50\/#article","isPartOf":{"@id":"https:\/\/algarve7.pt\/index.php\/2025\/05\/ccdr-algarve-presente-na-apresentacao-do-plano-de-atividades-2025-da-rede-azul-rede-de-teatros-do-algarve\/cultura\/10\/50\/"},"author":{"name":"Algarve 7","@id":"https:\/\/algarve7.pt\/#\/schema\/person\/23fa70681308e7b319a3204bcea45e0c"},"headline":"CCDR Algarve presente na apresenta\u00e7\u00e3o do Plano de Atividades 2025 da REDE AZUL \u2013 Rede de Teatros do Algarve","datePublished":"2025-05-25T09:50:00+00:00","mainEntityOfPage":{"@id":"https:\/\/algarve7.pt\/index.php\/2025\/05\/ccdr-algarve-presente-na-apresentacao-do-plano-de-atividades-2025-da-rede-azul-rede-de-teatros-do-algarve\/cultura\/10\/50\/"},"wordCount":733,"publisher":{"@id":"https:\/\/algarve7.pt\/#organization"},"image":{"@id":"https:\/\/algarve7.pt\/index.php\/2025\/05\/ccdr-algarve-presente-na-apresentacao-do-plano-de-atividades-2025-da-rede-azul-rede-de-teatros-do-algarve\/cultura\/10\/50\/#primaryimage"},"thumbnailUrl":"https:\/\/algarve7.pt\/wp-content\/uploads\/2025\/05\/Apresentacao-Plano-Atividades-Rede-Azul-Lagos-20-05-2025-17-1.jpg","keywords":["Algarve","CCDR Algarve","Cultura"],"articleSection":["Cultura"],"inLanguage":"pt-PT"},{"@type":"WebPage","@id":"https:\/\/algarve7.pt\/index.php\/2025\/05\/ccdr-algarve-presente-na-apresentacao-do-plano-de-atividades-2025-da-rede-azul-rede-de-teatros-do-algarve\/cultura\/10\/50\/","url":"https:\/\/algarve7.pt\/index.php\/2025\/05\/ccdr-algarve-presente-na-apresentacao-do-plano-de-atividades-2025-da-rede-azul-rede-de-teatros-do-algarve\/cultura\/10\/50\/","name":"CCDR Algarve presente na apresenta\u00e7\u00e3o do Plano de Atividades 2025 da REDE AZUL \u2013 Rede de Teatros do Algarve - Algarve 7","isPartOf":{"@id":"https:\/\/algarve7.pt\/#website"},"primaryImageOfPage":{"@id":"https:\/\/algarve7.pt\/index.php\/2025\/05\/ccdr-algarve-presente-na-apresentacao-do-plano-de-atividades-2025-da-rede-azul-rede-de-teatros-do-algarve\/cultura\/10\/50\/#primaryimage"},"image":{"@id":"https:\/\/algarve7.pt\/index.php\/2025\/05\/ccdr-algarve-presente-na-apresentacao-do-plano-de-atividades-2025-da-rede-azul-rede-de-teatros-do-algarve\/cultura\/10\/50\/#primaryimage"},"thumbnailUrl":"https:\/\/algarve7.pt\/wp-content\/uploads\/2025\/05\/Apresentacao-Plano-Atividades-Rede-Azul-Lagos-20-05-2025-17-1.jpg","datePublished":"2025-05-25T09:50:00+00:00","description":"CCDR Algarve presente na apresenta\u00e7\u00e3o do Plano de Atividades 2025 da REDE AZUL \u2013 Rede de Teatros do Algarve Cultura","breadcrumb":{"@id":"https:\/\/algarve7.pt\/index.php\/2025\/05\/ccdr-algarve-presente-na-apresentacao-do-plano-de-atividades-2025-da-rede-azul-rede-de-teatros-do-algarve\/cultura\/10\/50\/#breadcrumb"},"inLanguage":"pt-PT","potentialAction":[{"@type":"ReadAction","target":["https:\/\/algarve7.pt\/index.php\/2025\/05\/ccdr-algarve-presente-na-apresentacao-do-plano-de-atividades-2025-da-rede-azul-rede-de-teatros-do-algarve\/cultura\/10\/50\/"]}]},{"@type":"ImageObject","inLanguage":"pt-PT","@id":"https:\/\/algarve7.pt\/index.php\/2025\/05\/ccdr-algarve-presente-na-apresentacao-do-plano-de-atividades-2025-da-rede-azul-rede-de-teatros-do-algarve\/cultura\/10\/50\/#primaryimage","url":"https:\/\/algarve7.pt\/wp-content\/uploads\/2025\/05\/Apresentacao-Plano-Atividades-Rede-Azul-Lagos-20-05-2025-17-1.jpg","contentUrl":"https:\/\/algarve7.pt\/wp-content\/uploads\/2025\/05\/Apresentacao-Plano-Atividades-Rede-Azul-Lagos-20-05-2025-17-1.jpg","width":800,"height":500},{"@type":"BreadcrumbList","@id":"https:\/\/algarve7.pt\/index.php\/2025\/05\/ccdr-algarve-presente-na-apresentacao-do-plano-de-atividades-2025-da-rede-azul-rede-de-teatros-do-algarve\/cultura\/10\/50\/#breadcrumb","itemListElement":[{"@type":"ListItem","position":1,"name":"In\u00edcio","item":"https:\/\/algarve7.pt\/"},{"@type":"ListItem","position":2,"name":"CCDR Algarve presente na apresenta\u00e7\u00e3o do Plano de Atividades 2025 da REDE AZUL \u2013 Rede de Teatros do Algarve"}]},{"@type":"WebSite","@id":"https:\/\/algarve7.pt\/#website","url":"https:\/\/algarve7.pt\/","name":"Algarve 7","description":"Informa\u00e7\u00e3o sobre o Algarve","publisher":{"@id":"https:\/\/algarve7.pt\/#organization"},"potentialAction":[{"@type":"SearchAction","target":{"@type":"EntryPoint","urlTemplate":"https:\/\/algarve7.pt\/?s={search_term_string}"},"query-input":{"@type":"PropertyValueSpecification","valueRequired":true,"valueName":"search_term_string"}}],"inLanguage":"pt-PT"},{"@type":"Organization","@id":"https:\/\/algarve7.pt\/#organization","name":"Algarve 7","url":"https:\/\/algarve7.pt\/","logo":{"@type":"ImageObject","inLanguage":"pt-PT","@id":"https:\/\/algarve7.pt\/#\/schema\/logo\/image\/","url":"https:\/\/algarve7.pt\/wp-content\/uploads\/2020\/10\/Logo-8.jpg","contentUrl":"https:\/\/algarve7.pt\/wp-content\/uploads\/2020\/10\/Logo-8.jpg","width":1680,"height":1186,"caption":"Algarve 7"},"image":{"@id":"https:\/\/algarve7.pt\/#\/schema\/logo\/image\/"},"sameAs":["https:\/\/www.facebook.com\/algarve7","https:\/\/x.com\/Algarvesete","https:\/\/www.instagram.com\/jornalalgarve7\/","https:\/\/www.linkedin.com\/company\/algarve7","https:\/\/www.pinterest.pt\/geral0939\/_created\/"]},{"@type":"Person","@id":"https:\/\/algarve7.pt\/#\/schema\/person\/23fa70681308e7b319a3204bcea45e0c","name":"Algarve 7","sameAs":["https:\/\/algarve7.pt","https:\/\/www.facebook.com\/algarve7"],"url":"https:\/\/algarve7.pt\/index.php\/author\/geralalgarve7-pt\/"}]}},"jetpack_publicize_connections":[],"jetpack_featured_media_url":"https:\/\/algarve7.pt\/wp-content\/uploads\/2025\/05\/Apresentacao-Plano-Atividades-Rede-Azul-Lagos-20-05-2025-17-1.jpg","jetpack_shortlink":"https:\/\/wp.me\/pcezmW-dcF","jetpack_sharing_enabled":true,"_links":{"self":[{"href":"https:\/\/algarve7.pt\/index.php\/wp-json\/wp\/v2\/posts\/50757","targetHints":{"allow":["GET"]}}],"collection":[{"href":"https:\/\/algarve7.pt\/index.php\/wp-json\/wp\/v2\/posts"}],"about":[{"href":"https:\/\/algarve7.pt\/index.php\/wp-json\/wp\/v2\/types\/post"}],"author":[{"embeddable":true,"href":"https:\/\/algarve7.pt\/index.php\/wp-json\/wp\/v2\/users\/1"}],"replies":[{"embeddable":true,"href":"https:\/\/algarve7.pt\/index.php\/wp-json\/wp\/v2\/comments?post=50757"}],"version-history":[{"count":0,"href":"https:\/\/algarve7.pt\/index.php\/wp-json\/wp\/v2\/posts\/50757\/revisions"}],"wp:featuredmedia":[{"embeddable":true,"href":"https:\/\/algarve7.pt\/index.php\/wp-json\/wp\/v2\/media\/50758"}],"wp:attachment":[{"href":"https:\/\/algarve7.pt\/index.php\/wp-json\/wp\/v2\/media?parent=50757"}],"wp:term":[{"taxonomy":"category","embeddable":true,"href":"https:\/\/algarve7.pt\/index.php\/wp-json\/wp\/v2\/categories?post=50757"},{"taxonomy":"post_tag","embeddable":true,"href":"https:\/\/algarve7.pt\/index.php\/wp-json\/wp\/v2\/tags?post=50757"}],"curies":[{"name":"wp","href":"https:\/\/api.w.org\/{rel}","templated":true}]}}