{"id":50717,"date":"2025-05-25T09:35:00","date_gmt":"2025-05-25T08:35:00","guid":{"rendered":"https:\/\/algarve7.pt\/?p=50717"},"modified":"2025-05-22T10:06:39","modified_gmt":"2025-05-22T09:06:39","slug":"arraial-tertulia-e-mercadinho-de-peixe-fresco-celebram-dia-nacional-do-pescador-em-alvor","status":"publish","type":"post","link":"https:\/\/algarve7.pt\/index.php\/2025\/05\/arraial-tertulia-e-mercadinho-de-peixe-fresco-celebram-dia-nacional-do-pescador-em-alvor\/atualidade\/09\/35\/","title":{"rendered":"Arraial, tert\u00falia e \u201cMercadinho de Peixe Fresco\u201d celebram Dia Nacional do Pescador em Alvor"},"content":{"rendered":"\n<p>O Dia Nacional do Pescador ser\u00e1 assinalado, este ano, com um arraial, uma tert\u00falia e um \u201cMercadinho de Peixe Fresco\u201d em Alvor, iniciativas que decorrem a 31 de maio e 1 de junho.<\/p>\n\n\n\n<p>A antiga lota de Alvor, o Centro Interpretativo do Salva-vidas e a zona ribeirinha, naquela envolvente s\u00e3o os espa\u00e7os emblem\u00e1ticos que acolhem estas comemora\u00e7\u00f5es.<\/p>\n\n\n\n<p>No Dia Nacional do Pescador, que se assinala a 31 de maio, a proposta \u00e9 para a comunidade participar no arraial sob o mote \u201cT\u00e1 tudo xaringado!\u201d. Entre as 19h00 e as 23h00, a lota e a zona ribeirinha em frente ao Centro Interpretativo transformam-se num recinto de festa, onde n\u00e3o faltar\u00e3o os \u201ccomes e bebes\u201d com bifanas, bebidas, filh\u00f3s e doces.<\/p>\n\n\n\n<p>A anima\u00e7\u00e3o musical ficar\u00e1 a cargo do fado de Cremilde Louren\u00e7o, entre as 20h00 e as 21h00, seguida de um tradicional baile ao som de Miguel Martins, das 21h30 \u00e0s 23h00.<\/p>\n\n\n\n<p>Um ambiente de conv\u00edvio a remeter para a proximidade das gentes locais, que outrora viviam, na sua grande maioria, da atividade piscat\u00f3ria e que se reuniam nesta zona da vila piscat\u00f3ria, um dos principais pontos de encontro da comunidade.<\/p>\n\n\n\n<p>A celebra\u00e7\u00e3o desta efem\u00e9ride, que se entende ao dia 1 de junho, pretende sensibilizar para a import\u00e2ncia da pesca artesanal local enquanto patrim\u00f3nio mar\u00edtimo das comunidades, mas tamb\u00e9m d\u00e1 a conhecer um exemplo de sustentabilidade que deve ser valorizado com vista \u00e0 sua preserva\u00e7\u00e3o.<\/p>\n\n\n\n<p>No dia seguinte, logo pela manh\u00e3, a partir das 9h00 e at\u00e9 \u00e0s 14h00, ter\u00e1 lugar na antiga um \u201cMercadinho de peixe\u201d&nbsp;uma esp\u00e9cie de lota viva&nbsp;\u00e0 antiga, com venda de pescado.&nbsp;<\/p>\n\n\n\n<p>A transa\u00e7\u00e3o, feita diretamente entre pescador e consumidor, num verdadeiro rebuli\u00e7o t\u00edpico de uma lota viva, assegura toda a frescura e qualidade do pescado, capturado com recurso a aparelho de anzol ou palangre.<\/p>\n\n\n\n<p>Al\u00e9m de criar a oportunidade de comercializar este peixe fresco, permite tamb\u00e9m que visitantes, nacionais e estrangeiros, possam tomar contacto com uma realidade que ainda persiste na mem\u00f3ria da comunidade local num momento de proximidade para com esta atividade piscat\u00f3ria.<\/p>\n\n\n\n<p>Mais tarde, \u00e0s 15h30, o renovado Centro Interpretativo do Salva-vidas de Alvor criar\u00e1 o ambiente ideal para uma \u201cConversa com sabor a mar\u201d, uma tert\u00falia que pretende refletir sobre a import\u00e2ncia da valoriza\u00e7\u00e3o da pesca artesanal enquanto atividade sustent\u00e1vel para o setor e desenvolvimento das comunidades mar\u00edtimas. Isto porque, utiliza processos seletivos que resultam num pescado espec\u00edfico, de elevada qualidade e frescura, ao mesmo tempo, que perpetua e valoriza esta profiss\u00e3o.<\/p>\n\n\n\n<p>A tert\u00falia abordar\u00e1 exemplos de boas pr\u00e1ticas, onde se destacam o projeto \u201cCarefish\/Catch\u201d, promovido pelo Centro de Ci\u00eancias do Mar (CCMAR) da Universidade do Algarve, e que ser\u00e1 apresentado por Ana Mar\u00e7alo, ou o trabalho desenvolvido pelo Instituto Portugu\u00eas do Mar e da Atmosfera (IPMA) em torno da pesca artesanal que ser\u00e1 divulgado por Miguel Gaspar do IPMA Olh\u00e3o.&nbsp;<\/p>\n\n\n\n<p>A a\u00e7\u00e3o de algumas associa\u00e7\u00f5es de armadores e pescadores, que no terreno implementam projetos que t\u00eam como objetivo encurtar os circuitos de comercializa\u00e7\u00e3o e promover uma rela\u00e7\u00e3o de proximidade e confian\u00e7a entre quem pesca e quem consome s\u00e3o outras das boas pr\u00e1ticas apresentadas.&nbsp;<\/p>\n\n\n\n<p>Neste \u00e2mbito, S\u00f3nia Olim, da Associa\u00e7\u00e3o de Armadores de Pesca da Fuzeta, dar\u00e1 a conhecer o projeto \u201cCabaz Fresco Mar\u201d, sendo ainda convidado para a tert\u00falia Nelson Caracol, da Associa\u00e7\u00e3o dos Pescadores Profissionais de Alvor, e&nbsp;um representante da Docapesca, Portos e Lotas, S.A.<\/p>\n\n\n\n<p>O encontro, que tem entrada livre, ser\u00e1 moderado por Pedro Valadas Monteiro, Vice-Presidente da Comiss\u00e3o de Coordena\u00e7\u00e3o e Desenvolvimento Regional (CCDR) do Algarve e encerrando com um momento musical promovido pelo Centro Comunit\u00e1rio da Associa\u00e7\u00e3o Cultural e Recreativa Alvorense (ACRA).<\/p>\n\n\n\n<p>O programa que assinala o Dia Nacional do Pescador 2025 \u00e9, \u00e0 semelhan\u00e7a de anos anteriores, organizado pela C\u00e2mara Municipal de Portim\u00e3o, atrav\u00e9s do Museu de Portim\u00e3o, e conta com as parcerias da Junta de Freguesia de Alvor, da Associa\u00e7\u00e3o dos Pescadores Profissionais de Alvor e da Docapesca, Portos e Lotas S.A.<\/p>\n\n\n\n<p>As comemora\u00e7\u00f5es t\u00eam ainda a colabora\u00e7\u00e3o da ACRA, da CCDR do Algarve, do IPMA, da Associa\u00e7\u00e3o de Armadores de Pesca da Fuzeta e do CCMAR da Universidade do Algarve.<\/p>\n\n\n\n<p><strong>Atividade piscat\u00f3ria mant\u00e9m-se viva na comunidade local<\/strong><\/p>\n\n\n\n<p>Institu\u00eddo em 1997, o Dia Nacional do Pescador destaca a import\u00e2ncia deste setor que, no concelho de Portim\u00e3o, se encontra fortemente ligado \u00e0 sua hist\u00f3ria e ao seu passado. A efem\u00e9ride distingue o relevo assumido por uma classe profissional, desde sempre, associada ao territ\u00f3rio portimonense e que, com sal, sangue, suor e l\u00e1grimas, foi essencial para o crescimento e afirma\u00e7\u00e3o da comunidade.<\/p>\n\n\n\n<p>As iniciativas integradas nas comemora\u00e7\u00f5es locais, em Alvor, assinalam a influ\u00eancia que esta atividade piscat\u00f3ria teve, em tempos idos, para a economia local e a resili\u00eancia dos poucos que ainda se dedicam a este setor.<\/p>\n","protected":false},"excerpt":{"rendered":"<p>O Dia Nacional do Pescador ser\u00e1 assinalado, este ano, com um arraial, uma tert\u00falia e um \u201cMercadinho de Peixe Fresco\u201d<\/p>\n","protected":false},"author":1,"featured_media":50718,"comment_status":"closed","ping_status":"closed","sticky":false,"template":"","format":"standard","meta":{"colormag_page_container_layout":"default_layout","colormag_page_sidebar_layout":"default_layout","_monsterinsights_skip_tracking":false,"_monsterinsights_sitenote_active":false,"_monsterinsights_sitenote_note":"","_monsterinsights_sitenote_category":0,"jetpack_post_was_ever_published":false,"_jetpack_newsletter_access":"","_jetpack_dont_email_post_to_subs":false,"_jetpack_newsletter_tier_id":0,"_jetpack_memberships_contains_paywalled_content":false,"_jetpack_memberships_contains_paid_content":false,"footnotes":"","jetpack_publicize_message":"","jetpack_publicize_feature_enabled":true,"jetpack_social_post_already_shared":true,"jetpack_social_options":{"image_generator_settings":{"template":"highway","default_image_id":0,"font":"","enabled":false},"version":2}},"categories":[11],"tags":[36,62,72],"class_list":["post-50717","post","type-post","status-publish","format-standard","has-post-thumbnail","hentry","category-atualidade","tag-algarve","tag-atualidade","tag-portimao"],"yoast_head":"<!-- This site is optimized with the Yoast SEO plugin v27.5 - https:\/\/yoast.com\/product\/yoast-seo-wordpress\/ -->\n<title>Arraial, tert\u00falia e \u201cMercadinho de Peixe Fresco\u201d celebram Dia Nacional do Pescador em Alvor - Algarve 7<\/title>\n<meta name=\"description\" content=\"Arraial, tert\u00falia e \u201cMercadinho de Peixe Fresco\u201d celebram Dia Nacional do Pescador em Alvor Atualidade\" \/>\n<meta name=\"robots\" content=\"index, follow, max-snippet:-1, max-image-preview:large, max-video-preview:-1\" \/>\n<link rel=\"canonical\" href=\"https:\/\/algarve7.pt\/index.php\/2025\/05\/arraial-tertulia-e-mercadinho-de-peixe-fresco-celebram-dia-nacional-do-pescador-em-alvor\/atualidade\/09\/35\/\" \/>\n<meta property=\"og:locale\" content=\"pt_PT\" \/>\n<meta property=\"og:type\" content=\"article\" \/>\n<meta property=\"og:title\" content=\"Arraial, tert\u00falia e \u201cMercadinho de Peixe Fresco\u201d celebram Dia Nacional do Pescador em Alvor - Algarve 7\" \/>\n<meta property=\"og:description\" content=\"Arraial, tert\u00falia e \u201cMercadinho de Peixe Fresco\u201d celebram Dia Nacional do Pescador em Alvor Atualidade\" \/>\n<meta property=\"og:url\" content=\"https:\/\/algarve7.pt\/index.php\/2025\/05\/arraial-tertulia-e-mercadinho-de-peixe-fresco-celebram-dia-nacional-do-pescador-em-alvor\/atualidade\/09\/35\/\" \/>\n<meta property=\"og:site_name\" content=\"Algarve 7\" \/>\n<meta property=\"article:publisher\" content=\"https:\/\/www.facebook.com\/algarve7\" \/>\n<meta property=\"article:author\" content=\"https:\/\/www.facebook.com\/algarve7\" \/>\n<meta property=\"article:published_time\" content=\"2025-05-25T08:35:00+00:00\" \/>\n<meta property=\"og:image\" content=\"https:\/\/algarve7.pt\/wp-content\/uploads\/2025\/05\/Panoramica-Ria-Alvor.jpeg\" \/>\n\t<meta property=\"og:image:width\" content=\"800\" \/>\n\t<meta property=\"og:image:height\" content=\"500\" \/>\n\t<meta property=\"og:image:type\" content=\"image\/jpeg\" \/>\n<meta name=\"author\" content=\"Algarve 7\" \/>\n<meta name=\"twitter:card\" content=\"summary_large_image\" \/>\n<meta name=\"twitter:creator\" content=\"@Algarvesete\" \/>\n<meta name=\"twitter:site\" content=\"@Algarvesete\" \/>\n<meta name=\"twitter:label1\" content=\"Escrito por\" \/>\n\t<meta name=\"twitter:data1\" content=\"Algarve 7\" \/>\n\t<meta name=\"twitter:label2\" content=\"Tempo estimado de leitura\" \/>\n\t<meta name=\"twitter:data2\" content=\"5 minutos\" \/>\n<script type=\"application\/ld+json\" class=\"yoast-schema-graph\">{\"@context\":\"https:\\\/\\\/schema.org\",\"@graph\":[{\"@type\":\"Article\",\"@id\":\"https:\\\/\\\/algarve7.pt\\\/index.php\\\/2025\\\/05\\\/arraial-tertulia-e-mercadinho-de-peixe-fresco-celebram-dia-nacional-do-pescador-em-alvor\\\/atualidade\\\/09\\\/35\\\/#article\",\"isPartOf\":{\"@id\":\"https:\\\/\\\/algarve7.pt\\\/index.php\\\/2025\\\/05\\\/arraial-tertulia-e-mercadinho-de-peixe-fresco-celebram-dia-nacional-do-pescador-em-alvor\\\/atualidade\\\/09\\\/35\\\/\"},\"author\":{\"name\":\"Algarve 7\",\"@id\":\"https:\\\/\\\/algarve7.pt\\\/#\\\/schema\\\/person\\\/23fa70681308e7b319a3204bcea45e0c\"},\"headline\":\"Arraial, tert\u00falia e \u201cMercadinho de Peixe Fresco\u201d celebram Dia Nacional do Pescador em Alvor\",\"datePublished\":\"2025-05-25T08:35:00+00:00\",\"mainEntityOfPage\":{\"@id\":\"https:\\\/\\\/algarve7.pt\\\/index.php\\\/2025\\\/05\\\/arraial-tertulia-e-mercadinho-de-peixe-fresco-celebram-dia-nacional-do-pescador-em-alvor\\\/atualidade\\\/09\\\/35\\\/\"},\"wordCount\":874,\"publisher\":{\"@id\":\"https:\\\/\\\/algarve7.pt\\\/#organization\"},\"image\":{\"@id\":\"https:\\\/\\\/algarve7.pt\\\/index.php\\\/2025\\\/05\\\/arraial-tertulia-e-mercadinho-de-peixe-fresco-celebram-dia-nacional-do-pescador-em-alvor\\\/atualidade\\\/09\\\/35\\\/#primaryimage\"},\"thumbnailUrl\":\"https:\\\/\\\/algarve7.pt\\\/wp-content\\\/uploads\\\/2025\\\/05\\\/Panoramica-Ria-Alvor.jpeg\",\"keywords\":[\"Algarve\",\"Atualidade\",\"Portim\u00e3o\"],\"articleSection\":[\"Atualidade\"],\"inLanguage\":\"pt-PT\"},{\"@type\":\"WebPage\",\"@id\":\"https:\\\/\\\/algarve7.pt\\\/index.php\\\/2025\\\/05\\\/arraial-tertulia-e-mercadinho-de-peixe-fresco-celebram-dia-nacional-do-pescador-em-alvor\\\/atualidade\\\/09\\\/35\\\/\",\"url\":\"https:\\\/\\\/algarve7.pt\\\/index.php\\\/2025\\\/05\\\/arraial-tertulia-e-mercadinho-de-peixe-fresco-celebram-dia-nacional-do-pescador-em-alvor\\\/atualidade\\\/09\\\/35\\\/\",\"name\":\"Arraial, tert\u00falia e \u201cMercadinho de Peixe Fresco\u201d celebram Dia Nacional do Pescador em Alvor - Algarve 7\",\"isPartOf\":{\"@id\":\"https:\\\/\\\/algarve7.pt\\\/#website\"},\"primaryImageOfPage\":{\"@id\":\"https:\\\/\\\/algarve7.pt\\\/index.php\\\/2025\\\/05\\\/arraial-tertulia-e-mercadinho-de-peixe-fresco-celebram-dia-nacional-do-pescador-em-alvor\\\/atualidade\\\/09\\\/35\\\/#primaryimage\"},\"image\":{\"@id\":\"https:\\\/\\\/algarve7.pt\\\/index.php\\\/2025\\\/05\\\/arraial-tertulia-e-mercadinho-de-peixe-fresco-celebram-dia-nacional-do-pescador-em-alvor\\\/atualidade\\\/09\\\/35\\\/#primaryimage\"},\"thumbnailUrl\":\"https:\\\/\\\/algarve7.pt\\\/wp-content\\\/uploads\\\/2025\\\/05\\\/Panoramica-Ria-Alvor.jpeg\",\"datePublished\":\"2025-05-25T08:35:00+00:00\",\"description\":\"Arraial, tert\u00falia e \u201cMercadinho de Peixe Fresco\u201d celebram Dia Nacional do Pescador em Alvor Atualidade\",\"breadcrumb\":{\"@id\":\"https:\\\/\\\/algarve7.pt\\\/index.php\\\/2025\\\/05\\\/arraial-tertulia-e-mercadinho-de-peixe-fresco-celebram-dia-nacional-do-pescador-em-alvor\\\/atualidade\\\/09\\\/35\\\/#breadcrumb\"},\"inLanguage\":\"pt-PT\",\"potentialAction\":[{\"@type\":\"ReadAction\",\"target\":[\"https:\\\/\\\/algarve7.pt\\\/index.php\\\/2025\\\/05\\\/arraial-tertulia-e-mercadinho-de-peixe-fresco-celebram-dia-nacional-do-pescador-em-alvor\\\/atualidade\\\/09\\\/35\\\/\"]}]},{\"@type\":\"ImageObject\",\"inLanguage\":\"pt-PT\",\"@id\":\"https:\\\/\\\/algarve7.pt\\\/index.php\\\/2025\\\/05\\\/arraial-tertulia-e-mercadinho-de-peixe-fresco-celebram-dia-nacional-do-pescador-em-alvor\\\/atualidade\\\/09\\\/35\\\/#primaryimage\",\"url\":\"https:\\\/\\\/algarve7.pt\\\/wp-content\\\/uploads\\\/2025\\\/05\\\/Panoramica-Ria-Alvor.jpeg\",\"contentUrl\":\"https:\\\/\\\/algarve7.pt\\\/wp-content\\\/uploads\\\/2025\\\/05\\\/Panoramica-Ria-Alvor.jpeg\",\"width\":800,\"height\":500},{\"@type\":\"BreadcrumbList\",\"@id\":\"https:\\\/\\\/algarve7.pt\\\/index.php\\\/2025\\\/05\\\/arraial-tertulia-e-mercadinho-de-peixe-fresco-celebram-dia-nacional-do-pescador-em-alvor\\\/atualidade\\\/09\\\/35\\\/#breadcrumb\",\"itemListElement\":[{\"@type\":\"ListItem\",\"position\":1,\"name\":\"In\u00edcio\",\"item\":\"https:\\\/\\\/algarve7.pt\\\/\"},{\"@type\":\"ListItem\",\"position\":2,\"name\":\"Arraial, tert\u00falia e \u201cMercadinho de Peixe Fresco\u201d celebram Dia Nacional do Pescador em Alvor\"}]},{\"@type\":\"WebSite\",\"@id\":\"https:\\\/\\\/algarve7.pt\\\/#website\",\"url\":\"https:\\\/\\\/algarve7.pt\\\/\",\"name\":\"Algarve 7\",\"description\":\"Informa\u00e7\u00e3o sobre o Algarve\",\"publisher\":{\"@id\":\"https:\\\/\\\/algarve7.pt\\\/#organization\"},\"potentialAction\":[{\"@type\":\"SearchAction\",\"target\":{\"@type\":\"EntryPoint\",\"urlTemplate\":\"https:\\\/\\\/algarve7.pt\\\/?s={search_term_string}\"},\"query-input\":{\"@type\":\"PropertyValueSpecification\",\"valueRequired\":true,\"valueName\":\"search_term_string\"}}],\"inLanguage\":\"pt-PT\"},{\"@type\":\"Organization\",\"@id\":\"https:\\\/\\\/algarve7.pt\\\/#organization\",\"name\":\"Algarve 7\",\"url\":\"https:\\\/\\\/algarve7.pt\\\/\",\"logo\":{\"@type\":\"ImageObject\",\"inLanguage\":\"pt-PT\",\"@id\":\"https:\\\/\\\/algarve7.pt\\\/#\\\/schema\\\/logo\\\/image\\\/\",\"url\":\"https:\\\/\\\/algarve7.pt\\\/wp-content\\\/uploads\\\/2020\\\/10\\\/Logo-8.jpg\",\"contentUrl\":\"https:\\\/\\\/algarve7.pt\\\/wp-content\\\/uploads\\\/2020\\\/10\\\/Logo-8.jpg\",\"width\":1680,\"height\":1186,\"caption\":\"Algarve 7\"},\"image\":{\"@id\":\"https:\\\/\\\/algarve7.pt\\\/#\\\/schema\\\/logo\\\/image\\\/\"},\"sameAs\":[\"https:\\\/\\\/www.facebook.com\\\/algarve7\",\"https:\\\/\\\/x.com\\\/Algarvesete\",\"https:\\\/\\\/www.instagram.com\\\/jornalalgarve7\\\/\",\"https:\\\/\\\/www.linkedin.com\\\/company\\\/algarve7\",\"https:\\\/\\\/www.pinterest.pt\\\/geral0939\\\/_created\\\/\"]},{\"@type\":\"Person\",\"@id\":\"https:\\\/\\\/algarve7.pt\\\/#\\\/schema\\\/person\\\/23fa70681308e7b319a3204bcea45e0c\",\"name\":\"Algarve 7\",\"sameAs\":[\"https:\\\/\\\/algarve7.pt\",\"https:\\\/\\\/www.facebook.com\\\/algarve7\"],\"url\":\"https:\\\/\\\/algarve7.pt\\\/index.php\\\/author\\\/geralalgarve7-pt\\\/\"}]}<\/script>\n<!-- \/ Yoast SEO plugin. -->","yoast_head_json":{"title":"Arraial, tert\u00falia e \u201cMercadinho de Peixe Fresco\u201d celebram Dia Nacional do Pescador em Alvor - Algarve 7","description":"Arraial, tert\u00falia e \u201cMercadinho de Peixe Fresco\u201d celebram Dia Nacional do Pescador em Alvor Atualidade","robots":{"index":"index","follow":"follow","max-snippet":"max-snippet:-1","max-image-preview":"max-image-preview:large","max-video-preview":"max-video-preview:-1"},"canonical":"https:\/\/algarve7.pt\/index.php\/2025\/05\/arraial-tertulia-e-mercadinho-de-peixe-fresco-celebram-dia-nacional-do-pescador-em-alvor\/atualidade\/09\/35\/","og_locale":"pt_PT","og_type":"article","og_title":"Arraial, tert\u00falia e \u201cMercadinho de Peixe Fresco\u201d celebram Dia Nacional do Pescador em Alvor - Algarve 7","og_description":"Arraial, tert\u00falia e \u201cMercadinho de Peixe Fresco\u201d celebram Dia Nacional do Pescador em Alvor Atualidade","og_url":"https:\/\/algarve7.pt\/index.php\/2025\/05\/arraial-tertulia-e-mercadinho-de-peixe-fresco-celebram-dia-nacional-do-pescador-em-alvor\/atualidade\/09\/35\/","og_site_name":"Algarve 7","article_publisher":"https:\/\/www.facebook.com\/algarve7","article_author":"https:\/\/www.facebook.com\/algarve7","article_published_time":"2025-05-25T08:35:00+00:00","og_image":[{"width":800,"height":500,"url":"https:\/\/algarve7.pt\/wp-content\/uploads\/2025\/05\/Panoramica-Ria-Alvor.jpeg","type":"image\/jpeg"}],"author":"Algarve 7","twitter_card":"summary_large_image","twitter_creator":"@Algarvesete","twitter_site":"@Algarvesete","twitter_misc":{"Escrito por":"Algarve 7","Tempo estimado de leitura":"5 minutos"},"schema":{"@context":"https:\/\/schema.org","@graph":[{"@type":"Article","@id":"https:\/\/algarve7.pt\/index.php\/2025\/05\/arraial-tertulia-e-mercadinho-de-peixe-fresco-celebram-dia-nacional-do-pescador-em-alvor\/atualidade\/09\/35\/#article","isPartOf":{"@id":"https:\/\/algarve7.pt\/index.php\/2025\/05\/arraial-tertulia-e-mercadinho-de-peixe-fresco-celebram-dia-nacional-do-pescador-em-alvor\/atualidade\/09\/35\/"},"author":{"name":"Algarve 7","@id":"https:\/\/algarve7.pt\/#\/schema\/person\/23fa70681308e7b319a3204bcea45e0c"},"headline":"Arraial, tert\u00falia e \u201cMercadinho de Peixe Fresco\u201d celebram Dia Nacional do Pescador em Alvor","datePublished":"2025-05-25T08:35:00+00:00","mainEntityOfPage":{"@id":"https:\/\/algarve7.pt\/index.php\/2025\/05\/arraial-tertulia-e-mercadinho-de-peixe-fresco-celebram-dia-nacional-do-pescador-em-alvor\/atualidade\/09\/35\/"},"wordCount":874,"publisher":{"@id":"https:\/\/algarve7.pt\/#organization"},"image":{"@id":"https:\/\/algarve7.pt\/index.php\/2025\/05\/arraial-tertulia-e-mercadinho-de-peixe-fresco-celebram-dia-nacional-do-pescador-em-alvor\/atualidade\/09\/35\/#primaryimage"},"thumbnailUrl":"https:\/\/algarve7.pt\/wp-content\/uploads\/2025\/05\/Panoramica-Ria-Alvor.jpeg","keywords":["Algarve","Atualidade","Portim\u00e3o"],"articleSection":["Atualidade"],"inLanguage":"pt-PT"},{"@type":"WebPage","@id":"https:\/\/algarve7.pt\/index.php\/2025\/05\/arraial-tertulia-e-mercadinho-de-peixe-fresco-celebram-dia-nacional-do-pescador-em-alvor\/atualidade\/09\/35\/","url":"https:\/\/algarve7.pt\/index.php\/2025\/05\/arraial-tertulia-e-mercadinho-de-peixe-fresco-celebram-dia-nacional-do-pescador-em-alvor\/atualidade\/09\/35\/","name":"Arraial, tert\u00falia e \u201cMercadinho de Peixe Fresco\u201d celebram Dia Nacional do Pescador em Alvor - Algarve 7","isPartOf":{"@id":"https:\/\/algarve7.pt\/#website"},"primaryImageOfPage":{"@id":"https:\/\/algarve7.pt\/index.php\/2025\/05\/arraial-tertulia-e-mercadinho-de-peixe-fresco-celebram-dia-nacional-do-pescador-em-alvor\/atualidade\/09\/35\/#primaryimage"},"image":{"@id":"https:\/\/algarve7.pt\/index.php\/2025\/05\/arraial-tertulia-e-mercadinho-de-peixe-fresco-celebram-dia-nacional-do-pescador-em-alvor\/atualidade\/09\/35\/#primaryimage"},"thumbnailUrl":"https:\/\/algarve7.pt\/wp-content\/uploads\/2025\/05\/Panoramica-Ria-Alvor.jpeg","datePublished":"2025-05-25T08:35:00+00:00","description":"Arraial, tert\u00falia e \u201cMercadinho de Peixe Fresco\u201d celebram Dia Nacional do Pescador em Alvor Atualidade","breadcrumb":{"@id":"https:\/\/algarve7.pt\/index.php\/2025\/05\/arraial-tertulia-e-mercadinho-de-peixe-fresco-celebram-dia-nacional-do-pescador-em-alvor\/atualidade\/09\/35\/#breadcrumb"},"inLanguage":"pt-PT","potentialAction":[{"@type":"ReadAction","target":["https:\/\/algarve7.pt\/index.php\/2025\/05\/arraial-tertulia-e-mercadinho-de-peixe-fresco-celebram-dia-nacional-do-pescador-em-alvor\/atualidade\/09\/35\/"]}]},{"@type":"ImageObject","inLanguage":"pt-PT","@id":"https:\/\/algarve7.pt\/index.php\/2025\/05\/arraial-tertulia-e-mercadinho-de-peixe-fresco-celebram-dia-nacional-do-pescador-em-alvor\/atualidade\/09\/35\/#primaryimage","url":"https:\/\/algarve7.pt\/wp-content\/uploads\/2025\/05\/Panoramica-Ria-Alvor.jpeg","contentUrl":"https:\/\/algarve7.pt\/wp-content\/uploads\/2025\/05\/Panoramica-Ria-Alvor.jpeg","width":800,"height":500},{"@type":"BreadcrumbList","@id":"https:\/\/algarve7.pt\/index.php\/2025\/05\/arraial-tertulia-e-mercadinho-de-peixe-fresco-celebram-dia-nacional-do-pescador-em-alvor\/atualidade\/09\/35\/#breadcrumb","itemListElement":[{"@type":"ListItem","position":1,"name":"In\u00edcio","item":"https:\/\/algarve7.pt\/"},{"@type":"ListItem","position":2,"name":"Arraial, tert\u00falia e \u201cMercadinho de Peixe Fresco\u201d celebram Dia Nacional do Pescador em Alvor"}]},{"@type":"WebSite","@id":"https:\/\/algarve7.pt\/#website","url":"https:\/\/algarve7.pt\/","name":"Algarve 7","description":"Informa\u00e7\u00e3o sobre o Algarve","publisher":{"@id":"https:\/\/algarve7.pt\/#organization"},"potentialAction":[{"@type":"SearchAction","target":{"@type":"EntryPoint","urlTemplate":"https:\/\/algarve7.pt\/?s={search_term_string}"},"query-input":{"@type":"PropertyValueSpecification","valueRequired":true,"valueName":"search_term_string"}}],"inLanguage":"pt-PT"},{"@type":"Organization","@id":"https:\/\/algarve7.pt\/#organization","name":"Algarve 7","url":"https:\/\/algarve7.pt\/","logo":{"@type":"ImageObject","inLanguage":"pt-PT","@id":"https:\/\/algarve7.pt\/#\/schema\/logo\/image\/","url":"https:\/\/algarve7.pt\/wp-content\/uploads\/2020\/10\/Logo-8.jpg","contentUrl":"https:\/\/algarve7.pt\/wp-content\/uploads\/2020\/10\/Logo-8.jpg","width":1680,"height":1186,"caption":"Algarve 7"},"image":{"@id":"https:\/\/algarve7.pt\/#\/schema\/logo\/image\/"},"sameAs":["https:\/\/www.facebook.com\/algarve7","https:\/\/x.com\/Algarvesete","https:\/\/www.instagram.com\/jornalalgarve7\/","https:\/\/www.linkedin.com\/company\/algarve7","https:\/\/www.pinterest.pt\/geral0939\/_created\/"]},{"@type":"Person","@id":"https:\/\/algarve7.pt\/#\/schema\/person\/23fa70681308e7b319a3204bcea45e0c","name":"Algarve 7","sameAs":["https:\/\/algarve7.pt","https:\/\/www.facebook.com\/algarve7"],"url":"https:\/\/algarve7.pt\/index.php\/author\/geralalgarve7-pt\/"}]}},"jetpack_publicize_connections":[],"jetpack_featured_media_url":"https:\/\/algarve7.pt\/wp-content\/uploads\/2025\/05\/Panoramica-Ria-Alvor.jpeg","jetpack_shortlink":"https:\/\/wp.me\/pcezmW-dc1","jetpack_sharing_enabled":true,"_links":{"self":[{"href":"https:\/\/algarve7.pt\/index.php\/wp-json\/wp\/v2\/posts\/50717","targetHints":{"allow":["GET"]}}],"collection":[{"href":"https:\/\/algarve7.pt\/index.php\/wp-json\/wp\/v2\/posts"}],"about":[{"href":"https:\/\/algarve7.pt\/index.php\/wp-json\/wp\/v2\/types\/post"}],"author":[{"embeddable":true,"href":"https:\/\/algarve7.pt\/index.php\/wp-json\/wp\/v2\/users\/1"}],"replies":[{"embeddable":true,"href":"https:\/\/algarve7.pt\/index.php\/wp-json\/wp\/v2\/comments?post=50717"}],"version-history":[{"count":0,"href":"https:\/\/algarve7.pt\/index.php\/wp-json\/wp\/v2\/posts\/50717\/revisions"}],"wp:featuredmedia":[{"embeddable":true,"href":"https:\/\/algarve7.pt\/index.php\/wp-json\/wp\/v2\/media\/50718"}],"wp:attachment":[{"href":"https:\/\/algarve7.pt\/index.php\/wp-json\/wp\/v2\/media?parent=50717"}],"wp:term":[{"taxonomy":"category","embeddable":true,"href":"https:\/\/algarve7.pt\/index.php\/wp-json\/wp\/v2\/categories?post=50717"},{"taxonomy":"post_tag","embeddable":true,"href":"https:\/\/algarve7.pt\/index.php\/wp-json\/wp\/v2\/tags?post=50717"}],"curies":[{"name":"wp","href":"https:\/\/api.w.org\/{rel}","templated":true}]}}