{"id":50668,"date":"2025-05-24T09:05:00","date_gmt":"2025-05-24T08:05:00","guid":{"rendered":"https:\/\/algarve7.pt\/?p=50668"},"modified":"2025-05-21T19:24:24","modified_gmt":"2025-05-21T18:24:24","slug":"oz-o-musical-em-cena-no-teatro-mascarenhas-gregorio-no-dia-01-de-junho","status":"publish","type":"post","link":"https:\/\/algarve7.pt\/index.php\/2025\/05\/oz-o-musical-em-cena-no-teatro-mascarenhas-gregorio-no-dia-01-de-junho\/cultura\/09\/05\/","title":{"rendered":"&#8220;Oz-o musical&#8221; em cena no Teatro Mascarenhas Greg\u00f3rio, no dia 01 de junho"},"content":{"rendered":"\n<p>No Dia da Crian\u00e7a, 1 de junho, o Teatro Mascarenhas Greg\u00f3rio, em Silves, recebe a pe\u00e7a de teatro infantil musical &#8220;OZ &#8211; O MUSICAL&#8221;, pela companhia ADN de Palco.<\/p>\n\n\n\n<p>Inserida no Ciclo de Teatro do Concelho de Silves, a pe\u00e7a &#8220;OZ-O MUSICAL&#8221; \u00e9 um espet\u00e1culo m\u00e1gico e encantador que pretende divertir e emocionar toda a fam\u00edlia, um convite para \u201c(re)lembrar o p\u00fablico que os tornados passam e que finais felizes acontecem\u201d.&nbsp;<\/p>\n\n\n\n<p>O espet\u00e1culo dirige-se a crian\u00e7as a partir dos 3 anos, com duas sess\u00f5es dispon\u00edveis, uma \u00e0s 10h30 e outra \u00e0s 15h30.<\/p>\n\n\n\n<p>O Ciclo de Teatro, promovido pelo Munic\u00edpio de Silves, decorre at\u00e9 ao m\u00eas de setembro, e aposta numa programa\u00e7\u00e3o de qualidade, abrangente e din\u00e2mica que pretende levar \u00e0 sala de teatro os apaixonados por esta arte, mas tamb\u00e9m conquistar novos p\u00fablicos.<\/p>\n\n\n\n<p>Os bilhetes para a pe\u00e7a de teatro est\u00e3o \u00e0 venda na plataforma BOL em\u00a0<a href=\"https:\/\/cmsilves.bol.pt\/\" target=\"_blank\" rel=\"noreferrer noopener\">https:\/\/cmsilves.bol.pt<\/a><\/p>\n\n\n\n<p>Para mais informa\u00e7\u00f5es os interessados podem contactar o Setor de Cultura pelo telefone 282 440 847 (chamada para rede fixa nacional) ou pelo email\u00a0<a href=\"mailto:cultura@cm-silves.pt\">cultura@cm-<\/a><a href=\"mailto:cultura@cm-silves.pt\" target=\"_blank\" rel=\"noreferrer noopener\">silves.pt<\/a>.<\/p>\n\n\n\n<p>Um espet\u00e1culo m\u00e1gico, com muitas aventuras, onde os sonhos se tornam realidade e que n\u00e3o vai querer perder!<\/p>\n\n\n\n<p>+ sobre OZ-O MUSICAL:<\/p>\n\n\n\n<p><strong>&#8220;Oz &#8211; O Musical&#8221;<\/strong>&nbsp;,&nbsp;<strong>\u00e9 uma pe\u00e7a de teatro infantil musical&nbsp;<\/strong>que conta a hist\u00f3ria de Dorothy, uma jovem que vive no Kansas com os seus tios e o seu c\u00e3o. Dorothy \u00e9 levada por um tornado que transporta a sua casa para uma terra m\u00e1gica al\u00e9m do arco-\u00edris, a Terra de Oz. Em Oz, Dorothy \u00e9 recebida pela Bruxa Boa do Norte que revela que s\u00f3 o grande e poderoso Feiticeiro de Oz a poder\u00e1 ajudar a regressar a casa. Depois de cal\u00e7ar os encantadores sapatos de rubi, Dorothy viaja pela estrada dos tijolos amarelos em dire\u00e7\u00e3o \u00e0 cidade Esmeralda. Nesta inesperada aventura, Dorothy encontra uma Espantalha que deseja um c\u00e9rebro para pensar, um Homem de Lata que deseja um cora\u00e7\u00e3o para sentir e, por fim, um Le\u00e3o que deseja ter coragem para enfrentar os seus medos. Todos eles anseiam chegar \u00e0 cidade Esmeralda onde vive o grande Oz, a quem ir\u00e3o pedir ajuda para realizar os seus desejos. Como todos os desejos t\u00eam um pre\u00e7o para serem realizados, as personagens ter\u00e3o de derrotar a malvada Bruxa M\u00e1 do Oeste.<\/p>\n\n\n\n<p>\u201cOz &#8211; O Musical\u201d \u00e9 um espet\u00e1culo m\u00e1gico e encantador que pretende divertir e emocionar toda a fam\u00edlia, em que convida todo o p\u00fablico a ver &#8220;al\u00e9m do arco-\u00edris&#8221;, (re)lembrar ao p\u00fablico que os tornados passam e que finais felizes acontecem. Um espet\u00e1culo para toda a fam\u00edlia que nos envolve numa m\u00e1gica aventura onde os sonhos se tornam realidade.<\/p>\n","protected":false},"excerpt":{"rendered":"<p>No Dia da Crian\u00e7a, 1 de junho, o Teatro Mascarenhas Greg\u00f3rio, em Silves, recebe a pe\u00e7a de teatro infantil musical<\/p>\n","protected":false},"author":1,"featured_media":50669,"comment_status":"closed","ping_status":"closed","sticky":false,"template":"","format":"standard","meta":{"colormag_page_container_layout":"default_layout","colormag_page_sidebar_layout":"default_layout","_monsterinsights_skip_tracking":false,"_monsterinsights_sitenote_active":false,"_monsterinsights_sitenote_note":"","_monsterinsights_sitenote_category":0,"jetpack_post_was_ever_published":false,"_jetpack_newsletter_access":"","_jetpack_dont_email_post_to_subs":false,"_jetpack_newsletter_tier_id":0,"_jetpack_memberships_contains_paywalled_content":false,"_jetpack_memberships_contains_paid_content":false,"footnotes":"","jetpack_publicize_message":"","jetpack_publicize_feature_enabled":true,"jetpack_social_post_already_shared":true,"jetpack_social_options":{"image_generator_settings":{"template":"highway","default_image_id":0,"font":"","enabled":false},"version":2}},"categories":[14],"tags":[36,35,42],"class_list":["post-50668","post","type-post","status-publish","format-standard","has-post-thumbnail","hentry","category-cultura","tag-algarve","tag-cultura","tag-silves"],"yoast_head":"<!-- This site is optimized with the Yoast SEO plugin v27.5 - https:\/\/yoast.com\/product\/yoast-seo-wordpress\/ -->\n<title>&quot;Oz-o musical&quot; em cena no Teatro Mascarenhas Greg\u00f3rio, no dia 01 de junho - Algarve 7<\/title>\n<meta name=\"description\" content=\"&quot;Oz-o musical&quot; em cena no Teatro Mascarenhas Greg\u00f3rio, no dia 01 de junho Cultura\" \/>\n<meta name=\"robots\" content=\"index, follow, max-snippet:-1, max-image-preview:large, max-video-preview:-1\" \/>\n<link rel=\"canonical\" href=\"https:\/\/algarve7.pt\/index.php\/2025\/05\/oz-o-musical-em-cena-no-teatro-mascarenhas-gregorio-no-dia-01-de-junho\/cultura\/09\/05\/\" \/>\n<meta property=\"og:locale\" content=\"pt_PT\" \/>\n<meta property=\"og:type\" content=\"article\" \/>\n<meta property=\"og:title\" content=\"&quot;Oz-o musical&quot; em cena no Teatro Mascarenhas Greg\u00f3rio, no dia 01 de junho - Algarve 7\" \/>\n<meta property=\"og:description\" content=\"&quot;Oz-o musical&quot; em cena no Teatro Mascarenhas Greg\u00f3rio, no dia 01 de junho Cultura\" \/>\n<meta property=\"og:url\" content=\"https:\/\/algarve7.pt\/index.php\/2025\/05\/oz-o-musical-em-cena-no-teatro-mascarenhas-gregorio-no-dia-01-de-junho\/cultura\/09\/05\/\" \/>\n<meta property=\"og:site_name\" content=\"Algarve 7\" \/>\n<meta property=\"article:publisher\" content=\"https:\/\/www.facebook.com\/algarve7\" \/>\n<meta property=\"article:author\" content=\"https:\/\/www.facebook.com\/algarve7\" \/>\n<meta property=\"article:published_time\" content=\"2025-05-24T08:05:00+00:00\" \/>\n<meta property=\"og:image\" content=\"https:\/\/algarve7.pt\/wp-content\/uploads\/2025\/05\/NOTICIA_OZ-Musical_1JUN25.jpg\" \/>\n\t<meta property=\"og:image:width\" content=\"800\" \/>\n\t<meta property=\"og:image:height\" content=\"500\" \/>\n\t<meta property=\"og:image:type\" content=\"image\/jpeg\" \/>\n<meta name=\"author\" content=\"Algarve 7\" \/>\n<meta name=\"twitter:card\" content=\"summary_large_image\" \/>\n<meta name=\"twitter:creator\" content=\"@Algarvesete\" \/>\n<meta name=\"twitter:site\" content=\"@Algarvesete\" \/>\n<meta name=\"twitter:label1\" content=\"Escrito por\" \/>\n\t<meta name=\"twitter:data1\" content=\"Algarve 7\" \/>\n\t<meta name=\"twitter:label2\" content=\"Tempo estimado de leitura\" \/>\n\t<meta name=\"twitter:data2\" content=\"3 minutos\" \/>\n<script type=\"application\/ld+json\" class=\"yoast-schema-graph\">{\"@context\":\"https:\\\/\\\/schema.org\",\"@graph\":[{\"@type\":\"Article\",\"@id\":\"https:\\\/\\\/algarve7.pt\\\/index.php\\\/2025\\\/05\\\/oz-o-musical-em-cena-no-teatro-mascarenhas-gregorio-no-dia-01-de-junho\\\/cultura\\\/09\\\/05\\\/#article\",\"isPartOf\":{\"@id\":\"https:\\\/\\\/algarve7.pt\\\/index.php\\\/2025\\\/05\\\/oz-o-musical-em-cena-no-teatro-mascarenhas-gregorio-no-dia-01-de-junho\\\/cultura\\\/09\\\/05\\\/\"},\"author\":{\"name\":\"Algarve 7\",\"@id\":\"https:\\\/\\\/algarve7.pt\\\/#\\\/schema\\\/person\\\/23fa70681308e7b319a3204bcea45e0c\"},\"headline\":\"&#8220;Oz-o musical&#8221; em cena no Teatro Mascarenhas Greg\u00f3rio, no dia 01 de junho\",\"datePublished\":\"2025-05-24T08:05:00+00:00\",\"mainEntityOfPage\":{\"@id\":\"https:\\\/\\\/algarve7.pt\\\/index.php\\\/2025\\\/05\\\/oz-o-musical-em-cena-no-teatro-mascarenhas-gregorio-no-dia-01-de-junho\\\/cultura\\\/09\\\/05\\\/\"},\"wordCount\":494,\"publisher\":{\"@id\":\"https:\\\/\\\/algarve7.pt\\\/#organization\"},\"image\":{\"@id\":\"https:\\\/\\\/algarve7.pt\\\/index.php\\\/2025\\\/05\\\/oz-o-musical-em-cena-no-teatro-mascarenhas-gregorio-no-dia-01-de-junho\\\/cultura\\\/09\\\/05\\\/#primaryimage\"},\"thumbnailUrl\":\"https:\\\/\\\/algarve7.pt\\\/wp-content\\\/uploads\\\/2025\\\/05\\\/NOTICIA_OZ-Musical_1JUN25.jpg\",\"keywords\":[\"Algarve\",\"Cultura\",\"Silves\"],\"articleSection\":[\"Cultura\"],\"inLanguage\":\"pt-PT\"},{\"@type\":\"WebPage\",\"@id\":\"https:\\\/\\\/algarve7.pt\\\/index.php\\\/2025\\\/05\\\/oz-o-musical-em-cena-no-teatro-mascarenhas-gregorio-no-dia-01-de-junho\\\/cultura\\\/09\\\/05\\\/\",\"url\":\"https:\\\/\\\/algarve7.pt\\\/index.php\\\/2025\\\/05\\\/oz-o-musical-em-cena-no-teatro-mascarenhas-gregorio-no-dia-01-de-junho\\\/cultura\\\/09\\\/05\\\/\",\"name\":\"\\\"Oz-o musical\\\" em cena no Teatro Mascarenhas Greg\u00f3rio, no dia 01 de junho - Algarve 7\",\"isPartOf\":{\"@id\":\"https:\\\/\\\/algarve7.pt\\\/#website\"},\"primaryImageOfPage\":{\"@id\":\"https:\\\/\\\/algarve7.pt\\\/index.php\\\/2025\\\/05\\\/oz-o-musical-em-cena-no-teatro-mascarenhas-gregorio-no-dia-01-de-junho\\\/cultura\\\/09\\\/05\\\/#primaryimage\"},\"image\":{\"@id\":\"https:\\\/\\\/algarve7.pt\\\/index.php\\\/2025\\\/05\\\/oz-o-musical-em-cena-no-teatro-mascarenhas-gregorio-no-dia-01-de-junho\\\/cultura\\\/09\\\/05\\\/#primaryimage\"},\"thumbnailUrl\":\"https:\\\/\\\/algarve7.pt\\\/wp-content\\\/uploads\\\/2025\\\/05\\\/NOTICIA_OZ-Musical_1JUN25.jpg\",\"datePublished\":\"2025-05-24T08:05:00+00:00\",\"description\":\"\\\"Oz-o musical\\\" em cena no Teatro Mascarenhas Greg\u00f3rio, no dia 01 de junho Cultura\",\"breadcrumb\":{\"@id\":\"https:\\\/\\\/algarve7.pt\\\/index.php\\\/2025\\\/05\\\/oz-o-musical-em-cena-no-teatro-mascarenhas-gregorio-no-dia-01-de-junho\\\/cultura\\\/09\\\/05\\\/#breadcrumb\"},\"inLanguage\":\"pt-PT\",\"potentialAction\":[{\"@type\":\"ReadAction\",\"target\":[\"https:\\\/\\\/algarve7.pt\\\/index.php\\\/2025\\\/05\\\/oz-o-musical-em-cena-no-teatro-mascarenhas-gregorio-no-dia-01-de-junho\\\/cultura\\\/09\\\/05\\\/\"]}]},{\"@type\":\"ImageObject\",\"inLanguage\":\"pt-PT\",\"@id\":\"https:\\\/\\\/algarve7.pt\\\/index.php\\\/2025\\\/05\\\/oz-o-musical-em-cena-no-teatro-mascarenhas-gregorio-no-dia-01-de-junho\\\/cultura\\\/09\\\/05\\\/#primaryimage\",\"url\":\"https:\\\/\\\/algarve7.pt\\\/wp-content\\\/uploads\\\/2025\\\/05\\\/NOTICIA_OZ-Musical_1JUN25.jpg\",\"contentUrl\":\"https:\\\/\\\/algarve7.pt\\\/wp-content\\\/uploads\\\/2025\\\/05\\\/NOTICIA_OZ-Musical_1JUN25.jpg\",\"width\":800,\"height\":500},{\"@type\":\"BreadcrumbList\",\"@id\":\"https:\\\/\\\/algarve7.pt\\\/index.php\\\/2025\\\/05\\\/oz-o-musical-em-cena-no-teatro-mascarenhas-gregorio-no-dia-01-de-junho\\\/cultura\\\/09\\\/05\\\/#breadcrumb\",\"itemListElement\":[{\"@type\":\"ListItem\",\"position\":1,\"name\":\"In\u00edcio\",\"item\":\"https:\\\/\\\/algarve7.pt\\\/\"},{\"@type\":\"ListItem\",\"position\":2,\"name\":\"&#8220;Oz-o musical&#8221; em cena no Teatro Mascarenhas Greg\u00f3rio, no dia 01 de junho\"}]},{\"@type\":\"WebSite\",\"@id\":\"https:\\\/\\\/algarve7.pt\\\/#website\",\"url\":\"https:\\\/\\\/algarve7.pt\\\/\",\"name\":\"Algarve 7\",\"description\":\"Informa\u00e7\u00e3o sobre o Algarve\",\"publisher\":{\"@id\":\"https:\\\/\\\/algarve7.pt\\\/#organization\"},\"potentialAction\":[{\"@type\":\"SearchAction\",\"target\":{\"@type\":\"EntryPoint\",\"urlTemplate\":\"https:\\\/\\\/algarve7.pt\\\/?s={search_term_string}\"},\"query-input\":{\"@type\":\"PropertyValueSpecification\",\"valueRequired\":true,\"valueName\":\"search_term_string\"}}],\"inLanguage\":\"pt-PT\"},{\"@type\":\"Organization\",\"@id\":\"https:\\\/\\\/algarve7.pt\\\/#organization\",\"name\":\"Algarve 7\",\"url\":\"https:\\\/\\\/algarve7.pt\\\/\",\"logo\":{\"@type\":\"ImageObject\",\"inLanguage\":\"pt-PT\",\"@id\":\"https:\\\/\\\/algarve7.pt\\\/#\\\/schema\\\/logo\\\/image\\\/\",\"url\":\"https:\\\/\\\/algarve7.pt\\\/wp-content\\\/uploads\\\/2020\\\/10\\\/Logo-8.jpg\",\"contentUrl\":\"https:\\\/\\\/algarve7.pt\\\/wp-content\\\/uploads\\\/2020\\\/10\\\/Logo-8.jpg\",\"width\":1680,\"height\":1186,\"caption\":\"Algarve 7\"},\"image\":{\"@id\":\"https:\\\/\\\/algarve7.pt\\\/#\\\/schema\\\/logo\\\/image\\\/\"},\"sameAs\":[\"https:\\\/\\\/www.facebook.com\\\/algarve7\",\"https:\\\/\\\/x.com\\\/Algarvesete\",\"https:\\\/\\\/www.instagram.com\\\/jornalalgarve7\\\/\",\"https:\\\/\\\/www.linkedin.com\\\/company\\\/algarve7\",\"https:\\\/\\\/www.pinterest.pt\\\/geral0939\\\/_created\\\/\"]},{\"@type\":\"Person\",\"@id\":\"https:\\\/\\\/algarve7.pt\\\/#\\\/schema\\\/person\\\/23fa70681308e7b319a3204bcea45e0c\",\"name\":\"Algarve 7\",\"sameAs\":[\"https:\\\/\\\/algarve7.pt\",\"https:\\\/\\\/www.facebook.com\\\/algarve7\"],\"url\":\"https:\\\/\\\/algarve7.pt\\\/index.php\\\/author\\\/geralalgarve7-pt\\\/\"}]}<\/script>\n<!-- \/ Yoast SEO plugin. -->","yoast_head_json":{"title":"\"Oz-o musical\" em cena no Teatro Mascarenhas Greg\u00f3rio, no dia 01 de junho - Algarve 7","description":"\"Oz-o musical\" em cena no Teatro Mascarenhas Greg\u00f3rio, no dia 01 de junho Cultura","robots":{"index":"index","follow":"follow","max-snippet":"max-snippet:-1","max-image-preview":"max-image-preview:large","max-video-preview":"max-video-preview:-1"},"canonical":"https:\/\/algarve7.pt\/index.php\/2025\/05\/oz-o-musical-em-cena-no-teatro-mascarenhas-gregorio-no-dia-01-de-junho\/cultura\/09\/05\/","og_locale":"pt_PT","og_type":"article","og_title":"\"Oz-o musical\" em cena no Teatro Mascarenhas Greg\u00f3rio, no dia 01 de junho - Algarve 7","og_description":"\"Oz-o musical\" em cena no Teatro Mascarenhas Greg\u00f3rio, no dia 01 de junho Cultura","og_url":"https:\/\/algarve7.pt\/index.php\/2025\/05\/oz-o-musical-em-cena-no-teatro-mascarenhas-gregorio-no-dia-01-de-junho\/cultura\/09\/05\/","og_site_name":"Algarve 7","article_publisher":"https:\/\/www.facebook.com\/algarve7","article_author":"https:\/\/www.facebook.com\/algarve7","article_published_time":"2025-05-24T08:05:00+00:00","og_image":[{"width":800,"height":500,"url":"https:\/\/algarve7.pt\/wp-content\/uploads\/2025\/05\/NOTICIA_OZ-Musical_1JUN25.jpg","type":"image\/jpeg"}],"author":"Algarve 7","twitter_card":"summary_large_image","twitter_creator":"@Algarvesete","twitter_site":"@Algarvesete","twitter_misc":{"Escrito por":"Algarve 7","Tempo estimado de leitura":"3 minutos"},"schema":{"@context":"https:\/\/schema.org","@graph":[{"@type":"Article","@id":"https:\/\/algarve7.pt\/index.php\/2025\/05\/oz-o-musical-em-cena-no-teatro-mascarenhas-gregorio-no-dia-01-de-junho\/cultura\/09\/05\/#article","isPartOf":{"@id":"https:\/\/algarve7.pt\/index.php\/2025\/05\/oz-o-musical-em-cena-no-teatro-mascarenhas-gregorio-no-dia-01-de-junho\/cultura\/09\/05\/"},"author":{"name":"Algarve 7","@id":"https:\/\/algarve7.pt\/#\/schema\/person\/23fa70681308e7b319a3204bcea45e0c"},"headline":"&#8220;Oz-o musical&#8221; em cena no Teatro Mascarenhas Greg\u00f3rio, no dia 01 de junho","datePublished":"2025-05-24T08:05:00+00:00","mainEntityOfPage":{"@id":"https:\/\/algarve7.pt\/index.php\/2025\/05\/oz-o-musical-em-cena-no-teatro-mascarenhas-gregorio-no-dia-01-de-junho\/cultura\/09\/05\/"},"wordCount":494,"publisher":{"@id":"https:\/\/algarve7.pt\/#organization"},"image":{"@id":"https:\/\/algarve7.pt\/index.php\/2025\/05\/oz-o-musical-em-cena-no-teatro-mascarenhas-gregorio-no-dia-01-de-junho\/cultura\/09\/05\/#primaryimage"},"thumbnailUrl":"https:\/\/algarve7.pt\/wp-content\/uploads\/2025\/05\/NOTICIA_OZ-Musical_1JUN25.jpg","keywords":["Algarve","Cultura","Silves"],"articleSection":["Cultura"],"inLanguage":"pt-PT"},{"@type":"WebPage","@id":"https:\/\/algarve7.pt\/index.php\/2025\/05\/oz-o-musical-em-cena-no-teatro-mascarenhas-gregorio-no-dia-01-de-junho\/cultura\/09\/05\/","url":"https:\/\/algarve7.pt\/index.php\/2025\/05\/oz-o-musical-em-cena-no-teatro-mascarenhas-gregorio-no-dia-01-de-junho\/cultura\/09\/05\/","name":"\"Oz-o musical\" em cena no Teatro Mascarenhas Greg\u00f3rio, no dia 01 de junho - Algarve 7","isPartOf":{"@id":"https:\/\/algarve7.pt\/#website"},"primaryImageOfPage":{"@id":"https:\/\/algarve7.pt\/index.php\/2025\/05\/oz-o-musical-em-cena-no-teatro-mascarenhas-gregorio-no-dia-01-de-junho\/cultura\/09\/05\/#primaryimage"},"image":{"@id":"https:\/\/algarve7.pt\/index.php\/2025\/05\/oz-o-musical-em-cena-no-teatro-mascarenhas-gregorio-no-dia-01-de-junho\/cultura\/09\/05\/#primaryimage"},"thumbnailUrl":"https:\/\/algarve7.pt\/wp-content\/uploads\/2025\/05\/NOTICIA_OZ-Musical_1JUN25.jpg","datePublished":"2025-05-24T08:05:00+00:00","description":"\"Oz-o musical\" em cena no Teatro Mascarenhas Greg\u00f3rio, no dia 01 de junho Cultura","breadcrumb":{"@id":"https:\/\/algarve7.pt\/index.php\/2025\/05\/oz-o-musical-em-cena-no-teatro-mascarenhas-gregorio-no-dia-01-de-junho\/cultura\/09\/05\/#breadcrumb"},"inLanguage":"pt-PT","potentialAction":[{"@type":"ReadAction","target":["https:\/\/algarve7.pt\/index.php\/2025\/05\/oz-o-musical-em-cena-no-teatro-mascarenhas-gregorio-no-dia-01-de-junho\/cultura\/09\/05\/"]}]},{"@type":"ImageObject","inLanguage":"pt-PT","@id":"https:\/\/algarve7.pt\/index.php\/2025\/05\/oz-o-musical-em-cena-no-teatro-mascarenhas-gregorio-no-dia-01-de-junho\/cultura\/09\/05\/#primaryimage","url":"https:\/\/algarve7.pt\/wp-content\/uploads\/2025\/05\/NOTICIA_OZ-Musical_1JUN25.jpg","contentUrl":"https:\/\/algarve7.pt\/wp-content\/uploads\/2025\/05\/NOTICIA_OZ-Musical_1JUN25.jpg","width":800,"height":500},{"@type":"BreadcrumbList","@id":"https:\/\/algarve7.pt\/index.php\/2025\/05\/oz-o-musical-em-cena-no-teatro-mascarenhas-gregorio-no-dia-01-de-junho\/cultura\/09\/05\/#breadcrumb","itemListElement":[{"@type":"ListItem","position":1,"name":"In\u00edcio","item":"https:\/\/algarve7.pt\/"},{"@type":"ListItem","position":2,"name":"&#8220;Oz-o musical&#8221; em cena no Teatro Mascarenhas Greg\u00f3rio, no dia 01 de junho"}]},{"@type":"WebSite","@id":"https:\/\/algarve7.pt\/#website","url":"https:\/\/algarve7.pt\/","name":"Algarve 7","description":"Informa\u00e7\u00e3o sobre o Algarve","publisher":{"@id":"https:\/\/algarve7.pt\/#organization"},"potentialAction":[{"@type":"SearchAction","target":{"@type":"EntryPoint","urlTemplate":"https:\/\/algarve7.pt\/?s={search_term_string}"},"query-input":{"@type":"PropertyValueSpecification","valueRequired":true,"valueName":"search_term_string"}}],"inLanguage":"pt-PT"},{"@type":"Organization","@id":"https:\/\/algarve7.pt\/#organization","name":"Algarve 7","url":"https:\/\/algarve7.pt\/","logo":{"@type":"ImageObject","inLanguage":"pt-PT","@id":"https:\/\/algarve7.pt\/#\/schema\/logo\/image\/","url":"https:\/\/algarve7.pt\/wp-content\/uploads\/2020\/10\/Logo-8.jpg","contentUrl":"https:\/\/algarve7.pt\/wp-content\/uploads\/2020\/10\/Logo-8.jpg","width":1680,"height":1186,"caption":"Algarve 7"},"image":{"@id":"https:\/\/algarve7.pt\/#\/schema\/logo\/image\/"},"sameAs":["https:\/\/www.facebook.com\/algarve7","https:\/\/x.com\/Algarvesete","https:\/\/www.instagram.com\/jornalalgarve7\/","https:\/\/www.linkedin.com\/company\/algarve7","https:\/\/www.pinterest.pt\/geral0939\/_created\/"]},{"@type":"Person","@id":"https:\/\/algarve7.pt\/#\/schema\/person\/23fa70681308e7b319a3204bcea45e0c","name":"Algarve 7","sameAs":["https:\/\/algarve7.pt","https:\/\/www.facebook.com\/algarve7"],"url":"https:\/\/algarve7.pt\/index.php\/author\/geralalgarve7-pt\/"}]}},"jetpack_publicize_connections":[],"jetpack_featured_media_url":"https:\/\/algarve7.pt\/wp-content\/uploads\/2025\/05\/NOTICIA_OZ-Musical_1JUN25.jpg","jetpack_shortlink":"https:\/\/wp.me\/pcezmW-dbe","jetpack_sharing_enabled":true,"_links":{"self":[{"href":"https:\/\/algarve7.pt\/index.php\/wp-json\/wp\/v2\/posts\/50668","targetHints":{"allow":["GET"]}}],"collection":[{"href":"https:\/\/algarve7.pt\/index.php\/wp-json\/wp\/v2\/posts"}],"about":[{"href":"https:\/\/algarve7.pt\/index.php\/wp-json\/wp\/v2\/types\/post"}],"author":[{"embeddable":true,"href":"https:\/\/algarve7.pt\/index.php\/wp-json\/wp\/v2\/users\/1"}],"replies":[{"embeddable":true,"href":"https:\/\/algarve7.pt\/index.php\/wp-json\/wp\/v2\/comments?post=50668"}],"version-history":[{"count":0,"href":"https:\/\/algarve7.pt\/index.php\/wp-json\/wp\/v2\/posts\/50668\/revisions"}],"wp:featuredmedia":[{"embeddable":true,"href":"https:\/\/algarve7.pt\/index.php\/wp-json\/wp\/v2\/media\/50669"}],"wp:attachment":[{"href":"https:\/\/algarve7.pt\/index.php\/wp-json\/wp\/v2\/media?parent=50668"}],"wp:term":[{"taxonomy":"category","embeddable":true,"href":"https:\/\/algarve7.pt\/index.php\/wp-json\/wp\/v2\/categories?post=50668"},{"taxonomy":"post_tag","embeddable":true,"href":"https:\/\/algarve7.pt\/index.php\/wp-json\/wp\/v2\/tags?post=50668"}],"curies":[{"name":"wp","href":"https:\/\/api.w.org\/{rel}","templated":true}]}}