{"id":5064,"date":"2021-01-06T10:57:32","date_gmt":"2021-01-06T10:57:32","guid":{"rendered":"https:\/\/algarve7.pt\/?p=5064"},"modified":"2021-01-06T10:57:36","modified_gmt":"2021-01-06T10:57:36","slug":"divam-2021-abre-candidaturas-com-o-tema-patrimonio-comunidade-e-inclusao","status":"publish","type":"post","link":"https:\/\/algarve7.pt\/index.php\/2021\/01\/divam-2021-abre-candidaturas-com-o-tema-patrimonio-comunidade-e-inclusao\/cultura\/10\/57\/","title":{"rendered":"DiVaM 2021 abre candidaturas com o tema  \u201cPatrim\u00f3nio, Comunidade e Inclus\u00e3o\u201d"},"content":{"rendered":"\n<p><strong>A Dire\u00e7\u00e3o Regional de Cultura do Algarve deu in\u00edcio \u00e0 edi\u00e7\u00e3o 2021 do DiVaM \u2013 Dinamiza\u00e7\u00e3o e Valoriza\u00e7\u00e3o dos Monumentos \u2013 com a abertura de candidaturas, at\u00e9 dia 28 de Fevereiro, de acordo com o seguinte tema: \u201cPatrim\u00f3nio, Comunidade e Inclus\u00e3o\u201d.<\/strong><\/p>\n\n\n\n<p>Devido \u00e0 situa\u00e7\u00e3o provocada pela pandemia da COVID-19, para o ano de 2021 e a t\u00edtulo extraordin\u00e1rio, s\u00e3o eleg\u00edveis, no \u00e2mbito do Programa DiVaM, as despesas decorrentes de sal\u00e1rios, afetos \u00e0s a\u00e7\u00f5es culturais, devidamente justificadas, at\u00e9 ao montante de 15% do apoio total concedido.<\/p>\n\n\n\n<p>Assumindo que o Patrim\u00f3nio deve ser, acima de tudo, um projeto de cidadania e que n\u00e3o pode estar desfasado das pessoas, pretende-se construir uma programa\u00e7\u00e3o cultural que promova um verdadeiro e honesto di\u00e1logo entre as comunidades e os monumentos.<\/p>\n\n\n\n<p>Porque o patrim\u00f3nio s\u00f3 pode ser efetivamente valorizado se tiver uma real signific\u00e2ncia no quotidiano e na vida das suas comunidades, e por se entender que o \u201cesp\u00edrito do lugar\u201d pode ser continuamente redescoberto, se existir uma verdadeira inclus\u00e3o das comunidades no processo de constru\u00e7\u00e3o patrimonial, colocam-se algumas quest\u00f5es que importa dar resposta:<\/p>\n\n\n\n<p>O que nos dizem as pessoas que a\u00ed vivem sobre estes monumentos e a sua Hist\u00f3ria? Partilham dos mesmos discursos? Que outras hist\u00f3rias e mem\u00f3rias ter\u00e3o para contar? Qual a liga\u00e7\u00e3o pessoal e emocional das pessoas com estes testemunhos patrimoniais materiais e imateriais? Qual o verdadeiro papel das comunidades patrimoniais no processo de gest\u00e3o e valoriza\u00e7\u00e3o patrimonial? Quais as narrativas que a partir da\u00ed se podem construir, para al\u00e9m do \u00abdiscurso patrimonial autorizado\u00bb?&nbsp;<\/p>\n\n\n\n<p>Refor\u00e7ando o prop\u00f3sito iniciado em anos anteriores, pretende-se continuar a promover os&nbsp;<strong>princ\u00edpios basilares da \u00abConven\u00e7\u00e3o de Faro\u00bb<\/strong>&nbsp;com a participa\u00e7\u00e3o ativa das comunidades envolventes no processo de desconstru\u00e7\u00e3o e constru\u00e7\u00e3o patrimonial, colocando as pessoas e os valores humanos no cerne da quest\u00e3o.&nbsp;<\/p>\n\n\n\n<p>Tendo \u00abPatrim\u00f3nio, Comunidades e Inclus\u00e3o\u00bb como tema central do DiVaM 2021 e apelando \u00e0 inclus\u00e3o das comunidades no processo de constru\u00e7\u00e3o de novos projetos culturais, convidam-se todas as associa\u00e7\u00f5es culturais da regi\u00e3o algarvia, \u00e0 apresenta\u00e7\u00e3o de candidaturas para a programa\u00e7\u00e3o do DiVaM 2021,&nbsp;<strong>at\u00e9 ao pr\u00f3ximo dia 28 de fevereiro.<\/strong><\/p>\n\n\n\n<p><a href=\"http:\/\/www.cultalg.pt\/img\/home\/2020\/2021_Regras%20de%20candidatura%20DiVaM_final_assinado.pdf\" target=\"_blank\" rel=\"noreferrer noopener\">Regras de Candidatura e Apoio &#8211; DiVaM 2021<\/a><\/p>\n\n\n\n<p><a href=\"http:\/\/www.cultalg.pt\/img\/home\/2020\/Formul%C3%A1rio%20DiVaM%202021.docx\" target=\"_blank\" rel=\"noreferrer noopener\">Formul\u00e1rio de Candidatura &#8211; DiVaM 2021<\/a><\/p>\n","protected":false},"excerpt":{"rendered":"<p>A Dire\u00e7\u00e3o Regional de Cultura do Algarve deu in\u00edcio \u00e0 edi\u00e7\u00e3o 2021 do DiVaM \u2013 Dinamiza\u00e7\u00e3o e Valoriza\u00e7\u00e3o dos Monumentos<\/p>\n","protected":false},"author":1,"featured_media":1902,"comment_status":"closed","ping_status":"open","sticky":false,"template":"","format":"standard","meta":{"colormag_page_container_layout":"default_layout","colormag_page_sidebar_layout":"default_layout","_monsterinsights_skip_tracking":false,"_monsterinsights_sitenote_active":false,"_monsterinsights_sitenote_note":"","_monsterinsights_sitenote_category":0,"jetpack_post_was_ever_published":false,"_jetpack_newsletter_access":"","_jetpack_dont_email_post_to_subs":false,"_jetpack_newsletter_tier_id":0,"_jetpack_memberships_contains_paywalled_content":false,"_jetpack_memberships_contains_paid_content":false,"footnotes":"","jetpack_publicize_message":"","jetpack_publicize_feature_enabled":true,"jetpack_social_post_already_shared":true,"jetpack_social_options":{"image_generator_settings":{"template":"highway","default_image_id":0,"font":"","enabled":false},"version":2}},"categories":[14],"tags":[36,35,169],"class_list":["post-5064","post","type-post","status-publish","format-standard","has-post-thumbnail","hentry","category-cultura","tag-algarve","tag-cultura","tag-divam"],"yoast_head":"<!-- This site is optimized with the Yoast SEO plugin v27.5 - https:\/\/yoast.com\/product\/yoast-seo-wordpress\/ -->\n<title>DiVaM 2021 abre candidaturas com o tema \u201cPatrim\u00f3nio, Comunidade e Inclus\u00e3o\u201d - Algarve 7<\/title>\n<meta name=\"description\" content=\"DiVaM 2021 abre candidaturas com o tema \u201cPatrim\u00f3nio, Comunidade e Inclus\u00e3o\u201d Cultura\" \/>\n<meta name=\"robots\" content=\"index, follow, max-snippet:-1, max-image-preview:large, max-video-preview:-1\" \/>\n<link rel=\"canonical\" href=\"https:\/\/algarve7.pt\/index.php\/2021\/01\/divam-2021-abre-candidaturas-com-o-tema-patrimonio-comunidade-e-inclusao\/cultura\/10\/57\/\" \/>\n<meta property=\"og:locale\" content=\"pt_PT\" \/>\n<meta property=\"og:type\" content=\"article\" \/>\n<meta property=\"og:title\" content=\"DiVaM 2021 abre candidaturas com o tema \u201cPatrim\u00f3nio, Comunidade e Inclus\u00e3o\u201d - Algarve 7\" \/>\n<meta property=\"og:description\" content=\"DiVaM 2021 abre candidaturas com o tema \u201cPatrim\u00f3nio, Comunidade e Inclus\u00e3o\u201d Cultura\" \/>\n<meta property=\"og:url\" content=\"https:\/\/algarve7.pt\/index.php\/2021\/01\/divam-2021-abre-candidaturas-com-o-tema-patrimonio-comunidade-e-inclusao\/cultura\/10\/57\/\" \/>\n<meta property=\"og:site_name\" content=\"Algarve 7\" \/>\n<meta property=\"article:publisher\" content=\"https:\/\/www.facebook.com\/algarve7\" \/>\n<meta property=\"article:author\" content=\"https:\/\/www.facebook.com\/algarve7\" \/>\n<meta property=\"article:published_time\" content=\"2021-01-06T10:57:32+00:00\" \/>\n<meta property=\"article:modified_time\" content=\"2021-01-06T10:57:36+00:00\" \/>\n<meta property=\"og:image\" content=\"https:\/\/algarve7.pt\/wp-content\/uploads\/2020\/09\/img1941981055Divam.jpg\" \/>\n\t<meta property=\"og:image:width\" content=\"884\" \/>\n\t<meta property=\"og:image:height\" content=\"544\" \/>\n\t<meta property=\"og:image:type\" content=\"image\/jpeg\" \/>\n<meta name=\"author\" content=\"Algarve 7\" \/>\n<meta name=\"twitter:card\" content=\"summary_large_image\" \/>\n<meta name=\"twitter:creator\" content=\"@Algarvesete\" \/>\n<meta name=\"twitter:site\" content=\"@Algarvesete\" \/>\n<meta name=\"twitter:label1\" content=\"Escrito por\" \/>\n\t<meta name=\"twitter:data1\" content=\"Algarve 7\" \/>\n\t<meta name=\"twitter:label2\" content=\"Tempo estimado de leitura\" \/>\n\t<meta name=\"twitter:data2\" content=\"2 minutos\" \/>\n<script type=\"application\/ld+json\" class=\"yoast-schema-graph\">{\"@context\":\"https:\\\/\\\/schema.org\",\"@graph\":[{\"@type\":\"Article\",\"@id\":\"https:\\\/\\\/algarve7.pt\\\/index.php\\\/2021\\\/01\\\/divam-2021-abre-candidaturas-com-o-tema-patrimonio-comunidade-e-inclusao\\\/cultura\\\/10\\\/57\\\/#article\",\"isPartOf\":{\"@id\":\"https:\\\/\\\/algarve7.pt\\\/index.php\\\/2021\\\/01\\\/divam-2021-abre-candidaturas-com-o-tema-patrimonio-comunidade-e-inclusao\\\/cultura\\\/10\\\/57\\\/\"},\"author\":{\"name\":\"Algarve 7\",\"@id\":\"https:\\\/\\\/algarve7.pt\\\/#\\\/schema\\\/person\\\/23fa70681308e7b319a3204bcea45e0c\"},\"headline\":\"DiVaM 2021 abre candidaturas com o tema \u201cPatrim\u00f3nio, Comunidade e Inclus\u00e3o\u201d\",\"datePublished\":\"2021-01-06T10:57:32+00:00\",\"dateModified\":\"2021-01-06T10:57:36+00:00\",\"mainEntityOfPage\":{\"@id\":\"https:\\\/\\\/algarve7.pt\\\/index.php\\\/2021\\\/01\\\/divam-2021-abre-candidaturas-com-o-tema-patrimonio-comunidade-e-inclusao\\\/cultura\\\/10\\\/57\\\/\"},\"wordCount\":409,\"publisher\":{\"@id\":\"https:\\\/\\\/algarve7.pt\\\/#organization\"},\"image\":{\"@id\":\"https:\\\/\\\/algarve7.pt\\\/index.php\\\/2021\\\/01\\\/divam-2021-abre-candidaturas-com-o-tema-patrimonio-comunidade-e-inclusao\\\/cultura\\\/10\\\/57\\\/#primaryimage\"},\"thumbnailUrl\":\"https:\\\/\\\/algarve7.pt\\\/wp-content\\\/uploads\\\/2020\\\/09\\\/img1941981055Divam.jpg\",\"keywords\":[\"Algarve\",\"Cultura\",\"DiVaM\"],\"articleSection\":[\"Cultura\"],\"inLanguage\":\"pt-PT\"},{\"@type\":\"WebPage\",\"@id\":\"https:\\\/\\\/algarve7.pt\\\/index.php\\\/2021\\\/01\\\/divam-2021-abre-candidaturas-com-o-tema-patrimonio-comunidade-e-inclusao\\\/cultura\\\/10\\\/57\\\/\",\"url\":\"https:\\\/\\\/algarve7.pt\\\/index.php\\\/2021\\\/01\\\/divam-2021-abre-candidaturas-com-o-tema-patrimonio-comunidade-e-inclusao\\\/cultura\\\/10\\\/57\\\/\",\"name\":\"DiVaM 2021 abre candidaturas com o tema \u201cPatrim\u00f3nio, Comunidade e Inclus\u00e3o\u201d - Algarve 7\",\"isPartOf\":{\"@id\":\"https:\\\/\\\/algarve7.pt\\\/#website\"},\"primaryImageOfPage\":{\"@id\":\"https:\\\/\\\/algarve7.pt\\\/index.php\\\/2021\\\/01\\\/divam-2021-abre-candidaturas-com-o-tema-patrimonio-comunidade-e-inclusao\\\/cultura\\\/10\\\/57\\\/#primaryimage\"},\"image\":{\"@id\":\"https:\\\/\\\/algarve7.pt\\\/index.php\\\/2021\\\/01\\\/divam-2021-abre-candidaturas-com-o-tema-patrimonio-comunidade-e-inclusao\\\/cultura\\\/10\\\/57\\\/#primaryimage\"},\"thumbnailUrl\":\"https:\\\/\\\/algarve7.pt\\\/wp-content\\\/uploads\\\/2020\\\/09\\\/img1941981055Divam.jpg\",\"datePublished\":\"2021-01-06T10:57:32+00:00\",\"dateModified\":\"2021-01-06T10:57:36+00:00\",\"description\":\"DiVaM 2021 abre candidaturas com o tema \u201cPatrim\u00f3nio, Comunidade e Inclus\u00e3o\u201d Cultura\",\"breadcrumb\":{\"@id\":\"https:\\\/\\\/algarve7.pt\\\/index.php\\\/2021\\\/01\\\/divam-2021-abre-candidaturas-com-o-tema-patrimonio-comunidade-e-inclusao\\\/cultura\\\/10\\\/57\\\/#breadcrumb\"},\"inLanguage\":\"pt-PT\",\"potentialAction\":[{\"@type\":\"ReadAction\",\"target\":[\"https:\\\/\\\/algarve7.pt\\\/index.php\\\/2021\\\/01\\\/divam-2021-abre-candidaturas-com-o-tema-patrimonio-comunidade-e-inclusao\\\/cultura\\\/10\\\/57\\\/\"]}]},{\"@type\":\"ImageObject\",\"inLanguage\":\"pt-PT\",\"@id\":\"https:\\\/\\\/algarve7.pt\\\/index.php\\\/2021\\\/01\\\/divam-2021-abre-candidaturas-com-o-tema-patrimonio-comunidade-e-inclusao\\\/cultura\\\/10\\\/57\\\/#primaryimage\",\"url\":\"https:\\\/\\\/algarve7.pt\\\/wp-content\\\/uploads\\\/2020\\\/09\\\/img1941981055Divam.jpg\",\"contentUrl\":\"https:\\\/\\\/algarve7.pt\\\/wp-content\\\/uploads\\\/2020\\\/09\\\/img1941981055Divam.jpg\",\"width\":884,\"height\":544},{\"@type\":\"BreadcrumbList\",\"@id\":\"https:\\\/\\\/algarve7.pt\\\/index.php\\\/2021\\\/01\\\/divam-2021-abre-candidaturas-com-o-tema-patrimonio-comunidade-e-inclusao\\\/cultura\\\/10\\\/57\\\/#breadcrumb\",\"itemListElement\":[{\"@type\":\"ListItem\",\"position\":1,\"name\":\"In\u00edcio\",\"item\":\"https:\\\/\\\/algarve7.pt\\\/\"},{\"@type\":\"ListItem\",\"position\":2,\"name\":\"DiVaM 2021 abre candidaturas com o tema \u201cPatrim\u00f3nio, Comunidade e Inclus\u00e3o\u201d\"}]},{\"@type\":\"WebSite\",\"@id\":\"https:\\\/\\\/algarve7.pt\\\/#website\",\"url\":\"https:\\\/\\\/algarve7.pt\\\/\",\"name\":\"Algarve 7\",\"description\":\"Informa\u00e7\u00e3o sobre o Algarve\",\"publisher\":{\"@id\":\"https:\\\/\\\/algarve7.pt\\\/#organization\"},\"potentialAction\":[{\"@type\":\"SearchAction\",\"target\":{\"@type\":\"EntryPoint\",\"urlTemplate\":\"https:\\\/\\\/algarve7.pt\\\/?s={search_term_string}\"},\"query-input\":{\"@type\":\"PropertyValueSpecification\",\"valueRequired\":true,\"valueName\":\"search_term_string\"}}],\"inLanguage\":\"pt-PT\"},{\"@type\":\"Organization\",\"@id\":\"https:\\\/\\\/algarve7.pt\\\/#organization\",\"name\":\"Algarve 7\",\"url\":\"https:\\\/\\\/algarve7.pt\\\/\",\"logo\":{\"@type\":\"ImageObject\",\"inLanguage\":\"pt-PT\",\"@id\":\"https:\\\/\\\/algarve7.pt\\\/#\\\/schema\\\/logo\\\/image\\\/\",\"url\":\"https:\\\/\\\/algarve7.pt\\\/wp-content\\\/uploads\\\/2020\\\/10\\\/Logo-8.jpg\",\"contentUrl\":\"https:\\\/\\\/algarve7.pt\\\/wp-content\\\/uploads\\\/2020\\\/10\\\/Logo-8.jpg\",\"width\":1680,\"height\":1186,\"caption\":\"Algarve 7\"},\"image\":{\"@id\":\"https:\\\/\\\/algarve7.pt\\\/#\\\/schema\\\/logo\\\/image\\\/\"},\"sameAs\":[\"https:\\\/\\\/www.facebook.com\\\/algarve7\",\"https:\\\/\\\/x.com\\\/Algarvesete\",\"https:\\\/\\\/www.instagram.com\\\/jornalalgarve7\\\/\",\"https:\\\/\\\/www.linkedin.com\\\/company\\\/algarve7\",\"https:\\\/\\\/www.pinterest.pt\\\/geral0939\\\/_created\\\/\"]},{\"@type\":\"Person\",\"@id\":\"https:\\\/\\\/algarve7.pt\\\/#\\\/schema\\\/person\\\/23fa70681308e7b319a3204bcea45e0c\",\"name\":\"Algarve 7\",\"sameAs\":[\"https:\\\/\\\/algarve7.pt\",\"https:\\\/\\\/www.facebook.com\\\/algarve7\"],\"url\":\"https:\\\/\\\/algarve7.pt\\\/index.php\\\/author\\\/geralalgarve7-pt\\\/\"}]}<\/script>\n<!-- \/ Yoast SEO plugin. -->","yoast_head_json":{"title":"DiVaM 2021 abre candidaturas com o tema \u201cPatrim\u00f3nio, Comunidade e Inclus\u00e3o\u201d - Algarve 7","description":"DiVaM 2021 abre candidaturas com o tema \u201cPatrim\u00f3nio, Comunidade e Inclus\u00e3o\u201d Cultura","robots":{"index":"index","follow":"follow","max-snippet":"max-snippet:-1","max-image-preview":"max-image-preview:large","max-video-preview":"max-video-preview:-1"},"canonical":"https:\/\/algarve7.pt\/index.php\/2021\/01\/divam-2021-abre-candidaturas-com-o-tema-patrimonio-comunidade-e-inclusao\/cultura\/10\/57\/","og_locale":"pt_PT","og_type":"article","og_title":"DiVaM 2021 abre candidaturas com o tema \u201cPatrim\u00f3nio, Comunidade e Inclus\u00e3o\u201d - Algarve 7","og_description":"DiVaM 2021 abre candidaturas com o tema \u201cPatrim\u00f3nio, Comunidade e Inclus\u00e3o\u201d Cultura","og_url":"https:\/\/algarve7.pt\/index.php\/2021\/01\/divam-2021-abre-candidaturas-com-o-tema-patrimonio-comunidade-e-inclusao\/cultura\/10\/57\/","og_site_name":"Algarve 7","article_publisher":"https:\/\/www.facebook.com\/algarve7","article_author":"https:\/\/www.facebook.com\/algarve7","article_published_time":"2021-01-06T10:57:32+00:00","article_modified_time":"2021-01-06T10:57:36+00:00","og_image":[{"width":884,"height":544,"url":"https:\/\/algarve7.pt\/wp-content\/uploads\/2020\/09\/img1941981055Divam.jpg","type":"image\/jpeg"}],"author":"Algarve 7","twitter_card":"summary_large_image","twitter_creator":"@Algarvesete","twitter_site":"@Algarvesete","twitter_misc":{"Escrito por":"Algarve 7","Tempo estimado de leitura":"2 minutos"},"schema":{"@context":"https:\/\/schema.org","@graph":[{"@type":"Article","@id":"https:\/\/algarve7.pt\/index.php\/2021\/01\/divam-2021-abre-candidaturas-com-o-tema-patrimonio-comunidade-e-inclusao\/cultura\/10\/57\/#article","isPartOf":{"@id":"https:\/\/algarve7.pt\/index.php\/2021\/01\/divam-2021-abre-candidaturas-com-o-tema-patrimonio-comunidade-e-inclusao\/cultura\/10\/57\/"},"author":{"name":"Algarve 7","@id":"https:\/\/algarve7.pt\/#\/schema\/person\/23fa70681308e7b319a3204bcea45e0c"},"headline":"DiVaM 2021 abre candidaturas com o tema \u201cPatrim\u00f3nio, Comunidade e Inclus\u00e3o\u201d","datePublished":"2021-01-06T10:57:32+00:00","dateModified":"2021-01-06T10:57:36+00:00","mainEntityOfPage":{"@id":"https:\/\/algarve7.pt\/index.php\/2021\/01\/divam-2021-abre-candidaturas-com-o-tema-patrimonio-comunidade-e-inclusao\/cultura\/10\/57\/"},"wordCount":409,"publisher":{"@id":"https:\/\/algarve7.pt\/#organization"},"image":{"@id":"https:\/\/algarve7.pt\/index.php\/2021\/01\/divam-2021-abre-candidaturas-com-o-tema-patrimonio-comunidade-e-inclusao\/cultura\/10\/57\/#primaryimage"},"thumbnailUrl":"https:\/\/algarve7.pt\/wp-content\/uploads\/2020\/09\/img1941981055Divam.jpg","keywords":["Algarve","Cultura","DiVaM"],"articleSection":["Cultura"],"inLanguage":"pt-PT"},{"@type":"WebPage","@id":"https:\/\/algarve7.pt\/index.php\/2021\/01\/divam-2021-abre-candidaturas-com-o-tema-patrimonio-comunidade-e-inclusao\/cultura\/10\/57\/","url":"https:\/\/algarve7.pt\/index.php\/2021\/01\/divam-2021-abre-candidaturas-com-o-tema-patrimonio-comunidade-e-inclusao\/cultura\/10\/57\/","name":"DiVaM 2021 abre candidaturas com o tema \u201cPatrim\u00f3nio, Comunidade e Inclus\u00e3o\u201d - Algarve 7","isPartOf":{"@id":"https:\/\/algarve7.pt\/#website"},"primaryImageOfPage":{"@id":"https:\/\/algarve7.pt\/index.php\/2021\/01\/divam-2021-abre-candidaturas-com-o-tema-patrimonio-comunidade-e-inclusao\/cultura\/10\/57\/#primaryimage"},"image":{"@id":"https:\/\/algarve7.pt\/index.php\/2021\/01\/divam-2021-abre-candidaturas-com-o-tema-patrimonio-comunidade-e-inclusao\/cultura\/10\/57\/#primaryimage"},"thumbnailUrl":"https:\/\/algarve7.pt\/wp-content\/uploads\/2020\/09\/img1941981055Divam.jpg","datePublished":"2021-01-06T10:57:32+00:00","dateModified":"2021-01-06T10:57:36+00:00","description":"DiVaM 2021 abre candidaturas com o tema \u201cPatrim\u00f3nio, Comunidade e Inclus\u00e3o\u201d Cultura","breadcrumb":{"@id":"https:\/\/algarve7.pt\/index.php\/2021\/01\/divam-2021-abre-candidaturas-com-o-tema-patrimonio-comunidade-e-inclusao\/cultura\/10\/57\/#breadcrumb"},"inLanguage":"pt-PT","potentialAction":[{"@type":"ReadAction","target":["https:\/\/algarve7.pt\/index.php\/2021\/01\/divam-2021-abre-candidaturas-com-o-tema-patrimonio-comunidade-e-inclusao\/cultura\/10\/57\/"]}]},{"@type":"ImageObject","inLanguage":"pt-PT","@id":"https:\/\/algarve7.pt\/index.php\/2021\/01\/divam-2021-abre-candidaturas-com-o-tema-patrimonio-comunidade-e-inclusao\/cultura\/10\/57\/#primaryimage","url":"https:\/\/algarve7.pt\/wp-content\/uploads\/2020\/09\/img1941981055Divam.jpg","contentUrl":"https:\/\/algarve7.pt\/wp-content\/uploads\/2020\/09\/img1941981055Divam.jpg","width":884,"height":544},{"@type":"BreadcrumbList","@id":"https:\/\/algarve7.pt\/index.php\/2021\/01\/divam-2021-abre-candidaturas-com-o-tema-patrimonio-comunidade-e-inclusao\/cultura\/10\/57\/#breadcrumb","itemListElement":[{"@type":"ListItem","position":1,"name":"In\u00edcio","item":"https:\/\/algarve7.pt\/"},{"@type":"ListItem","position":2,"name":"DiVaM 2021 abre candidaturas com o tema \u201cPatrim\u00f3nio, Comunidade e Inclus\u00e3o\u201d"}]},{"@type":"WebSite","@id":"https:\/\/algarve7.pt\/#website","url":"https:\/\/algarve7.pt\/","name":"Algarve 7","description":"Informa\u00e7\u00e3o sobre o Algarve","publisher":{"@id":"https:\/\/algarve7.pt\/#organization"},"potentialAction":[{"@type":"SearchAction","target":{"@type":"EntryPoint","urlTemplate":"https:\/\/algarve7.pt\/?s={search_term_string}"},"query-input":{"@type":"PropertyValueSpecification","valueRequired":true,"valueName":"search_term_string"}}],"inLanguage":"pt-PT"},{"@type":"Organization","@id":"https:\/\/algarve7.pt\/#organization","name":"Algarve 7","url":"https:\/\/algarve7.pt\/","logo":{"@type":"ImageObject","inLanguage":"pt-PT","@id":"https:\/\/algarve7.pt\/#\/schema\/logo\/image\/","url":"https:\/\/algarve7.pt\/wp-content\/uploads\/2020\/10\/Logo-8.jpg","contentUrl":"https:\/\/algarve7.pt\/wp-content\/uploads\/2020\/10\/Logo-8.jpg","width":1680,"height":1186,"caption":"Algarve 7"},"image":{"@id":"https:\/\/algarve7.pt\/#\/schema\/logo\/image\/"},"sameAs":["https:\/\/www.facebook.com\/algarve7","https:\/\/x.com\/Algarvesete","https:\/\/www.instagram.com\/jornalalgarve7\/","https:\/\/www.linkedin.com\/company\/algarve7","https:\/\/www.pinterest.pt\/geral0939\/_created\/"]},{"@type":"Person","@id":"https:\/\/algarve7.pt\/#\/schema\/person\/23fa70681308e7b319a3204bcea45e0c","name":"Algarve 7","sameAs":["https:\/\/algarve7.pt","https:\/\/www.facebook.com\/algarve7"],"url":"https:\/\/algarve7.pt\/index.php\/author\/geralalgarve7-pt\/"}]}},"jetpack_publicize_connections":[],"jetpack_featured_media_url":"https:\/\/algarve7.pt\/wp-content\/uploads\/2020\/09\/img1941981055Divam.jpg","jetpack_shortlink":"https:\/\/wp.me\/pcezmW-1jG","jetpack_sharing_enabled":true,"_links":{"self":[{"href":"https:\/\/algarve7.pt\/index.php\/wp-json\/wp\/v2\/posts\/5064","targetHints":{"allow":["GET"]}}],"collection":[{"href":"https:\/\/algarve7.pt\/index.php\/wp-json\/wp\/v2\/posts"}],"about":[{"href":"https:\/\/algarve7.pt\/index.php\/wp-json\/wp\/v2\/types\/post"}],"author":[{"embeddable":true,"href":"https:\/\/algarve7.pt\/index.php\/wp-json\/wp\/v2\/users\/1"}],"replies":[{"embeddable":true,"href":"https:\/\/algarve7.pt\/index.php\/wp-json\/wp\/v2\/comments?post=5064"}],"version-history":[{"count":0,"href":"https:\/\/algarve7.pt\/index.php\/wp-json\/wp\/v2\/posts\/5064\/revisions"}],"wp:featuredmedia":[{"embeddable":true,"href":"https:\/\/algarve7.pt\/index.php\/wp-json\/wp\/v2\/media\/1902"}],"wp:attachment":[{"href":"https:\/\/algarve7.pt\/index.php\/wp-json\/wp\/v2\/media?parent=5064"}],"wp:term":[{"taxonomy":"category","embeddable":true,"href":"https:\/\/algarve7.pt\/index.php\/wp-json\/wp\/v2\/categories?post=5064"},{"taxonomy":"post_tag","embeddable":true,"href":"https:\/\/algarve7.pt\/index.php\/wp-json\/wp\/v2\/tags?post=5064"}],"curies":[{"name":"wp","href":"https:\/\/api.w.org\/{rel}","templated":true}]}}