{"id":50629,"date":"2025-05-22T08:40:00","date_gmt":"2025-05-22T07:40:00","guid":{"rendered":"https:\/\/algarve7.pt\/?p=50629"},"modified":"2025-05-21T12:25:44","modified_gmt":"2025-05-21T11:25:44","slug":"filipa-sousa-promete-reencantar-o-mundo-no-auditorio-municipal-de-albufeira","status":"publish","type":"post","link":"https:\/\/algarve7.pt\/index.php\/2025\/05\/filipa-sousa-promete-reencantar-o-mundo-no-auditorio-municipal-de-albufeira\/cultura\/08\/40\/","title":{"rendered":"Filipa Sousa promete reencantar o mundo no audit\u00f3rio municipal de Albufeira"},"content":{"rendered":"\n<p>N\u00e3o h\u00e1 quem n\u00e3o conhe\u00e7a a voz da albufeirense Filipa Sousa e quem n\u00e3o esteja ansioso por a ouvir cantar as m\u00fasicas do seu \u00e1lbum \u201cAcreditar\u201d, no concerto marcado para o Audit\u00f3rio Municipal de Albufeira, no pr\u00f3ximo dia 24 de maio (s\u00e1bado), a partir das 21h00, onde vai estar acompanhada no palco pelos m\u00fasicos Jo\u00e3o Palma (acorde\u00e3o), Adriano Alves (baixo), Pedro Barroso (guitarra) e Gustavo Gon\u00e7alves (percuss\u00e3o). Deste \u00e1lbum \u00e9 poss\u00edvel falar-se de uma vontade de reencantar o mundo, pela voz e pela escuta.<\/p>\n\n\n\n<p>\u201cA Filipa Sousa \u00e9 uma jovem de um enorme talento, que j\u00e1 nos deu e continua a dar fortes motivos de orgulho, n\u00e3o s\u00f3 pela voz e capacidade de interpreta\u00e7\u00e3o, como pela extrema amabilidade com que se relaciona com as diversas comunidades de Albufeira\u201d, diz Jos\u00e9 Carlos Rolo, presidente da Autarquia, que gosta de assistir na primeira fila aos espet\u00e1culos dos artistas do concelho.<\/p>\n\n\n\n<p>Reconhecida pelo seu talento vocal e presen\u00e7a em palco, Filipa Sousa apresenta um projeto musical \u00fanico que celebra a ess\u00eancia da m\u00fasica tradicional portuguesa, com uma abordagem contempor\u00e2nea e inovadora. A sua m\u00fasica mergulha nas ra\u00edzes da nossa identidade cultural, transportando o p\u00fablico numa viagem musical que percorre os caminhos do fado, entrela\u00e7ando-o com outras sonoridades e influ\u00eancias enriquecedoras.<\/p>\n\n\n\n<p>Com uma fus\u00e3o entre a tradi\u00e7\u00e3o e a modernidade, o seu \u00e1lbum de originais \u201cAcreditar\u201d apresenta a melodia nost\u00e1lgica do acorde\u00e3o, s\u00edmbolo de tantas mem\u00f3rias portuguesas, em perfeita harmonia com a profundidade das percuss\u00f5es que trazem ritmo e intensidade emocional. A voz de Filipa Sousa, carregada de sentimento e autenticidade, assume o papel central, guiando o ouvinte por hist\u00f3rias que refletem a alma portuguesa.&nbsp;<\/p>\n\n\n\n<p>Para Filipa Sousa o sonho de cantar come\u00e7ou muito cedo. Aos 6 anos come\u00e7ou a aprender m\u00fasica e aos 12 entrou para o Conservat\u00f3rio de Albufeira, onde concluiu o 4.\u00ba grau de piano e o 5.\u00ba grau de forma\u00e7\u00e3o musical e conjunto coral. A partir dos 12 come\u00e7ou a participar em festivais e concursos onde arrecadou alguns pr\u00e9mios. Aos 16, experimentou o fado por brincadeira e nunca mais parou, tendo vencido v\u00e1rios concursos de fado amador. Em 2003 juntou-se ao grupo de fados Al-Mouraria, tendo atuado em v\u00e1rios pontos do pa\u00eds, no estrangeiro (Espanha e Marrocos) e em programas televisivos. Em 2003, aos 18 anos entrou na segunda edi\u00e7\u00e3o da Opera\u00e7\u00e3o Triunfo, tendo chegado aos 30 finalistas, mas foi em 2007 que conseguiu permanecer no programa durante sete semanas. Do seu percurso art\u00edstico, destacam-se v\u00e1rios convites para cantar no estrangeiro para as comunidades portuguesas, no Luxemburgo, Alemanha e B\u00e9lgica.<\/p>\n\n\n\n<p>Em mar\u00e7o de 2012 venceu a 48.\u00aa edi\u00e7\u00e3o do Festival RTP da Can\u00e7\u00e3o com a m\u00fasica \u201cVida Minha\u201d e em maio do mesmo ano representou Portugal, em Baku, no Azerbaij\u00e3o, no Festival da Eurovis\u00e3o.<\/p>\n\n\n\n<p>Em 2019 publicou o seu primeiro trabalho a solo \u201cAcreditar\u201d. Este seu \u00e1lbum de estreia que foi apresentado no Audit\u00f3rio Municipal de Albufeira, a 23 de fevereiro desse ano, trouxe um enorme impulso \u00e0 sua carreira, que com o fado como ponto de partida conseguiu fazer a ponte com outros g\u00e9neros musicais, do rock \u00e0 m\u00fasica eletr\u00f3nica de dan\u00e7a e \u00e0 fus\u00e3o do fado com as sonoridades dos Al-Mouraria e do Gato Malvado Ensemble.<\/p>\n","protected":false},"excerpt":{"rendered":"<p>N\u00e3o h\u00e1 quem n\u00e3o conhe\u00e7a a voz da albufeirense Filipa Sousa e quem n\u00e3o esteja ansioso por a ouvir cantar<\/p>\n","protected":false},"author":1,"featured_media":50630,"comment_status":"closed","ping_status":"closed","sticky":false,"template":"","format":"standard","meta":{"colormag_page_container_layout":"default_layout","colormag_page_sidebar_layout":"default_layout","_monsterinsights_skip_tracking":false,"_monsterinsights_sitenote_active":false,"_monsterinsights_sitenote_note":"","_monsterinsights_sitenote_category":0,"jetpack_post_was_ever_published":false,"_jetpack_newsletter_access":"","_jetpack_dont_email_post_to_subs":false,"_jetpack_newsletter_tier_id":0,"_jetpack_memberships_contains_paywalled_content":false,"_jetpack_memberships_contains_paid_content":false,"footnotes":"","jetpack_publicize_message":"","jetpack_publicize_feature_enabled":true,"jetpack_social_post_already_shared":true,"jetpack_social_options":{"image_generator_settings":{"template":"highway","default_image_id":0,"font":"","enabled":false},"version":2}},"categories":[14],"tags":[155,36,35],"class_list":["post-50629","post","type-post","status-publish","format-standard","has-post-thumbnail","hentry","category-cultura","tag-albufeira","tag-algarve","tag-cultura"],"yoast_head":"<!-- This site is optimized with the Yoast SEO plugin v27.5 - https:\/\/yoast.com\/product\/yoast-seo-wordpress\/ -->\n<title>Filipa Sousa promete reencantar o mundo no audit\u00f3rio municipal de Albufeira - Algarve 7<\/title>\n<meta name=\"description\" content=\"Filipa Sousa promete reencantar o mundo no audit\u00f3rio municipal de Albufeira Cultura\" \/>\n<meta name=\"robots\" content=\"index, follow, max-snippet:-1, max-image-preview:large, max-video-preview:-1\" \/>\n<link rel=\"canonical\" href=\"https:\/\/algarve7.pt\/index.php\/2025\/05\/filipa-sousa-promete-reencantar-o-mundo-no-auditorio-municipal-de-albufeira\/cultura\/08\/40\/\" \/>\n<meta property=\"og:locale\" content=\"pt_PT\" \/>\n<meta property=\"og:type\" content=\"article\" \/>\n<meta property=\"og:title\" content=\"Filipa Sousa promete reencantar o mundo no audit\u00f3rio municipal de Albufeira - Algarve 7\" \/>\n<meta property=\"og:description\" content=\"Filipa Sousa promete reencantar o mundo no audit\u00f3rio municipal de Albufeira Cultura\" \/>\n<meta property=\"og:url\" content=\"https:\/\/algarve7.pt\/index.php\/2025\/05\/filipa-sousa-promete-reencantar-o-mundo-no-auditorio-municipal-de-albufeira\/cultura\/08\/40\/\" \/>\n<meta property=\"og:site_name\" content=\"Algarve 7\" \/>\n<meta property=\"article:publisher\" content=\"https:\/\/www.facebook.com\/algarve7\" \/>\n<meta property=\"article:author\" content=\"https:\/\/www.facebook.com\/algarve7\" \/>\n<meta property=\"article:published_time\" content=\"2025-05-22T07:40:00+00:00\" \/>\n<meta property=\"og:image\" content=\"https:\/\/algarve7.pt\/wp-content\/uploads\/2025\/05\/Captura-de-ecra-2025-05-21-as-12.22.21.png\" \/>\n\t<meta property=\"og:image:width\" content=\"800\" \/>\n\t<meta property=\"og:image:height\" content=\"500\" \/>\n\t<meta property=\"og:image:type\" content=\"image\/png\" \/>\n<meta name=\"author\" content=\"Algarve 7\" \/>\n<meta name=\"twitter:card\" content=\"summary_large_image\" \/>\n<meta name=\"twitter:creator\" content=\"@Algarvesete\" \/>\n<meta name=\"twitter:site\" content=\"@Algarvesete\" \/>\n<meta name=\"twitter:label1\" content=\"Escrito por\" \/>\n\t<meta name=\"twitter:data1\" content=\"Algarve 7\" \/>\n\t<meta name=\"twitter:label2\" content=\"Tempo estimado de leitura\" \/>\n\t<meta name=\"twitter:data2\" content=\"4 minutos\" \/>\n<script type=\"application\/ld+json\" class=\"yoast-schema-graph\">{\"@context\":\"https:\\\/\\\/schema.org\",\"@graph\":[{\"@type\":\"Article\",\"@id\":\"https:\\\/\\\/algarve7.pt\\\/index.php\\\/2025\\\/05\\\/filipa-sousa-promete-reencantar-o-mundo-no-auditorio-municipal-de-albufeira\\\/cultura\\\/08\\\/40\\\/#article\",\"isPartOf\":{\"@id\":\"https:\\\/\\\/algarve7.pt\\\/index.php\\\/2025\\\/05\\\/filipa-sousa-promete-reencantar-o-mundo-no-auditorio-municipal-de-albufeira\\\/cultura\\\/08\\\/40\\\/\"},\"author\":{\"name\":\"Algarve 7\",\"@id\":\"https:\\\/\\\/algarve7.pt\\\/#\\\/schema\\\/person\\\/23fa70681308e7b319a3204bcea45e0c\"},\"headline\":\"Filipa Sousa promete reencantar o mundo no audit\u00f3rio municipal de Albufeira\",\"datePublished\":\"2025-05-22T07:40:00+00:00\",\"mainEntityOfPage\":{\"@id\":\"https:\\\/\\\/algarve7.pt\\\/index.php\\\/2025\\\/05\\\/filipa-sousa-promete-reencantar-o-mundo-no-auditorio-municipal-de-albufeira\\\/cultura\\\/08\\\/40\\\/\"},\"wordCount\":581,\"publisher\":{\"@id\":\"https:\\\/\\\/algarve7.pt\\\/#organization\"},\"image\":{\"@id\":\"https:\\\/\\\/algarve7.pt\\\/index.php\\\/2025\\\/05\\\/filipa-sousa-promete-reencantar-o-mundo-no-auditorio-municipal-de-albufeira\\\/cultura\\\/08\\\/40\\\/#primaryimage\"},\"thumbnailUrl\":\"https:\\\/\\\/algarve7.pt\\\/wp-content\\\/uploads\\\/2025\\\/05\\\/Captura-de-ecra-2025-05-21-as-12.22.21.png\",\"keywords\":[\"Albufeira\",\"Algarve\",\"Cultura\"],\"articleSection\":[\"Cultura\"],\"inLanguage\":\"pt-PT\"},{\"@type\":\"WebPage\",\"@id\":\"https:\\\/\\\/algarve7.pt\\\/index.php\\\/2025\\\/05\\\/filipa-sousa-promete-reencantar-o-mundo-no-auditorio-municipal-de-albufeira\\\/cultura\\\/08\\\/40\\\/\",\"url\":\"https:\\\/\\\/algarve7.pt\\\/index.php\\\/2025\\\/05\\\/filipa-sousa-promete-reencantar-o-mundo-no-auditorio-municipal-de-albufeira\\\/cultura\\\/08\\\/40\\\/\",\"name\":\"Filipa Sousa promete reencantar o mundo no audit\u00f3rio municipal de Albufeira - Algarve 7\",\"isPartOf\":{\"@id\":\"https:\\\/\\\/algarve7.pt\\\/#website\"},\"primaryImageOfPage\":{\"@id\":\"https:\\\/\\\/algarve7.pt\\\/index.php\\\/2025\\\/05\\\/filipa-sousa-promete-reencantar-o-mundo-no-auditorio-municipal-de-albufeira\\\/cultura\\\/08\\\/40\\\/#primaryimage\"},\"image\":{\"@id\":\"https:\\\/\\\/algarve7.pt\\\/index.php\\\/2025\\\/05\\\/filipa-sousa-promete-reencantar-o-mundo-no-auditorio-municipal-de-albufeira\\\/cultura\\\/08\\\/40\\\/#primaryimage\"},\"thumbnailUrl\":\"https:\\\/\\\/algarve7.pt\\\/wp-content\\\/uploads\\\/2025\\\/05\\\/Captura-de-ecra-2025-05-21-as-12.22.21.png\",\"datePublished\":\"2025-05-22T07:40:00+00:00\",\"description\":\"Filipa Sousa promete reencantar o mundo no audit\u00f3rio municipal de Albufeira Cultura\",\"breadcrumb\":{\"@id\":\"https:\\\/\\\/algarve7.pt\\\/index.php\\\/2025\\\/05\\\/filipa-sousa-promete-reencantar-o-mundo-no-auditorio-municipal-de-albufeira\\\/cultura\\\/08\\\/40\\\/#breadcrumb\"},\"inLanguage\":\"pt-PT\",\"potentialAction\":[{\"@type\":\"ReadAction\",\"target\":[\"https:\\\/\\\/algarve7.pt\\\/index.php\\\/2025\\\/05\\\/filipa-sousa-promete-reencantar-o-mundo-no-auditorio-municipal-de-albufeira\\\/cultura\\\/08\\\/40\\\/\"]}]},{\"@type\":\"ImageObject\",\"inLanguage\":\"pt-PT\",\"@id\":\"https:\\\/\\\/algarve7.pt\\\/index.php\\\/2025\\\/05\\\/filipa-sousa-promete-reencantar-o-mundo-no-auditorio-municipal-de-albufeira\\\/cultura\\\/08\\\/40\\\/#primaryimage\",\"url\":\"https:\\\/\\\/algarve7.pt\\\/wp-content\\\/uploads\\\/2025\\\/05\\\/Captura-de-ecra-2025-05-21-as-12.22.21.png\",\"contentUrl\":\"https:\\\/\\\/algarve7.pt\\\/wp-content\\\/uploads\\\/2025\\\/05\\\/Captura-de-ecra-2025-05-21-as-12.22.21.png\",\"width\":800,\"height\":500},{\"@type\":\"BreadcrumbList\",\"@id\":\"https:\\\/\\\/algarve7.pt\\\/index.php\\\/2025\\\/05\\\/filipa-sousa-promete-reencantar-o-mundo-no-auditorio-municipal-de-albufeira\\\/cultura\\\/08\\\/40\\\/#breadcrumb\",\"itemListElement\":[{\"@type\":\"ListItem\",\"position\":1,\"name\":\"In\u00edcio\",\"item\":\"https:\\\/\\\/algarve7.pt\\\/\"},{\"@type\":\"ListItem\",\"position\":2,\"name\":\"Filipa Sousa promete reencantar o mundo no audit\u00f3rio municipal de Albufeira\"}]},{\"@type\":\"WebSite\",\"@id\":\"https:\\\/\\\/algarve7.pt\\\/#website\",\"url\":\"https:\\\/\\\/algarve7.pt\\\/\",\"name\":\"Algarve 7\",\"description\":\"Informa\u00e7\u00e3o sobre o Algarve\",\"publisher\":{\"@id\":\"https:\\\/\\\/algarve7.pt\\\/#organization\"},\"potentialAction\":[{\"@type\":\"SearchAction\",\"target\":{\"@type\":\"EntryPoint\",\"urlTemplate\":\"https:\\\/\\\/algarve7.pt\\\/?s={search_term_string}\"},\"query-input\":{\"@type\":\"PropertyValueSpecification\",\"valueRequired\":true,\"valueName\":\"search_term_string\"}}],\"inLanguage\":\"pt-PT\"},{\"@type\":\"Organization\",\"@id\":\"https:\\\/\\\/algarve7.pt\\\/#organization\",\"name\":\"Algarve 7\",\"url\":\"https:\\\/\\\/algarve7.pt\\\/\",\"logo\":{\"@type\":\"ImageObject\",\"inLanguage\":\"pt-PT\",\"@id\":\"https:\\\/\\\/algarve7.pt\\\/#\\\/schema\\\/logo\\\/image\\\/\",\"url\":\"https:\\\/\\\/algarve7.pt\\\/wp-content\\\/uploads\\\/2020\\\/10\\\/Logo-8.jpg\",\"contentUrl\":\"https:\\\/\\\/algarve7.pt\\\/wp-content\\\/uploads\\\/2020\\\/10\\\/Logo-8.jpg\",\"width\":1680,\"height\":1186,\"caption\":\"Algarve 7\"},\"image\":{\"@id\":\"https:\\\/\\\/algarve7.pt\\\/#\\\/schema\\\/logo\\\/image\\\/\"},\"sameAs\":[\"https:\\\/\\\/www.facebook.com\\\/algarve7\",\"https:\\\/\\\/x.com\\\/Algarvesete\",\"https:\\\/\\\/www.instagram.com\\\/jornalalgarve7\\\/\",\"https:\\\/\\\/www.linkedin.com\\\/company\\\/algarve7\",\"https:\\\/\\\/www.pinterest.pt\\\/geral0939\\\/_created\\\/\"]},{\"@type\":\"Person\",\"@id\":\"https:\\\/\\\/algarve7.pt\\\/#\\\/schema\\\/person\\\/23fa70681308e7b319a3204bcea45e0c\",\"name\":\"Algarve 7\",\"sameAs\":[\"https:\\\/\\\/algarve7.pt\",\"https:\\\/\\\/www.facebook.com\\\/algarve7\"],\"url\":\"https:\\\/\\\/algarve7.pt\\\/index.php\\\/author\\\/geralalgarve7-pt\\\/\"}]}<\/script>\n<!-- \/ Yoast SEO plugin. -->","yoast_head_json":{"title":"Filipa Sousa promete reencantar o mundo no audit\u00f3rio municipal de Albufeira - Algarve 7","description":"Filipa Sousa promete reencantar o mundo no audit\u00f3rio municipal de Albufeira Cultura","robots":{"index":"index","follow":"follow","max-snippet":"max-snippet:-1","max-image-preview":"max-image-preview:large","max-video-preview":"max-video-preview:-1"},"canonical":"https:\/\/algarve7.pt\/index.php\/2025\/05\/filipa-sousa-promete-reencantar-o-mundo-no-auditorio-municipal-de-albufeira\/cultura\/08\/40\/","og_locale":"pt_PT","og_type":"article","og_title":"Filipa Sousa promete reencantar o mundo no audit\u00f3rio municipal de Albufeira - Algarve 7","og_description":"Filipa Sousa promete reencantar o mundo no audit\u00f3rio municipal de Albufeira Cultura","og_url":"https:\/\/algarve7.pt\/index.php\/2025\/05\/filipa-sousa-promete-reencantar-o-mundo-no-auditorio-municipal-de-albufeira\/cultura\/08\/40\/","og_site_name":"Algarve 7","article_publisher":"https:\/\/www.facebook.com\/algarve7","article_author":"https:\/\/www.facebook.com\/algarve7","article_published_time":"2025-05-22T07:40:00+00:00","og_image":[{"width":800,"height":500,"url":"https:\/\/algarve7.pt\/wp-content\/uploads\/2025\/05\/Captura-de-ecra-2025-05-21-as-12.22.21.png","type":"image\/png"}],"author":"Algarve 7","twitter_card":"summary_large_image","twitter_creator":"@Algarvesete","twitter_site":"@Algarvesete","twitter_misc":{"Escrito por":"Algarve 7","Tempo estimado de leitura":"4 minutos"},"schema":{"@context":"https:\/\/schema.org","@graph":[{"@type":"Article","@id":"https:\/\/algarve7.pt\/index.php\/2025\/05\/filipa-sousa-promete-reencantar-o-mundo-no-auditorio-municipal-de-albufeira\/cultura\/08\/40\/#article","isPartOf":{"@id":"https:\/\/algarve7.pt\/index.php\/2025\/05\/filipa-sousa-promete-reencantar-o-mundo-no-auditorio-municipal-de-albufeira\/cultura\/08\/40\/"},"author":{"name":"Algarve 7","@id":"https:\/\/algarve7.pt\/#\/schema\/person\/23fa70681308e7b319a3204bcea45e0c"},"headline":"Filipa Sousa promete reencantar o mundo no audit\u00f3rio municipal de Albufeira","datePublished":"2025-05-22T07:40:00+00:00","mainEntityOfPage":{"@id":"https:\/\/algarve7.pt\/index.php\/2025\/05\/filipa-sousa-promete-reencantar-o-mundo-no-auditorio-municipal-de-albufeira\/cultura\/08\/40\/"},"wordCount":581,"publisher":{"@id":"https:\/\/algarve7.pt\/#organization"},"image":{"@id":"https:\/\/algarve7.pt\/index.php\/2025\/05\/filipa-sousa-promete-reencantar-o-mundo-no-auditorio-municipal-de-albufeira\/cultura\/08\/40\/#primaryimage"},"thumbnailUrl":"https:\/\/algarve7.pt\/wp-content\/uploads\/2025\/05\/Captura-de-ecra-2025-05-21-as-12.22.21.png","keywords":["Albufeira","Algarve","Cultura"],"articleSection":["Cultura"],"inLanguage":"pt-PT"},{"@type":"WebPage","@id":"https:\/\/algarve7.pt\/index.php\/2025\/05\/filipa-sousa-promete-reencantar-o-mundo-no-auditorio-municipal-de-albufeira\/cultura\/08\/40\/","url":"https:\/\/algarve7.pt\/index.php\/2025\/05\/filipa-sousa-promete-reencantar-o-mundo-no-auditorio-municipal-de-albufeira\/cultura\/08\/40\/","name":"Filipa Sousa promete reencantar o mundo no audit\u00f3rio municipal de Albufeira - Algarve 7","isPartOf":{"@id":"https:\/\/algarve7.pt\/#website"},"primaryImageOfPage":{"@id":"https:\/\/algarve7.pt\/index.php\/2025\/05\/filipa-sousa-promete-reencantar-o-mundo-no-auditorio-municipal-de-albufeira\/cultura\/08\/40\/#primaryimage"},"image":{"@id":"https:\/\/algarve7.pt\/index.php\/2025\/05\/filipa-sousa-promete-reencantar-o-mundo-no-auditorio-municipal-de-albufeira\/cultura\/08\/40\/#primaryimage"},"thumbnailUrl":"https:\/\/algarve7.pt\/wp-content\/uploads\/2025\/05\/Captura-de-ecra-2025-05-21-as-12.22.21.png","datePublished":"2025-05-22T07:40:00+00:00","description":"Filipa Sousa promete reencantar o mundo no audit\u00f3rio municipal de Albufeira Cultura","breadcrumb":{"@id":"https:\/\/algarve7.pt\/index.php\/2025\/05\/filipa-sousa-promete-reencantar-o-mundo-no-auditorio-municipal-de-albufeira\/cultura\/08\/40\/#breadcrumb"},"inLanguage":"pt-PT","potentialAction":[{"@type":"ReadAction","target":["https:\/\/algarve7.pt\/index.php\/2025\/05\/filipa-sousa-promete-reencantar-o-mundo-no-auditorio-municipal-de-albufeira\/cultura\/08\/40\/"]}]},{"@type":"ImageObject","inLanguage":"pt-PT","@id":"https:\/\/algarve7.pt\/index.php\/2025\/05\/filipa-sousa-promete-reencantar-o-mundo-no-auditorio-municipal-de-albufeira\/cultura\/08\/40\/#primaryimage","url":"https:\/\/algarve7.pt\/wp-content\/uploads\/2025\/05\/Captura-de-ecra-2025-05-21-as-12.22.21.png","contentUrl":"https:\/\/algarve7.pt\/wp-content\/uploads\/2025\/05\/Captura-de-ecra-2025-05-21-as-12.22.21.png","width":800,"height":500},{"@type":"BreadcrumbList","@id":"https:\/\/algarve7.pt\/index.php\/2025\/05\/filipa-sousa-promete-reencantar-o-mundo-no-auditorio-municipal-de-albufeira\/cultura\/08\/40\/#breadcrumb","itemListElement":[{"@type":"ListItem","position":1,"name":"In\u00edcio","item":"https:\/\/algarve7.pt\/"},{"@type":"ListItem","position":2,"name":"Filipa Sousa promete reencantar o mundo no audit\u00f3rio municipal de Albufeira"}]},{"@type":"WebSite","@id":"https:\/\/algarve7.pt\/#website","url":"https:\/\/algarve7.pt\/","name":"Algarve 7","description":"Informa\u00e7\u00e3o sobre o Algarve","publisher":{"@id":"https:\/\/algarve7.pt\/#organization"},"potentialAction":[{"@type":"SearchAction","target":{"@type":"EntryPoint","urlTemplate":"https:\/\/algarve7.pt\/?s={search_term_string}"},"query-input":{"@type":"PropertyValueSpecification","valueRequired":true,"valueName":"search_term_string"}}],"inLanguage":"pt-PT"},{"@type":"Organization","@id":"https:\/\/algarve7.pt\/#organization","name":"Algarve 7","url":"https:\/\/algarve7.pt\/","logo":{"@type":"ImageObject","inLanguage":"pt-PT","@id":"https:\/\/algarve7.pt\/#\/schema\/logo\/image\/","url":"https:\/\/algarve7.pt\/wp-content\/uploads\/2020\/10\/Logo-8.jpg","contentUrl":"https:\/\/algarve7.pt\/wp-content\/uploads\/2020\/10\/Logo-8.jpg","width":1680,"height":1186,"caption":"Algarve 7"},"image":{"@id":"https:\/\/algarve7.pt\/#\/schema\/logo\/image\/"},"sameAs":["https:\/\/www.facebook.com\/algarve7","https:\/\/x.com\/Algarvesete","https:\/\/www.instagram.com\/jornalalgarve7\/","https:\/\/www.linkedin.com\/company\/algarve7","https:\/\/www.pinterest.pt\/geral0939\/_created\/"]},{"@type":"Person","@id":"https:\/\/algarve7.pt\/#\/schema\/person\/23fa70681308e7b319a3204bcea45e0c","name":"Algarve 7","sameAs":["https:\/\/algarve7.pt","https:\/\/www.facebook.com\/algarve7"],"url":"https:\/\/algarve7.pt\/index.php\/author\/geralalgarve7-pt\/"}]}},"jetpack_publicize_connections":[],"jetpack_featured_media_url":"https:\/\/algarve7.pt\/wp-content\/uploads\/2025\/05\/Captura-de-ecra-2025-05-21-as-12.22.21.png","jetpack_shortlink":"https:\/\/wp.me\/pcezmW-daB","jetpack_sharing_enabled":true,"_links":{"self":[{"href":"https:\/\/algarve7.pt\/index.php\/wp-json\/wp\/v2\/posts\/50629","targetHints":{"allow":["GET"]}}],"collection":[{"href":"https:\/\/algarve7.pt\/index.php\/wp-json\/wp\/v2\/posts"}],"about":[{"href":"https:\/\/algarve7.pt\/index.php\/wp-json\/wp\/v2\/types\/post"}],"author":[{"embeddable":true,"href":"https:\/\/algarve7.pt\/index.php\/wp-json\/wp\/v2\/users\/1"}],"replies":[{"embeddable":true,"href":"https:\/\/algarve7.pt\/index.php\/wp-json\/wp\/v2\/comments?post=50629"}],"version-history":[{"count":0,"href":"https:\/\/algarve7.pt\/index.php\/wp-json\/wp\/v2\/posts\/50629\/revisions"}],"wp:featuredmedia":[{"embeddable":true,"href":"https:\/\/algarve7.pt\/index.php\/wp-json\/wp\/v2\/media\/50630"}],"wp:attachment":[{"href":"https:\/\/algarve7.pt\/index.php\/wp-json\/wp\/v2\/media?parent=50629"}],"wp:term":[{"taxonomy":"category","embeddable":true,"href":"https:\/\/algarve7.pt\/index.php\/wp-json\/wp\/v2\/categories?post=50629"},{"taxonomy":"post_tag","embeddable":true,"href":"https:\/\/algarve7.pt\/index.php\/wp-json\/wp\/v2\/tags?post=50629"}],"curies":[{"name":"wp","href":"https:\/\/api.w.org\/{rel}","templated":true}]}}