{"id":50609,"date":"2025-05-22T08:30:00","date_gmt":"2025-05-22T07:30:00","guid":{"rendered":"https:\/\/algarve7.pt\/?p=50609"},"modified":"2025-05-21T11:43:33","modified_gmt":"2025-05-21T10:43:33","slug":"ccdr-algarve-manifesta-disponibilidade-aos-municipios-para-valorizar-patrimonio-cultural-imaterial-da-regiao","status":"publish","type":"post","link":"https:\/\/algarve7.pt\/index.php\/2025\/05\/ccdr-algarve-manifesta-disponibilidade-aos-municipios-para-valorizar-patrimonio-cultural-imaterial-da-regiao\/cultura\/08\/30\/","title":{"rendered":"CCDR Algarve manifesta disponibilidade aos munic\u00edpios para valorizar patrim\u00f3nio cultural imaterial da regi\u00e3o"},"content":{"rendered":"\n<p><strong>A Comiss\u00e3o de Coordena\u00e7\u00e3o e Desenvolvimento Regional (CCDR) do Algarve, I.P. manifestou aos Munic\u00edpios de Faro e S\u00e3o Br\u00e1s de Alportel disponibilidade para apoiar processos de inscri\u00e7\u00e3o de manifesta\u00e7\u00f5es culturais relevantes no Invent\u00e1rio Nacional do Patrim\u00f3nio Cultural Imaterial.<\/strong><\/p>\n\n\n\n<p>Em of\u00edcios dirigidos os presidentes das duas C\u00e2maras Municipais, o Presidente da CCDR ALGARVE disponibilizou a colabora\u00e7\u00e3o dos servi\u00e7os da Unidade de Cultura na prepara\u00e7\u00e3o dos processos de inscri\u00e7\u00e3o da<strong>&nbsp;Festa da Pinha&nbsp;<\/strong>(Estoi) e das<strong>&nbsp;Charolas de Bordeira,&nbsp;<\/strong>ambas no concelho de Faro, e da<strong>&nbsp;Festa das Tochas Floridas \u2013 Prociss\u00e3o das Aleluias<\/strong>, que decorre habitualmente no Domingo de P\u00e1scoa, em S\u00e3o Br\u00e1s de Alportel, no Invent\u00e1rio Nacional do Patrim\u00f3nio Cultural Imaterial.<\/p>\n\n\n\n<p>Foram igualmente disponibilizados os materiais de recolha documental anteriormente produzidos no \u00e2mbito da ex-Dire\u00e7\u00e3o Regional da Cultura do Algarve, cujo acervo est\u00e1 ao cuidado da CCDR ALGARVE.<\/p>\n\n\n\n<p>O processo de inscri\u00e7\u00e3o no\u00a0<strong>Invent\u00e1rio Nacional do Patrim\u00f3nio Cultural Imaterial<\/strong>\u00a0\u00e9 regulado pelo\u00a0<strong>Decreto-Lei n.\u00ba 139\/2009, de 15 de junho<\/strong>, na sua vers\u00e3o atualizada, o qual estabelece o regime jur\u00eddico de salvaguarda do patrim\u00f3nio cultural imaterial.<\/p>\n\n\n\n<p>Nos termos daquele diploma legal, entende-se por \u00ab<strong>patrim\u00f3nio cultural imaterial<\/strong>\u00bb as manifesta\u00e7\u00f5es culturais expressas em pr\u00e1ticas, representa\u00e7\u00f5es, conhecimentos e aptid\u00f5es, de car\u00e1ter tradicional, independentemente da sua origem popular ou erudita, que as comunidades, os grupos e os indiv\u00edduos reconhe\u00e7am como fazendo parte integrante do seu patrim\u00f3nio cultural, e que, sendo transmitidas de gera\u00e7\u00e3o em gera\u00e7\u00e3o, s\u00e3o constantemente recriadas pelas comunidades e grupos em fun\u00e7\u00e3o do seu meio, da sua intera\u00e7\u00e3o com a natureza e da sua hist\u00f3ria, incutindo-lhes um sentimento de identidade coletiva.<\/p>\n\n\n\n<p>Como tal, s\u00e3o enquadr\u00e1veis manifesta\u00e7\u00f5es culturais nos nos seguintes dom\u00ednios:<\/p>\n\n\n\n<p>a) Tradi\u00e7\u00f5es e express\u00f5es orais, incluindo a l\u00edngua como vector do patrim\u00f3nio cultural imaterial;<\/p>\n\n\n\n<p>b) Express\u00f5es art\u00edsticas e manifesta\u00e7\u00f5es de car\u00e1cter performativo;<\/p>\n\n\n\n<p>c) Pr\u00e1ticas sociais, rituais e eventos festivos;<\/p>\n\n\n\n<p>d) Conhecimentos e pr\u00e1ticas relacionados com a natureza e o universo;<\/p>\n\n\n\n<p>e) Compet\u00eancias no \u00e2mbito de processos e t\u00e9cnicas tradicionais.<\/p>\n\n\n\n<p>Neste contexto, constituem especiais deveres das entidades p\u00fablicas:<\/p>\n\n\n\n<p>a) Cooperar institucionalmente na salvaguarda das manifesta\u00e7\u00f5es do patrim\u00f3nio cultural imaterial;<\/p>\n\n\n\n<p>b) Promover o uso de meios gr\u00e1ficos, sonoros, audiovisuais, ou outros mais adequados, na identifica\u00e7\u00e3o, documenta\u00e7\u00e3o, estudo e divulga\u00e7\u00e3o de manifesta\u00e7\u00f5es do patrim\u00f3nio cultural imaterial para efeitos da sua salvaguarda;<\/p>\n\n\n\n<p>c) Fomentar o acesso \u00e0 informa\u00e7\u00e3o relativa \u00e0s manifesta\u00e7\u00f5es do patrim\u00f3nio cultural imaterial;<\/p>\n\n\n\n<p>d) Assegurar a compatibiliza\u00e7\u00e3o e progressiva interoperatividade de bases de dados referentes a manifesta\u00e7\u00f5es do patrim\u00f3nio cultural imaterial.<\/p>\n\n\n\n<p>Atualmente,&nbsp;<strong>a responsabilidade da coordena\u00e7\u00e3o das diversas iniciativas a desenvolver no \u00e2mbito da salvaguarda do patrim\u00f3nio cultural imaterial \u00e9 do Patrim\u00f3nio Cultural, I.P.,<\/strong>&nbsp;que sucedeu \u00e1 Dire\u00e7\u00e3o-Geral do Patrim\u00f3nio Cultural nesse papel, devendo para o efeito articular com as CCDRs estrat\u00e9gias e a\u00e7\u00f5es para a salvaguarda de manifesta\u00e7\u00f5es do patrim\u00f3nio cultural imaterial envolvendo as comunidades, grupos e indiv\u00edduos.<\/p>\n\n\n\n<p>Nos termos do Decreto-Lei n.\u00ba 36\/2023 de 26 de maio, que procedeu \u00e0 sua convers\u00e3o em institutos p\u00fablicos, entre outras atribui\u00e7\u00f5es, as CCDRs t\u00eam por miss\u00e3o apoiar tecnicamente as autarquias locais e as suas associa\u00e7\u00f5es.<\/p>\n","protected":false},"excerpt":{"rendered":"<p>A Comiss\u00e3o de Coordena\u00e7\u00e3o e Desenvolvimento Regional (CCDR) do Algarve, I.P. manifestou aos Munic\u00edpios de Faro e S\u00e3o Br\u00e1s de<\/p>\n","protected":false},"author":1,"featured_media":50610,"comment_status":"closed","ping_status":"closed","sticky":false,"template":"","format":"standard","meta":{"colormag_page_container_layout":"default_layout","colormag_page_sidebar_layout":"default_layout","_monsterinsights_skip_tracking":false,"_monsterinsights_sitenote_active":false,"_monsterinsights_sitenote_note":"","_monsterinsights_sitenote_category":0,"jetpack_post_was_ever_published":false,"_jetpack_newsletter_access":"","_jetpack_dont_email_post_to_subs":false,"_jetpack_newsletter_tier_id":0,"_jetpack_memberships_contains_paywalled_content":false,"_jetpack_memberships_contains_paid_content":false,"footnotes":"","jetpack_publicize_message":"","jetpack_publicize_feature_enabled":true,"jetpack_social_post_already_shared":true,"jetpack_social_options":{"image_generator_settings":{"template":"highway","default_image_id":0,"font":"","enabled":false},"version":2}},"categories":[14],"tags":[36,143,35],"class_list":["post-50609","post","type-post","status-publish","format-standard","has-post-thumbnail","hentry","category-cultura","tag-algarve","tag-ccdr-algarve","tag-cultura"],"yoast_head":"<!-- This site is optimized with the Yoast SEO plugin v27.5 - https:\/\/yoast.com\/product\/yoast-seo-wordpress\/ -->\n<title>CCDR Algarve manifesta disponibilidade aos munic\u00edpios para valorizar patrim\u00f3nio cultural imaterial da regi\u00e3o - Algarve 7<\/title>\n<meta name=\"description\" content=\"CCDR Algarve manifesta disponibilidade aos munic\u00edpios para valorizar patrim\u00f3nio cultural imaterial da regi\u00e3o Cultura\" \/>\n<meta name=\"robots\" content=\"index, follow, max-snippet:-1, max-image-preview:large, max-video-preview:-1\" \/>\n<link rel=\"canonical\" href=\"https:\/\/algarve7.pt\/index.php\/2025\/05\/ccdr-algarve-manifesta-disponibilidade-aos-municipios-para-valorizar-patrimonio-cultural-imaterial-da-regiao\/cultura\/08\/30\/\" \/>\n<meta property=\"og:locale\" content=\"pt_PT\" \/>\n<meta property=\"og:type\" content=\"article\" \/>\n<meta property=\"og:title\" content=\"CCDR Algarve manifesta disponibilidade aos munic\u00edpios para valorizar patrim\u00f3nio cultural imaterial da regi\u00e3o - Algarve 7\" \/>\n<meta property=\"og:description\" content=\"CCDR Algarve manifesta disponibilidade aos munic\u00edpios para valorizar patrim\u00f3nio cultural imaterial da regi\u00e3o Cultura\" \/>\n<meta property=\"og:url\" content=\"https:\/\/algarve7.pt\/index.php\/2025\/05\/ccdr-algarve-manifesta-disponibilidade-aos-municipios-para-valorizar-patrimonio-cultural-imaterial-da-regiao\/cultura\/08\/30\/\" \/>\n<meta property=\"og:site_name\" content=\"Algarve 7\" \/>\n<meta property=\"article:publisher\" content=\"https:\/\/www.facebook.com\/algarve7\" \/>\n<meta property=\"article:author\" content=\"https:\/\/www.facebook.com\/algarve7\" \/>\n<meta property=\"article:published_time\" content=\"2025-05-22T07:30:00+00:00\" \/>\n<meta property=\"og:image\" content=\"https:\/\/algarve7.pt\/wp-content\/uploads\/2025\/05\/20250521_PCI_Festa-das-Tochas-Floridas_SBAlportel.jpg\" \/>\n\t<meta property=\"og:image:width\" content=\"800\" \/>\n\t<meta property=\"og:image:height\" content=\"500\" \/>\n\t<meta property=\"og:image:type\" content=\"image\/jpeg\" \/>\n<meta name=\"author\" content=\"Algarve 7\" \/>\n<meta name=\"twitter:card\" content=\"summary_large_image\" \/>\n<meta name=\"twitter:creator\" content=\"@Algarvesete\" \/>\n<meta name=\"twitter:site\" content=\"@Algarvesete\" \/>\n<meta name=\"twitter:label1\" content=\"Escrito por\" \/>\n\t<meta name=\"twitter:data1\" content=\"Algarve 7\" \/>\n\t<meta name=\"twitter:label2\" content=\"Tempo estimado de leitura\" \/>\n\t<meta name=\"twitter:data2\" content=\"3 minutos\" \/>\n<script type=\"application\/ld+json\" class=\"yoast-schema-graph\">{\"@context\":\"https:\\\/\\\/schema.org\",\"@graph\":[{\"@type\":\"Article\",\"@id\":\"https:\\\/\\\/algarve7.pt\\\/index.php\\\/2025\\\/05\\\/ccdr-algarve-manifesta-disponibilidade-aos-municipios-para-valorizar-patrimonio-cultural-imaterial-da-regiao\\\/cultura\\\/08\\\/30\\\/#article\",\"isPartOf\":{\"@id\":\"https:\\\/\\\/algarve7.pt\\\/index.php\\\/2025\\\/05\\\/ccdr-algarve-manifesta-disponibilidade-aos-municipios-para-valorizar-patrimonio-cultural-imaterial-da-regiao\\\/cultura\\\/08\\\/30\\\/\"},\"author\":{\"name\":\"Algarve 7\",\"@id\":\"https:\\\/\\\/algarve7.pt\\\/#\\\/schema\\\/person\\\/23fa70681308e7b319a3204bcea45e0c\"},\"headline\":\"CCDR Algarve manifesta disponibilidade aos munic\u00edpios para valorizar patrim\u00f3nio cultural imaterial da regi\u00e3o\",\"datePublished\":\"2025-05-22T07:30:00+00:00\",\"mainEntityOfPage\":{\"@id\":\"https:\\\/\\\/algarve7.pt\\\/index.php\\\/2025\\\/05\\\/ccdr-algarve-manifesta-disponibilidade-aos-municipios-para-valorizar-patrimonio-cultural-imaterial-da-regiao\\\/cultura\\\/08\\\/30\\\/\"},\"wordCount\":595,\"publisher\":{\"@id\":\"https:\\\/\\\/algarve7.pt\\\/#organization\"},\"image\":{\"@id\":\"https:\\\/\\\/algarve7.pt\\\/index.php\\\/2025\\\/05\\\/ccdr-algarve-manifesta-disponibilidade-aos-municipios-para-valorizar-patrimonio-cultural-imaterial-da-regiao\\\/cultura\\\/08\\\/30\\\/#primaryimage\"},\"thumbnailUrl\":\"https:\\\/\\\/algarve7.pt\\\/wp-content\\\/uploads\\\/2025\\\/05\\\/20250521_PCI_Festa-das-Tochas-Floridas_SBAlportel.jpg\",\"keywords\":[\"Algarve\",\"CCDR Algarve\",\"Cultura\"],\"articleSection\":[\"Cultura\"],\"inLanguage\":\"pt-PT\"},{\"@type\":\"WebPage\",\"@id\":\"https:\\\/\\\/algarve7.pt\\\/index.php\\\/2025\\\/05\\\/ccdr-algarve-manifesta-disponibilidade-aos-municipios-para-valorizar-patrimonio-cultural-imaterial-da-regiao\\\/cultura\\\/08\\\/30\\\/\",\"url\":\"https:\\\/\\\/algarve7.pt\\\/index.php\\\/2025\\\/05\\\/ccdr-algarve-manifesta-disponibilidade-aos-municipios-para-valorizar-patrimonio-cultural-imaterial-da-regiao\\\/cultura\\\/08\\\/30\\\/\",\"name\":\"CCDR Algarve manifesta disponibilidade aos munic\u00edpios para valorizar patrim\u00f3nio cultural imaterial da regi\u00e3o - Algarve 7\",\"isPartOf\":{\"@id\":\"https:\\\/\\\/algarve7.pt\\\/#website\"},\"primaryImageOfPage\":{\"@id\":\"https:\\\/\\\/algarve7.pt\\\/index.php\\\/2025\\\/05\\\/ccdr-algarve-manifesta-disponibilidade-aos-municipios-para-valorizar-patrimonio-cultural-imaterial-da-regiao\\\/cultura\\\/08\\\/30\\\/#primaryimage\"},\"image\":{\"@id\":\"https:\\\/\\\/algarve7.pt\\\/index.php\\\/2025\\\/05\\\/ccdr-algarve-manifesta-disponibilidade-aos-municipios-para-valorizar-patrimonio-cultural-imaterial-da-regiao\\\/cultura\\\/08\\\/30\\\/#primaryimage\"},\"thumbnailUrl\":\"https:\\\/\\\/algarve7.pt\\\/wp-content\\\/uploads\\\/2025\\\/05\\\/20250521_PCI_Festa-das-Tochas-Floridas_SBAlportel.jpg\",\"datePublished\":\"2025-05-22T07:30:00+00:00\",\"description\":\"CCDR Algarve manifesta disponibilidade aos munic\u00edpios para valorizar patrim\u00f3nio cultural imaterial da regi\u00e3o Cultura\",\"breadcrumb\":{\"@id\":\"https:\\\/\\\/algarve7.pt\\\/index.php\\\/2025\\\/05\\\/ccdr-algarve-manifesta-disponibilidade-aos-municipios-para-valorizar-patrimonio-cultural-imaterial-da-regiao\\\/cultura\\\/08\\\/30\\\/#breadcrumb\"},\"inLanguage\":\"pt-PT\",\"potentialAction\":[{\"@type\":\"ReadAction\",\"target\":[\"https:\\\/\\\/algarve7.pt\\\/index.php\\\/2025\\\/05\\\/ccdr-algarve-manifesta-disponibilidade-aos-municipios-para-valorizar-patrimonio-cultural-imaterial-da-regiao\\\/cultura\\\/08\\\/30\\\/\"]}]},{\"@type\":\"ImageObject\",\"inLanguage\":\"pt-PT\",\"@id\":\"https:\\\/\\\/algarve7.pt\\\/index.php\\\/2025\\\/05\\\/ccdr-algarve-manifesta-disponibilidade-aos-municipios-para-valorizar-patrimonio-cultural-imaterial-da-regiao\\\/cultura\\\/08\\\/30\\\/#primaryimage\",\"url\":\"https:\\\/\\\/algarve7.pt\\\/wp-content\\\/uploads\\\/2025\\\/05\\\/20250521_PCI_Festa-das-Tochas-Floridas_SBAlportel.jpg\",\"contentUrl\":\"https:\\\/\\\/algarve7.pt\\\/wp-content\\\/uploads\\\/2025\\\/05\\\/20250521_PCI_Festa-das-Tochas-Floridas_SBAlportel.jpg\",\"width\":800,\"height\":500},{\"@type\":\"BreadcrumbList\",\"@id\":\"https:\\\/\\\/algarve7.pt\\\/index.php\\\/2025\\\/05\\\/ccdr-algarve-manifesta-disponibilidade-aos-municipios-para-valorizar-patrimonio-cultural-imaterial-da-regiao\\\/cultura\\\/08\\\/30\\\/#breadcrumb\",\"itemListElement\":[{\"@type\":\"ListItem\",\"position\":1,\"name\":\"In\u00edcio\",\"item\":\"https:\\\/\\\/algarve7.pt\\\/\"},{\"@type\":\"ListItem\",\"position\":2,\"name\":\"CCDR Algarve manifesta disponibilidade aos munic\u00edpios para valorizar patrim\u00f3nio cultural imaterial da regi\u00e3o\"}]},{\"@type\":\"WebSite\",\"@id\":\"https:\\\/\\\/algarve7.pt\\\/#website\",\"url\":\"https:\\\/\\\/algarve7.pt\\\/\",\"name\":\"Algarve 7\",\"description\":\"Informa\u00e7\u00e3o sobre o Algarve\",\"publisher\":{\"@id\":\"https:\\\/\\\/algarve7.pt\\\/#organization\"},\"potentialAction\":[{\"@type\":\"SearchAction\",\"target\":{\"@type\":\"EntryPoint\",\"urlTemplate\":\"https:\\\/\\\/algarve7.pt\\\/?s={search_term_string}\"},\"query-input\":{\"@type\":\"PropertyValueSpecification\",\"valueRequired\":true,\"valueName\":\"search_term_string\"}}],\"inLanguage\":\"pt-PT\"},{\"@type\":\"Organization\",\"@id\":\"https:\\\/\\\/algarve7.pt\\\/#organization\",\"name\":\"Algarve 7\",\"url\":\"https:\\\/\\\/algarve7.pt\\\/\",\"logo\":{\"@type\":\"ImageObject\",\"inLanguage\":\"pt-PT\",\"@id\":\"https:\\\/\\\/algarve7.pt\\\/#\\\/schema\\\/logo\\\/image\\\/\",\"url\":\"https:\\\/\\\/algarve7.pt\\\/wp-content\\\/uploads\\\/2020\\\/10\\\/Logo-8.jpg\",\"contentUrl\":\"https:\\\/\\\/algarve7.pt\\\/wp-content\\\/uploads\\\/2020\\\/10\\\/Logo-8.jpg\",\"width\":1680,\"height\":1186,\"caption\":\"Algarve 7\"},\"image\":{\"@id\":\"https:\\\/\\\/algarve7.pt\\\/#\\\/schema\\\/logo\\\/image\\\/\"},\"sameAs\":[\"https:\\\/\\\/www.facebook.com\\\/algarve7\",\"https:\\\/\\\/x.com\\\/Algarvesete\",\"https:\\\/\\\/www.instagram.com\\\/jornalalgarve7\\\/\",\"https:\\\/\\\/www.linkedin.com\\\/company\\\/algarve7\",\"https:\\\/\\\/www.pinterest.pt\\\/geral0939\\\/_created\\\/\"]},{\"@type\":\"Person\",\"@id\":\"https:\\\/\\\/algarve7.pt\\\/#\\\/schema\\\/person\\\/23fa70681308e7b319a3204bcea45e0c\",\"name\":\"Algarve 7\",\"sameAs\":[\"https:\\\/\\\/algarve7.pt\",\"https:\\\/\\\/www.facebook.com\\\/algarve7\"],\"url\":\"https:\\\/\\\/algarve7.pt\\\/index.php\\\/author\\\/geralalgarve7-pt\\\/\"}]}<\/script>\n<!-- \/ Yoast SEO plugin. -->","yoast_head_json":{"title":"CCDR Algarve manifesta disponibilidade aos munic\u00edpios para valorizar patrim\u00f3nio cultural imaterial da regi\u00e3o - Algarve 7","description":"CCDR Algarve manifesta disponibilidade aos munic\u00edpios para valorizar patrim\u00f3nio cultural imaterial da regi\u00e3o Cultura","robots":{"index":"index","follow":"follow","max-snippet":"max-snippet:-1","max-image-preview":"max-image-preview:large","max-video-preview":"max-video-preview:-1"},"canonical":"https:\/\/algarve7.pt\/index.php\/2025\/05\/ccdr-algarve-manifesta-disponibilidade-aos-municipios-para-valorizar-patrimonio-cultural-imaterial-da-regiao\/cultura\/08\/30\/","og_locale":"pt_PT","og_type":"article","og_title":"CCDR Algarve manifesta disponibilidade aos munic\u00edpios para valorizar patrim\u00f3nio cultural imaterial da regi\u00e3o - Algarve 7","og_description":"CCDR Algarve manifesta disponibilidade aos munic\u00edpios para valorizar patrim\u00f3nio cultural imaterial da regi\u00e3o Cultura","og_url":"https:\/\/algarve7.pt\/index.php\/2025\/05\/ccdr-algarve-manifesta-disponibilidade-aos-municipios-para-valorizar-patrimonio-cultural-imaterial-da-regiao\/cultura\/08\/30\/","og_site_name":"Algarve 7","article_publisher":"https:\/\/www.facebook.com\/algarve7","article_author":"https:\/\/www.facebook.com\/algarve7","article_published_time":"2025-05-22T07:30:00+00:00","og_image":[{"width":800,"height":500,"url":"https:\/\/algarve7.pt\/wp-content\/uploads\/2025\/05\/20250521_PCI_Festa-das-Tochas-Floridas_SBAlportel.jpg","type":"image\/jpeg"}],"author":"Algarve 7","twitter_card":"summary_large_image","twitter_creator":"@Algarvesete","twitter_site":"@Algarvesete","twitter_misc":{"Escrito por":"Algarve 7","Tempo estimado de leitura":"3 minutos"},"schema":{"@context":"https:\/\/schema.org","@graph":[{"@type":"Article","@id":"https:\/\/algarve7.pt\/index.php\/2025\/05\/ccdr-algarve-manifesta-disponibilidade-aos-municipios-para-valorizar-patrimonio-cultural-imaterial-da-regiao\/cultura\/08\/30\/#article","isPartOf":{"@id":"https:\/\/algarve7.pt\/index.php\/2025\/05\/ccdr-algarve-manifesta-disponibilidade-aos-municipios-para-valorizar-patrimonio-cultural-imaterial-da-regiao\/cultura\/08\/30\/"},"author":{"name":"Algarve 7","@id":"https:\/\/algarve7.pt\/#\/schema\/person\/23fa70681308e7b319a3204bcea45e0c"},"headline":"CCDR Algarve manifesta disponibilidade aos munic\u00edpios para valorizar patrim\u00f3nio cultural imaterial da regi\u00e3o","datePublished":"2025-05-22T07:30:00+00:00","mainEntityOfPage":{"@id":"https:\/\/algarve7.pt\/index.php\/2025\/05\/ccdr-algarve-manifesta-disponibilidade-aos-municipios-para-valorizar-patrimonio-cultural-imaterial-da-regiao\/cultura\/08\/30\/"},"wordCount":595,"publisher":{"@id":"https:\/\/algarve7.pt\/#organization"},"image":{"@id":"https:\/\/algarve7.pt\/index.php\/2025\/05\/ccdr-algarve-manifesta-disponibilidade-aos-municipios-para-valorizar-patrimonio-cultural-imaterial-da-regiao\/cultura\/08\/30\/#primaryimage"},"thumbnailUrl":"https:\/\/algarve7.pt\/wp-content\/uploads\/2025\/05\/20250521_PCI_Festa-das-Tochas-Floridas_SBAlportel.jpg","keywords":["Algarve","CCDR Algarve","Cultura"],"articleSection":["Cultura"],"inLanguage":"pt-PT"},{"@type":"WebPage","@id":"https:\/\/algarve7.pt\/index.php\/2025\/05\/ccdr-algarve-manifesta-disponibilidade-aos-municipios-para-valorizar-patrimonio-cultural-imaterial-da-regiao\/cultura\/08\/30\/","url":"https:\/\/algarve7.pt\/index.php\/2025\/05\/ccdr-algarve-manifesta-disponibilidade-aos-municipios-para-valorizar-patrimonio-cultural-imaterial-da-regiao\/cultura\/08\/30\/","name":"CCDR Algarve manifesta disponibilidade aos munic\u00edpios para valorizar patrim\u00f3nio cultural imaterial da regi\u00e3o - Algarve 7","isPartOf":{"@id":"https:\/\/algarve7.pt\/#website"},"primaryImageOfPage":{"@id":"https:\/\/algarve7.pt\/index.php\/2025\/05\/ccdr-algarve-manifesta-disponibilidade-aos-municipios-para-valorizar-patrimonio-cultural-imaterial-da-regiao\/cultura\/08\/30\/#primaryimage"},"image":{"@id":"https:\/\/algarve7.pt\/index.php\/2025\/05\/ccdr-algarve-manifesta-disponibilidade-aos-municipios-para-valorizar-patrimonio-cultural-imaterial-da-regiao\/cultura\/08\/30\/#primaryimage"},"thumbnailUrl":"https:\/\/algarve7.pt\/wp-content\/uploads\/2025\/05\/20250521_PCI_Festa-das-Tochas-Floridas_SBAlportel.jpg","datePublished":"2025-05-22T07:30:00+00:00","description":"CCDR Algarve manifesta disponibilidade aos munic\u00edpios para valorizar patrim\u00f3nio cultural imaterial da regi\u00e3o Cultura","breadcrumb":{"@id":"https:\/\/algarve7.pt\/index.php\/2025\/05\/ccdr-algarve-manifesta-disponibilidade-aos-municipios-para-valorizar-patrimonio-cultural-imaterial-da-regiao\/cultura\/08\/30\/#breadcrumb"},"inLanguage":"pt-PT","potentialAction":[{"@type":"ReadAction","target":["https:\/\/algarve7.pt\/index.php\/2025\/05\/ccdr-algarve-manifesta-disponibilidade-aos-municipios-para-valorizar-patrimonio-cultural-imaterial-da-regiao\/cultura\/08\/30\/"]}]},{"@type":"ImageObject","inLanguage":"pt-PT","@id":"https:\/\/algarve7.pt\/index.php\/2025\/05\/ccdr-algarve-manifesta-disponibilidade-aos-municipios-para-valorizar-patrimonio-cultural-imaterial-da-regiao\/cultura\/08\/30\/#primaryimage","url":"https:\/\/algarve7.pt\/wp-content\/uploads\/2025\/05\/20250521_PCI_Festa-das-Tochas-Floridas_SBAlportel.jpg","contentUrl":"https:\/\/algarve7.pt\/wp-content\/uploads\/2025\/05\/20250521_PCI_Festa-das-Tochas-Floridas_SBAlportel.jpg","width":800,"height":500},{"@type":"BreadcrumbList","@id":"https:\/\/algarve7.pt\/index.php\/2025\/05\/ccdr-algarve-manifesta-disponibilidade-aos-municipios-para-valorizar-patrimonio-cultural-imaterial-da-regiao\/cultura\/08\/30\/#breadcrumb","itemListElement":[{"@type":"ListItem","position":1,"name":"In\u00edcio","item":"https:\/\/algarve7.pt\/"},{"@type":"ListItem","position":2,"name":"CCDR Algarve manifesta disponibilidade aos munic\u00edpios para valorizar patrim\u00f3nio cultural imaterial da regi\u00e3o"}]},{"@type":"WebSite","@id":"https:\/\/algarve7.pt\/#website","url":"https:\/\/algarve7.pt\/","name":"Algarve 7","description":"Informa\u00e7\u00e3o sobre o Algarve","publisher":{"@id":"https:\/\/algarve7.pt\/#organization"},"potentialAction":[{"@type":"SearchAction","target":{"@type":"EntryPoint","urlTemplate":"https:\/\/algarve7.pt\/?s={search_term_string}"},"query-input":{"@type":"PropertyValueSpecification","valueRequired":true,"valueName":"search_term_string"}}],"inLanguage":"pt-PT"},{"@type":"Organization","@id":"https:\/\/algarve7.pt\/#organization","name":"Algarve 7","url":"https:\/\/algarve7.pt\/","logo":{"@type":"ImageObject","inLanguage":"pt-PT","@id":"https:\/\/algarve7.pt\/#\/schema\/logo\/image\/","url":"https:\/\/algarve7.pt\/wp-content\/uploads\/2020\/10\/Logo-8.jpg","contentUrl":"https:\/\/algarve7.pt\/wp-content\/uploads\/2020\/10\/Logo-8.jpg","width":1680,"height":1186,"caption":"Algarve 7"},"image":{"@id":"https:\/\/algarve7.pt\/#\/schema\/logo\/image\/"},"sameAs":["https:\/\/www.facebook.com\/algarve7","https:\/\/x.com\/Algarvesete","https:\/\/www.instagram.com\/jornalalgarve7\/","https:\/\/www.linkedin.com\/company\/algarve7","https:\/\/www.pinterest.pt\/geral0939\/_created\/"]},{"@type":"Person","@id":"https:\/\/algarve7.pt\/#\/schema\/person\/23fa70681308e7b319a3204bcea45e0c","name":"Algarve 7","sameAs":["https:\/\/algarve7.pt","https:\/\/www.facebook.com\/algarve7"],"url":"https:\/\/algarve7.pt\/index.php\/author\/geralalgarve7-pt\/"}]}},"jetpack_publicize_connections":[],"jetpack_featured_media_url":"https:\/\/algarve7.pt\/wp-content\/uploads\/2025\/05\/20250521_PCI_Festa-das-Tochas-Floridas_SBAlportel.jpg","jetpack_shortlink":"https:\/\/wp.me\/pcezmW-dah","jetpack_sharing_enabled":true,"_links":{"self":[{"href":"https:\/\/algarve7.pt\/index.php\/wp-json\/wp\/v2\/posts\/50609","targetHints":{"allow":["GET"]}}],"collection":[{"href":"https:\/\/algarve7.pt\/index.php\/wp-json\/wp\/v2\/posts"}],"about":[{"href":"https:\/\/algarve7.pt\/index.php\/wp-json\/wp\/v2\/types\/post"}],"author":[{"embeddable":true,"href":"https:\/\/algarve7.pt\/index.php\/wp-json\/wp\/v2\/users\/1"}],"replies":[{"embeddable":true,"href":"https:\/\/algarve7.pt\/index.php\/wp-json\/wp\/v2\/comments?post=50609"}],"version-history":[{"count":0,"href":"https:\/\/algarve7.pt\/index.php\/wp-json\/wp\/v2\/posts\/50609\/revisions"}],"wp:featuredmedia":[{"embeddable":true,"href":"https:\/\/algarve7.pt\/index.php\/wp-json\/wp\/v2\/media\/50610"}],"wp:attachment":[{"href":"https:\/\/algarve7.pt\/index.php\/wp-json\/wp\/v2\/media?parent=50609"}],"wp:term":[{"taxonomy":"category","embeddable":true,"href":"https:\/\/algarve7.pt\/index.php\/wp-json\/wp\/v2\/categories?post=50609"},{"taxonomy":"post_tag","embeddable":true,"href":"https:\/\/algarve7.pt\/index.php\/wp-json\/wp\/v2\/tags?post=50609"}],"curies":[{"name":"wp","href":"https:\/\/api.w.org\/{rel}","templated":true}]}}