{"id":50552,"date":"2025-05-20T10:28:00","date_gmt":"2025-05-20T09:28:00","guid":{"rendered":"https:\/\/algarve7.pt\/?p=50552"},"modified":"2025-05-19T17:31:07","modified_gmt":"2025-05-19T16:31:07","slug":"albufeira-reforca-promocao-na-america-do-norte-com-roadshow-em-toronto-e-nova-iorque","status":"publish","type":"post","link":"https:\/\/algarve7.pt\/index.php\/2025\/05\/albufeira-reforca-promocao-na-america-do-norte-com-roadshow-em-toronto-e-nova-iorque\/turismo\/10\/28\/","title":{"rendered":"Albufeira refor\u00e7a promo\u00e7\u00e3o na Am\u00e9rica do Norte com roadshow em Toronto e Nova Iorque"},"content":{"rendered":"\n<p>A APAL \u2013 Ag\u00eancia de Promo\u00e7\u00e3o de Albufeira, em parceria com o Munic\u00edpio de Albufeira, concluiu o roadshow Canad\u00e1 &#8211; Estados Unidos, uma iniciativa estrat\u00e9gica realizada entre os dias 12 e 16 de maio, com paragens em Toronto e Nova Iorque. Esta a\u00e7\u00e3o integrou o Plano de Atividades da APAL para 2025 e teve como principal objetivo refor\u00e7ar a visibilidade e competitividade de Albufeira, nos mercados norte-americano e canadiano.<\/p>\n\n\n\n<p>O evento contou com workshops em duas cidades-chave: Toronto, a 13 de maio, e Nova Iorque, a 15 de maio, tendo permitido o contacto direto com agentes de viagens, operadores tur\u00edsticos e meios de comunica\u00e7\u00e3o especializados. A delega\u00e7\u00e3o contou com a presen\u00e7a de v\u00e1rios associados e parceiros do setor, proporcionando momentos de networking e de promo\u00e7\u00e3o do destino junto de p\u00fablicos altamente qualificados.<\/p>\n\n\n\n<p>Este roadshow ganha especial relev\u00e2ncia com a implementa\u00e7\u00e3o dos voos diretos da United entre Newark e Faro, que teve in\u00edcio a 17 de maio, o que posiciona a regi\u00e3o como uma escolha atrativa junto de um mercado em crescimento, especialmente no segmento das longas estadias durante o inverno.<\/p>\n\n\n\n<p>A iniciativa deu continuidade ao trabalho desenvolvido em 2024, com a\u00e7\u00f5es anteriores em Nova Iorque e Boston, e representa mais um passo importante na consolida\u00e7\u00e3o de Albufeira enquanto destino relevante para os mercados da Am\u00e9rica do Norte.<\/p>\n","protected":false},"excerpt":{"rendered":"<p>A APAL \u2013 Ag\u00eancia de Promo\u00e7\u00e3o de Albufeira, em parceria com o Munic\u00edpio de Albufeira, concluiu o roadshow Canad\u00e1 &#8211;<\/p>\n","protected":false},"author":1,"featured_media":50553,"comment_status":"closed","ping_status":"closed","sticky":false,"template":"","format":"standard","meta":{"colormag_page_container_layout":"default_layout","colormag_page_sidebar_layout":"default_layout","_monsterinsights_skip_tracking":false,"_monsterinsights_sitenote_active":false,"_monsterinsights_sitenote_note":"","_monsterinsights_sitenote_category":0,"jetpack_post_was_ever_published":false,"_jetpack_newsletter_access":"","_jetpack_dont_email_post_to_subs":false,"_jetpack_newsletter_tier_id":0,"_jetpack_memberships_contains_paywalled_content":false,"_jetpack_memberships_contains_paid_content":false,"footnotes":"","jetpack_publicize_message":"","jetpack_publicize_feature_enabled":true,"jetpack_social_post_already_shared":true,"jetpack_social_options":{"image_generator_settings":{"template":"highway","default_image_id":0,"font":"","enabled":false},"version":2}},"categories":[17],"tags":[155,36,45],"class_list":["post-50552","post","type-post","status-publish","format-standard","has-post-thumbnail","hentry","category-turismo","tag-albufeira","tag-algarve","tag-turismo"],"yoast_head":"<!-- This site is optimized with the Yoast SEO plugin v27.5 - https:\/\/yoast.com\/product\/yoast-seo-wordpress\/ -->\n<title>Albufeira refor\u00e7a promo\u00e7\u00e3o na Am\u00e9rica do Norte com roadshow em Toronto e Nova Iorque - Algarve 7<\/title>\n<meta name=\"description\" content=\"Albufeira refor\u00e7a promo\u00e7\u00e3o na Am\u00e9rica do Norte com roadshow em Toronto e Nova Iorque Turismo\" \/>\n<meta name=\"robots\" content=\"index, follow, max-snippet:-1, max-image-preview:large, max-video-preview:-1\" \/>\n<link rel=\"canonical\" href=\"https:\/\/algarve7.pt\/index.php\/2025\/05\/albufeira-reforca-promocao-na-america-do-norte-com-roadshow-em-toronto-e-nova-iorque\/turismo\/10\/28\/\" \/>\n<meta property=\"og:locale\" content=\"pt_PT\" \/>\n<meta property=\"og:type\" content=\"article\" \/>\n<meta property=\"og:title\" content=\"Albufeira refor\u00e7a promo\u00e7\u00e3o na Am\u00e9rica do Norte com roadshow em Toronto e Nova Iorque - Algarve 7\" \/>\n<meta property=\"og:description\" content=\"Albufeira refor\u00e7a promo\u00e7\u00e3o na Am\u00e9rica do Norte com roadshow em Toronto e Nova Iorque Turismo\" \/>\n<meta property=\"og:url\" content=\"https:\/\/algarve7.pt\/index.php\/2025\/05\/albufeira-reforca-promocao-na-america-do-norte-com-roadshow-em-toronto-e-nova-iorque\/turismo\/10\/28\/\" \/>\n<meta property=\"og:site_name\" content=\"Algarve 7\" \/>\n<meta property=\"article:publisher\" content=\"https:\/\/www.facebook.com\/algarve7\" \/>\n<meta property=\"article:author\" content=\"https:\/\/www.facebook.com\/algarve7\" \/>\n<meta property=\"article:published_time\" content=\"2025-05-20T09:28:00+00:00\" \/>\n<meta property=\"og:image\" content=\"https:\/\/algarve7.pt\/wp-content\/uploads\/2025\/05\/Captura-de-ecra-2025-05-19-as-17.28.49.png\" \/>\n\t<meta property=\"og:image:width\" content=\"800\" \/>\n\t<meta property=\"og:image:height\" content=\"500\" \/>\n\t<meta property=\"og:image:type\" content=\"image\/png\" \/>\n<meta name=\"author\" content=\"Algarve 7\" \/>\n<meta name=\"twitter:card\" content=\"summary_large_image\" \/>\n<meta name=\"twitter:creator\" content=\"@Algarvesete\" \/>\n<meta name=\"twitter:site\" content=\"@Algarvesete\" \/>\n<meta name=\"twitter:label1\" content=\"Escrito por\" \/>\n\t<meta name=\"twitter:data1\" content=\"Algarve 7\" \/>\n\t<meta name=\"twitter:label2\" content=\"Tempo estimado de leitura\" \/>\n\t<meta name=\"twitter:data2\" content=\"2 minutos\" \/>\n<script type=\"application\/ld+json\" class=\"yoast-schema-graph\">{\"@context\":\"https:\\\/\\\/schema.org\",\"@graph\":[{\"@type\":\"Article\",\"@id\":\"https:\\\/\\\/algarve7.pt\\\/index.php\\\/2025\\\/05\\\/albufeira-reforca-promocao-na-america-do-norte-com-roadshow-em-toronto-e-nova-iorque\\\/turismo\\\/10\\\/28\\\/#article\",\"isPartOf\":{\"@id\":\"https:\\\/\\\/algarve7.pt\\\/index.php\\\/2025\\\/05\\\/albufeira-reforca-promocao-na-america-do-norte-com-roadshow-em-toronto-e-nova-iorque\\\/turismo\\\/10\\\/28\\\/\"},\"author\":{\"name\":\"Algarve 7\",\"@id\":\"https:\\\/\\\/algarve7.pt\\\/#\\\/schema\\\/person\\\/23fa70681308e7b319a3204bcea45e0c\"},\"headline\":\"Albufeira refor\u00e7a promo\u00e7\u00e3o na Am\u00e9rica do Norte com roadshow em Toronto e Nova Iorque\",\"datePublished\":\"2025-05-20T09:28:00+00:00\",\"mainEntityOfPage\":{\"@id\":\"https:\\\/\\\/algarve7.pt\\\/index.php\\\/2025\\\/05\\\/albufeira-reforca-promocao-na-america-do-norte-com-roadshow-em-toronto-e-nova-iorque\\\/turismo\\\/10\\\/28\\\/\"},\"wordCount\":246,\"publisher\":{\"@id\":\"https:\\\/\\\/algarve7.pt\\\/#organization\"},\"image\":{\"@id\":\"https:\\\/\\\/algarve7.pt\\\/index.php\\\/2025\\\/05\\\/albufeira-reforca-promocao-na-america-do-norte-com-roadshow-em-toronto-e-nova-iorque\\\/turismo\\\/10\\\/28\\\/#primaryimage\"},\"thumbnailUrl\":\"https:\\\/\\\/algarve7.pt\\\/wp-content\\\/uploads\\\/2025\\\/05\\\/Captura-de-ecra-2025-05-19-as-17.28.49.png\",\"keywords\":[\"Albufeira\",\"Algarve\",\"Turismo\"],\"articleSection\":[\"Turismo\"],\"inLanguage\":\"pt-PT\"},{\"@type\":\"WebPage\",\"@id\":\"https:\\\/\\\/algarve7.pt\\\/index.php\\\/2025\\\/05\\\/albufeira-reforca-promocao-na-america-do-norte-com-roadshow-em-toronto-e-nova-iorque\\\/turismo\\\/10\\\/28\\\/\",\"url\":\"https:\\\/\\\/algarve7.pt\\\/index.php\\\/2025\\\/05\\\/albufeira-reforca-promocao-na-america-do-norte-com-roadshow-em-toronto-e-nova-iorque\\\/turismo\\\/10\\\/28\\\/\",\"name\":\"Albufeira refor\u00e7a promo\u00e7\u00e3o na Am\u00e9rica do Norte com roadshow em Toronto e Nova Iorque - Algarve 7\",\"isPartOf\":{\"@id\":\"https:\\\/\\\/algarve7.pt\\\/#website\"},\"primaryImageOfPage\":{\"@id\":\"https:\\\/\\\/algarve7.pt\\\/index.php\\\/2025\\\/05\\\/albufeira-reforca-promocao-na-america-do-norte-com-roadshow-em-toronto-e-nova-iorque\\\/turismo\\\/10\\\/28\\\/#primaryimage\"},\"image\":{\"@id\":\"https:\\\/\\\/algarve7.pt\\\/index.php\\\/2025\\\/05\\\/albufeira-reforca-promocao-na-america-do-norte-com-roadshow-em-toronto-e-nova-iorque\\\/turismo\\\/10\\\/28\\\/#primaryimage\"},\"thumbnailUrl\":\"https:\\\/\\\/algarve7.pt\\\/wp-content\\\/uploads\\\/2025\\\/05\\\/Captura-de-ecra-2025-05-19-as-17.28.49.png\",\"datePublished\":\"2025-05-20T09:28:00+00:00\",\"description\":\"Albufeira refor\u00e7a promo\u00e7\u00e3o na Am\u00e9rica do Norte com roadshow em Toronto e Nova Iorque Turismo\",\"breadcrumb\":{\"@id\":\"https:\\\/\\\/algarve7.pt\\\/index.php\\\/2025\\\/05\\\/albufeira-reforca-promocao-na-america-do-norte-com-roadshow-em-toronto-e-nova-iorque\\\/turismo\\\/10\\\/28\\\/#breadcrumb\"},\"inLanguage\":\"pt-PT\",\"potentialAction\":[{\"@type\":\"ReadAction\",\"target\":[\"https:\\\/\\\/algarve7.pt\\\/index.php\\\/2025\\\/05\\\/albufeira-reforca-promocao-na-america-do-norte-com-roadshow-em-toronto-e-nova-iorque\\\/turismo\\\/10\\\/28\\\/\"]}]},{\"@type\":\"ImageObject\",\"inLanguage\":\"pt-PT\",\"@id\":\"https:\\\/\\\/algarve7.pt\\\/index.php\\\/2025\\\/05\\\/albufeira-reforca-promocao-na-america-do-norte-com-roadshow-em-toronto-e-nova-iorque\\\/turismo\\\/10\\\/28\\\/#primaryimage\",\"url\":\"https:\\\/\\\/algarve7.pt\\\/wp-content\\\/uploads\\\/2025\\\/05\\\/Captura-de-ecra-2025-05-19-as-17.28.49.png\",\"contentUrl\":\"https:\\\/\\\/algarve7.pt\\\/wp-content\\\/uploads\\\/2025\\\/05\\\/Captura-de-ecra-2025-05-19-as-17.28.49.png\",\"width\":800,\"height\":500},{\"@type\":\"BreadcrumbList\",\"@id\":\"https:\\\/\\\/algarve7.pt\\\/index.php\\\/2025\\\/05\\\/albufeira-reforca-promocao-na-america-do-norte-com-roadshow-em-toronto-e-nova-iorque\\\/turismo\\\/10\\\/28\\\/#breadcrumb\",\"itemListElement\":[{\"@type\":\"ListItem\",\"position\":1,\"name\":\"In\u00edcio\",\"item\":\"https:\\\/\\\/algarve7.pt\\\/\"},{\"@type\":\"ListItem\",\"position\":2,\"name\":\"Albufeira refor\u00e7a promo\u00e7\u00e3o na Am\u00e9rica do Norte com roadshow em Toronto e Nova Iorque\"}]},{\"@type\":\"WebSite\",\"@id\":\"https:\\\/\\\/algarve7.pt\\\/#website\",\"url\":\"https:\\\/\\\/algarve7.pt\\\/\",\"name\":\"Algarve 7\",\"description\":\"Informa\u00e7\u00e3o sobre o Algarve\",\"publisher\":{\"@id\":\"https:\\\/\\\/algarve7.pt\\\/#organization\"},\"potentialAction\":[{\"@type\":\"SearchAction\",\"target\":{\"@type\":\"EntryPoint\",\"urlTemplate\":\"https:\\\/\\\/algarve7.pt\\\/?s={search_term_string}\"},\"query-input\":{\"@type\":\"PropertyValueSpecification\",\"valueRequired\":true,\"valueName\":\"search_term_string\"}}],\"inLanguage\":\"pt-PT\"},{\"@type\":\"Organization\",\"@id\":\"https:\\\/\\\/algarve7.pt\\\/#organization\",\"name\":\"Algarve 7\",\"url\":\"https:\\\/\\\/algarve7.pt\\\/\",\"logo\":{\"@type\":\"ImageObject\",\"inLanguage\":\"pt-PT\",\"@id\":\"https:\\\/\\\/algarve7.pt\\\/#\\\/schema\\\/logo\\\/image\\\/\",\"url\":\"https:\\\/\\\/algarve7.pt\\\/wp-content\\\/uploads\\\/2020\\\/10\\\/Logo-8.jpg\",\"contentUrl\":\"https:\\\/\\\/algarve7.pt\\\/wp-content\\\/uploads\\\/2020\\\/10\\\/Logo-8.jpg\",\"width\":1680,\"height\":1186,\"caption\":\"Algarve 7\"},\"image\":{\"@id\":\"https:\\\/\\\/algarve7.pt\\\/#\\\/schema\\\/logo\\\/image\\\/\"},\"sameAs\":[\"https:\\\/\\\/www.facebook.com\\\/algarve7\",\"https:\\\/\\\/x.com\\\/Algarvesete\",\"https:\\\/\\\/www.instagram.com\\\/jornalalgarve7\\\/\",\"https:\\\/\\\/www.linkedin.com\\\/company\\\/algarve7\",\"https:\\\/\\\/www.pinterest.pt\\\/geral0939\\\/_created\\\/\"]},{\"@type\":\"Person\",\"@id\":\"https:\\\/\\\/algarve7.pt\\\/#\\\/schema\\\/person\\\/23fa70681308e7b319a3204bcea45e0c\",\"name\":\"Algarve 7\",\"sameAs\":[\"https:\\\/\\\/algarve7.pt\",\"https:\\\/\\\/www.facebook.com\\\/algarve7\"],\"url\":\"https:\\\/\\\/algarve7.pt\\\/index.php\\\/author\\\/geralalgarve7-pt\\\/\"}]}<\/script>\n<!-- \/ Yoast SEO plugin. -->","yoast_head_json":{"title":"Albufeira refor\u00e7a promo\u00e7\u00e3o na Am\u00e9rica do Norte com roadshow em Toronto e Nova Iorque - Algarve 7","description":"Albufeira refor\u00e7a promo\u00e7\u00e3o na Am\u00e9rica do Norte com roadshow em Toronto e Nova Iorque Turismo","robots":{"index":"index","follow":"follow","max-snippet":"max-snippet:-1","max-image-preview":"max-image-preview:large","max-video-preview":"max-video-preview:-1"},"canonical":"https:\/\/algarve7.pt\/index.php\/2025\/05\/albufeira-reforca-promocao-na-america-do-norte-com-roadshow-em-toronto-e-nova-iorque\/turismo\/10\/28\/","og_locale":"pt_PT","og_type":"article","og_title":"Albufeira refor\u00e7a promo\u00e7\u00e3o na Am\u00e9rica do Norte com roadshow em Toronto e Nova Iorque - Algarve 7","og_description":"Albufeira refor\u00e7a promo\u00e7\u00e3o na Am\u00e9rica do Norte com roadshow em Toronto e Nova Iorque Turismo","og_url":"https:\/\/algarve7.pt\/index.php\/2025\/05\/albufeira-reforca-promocao-na-america-do-norte-com-roadshow-em-toronto-e-nova-iorque\/turismo\/10\/28\/","og_site_name":"Algarve 7","article_publisher":"https:\/\/www.facebook.com\/algarve7","article_author":"https:\/\/www.facebook.com\/algarve7","article_published_time":"2025-05-20T09:28:00+00:00","og_image":[{"width":800,"height":500,"url":"https:\/\/algarve7.pt\/wp-content\/uploads\/2025\/05\/Captura-de-ecra-2025-05-19-as-17.28.49.png","type":"image\/png"}],"author":"Algarve 7","twitter_card":"summary_large_image","twitter_creator":"@Algarvesete","twitter_site":"@Algarvesete","twitter_misc":{"Escrito por":"Algarve 7","Tempo estimado de leitura":"2 minutos"},"schema":{"@context":"https:\/\/schema.org","@graph":[{"@type":"Article","@id":"https:\/\/algarve7.pt\/index.php\/2025\/05\/albufeira-reforca-promocao-na-america-do-norte-com-roadshow-em-toronto-e-nova-iorque\/turismo\/10\/28\/#article","isPartOf":{"@id":"https:\/\/algarve7.pt\/index.php\/2025\/05\/albufeira-reforca-promocao-na-america-do-norte-com-roadshow-em-toronto-e-nova-iorque\/turismo\/10\/28\/"},"author":{"name":"Algarve 7","@id":"https:\/\/algarve7.pt\/#\/schema\/person\/23fa70681308e7b319a3204bcea45e0c"},"headline":"Albufeira refor\u00e7a promo\u00e7\u00e3o na Am\u00e9rica do Norte com roadshow em Toronto e Nova Iorque","datePublished":"2025-05-20T09:28:00+00:00","mainEntityOfPage":{"@id":"https:\/\/algarve7.pt\/index.php\/2025\/05\/albufeira-reforca-promocao-na-america-do-norte-com-roadshow-em-toronto-e-nova-iorque\/turismo\/10\/28\/"},"wordCount":246,"publisher":{"@id":"https:\/\/algarve7.pt\/#organization"},"image":{"@id":"https:\/\/algarve7.pt\/index.php\/2025\/05\/albufeira-reforca-promocao-na-america-do-norte-com-roadshow-em-toronto-e-nova-iorque\/turismo\/10\/28\/#primaryimage"},"thumbnailUrl":"https:\/\/algarve7.pt\/wp-content\/uploads\/2025\/05\/Captura-de-ecra-2025-05-19-as-17.28.49.png","keywords":["Albufeira","Algarve","Turismo"],"articleSection":["Turismo"],"inLanguage":"pt-PT"},{"@type":"WebPage","@id":"https:\/\/algarve7.pt\/index.php\/2025\/05\/albufeira-reforca-promocao-na-america-do-norte-com-roadshow-em-toronto-e-nova-iorque\/turismo\/10\/28\/","url":"https:\/\/algarve7.pt\/index.php\/2025\/05\/albufeira-reforca-promocao-na-america-do-norte-com-roadshow-em-toronto-e-nova-iorque\/turismo\/10\/28\/","name":"Albufeira refor\u00e7a promo\u00e7\u00e3o na Am\u00e9rica do Norte com roadshow em Toronto e Nova Iorque - Algarve 7","isPartOf":{"@id":"https:\/\/algarve7.pt\/#website"},"primaryImageOfPage":{"@id":"https:\/\/algarve7.pt\/index.php\/2025\/05\/albufeira-reforca-promocao-na-america-do-norte-com-roadshow-em-toronto-e-nova-iorque\/turismo\/10\/28\/#primaryimage"},"image":{"@id":"https:\/\/algarve7.pt\/index.php\/2025\/05\/albufeira-reforca-promocao-na-america-do-norte-com-roadshow-em-toronto-e-nova-iorque\/turismo\/10\/28\/#primaryimage"},"thumbnailUrl":"https:\/\/algarve7.pt\/wp-content\/uploads\/2025\/05\/Captura-de-ecra-2025-05-19-as-17.28.49.png","datePublished":"2025-05-20T09:28:00+00:00","description":"Albufeira refor\u00e7a promo\u00e7\u00e3o na Am\u00e9rica do Norte com roadshow em Toronto e Nova Iorque Turismo","breadcrumb":{"@id":"https:\/\/algarve7.pt\/index.php\/2025\/05\/albufeira-reforca-promocao-na-america-do-norte-com-roadshow-em-toronto-e-nova-iorque\/turismo\/10\/28\/#breadcrumb"},"inLanguage":"pt-PT","potentialAction":[{"@type":"ReadAction","target":["https:\/\/algarve7.pt\/index.php\/2025\/05\/albufeira-reforca-promocao-na-america-do-norte-com-roadshow-em-toronto-e-nova-iorque\/turismo\/10\/28\/"]}]},{"@type":"ImageObject","inLanguage":"pt-PT","@id":"https:\/\/algarve7.pt\/index.php\/2025\/05\/albufeira-reforca-promocao-na-america-do-norte-com-roadshow-em-toronto-e-nova-iorque\/turismo\/10\/28\/#primaryimage","url":"https:\/\/algarve7.pt\/wp-content\/uploads\/2025\/05\/Captura-de-ecra-2025-05-19-as-17.28.49.png","contentUrl":"https:\/\/algarve7.pt\/wp-content\/uploads\/2025\/05\/Captura-de-ecra-2025-05-19-as-17.28.49.png","width":800,"height":500},{"@type":"BreadcrumbList","@id":"https:\/\/algarve7.pt\/index.php\/2025\/05\/albufeira-reforca-promocao-na-america-do-norte-com-roadshow-em-toronto-e-nova-iorque\/turismo\/10\/28\/#breadcrumb","itemListElement":[{"@type":"ListItem","position":1,"name":"In\u00edcio","item":"https:\/\/algarve7.pt\/"},{"@type":"ListItem","position":2,"name":"Albufeira refor\u00e7a promo\u00e7\u00e3o na Am\u00e9rica do Norte com roadshow em Toronto e Nova Iorque"}]},{"@type":"WebSite","@id":"https:\/\/algarve7.pt\/#website","url":"https:\/\/algarve7.pt\/","name":"Algarve 7","description":"Informa\u00e7\u00e3o sobre o Algarve","publisher":{"@id":"https:\/\/algarve7.pt\/#organization"},"potentialAction":[{"@type":"SearchAction","target":{"@type":"EntryPoint","urlTemplate":"https:\/\/algarve7.pt\/?s={search_term_string}"},"query-input":{"@type":"PropertyValueSpecification","valueRequired":true,"valueName":"search_term_string"}}],"inLanguage":"pt-PT"},{"@type":"Organization","@id":"https:\/\/algarve7.pt\/#organization","name":"Algarve 7","url":"https:\/\/algarve7.pt\/","logo":{"@type":"ImageObject","inLanguage":"pt-PT","@id":"https:\/\/algarve7.pt\/#\/schema\/logo\/image\/","url":"https:\/\/algarve7.pt\/wp-content\/uploads\/2020\/10\/Logo-8.jpg","contentUrl":"https:\/\/algarve7.pt\/wp-content\/uploads\/2020\/10\/Logo-8.jpg","width":1680,"height":1186,"caption":"Algarve 7"},"image":{"@id":"https:\/\/algarve7.pt\/#\/schema\/logo\/image\/"},"sameAs":["https:\/\/www.facebook.com\/algarve7","https:\/\/x.com\/Algarvesete","https:\/\/www.instagram.com\/jornalalgarve7\/","https:\/\/www.linkedin.com\/company\/algarve7","https:\/\/www.pinterest.pt\/geral0939\/_created\/"]},{"@type":"Person","@id":"https:\/\/algarve7.pt\/#\/schema\/person\/23fa70681308e7b319a3204bcea45e0c","name":"Algarve 7","sameAs":["https:\/\/algarve7.pt","https:\/\/www.facebook.com\/algarve7"],"url":"https:\/\/algarve7.pt\/index.php\/author\/geralalgarve7-pt\/"}]}},"jetpack_publicize_connections":[],"jetpack_featured_media_url":"https:\/\/algarve7.pt\/wp-content\/uploads\/2025\/05\/Captura-de-ecra-2025-05-19-as-17.28.49.png","jetpack_shortlink":"https:\/\/wp.me\/pcezmW-d9m","jetpack_sharing_enabled":true,"_links":{"self":[{"href":"https:\/\/algarve7.pt\/index.php\/wp-json\/wp\/v2\/posts\/50552","targetHints":{"allow":["GET"]}}],"collection":[{"href":"https:\/\/algarve7.pt\/index.php\/wp-json\/wp\/v2\/posts"}],"about":[{"href":"https:\/\/algarve7.pt\/index.php\/wp-json\/wp\/v2\/types\/post"}],"author":[{"embeddable":true,"href":"https:\/\/algarve7.pt\/index.php\/wp-json\/wp\/v2\/users\/1"}],"replies":[{"embeddable":true,"href":"https:\/\/algarve7.pt\/index.php\/wp-json\/wp\/v2\/comments?post=50552"}],"version-history":[{"count":0,"href":"https:\/\/algarve7.pt\/index.php\/wp-json\/wp\/v2\/posts\/50552\/revisions"}],"wp:featuredmedia":[{"embeddable":true,"href":"https:\/\/algarve7.pt\/index.php\/wp-json\/wp\/v2\/media\/50553"}],"wp:attachment":[{"href":"https:\/\/algarve7.pt\/index.php\/wp-json\/wp\/v2\/media?parent=50552"}],"wp:term":[{"taxonomy":"category","embeddable":true,"href":"https:\/\/algarve7.pt\/index.php\/wp-json\/wp\/v2\/categories?post=50552"},{"taxonomy":"post_tag","embeddable":true,"href":"https:\/\/algarve7.pt\/index.php\/wp-json\/wp\/v2\/tags?post=50552"}],"curies":[{"name":"wp","href":"https:\/\/api.w.org\/{rel}","templated":true}]}}