{"id":50378,"date":"2025-05-14T20:23:37","date_gmt":"2025-05-14T19:23:37","guid":{"rendered":"https:\/\/algarve7.pt\/?p=50378"},"modified":"2025-05-14T20:23:40","modified_gmt":"2025-05-14T19:23:40","slug":"reclamacoes-sobre-a-aima-disparam-37-no-primeiro-quadrimestre","status":"publish","type":"post","link":"https:\/\/algarve7.pt\/index.php\/2025\/05\/reclamacoes-sobre-a-aima-disparam-37-no-primeiro-quadrimestre\/nacional\/20\/23\/","title":{"rendered":"Reclama\u00e7\u00f5es sobre a AIMA disparam 37% no primeiro quadrimestre"},"content":{"rendered":"\n<p><strong>Aumentou 37% o n\u00famero de reclama\u00e7\u00f5es dirigidas \u00e0 AIMA no primeiro quadrimestre de 2025. O atraso na entrega de documentos e processos continua a ser o principal problema da ag\u00eancia, denunciado em 37,2% dos casos. Segue-se a dificuldade de agendamento, que soma 30,7% das reclama\u00e7\u00f5es. \u2018Insatisfat\u00f3rio\u2019 \u00e9 o \u00edndice de satisfa\u00e7\u00e3o do organismo que est\u00e1 pontuado em 17,8 pontos em 100. Os dados s\u00e3o do Portal da Queixa.<\/strong><\/p>\n\n\n\n<p>Nos primeiros quatro meses de 2025, o Portal da Queixa recebeu um total de 593 reclama\u00e7\u00f5es dirigidas \u00e0 Ag\u00eancia para Integra\u00e7\u00e3o, Migra\u00e7\u00f5es e Asilo (AIMA), o que representa um aumento na ordem dos 37% em compara\u00e7\u00e3o com o \u00faltimo quadrimestre de 2024, quando foram registadas 432 queixas. At\u00e9 ao dia 12 de maio, j\u00e1 foram contabilizadas na plataforma 100 reclama\u00e7\u00f5es.<\/p>\n\n\n\n<p>Os principais motivos das reclama\u00e7\u00f5es registadas entre janeiro e abril deste ano, est\u00e3o relacionados com a demora nos processos e dificuldades de contacto, que somam 67,93% do total de ocorr\u00eancias.<\/p>\n\n\n\n<p>Em detalhe, os<strong>&nbsp;atrasos na&nbsp;entrega&nbsp;de documentos e processos<\/strong>&nbsp;(incluindo atrasos na emiss\u00e3o de cart\u00f5es de resid\u00eancia e vistos), geraram 37,23% das queixas e as&nbsp;<strong>dificuldades de agendamento ou contato&nbsp;<\/strong>(como falta de resposta a e-mails e informa\u00e7\u00f5es incorretas), recolheram 30,7%.<\/p>\n\n\n\n<p>Outros motivos incluem documenta\u00e7\u00e3o incorreta ou pendente (12,61%), problemas de atendimento ao cliente (6,23%) e falhas t\u00e9cnicas ou operacionais (5,62%).<\/p>\n\n\n\n<p>Na reclama\u00e7\u00e3o dirigida \u00e0 AIMA, Gabriela reporta:<em>&nbsp;\u201cFiz a minha entrevista para obter o cart\u00e3o de resid\u00eancia no dia 03\/10\/2024 e at\u00e9 hoje n\u00e3o obtive nenhuma resposta da AIMA. Eles dizem que s\u00e3o 90 dias pra chegar o cart\u00e3o e at\u00e9 hoje o meu nada.\u201d<\/em><\/p>\n\n\n\n<p>A&nbsp;p\u00e1gina da&nbsp;<a href=\"https:\/\/portaldaqueixa.com\/brands\/sef-servico-de-estrangeiros-e-fronteiras\/complaints\">AIMA<\/a>&nbsp;no Portal da Queixa \u00e9 reveladora da baixa performance do organismo na resposta aos problemas que lhe s\u00e3o reportados. Atualmente, apresenta um&nbsp;<strong>\u00edndice de satisfa\u00e7\u00e3o pontuado em 17.8 em 100<\/strong>, regista uma taxa de resposta de 13.3% e uma taxa de solu\u00e7\u00e3o de 14.9%.<\/p>\n","protected":false},"excerpt":{"rendered":"<p>Aumentou 37% o n\u00famero de reclama\u00e7\u00f5es dirigidas \u00e0 AIMA no primeiro quadrimestre de 2025. O atraso na entrega de documentos<\/p>\n","protected":false},"author":1,"featured_media":50379,"comment_status":"closed","ping_status":"closed","sticky":false,"template":"","format":"standard","meta":{"colormag_page_container_layout":"default_layout","colormag_page_sidebar_layout":"default_layout","_monsterinsights_skip_tracking":false,"_monsterinsights_sitenote_active":false,"_monsterinsights_sitenote_note":"","_monsterinsights_sitenote_category":0,"jetpack_post_was_ever_published":false,"_jetpack_newsletter_access":"","_jetpack_dont_email_post_to_subs":false,"_jetpack_newsletter_tier_id":0,"_jetpack_memberships_contains_paywalled_content":false,"_jetpack_memberships_contains_paid_content":false,"footnotes":"","jetpack_publicize_message":"","jetpack_publicize_feature_enabled":true,"jetpack_social_post_already_shared":true,"jetpack_social_options":{"image_generator_settings":{"template":"highway","default_image_id":0,"font":"","enabled":false},"version":2}},"categories":[189],"tags":[1149,98],"class_list":["post-50378","post","type-post","status-publish","format-standard","has-post-thumbnail","hentry","category-nacional","tag-aima","tag-nacional"],"yoast_head":"<!-- This site is optimized with the Yoast SEO plugin v27.4 - https:\/\/yoast.com\/product\/yoast-seo-wordpress\/ -->\n<title>Reclama\u00e7\u00f5es sobre a AIMA disparam 37% no primeiro quadrimestre - Algarve 7<\/title>\n<meta name=\"description\" content=\"Reclama\u00e7\u00f5es sobre a AIMA disparam 37% no primeiro quadrimestre Nacional\" \/>\n<meta name=\"robots\" content=\"index, follow, max-snippet:-1, max-image-preview:large, max-video-preview:-1\" \/>\n<link rel=\"canonical\" href=\"https:\/\/algarve7.pt\/index.php\/2025\/05\/reclamacoes-sobre-a-aima-disparam-37-no-primeiro-quadrimestre\/nacional\/20\/23\/\" \/>\n<meta property=\"og:locale\" content=\"pt_PT\" \/>\n<meta property=\"og:type\" content=\"article\" \/>\n<meta property=\"og:title\" content=\"Reclama\u00e7\u00f5es sobre a AIMA disparam 37% no primeiro quadrimestre - Algarve 7\" \/>\n<meta property=\"og:description\" content=\"Reclama\u00e7\u00f5es sobre a AIMA disparam 37% no primeiro quadrimestre Nacional\" \/>\n<meta property=\"og:url\" content=\"https:\/\/algarve7.pt\/index.php\/2025\/05\/reclamacoes-sobre-a-aima-disparam-37-no-primeiro-quadrimestre\/nacional\/20\/23\/\" \/>\n<meta property=\"og:site_name\" content=\"Algarve 7\" \/>\n<meta property=\"article:publisher\" content=\"https:\/\/www.facebook.com\/algarve7\" \/>\n<meta property=\"article:author\" content=\"https:\/\/www.facebook.com\/algarve7\" \/>\n<meta property=\"article:published_time\" content=\"2025-05-14T19:23:37+00:00\" \/>\n<meta property=\"article:modified_time\" content=\"2025-05-14T19:23:40+00:00\" \/>\n<meta property=\"og:image\" content=\"https:\/\/algarve7.pt\/wp-content\/uploads\/2025\/05\/primage_79702.png\" \/>\n\t<meta property=\"og:image:width\" content=\"800\" \/>\n\t<meta property=\"og:image:height\" content=\"500\" \/>\n\t<meta property=\"og:image:type\" content=\"image\/png\" \/>\n<meta name=\"author\" content=\"Algarve 7\" \/>\n<meta name=\"twitter:card\" content=\"summary_large_image\" \/>\n<meta name=\"twitter:creator\" content=\"@Algarvesete\" \/>\n<meta name=\"twitter:site\" content=\"@Algarvesete\" \/>\n<meta name=\"twitter:label1\" content=\"Escrito por\" \/>\n\t<meta name=\"twitter:data1\" content=\"Algarve 7\" \/>\n\t<meta name=\"twitter:label2\" content=\"Tempo estimado de leitura\" \/>\n\t<meta name=\"twitter:data2\" content=\"2 minutos\" \/>\n<script type=\"application\/ld+json\" class=\"yoast-schema-graph\">{\"@context\":\"https:\\\/\\\/schema.org\",\"@graph\":[{\"@type\":\"Article\",\"@id\":\"https:\\\/\\\/algarve7.pt\\\/index.php\\\/2025\\\/05\\\/reclamacoes-sobre-a-aima-disparam-37-no-primeiro-quadrimestre\\\/nacional\\\/20\\\/23\\\/#article\",\"isPartOf\":{\"@id\":\"https:\\\/\\\/algarve7.pt\\\/index.php\\\/2025\\\/05\\\/reclamacoes-sobre-a-aima-disparam-37-no-primeiro-quadrimestre\\\/nacional\\\/20\\\/23\\\/\"},\"author\":{\"name\":\"Algarve 7\",\"@id\":\"https:\\\/\\\/algarve7.pt\\\/#\\\/schema\\\/person\\\/23fa70681308e7b319a3204bcea45e0c\"},\"headline\":\"Reclama\u00e7\u00f5es sobre a AIMA disparam 37% no primeiro quadrimestre\",\"datePublished\":\"2025-05-14T19:23:37+00:00\",\"dateModified\":\"2025-05-14T19:23:40+00:00\",\"mainEntityOfPage\":{\"@id\":\"https:\\\/\\\/algarve7.pt\\\/index.php\\\/2025\\\/05\\\/reclamacoes-sobre-a-aima-disparam-37-no-primeiro-quadrimestre\\\/nacional\\\/20\\\/23\\\/\"},\"wordCount\":335,\"publisher\":{\"@id\":\"https:\\\/\\\/algarve7.pt\\\/#organization\"},\"image\":{\"@id\":\"https:\\\/\\\/algarve7.pt\\\/index.php\\\/2025\\\/05\\\/reclamacoes-sobre-a-aima-disparam-37-no-primeiro-quadrimestre\\\/nacional\\\/20\\\/23\\\/#primaryimage\"},\"thumbnailUrl\":\"https:\\\/\\\/algarve7.pt\\\/wp-content\\\/uploads\\\/2025\\\/05\\\/primage_79702.png\",\"keywords\":[\"AIMA\",\"Nacional\"],\"articleSection\":[\"Nacional\"],\"inLanguage\":\"pt-PT\"},{\"@type\":\"WebPage\",\"@id\":\"https:\\\/\\\/algarve7.pt\\\/index.php\\\/2025\\\/05\\\/reclamacoes-sobre-a-aima-disparam-37-no-primeiro-quadrimestre\\\/nacional\\\/20\\\/23\\\/\",\"url\":\"https:\\\/\\\/algarve7.pt\\\/index.php\\\/2025\\\/05\\\/reclamacoes-sobre-a-aima-disparam-37-no-primeiro-quadrimestre\\\/nacional\\\/20\\\/23\\\/\",\"name\":\"Reclama\u00e7\u00f5es sobre a AIMA disparam 37% no primeiro quadrimestre - Algarve 7\",\"isPartOf\":{\"@id\":\"https:\\\/\\\/algarve7.pt\\\/#website\"},\"primaryImageOfPage\":{\"@id\":\"https:\\\/\\\/algarve7.pt\\\/index.php\\\/2025\\\/05\\\/reclamacoes-sobre-a-aima-disparam-37-no-primeiro-quadrimestre\\\/nacional\\\/20\\\/23\\\/#primaryimage\"},\"image\":{\"@id\":\"https:\\\/\\\/algarve7.pt\\\/index.php\\\/2025\\\/05\\\/reclamacoes-sobre-a-aima-disparam-37-no-primeiro-quadrimestre\\\/nacional\\\/20\\\/23\\\/#primaryimage\"},\"thumbnailUrl\":\"https:\\\/\\\/algarve7.pt\\\/wp-content\\\/uploads\\\/2025\\\/05\\\/primage_79702.png\",\"datePublished\":\"2025-05-14T19:23:37+00:00\",\"dateModified\":\"2025-05-14T19:23:40+00:00\",\"description\":\"Reclama\u00e7\u00f5es sobre a AIMA disparam 37% no primeiro quadrimestre Nacional\",\"breadcrumb\":{\"@id\":\"https:\\\/\\\/algarve7.pt\\\/index.php\\\/2025\\\/05\\\/reclamacoes-sobre-a-aima-disparam-37-no-primeiro-quadrimestre\\\/nacional\\\/20\\\/23\\\/#breadcrumb\"},\"inLanguage\":\"pt-PT\",\"potentialAction\":[{\"@type\":\"ReadAction\",\"target\":[\"https:\\\/\\\/algarve7.pt\\\/index.php\\\/2025\\\/05\\\/reclamacoes-sobre-a-aima-disparam-37-no-primeiro-quadrimestre\\\/nacional\\\/20\\\/23\\\/\"]}]},{\"@type\":\"ImageObject\",\"inLanguage\":\"pt-PT\",\"@id\":\"https:\\\/\\\/algarve7.pt\\\/index.php\\\/2025\\\/05\\\/reclamacoes-sobre-a-aima-disparam-37-no-primeiro-quadrimestre\\\/nacional\\\/20\\\/23\\\/#primaryimage\",\"url\":\"https:\\\/\\\/algarve7.pt\\\/wp-content\\\/uploads\\\/2025\\\/05\\\/primage_79702.png\",\"contentUrl\":\"https:\\\/\\\/algarve7.pt\\\/wp-content\\\/uploads\\\/2025\\\/05\\\/primage_79702.png\",\"width\":800,\"height\":500},{\"@type\":\"BreadcrumbList\",\"@id\":\"https:\\\/\\\/algarve7.pt\\\/index.php\\\/2025\\\/05\\\/reclamacoes-sobre-a-aima-disparam-37-no-primeiro-quadrimestre\\\/nacional\\\/20\\\/23\\\/#breadcrumb\",\"itemListElement\":[{\"@type\":\"ListItem\",\"position\":1,\"name\":\"In\u00edcio\",\"item\":\"https:\\\/\\\/algarve7.pt\\\/\"},{\"@type\":\"ListItem\",\"position\":2,\"name\":\"Reclama\u00e7\u00f5es sobre a AIMA disparam 37% no primeiro quadrimestre\"}]},{\"@type\":\"WebSite\",\"@id\":\"https:\\\/\\\/algarve7.pt\\\/#website\",\"url\":\"https:\\\/\\\/algarve7.pt\\\/\",\"name\":\"Algarve 7\",\"description\":\"Informa\u00e7\u00e3o sobre o Algarve\",\"publisher\":{\"@id\":\"https:\\\/\\\/algarve7.pt\\\/#organization\"},\"potentialAction\":[{\"@type\":\"SearchAction\",\"target\":{\"@type\":\"EntryPoint\",\"urlTemplate\":\"https:\\\/\\\/algarve7.pt\\\/?s={search_term_string}\"},\"query-input\":{\"@type\":\"PropertyValueSpecification\",\"valueRequired\":true,\"valueName\":\"search_term_string\"}}],\"inLanguage\":\"pt-PT\"},{\"@type\":\"Organization\",\"@id\":\"https:\\\/\\\/algarve7.pt\\\/#organization\",\"name\":\"Algarve 7\",\"url\":\"https:\\\/\\\/algarve7.pt\\\/\",\"logo\":{\"@type\":\"ImageObject\",\"inLanguage\":\"pt-PT\",\"@id\":\"https:\\\/\\\/algarve7.pt\\\/#\\\/schema\\\/logo\\\/image\\\/\",\"url\":\"https:\\\/\\\/algarve7.pt\\\/wp-content\\\/uploads\\\/2020\\\/10\\\/Logo-8.jpg\",\"contentUrl\":\"https:\\\/\\\/algarve7.pt\\\/wp-content\\\/uploads\\\/2020\\\/10\\\/Logo-8.jpg\",\"width\":1680,\"height\":1186,\"caption\":\"Algarve 7\"},\"image\":{\"@id\":\"https:\\\/\\\/algarve7.pt\\\/#\\\/schema\\\/logo\\\/image\\\/\"},\"sameAs\":[\"https:\\\/\\\/www.facebook.com\\\/algarve7\",\"https:\\\/\\\/x.com\\\/Algarvesete\",\"https:\\\/\\\/www.instagram.com\\\/jornalalgarve7\\\/\",\"https:\\\/\\\/www.linkedin.com\\\/company\\\/algarve7\",\"https:\\\/\\\/www.pinterest.pt\\\/geral0939\\\/_created\\\/\"]},{\"@type\":\"Person\",\"@id\":\"https:\\\/\\\/algarve7.pt\\\/#\\\/schema\\\/person\\\/23fa70681308e7b319a3204bcea45e0c\",\"name\":\"Algarve 7\",\"sameAs\":[\"https:\\\/\\\/algarve7.pt\",\"https:\\\/\\\/www.facebook.com\\\/algarve7\"],\"url\":\"https:\\\/\\\/algarve7.pt\\\/index.php\\\/author\\\/geralalgarve7-pt\\\/\"}]}<\/script>\n<!-- \/ Yoast SEO plugin. -->","yoast_head_json":{"title":"Reclama\u00e7\u00f5es sobre a AIMA disparam 37% no primeiro quadrimestre - Algarve 7","description":"Reclama\u00e7\u00f5es sobre a AIMA disparam 37% no primeiro quadrimestre Nacional","robots":{"index":"index","follow":"follow","max-snippet":"max-snippet:-1","max-image-preview":"max-image-preview:large","max-video-preview":"max-video-preview:-1"},"canonical":"https:\/\/algarve7.pt\/index.php\/2025\/05\/reclamacoes-sobre-a-aima-disparam-37-no-primeiro-quadrimestre\/nacional\/20\/23\/","og_locale":"pt_PT","og_type":"article","og_title":"Reclama\u00e7\u00f5es sobre a AIMA disparam 37% no primeiro quadrimestre - Algarve 7","og_description":"Reclama\u00e7\u00f5es sobre a AIMA disparam 37% no primeiro quadrimestre Nacional","og_url":"https:\/\/algarve7.pt\/index.php\/2025\/05\/reclamacoes-sobre-a-aima-disparam-37-no-primeiro-quadrimestre\/nacional\/20\/23\/","og_site_name":"Algarve 7","article_publisher":"https:\/\/www.facebook.com\/algarve7","article_author":"https:\/\/www.facebook.com\/algarve7","article_published_time":"2025-05-14T19:23:37+00:00","article_modified_time":"2025-05-14T19:23:40+00:00","og_image":[{"width":800,"height":500,"url":"https:\/\/algarve7.pt\/wp-content\/uploads\/2025\/05\/primage_79702.png","type":"image\/png"}],"author":"Algarve 7","twitter_card":"summary_large_image","twitter_creator":"@Algarvesete","twitter_site":"@Algarvesete","twitter_misc":{"Escrito por":"Algarve 7","Tempo estimado de leitura":"2 minutos"},"schema":{"@context":"https:\/\/schema.org","@graph":[{"@type":"Article","@id":"https:\/\/algarve7.pt\/index.php\/2025\/05\/reclamacoes-sobre-a-aima-disparam-37-no-primeiro-quadrimestre\/nacional\/20\/23\/#article","isPartOf":{"@id":"https:\/\/algarve7.pt\/index.php\/2025\/05\/reclamacoes-sobre-a-aima-disparam-37-no-primeiro-quadrimestre\/nacional\/20\/23\/"},"author":{"name":"Algarve 7","@id":"https:\/\/algarve7.pt\/#\/schema\/person\/23fa70681308e7b319a3204bcea45e0c"},"headline":"Reclama\u00e7\u00f5es sobre a AIMA disparam 37% no primeiro quadrimestre","datePublished":"2025-05-14T19:23:37+00:00","dateModified":"2025-05-14T19:23:40+00:00","mainEntityOfPage":{"@id":"https:\/\/algarve7.pt\/index.php\/2025\/05\/reclamacoes-sobre-a-aima-disparam-37-no-primeiro-quadrimestre\/nacional\/20\/23\/"},"wordCount":335,"publisher":{"@id":"https:\/\/algarve7.pt\/#organization"},"image":{"@id":"https:\/\/algarve7.pt\/index.php\/2025\/05\/reclamacoes-sobre-a-aima-disparam-37-no-primeiro-quadrimestre\/nacional\/20\/23\/#primaryimage"},"thumbnailUrl":"https:\/\/algarve7.pt\/wp-content\/uploads\/2025\/05\/primage_79702.png","keywords":["AIMA","Nacional"],"articleSection":["Nacional"],"inLanguage":"pt-PT"},{"@type":"WebPage","@id":"https:\/\/algarve7.pt\/index.php\/2025\/05\/reclamacoes-sobre-a-aima-disparam-37-no-primeiro-quadrimestre\/nacional\/20\/23\/","url":"https:\/\/algarve7.pt\/index.php\/2025\/05\/reclamacoes-sobre-a-aima-disparam-37-no-primeiro-quadrimestre\/nacional\/20\/23\/","name":"Reclama\u00e7\u00f5es sobre a AIMA disparam 37% no primeiro quadrimestre - Algarve 7","isPartOf":{"@id":"https:\/\/algarve7.pt\/#website"},"primaryImageOfPage":{"@id":"https:\/\/algarve7.pt\/index.php\/2025\/05\/reclamacoes-sobre-a-aima-disparam-37-no-primeiro-quadrimestre\/nacional\/20\/23\/#primaryimage"},"image":{"@id":"https:\/\/algarve7.pt\/index.php\/2025\/05\/reclamacoes-sobre-a-aima-disparam-37-no-primeiro-quadrimestre\/nacional\/20\/23\/#primaryimage"},"thumbnailUrl":"https:\/\/algarve7.pt\/wp-content\/uploads\/2025\/05\/primage_79702.png","datePublished":"2025-05-14T19:23:37+00:00","dateModified":"2025-05-14T19:23:40+00:00","description":"Reclama\u00e7\u00f5es sobre a AIMA disparam 37% no primeiro quadrimestre Nacional","breadcrumb":{"@id":"https:\/\/algarve7.pt\/index.php\/2025\/05\/reclamacoes-sobre-a-aima-disparam-37-no-primeiro-quadrimestre\/nacional\/20\/23\/#breadcrumb"},"inLanguage":"pt-PT","potentialAction":[{"@type":"ReadAction","target":["https:\/\/algarve7.pt\/index.php\/2025\/05\/reclamacoes-sobre-a-aima-disparam-37-no-primeiro-quadrimestre\/nacional\/20\/23\/"]}]},{"@type":"ImageObject","inLanguage":"pt-PT","@id":"https:\/\/algarve7.pt\/index.php\/2025\/05\/reclamacoes-sobre-a-aima-disparam-37-no-primeiro-quadrimestre\/nacional\/20\/23\/#primaryimage","url":"https:\/\/algarve7.pt\/wp-content\/uploads\/2025\/05\/primage_79702.png","contentUrl":"https:\/\/algarve7.pt\/wp-content\/uploads\/2025\/05\/primage_79702.png","width":800,"height":500},{"@type":"BreadcrumbList","@id":"https:\/\/algarve7.pt\/index.php\/2025\/05\/reclamacoes-sobre-a-aima-disparam-37-no-primeiro-quadrimestre\/nacional\/20\/23\/#breadcrumb","itemListElement":[{"@type":"ListItem","position":1,"name":"In\u00edcio","item":"https:\/\/algarve7.pt\/"},{"@type":"ListItem","position":2,"name":"Reclama\u00e7\u00f5es sobre a AIMA disparam 37% no primeiro quadrimestre"}]},{"@type":"WebSite","@id":"https:\/\/algarve7.pt\/#website","url":"https:\/\/algarve7.pt\/","name":"Algarve 7","description":"Informa\u00e7\u00e3o sobre o Algarve","publisher":{"@id":"https:\/\/algarve7.pt\/#organization"},"potentialAction":[{"@type":"SearchAction","target":{"@type":"EntryPoint","urlTemplate":"https:\/\/algarve7.pt\/?s={search_term_string}"},"query-input":{"@type":"PropertyValueSpecification","valueRequired":true,"valueName":"search_term_string"}}],"inLanguage":"pt-PT"},{"@type":"Organization","@id":"https:\/\/algarve7.pt\/#organization","name":"Algarve 7","url":"https:\/\/algarve7.pt\/","logo":{"@type":"ImageObject","inLanguage":"pt-PT","@id":"https:\/\/algarve7.pt\/#\/schema\/logo\/image\/","url":"https:\/\/algarve7.pt\/wp-content\/uploads\/2020\/10\/Logo-8.jpg","contentUrl":"https:\/\/algarve7.pt\/wp-content\/uploads\/2020\/10\/Logo-8.jpg","width":1680,"height":1186,"caption":"Algarve 7"},"image":{"@id":"https:\/\/algarve7.pt\/#\/schema\/logo\/image\/"},"sameAs":["https:\/\/www.facebook.com\/algarve7","https:\/\/x.com\/Algarvesete","https:\/\/www.instagram.com\/jornalalgarve7\/","https:\/\/www.linkedin.com\/company\/algarve7","https:\/\/www.pinterest.pt\/geral0939\/_created\/"]},{"@type":"Person","@id":"https:\/\/algarve7.pt\/#\/schema\/person\/23fa70681308e7b319a3204bcea45e0c","name":"Algarve 7","sameAs":["https:\/\/algarve7.pt","https:\/\/www.facebook.com\/algarve7"],"url":"https:\/\/algarve7.pt\/index.php\/author\/geralalgarve7-pt\/"}]}},"jetpack_publicize_connections":[],"jetpack_featured_media_url":"https:\/\/algarve7.pt\/wp-content\/uploads\/2025\/05\/primage_79702.png","jetpack_shortlink":"https:\/\/wp.me\/pcezmW-d6y","jetpack_sharing_enabled":true,"_links":{"self":[{"href":"https:\/\/algarve7.pt\/index.php\/wp-json\/wp\/v2\/posts\/50378","targetHints":{"allow":["GET"]}}],"collection":[{"href":"https:\/\/algarve7.pt\/index.php\/wp-json\/wp\/v2\/posts"}],"about":[{"href":"https:\/\/algarve7.pt\/index.php\/wp-json\/wp\/v2\/types\/post"}],"author":[{"embeddable":true,"href":"https:\/\/algarve7.pt\/index.php\/wp-json\/wp\/v2\/users\/1"}],"replies":[{"embeddable":true,"href":"https:\/\/algarve7.pt\/index.php\/wp-json\/wp\/v2\/comments?post=50378"}],"version-history":[{"count":0,"href":"https:\/\/algarve7.pt\/index.php\/wp-json\/wp\/v2\/posts\/50378\/revisions"}],"wp:featuredmedia":[{"embeddable":true,"href":"https:\/\/algarve7.pt\/index.php\/wp-json\/wp\/v2\/media\/50379"}],"wp:attachment":[{"href":"https:\/\/algarve7.pt\/index.php\/wp-json\/wp\/v2\/media?parent=50378"}],"wp:term":[{"taxonomy":"category","embeddable":true,"href":"https:\/\/algarve7.pt\/index.php\/wp-json\/wp\/v2\/categories?post=50378"},{"taxonomy":"post_tag","embeddable":true,"href":"https:\/\/algarve7.pt\/index.php\/wp-json\/wp\/v2\/tags?post=50378"}],"curies":[{"name":"wp","href":"https:\/\/api.w.org\/{rel}","templated":true}]}}