{"id":50365,"date":"2025-05-14T13:10:00","date_gmt":"2025-05-14T12:10:00","guid":{"rendered":"https:\/\/algarve7.pt\/?p=50365"},"modified":"2025-05-14T10:46:11","modified_gmt":"2025-05-14T09:46:11","slug":"municipio-de-sao-bras-de-alportel-faz-balanco-apos-a-situacao-de-crise-energetica","status":"publish","type":"post","link":"https:\/\/algarve7.pt\/index.php\/2025\/05\/municipio-de-sao-bras-de-alportel-faz-balanco-apos-a-situacao-de-crise-energetica\/ambiente\/13\/10\/","title":{"rendered":"Munic\u00edpio de S\u00e3o Br\u00e1s de Alportel faz balan\u00e7o ap\u00f3s a situa\u00e7\u00e3o de \u201cCrise Energ\u00e9tica\u201d"},"content":{"rendered":"\n<p><strong>Prote\u00e7\u00e3o Civil, numa a\u00e7\u00e3o sob o comando da Vice-Presidente, em exerc\u00edcio de fun\u00e7\u00f5es de presid\u00eancia, Marlene Guerreiro, acompanhou de forma permanente a situa\u00e7\u00e3o de crise energ\u00e9tica decorrente do epis\u00f3dio comummente denominado \u201cApag\u00e3o Ib\u00e9rico\u201d.&nbsp;<\/strong><\/p>\n\n\n\n<p>Para garantir uma resposta eficaz aos impactos desta ocorr\u00eancia, e no \u00e2mbito do trabalho em parceria, foram estabelecidos diversos contactos, desde logo com as entidades parceiras locais, articuladas medidas e coordenadas a\u00e7\u00f5es com diversas entidades do concelho, assegurando especial aten\u00e7\u00e3o \u00e0s situa\u00e7\u00f5es mais cr\u00edticas e aos cidad\u00e3os mais vulner\u00e1veis.<\/p>\n\n\n\n<p>Foi ativado o Centro de Coordena\u00e7\u00e3o Operacional Municipal (CCOM), que se reuniu na Sala de Crise do Quartel dos Bombeiros Volunt\u00e1rios de S\u00e3o Br\u00e1s de Alportel. Estiveram presentes representantes da C\u00e2mara Municipal, da Prote\u00e7\u00e3o Civil Municipal, dos Servi\u00e7os Municipais, da Guarda Nacional Republicana (GNR), da Seguran\u00e7a Social, dos Bombeiros Volunt\u00e1rios, do Agrupamento de Escolas Jos\u00e9 Belchior Viegas, da Santa Casa da Miseric\u00f3rdia e da Junta de Freguesia.<\/p>\n\n\n\n<p>No \u00e2mbito da resposta imediata, foram desencadeadas as seguintes a\u00e7\u00f5es:<\/p>\n\n\n\n<p>\u2022&nbsp;&nbsp;&nbsp;&nbsp;&nbsp;&nbsp;&nbsp;&nbsp;Comunica\u00e7\u00e3o com a popula\u00e7\u00e3o, dentro das limita\u00e7\u00f5es existentes, atrav\u00e9s das redes sociais do Munic\u00edpio;<\/p>\n\n\n\n<p>\u2022&nbsp;&nbsp;&nbsp;&nbsp;&nbsp;&nbsp;&nbsp;&nbsp;Contacto com o Agrupamento de Escolas para garantir o funcionamento da escola, continuidade das refei\u00e7\u00f5es e dos transportes escolares, bem como a prepara\u00e7\u00e3o de resposta para os dias seguintes;<\/p>\n\n\n\n<p>\u2022&nbsp;&nbsp;&nbsp;&nbsp;&nbsp;&nbsp;&nbsp;&nbsp;Contacto com institui\u00e7\u00f5es de apoio a idosos e unidades de sa\u00fade para avaliar a capacidade de manuten\u00e7\u00e3o dos servi\u00e7os e identificar necessidades, nomeadamente ao n\u00edvel de geradores, tendo a C\u00e2mara Municipal disponilizado um gerador para apoiar a uma destas institui\u00e7\u00f5es.;<\/p>\n\n\n\n<p>\u2022&nbsp;&nbsp;&nbsp;&nbsp;&nbsp;&nbsp;&nbsp;&nbsp;Acompanhamento de idosos isolados ou em situa\u00e7\u00e3o vulner\u00e1vel para identifica\u00e7\u00e3o de necessidades e defini\u00e7\u00e3o de formas de apoio;<\/p>\n\n\n\n<p>\u2022&nbsp;&nbsp;&nbsp;&nbsp;&nbsp;&nbsp;&nbsp;&nbsp;Levantamento de pessoas em oxigenoterapia e avalia\u00e7\u00e3o da autonomia dispon\u00edvel, bem como das necessidades de refor\u00e7o de botijas de oxig\u00e9nio, assim como de outros doentes com necessidades espec\u00edficas para a manuten\u00e7\u00e3o dos seus cuidados de sa\u00fade, no \u00e2mbito do que foi contactado o respons\u00e1vel que era desta \u00e1rea,&nbsp;<\/p>\n\n\n\n<p>\u2022&nbsp;&nbsp;&nbsp;&nbsp;&nbsp;&nbsp;&nbsp;&nbsp;Avalia\u00e7\u00e3o da disponibilidade de \u00e1gua para abastecimento da popula\u00e7\u00e3o e defini\u00e7\u00e3o de medidas para garantir o fornecimento;<\/p>\n\n\n\n<p>\u2022&nbsp;&nbsp;&nbsp;&nbsp;&nbsp;&nbsp;&nbsp;&nbsp;An\u00e1lise da capacidade de abastecimento de combust\u00edvel para os servi\u00e7os essenciais e articula\u00e7\u00e3o com os postos de combust\u00edvel para aferir limita\u00e7\u00f5es;<\/p>\n\n\n\n<p>\u2022&nbsp;&nbsp;&nbsp;&nbsp;&nbsp;&nbsp;&nbsp;&nbsp;Defini\u00e7\u00e3o de um ponto de abastecimento priorit\u00e1rio para ve\u00edculos ao servi\u00e7o da emerg\u00eancia, mediante disponibiliza\u00e7\u00e3o de um gerador do munic\u00edpio num posto de combust\u00edvel;<\/p>\n\n\n\n<p>\u2022&nbsp;&nbsp;&nbsp;&nbsp;&nbsp;&nbsp;&nbsp;&nbsp;Avalia\u00e7\u00e3o da capacidade da GNR para a\u00e7\u00f5es de vigil\u00e2ncia e patrulhamento no concelho;<\/p>\n\n\n\n<p>\u2022&nbsp;&nbsp;&nbsp;&nbsp;&nbsp;&nbsp;&nbsp;&nbsp;Garantia da continuidade dos servi\u00e7os municipais essenciais, nomeadamente os relacionados com a gest\u00e3o da crise, limpeza urbana e recolha de res\u00edduos.<\/p>\n\n\n\n<p>Ap\u00f3s a reposi\u00e7\u00e3o do fornecimento de energia el\u00e9trica, a Vice-Presidente da C\u00e2mara Municipal, Marlene Guerreiro, convocou a Comiss\u00e3o Municipal de Prote\u00e7\u00e3o Civil e os chefes de servi\u00e7o envolvidos na resposta para uma reuni\u00e3o de balan\u00e7o. Neste encontro foram identificados os aspetos positivos da resposta prestada e definidos os pontos a melhorar para refor\u00e7ar a prepara\u00e7\u00e3o face a futuras ocorr\u00eancias semelhantes. Est\u00e1 neste \u00e2mbito a ser preparada uma minuta para um plano de conting\u00eancia para situa\u00e7\u00f5es de falta de energia, de modo a que possamos estar mais preparados para este tipo de situa\u00e7\u00e3o.&nbsp;<\/p>\n\n\n\n<p>O Munic\u00edpio de S\u00e3o Br\u00e1s de Alportel deixa uma palavra de profundo agradecimento a todas as entidades envolvidas na resposta de emerg\u00eancia, bem como \u00e0 comunidade s\u00e3o-brasense, que uma vez mais demonstrou um elevado esp\u00edrito c\u00edvico, serenidade e entreajuda \u2014 vis\u00edvel nas a\u00e7\u00f5es de solidariedade conhecidas e certamente em muitas outras que, embora an\u00f3nimas, foram igualmente valiosas.<\/p>\n","protected":false},"excerpt":{"rendered":"<p>Prote\u00e7\u00e3o Civil, numa a\u00e7\u00e3o sob o comando da Vice-Presidente, em exerc\u00edcio de fun\u00e7\u00f5es de presid\u00eancia, Marlene Guerreiro, acompanhou de forma<\/p>\n","protected":false},"author":1,"featured_media":50366,"comment_status":"closed","ping_status":"closed","sticky":false,"template":"","format":"standard","meta":{"colormag_page_container_layout":"default_layout","colormag_page_sidebar_layout":"default_layout","_monsterinsights_skip_tracking":false,"_monsterinsights_sitenote_active":false,"_monsterinsights_sitenote_note":"","_monsterinsights_sitenote_category":0,"jetpack_post_was_ever_published":false,"_jetpack_newsletter_access":"","_jetpack_dont_email_post_to_subs":false,"_jetpack_newsletter_tier_id":0,"_jetpack_memberships_contains_paywalled_content":false,"_jetpack_memberships_contains_paid_content":false,"footnotes":"","jetpack_publicize_message":"","jetpack_publicize_feature_enabled":true,"jetpack_social_post_already_shared":true,"jetpack_social_options":{"image_generator_settings":{"template":"highway","default_image_id":0,"font":"","enabled":false},"version":2}},"categories":[5],"tags":[36,32,63],"class_list":["post-50365","post","type-post","status-publish","format-standard","has-post-thumbnail","hentry","category-ambiente","tag-algarve","tag-ambiente","tag-sao-bras-de-alportel"],"yoast_head":"<!-- This site is optimized with the Yoast SEO plugin v27.5 - https:\/\/yoast.com\/product\/yoast-seo-wordpress\/ -->\n<title>Munic\u00edpio de S\u00e3o Br\u00e1s de Alportel faz balan\u00e7o ap\u00f3s a situa\u00e7\u00e3o de \u201cCrise Energ\u00e9tica\u201d - Algarve 7<\/title>\n<meta name=\"description\" content=\"Munic\u00edpio de S\u00e3o Br\u00e1s de Alportel faz balan\u00e7o ap\u00f3s a situa\u00e7\u00e3o de \u201cCrise Energ\u00e9tica\u201d Ambiente\" \/>\n<meta name=\"robots\" content=\"index, follow, max-snippet:-1, max-image-preview:large, max-video-preview:-1\" \/>\n<link rel=\"canonical\" href=\"https:\/\/algarve7.pt\/index.php\/2025\/05\/municipio-de-sao-bras-de-alportel-faz-balanco-apos-a-situacao-de-crise-energetica\/ambiente\/13\/10\/\" \/>\n<meta property=\"og:locale\" content=\"pt_PT\" \/>\n<meta property=\"og:type\" content=\"article\" \/>\n<meta property=\"og:title\" content=\"Munic\u00edpio de S\u00e3o Br\u00e1s de Alportel faz balan\u00e7o ap\u00f3s a situa\u00e7\u00e3o de \u201cCrise Energ\u00e9tica\u201d - Algarve 7\" \/>\n<meta property=\"og:description\" content=\"Munic\u00edpio de S\u00e3o Br\u00e1s de Alportel faz balan\u00e7o ap\u00f3s a situa\u00e7\u00e3o de \u201cCrise Energ\u00e9tica\u201d Ambiente\" \/>\n<meta property=\"og:url\" content=\"https:\/\/algarve7.pt\/index.php\/2025\/05\/municipio-de-sao-bras-de-alportel-faz-balanco-apos-a-situacao-de-crise-energetica\/ambiente\/13\/10\/\" \/>\n<meta property=\"og:site_name\" content=\"Algarve 7\" \/>\n<meta property=\"article:publisher\" content=\"https:\/\/www.facebook.com\/algarve7\" \/>\n<meta property=\"article:author\" content=\"https:\/\/www.facebook.com\/algarve7\" \/>\n<meta property=\"article:published_time\" content=\"2025-05-14T12:10:00+00:00\" \/>\n<meta property=\"og:image\" content=\"https:\/\/algarve7.pt\/wp-content\/uploads\/2025\/05\/Crise_Energetica_28_abril_2025_SBA-2.jpeg\" \/>\n\t<meta property=\"og:image:width\" content=\"800\" \/>\n\t<meta property=\"og:image:height\" content=\"500\" \/>\n\t<meta property=\"og:image:type\" content=\"image\/jpeg\" \/>\n<meta name=\"author\" content=\"Algarve 7\" \/>\n<meta name=\"twitter:card\" content=\"summary_large_image\" \/>\n<meta name=\"twitter:creator\" content=\"@Algarvesete\" \/>\n<meta name=\"twitter:site\" content=\"@Algarvesete\" \/>\n<meta name=\"twitter:label1\" content=\"Escrito por\" \/>\n\t<meta name=\"twitter:data1\" content=\"Algarve 7\" \/>\n\t<meta name=\"twitter:label2\" content=\"Tempo estimado de leitura\" \/>\n\t<meta name=\"twitter:data2\" content=\"4 minutos\" \/>\n<script type=\"application\/ld+json\" class=\"yoast-schema-graph\">{\"@context\":\"https:\\\/\\\/schema.org\",\"@graph\":[{\"@type\":\"Article\",\"@id\":\"https:\\\/\\\/algarve7.pt\\\/index.php\\\/2025\\\/05\\\/municipio-de-sao-bras-de-alportel-faz-balanco-apos-a-situacao-de-crise-energetica\\\/ambiente\\\/13\\\/10\\\/#article\",\"isPartOf\":{\"@id\":\"https:\\\/\\\/algarve7.pt\\\/index.php\\\/2025\\\/05\\\/municipio-de-sao-bras-de-alportel-faz-balanco-apos-a-situacao-de-crise-energetica\\\/ambiente\\\/13\\\/10\\\/\"},\"author\":{\"name\":\"Algarve 7\",\"@id\":\"https:\\\/\\\/algarve7.pt\\\/#\\\/schema\\\/person\\\/23fa70681308e7b319a3204bcea45e0c\"},\"headline\":\"Munic\u00edpio de S\u00e3o Br\u00e1s de Alportel faz balan\u00e7o ap\u00f3s a situa\u00e7\u00e3o de \u201cCrise Energ\u00e9tica\u201d\",\"datePublished\":\"2025-05-14T12:10:00+00:00\",\"mainEntityOfPage\":{\"@id\":\"https:\\\/\\\/algarve7.pt\\\/index.php\\\/2025\\\/05\\\/municipio-de-sao-bras-de-alportel-faz-balanco-apos-a-situacao-de-crise-energetica\\\/ambiente\\\/13\\\/10\\\/\"},\"wordCount\":757,\"publisher\":{\"@id\":\"https:\\\/\\\/algarve7.pt\\\/#organization\"},\"image\":{\"@id\":\"https:\\\/\\\/algarve7.pt\\\/index.php\\\/2025\\\/05\\\/municipio-de-sao-bras-de-alportel-faz-balanco-apos-a-situacao-de-crise-energetica\\\/ambiente\\\/13\\\/10\\\/#primaryimage\"},\"thumbnailUrl\":\"https:\\\/\\\/algarve7.pt\\\/wp-content\\\/uploads\\\/2025\\\/05\\\/Crise_Energetica_28_abril_2025_SBA-2.jpeg\",\"keywords\":[\"Algarve\",\"Ambiente\",\"S\u00e3o Br\u00e1s de Alportel\"],\"articleSection\":[\"Ambiente\"],\"inLanguage\":\"pt-PT\"},{\"@type\":\"WebPage\",\"@id\":\"https:\\\/\\\/algarve7.pt\\\/index.php\\\/2025\\\/05\\\/municipio-de-sao-bras-de-alportel-faz-balanco-apos-a-situacao-de-crise-energetica\\\/ambiente\\\/13\\\/10\\\/\",\"url\":\"https:\\\/\\\/algarve7.pt\\\/index.php\\\/2025\\\/05\\\/municipio-de-sao-bras-de-alportel-faz-balanco-apos-a-situacao-de-crise-energetica\\\/ambiente\\\/13\\\/10\\\/\",\"name\":\"Munic\u00edpio de S\u00e3o Br\u00e1s de Alportel faz balan\u00e7o ap\u00f3s a situa\u00e7\u00e3o de \u201cCrise Energ\u00e9tica\u201d - Algarve 7\",\"isPartOf\":{\"@id\":\"https:\\\/\\\/algarve7.pt\\\/#website\"},\"primaryImageOfPage\":{\"@id\":\"https:\\\/\\\/algarve7.pt\\\/index.php\\\/2025\\\/05\\\/municipio-de-sao-bras-de-alportel-faz-balanco-apos-a-situacao-de-crise-energetica\\\/ambiente\\\/13\\\/10\\\/#primaryimage\"},\"image\":{\"@id\":\"https:\\\/\\\/algarve7.pt\\\/index.php\\\/2025\\\/05\\\/municipio-de-sao-bras-de-alportel-faz-balanco-apos-a-situacao-de-crise-energetica\\\/ambiente\\\/13\\\/10\\\/#primaryimage\"},\"thumbnailUrl\":\"https:\\\/\\\/algarve7.pt\\\/wp-content\\\/uploads\\\/2025\\\/05\\\/Crise_Energetica_28_abril_2025_SBA-2.jpeg\",\"datePublished\":\"2025-05-14T12:10:00+00:00\",\"description\":\"Munic\u00edpio de S\u00e3o Br\u00e1s de Alportel faz balan\u00e7o ap\u00f3s a situa\u00e7\u00e3o de \u201cCrise Energ\u00e9tica\u201d Ambiente\",\"breadcrumb\":{\"@id\":\"https:\\\/\\\/algarve7.pt\\\/index.php\\\/2025\\\/05\\\/municipio-de-sao-bras-de-alportel-faz-balanco-apos-a-situacao-de-crise-energetica\\\/ambiente\\\/13\\\/10\\\/#breadcrumb\"},\"inLanguage\":\"pt-PT\",\"potentialAction\":[{\"@type\":\"ReadAction\",\"target\":[\"https:\\\/\\\/algarve7.pt\\\/index.php\\\/2025\\\/05\\\/municipio-de-sao-bras-de-alportel-faz-balanco-apos-a-situacao-de-crise-energetica\\\/ambiente\\\/13\\\/10\\\/\"]}]},{\"@type\":\"ImageObject\",\"inLanguage\":\"pt-PT\",\"@id\":\"https:\\\/\\\/algarve7.pt\\\/index.php\\\/2025\\\/05\\\/municipio-de-sao-bras-de-alportel-faz-balanco-apos-a-situacao-de-crise-energetica\\\/ambiente\\\/13\\\/10\\\/#primaryimage\",\"url\":\"https:\\\/\\\/algarve7.pt\\\/wp-content\\\/uploads\\\/2025\\\/05\\\/Crise_Energetica_28_abril_2025_SBA-2.jpeg\",\"contentUrl\":\"https:\\\/\\\/algarve7.pt\\\/wp-content\\\/uploads\\\/2025\\\/05\\\/Crise_Energetica_28_abril_2025_SBA-2.jpeg\",\"width\":800,\"height\":500},{\"@type\":\"BreadcrumbList\",\"@id\":\"https:\\\/\\\/algarve7.pt\\\/index.php\\\/2025\\\/05\\\/municipio-de-sao-bras-de-alportel-faz-balanco-apos-a-situacao-de-crise-energetica\\\/ambiente\\\/13\\\/10\\\/#breadcrumb\",\"itemListElement\":[{\"@type\":\"ListItem\",\"position\":1,\"name\":\"In\u00edcio\",\"item\":\"https:\\\/\\\/algarve7.pt\\\/\"},{\"@type\":\"ListItem\",\"position\":2,\"name\":\"Munic\u00edpio de S\u00e3o Br\u00e1s de Alportel faz balan\u00e7o ap\u00f3s a situa\u00e7\u00e3o de \u201cCrise Energ\u00e9tica\u201d\"}]},{\"@type\":\"WebSite\",\"@id\":\"https:\\\/\\\/algarve7.pt\\\/#website\",\"url\":\"https:\\\/\\\/algarve7.pt\\\/\",\"name\":\"Algarve 7\",\"description\":\"Informa\u00e7\u00e3o sobre o Algarve\",\"publisher\":{\"@id\":\"https:\\\/\\\/algarve7.pt\\\/#organization\"},\"potentialAction\":[{\"@type\":\"SearchAction\",\"target\":{\"@type\":\"EntryPoint\",\"urlTemplate\":\"https:\\\/\\\/algarve7.pt\\\/?s={search_term_string}\"},\"query-input\":{\"@type\":\"PropertyValueSpecification\",\"valueRequired\":true,\"valueName\":\"search_term_string\"}}],\"inLanguage\":\"pt-PT\"},{\"@type\":\"Organization\",\"@id\":\"https:\\\/\\\/algarve7.pt\\\/#organization\",\"name\":\"Algarve 7\",\"url\":\"https:\\\/\\\/algarve7.pt\\\/\",\"logo\":{\"@type\":\"ImageObject\",\"inLanguage\":\"pt-PT\",\"@id\":\"https:\\\/\\\/algarve7.pt\\\/#\\\/schema\\\/logo\\\/image\\\/\",\"url\":\"https:\\\/\\\/algarve7.pt\\\/wp-content\\\/uploads\\\/2020\\\/10\\\/Logo-8.jpg\",\"contentUrl\":\"https:\\\/\\\/algarve7.pt\\\/wp-content\\\/uploads\\\/2020\\\/10\\\/Logo-8.jpg\",\"width\":1680,\"height\":1186,\"caption\":\"Algarve 7\"},\"image\":{\"@id\":\"https:\\\/\\\/algarve7.pt\\\/#\\\/schema\\\/logo\\\/image\\\/\"},\"sameAs\":[\"https:\\\/\\\/www.facebook.com\\\/algarve7\",\"https:\\\/\\\/x.com\\\/Algarvesete\",\"https:\\\/\\\/www.instagram.com\\\/jornalalgarve7\\\/\",\"https:\\\/\\\/www.linkedin.com\\\/company\\\/algarve7\",\"https:\\\/\\\/www.pinterest.pt\\\/geral0939\\\/_created\\\/\"]},{\"@type\":\"Person\",\"@id\":\"https:\\\/\\\/algarve7.pt\\\/#\\\/schema\\\/person\\\/23fa70681308e7b319a3204bcea45e0c\",\"name\":\"Algarve 7\",\"sameAs\":[\"https:\\\/\\\/algarve7.pt\",\"https:\\\/\\\/www.facebook.com\\\/algarve7\"],\"url\":\"https:\\\/\\\/algarve7.pt\\\/index.php\\\/author\\\/geralalgarve7-pt\\\/\"}]}<\/script>\n<!-- \/ Yoast SEO plugin. -->","yoast_head_json":{"title":"Munic\u00edpio de S\u00e3o Br\u00e1s de Alportel faz balan\u00e7o ap\u00f3s a situa\u00e7\u00e3o de \u201cCrise Energ\u00e9tica\u201d - Algarve 7","description":"Munic\u00edpio de S\u00e3o Br\u00e1s de Alportel faz balan\u00e7o ap\u00f3s a situa\u00e7\u00e3o de \u201cCrise Energ\u00e9tica\u201d Ambiente","robots":{"index":"index","follow":"follow","max-snippet":"max-snippet:-1","max-image-preview":"max-image-preview:large","max-video-preview":"max-video-preview:-1"},"canonical":"https:\/\/algarve7.pt\/index.php\/2025\/05\/municipio-de-sao-bras-de-alportel-faz-balanco-apos-a-situacao-de-crise-energetica\/ambiente\/13\/10\/","og_locale":"pt_PT","og_type":"article","og_title":"Munic\u00edpio de S\u00e3o Br\u00e1s de Alportel faz balan\u00e7o ap\u00f3s a situa\u00e7\u00e3o de \u201cCrise Energ\u00e9tica\u201d - Algarve 7","og_description":"Munic\u00edpio de S\u00e3o Br\u00e1s de Alportel faz balan\u00e7o ap\u00f3s a situa\u00e7\u00e3o de \u201cCrise Energ\u00e9tica\u201d Ambiente","og_url":"https:\/\/algarve7.pt\/index.php\/2025\/05\/municipio-de-sao-bras-de-alportel-faz-balanco-apos-a-situacao-de-crise-energetica\/ambiente\/13\/10\/","og_site_name":"Algarve 7","article_publisher":"https:\/\/www.facebook.com\/algarve7","article_author":"https:\/\/www.facebook.com\/algarve7","article_published_time":"2025-05-14T12:10:00+00:00","og_image":[{"width":800,"height":500,"url":"https:\/\/algarve7.pt\/wp-content\/uploads\/2025\/05\/Crise_Energetica_28_abril_2025_SBA-2.jpeg","type":"image\/jpeg"}],"author":"Algarve 7","twitter_card":"summary_large_image","twitter_creator":"@Algarvesete","twitter_site":"@Algarvesete","twitter_misc":{"Escrito por":"Algarve 7","Tempo estimado de leitura":"4 minutos"},"schema":{"@context":"https:\/\/schema.org","@graph":[{"@type":"Article","@id":"https:\/\/algarve7.pt\/index.php\/2025\/05\/municipio-de-sao-bras-de-alportel-faz-balanco-apos-a-situacao-de-crise-energetica\/ambiente\/13\/10\/#article","isPartOf":{"@id":"https:\/\/algarve7.pt\/index.php\/2025\/05\/municipio-de-sao-bras-de-alportel-faz-balanco-apos-a-situacao-de-crise-energetica\/ambiente\/13\/10\/"},"author":{"name":"Algarve 7","@id":"https:\/\/algarve7.pt\/#\/schema\/person\/23fa70681308e7b319a3204bcea45e0c"},"headline":"Munic\u00edpio de S\u00e3o Br\u00e1s de Alportel faz balan\u00e7o ap\u00f3s a situa\u00e7\u00e3o de \u201cCrise Energ\u00e9tica\u201d","datePublished":"2025-05-14T12:10:00+00:00","mainEntityOfPage":{"@id":"https:\/\/algarve7.pt\/index.php\/2025\/05\/municipio-de-sao-bras-de-alportel-faz-balanco-apos-a-situacao-de-crise-energetica\/ambiente\/13\/10\/"},"wordCount":757,"publisher":{"@id":"https:\/\/algarve7.pt\/#organization"},"image":{"@id":"https:\/\/algarve7.pt\/index.php\/2025\/05\/municipio-de-sao-bras-de-alportel-faz-balanco-apos-a-situacao-de-crise-energetica\/ambiente\/13\/10\/#primaryimage"},"thumbnailUrl":"https:\/\/algarve7.pt\/wp-content\/uploads\/2025\/05\/Crise_Energetica_28_abril_2025_SBA-2.jpeg","keywords":["Algarve","Ambiente","S\u00e3o Br\u00e1s de Alportel"],"articleSection":["Ambiente"],"inLanguage":"pt-PT"},{"@type":"WebPage","@id":"https:\/\/algarve7.pt\/index.php\/2025\/05\/municipio-de-sao-bras-de-alportel-faz-balanco-apos-a-situacao-de-crise-energetica\/ambiente\/13\/10\/","url":"https:\/\/algarve7.pt\/index.php\/2025\/05\/municipio-de-sao-bras-de-alportel-faz-balanco-apos-a-situacao-de-crise-energetica\/ambiente\/13\/10\/","name":"Munic\u00edpio de S\u00e3o Br\u00e1s de Alportel faz balan\u00e7o ap\u00f3s a situa\u00e7\u00e3o de \u201cCrise Energ\u00e9tica\u201d - Algarve 7","isPartOf":{"@id":"https:\/\/algarve7.pt\/#website"},"primaryImageOfPage":{"@id":"https:\/\/algarve7.pt\/index.php\/2025\/05\/municipio-de-sao-bras-de-alportel-faz-balanco-apos-a-situacao-de-crise-energetica\/ambiente\/13\/10\/#primaryimage"},"image":{"@id":"https:\/\/algarve7.pt\/index.php\/2025\/05\/municipio-de-sao-bras-de-alportel-faz-balanco-apos-a-situacao-de-crise-energetica\/ambiente\/13\/10\/#primaryimage"},"thumbnailUrl":"https:\/\/algarve7.pt\/wp-content\/uploads\/2025\/05\/Crise_Energetica_28_abril_2025_SBA-2.jpeg","datePublished":"2025-05-14T12:10:00+00:00","description":"Munic\u00edpio de S\u00e3o Br\u00e1s de Alportel faz balan\u00e7o ap\u00f3s a situa\u00e7\u00e3o de \u201cCrise Energ\u00e9tica\u201d Ambiente","breadcrumb":{"@id":"https:\/\/algarve7.pt\/index.php\/2025\/05\/municipio-de-sao-bras-de-alportel-faz-balanco-apos-a-situacao-de-crise-energetica\/ambiente\/13\/10\/#breadcrumb"},"inLanguage":"pt-PT","potentialAction":[{"@type":"ReadAction","target":["https:\/\/algarve7.pt\/index.php\/2025\/05\/municipio-de-sao-bras-de-alportel-faz-balanco-apos-a-situacao-de-crise-energetica\/ambiente\/13\/10\/"]}]},{"@type":"ImageObject","inLanguage":"pt-PT","@id":"https:\/\/algarve7.pt\/index.php\/2025\/05\/municipio-de-sao-bras-de-alportel-faz-balanco-apos-a-situacao-de-crise-energetica\/ambiente\/13\/10\/#primaryimage","url":"https:\/\/algarve7.pt\/wp-content\/uploads\/2025\/05\/Crise_Energetica_28_abril_2025_SBA-2.jpeg","contentUrl":"https:\/\/algarve7.pt\/wp-content\/uploads\/2025\/05\/Crise_Energetica_28_abril_2025_SBA-2.jpeg","width":800,"height":500},{"@type":"BreadcrumbList","@id":"https:\/\/algarve7.pt\/index.php\/2025\/05\/municipio-de-sao-bras-de-alportel-faz-balanco-apos-a-situacao-de-crise-energetica\/ambiente\/13\/10\/#breadcrumb","itemListElement":[{"@type":"ListItem","position":1,"name":"In\u00edcio","item":"https:\/\/algarve7.pt\/"},{"@type":"ListItem","position":2,"name":"Munic\u00edpio de S\u00e3o Br\u00e1s de Alportel faz balan\u00e7o ap\u00f3s a situa\u00e7\u00e3o de \u201cCrise Energ\u00e9tica\u201d"}]},{"@type":"WebSite","@id":"https:\/\/algarve7.pt\/#website","url":"https:\/\/algarve7.pt\/","name":"Algarve 7","description":"Informa\u00e7\u00e3o sobre o Algarve","publisher":{"@id":"https:\/\/algarve7.pt\/#organization"},"potentialAction":[{"@type":"SearchAction","target":{"@type":"EntryPoint","urlTemplate":"https:\/\/algarve7.pt\/?s={search_term_string}"},"query-input":{"@type":"PropertyValueSpecification","valueRequired":true,"valueName":"search_term_string"}}],"inLanguage":"pt-PT"},{"@type":"Organization","@id":"https:\/\/algarve7.pt\/#organization","name":"Algarve 7","url":"https:\/\/algarve7.pt\/","logo":{"@type":"ImageObject","inLanguage":"pt-PT","@id":"https:\/\/algarve7.pt\/#\/schema\/logo\/image\/","url":"https:\/\/algarve7.pt\/wp-content\/uploads\/2020\/10\/Logo-8.jpg","contentUrl":"https:\/\/algarve7.pt\/wp-content\/uploads\/2020\/10\/Logo-8.jpg","width":1680,"height":1186,"caption":"Algarve 7"},"image":{"@id":"https:\/\/algarve7.pt\/#\/schema\/logo\/image\/"},"sameAs":["https:\/\/www.facebook.com\/algarve7","https:\/\/x.com\/Algarvesete","https:\/\/www.instagram.com\/jornalalgarve7\/","https:\/\/www.linkedin.com\/company\/algarve7","https:\/\/www.pinterest.pt\/geral0939\/_created\/"]},{"@type":"Person","@id":"https:\/\/algarve7.pt\/#\/schema\/person\/23fa70681308e7b319a3204bcea45e0c","name":"Algarve 7","sameAs":["https:\/\/algarve7.pt","https:\/\/www.facebook.com\/algarve7"],"url":"https:\/\/algarve7.pt\/index.php\/author\/geralalgarve7-pt\/"}]}},"jetpack_publicize_connections":[],"jetpack_featured_media_url":"https:\/\/algarve7.pt\/wp-content\/uploads\/2025\/05\/Crise_Energetica_28_abril_2025_SBA-2.jpeg","jetpack_shortlink":"https:\/\/wp.me\/pcezmW-d6l","jetpack_sharing_enabled":true,"_links":{"self":[{"href":"https:\/\/algarve7.pt\/index.php\/wp-json\/wp\/v2\/posts\/50365","targetHints":{"allow":["GET"]}}],"collection":[{"href":"https:\/\/algarve7.pt\/index.php\/wp-json\/wp\/v2\/posts"}],"about":[{"href":"https:\/\/algarve7.pt\/index.php\/wp-json\/wp\/v2\/types\/post"}],"author":[{"embeddable":true,"href":"https:\/\/algarve7.pt\/index.php\/wp-json\/wp\/v2\/users\/1"}],"replies":[{"embeddable":true,"href":"https:\/\/algarve7.pt\/index.php\/wp-json\/wp\/v2\/comments?post=50365"}],"version-history":[{"count":0,"href":"https:\/\/algarve7.pt\/index.php\/wp-json\/wp\/v2\/posts\/50365\/revisions"}],"wp:featuredmedia":[{"embeddable":true,"href":"https:\/\/algarve7.pt\/index.php\/wp-json\/wp\/v2\/media\/50366"}],"wp:attachment":[{"href":"https:\/\/algarve7.pt\/index.php\/wp-json\/wp\/v2\/media?parent=50365"}],"wp:term":[{"taxonomy":"category","embeddable":true,"href":"https:\/\/algarve7.pt\/index.php\/wp-json\/wp\/v2\/categories?post=50365"},{"taxonomy":"post_tag","embeddable":true,"href":"https:\/\/algarve7.pt\/index.php\/wp-json\/wp\/v2\/tags?post=50365"}],"curies":[{"name":"wp","href":"https:\/\/api.w.org\/{rel}","templated":true}]}}