{"id":50350,"date":"2025-05-15T09:47:08","date_gmt":"2025-05-15T08:47:08","guid":{"rendered":"https:\/\/algarve7.pt\/?p=50350"},"modified":"2025-05-14T09:49:52","modified_gmt":"2025-05-14T08:49:52","slug":"algarve-classic-festival-regressa-em-2025-com-nova-energia-e-ambicao-renovada","status":"publish","type":"post","link":"https:\/\/algarve7.pt\/index.php\/2025\/05\/algarve-classic-festival-regressa-em-2025-com-nova-energia-e-ambicao-renovada\/desporto\/09\/47\/","title":{"rendered":"Algarve Classic Festival regressa em 2025 com nova energia e ambi\u00e7\u00e3o renovada"},"content":{"rendered":"\n<p><strong>De 24 a 26 de Outubro de 2025, o Algarve Classic Festival volta a integrar o calend\u00e1rio de eventos organizados pela Race Ready, numa parceria estrat\u00e9gica com o Aut\u00f3dromo Internacional do Algarve v\u00e1lida para os pr\u00f3ximos tr\u00eas anos.<\/strong><br>&nbsp;<\/p>\n\n\n\n<p>Organizado pela primeira vez em 2010, o Algarve Classic Festival decorre numa das regi\u00f5es tur\u00edsticas mais soalheiras da Europa e num dos circuitos mais emocionantes a n\u00edvel mundial, o que faz deste evento um favorito tanto para os pilotos como para os seus acompanhantes. \u00c9 tamb\u00e9m um dos maiores e mais relevantes encontros de carros hist\u00f3ricos de competi\u00e7\u00e3o da Pen\u00ednsula Ib\u00e9rica, reunindo, em cada edi\u00e7\u00e3o, mais de 300 autom\u00f3veis e cerca de 500 pilotos oriundos de mais de 20 pa\u00edses.<br>&nbsp;<\/p>\n\n\n\n<p>Com este novo acordo, a Race Ready traz de volta ao Algarve toda a sua experi\u00eancia e know-how na organiza\u00e7\u00e3o de eventos de cl\u00e1ssicos de prest\u00edgio.<br>&nbsp;<\/p>\n\n\n\n<p>Entre um programa variado de corridas, o grande destaque vai para os espetaculares \u201c300 km Algarve Sportscars\u201d, uma estreia absoluta em Portugal. Com uma dura\u00e7\u00e3o de 120 minutos ou 300 quil\u00f3metros, esta prova inclui paragens obrigat\u00f3rias para reabastecimento e troca de pilotos, e aceitar\u00e1 prot\u00f3tipos constru\u00eddos entre 1963 e 1972, bem como a GTs fabricados entre 1966 e 1980.<br>&nbsp;<\/p>\n\n\n\n<p>Numa corrida que nos remete aos tempos gloriosos do automobilismo mundial, nacional e tamb\u00e9m ultramarino, espera-se uma grelha de partida composta por carros ic\u00f3nicos desse per\u00edodo, hoje verdadeiras lendas das pistas, com elevado valor hist\u00f3rico e competitivo, como os Ford GT40, Lola T70, Chevron B16 e B19 mas tamb\u00e9m GT que competiam nessa \u00e9poca como 911 RSR, BMW M1 entre outros. Disputada no final da tarde de s\u00e1bado, a corrida terminar\u00e1 j\u00e1 com os carros de far\u00f3is acesos, numa evoca\u00e7\u00e3o das grandes provas de endurance.<br>&nbsp;<\/p>\n\n\n\n<p>Esta prova tem a particularidade de ser \u00fanica no panorama actual, uma vez que n\u00e3o existe nenhuma prova com este formato dedicada a sportscars &#8211; ainda que a corrida tamb\u00e9m permita a participa\u00e7\u00e3o de carros de GT. Al\u00e9m disso, o formato \u00e9 muito semelhante ao adoptado nos 250 km do Estoril do Iberian Historic Endurance, um modelo j\u00e1 testado e comprovadamente eficaz.<br>&nbsp;<\/p>\n\n\n\n<p>O programa do revitalizado festival de cl\u00e1ssicos de Portim\u00e3o inclui ainda algumas das mais entusiasmantes s\u00e9ries de cl\u00e1ssicos da actualidade, como o Iberian Historic Endurance, a competi\u00e7\u00e3o de refer\u00eancia para carros de Turismo e GT at\u00e9 1976, a Carrera 80, destinada a GTs e Turismos at\u00e9 1993, o Group 1 Portugal, dedicada a cl\u00e1ssicos com especifica\u00e7\u00f5es de Grupo 1 Pr\u00e9-1981, a Single Seater Series, a \u00fanica competi\u00e7\u00e3o de monolugares em Portugal, e a ainda prestigiada GT &amp; Sports Car Cup, reservada a GTs Pr\u00e9-66 e Sportscars Pr\u00e9-63 que participaram no Campeonato do Mundo de Endurance.&nbsp;<br>&nbsp;<\/p>\n\n\n\n<p>Mais do que um conjunto de corridas, o Algarve Classic Festival ser\u00e1 uma aut\u00eantica celebra\u00e7\u00e3o da cultura autom\u00f3vel cl\u00e1ssica, com muita anima\u00e7\u00e3o no paddock, exposi\u00e7\u00f5es de autom\u00f3veis cl\u00e1ssicos e desfiles de clubes de autom\u00f3veis antigos. Este ser\u00e1 fim de semana onde a paix\u00e3o pelas corridas se fundir\u00e1 com o esp\u00edrito de conv\u00edvio e o prazer de celebrar m\u00e1quinas com hist\u00f3ria.<br>&nbsp;<\/p>\n\n\n\n<p>Para Diogo Ferr\u00e3o (CEO da Race Ready): \u201cEstamos muito satisfeitos por termos chegado a acordo o Aut\u00f3dromo Internacional do Algarve e assim regressarmos ao Algarve Classic Festival. Queremos oferecer uma experi\u00eancia \u00fanica que celebre a verdadeira ess\u00eancia do automobilismo cl\u00e1ssico. N\u00e3o desejamos que evento se resuma a um conjunto de corridas, pois \u00e9 uma viagem no tempo, onde pilotos e p\u00fablico revivem o encanto e a emo\u00e7\u00e3o das grandes provas de resist\u00eancia do passado. Estamos muito entusiasmados com a organiza\u00e7\u00e3o dos \u2018300 km Algarve Sportscars\u2019, uma corrida que esperamos lan\u00e7ar j\u00e1 com os olhos postos no futuro, com a ambi\u00e7\u00e3o de a transformar num dos momentos emblem\u00e1ticos do evento. Temos v\u00e1rias ideias que gostar\u00edamos de implementar ao longo dos pr\u00f3ximos anos para tornar este evento ainda mais especial e diferenciador.\u201d<br>&nbsp;<\/p>\n\n\n\n<p>Para Miguel Praia, administrador da Parkalgar, \u201cO Aut\u00f3dromo Internacional do Algarve tem um enorme carinho pelo Algarve Classic Festival, que consideramos ser, um dos quatro grandes eventos do ano para n\u00f3s, a par com o MotoGP, SBK e ELMS. Por esses motivos, era essencial escolher um parceiro cred\u00edvel e que possa garantir uma evolu\u00e7\u00e3o do evento, e a Race Ready responde a todos esses crit\u00e9rios, e seguramente, que todos os que nos visitarem nesse fim-de-semana, ir\u00e3o viver uma experi\u00eancia \u00fanica, sejam os pilotos como o p\u00fablico que desde a primeira edi\u00e7\u00e3o nos visita. Juntos, queremos que o Algarve Classic Festival continue com toda a certeza, a ser um dos grandes eventos no sector em toda a Europa.\u201d<br>&nbsp;<\/p>\n","protected":false},"excerpt":{"rendered":"<p>De 24 a 26 de Outubro de 2025, o Algarve Classic Festival volta a integrar o calend\u00e1rio de eventos organizados<\/p>\n","protected":false},"author":1,"featured_media":50351,"comment_status":"closed","ping_status":"closed","sticky":false,"template":"","format":"standard","meta":{"colormag_page_container_layout":"default_layout","colormag_page_sidebar_layout":"default_layout","_monsterinsights_skip_tracking":false,"_monsterinsights_sitenote_active":false,"_monsterinsights_sitenote_note":"","_monsterinsights_sitenote_category":0,"jetpack_post_was_ever_published":false,"_jetpack_newsletter_access":"","_jetpack_dont_email_post_to_subs":false,"_jetpack_newsletter_tier_id":0,"_jetpack_memberships_contains_paywalled_content":false,"_jetpack_memberships_contains_paid_content":false,"footnotes":"","jetpack_publicize_message":"","jetpack_publicize_feature_enabled":true,"jetpack_social_post_already_shared":true,"jetpack_social_options":{"image_generator_settings":{"template":"highway","default_image_id":0,"font":"","enabled":false},"version":2}},"categories":[15],"tags":[36,1170,239,40,72],"class_list":["post-50350","post","type-post","status-publish","format-standard","has-post-thumbnail","hentry","category-desporto","tag-algarve","tag-algarve-classic-festival","tag-autodromo-internacional-do-algarve","tag-desporto","tag-portimao"],"yoast_head":"<!-- This site is optimized with the Yoast SEO plugin v27.5 - https:\/\/yoast.com\/product\/yoast-seo-wordpress\/ -->\n<title>Algarve Classic Festival regressa em 2025 com nova energia e ambi\u00e7\u00e3o renovada - Algarve 7<\/title>\n<meta name=\"description\" content=\"Algarve Classic Festival regressa em 2025 com nova energia e ambi\u00e7\u00e3o renovada Desporto\" \/>\n<meta name=\"robots\" content=\"index, follow, max-snippet:-1, max-image-preview:large, max-video-preview:-1\" \/>\n<link rel=\"canonical\" href=\"https:\/\/algarve7.pt\/index.php\/2025\/05\/algarve-classic-festival-regressa-em-2025-com-nova-energia-e-ambicao-renovada\/desporto\/09\/47\/\" \/>\n<meta property=\"og:locale\" content=\"pt_PT\" \/>\n<meta property=\"og:type\" content=\"article\" \/>\n<meta property=\"og:title\" content=\"Algarve Classic Festival regressa em 2025 com nova energia e ambi\u00e7\u00e3o renovada - Algarve 7\" \/>\n<meta property=\"og:description\" content=\"Algarve Classic Festival regressa em 2025 com nova energia e ambi\u00e7\u00e3o renovada Desporto\" \/>\n<meta property=\"og:url\" content=\"https:\/\/algarve7.pt\/index.php\/2025\/05\/algarve-classic-festival-regressa-em-2025-com-nova-energia-e-ambicao-renovada\/desporto\/09\/47\/\" \/>\n<meta property=\"og:site_name\" content=\"Algarve 7\" \/>\n<meta property=\"article:publisher\" content=\"https:\/\/www.facebook.com\/algarve7\" \/>\n<meta property=\"article:author\" content=\"https:\/\/www.facebook.com\/algarve7\" \/>\n<meta property=\"article:published_time\" content=\"2025-05-15T08:47:08+00:00\" \/>\n<meta property=\"og:image\" content=\"https:\/\/algarve7.pt\/wp-content\/uploads\/2025\/05\/Captura-de-ecra-2025-05-14-as-09.45.52.png\" \/>\n\t<meta property=\"og:image:width\" content=\"800\" \/>\n\t<meta property=\"og:image:height\" content=\"500\" \/>\n\t<meta property=\"og:image:type\" content=\"image\/png\" \/>\n<meta name=\"author\" content=\"Algarve 7\" \/>\n<meta name=\"twitter:card\" content=\"summary_large_image\" \/>\n<meta name=\"twitter:creator\" content=\"@Algarvesete\" \/>\n<meta name=\"twitter:site\" content=\"@Algarvesete\" \/>\n<meta name=\"twitter:label1\" content=\"Escrito por\" \/>\n\t<meta name=\"twitter:data1\" content=\"Algarve 7\" \/>\n\t<meta name=\"twitter:label2\" content=\"Tempo estimado de leitura\" \/>\n\t<meta name=\"twitter:data2\" content=\"5 minutos\" \/>\n<script type=\"application\/ld+json\" class=\"yoast-schema-graph\">{\"@context\":\"https:\\\/\\\/schema.org\",\"@graph\":[{\"@type\":\"Article\",\"@id\":\"https:\\\/\\\/algarve7.pt\\\/index.php\\\/2025\\\/05\\\/algarve-classic-festival-regressa-em-2025-com-nova-energia-e-ambicao-renovada\\\/desporto\\\/09\\\/47\\\/#article\",\"isPartOf\":{\"@id\":\"https:\\\/\\\/algarve7.pt\\\/index.php\\\/2025\\\/05\\\/algarve-classic-festival-regressa-em-2025-com-nova-energia-e-ambicao-renovada\\\/desporto\\\/09\\\/47\\\/\"},\"author\":{\"name\":\"Algarve 7\",\"@id\":\"https:\\\/\\\/algarve7.pt\\\/#\\\/schema\\\/person\\\/23fa70681308e7b319a3204bcea45e0c\"},\"headline\":\"Algarve Classic Festival regressa em 2025 com nova energia e ambi\u00e7\u00e3o renovada\",\"datePublished\":\"2025-05-15T08:47:08+00:00\",\"mainEntityOfPage\":{\"@id\":\"https:\\\/\\\/algarve7.pt\\\/index.php\\\/2025\\\/05\\\/algarve-classic-festival-regressa-em-2025-com-nova-energia-e-ambicao-renovada\\\/desporto\\\/09\\\/47\\\/\"},\"wordCount\":839,\"publisher\":{\"@id\":\"https:\\\/\\\/algarve7.pt\\\/#organization\"},\"image\":{\"@id\":\"https:\\\/\\\/algarve7.pt\\\/index.php\\\/2025\\\/05\\\/algarve-classic-festival-regressa-em-2025-com-nova-energia-e-ambicao-renovada\\\/desporto\\\/09\\\/47\\\/#primaryimage\"},\"thumbnailUrl\":\"https:\\\/\\\/algarve7.pt\\\/wp-content\\\/uploads\\\/2025\\\/05\\\/Captura-de-ecra-2025-05-14-as-09.45.52.png\",\"keywords\":[\"Algarve\",\"Algarve Classic Festival\",\"Aut\u00f3dromo Internacional do Algarve\",\"Desporto\",\"Portim\u00e3o\"],\"articleSection\":[\"Desporto\"],\"inLanguage\":\"pt-PT\"},{\"@type\":\"WebPage\",\"@id\":\"https:\\\/\\\/algarve7.pt\\\/index.php\\\/2025\\\/05\\\/algarve-classic-festival-regressa-em-2025-com-nova-energia-e-ambicao-renovada\\\/desporto\\\/09\\\/47\\\/\",\"url\":\"https:\\\/\\\/algarve7.pt\\\/index.php\\\/2025\\\/05\\\/algarve-classic-festival-regressa-em-2025-com-nova-energia-e-ambicao-renovada\\\/desporto\\\/09\\\/47\\\/\",\"name\":\"Algarve Classic Festival regressa em 2025 com nova energia e ambi\u00e7\u00e3o renovada - Algarve 7\",\"isPartOf\":{\"@id\":\"https:\\\/\\\/algarve7.pt\\\/#website\"},\"primaryImageOfPage\":{\"@id\":\"https:\\\/\\\/algarve7.pt\\\/index.php\\\/2025\\\/05\\\/algarve-classic-festival-regressa-em-2025-com-nova-energia-e-ambicao-renovada\\\/desporto\\\/09\\\/47\\\/#primaryimage\"},\"image\":{\"@id\":\"https:\\\/\\\/algarve7.pt\\\/index.php\\\/2025\\\/05\\\/algarve-classic-festival-regressa-em-2025-com-nova-energia-e-ambicao-renovada\\\/desporto\\\/09\\\/47\\\/#primaryimage\"},\"thumbnailUrl\":\"https:\\\/\\\/algarve7.pt\\\/wp-content\\\/uploads\\\/2025\\\/05\\\/Captura-de-ecra-2025-05-14-as-09.45.52.png\",\"datePublished\":\"2025-05-15T08:47:08+00:00\",\"description\":\"Algarve Classic Festival regressa em 2025 com nova energia e ambi\u00e7\u00e3o renovada Desporto\",\"breadcrumb\":{\"@id\":\"https:\\\/\\\/algarve7.pt\\\/index.php\\\/2025\\\/05\\\/algarve-classic-festival-regressa-em-2025-com-nova-energia-e-ambicao-renovada\\\/desporto\\\/09\\\/47\\\/#breadcrumb\"},\"inLanguage\":\"pt-PT\",\"potentialAction\":[{\"@type\":\"ReadAction\",\"target\":[\"https:\\\/\\\/algarve7.pt\\\/index.php\\\/2025\\\/05\\\/algarve-classic-festival-regressa-em-2025-com-nova-energia-e-ambicao-renovada\\\/desporto\\\/09\\\/47\\\/\"]}]},{\"@type\":\"ImageObject\",\"inLanguage\":\"pt-PT\",\"@id\":\"https:\\\/\\\/algarve7.pt\\\/index.php\\\/2025\\\/05\\\/algarve-classic-festival-regressa-em-2025-com-nova-energia-e-ambicao-renovada\\\/desporto\\\/09\\\/47\\\/#primaryimage\",\"url\":\"https:\\\/\\\/algarve7.pt\\\/wp-content\\\/uploads\\\/2025\\\/05\\\/Captura-de-ecra-2025-05-14-as-09.45.52.png\",\"contentUrl\":\"https:\\\/\\\/algarve7.pt\\\/wp-content\\\/uploads\\\/2025\\\/05\\\/Captura-de-ecra-2025-05-14-as-09.45.52.png\",\"width\":800,\"height\":500},{\"@type\":\"BreadcrumbList\",\"@id\":\"https:\\\/\\\/algarve7.pt\\\/index.php\\\/2025\\\/05\\\/algarve-classic-festival-regressa-em-2025-com-nova-energia-e-ambicao-renovada\\\/desporto\\\/09\\\/47\\\/#breadcrumb\",\"itemListElement\":[{\"@type\":\"ListItem\",\"position\":1,\"name\":\"In\u00edcio\",\"item\":\"https:\\\/\\\/algarve7.pt\\\/\"},{\"@type\":\"ListItem\",\"position\":2,\"name\":\"Algarve Classic Festival regressa em 2025 com nova energia e ambi\u00e7\u00e3o renovada\"}]},{\"@type\":\"WebSite\",\"@id\":\"https:\\\/\\\/algarve7.pt\\\/#website\",\"url\":\"https:\\\/\\\/algarve7.pt\\\/\",\"name\":\"Algarve 7\",\"description\":\"Informa\u00e7\u00e3o sobre o Algarve\",\"publisher\":{\"@id\":\"https:\\\/\\\/algarve7.pt\\\/#organization\"},\"potentialAction\":[{\"@type\":\"SearchAction\",\"target\":{\"@type\":\"EntryPoint\",\"urlTemplate\":\"https:\\\/\\\/algarve7.pt\\\/?s={search_term_string}\"},\"query-input\":{\"@type\":\"PropertyValueSpecification\",\"valueRequired\":true,\"valueName\":\"search_term_string\"}}],\"inLanguage\":\"pt-PT\"},{\"@type\":\"Organization\",\"@id\":\"https:\\\/\\\/algarve7.pt\\\/#organization\",\"name\":\"Algarve 7\",\"url\":\"https:\\\/\\\/algarve7.pt\\\/\",\"logo\":{\"@type\":\"ImageObject\",\"inLanguage\":\"pt-PT\",\"@id\":\"https:\\\/\\\/algarve7.pt\\\/#\\\/schema\\\/logo\\\/image\\\/\",\"url\":\"https:\\\/\\\/algarve7.pt\\\/wp-content\\\/uploads\\\/2020\\\/10\\\/Logo-8.jpg\",\"contentUrl\":\"https:\\\/\\\/algarve7.pt\\\/wp-content\\\/uploads\\\/2020\\\/10\\\/Logo-8.jpg\",\"width\":1680,\"height\":1186,\"caption\":\"Algarve 7\"},\"image\":{\"@id\":\"https:\\\/\\\/algarve7.pt\\\/#\\\/schema\\\/logo\\\/image\\\/\"},\"sameAs\":[\"https:\\\/\\\/www.facebook.com\\\/algarve7\",\"https:\\\/\\\/x.com\\\/Algarvesete\",\"https:\\\/\\\/www.instagram.com\\\/jornalalgarve7\\\/\",\"https:\\\/\\\/www.linkedin.com\\\/company\\\/algarve7\",\"https:\\\/\\\/www.pinterest.pt\\\/geral0939\\\/_created\\\/\"]},{\"@type\":\"Person\",\"@id\":\"https:\\\/\\\/algarve7.pt\\\/#\\\/schema\\\/person\\\/23fa70681308e7b319a3204bcea45e0c\",\"name\":\"Algarve 7\",\"sameAs\":[\"https:\\\/\\\/algarve7.pt\",\"https:\\\/\\\/www.facebook.com\\\/algarve7\"],\"url\":\"https:\\\/\\\/algarve7.pt\\\/index.php\\\/author\\\/geralalgarve7-pt\\\/\"}]}<\/script>\n<!-- \/ Yoast SEO plugin. -->","yoast_head_json":{"title":"Algarve Classic Festival regressa em 2025 com nova energia e ambi\u00e7\u00e3o renovada - Algarve 7","description":"Algarve Classic Festival regressa em 2025 com nova energia e ambi\u00e7\u00e3o renovada Desporto","robots":{"index":"index","follow":"follow","max-snippet":"max-snippet:-1","max-image-preview":"max-image-preview:large","max-video-preview":"max-video-preview:-1"},"canonical":"https:\/\/algarve7.pt\/index.php\/2025\/05\/algarve-classic-festival-regressa-em-2025-com-nova-energia-e-ambicao-renovada\/desporto\/09\/47\/","og_locale":"pt_PT","og_type":"article","og_title":"Algarve Classic Festival regressa em 2025 com nova energia e ambi\u00e7\u00e3o renovada - Algarve 7","og_description":"Algarve Classic Festival regressa em 2025 com nova energia e ambi\u00e7\u00e3o renovada Desporto","og_url":"https:\/\/algarve7.pt\/index.php\/2025\/05\/algarve-classic-festival-regressa-em-2025-com-nova-energia-e-ambicao-renovada\/desporto\/09\/47\/","og_site_name":"Algarve 7","article_publisher":"https:\/\/www.facebook.com\/algarve7","article_author":"https:\/\/www.facebook.com\/algarve7","article_published_time":"2025-05-15T08:47:08+00:00","og_image":[{"width":800,"height":500,"url":"https:\/\/algarve7.pt\/wp-content\/uploads\/2025\/05\/Captura-de-ecra-2025-05-14-as-09.45.52.png","type":"image\/png"}],"author":"Algarve 7","twitter_card":"summary_large_image","twitter_creator":"@Algarvesete","twitter_site":"@Algarvesete","twitter_misc":{"Escrito por":"Algarve 7","Tempo estimado de leitura":"5 minutos"},"schema":{"@context":"https:\/\/schema.org","@graph":[{"@type":"Article","@id":"https:\/\/algarve7.pt\/index.php\/2025\/05\/algarve-classic-festival-regressa-em-2025-com-nova-energia-e-ambicao-renovada\/desporto\/09\/47\/#article","isPartOf":{"@id":"https:\/\/algarve7.pt\/index.php\/2025\/05\/algarve-classic-festival-regressa-em-2025-com-nova-energia-e-ambicao-renovada\/desporto\/09\/47\/"},"author":{"name":"Algarve 7","@id":"https:\/\/algarve7.pt\/#\/schema\/person\/23fa70681308e7b319a3204bcea45e0c"},"headline":"Algarve Classic Festival regressa em 2025 com nova energia e ambi\u00e7\u00e3o renovada","datePublished":"2025-05-15T08:47:08+00:00","mainEntityOfPage":{"@id":"https:\/\/algarve7.pt\/index.php\/2025\/05\/algarve-classic-festival-regressa-em-2025-com-nova-energia-e-ambicao-renovada\/desporto\/09\/47\/"},"wordCount":839,"publisher":{"@id":"https:\/\/algarve7.pt\/#organization"},"image":{"@id":"https:\/\/algarve7.pt\/index.php\/2025\/05\/algarve-classic-festival-regressa-em-2025-com-nova-energia-e-ambicao-renovada\/desporto\/09\/47\/#primaryimage"},"thumbnailUrl":"https:\/\/algarve7.pt\/wp-content\/uploads\/2025\/05\/Captura-de-ecra-2025-05-14-as-09.45.52.png","keywords":["Algarve","Algarve Classic Festival","Aut\u00f3dromo Internacional do Algarve","Desporto","Portim\u00e3o"],"articleSection":["Desporto"],"inLanguage":"pt-PT"},{"@type":"WebPage","@id":"https:\/\/algarve7.pt\/index.php\/2025\/05\/algarve-classic-festival-regressa-em-2025-com-nova-energia-e-ambicao-renovada\/desporto\/09\/47\/","url":"https:\/\/algarve7.pt\/index.php\/2025\/05\/algarve-classic-festival-regressa-em-2025-com-nova-energia-e-ambicao-renovada\/desporto\/09\/47\/","name":"Algarve Classic Festival regressa em 2025 com nova energia e ambi\u00e7\u00e3o renovada - Algarve 7","isPartOf":{"@id":"https:\/\/algarve7.pt\/#website"},"primaryImageOfPage":{"@id":"https:\/\/algarve7.pt\/index.php\/2025\/05\/algarve-classic-festival-regressa-em-2025-com-nova-energia-e-ambicao-renovada\/desporto\/09\/47\/#primaryimage"},"image":{"@id":"https:\/\/algarve7.pt\/index.php\/2025\/05\/algarve-classic-festival-regressa-em-2025-com-nova-energia-e-ambicao-renovada\/desporto\/09\/47\/#primaryimage"},"thumbnailUrl":"https:\/\/algarve7.pt\/wp-content\/uploads\/2025\/05\/Captura-de-ecra-2025-05-14-as-09.45.52.png","datePublished":"2025-05-15T08:47:08+00:00","description":"Algarve Classic Festival regressa em 2025 com nova energia e ambi\u00e7\u00e3o renovada Desporto","breadcrumb":{"@id":"https:\/\/algarve7.pt\/index.php\/2025\/05\/algarve-classic-festival-regressa-em-2025-com-nova-energia-e-ambicao-renovada\/desporto\/09\/47\/#breadcrumb"},"inLanguage":"pt-PT","potentialAction":[{"@type":"ReadAction","target":["https:\/\/algarve7.pt\/index.php\/2025\/05\/algarve-classic-festival-regressa-em-2025-com-nova-energia-e-ambicao-renovada\/desporto\/09\/47\/"]}]},{"@type":"ImageObject","inLanguage":"pt-PT","@id":"https:\/\/algarve7.pt\/index.php\/2025\/05\/algarve-classic-festival-regressa-em-2025-com-nova-energia-e-ambicao-renovada\/desporto\/09\/47\/#primaryimage","url":"https:\/\/algarve7.pt\/wp-content\/uploads\/2025\/05\/Captura-de-ecra-2025-05-14-as-09.45.52.png","contentUrl":"https:\/\/algarve7.pt\/wp-content\/uploads\/2025\/05\/Captura-de-ecra-2025-05-14-as-09.45.52.png","width":800,"height":500},{"@type":"BreadcrumbList","@id":"https:\/\/algarve7.pt\/index.php\/2025\/05\/algarve-classic-festival-regressa-em-2025-com-nova-energia-e-ambicao-renovada\/desporto\/09\/47\/#breadcrumb","itemListElement":[{"@type":"ListItem","position":1,"name":"In\u00edcio","item":"https:\/\/algarve7.pt\/"},{"@type":"ListItem","position":2,"name":"Algarve Classic Festival regressa em 2025 com nova energia e ambi\u00e7\u00e3o renovada"}]},{"@type":"WebSite","@id":"https:\/\/algarve7.pt\/#website","url":"https:\/\/algarve7.pt\/","name":"Algarve 7","description":"Informa\u00e7\u00e3o sobre o Algarve","publisher":{"@id":"https:\/\/algarve7.pt\/#organization"},"potentialAction":[{"@type":"SearchAction","target":{"@type":"EntryPoint","urlTemplate":"https:\/\/algarve7.pt\/?s={search_term_string}"},"query-input":{"@type":"PropertyValueSpecification","valueRequired":true,"valueName":"search_term_string"}}],"inLanguage":"pt-PT"},{"@type":"Organization","@id":"https:\/\/algarve7.pt\/#organization","name":"Algarve 7","url":"https:\/\/algarve7.pt\/","logo":{"@type":"ImageObject","inLanguage":"pt-PT","@id":"https:\/\/algarve7.pt\/#\/schema\/logo\/image\/","url":"https:\/\/algarve7.pt\/wp-content\/uploads\/2020\/10\/Logo-8.jpg","contentUrl":"https:\/\/algarve7.pt\/wp-content\/uploads\/2020\/10\/Logo-8.jpg","width":1680,"height":1186,"caption":"Algarve 7"},"image":{"@id":"https:\/\/algarve7.pt\/#\/schema\/logo\/image\/"},"sameAs":["https:\/\/www.facebook.com\/algarve7","https:\/\/x.com\/Algarvesete","https:\/\/www.instagram.com\/jornalalgarve7\/","https:\/\/www.linkedin.com\/company\/algarve7","https:\/\/www.pinterest.pt\/geral0939\/_created\/"]},{"@type":"Person","@id":"https:\/\/algarve7.pt\/#\/schema\/person\/23fa70681308e7b319a3204bcea45e0c","name":"Algarve 7","sameAs":["https:\/\/algarve7.pt","https:\/\/www.facebook.com\/algarve7"],"url":"https:\/\/algarve7.pt\/index.php\/author\/geralalgarve7-pt\/"}]}},"jetpack_publicize_connections":[],"jetpack_featured_media_url":"https:\/\/algarve7.pt\/wp-content\/uploads\/2025\/05\/Captura-de-ecra-2025-05-14-as-09.45.52.png","jetpack_shortlink":"https:\/\/wp.me\/pcezmW-d66","jetpack_sharing_enabled":true,"_links":{"self":[{"href":"https:\/\/algarve7.pt\/index.php\/wp-json\/wp\/v2\/posts\/50350","targetHints":{"allow":["GET"]}}],"collection":[{"href":"https:\/\/algarve7.pt\/index.php\/wp-json\/wp\/v2\/posts"}],"about":[{"href":"https:\/\/algarve7.pt\/index.php\/wp-json\/wp\/v2\/types\/post"}],"author":[{"embeddable":true,"href":"https:\/\/algarve7.pt\/index.php\/wp-json\/wp\/v2\/users\/1"}],"replies":[{"embeddable":true,"href":"https:\/\/algarve7.pt\/index.php\/wp-json\/wp\/v2\/comments?post=50350"}],"version-history":[{"count":0,"href":"https:\/\/algarve7.pt\/index.php\/wp-json\/wp\/v2\/posts\/50350\/revisions"}],"wp:featuredmedia":[{"embeddable":true,"href":"https:\/\/algarve7.pt\/index.php\/wp-json\/wp\/v2\/media\/50351"}],"wp:attachment":[{"href":"https:\/\/algarve7.pt\/index.php\/wp-json\/wp\/v2\/media?parent=50350"}],"wp:term":[{"taxonomy":"category","embeddable":true,"href":"https:\/\/algarve7.pt\/index.php\/wp-json\/wp\/v2\/categories?post=50350"},{"taxonomy":"post_tag","embeddable":true,"href":"https:\/\/algarve7.pt\/index.php\/wp-json\/wp\/v2\/tags?post=50350"}],"curies":[{"name":"wp","href":"https:\/\/api.w.org\/{rel}","templated":true}]}}