{"id":50325,"date":"2025-05-14T10:35:00","date_gmt":"2025-05-14T09:35:00","guid":{"rendered":"https:\/\/algarve7.pt\/?p=50325"},"modified":"2025-05-13T19:06:47","modified_gmt":"2025-05-13T18:06:47","slug":"uls-algarve-promove-campanha-de-vagas-para-contratacao-de-medicos","status":"publish","type":"post","link":"https:\/\/algarve7.pt\/index.php\/2025\/05\/uls-algarve-promove-campanha-de-vagas-para-contratacao-de-medicos\/saude\/10\/35\/","title":{"rendered":"ULS Algarve promove campanha de vagas para contrata\u00e7\u00e3o de m\u00e9dicos"},"content":{"rendered":"\n<p>A Unidade Local de Sa\u00fade (ULS) do Algarve levou a cabo uma extensa campanha de promo\u00e7\u00e3o das vagas para contrata\u00e7\u00e3o de m\u00e9dicos 2025. A campanha passa por promover o Algarve como o lugar ideal para iniciar e desenvolver uma carreira profissional na \u00e1rea da Sa\u00fade, bem como uma regi\u00e3o atrativa para viver.<\/p>\n\n\n\n<p>Para o efeito foi produzido um v\u00eddeo exclusivo com a participa\u00e7\u00e3o de duas jovens m\u00e9dicas que ir\u00e3o concorrer \u00e0s vagas oferecidas pela ULS Algarve.<\/p>\n\n\n\n<p>A este prop\u00f3sito, o Conselho de Administra\u00e7\u00e3o da ULS Algarve congratula-se com a atribui\u00e7\u00e3o, por parte do Minist\u00e9rio da Sa\u00fade, de 113 vagas para o recrutamento de m\u00e9dicos especialistas para os hospitais e centros de sa\u00fade algarvios, 28 das quais com incentivos financeiros \u00e0 contrata\u00e7\u00e3o para especialidades mais carenciadas.<\/p>\n\n\n\n<p>Estas vagas disponibilizadas representam o reconhecimento da especificidade da regi\u00e3o Algarvia, a qual garante cuidados de sa\u00fade \u00e0 popula\u00e7\u00e3o residente e a todos os visitantes que procuram esta regi\u00e3o tur\u00edstica, que se encontra a mais de 300 quil\u00f3metros dos hospitais de refer\u00eancia.<\/p>\n\n\n\n<p>\u201cCaso as vagas sejam totalmente preenchidas, este concurso permitir\u00e1 dotar os hospitais p\u00fablicos e centros de sa\u00fade algarvios com mais m\u00e9dicos, atribuindo m\u00e9dico de fam\u00edlia a quase 100% da popula\u00e7\u00e3o e resolvendo assim os principais constrangimentos sentidos em v\u00e1rias especialidades, no que respeita a recursos humanos m\u00e9dicos\u201d, refere o Presidente do Conselho de Administra\u00e7\u00e3o, Tiago Botelho.<\/p>\n\n\n\n<p>Para al\u00e9m do n\u00famero total de vagas (74 para os Cuidados de Sa\u00fade Hospitalares, 34 para os Cuidados de Sa\u00fade Prim\u00e1rios e 5 para Sa\u00fade P\u00fablica), o concurso garante ainda uma discrimina\u00e7\u00e3o positiva para a Unidade Local de Sa\u00fade do Algarve atribuindo, no contexto nacional dos hospitais, 28 vagas com incentivos financeiros para a contrata\u00e7\u00e3o em especialidades carenciadas, como \u00e9 o caso da Angiologia e Cirurgia Vascular, Cirurgia Geral, Dermatovenerologia, Gastrenterologia, Ginecologia\/Obstetr\u00edcia, Medicina F\u00edsica e Reabilita\u00e7\u00e3o, Medicina Intensiva, Medicina Interna, Nefrologia, Neurocirurgia, Oftalmologia, Oncologia M\u00e9dica, Ortopedia, Otorrinolaringologia, Pediatria, Psiquiatria, Psiquiatria da Inf\u00e2ncia e do Adolescente, Urologia e Sa\u00fade P\u00fablica.<\/p>\n\n\n\n<p>Para a ULS Algarve este concurso representa uma grande oportunidade para atrair e fixar novos m\u00e9dicos especialistas nos hospitais algarvios que, atualmente e devido ao facto de estarem integrados numa unidade local de sa\u00fade de cariz universit\u00e1rio, passam a ter oportunidade de seguir carreira n\u00e3o s\u00f3 na \u00e1rea da Sa\u00fade, mas tamb\u00e9m no Ensino e na Investiga\u00e7\u00e3o.<\/p>\n","protected":false},"excerpt":{"rendered":"<p>A Unidade Local de Sa\u00fade (ULS) do Algarve levou a cabo uma extensa campanha de promo\u00e7\u00e3o das vagas para contrata\u00e7\u00e3o<\/p>\n","protected":false},"author":1,"featured_media":49811,"comment_status":"closed","ping_status":"closed","sticky":false,"template":"","format":"standard","meta":{"colormag_page_container_layout":"default_layout","colormag_page_sidebar_layout":"default_layout","_monsterinsights_skip_tracking":false,"_monsterinsights_sitenote_active":false,"_monsterinsights_sitenote_note":"","_monsterinsights_sitenote_category":0,"jetpack_post_was_ever_published":false,"_jetpack_newsletter_access":"","_jetpack_dont_email_post_to_subs":false,"_jetpack_newsletter_tier_id":0,"_jetpack_memberships_contains_paywalled_content":false,"_jetpack_memberships_contains_paid_content":false,"footnotes":"","jetpack_publicize_message":"","jetpack_publicize_feature_enabled":true,"jetpack_social_post_already_shared":true,"jetpack_social_options":{"image_generator_settings":{"template":"highway","default_image_id":0,"font":"","enabled":false},"version":2}},"categories":[59],"tags":[36,58],"class_list":["post-50325","post","type-post","status-publish","format-standard","has-post-thumbnail","hentry","category-saude","tag-algarve","tag-saude"],"yoast_head":"<!-- This site is optimized with the Yoast SEO plugin v27.4 - https:\/\/yoast.com\/product\/yoast-seo-wordpress\/ -->\n<title>ULS Algarve promove campanha de vagas para contrata\u00e7\u00e3o de m\u00e9dicos - Algarve 7<\/title>\n<meta name=\"description\" content=\"ULS Algarve promove campanha de vagas para contrata\u00e7\u00e3o de m\u00e9dicos Sa\u00fade\" \/>\n<meta name=\"robots\" content=\"index, follow, max-snippet:-1, max-image-preview:large, max-video-preview:-1\" \/>\n<link rel=\"canonical\" href=\"https:\/\/algarve7.pt\/index.php\/2025\/05\/uls-algarve-promove-campanha-de-vagas-para-contratacao-de-medicos\/saude\/10\/35\/\" \/>\n<meta property=\"og:locale\" content=\"pt_PT\" \/>\n<meta property=\"og:type\" content=\"article\" \/>\n<meta property=\"og:title\" content=\"ULS Algarve promove campanha de vagas para contrata\u00e7\u00e3o de m\u00e9dicos - Algarve 7\" \/>\n<meta property=\"og:description\" content=\"ULS Algarve promove campanha de vagas para contrata\u00e7\u00e3o de m\u00e9dicos Sa\u00fade\" \/>\n<meta property=\"og:url\" content=\"https:\/\/algarve7.pt\/index.php\/2025\/05\/uls-algarve-promove-campanha-de-vagas-para-contratacao-de-medicos\/saude\/10\/35\/\" \/>\n<meta property=\"og:site_name\" content=\"Algarve 7\" \/>\n<meta property=\"article:publisher\" content=\"https:\/\/www.facebook.com\/algarve7\" \/>\n<meta property=\"article:author\" content=\"https:\/\/www.facebook.com\/algarve7\" \/>\n<meta property=\"article:published_time\" content=\"2025-05-14T09:35:00+00:00\" \/>\n<meta property=\"og:image\" content=\"https:\/\/algarve7.pt\/wp-content\/uploads\/2025\/04\/uls-alg.jpg\" \/>\n\t<meta property=\"og:image:width\" content=\"800\" \/>\n\t<meta property=\"og:image:height\" content=\"500\" \/>\n\t<meta property=\"og:image:type\" content=\"image\/jpeg\" \/>\n<meta name=\"author\" content=\"Algarve 7\" \/>\n<meta name=\"twitter:card\" content=\"summary_large_image\" \/>\n<meta name=\"twitter:creator\" content=\"@Algarvesete\" \/>\n<meta name=\"twitter:site\" content=\"@Algarvesete\" \/>\n<meta name=\"twitter:label1\" content=\"Escrito por\" \/>\n\t<meta name=\"twitter:data1\" content=\"Algarve 7\" \/>\n\t<meta name=\"twitter:label2\" content=\"Tempo estimado de leitura\" \/>\n\t<meta name=\"twitter:data2\" content=\"3 minutos\" \/>\n<script type=\"application\/ld+json\" class=\"yoast-schema-graph\">{\"@context\":\"https:\\\/\\\/schema.org\",\"@graph\":[{\"@type\":\"Article\",\"@id\":\"https:\\\/\\\/algarve7.pt\\\/index.php\\\/2025\\\/05\\\/uls-algarve-promove-campanha-de-vagas-para-contratacao-de-medicos\\\/saude\\\/10\\\/35\\\/#article\",\"isPartOf\":{\"@id\":\"https:\\\/\\\/algarve7.pt\\\/index.php\\\/2025\\\/05\\\/uls-algarve-promove-campanha-de-vagas-para-contratacao-de-medicos\\\/saude\\\/10\\\/35\\\/\"},\"author\":{\"name\":\"Algarve 7\",\"@id\":\"https:\\\/\\\/algarve7.pt\\\/#\\\/schema\\\/person\\\/23fa70681308e7b319a3204bcea45e0c\"},\"headline\":\"ULS Algarve promove campanha de vagas para contrata\u00e7\u00e3o de m\u00e9dicos\",\"datePublished\":\"2025-05-14T09:35:00+00:00\",\"mainEntityOfPage\":{\"@id\":\"https:\\\/\\\/algarve7.pt\\\/index.php\\\/2025\\\/05\\\/uls-algarve-promove-campanha-de-vagas-para-contratacao-de-medicos\\\/saude\\\/10\\\/35\\\/\"},\"wordCount\":438,\"publisher\":{\"@id\":\"https:\\\/\\\/algarve7.pt\\\/#organization\"},\"image\":{\"@id\":\"https:\\\/\\\/algarve7.pt\\\/index.php\\\/2025\\\/05\\\/uls-algarve-promove-campanha-de-vagas-para-contratacao-de-medicos\\\/saude\\\/10\\\/35\\\/#primaryimage\"},\"thumbnailUrl\":\"https:\\\/\\\/algarve7.pt\\\/wp-content\\\/uploads\\\/2025\\\/04\\\/uls-alg.jpg\",\"keywords\":[\"Algarve\",\"Sa\u00fade\"],\"articleSection\":[\"Sa\u00fade\"],\"inLanguage\":\"pt-PT\"},{\"@type\":\"WebPage\",\"@id\":\"https:\\\/\\\/algarve7.pt\\\/index.php\\\/2025\\\/05\\\/uls-algarve-promove-campanha-de-vagas-para-contratacao-de-medicos\\\/saude\\\/10\\\/35\\\/\",\"url\":\"https:\\\/\\\/algarve7.pt\\\/index.php\\\/2025\\\/05\\\/uls-algarve-promove-campanha-de-vagas-para-contratacao-de-medicos\\\/saude\\\/10\\\/35\\\/\",\"name\":\"ULS Algarve promove campanha de vagas para contrata\u00e7\u00e3o de m\u00e9dicos - Algarve 7\",\"isPartOf\":{\"@id\":\"https:\\\/\\\/algarve7.pt\\\/#website\"},\"primaryImageOfPage\":{\"@id\":\"https:\\\/\\\/algarve7.pt\\\/index.php\\\/2025\\\/05\\\/uls-algarve-promove-campanha-de-vagas-para-contratacao-de-medicos\\\/saude\\\/10\\\/35\\\/#primaryimage\"},\"image\":{\"@id\":\"https:\\\/\\\/algarve7.pt\\\/index.php\\\/2025\\\/05\\\/uls-algarve-promove-campanha-de-vagas-para-contratacao-de-medicos\\\/saude\\\/10\\\/35\\\/#primaryimage\"},\"thumbnailUrl\":\"https:\\\/\\\/algarve7.pt\\\/wp-content\\\/uploads\\\/2025\\\/04\\\/uls-alg.jpg\",\"datePublished\":\"2025-05-14T09:35:00+00:00\",\"description\":\"ULS Algarve promove campanha de vagas para contrata\u00e7\u00e3o de m\u00e9dicos Sa\u00fade\",\"breadcrumb\":{\"@id\":\"https:\\\/\\\/algarve7.pt\\\/index.php\\\/2025\\\/05\\\/uls-algarve-promove-campanha-de-vagas-para-contratacao-de-medicos\\\/saude\\\/10\\\/35\\\/#breadcrumb\"},\"inLanguage\":\"pt-PT\",\"potentialAction\":[{\"@type\":\"ReadAction\",\"target\":[\"https:\\\/\\\/algarve7.pt\\\/index.php\\\/2025\\\/05\\\/uls-algarve-promove-campanha-de-vagas-para-contratacao-de-medicos\\\/saude\\\/10\\\/35\\\/\"]}]},{\"@type\":\"ImageObject\",\"inLanguage\":\"pt-PT\",\"@id\":\"https:\\\/\\\/algarve7.pt\\\/index.php\\\/2025\\\/05\\\/uls-algarve-promove-campanha-de-vagas-para-contratacao-de-medicos\\\/saude\\\/10\\\/35\\\/#primaryimage\",\"url\":\"https:\\\/\\\/algarve7.pt\\\/wp-content\\\/uploads\\\/2025\\\/04\\\/uls-alg.jpg\",\"contentUrl\":\"https:\\\/\\\/algarve7.pt\\\/wp-content\\\/uploads\\\/2025\\\/04\\\/uls-alg.jpg\",\"width\":800,\"height\":500},{\"@type\":\"BreadcrumbList\",\"@id\":\"https:\\\/\\\/algarve7.pt\\\/index.php\\\/2025\\\/05\\\/uls-algarve-promove-campanha-de-vagas-para-contratacao-de-medicos\\\/saude\\\/10\\\/35\\\/#breadcrumb\",\"itemListElement\":[{\"@type\":\"ListItem\",\"position\":1,\"name\":\"In\u00edcio\",\"item\":\"https:\\\/\\\/algarve7.pt\\\/\"},{\"@type\":\"ListItem\",\"position\":2,\"name\":\"ULS Algarve promove campanha de vagas para contrata\u00e7\u00e3o de m\u00e9dicos\"}]},{\"@type\":\"WebSite\",\"@id\":\"https:\\\/\\\/algarve7.pt\\\/#website\",\"url\":\"https:\\\/\\\/algarve7.pt\\\/\",\"name\":\"Algarve 7\",\"description\":\"Informa\u00e7\u00e3o sobre o Algarve\",\"publisher\":{\"@id\":\"https:\\\/\\\/algarve7.pt\\\/#organization\"},\"potentialAction\":[{\"@type\":\"SearchAction\",\"target\":{\"@type\":\"EntryPoint\",\"urlTemplate\":\"https:\\\/\\\/algarve7.pt\\\/?s={search_term_string}\"},\"query-input\":{\"@type\":\"PropertyValueSpecification\",\"valueRequired\":true,\"valueName\":\"search_term_string\"}}],\"inLanguage\":\"pt-PT\"},{\"@type\":\"Organization\",\"@id\":\"https:\\\/\\\/algarve7.pt\\\/#organization\",\"name\":\"Algarve 7\",\"url\":\"https:\\\/\\\/algarve7.pt\\\/\",\"logo\":{\"@type\":\"ImageObject\",\"inLanguage\":\"pt-PT\",\"@id\":\"https:\\\/\\\/algarve7.pt\\\/#\\\/schema\\\/logo\\\/image\\\/\",\"url\":\"https:\\\/\\\/algarve7.pt\\\/wp-content\\\/uploads\\\/2020\\\/10\\\/Logo-8.jpg\",\"contentUrl\":\"https:\\\/\\\/algarve7.pt\\\/wp-content\\\/uploads\\\/2020\\\/10\\\/Logo-8.jpg\",\"width\":1680,\"height\":1186,\"caption\":\"Algarve 7\"},\"image\":{\"@id\":\"https:\\\/\\\/algarve7.pt\\\/#\\\/schema\\\/logo\\\/image\\\/\"},\"sameAs\":[\"https:\\\/\\\/www.facebook.com\\\/algarve7\",\"https:\\\/\\\/x.com\\\/Algarvesete\",\"https:\\\/\\\/www.instagram.com\\\/jornalalgarve7\\\/\",\"https:\\\/\\\/www.linkedin.com\\\/company\\\/algarve7\",\"https:\\\/\\\/www.pinterest.pt\\\/geral0939\\\/_created\\\/\"]},{\"@type\":\"Person\",\"@id\":\"https:\\\/\\\/algarve7.pt\\\/#\\\/schema\\\/person\\\/23fa70681308e7b319a3204bcea45e0c\",\"name\":\"Algarve 7\",\"sameAs\":[\"https:\\\/\\\/algarve7.pt\",\"https:\\\/\\\/www.facebook.com\\\/algarve7\"],\"url\":\"https:\\\/\\\/algarve7.pt\\\/index.php\\\/author\\\/geralalgarve7-pt\\\/\"}]}<\/script>\n<!-- \/ Yoast SEO plugin. -->","yoast_head_json":{"title":"ULS Algarve promove campanha de vagas para contrata\u00e7\u00e3o de m\u00e9dicos - Algarve 7","description":"ULS Algarve promove campanha de vagas para contrata\u00e7\u00e3o de m\u00e9dicos Sa\u00fade","robots":{"index":"index","follow":"follow","max-snippet":"max-snippet:-1","max-image-preview":"max-image-preview:large","max-video-preview":"max-video-preview:-1"},"canonical":"https:\/\/algarve7.pt\/index.php\/2025\/05\/uls-algarve-promove-campanha-de-vagas-para-contratacao-de-medicos\/saude\/10\/35\/","og_locale":"pt_PT","og_type":"article","og_title":"ULS Algarve promove campanha de vagas para contrata\u00e7\u00e3o de m\u00e9dicos - Algarve 7","og_description":"ULS Algarve promove campanha de vagas para contrata\u00e7\u00e3o de m\u00e9dicos Sa\u00fade","og_url":"https:\/\/algarve7.pt\/index.php\/2025\/05\/uls-algarve-promove-campanha-de-vagas-para-contratacao-de-medicos\/saude\/10\/35\/","og_site_name":"Algarve 7","article_publisher":"https:\/\/www.facebook.com\/algarve7","article_author":"https:\/\/www.facebook.com\/algarve7","article_published_time":"2025-05-14T09:35:00+00:00","og_image":[{"width":800,"height":500,"url":"https:\/\/algarve7.pt\/wp-content\/uploads\/2025\/04\/uls-alg.jpg","type":"image\/jpeg"}],"author":"Algarve 7","twitter_card":"summary_large_image","twitter_creator":"@Algarvesete","twitter_site":"@Algarvesete","twitter_misc":{"Escrito por":"Algarve 7","Tempo estimado de leitura":"3 minutos"},"schema":{"@context":"https:\/\/schema.org","@graph":[{"@type":"Article","@id":"https:\/\/algarve7.pt\/index.php\/2025\/05\/uls-algarve-promove-campanha-de-vagas-para-contratacao-de-medicos\/saude\/10\/35\/#article","isPartOf":{"@id":"https:\/\/algarve7.pt\/index.php\/2025\/05\/uls-algarve-promove-campanha-de-vagas-para-contratacao-de-medicos\/saude\/10\/35\/"},"author":{"name":"Algarve 7","@id":"https:\/\/algarve7.pt\/#\/schema\/person\/23fa70681308e7b319a3204bcea45e0c"},"headline":"ULS Algarve promove campanha de vagas para contrata\u00e7\u00e3o de m\u00e9dicos","datePublished":"2025-05-14T09:35:00+00:00","mainEntityOfPage":{"@id":"https:\/\/algarve7.pt\/index.php\/2025\/05\/uls-algarve-promove-campanha-de-vagas-para-contratacao-de-medicos\/saude\/10\/35\/"},"wordCount":438,"publisher":{"@id":"https:\/\/algarve7.pt\/#organization"},"image":{"@id":"https:\/\/algarve7.pt\/index.php\/2025\/05\/uls-algarve-promove-campanha-de-vagas-para-contratacao-de-medicos\/saude\/10\/35\/#primaryimage"},"thumbnailUrl":"https:\/\/algarve7.pt\/wp-content\/uploads\/2025\/04\/uls-alg.jpg","keywords":["Algarve","Sa\u00fade"],"articleSection":["Sa\u00fade"],"inLanguage":"pt-PT"},{"@type":"WebPage","@id":"https:\/\/algarve7.pt\/index.php\/2025\/05\/uls-algarve-promove-campanha-de-vagas-para-contratacao-de-medicos\/saude\/10\/35\/","url":"https:\/\/algarve7.pt\/index.php\/2025\/05\/uls-algarve-promove-campanha-de-vagas-para-contratacao-de-medicos\/saude\/10\/35\/","name":"ULS Algarve promove campanha de vagas para contrata\u00e7\u00e3o de m\u00e9dicos - Algarve 7","isPartOf":{"@id":"https:\/\/algarve7.pt\/#website"},"primaryImageOfPage":{"@id":"https:\/\/algarve7.pt\/index.php\/2025\/05\/uls-algarve-promove-campanha-de-vagas-para-contratacao-de-medicos\/saude\/10\/35\/#primaryimage"},"image":{"@id":"https:\/\/algarve7.pt\/index.php\/2025\/05\/uls-algarve-promove-campanha-de-vagas-para-contratacao-de-medicos\/saude\/10\/35\/#primaryimage"},"thumbnailUrl":"https:\/\/algarve7.pt\/wp-content\/uploads\/2025\/04\/uls-alg.jpg","datePublished":"2025-05-14T09:35:00+00:00","description":"ULS Algarve promove campanha de vagas para contrata\u00e7\u00e3o de m\u00e9dicos Sa\u00fade","breadcrumb":{"@id":"https:\/\/algarve7.pt\/index.php\/2025\/05\/uls-algarve-promove-campanha-de-vagas-para-contratacao-de-medicos\/saude\/10\/35\/#breadcrumb"},"inLanguage":"pt-PT","potentialAction":[{"@type":"ReadAction","target":["https:\/\/algarve7.pt\/index.php\/2025\/05\/uls-algarve-promove-campanha-de-vagas-para-contratacao-de-medicos\/saude\/10\/35\/"]}]},{"@type":"ImageObject","inLanguage":"pt-PT","@id":"https:\/\/algarve7.pt\/index.php\/2025\/05\/uls-algarve-promove-campanha-de-vagas-para-contratacao-de-medicos\/saude\/10\/35\/#primaryimage","url":"https:\/\/algarve7.pt\/wp-content\/uploads\/2025\/04\/uls-alg.jpg","contentUrl":"https:\/\/algarve7.pt\/wp-content\/uploads\/2025\/04\/uls-alg.jpg","width":800,"height":500},{"@type":"BreadcrumbList","@id":"https:\/\/algarve7.pt\/index.php\/2025\/05\/uls-algarve-promove-campanha-de-vagas-para-contratacao-de-medicos\/saude\/10\/35\/#breadcrumb","itemListElement":[{"@type":"ListItem","position":1,"name":"In\u00edcio","item":"https:\/\/algarve7.pt\/"},{"@type":"ListItem","position":2,"name":"ULS Algarve promove campanha de vagas para contrata\u00e7\u00e3o de m\u00e9dicos"}]},{"@type":"WebSite","@id":"https:\/\/algarve7.pt\/#website","url":"https:\/\/algarve7.pt\/","name":"Algarve 7","description":"Informa\u00e7\u00e3o sobre o Algarve","publisher":{"@id":"https:\/\/algarve7.pt\/#organization"},"potentialAction":[{"@type":"SearchAction","target":{"@type":"EntryPoint","urlTemplate":"https:\/\/algarve7.pt\/?s={search_term_string}"},"query-input":{"@type":"PropertyValueSpecification","valueRequired":true,"valueName":"search_term_string"}}],"inLanguage":"pt-PT"},{"@type":"Organization","@id":"https:\/\/algarve7.pt\/#organization","name":"Algarve 7","url":"https:\/\/algarve7.pt\/","logo":{"@type":"ImageObject","inLanguage":"pt-PT","@id":"https:\/\/algarve7.pt\/#\/schema\/logo\/image\/","url":"https:\/\/algarve7.pt\/wp-content\/uploads\/2020\/10\/Logo-8.jpg","contentUrl":"https:\/\/algarve7.pt\/wp-content\/uploads\/2020\/10\/Logo-8.jpg","width":1680,"height":1186,"caption":"Algarve 7"},"image":{"@id":"https:\/\/algarve7.pt\/#\/schema\/logo\/image\/"},"sameAs":["https:\/\/www.facebook.com\/algarve7","https:\/\/x.com\/Algarvesete","https:\/\/www.instagram.com\/jornalalgarve7\/","https:\/\/www.linkedin.com\/company\/algarve7","https:\/\/www.pinterest.pt\/geral0939\/_created\/"]},{"@type":"Person","@id":"https:\/\/algarve7.pt\/#\/schema\/person\/23fa70681308e7b319a3204bcea45e0c","name":"Algarve 7","sameAs":["https:\/\/algarve7.pt","https:\/\/www.facebook.com\/algarve7"],"url":"https:\/\/algarve7.pt\/index.php\/author\/geralalgarve7-pt\/"}]}},"jetpack_publicize_connections":[],"jetpack_featured_media_url":"https:\/\/algarve7.pt\/wp-content\/uploads\/2025\/04\/uls-alg.jpg","jetpack_shortlink":"https:\/\/wp.me\/pcezmW-d5H","jetpack_sharing_enabled":true,"_links":{"self":[{"href":"https:\/\/algarve7.pt\/index.php\/wp-json\/wp\/v2\/posts\/50325","targetHints":{"allow":["GET"]}}],"collection":[{"href":"https:\/\/algarve7.pt\/index.php\/wp-json\/wp\/v2\/posts"}],"about":[{"href":"https:\/\/algarve7.pt\/index.php\/wp-json\/wp\/v2\/types\/post"}],"author":[{"embeddable":true,"href":"https:\/\/algarve7.pt\/index.php\/wp-json\/wp\/v2\/users\/1"}],"replies":[{"embeddable":true,"href":"https:\/\/algarve7.pt\/index.php\/wp-json\/wp\/v2\/comments?post=50325"}],"version-history":[{"count":0,"href":"https:\/\/algarve7.pt\/index.php\/wp-json\/wp\/v2\/posts\/50325\/revisions"}],"wp:featuredmedia":[{"embeddable":true,"href":"https:\/\/algarve7.pt\/index.php\/wp-json\/wp\/v2\/media\/49811"}],"wp:attachment":[{"href":"https:\/\/algarve7.pt\/index.php\/wp-json\/wp\/v2\/media?parent=50325"}],"wp:term":[{"taxonomy":"category","embeddable":true,"href":"https:\/\/algarve7.pt\/index.php\/wp-json\/wp\/v2\/categories?post=50325"},{"taxonomy":"post_tag","embeddable":true,"href":"https:\/\/algarve7.pt\/index.php\/wp-json\/wp\/v2\/tags?post=50325"}],"curies":[{"name":"wp","href":"https:\/\/api.w.org\/{rel}","templated":true}]}}