{"id":50312,"date":"2025-05-15T08:35:00","date_gmt":"2025-05-15T07:35:00","guid":{"rendered":"https:\/\/algarve7.pt\/?p=50312"},"modified":"2025-05-13T14:59:25","modified_gmt":"2025-05-13T13:59:25","slug":"agua-monchique-angaria-mais-de-65-mil-euros-na-campanha-agua-por-uma-causa","status":"publish","type":"post","link":"https:\/\/algarve7.pt\/index.php\/2025\/05\/agua-monchique-angaria-mais-de-65-mil-euros-na-campanha-agua-por-uma-causa\/atualidade\/08\/35\/","title":{"rendered":"\u00c1gua Monchique angaria mais de 65 mil euros na campanha \u201c\u00c1gua Por Uma Causa\u201d"},"content":{"rendered":"\n<p>A \u00c1gua Monchique terminou a campanha \u201c\u00c1gua Por Uma Causa\u201d com a angaria\u00e7\u00e3o de 65.225,00 euros, valor integralmente doado a tr\u00eas institui\u00e7\u00f5es portuguesas que desenvolvem trabalho essencial nas \u00e1reas da sa\u00fade, apoio \u00e0 inf\u00e2ncia e bem-estar emocional \u2014 Kastelo, Palha\u00e7os d\u2019Opital e Acreditar.<\/p>\n\n\n\n<p>Concebida a partir de uma edi\u00e7\u00e3o especial do EcoPack Monchique \u2014 com vers\u00f5es dedicadas a cada uma das institui\u00e7\u00f5es apoiadas \u2014, a campanha, que esteve ativa durante cerca de seis meses, procurou mobilizar os consumidores para uma a\u00e7\u00e3o com impacto real. Por cada unidade adquirida, 0,25\u20ac revertiam para a causa associada, permitindo uma escolha consciente e um gesto solid\u00e1rio ao alcance de todos.<\/p>\n\n\n\n<p>As tr\u00eas institui\u00e7\u00f5es apoiadas e os montantes atribu\u00eddos foram:<\/p>\n\n\n\n<p><strong>Kastelo (21.859,50\u20ac)<\/strong>&nbsp;\u2013 um ref\u00fagio de amor e cuidado para crian\u00e7as e jovens que necessitam de cuidados m\u00e9dicos prolongados, oferecendo-lhes um ambiente seguro e acompanhamento especializado.<\/p>\n\n\n\n<p><strong>Palha\u00e7os d\u2019Opital (21.655,25\u20ac<\/strong>) \u2013 mensageiros de sorrisos que levam leveza e alegria a idosos hospitalizados, tornando os seus dias mais humanos e coloridos.<\/p>\n\n\n\n<p><strong>Acreditar \u2013 Associa\u00e7\u00e3o de Pais e Amigos de Crian\u00e7as com Cancro (21.710,25\u20ac)<\/strong>&nbsp;\u2013 uma verdadeira fam\u00edlia de apoio para crian\u00e7as e jovens que enfrentam ou enfrentaram o cancro, garantindo-lhes for\u00e7a, esperan\u00e7a e suporte num momento de incerteza.<\/p>\n\n\n\n<p>\u201cCom a campanha \u2018\u00c1gua Por Uma Causa\u2019, refor\u00e7\u00e1mos o nosso prop\u00f3sito de cuidar \u2014 das pessoas, da sociedade e do planeta. O envolvimento das fam\u00edlias portuguesas foi fundamental para este sucesso coletivo. Cada EcoPack vendido representou mais do que um produto: foi um gesto de empatia, solidariedade e responsabilidade\u201d, afirma V\u00edtor Hugo Gon\u00e7alves, CEO da \u00c1gua Monchique.<\/p>\n\n\n\n<p><strong>Sustentabilidade social e ambiental<\/strong><\/p>\n\n\n\n<p>Para al\u00e9m do impacto social direto, a campanha incentivou tamb\u00e9m pr\u00e1ticas de consumo mais conscientes. O EcoPack Monchique \u00e9 uma embalagem mais sustent\u00e1vel \u2014 cont\u00e9m menos 63% de pl\u00e1stico PET, \u00e9 100% recicl\u00e1vel, mais pr\u00e1tico e f\u00e1cil de transportar e \u00e9 ideal para refill \u2014 contribuindo para a redu\u00e7\u00e3o do desperd\u00edcio e para a minimiza\u00e7\u00e3o da pegada ecol\u00f3gica.<\/p>\n\n\n\n<p>Esta iniciativa integra-se na estrat\u00e9gia de sustentabilidade e impacto social da \u00c1gua Monchique, que se afirma cada vez mais como uma marca com prop\u00f3sito, capaz de gerar valor partilhado e de contribuir ativamente para a transforma\u00e7\u00e3o positiva das comunidades onde est\u00e1 presente.<\/p>\n\n\n\n<p>\u201c\u00c1gua Por Uma Causa\u201d \u00e9 o reflexo de um compromisso que vai para al\u00e9m da hidrata\u00e7\u00e3o \u2014 \u00e9 uma forma de estar que une solidariedade, sustentabilidade e responsabilidade. \u201cA todos os que se juntaram a esta causa, a \u00c1gua Monchique expressa o seu mais profundo agradecimento.<\/p>\n","protected":false},"excerpt":{"rendered":"<p>A \u00c1gua Monchique terminou a campanha \u201c\u00c1gua Por Uma Causa\u201d com a angaria\u00e7\u00e3o de 65.225,00 euros, valor integralmente doado a<\/p>\n","protected":false},"author":1,"featured_media":50313,"comment_status":"closed","ping_status":"closed","sticky":false,"template":"","format":"standard","meta":{"colormag_page_container_layout":"default_layout","colormag_page_sidebar_layout":"default_layout","_monsterinsights_skip_tracking":false,"_monsterinsights_sitenote_active":false,"_monsterinsights_sitenote_note":"","_monsterinsights_sitenote_category":0,"jetpack_post_was_ever_published":false,"_jetpack_newsletter_access":"","_jetpack_dont_email_post_to_subs":false,"_jetpack_newsletter_tier_id":0,"_jetpack_memberships_contains_paywalled_content":false,"_jetpack_memberships_contains_paid_content":false,"footnotes":"","jetpack_publicize_message":"","jetpack_publicize_feature_enabled":true,"jetpack_social_post_already_shared":true,"jetpack_social_options":{"image_generator_settings":{"template":"highway","default_image_id":0,"font":"","enabled":false},"version":2}},"categories":[11],"tags":[892,36,62,171],"class_list":["post-50312","post","type-post","status-publish","format-standard","has-post-thumbnail","hentry","category-atualidade","tag-agua-monchique","tag-algarve","tag-atualidade","tag-monchique"],"yoast_head":"<!-- This site is optimized with the Yoast SEO plugin v27.5 - https:\/\/yoast.com\/product\/yoast-seo-wordpress\/ -->\n<title>\u00c1gua Monchique angaria mais de 65 mil euros na campanha \u201c\u00c1gua Por Uma Causa\u201d - Algarve 7<\/title>\n<meta name=\"description\" content=\"\u00c1gua Monchique angaria mais de 65 mil euros na campanha \u201c\u00c1gua Por Uma Causa\u201d Atualidade\" \/>\n<meta name=\"robots\" content=\"index, follow, max-snippet:-1, max-image-preview:large, max-video-preview:-1\" \/>\n<link rel=\"canonical\" href=\"https:\/\/algarve7.pt\/index.php\/2025\/05\/agua-monchique-angaria-mais-de-65-mil-euros-na-campanha-agua-por-uma-causa\/atualidade\/08\/35\/\" \/>\n<meta property=\"og:locale\" content=\"pt_PT\" \/>\n<meta property=\"og:type\" content=\"article\" \/>\n<meta property=\"og:title\" content=\"\u00c1gua Monchique angaria mais de 65 mil euros na campanha \u201c\u00c1gua Por Uma Causa\u201d - Algarve 7\" \/>\n<meta property=\"og:description\" content=\"\u00c1gua Monchique angaria mais de 65 mil euros na campanha \u201c\u00c1gua Por Uma Causa\u201d Atualidade\" \/>\n<meta property=\"og:url\" content=\"https:\/\/algarve7.pt\/index.php\/2025\/05\/agua-monchique-angaria-mais-de-65-mil-euros-na-campanha-agua-por-uma-causa\/atualidade\/08\/35\/\" \/>\n<meta property=\"og:site_name\" content=\"Algarve 7\" \/>\n<meta property=\"article:publisher\" content=\"https:\/\/www.facebook.com\/algarve7\" \/>\n<meta property=\"article:author\" content=\"https:\/\/www.facebook.com\/algarve7\" \/>\n<meta property=\"article:published_time\" content=\"2025-05-15T07:35:00+00:00\" \/>\n<meta property=\"og:image\" content=\"https:\/\/algarve7.pt\/wp-content\/uploads\/2025\/05\/Captura-de-ecra-2025-05-13-as-14.56.41.png\" \/>\n\t<meta property=\"og:image:width\" content=\"800\" \/>\n\t<meta property=\"og:image:height\" content=\"500\" \/>\n\t<meta property=\"og:image:type\" content=\"image\/png\" \/>\n<meta name=\"author\" content=\"Algarve 7\" \/>\n<meta name=\"twitter:card\" content=\"summary_large_image\" \/>\n<meta name=\"twitter:creator\" content=\"@Algarvesete\" \/>\n<meta name=\"twitter:site\" content=\"@Algarvesete\" \/>\n<meta name=\"twitter:label1\" content=\"Escrito por\" \/>\n\t<meta name=\"twitter:data1\" content=\"Algarve 7\" \/>\n\t<meta name=\"twitter:label2\" content=\"Tempo estimado de leitura\" \/>\n\t<meta name=\"twitter:data2\" content=\"3 minutos\" \/>\n<script type=\"application\/ld+json\" class=\"yoast-schema-graph\">{\"@context\":\"https:\\\/\\\/schema.org\",\"@graph\":[{\"@type\":\"Article\",\"@id\":\"https:\\\/\\\/algarve7.pt\\\/index.php\\\/2025\\\/05\\\/agua-monchique-angaria-mais-de-65-mil-euros-na-campanha-agua-por-uma-causa\\\/atualidade\\\/08\\\/35\\\/#article\",\"isPartOf\":{\"@id\":\"https:\\\/\\\/algarve7.pt\\\/index.php\\\/2025\\\/05\\\/agua-monchique-angaria-mais-de-65-mil-euros-na-campanha-agua-por-uma-causa\\\/atualidade\\\/08\\\/35\\\/\"},\"author\":{\"name\":\"Algarve 7\",\"@id\":\"https:\\\/\\\/algarve7.pt\\\/#\\\/schema\\\/person\\\/23fa70681308e7b319a3204bcea45e0c\"},\"headline\":\"\u00c1gua Monchique angaria mais de 65 mil euros na campanha \u201c\u00c1gua Por Uma Causa\u201d\",\"datePublished\":\"2025-05-15T07:35:00+00:00\",\"mainEntityOfPage\":{\"@id\":\"https:\\\/\\\/algarve7.pt\\\/index.php\\\/2025\\\/05\\\/agua-monchique-angaria-mais-de-65-mil-euros-na-campanha-agua-por-uma-causa\\\/atualidade\\\/08\\\/35\\\/\"},\"wordCount\":448,\"publisher\":{\"@id\":\"https:\\\/\\\/algarve7.pt\\\/#organization\"},\"image\":{\"@id\":\"https:\\\/\\\/algarve7.pt\\\/index.php\\\/2025\\\/05\\\/agua-monchique-angaria-mais-de-65-mil-euros-na-campanha-agua-por-uma-causa\\\/atualidade\\\/08\\\/35\\\/#primaryimage\"},\"thumbnailUrl\":\"https:\\\/\\\/algarve7.pt\\\/wp-content\\\/uploads\\\/2025\\\/05\\\/Captura-de-ecra-2025-05-13-as-14.56.41.png\",\"keywords\":[\"\u00c1gua Monchique\",\"Algarve\",\"Atualidade\",\"Monchique\"],\"articleSection\":[\"Atualidade\"],\"inLanguage\":\"pt-PT\"},{\"@type\":\"WebPage\",\"@id\":\"https:\\\/\\\/algarve7.pt\\\/index.php\\\/2025\\\/05\\\/agua-monchique-angaria-mais-de-65-mil-euros-na-campanha-agua-por-uma-causa\\\/atualidade\\\/08\\\/35\\\/\",\"url\":\"https:\\\/\\\/algarve7.pt\\\/index.php\\\/2025\\\/05\\\/agua-monchique-angaria-mais-de-65-mil-euros-na-campanha-agua-por-uma-causa\\\/atualidade\\\/08\\\/35\\\/\",\"name\":\"\u00c1gua Monchique angaria mais de 65 mil euros na campanha \u201c\u00c1gua Por Uma Causa\u201d - Algarve 7\",\"isPartOf\":{\"@id\":\"https:\\\/\\\/algarve7.pt\\\/#website\"},\"primaryImageOfPage\":{\"@id\":\"https:\\\/\\\/algarve7.pt\\\/index.php\\\/2025\\\/05\\\/agua-monchique-angaria-mais-de-65-mil-euros-na-campanha-agua-por-uma-causa\\\/atualidade\\\/08\\\/35\\\/#primaryimage\"},\"image\":{\"@id\":\"https:\\\/\\\/algarve7.pt\\\/index.php\\\/2025\\\/05\\\/agua-monchique-angaria-mais-de-65-mil-euros-na-campanha-agua-por-uma-causa\\\/atualidade\\\/08\\\/35\\\/#primaryimage\"},\"thumbnailUrl\":\"https:\\\/\\\/algarve7.pt\\\/wp-content\\\/uploads\\\/2025\\\/05\\\/Captura-de-ecra-2025-05-13-as-14.56.41.png\",\"datePublished\":\"2025-05-15T07:35:00+00:00\",\"description\":\"\u00c1gua Monchique angaria mais de 65 mil euros na campanha \u201c\u00c1gua Por Uma Causa\u201d Atualidade\",\"breadcrumb\":{\"@id\":\"https:\\\/\\\/algarve7.pt\\\/index.php\\\/2025\\\/05\\\/agua-monchique-angaria-mais-de-65-mil-euros-na-campanha-agua-por-uma-causa\\\/atualidade\\\/08\\\/35\\\/#breadcrumb\"},\"inLanguage\":\"pt-PT\",\"potentialAction\":[{\"@type\":\"ReadAction\",\"target\":[\"https:\\\/\\\/algarve7.pt\\\/index.php\\\/2025\\\/05\\\/agua-monchique-angaria-mais-de-65-mil-euros-na-campanha-agua-por-uma-causa\\\/atualidade\\\/08\\\/35\\\/\"]}]},{\"@type\":\"ImageObject\",\"inLanguage\":\"pt-PT\",\"@id\":\"https:\\\/\\\/algarve7.pt\\\/index.php\\\/2025\\\/05\\\/agua-monchique-angaria-mais-de-65-mil-euros-na-campanha-agua-por-uma-causa\\\/atualidade\\\/08\\\/35\\\/#primaryimage\",\"url\":\"https:\\\/\\\/algarve7.pt\\\/wp-content\\\/uploads\\\/2025\\\/05\\\/Captura-de-ecra-2025-05-13-as-14.56.41.png\",\"contentUrl\":\"https:\\\/\\\/algarve7.pt\\\/wp-content\\\/uploads\\\/2025\\\/05\\\/Captura-de-ecra-2025-05-13-as-14.56.41.png\",\"width\":800,\"height\":500},{\"@type\":\"BreadcrumbList\",\"@id\":\"https:\\\/\\\/algarve7.pt\\\/index.php\\\/2025\\\/05\\\/agua-monchique-angaria-mais-de-65-mil-euros-na-campanha-agua-por-uma-causa\\\/atualidade\\\/08\\\/35\\\/#breadcrumb\",\"itemListElement\":[{\"@type\":\"ListItem\",\"position\":1,\"name\":\"In\u00edcio\",\"item\":\"https:\\\/\\\/algarve7.pt\\\/\"},{\"@type\":\"ListItem\",\"position\":2,\"name\":\"\u00c1gua Monchique angaria mais de 65 mil euros na campanha \u201c\u00c1gua Por Uma Causa\u201d\"}]},{\"@type\":\"WebSite\",\"@id\":\"https:\\\/\\\/algarve7.pt\\\/#website\",\"url\":\"https:\\\/\\\/algarve7.pt\\\/\",\"name\":\"Algarve 7\",\"description\":\"Informa\u00e7\u00e3o sobre o Algarve\",\"publisher\":{\"@id\":\"https:\\\/\\\/algarve7.pt\\\/#organization\"},\"potentialAction\":[{\"@type\":\"SearchAction\",\"target\":{\"@type\":\"EntryPoint\",\"urlTemplate\":\"https:\\\/\\\/algarve7.pt\\\/?s={search_term_string}\"},\"query-input\":{\"@type\":\"PropertyValueSpecification\",\"valueRequired\":true,\"valueName\":\"search_term_string\"}}],\"inLanguage\":\"pt-PT\"},{\"@type\":\"Organization\",\"@id\":\"https:\\\/\\\/algarve7.pt\\\/#organization\",\"name\":\"Algarve 7\",\"url\":\"https:\\\/\\\/algarve7.pt\\\/\",\"logo\":{\"@type\":\"ImageObject\",\"inLanguage\":\"pt-PT\",\"@id\":\"https:\\\/\\\/algarve7.pt\\\/#\\\/schema\\\/logo\\\/image\\\/\",\"url\":\"https:\\\/\\\/algarve7.pt\\\/wp-content\\\/uploads\\\/2020\\\/10\\\/Logo-8.jpg\",\"contentUrl\":\"https:\\\/\\\/algarve7.pt\\\/wp-content\\\/uploads\\\/2020\\\/10\\\/Logo-8.jpg\",\"width\":1680,\"height\":1186,\"caption\":\"Algarve 7\"},\"image\":{\"@id\":\"https:\\\/\\\/algarve7.pt\\\/#\\\/schema\\\/logo\\\/image\\\/\"},\"sameAs\":[\"https:\\\/\\\/www.facebook.com\\\/algarve7\",\"https:\\\/\\\/x.com\\\/Algarvesete\",\"https:\\\/\\\/www.instagram.com\\\/jornalalgarve7\\\/\",\"https:\\\/\\\/www.linkedin.com\\\/company\\\/algarve7\",\"https:\\\/\\\/www.pinterest.pt\\\/geral0939\\\/_created\\\/\"]},{\"@type\":\"Person\",\"@id\":\"https:\\\/\\\/algarve7.pt\\\/#\\\/schema\\\/person\\\/23fa70681308e7b319a3204bcea45e0c\",\"name\":\"Algarve 7\",\"sameAs\":[\"https:\\\/\\\/algarve7.pt\",\"https:\\\/\\\/www.facebook.com\\\/algarve7\"],\"url\":\"https:\\\/\\\/algarve7.pt\\\/index.php\\\/author\\\/geralalgarve7-pt\\\/\"}]}<\/script>\n<!-- \/ Yoast SEO plugin. -->","yoast_head_json":{"title":"\u00c1gua Monchique angaria mais de 65 mil euros na campanha \u201c\u00c1gua Por Uma Causa\u201d - Algarve 7","description":"\u00c1gua Monchique angaria mais de 65 mil euros na campanha \u201c\u00c1gua Por Uma Causa\u201d Atualidade","robots":{"index":"index","follow":"follow","max-snippet":"max-snippet:-1","max-image-preview":"max-image-preview:large","max-video-preview":"max-video-preview:-1"},"canonical":"https:\/\/algarve7.pt\/index.php\/2025\/05\/agua-monchique-angaria-mais-de-65-mil-euros-na-campanha-agua-por-uma-causa\/atualidade\/08\/35\/","og_locale":"pt_PT","og_type":"article","og_title":"\u00c1gua Monchique angaria mais de 65 mil euros na campanha \u201c\u00c1gua Por Uma Causa\u201d - Algarve 7","og_description":"\u00c1gua Monchique angaria mais de 65 mil euros na campanha \u201c\u00c1gua Por Uma Causa\u201d Atualidade","og_url":"https:\/\/algarve7.pt\/index.php\/2025\/05\/agua-monchique-angaria-mais-de-65-mil-euros-na-campanha-agua-por-uma-causa\/atualidade\/08\/35\/","og_site_name":"Algarve 7","article_publisher":"https:\/\/www.facebook.com\/algarve7","article_author":"https:\/\/www.facebook.com\/algarve7","article_published_time":"2025-05-15T07:35:00+00:00","og_image":[{"width":800,"height":500,"url":"https:\/\/algarve7.pt\/wp-content\/uploads\/2025\/05\/Captura-de-ecra-2025-05-13-as-14.56.41.png","type":"image\/png"}],"author":"Algarve 7","twitter_card":"summary_large_image","twitter_creator":"@Algarvesete","twitter_site":"@Algarvesete","twitter_misc":{"Escrito por":"Algarve 7","Tempo estimado de leitura":"3 minutos"},"schema":{"@context":"https:\/\/schema.org","@graph":[{"@type":"Article","@id":"https:\/\/algarve7.pt\/index.php\/2025\/05\/agua-monchique-angaria-mais-de-65-mil-euros-na-campanha-agua-por-uma-causa\/atualidade\/08\/35\/#article","isPartOf":{"@id":"https:\/\/algarve7.pt\/index.php\/2025\/05\/agua-monchique-angaria-mais-de-65-mil-euros-na-campanha-agua-por-uma-causa\/atualidade\/08\/35\/"},"author":{"name":"Algarve 7","@id":"https:\/\/algarve7.pt\/#\/schema\/person\/23fa70681308e7b319a3204bcea45e0c"},"headline":"\u00c1gua Monchique angaria mais de 65 mil euros na campanha \u201c\u00c1gua Por Uma Causa\u201d","datePublished":"2025-05-15T07:35:00+00:00","mainEntityOfPage":{"@id":"https:\/\/algarve7.pt\/index.php\/2025\/05\/agua-monchique-angaria-mais-de-65-mil-euros-na-campanha-agua-por-uma-causa\/atualidade\/08\/35\/"},"wordCount":448,"publisher":{"@id":"https:\/\/algarve7.pt\/#organization"},"image":{"@id":"https:\/\/algarve7.pt\/index.php\/2025\/05\/agua-monchique-angaria-mais-de-65-mil-euros-na-campanha-agua-por-uma-causa\/atualidade\/08\/35\/#primaryimage"},"thumbnailUrl":"https:\/\/algarve7.pt\/wp-content\/uploads\/2025\/05\/Captura-de-ecra-2025-05-13-as-14.56.41.png","keywords":["\u00c1gua Monchique","Algarve","Atualidade","Monchique"],"articleSection":["Atualidade"],"inLanguage":"pt-PT"},{"@type":"WebPage","@id":"https:\/\/algarve7.pt\/index.php\/2025\/05\/agua-monchique-angaria-mais-de-65-mil-euros-na-campanha-agua-por-uma-causa\/atualidade\/08\/35\/","url":"https:\/\/algarve7.pt\/index.php\/2025\/05\/agua-monchique-angaria-mais-de-65-mil-euros-na-campanha-agua-por-uma-causa\/atualidade\/08\/35\/","name":"\u00c1gua Monchique angaria mais de 65 mil euros na campanha \u201c\u00c1gua Por Uma Causa\u201d - Algarve 7","isPartOf":{"@id":"https:\/\/algarve7.pt\/#website"},"primaryImageOfPage":{"@id":"https:\/\/algarve7.pt\/index.php\/2025\/05\/agua-monchique-angaria-mais-de-65-mil-euros-na-campanha-agua-por-uma-causa\/atualidade\/08\/35\/#primaryimage"},"image":{"@id":"https:\/\/algarve7.pt\/index.php\/2025\/05\/agua-monchique-angaria-mais-de-65-mil-euros-na-campanha-agua-por-uma-causa\/atualidade\/08\/35\/#primaryimage"},"thumbnailUrl":"https:\/\/algarve7.pt\/wp-content\/uploads\/2025\/05\/Captura-de-ecra-2025-05-13-as-14.56.41.png","datePublished":"2025-05-15T07:35:00+00:00","description":"\u00c1gua Monchique angaria mais de 65 mil euros na campanha \u201c\u00c1gua Por Uma Causa\u201d Atualidade","breadcrumb":{"@id":"https:\/\/algarve7.pt\/index.php\/2025\/05\/agua-monchique-angaria-mais-de-65-mil-euros-na-campanha-agua-por-uma-causa\/atualidade\/08\/35\/#breadcrumb"},"inLanguage":"pt-PT","potentialAction":[{"@type":"ReadAction","target":["https:\/\/algarve7.pt\/index.php\/2025\/05\/agua-monchique-angaria-mais-de-65-mil-euros-na-campanha-agua-por-uma-causa\/atualidade\/08\/35\/"]}]},{"@type":"ImageObject","inLanguage":"pt-PT","@id":"https:\/\/algarve7.pt\/index.php\/2025\/05\/agua-monchique-angaria-mais-de-65-mil-euros-na-campanha-agua-por-uma-causa\/atualidade\/08\/35\/#primaryimage","url":"https:\/\/algarve7.pt\/wp-content\/uploads\/2025\/05\/Captura-de-ecra-2025-05-13-as-14.56.41.png","contentUrl":"https:\/\/algarve7.pt\/wp-content\/uploads\/2025\/05\/Captura-de-ecra-2025-05-13-as-14.56.41.png","width":800,"height":500},{"@type":"BreadcrumbList","@id":"https:\/\/algarve7.pt\/index.php\/2025\/05\/agua-monchique-angaria-mais-de-65-mil-euros-na-campanha-agua-por-uma-causa\/atualidade\/08\/35\/#breadcrumb","itemListElement":[{"@type":"ListItem","position":1,"name":"In\u00edcio","item":"https:\/\/algarve7.pt\/"},{"@type":"ListItem","position":2,"name":"\u00c1gua Monchique angaria mais de 65 mil euros na campanha \u201c\u00c1gua Por Uma Causa\u201d"}]},{"@type":"WebSite","@id":"https:\/\/algarve7.pt\/#website","url":"https:\/\/algarve7.pt\/","name":"Algarve 7","description":"Informa\u00e7\u00e3o sobre o Algarve","publisher":{"@id":"https:\/\/algarve7.pt\/#organization"},"potentialAction":[{"@type":"SearchAction","target":{"@type":"EntryPoint","urlTemplate":"https:\/\/algarve7.pt\/?s={search_term_string}"},"query-input":{"@type":"PropertyValueSpecification","valueRequired":true,"valueName":"search_term_string"}}],"inLanguage":"pt-PT"},{"@type":"Organization","@id":"https:\/\/algarve7.pt\/#organization","name":"Algarve 7","url":"https:\/\/algarve7.pt\/","logo":{"@type":"ImageObject","inLanguage":"pt-PT","@id":"https:\/\/algarve7.pt\/#\/schema\/logo\/image\/","url":"https:\/\/algarve7.pt\/wp-content\/uploads\/2020\/10\/Logo-8.jpg","contentUrl":"https:\/\/algarve7.pt\/wp-content\/uploads\/2020\/10\/Logo-8.jpg","width":1680,"height":1186,"caption":"Algarve 7"},"image":{"@id":"https:\/\/algarve7.pt\/#\/schema\/logo\/image\/"},"sameAs":["https:\/\/www.facebook.com\/algarve7","https:\/\/x.com\/Algarvesete","https:\/\/www.instagram.com\/jornalalgarve7\/","https:\/\/www.linkedin.com\/company\/algarve7","https:\/\/www.pinterest.pt\/geral0939\/_created\/"]},{"@type":"Person","@id":"https:\/\/algarve7.pt\/#\/schema\/person\/23fa70681308e7b319a3204bcea45e0c","name":"Algarve 7","sameAs":["https:\/\/algarve7.pt","https:\/\/www.facebook.com\/algarve7"],"url":"https:\/\/algarve7.pt\/index.php\/author\/geralalgarve7-pt\/"}]}},"jetpack_publicize_connections":[],"jetpack_featured_media_url":"https:\/\/algarve7.pt\/wp-content\/uploads\/2025\/05\/Captura-de-ecra-2025-05-13-as-14.56.41.png","jetpack_shortlink":"https:\/\/wp.me\/pcezmW-d5u","jetpack_sharing_enabled":true,"_links":{"self":[{"href":"https:\/\/algarve7.pt\/index.php\/wp-json\/wp\/v2\/posts\/50312","targetHints":{"allow":["GET"]}}],"collection":[{"href":"https:\/\/algarve7.pt\/index.php\/wp-json\/wp\/v2\/posts"}],"about":[{"href":"https:\/\/algarve7.pt\/index.php\/wp-json\/wp\/v2\/types\/post"}],"author":[{"embeddable":true,"href":"https:\/\/algarve7.pt\/index.php\/wp-json\/wp\/v2\/users\/1"}],"replies":[{"embeddable":true,"href":"https:\/\/algarve7.pt\/index.php\/wp-json\/wp\/v2\/comments?post=50312"}],"version-history":[{"count":0,"href":"https:\/\/algarve7.pt\/index.php\/wp-json\/wp\/v2\/posts\/50312\/revisions"}],"wp:featuredmedia":[{"embeddable":true,"href":"https:\/\/algarve7.pt\/index.php\/wp-json\/wp\/v2\/media\/50313"}],"wp:attachment":[{"href":"https:\/\/algarve7.pt\/index.php\/wp-json\/wp\/v2\/media?parent=50312"}],"wp:term":[{"taxonomy":"category","embeddable":true,"href":"https:\/\/algarve7.pt\/index.php\/wp-json\/wp\/v2\/categories?post=50312"},{"taxonomy":"post_tag","embeddable":true,"href":"https:\/\/algarve7.pt\/index.php\/wp-json\/wp\/v2\/tags?post=50312"}],"curies":[{"name":"wp","href":"https:\/\/api.w.org\/{rel}","templated":true}]}}