{"id":50303,"date":"2025-05-14T09:45:00","date_gmt":"2025-05-14T08:45:00","guid":{"rendered":"https:\/\/algarve7.pt\/?p=50303"},"modified":"2025-05-13T12:21:47","modified_gmt":"2025-05-13T11:21:47","slug":"municipios-do-algarve-aprovam-protocolo-para-constituicao-do-dispositivo-especial-de-combate-a-incendios-rurais-na-regiao","status":"publish","type":"post","link":"https:\/\/algarve7.pt\/index.php\/2025\/05\/municipios-do-algarve-aprovam-protocolo-para-constituicao-do-dispositivo-especial-de-combate-a-incendios-rurais-na-regiao\/ambiente\/09\/45\/","title":{"rendered":"Munic\u00edpios do Algarve aprovam protocolo para constitui\u00e7\u00e3o do Dispositivo Especial de Combate a Inc\u00eandios Rurais na regi\u00e3o"},"content":{"rendered":"\n<p><strong>O protocolo, promovido pela AMAL, envolve os 16 munic\u00edpios algarvios, a Autoridade Nacional de Emerg\u00eancia e Prote\u00e7\u00e3o Civil do Algarve (atrav\u00e9s do seu Comando Regional), a Federa\u00e7\u00e3o dos Bombeiros do Algarve e as 13 Associa\u00e7\u00f5es Humanit\u00e1rias de Bombeiros do distrito. Prev\u00ea, para este ano, um refor\u00e7o das verbas a atribuir aos bombeiros que integram o DECIR.<\/strong><\/p>\n\n\n\n<p>O Dispositivo Especial de Combate a Inc\u00eandios Rurais (DECIR) \u00e9 transversal a toda a regi\u00e3o e, \u00e0 semelhan\u00e7a de anos anteriores, surge da necessidade de manter no Algarve equipas dedicadas exclusivamente a combater fogos rurais, sem se comprometer a efic\u00e1cia na resposta \u00e0s restantes ocorr\u00eancias de prote\u00e7\u00e3o e socorro que possam surgir, tendo especialmente em conta que no per\u00edodo de ver\u00e3o a popula\u00e7\u00e3o aumenta consideravelmente no Algarve, enquanto destino tur\u00edstico.&nbsp;&nbsp;<\/p>\n\n\n\n<p>O protocolo vigora entre 15 de maio e 15 de outubro, per\u00edodo mais vulner\u00e1vel \u00e0 ocorr\u00eancia de inc\u00eandios rurais, e estabelece os crit\u00e9rios e procedimentos relacionados com o financiamento para a constitui\u00e7\u00e3o do DECIR, um Dispositivo que se tem revelado fundamental e eficaz no ataque inicial de combate aos fogos.<\/p>\n\n\n\n<p>Os munic\u00edpios do Algarve contribuem com um total de 883,920.00\u20ac (oitocentos e oitenta e tr\u00eas mil e novecentos e vinte euros) para a constitui\u00e7\u00e3o deste Dispositivo. Ser\u00e3o 30 euros (mais 4 euros do que em 2024) destinados \u00e0 comparticipa\u00e7\u00e3o di\u00e1ria a atribuir a cada um dos 1.191 bombeiros que integram o DECIR (53,295.00\u20ac &#8211; cinquenta e tr\u00eas mil e duzentos e noventa e cinco euros por cada munic\u00edpio) Este aumento foi aprovado, em reuni\u00e3o do Conselho Intermunicipal que decorreu na passada sexta-feira, dia 9 de maio. A restante verba, a transferir tamb\u00e9m para a Federa\u00e7\u00e3o de Bombeiros do Algarve, destina-se a comparticipar o pagamento de servi\u00e7os efetuados pelos bombeiros. Ou seja, cada munic\u00edpio ir\u00e1 contribuir com um valor global de 55,245.00\u20ac (cinquenta e cinco mil e duzentos e quarenta e cinco euros).<\/p>\n\n\n\n<p>No que toca \u00e0 comparticipa\u00e7\u00e3o di\u00e1ria a atribuir aos bombeiros por parte da Autoridade Nacional de Prote\u00e7\u00e3o Civil ser\u00e1 de 75 euros (mais 7,70\u20ac do que no ano passado).<\/p>\n\n\n\n<p>O protocolo estabelece ainda que as Associa\u00e7\u00f5es Humanit\u00e1rias de Bombeiros e os Corpos de Bombeiros Municipais obrigam-se a constituir as Equipas de Interven\u00e7\u00e3o do DECIR de acordo com as diretrizes do Comando Regional de Emerg\u00eancia e Prote\u00e7\u00e3o Civil&nbsp;do Algarve para os diferentes n\u00edveis de empenhamento operacional:&nbsp;&nbsp;&nbsp;<\/p>\n\n\n\n<p>&#8211; N\u00edvel Bravo (15 a 31 de maio)<\/p>\n\n\n\n<p>&#8211; N\u00edvel Charlie (1 a 30 de junho)<\/p>\n\n\n\n<p>&#8211; N\u00edvel Delta (01 de julho a 30 de setembro)<\/p>\n\n\n\n<p>&#8211; N\u00edvel Charlie (1 a 15 de outubro).<\/p>\n","protected":false},"excerpt":{"rendered":"<p>O protocolo, promovido pela AMAL, envolve os 16 munic\u00edpios algarvios, a Autoridade Nacional de Emerg\u00eancia e Prote\u00e7\u00e3o Civil do Algarve<\/p>\n","protected":false},"author":1,"featured_media":50304,"comment_status":"closed","ping_status":"closed","sticky":false,"template":"","format":"standard","meta":{"colormag_page_container_layout":"default_layout","colormag_page_sidebar_layout":"default_layout","_monsterinsights_skip_tracking":false,"_monsterinsights_sitenote_active":false,"_monsterinsights_sitenote_note":"","_monsterinsights_sitenote_category":0,"jetpack_post_was_ever_published":false,"_jetpack_newsletter_access":"","_jetpack_dont_email_post_to_subs":false,"_jetpack_newsletter_tier_id":0,"_jetpack_memberships_contains_paywalled_content":false,"_jetpack_memberships_contains_paid_content":false,"footnotes":"","jetpack_publicize_message":"","jetpack_publicize_feature_enabled":true,"jetpack_social_post_already_shared":true,"jetpack_social_options":{"image_generator_settings":{"template":"highway","default_image_id":0,"font":"","enabled":false},"version":2}},"categories":[5],"tags":[36,207,32],"class_list":["post-50303","post","type-post","status-publish","format-standard","has-post-thumbnail","hentry","category-ambiente","tag-algarve","tag-amal","tag-ambiente"],"yoast_head":"<!-- This site is optimized with the Yoast SEO plugin v27.5 - https:\/\/yoast.com\/product\/yoast-seo-wordpress\/ -->\n<title>Munic\u00edpios do Algarve aprovam protocolo para constitui\u00e7\u00e3o do Dispositivo Especial de Combate a Inc\u00eandios Rurais na regi\u00e3o - Algarve 7<\/title>\n<meta name=\"description\" content=\"Munic\u00edpios do Algarve aprovam protocolo para constitui\u00e7\u00e3o do Dispositivo Especial de Combate a Inc\u00eandios Rurais na regi\u00e3o Ambiente\" \/>\n<meta name=\"robots\" content=\"index, follow, max-snippet:-1, max-image-preview:large, max-video-preview:-1\" \/>\n<link rel=\"canonical\" href=\"https:\/\/algarve7.pt\/index.php\/2025\/05\/municipios-do-algarve-aprovam-protocolo-para-constituicao-do-dispositivo-especial-de-combate-a-incendios-rurais-na-regiao\/ambiente\/09\/45\/\" \/>\n<meta property=\"og:locale\" content=\"pt_PT\" \/>\n<meta property=\"og:type\" content=\"article\" \/>\n<meta property=\"og:title\" content=\"Munic\u00edpios do Algarve aprovam protocolo para constitui\u00e7\u00e3o do Dispositivo Especial de Combate a Inc\u00eandios Rurais na regi\u00e3o - Algarve 7\" \/>\n<meta property=\"og:description\" content=\"Munic\u00edpios do Algarve aprovam protocolo para constitui\u00e7\u00e3o do Dispositivo Especial de Combate a Inc\u00eandios Rurais na regi\u00e3o Ambiente\" \/>\n<meta property=\"og:url\" content=\"https:\/\/algarve7.pt\/index.php\/2025\/05\/municipios-do-algarve-aprovam-protocolo-para-constituicao-do-dispositivo-especial-de-combate-a-incendios-rurais-na-regiao\/ambiente\/09\/45\/\" \/>\n<meta property=\"og:site_name\" content=\"Algarve 7\" \/>\n<meta property=\"article:publisher\" content=\"https:\/\/www.facebook.com\/algarve7\" \/>\n<meta property=\"article:author\" content=\"https:\/\/www.facebook.com\/algarve7\" \/>\n<meta property=\"article:published_time\" content=\"2025-05-14T08:45:00+00:00\" \/>\n<meta property=\"og:image\" content=\"https:\/\/algarve7.pt\/wp-content\/uploads\/2025\/05\/decir_bombeiros.jpg\" \/>\n\t<meta property=\"og:image:width\" content=\"800\" \/>\n\t<meta property=\"og:image:height\" content=\"500\" \/>\n\t<meta property=\"og:image:type\" content=\"image\/jpeg\" \/>\n<meta name=\"author\" content=\"Algarve 7\" \/>\n<meta name=\"twitter:card\" content=\"summary_large_image\" \/>\n<meta name=\"twitter:creator\" content=\"@Algarvesete\" \/>\n<meta name=\"twitter:site\" content=\"@Algarvesete\" \/>\n<meta name=\"twitter:label1\" content=\"Escrito por\" \/>\n\t<meta name=\"twitter:data1\" content=\"Algarve 7\" \/>\n\t<meta name=\"twitter:label2\" content=\"Tempo estimado de leitura\" \/>\n\t<meta name=\"twitter:data2\" content=\"3 minutos\" \/>\n<script type=\"application\/ld+json\" class=\"yoast-schema-graph\">{\"@context\":\"https:\\\/\\\/schema.org\",\"@graph\":[{\"@type\":\"Article\",\"@id\":\"https:\\\/\\\/algarve7.pt\\\/index.php\\\/2025\\\/05\\\/municipios-do-algarve-aprovam-protocolo-para-constituicao-do-dispositivo-especial-de-combate-a-incendios-rurais-na-regiao\\\/ambiente\\\/09\\\/45\\\/#article\",\"isPartOf\":{\"@id\":\"https:\\\/\\\/algarve7.pt\\\/index.php\\\/2025\\\/05\\\/municipios-do-algarve-aprovam-protocolo-para-constituicao-do-dispositivo-especial-de-combate-a-incendios-rurais-na-regiao\\\/ambiente\\\/09\\\/45\\\/\"},\"author\":{\"name\":\"Algarve 7\",\"@id\":\"https:\\\/\\\/algarve7.pt\\\/#\\\/schema\\\/person\\\/23fa70681308e7b319a3204bcea45e0c\"},\"headline\":\"Munic\u00edpios do Algarve aprovam protocolo para constitui\u00e7\u00e3o do Dispositivo Especial de Combate a Inc\u00eandios Rurais na regi\u00e3o\",\"datePublished\":\"2025-05-14T08:45:00+00:00\",\"mainEntityOfPage\":{\"@id\":\"https:\\\/\\\/algarve7.pt\\\/index.php\\\/2025\\\/05\\\/municipios-do-algarve-aprovam-protocolo-para-constituicao-do-dispositivo-especial-de-combate-a-incendios-rurais-na-regiao\\\/ambiente\\\/09\\\/45\\\/\"},\"wordCount\":468,\"publisher\":{\"@id\":\"https:\\\/\\\/algarve7.pt\\\/#organization\"},\"image\":{\"@id\":\"https:\\\/\\\/algarve7.pt\\\/index.php\\\/2025\\\/05\\\/municipios-do-algarve-aprovam-protocolo-para-constituicao-do-dispositivo-especial-de-combate-a-incendios-rurais-na-regiao\\\/ambiente\\\/09\\\/45\\\/#primaryimage\"},\"thumbnailUrl\":\"https:\\\/\\\/algarve7.pt\\\/wp-content\\\/uploads\\\/2025\\\/05\\\/decir_bombeiros.jpg\",\"keywords\":[\"Algarve\",\"Amal\",\"Ambiente\"],\"articleSection\":[\"Ambiente\"],\"inLanguage\":\"pt-PT\"},{\"@type\":\"WebPage\",\"@id\":\"https:\\\/\\\/algarve7.pt\\\/index.php\\\/2025\\\/05\\\/municipios-do-algarve-aprovam-protocolo-para-constituicao-do-dispositivo-especial-de-combate-a-incendios-rurais-na-regiao\\\/ambiente\\\/09\\\/45\\\/\",\"url\":\"https:\\\/\\\/algarve7.pt\\\/index.php\\\/2025\\\/05\\\/municipios-do-algarve-aprovam-protocolo-para-constituicao-do-dispositivo-especial-de-combate-a-incendios-rurais-na-regiao\\\/ambiente\\\/09\\\/45\\\/\",\"name\":\"Munic\u00edpios do Algarve aprovam protocolo para constitui\u00e7\u00e3o do Dispositivo Especial de Combate a Inc\u00eandios Rurais na regi\u00e3o - Algarve 7\",\"isPartOf\":{\"@id\":\"https:\\\/\\\/algarve7.pt\\\/#website\"},\"primaryImageOfPage\":{\"@id\":\"https:\\\/\\\/algarve7.pt\\\/index.php\\\/2025\\\/05\\\/municipios-do-algarve-aprovam-protocolo-para-constituicao-do-dispositivo-especial-de-combate-a-incendios-rurais-na-regiao\\\/ambiente\\\/09\\\/45\\\/#primaryimage\"},\"image\":{\"@id\":\"https:\\\/\\\/algarve7.pt\\\/index.php\\\/2025\\\/05\\\/municipios-do-algarve-aprovam-protocolo-para-constituicao-do-dispositivo-especial-de-combate-a-incendios-rurais-na-regiao\\\/ambiente\\\/09\\\/45\\\/#primaryimage\"},\"thumbnailUrl\":\"https:\\\/\\\/algarve7.pt\\\/wp-content\\\/uploads\\\/2025\\\/05\\\/decir_bombeiros.jpg\",\"datePublished\":\"2025-05-14T08:45:00+00:00\",\"description\":\"Munic\u00edpios do Algarve aprovam protocolo para constitui\u00e7\u00e3o do Dispositivo Especial de Combate a Inc\u00eandios Rurais na regi\u00e3o Ambiente\",\"breadcrumb\":{\"@id\":\"https:\\\/\\\/algarve7.pt\\\/index.php\\\/2025\\\/05\\\/municipios-do-algarve-aprovam-protocolo-para-constituicao-do-dispositivo-especial-de-combate-a-incendios-rurais-na-regiao\\\/ambiente\\\/09\\\/45\\\/#breadcrumb\"},\"inLanguage\":\"pt-PT\",\"potentialAction\":[{\"@type\":\"ReadAction\",\"target\":[\"https:\\\/\\\/algarve7.pt\\\/index.php\\\/2025\\\/05\\\/municipios-do-algarve-aprovam-protocolo-para-constituicao-do-dispositivo-especial-de-combate-a-incendios-rurais-na-regiao\\\/ambiente\\\/09\\\/45\\\/\"]}]},{\"@type\":\"ImageObject\",\"inLanguage\":\"pt-PT\",\"@id\":\"https:\\\/\\\/algarve7.pt\\\/index.php\\\/2025\\\/05\\\/municipios-do-algarve-aprovam-protocolo-para-constituicao-do-dispositivo-especial-de-combate-a-incendios-rurais-na-regiao\\\/ambiente\\\/09\\\/45\\\/#primaryimage\",\"url\":\"https:\\\/\\\/algarve7.pt\\\/wp-content\\\/uploads\\\/2025\\\/05\\\/decir_bombeiros.jpg\",\"contentUrl\":\"https:\\\/\\\/algarve7.pt\\\/wp-content\\\/uploads\\\/2025\\\/05\\\/decir_bombeiros.jpg\",\"width\":800,\"height\":500},{\"@type\":\"BreadcrumbList\",\"@id\":\"https:\\\/\\\/algarve7.pt\\\/index.php\\\/2025\\\/05\\\/municipios-do-algarve-aprovam-protocolo-para-constituicao-do-dispositivo-especial-de-combate-a-incendios-rurais-na-regiao\\\/ambiente\\\/09\\\/45\\\/#breadcrumb\",\"itemListElement\":[{\"@type\":\"ListItem\",\"position\":1,\"name\":\"In\u00edcio\",\"item\":\"https:\\\/\\\/algarve7.pt\\\/\"},{\"@type\":\"ListItem\",\"position\":2,\"name\":\"Munic\u00edpios do Algarve aprovam protocolo para constitui\u00e7\u00e3o do Dispositivo Especial de Combate a Inc\u00eandios Rurais na regi\u00e3o\"}]},{\"@type\":\"WebSite\",\"@id\":\"https:\\\/\\\/algarve7.pt\\\/#website\",\"url\":\"https:\\\/\\\/algarve7.pt\\\/\",\"name\":\"Algarve 7\",\"description\":\"Informa\u00e7\u00e3o sobre o Algarve\",\"publisher\":{\"@id\":\"https:\\\/\\\/algarve7.pt\\\/#organization\"},\"potentialAction\":[{\"@type\":\"SearchAction\",\"target\":{\"@type\":\"EntryPoint\",\"urlTemplate\":\"https:\\\/\\\/algarve7.pt\\\/?s={search_term_string}\"},\"query-input\":{\"@type\":\"PropertyValueSpecification\",\"valueRequired\":true,\"valueName\":\"search_term_string\"}}],\"inLanguage\":\"pt-PT\"},{\"@type\":\"Organization\",\"@id\":\"https:\\\/\\\/algarve7.pt\\\/#organization\",\"name\":\"Algarve 7\",\"url\":\"https:\\\/\\\/algarve7.pt\\\/\",\"logo\":{\"@type\":\"ImageObject\",\"inLanguage\":\"pt-PT\",\"@id\":\"https:\\\/\\\/algarve7.pt\\\/#\\\/schema\\\/logo\\\/image\\\/\",\"url\":\"https:\\\/\\\/algarve7.pt\\\/wp-content\\\/uploads\\\/2020\\\/10\\\/Logo-8.jpg\",\"contentUrl\":\"https:\\\/\\\/algarve7.pt\\\/wp-content\\\/uploads\\\/2020\\\/10\\\/Logo-8.jpg\",\"width\":1680,\"height\":1186,\"caption\":\"Algarve 7\"},\"image\":{\"@id\":\"https:\\\/\\\/algarve7.pt\\\/#\\\/schema\\\/logo\\\/image\\\/\"},\"sameAs\":[\"https:\\\/\\\/www.facebook.com\\\/algarve7\",\"https:\\\/\\\/x.com\\\/Algarvesete\",\"https:\\\/\\\/www.instagram.com\\\/jornalalgarve7\\\/\",\"https:\\\/\\\/www.linkedin.com\\\/company\\\/algarve7\",\"https:\\\/\\\/www.pinterest.pt\\\/geral0939\\\/_created\\\/\"]},{\"@type\":\"Person\",\"@id\":\"https:\\\/\\\/algarve7.pt\\\/#\\\/schema\\\/person\\\/23fa70681308e7b319a3204bcea45e0c\",\"name\":\"Algarve 7\",\"sameAs\":[\"https:\\\/\\\/algarve7.pt\",\"https:\\\/\\\/www.facebook.com\\\/algarve7\"],\"url\":\"https:\\\/\\\/algarve7.pt\\\/index.php\\\/author\\\/geralalgarve7-pt\\\/\"}]}<\/script>\n<!-- \/ Yoast SEO plugin. -->","yoast_head_json":{"title":"Munic\u00edpios do Algarve aprovam protocolo para constitui\u00e7\u00e3o do Dispositivo Especial de Combate a Inc\u00eandios Rurais na regi\u00e3o - Algarve 7","description":"Munic\u00edpios do Algarve aprovam protocolo para constitui\u00e7\u00e3o do Dispositivo Especial de Combate a Inc\u00eandios Rurais na regi\u00e3o Ambiente","robots":{"index":"index","follow":"follow","max-snippet":"max-snippet:-1","max-image-preview":"max-image-preview:large","max-video-preview":"max-video-preview:-1"},"canonical":"https:\/\/algarve7.pt\/index.php\/2025\/05\/municipios-do-algarve-aprovam-protocolo-para-constituicao-do-dispositivo-especial-de-combate-a-incendios-rurais-na-regiao\/ambiente\/09\/45\/","og_locale":"pt_PT","og_type":"article","og_title":"Munic\u00edpios do Algarve aprovam protocolo para constitui\u00e7\u00e3o do Dispositivo Especial de Combate a Inc\u00eandios Rurais na regi\u00e3o - Algarve 7","og_description":"Munic\u00edpios do Algarve aprovam protocolo para constitui\u00e7\u00e3o do Dispositivo Especial de Combate a Inc\u00eandios Rurais na regi\u00e3o Ambiente","og_url":"https:\/\/algarve7.pt\/index.php\/2025\/05\/municipios-do-algarve-aprovam-protocolo-para-constituicao-do-dispositivo-especial-de-combate-a-incendios-rurais-na-regiao\/ambiente\/09\/45\/","og_site_name":"Algarve 7","article_publisher":"https:\/\/www.facebook.com\/algarve7","article_author":"https:\/\/www.facebook.com\/algarve7","article_published_time":"2025-05-14T08:45:00+00:00","og_image":[{"width":800,"height":500,"url":"https:\/\/algarve7.pt\/wp-content\/uploads\/2025\/05\/decir_bombeiros.jpg","type":"image\/jpeg"}],"author":"Algarve 7","twitter_card":"summary_large_image","twitter_creator":"@Algarvesete","twitter_site":"@Algarvesete","twitter_misc":{"Escrito por":"Algarve 7","Tempo estimado de leitura":"3 minutos"},"schema":{"@context":"https:\/\/schema.org","@graph":[{"@type":"Article","@id":"https:\/\/algarve7.pt\/index.php\/2025\/05\/municipios-do-algarve-aprovam-protocolo-para-constituicao-do-dispositivo-especial-de-combate-a-incendios-rurais-na-regiao\/ambiente\/09\/45\/#article","isPartOf":{"@id":"https:\/\/algarve7.pt\/index.php\/2025\/05\/municipios-do-algarve-aprovam-protocolo-para-constituicao-do-dispositivo-especial-de-combate-a-incendios-rurais-na-regiao\/ambiente\/09\/45\/"},"author":{"name":"Algarve 7","@id":"https:\/\/algarve7.pt\/#\/schema\/person\/23fa70681308e7b319a3204bcea45e0c"},"headline":"Munic\u00edpios do Algarve aprovam protocolo para constitui\u00e7\u00e3o do Dispositivo Especial de Combate a Inc\u00eandios Rurais na regi\u00e3o","datePublished":"2025-05-14T08:45:00+00:00","mainEntityOfPage":{"@id":"https:\/\/algarve7.pt\/index.php\/2025\/05\/municipios-do-algarve-aprovam-protocolo-para-constituicao-do-dispositivo-especial-de-combate-a-incendios-rurais-na-regiao\/ambiente\/09\/45\/"},"wordCount":468,"publisher":{"@id":"https:\/\/algarve7.pt\/#organization"},"image":{"@id":"https:\/\/algarve7.pt\/index.php\/2025\/05\/municipios-do-algarve-aprovam-protocolo-para-constituicao-do-dispositivo-especial-de-combate-a-incendios-rurais-na-regiao\/ambiente\/09\/45\/#primaryimage"},"thumbnailUrl":"https:\/\/algarve7.pt\/wp-content\/uploads\/2025\/05\/decir_bombeiros.jpg","keywords":["Algarve","Amal","Ambiente"],"articleSection":["Ambiente"],"inLanguage":"pt-PT"},{"@type":"WebPage","@id":"https:\/\/algarve7.pt\/index.php\/2025\/05\/municipios-do-algarve-aprovam-protocolo-para-constituicao-do-dispositivo-especial-de-combate-a-incendios-rurais-na-regiao\/ambiente\/09\/45\/","url":"https:\/\/algarve7.pt\/index.php\/2025\/05\/municipios-do-algarve-aprovam-protocolo-para-constituicao-do-dispositivo-especial-de-combate-a-incendios-rurais-na-regiao\/ambiente\/09\/45\/","name":"Munic\u00edpios do Algarve aprovam protocolo para constitui\u00e7\u00e3o do Dispositivo Especial de Combate a Inc\u00eandios Rurais na regi\u00e3o - Algarve 7","isPartOf":{"@id":"https:\/\/algarve7.pt\/#website"},"primaryImageOfPage":{"@id":"https:\/\/algarve7.pt\/index.php\/2025\/05\/municipios-do-algarve-aprovam-protocolo-para-constituicao-do-dispositivo-especial-de-combate-a-incendios-rurais-na-regiao\/ambiente\/09\/45\/#primaryimage"},"image":{"@id":"https:\/\/algarve7.pt\/index.php\/2025\/05\/municipios-do-algarve-aprovam-protocolo-para-constituicao-do-dispositivo-especial-de-combate-a-incendios-rurais-na-regiao\/ambiente\/09\/45\/#primaryimage"},"thumbnailUrl":"https:\/\/algarve7.pt\/wp-content\/uploads\/2025\/05\/decir_bombeiros.jpg","datePublished":"2025-05-14T08:45:00+00:00","description":"Munic\u00edpios do Algarve aprovam protocolo para constitui\u00e7\u00e3o do Dispositivo Especial de Combate a Inc\u00eandios Rurais na regi\u00e3o Ambiente","breadcrumb":{"@id":"https:\/\/algarve7.pt\/index.php\/2025\/05\/municipios-do-algarve-aprovam-protocolo-para-constituicao-do-dispositivo-especial-de-combate-a-incendios-rurais-na-regiao\/ambiente\/09\/45\/#breadcrumb"},"inLanguage":"pt-PT","potentialAction":[{"@type":"ReadAction","target":["https:\/\/algarve7.pt\/index.php\/2025\/05\/municipios-do-algarve-aprovam-protocolo-para-constituicao-do-dispositivo-especial-de-combate-a-incendios-rurais-na-regiao\/ambiente\/09\/45\/"]}]},{"@type":"ImageObject","inLanguage":"pt-PT","@id":"https:\/\/algarve7.pt\/index.php\/2025\/05\/municipios-do-algarve-aprovam-protocolo-para-constituicao-do-dispositivo-especial-de-combate-a-incendios-rurais-na-regiao\/ambiente\/09\/45\/#primaryimage","url":"https:\/\/algarve7.pt\/wp-content\/uploads\/2025\/05\/decir_bombeiros.jpg","contentUrl":"https:\/\/algarve7.pt\/wp-content\/uploads\/2025\/05\/decir_bombeiros.jpg","width":800,"height":500},{"@type":"BreadcrumbList","@id":"https:\/\/algarve7.pt\/index.php\/2025\/05\/municipios-do-algarve-aprovam-protocolo-para-constituicao-do-dispositivo-especial-de-combate-a-incendios-rurais-na-regiao\/ambiente\/09\/45\/#breadcrumb","itemListElement":[{"@type":"ListItem","position":1,"name":"In\u00edcio","item":"https:\/\/algarve7.pt\/"},{"@type":"ListItem","position":2,"name":"Munic\u00edpios do Algarve aprovam protocolo para constitui\u00e7\u00e3o do Dispositivo Especial de Combate a Inc\u00eandios Rurais na regi\u00e3o"}]},{"@type":"WebSite","@id":"https:\/\/algarve7.pt\/#website","url":"https:\/\/algarve7.pt\/","name":"Algarve 7","description":"Informa\u00e7\u00e3o sobre o Algarve","publisher":{"@id":"https:\/\/algarve7.pt\/#organization"},"potentialAction":[{"@type":"SearchAction","target":{"@type":"EntryPoint","urlTemplate":"https:\/\/algarve7.pt\/?s={search_term_string}"},"query-input":{"@type":"PropertyValueSpecification","valueRequired":true,"valueName":"search_term_string"}}],"inLanguage":"pt-PT"},{"@type":"Organization","@id":"https:\/\/algarve7.pt\/#organization","name":"Algarve 7","url":"https:\/\/algarve7.pt\/","logo":{"@type":"ImageObject","inLanguage":"pt-PT","@id":"https:\/\/algarve7.pt\/#\/schema\/logo\/image\/","url":"https:\/\/algarve7.pt\/wp-content\/uploads\/2020\/10\/Logo-8.jpg","contentUrl":"https:\/\/algarve7.pt\/wp-content\/uploads\/2020\/10\/Logo-8.jpg","width":1680,"height":1186,"caption":"Algarve 7"},"image":{"@id":"https:\/\/algarve7.pt\/#\/schema\/logo\/image\/"},"sameAs":["https:\/\/www.facebook.com\/algarve7","https:\/\/x.com\/Algarvesete","https:\/\/www.instagram.com\/jornalalgarve7\/","https:\/\/www.linkedin.com\/company\/algarve7","https:\/\/www.pinterest.pt\/geral0939\/_created\/"]},{"@type":"Person","@id":"https:\/\/algarve7.pt\/#\/schema\/person\/23fa70681308e7b319a3204bcea45e0c","name":"Algarve 7","sameAs":["https:\/\/algarve7.pt","https:\/\/www.facebook.com\/algarve7"],"url":"https:\/\/algarve7.pt\/index.php\/author\/geralalgarve7-pt\/"}]}},"jetpack_publicize_connections":[],"jetpack_featured_media_url":"https:\/\/algarve7.pt\/wp-content\/uploads\/2025\/05\/decir_bombeiros.jpg","jetpack_shortlink":"https:\/\/wp.me\/pcezmW-d5l","jetpack_sharing_enabled":true,"_links":{"self":[{"href":"https:\/\/algarve7.pt\/index.php\/wp-json\/wp\/v2\/posts\/50303","targetHints":{"allow":["GET"]}}],"collection":[{"href":"https:\/\/algarve7.pt\/index.php\/wp-json\/wp\/v2\/posts"}],"about":[{"href":"https:\/\/algarve7.pt\/index.php\/wp-json\/wp\/v2\/types\/post"}],"author":[{"embeddable":true,"href":"https:\/\/algarve7.pt\/index.php\/wp-json\/wp\/v2\/users\/1"}],"replies":[{"embeddable":true,"href":"https:\/\/algarve7.pt\/index.php\/wp-json\/wp\/v2\/comments?post=50303"}],"version-history":[{"count":0,"href":"https:\/\/algarve7.pt\/index.php\/wp-json\/wp\/v2\/posts\/50303\/revisions"}],"wp:featuredmedia":[{"embeddable":true,"href":"https:\/\/algarve7.pt\/index.php\/wp-json\/wp\/v2\/media\/50304"}],"wp:attachment":[{"href":"https:\/\/algarve7.pt\/index.php\/wp-json\/wp\/v2\/media?parent=50303"}],"wp:term":[{"taxonomy":"category","embeddable":true,"href":"https:\/\/algarve7.pt\/index.php\/wp-json\/wp\/v2\/categories?post=50303"},{"taxonomy":"post_tag","embeddable":true,"href":"https:\/\/algarve7.pt\/index.php\/wp-json\/wp\/v2\/tags?post=50303"}],"curies":[{"name":"wp","href":"https:\/\/api.w.org\/{rel}","templated":true}]}}