{"id":50229,"date":"2025-05-13T08:30:00","date_gmt":"2025-05-13T07:30:00","guid":{"rendered":"https:\/\/algarve7.pt\/?p=50229"},"modified":"2025-05-12T10:49:24","modified_gmt":"2025-05-12T09:49:24","slug":"querenca-volta-a-acolher-a-prova-com-maior-numero-de-inscritos-realizada-no-algarve-no-proximo-dia-8-de-junho","status":"publish","type":"post","link":"https:\/\/algarve7.pt\/index.php\/2025\/05\/querenca-volta-a-acolher-a-prova-com-maior-numero-de-inscritos-realizada-no-algarve-no-proximo-dia-8-de-junho\/desporto\/08\/30\/","title":{"rendered":"Queren\u00e7a volta a acolher a prova com maior n\u00famero de inscritos realizada no Algarve no pr\u00f3ximo dia 8 de junho"},"content":{"rendered":"\n<p>Ap\u00f3s o adiamento da prova (agendada para 26 de janeiro), devido a condi\u00e7\u00f5es meteorol\u00f3gicas adversas, a 3\u00aa edi\u00e7\u00e3o do&nbsp;<strong>Algarve Xtreme Trail<\/strong>&nbsp;reabriu as inscri\u00e7\u00f5es e promete ser (mais uma vez) inesquec\u00edvel!<\/p>\n\n\n\n<p>No pr\u00f3ximo dia 8 de junho, Queren\u00e7a volta a ser o palco de uma das provas de&nbsp;<em>trail running<\/em>&nbsp;mais emocionantes da regi\u00e3o, onde seguramente se voltar\u00e1 a esgotar o limite de inscri\u00e7\u00f5es (mais de mil na data do adiamento em janeiro, e a superar os 700 inscritos efetivos, \u00e0 data)!<\/p>\n\n\n\n<p>Atletas das mais diversas zonas do pa\u00eds, inclusive da ilha da Madeira, bem como de outros pa\u00edses como o Reino Unido, Fran\u00e7a e Espanha, j\u00e1 se encontram entre os confirmados para fazer parte de mais uma hist\u00f3ria de supera\u00e7\u00e3o, natureza e tradi\u00e7\u00e3o.<\/p>\n\n\n\n<p>Se ainda n\u00e3o conhece, inscreva-se no&nbsp;<strong>Algarve Xtreme Trail<\/strong>&nbsp;e venha correr por trilhos que revelam a beleza do&nbsp;<strong>Territ\u00f3rio do Aspirante Geoparque Algarvensis<\/strong>, entre paisagens deslumbrantes e patrim\u00f3nio cultural e natural vasto e rico.<\/p>\n\n\n\n<p>Nesta edi\u00e7\u00e3o, a organiza\u00e7\u00e3o apresenta como novidades uma nova dist\u00e2ncia Ultra de 47 kms e a certifica\u00e7\u00e3o dos percursos pela&nbsp;<a href=\"https:\/\/itra.run\/Races\/RaceDetails\/Algarve.Xtreme.Trail.AXT...Ultra\/2025\/98087\">ITRA<\/a>&nbsp;(<em>International Trail Running Association<\/em>), garantindo um maior reconhecimento internacional.<\/p>\n\n\n\n<p>A prova ser\u00e1 Xtremamente quente, e os atletas dever\u00e3o preparar-se para enfrentar o calor com resist\u00eancia e determina\u00e7\u00e3o.<\/p>\n\n\n\n<p>Seja na dist\u00e2ncia Sprint, Longo ou Ultra, cada percurso faz parte do respetivo Circuito de Trail do Algarve 2025, as provas trail Sprint e Longo integram a 7\u00aa ed. da Ta\u00e7a Alengarve Trail 2025 (TAT25); as 3 dist\u00e2ncias competitivas est\u00e3o igualmente integradas nos respetivos Circuito Nacionais de Trail da ATRP (Associa\u00e7\u00e3o de Trail Running de Portugal), promovendo o melhor do trail nacional e internacional.<\/p>\n\n\n\n<p>Para quem prefere um passeio mais tranquilo, a caminhada de 10 km convida todos a desfrutar do percurso com o esp\u00edrito de divers\u00e3o e bem-estar.<\/p>\n\n\n\n<p>A equipa&nbsp;<strong>Algarrunners,<\/strong>&nbsp;<strong>Associa\u00e7\u00e3o Desportiva de Corrida do Algarve<\/strong>&nbsp;convida a todos \u00e0 pr\u00e1tica desportiva conforme a filosofia do clube:<\/p>\n\n\n\n<p>\u201c<em>N\u00e3o precisas de ser o(a) primeiro(a)!!! N\u00e3o precisas de bater recordes ou ganhar trof\u00e9us! TU treinas para seres o teu melhor! Este \u00e9 o nosso prop\u00f3sito!!!<\/em><\/p>\n\n\n\n<p><em>TU \u00c9S O TEU PR\u00c9MIO!<\/em>&nbsp;\u201c<\/p>\n\n\n\n<p>As inscri\u00e7\u00f5es da 3\u00aa edi\u00e7\u00e3o do\u00a0<strong>Algarve Xtreme Trail<\/strong>\u00a0est\u00e3o abertas at\u00e9 1 de junho de 2025 no site\u00a0<a href=\"https:\/\/www.crono.aaalgarve.org\/eventos\/algarve-xtreme-trail-2025\" target=\"_blank\" rel=\"noreferrer noopener\">https:\/\/www.crono.aaalgarve.org\/eventos\/algarve-xtreme-trail-2025<\/a>.<\/p>\n","protected":false},"excerpt":{"rendered":"<p>Ap\u00f3s o adiamento da prova (agendada para 26 de janeiro), devido a condi\u00e7\u00f5es meteorol\u00f3gicas adversas, a 3\u00aa edi\u00e7\u00e3o do&nbsp;Algarve Xtreme<\/p>\n","protected":false},"author":1,"featured_media":50230,"comment_status":"closed","ping_status":"closed","sticky":false,"template":"","format":"standard","meta":{"colormag_page_container_layout":"default_layout","colormag_page_sidebar_layout":"default_layout","_monsterinsights_skip_tracking":false,"_monsterinsights_sitenote_active":false,"_monsterinsights_sitenote_note":"","_monsterinsights_sitenote_category":0,"jetpack_post_was_ever_published":false,"_jetpack_newsletter_access":"","_jetpack_dont_email_post_to_subs":false,"_jetpack_newsletter_tier_id":0,"_jetpack_memberships_contains_paywalled_content":false,"_jetpack_memberships_contains_paid_content":false,"footnotes":"","jetpack_publicize_message":"","jetpack_publicize_feature_enabled":true,"jetpack_social_post_already_shared":true,"jetpack_social_options":{"image_generator_settings":{"template":"highway","default_image_id":0,"font":"","enabled":false},"version":2}},"categories":[15],"tags":[36,40,429],"class_list":["post-50229","post","type-post","status-publish","format-standard","has-post-thumbnail","hentry","category-desporto","tag-algarve","tag-desporto","tag-querenca"],"yoast_head":"<!-- This site is optimized with the Yoast SEO plugin v27.5 - https:\/\/yoast.com\/product\/yoast-seo-wordpress\/ -->\n<title>Queren\u00e7a volta a acolher a prova com maior n\u00famero de inscritos realizada no Algarve no pr\u00f3ximo dia 8 de junho - Algarve 7<\/title>\n<meta name=\"description\" content=\"Queren\u00e7a volta a acolher a prova com maior n\u00famero de inscritos realizada no Algarve no pr\u00f3ximo dia 8 de junho Desporto\" \/>\n<meta name=\"robots\" content=\"index, follow, max-snippet:-1, max-image-preview:large, max-video-preview:-1\" \/>\n<link rel=\"canonical\" href=\"https:\/\/algarve7.pt\/index.php\/2025\/05\/querenca-volta-a-acolher-a-prova-com-maior-numero-de-inscritos-realizada-no-algarve-no-proximo-dia-8-de-junho\/desporto\/08\/30\/\" \/>\n<meta property=\"og:locale\" content=\"pt_PT\" \/>\n<meta property=\"og:type\" content=\"article\" \/>\n<meta property=\"og:title\" content=\"Queren\u00e7a volta a acolher a prova com maior n\u00famero de inscritos realizada no Algarve no pr\u00f3ximo dia 8 de junho - Algarve 7\" \/>\n<meta property=\"og:description\" content=\"Queren\u00e7a volta a acolher a prova com maior n\u00famero de inscritos realizada no Algarve no pr\u00f3ximo dia 8 de junho Desporto\" \/>\n<meta property=\"og:url\" content=\"https:\/\/algarve7.pt\/index.php\/2025\/05\/querenca-volta-a-acolher-a-prova-com-maior-numero-de-inscritos-realizada-no-algarve-no-proximo-dia-8-de-junho\/desporto\/08\/30\/\" \/>\n<meta property=\"og:site_name\" content=\"Algarve 7\" \/>\n<meta property=\"article:publisher\" content=\"https:\/\/www.facebook.com\/algarve7\" \/>\n<meta property=\"article:author\" content=\"https:\/\/www.facebook.com\/algarve7\" \/>\n<meta property=\"article:published_time\" content=\"2025-05-13T07:30:00+00:00\" \/>\n<meta property=\"og:image\" content=\"https:\/\/algarve7.pt\/wp-content\/uploads\/2025\/05\/Captura-de-ecra-2025-05-12-as-10.46.35.png\" \/>\n\t<meta property=\"og:image:width\" content=\"800\" \/>\n\t<meta property=\"og:image:height\" content=\"500\" \/>\n\t<meta property=\"og:image:type\" content=\"image\/png\" \/>\n<meta name=\"author\" content=\"Algarve 7\" \/>\n<meta name=\"twitter:card\" content=\"summary_large_image\" \/>\n<meta name=\"twitter:creator\" content=\"@Algarvesete\" \/>\n<meta name=\"twitter:site\" content=\"@Algarvesete\" \/>\n<meta name=\"twitter:label1\" content=\"Escrito por\" \/>\n\t<meta name=\"twitter:data1\" content=\"Algarve 7\" \/>\n\t<meta name=\"twitter:label2\" content=\"Tempo estimado de leitura\" \/>\n\t<meta name=\"twitter:data2\" content=\"3 minutos\" \/>\n<script type=\"application\/ld+json\" class=\"yoast-schema-graph\">{\"@context\":\"https:\\\/\\\/schema.org\",\"@graph\":[{\"@type\":\"Article\",\"@id\":\"https:\\\/\\\/algarve7.pt\\\/index.php\\\/2025\\\/05\\\/querenca-volta-a-acolher-a-prova-com-maior-numero-de-inscritos-realizada-no-algarve-no-proximo-dia-8-de-junho\\\/desporto\\\/08\\\/30\\\/#article\",\"isPartOf\":{\"@id\":\"https:\\\/\\\/algarve7.pt\\\/index.php\\\/2025\\\/05\\\/querenca-volta-a-acolher-a-prova-com-maior-numero-de-inscritos-realizada-no-algarve-no-proximo-dia-8-de-junho\\\/desporto\\\/08\\\/30\\\/\"},\"author\":{\"name\":\"Algarve 7\",\"@id\":\"https:\\\/\\\/algarve7.pt\\\/#\\\/schema\\\/person\\\/23fa70681308e7b319a3204bcea45e0c\"},\"headline\":\"Queren\u00e7a volta a acolher a prova com maior n\u00famero de inscritos realizada no Algarve no pr\u00f3ximo dia 8 de junho\",\"datePublished\":\"2025-05-13T07:30:00+00:00\",\"mainEntityOfPage\":{\"@id\":\"https:\\\/\\\/algarve7.pt\\\/index.php\\\/2025\\\/05\\\/querenca-volta-a-acolher-a-prova-com-maior-numero-de-inscritos-realizada-no-algarve-no-proximo-dia-8-de-junho\\\/desporto\\\/08\\\/30\\\/\"},\"wordCount\":438,\"publisher\":{\"@id\":\"https:\\\/\\\/algarve7.pt\\\/#organization\"},\"image\":{\"@id\":\"https:\\\/\\\/algarve7.pt\\\/index.php\\\/2025\\\/05\\\/querenca-volta-a-acolher-a-prova-com-maior-numero-de-inscritos-realizada-no-algarve-no-proximo-dia-8-de-junho\\\/desporto\\\/08\\\/30\\\/#primaryimage\"},\"thumbnailUrl\":\"https:\\\/\\\/algarve7.pt\\\/wp-content\\\/uploads\\\/2025\\\/05\\\/Captura-de-ecra-2025-05-12-as-10.46.35.png\",\"keywords\":[\"Algarve\",\"Desporto\",\"Queren\u00e7a\"],\"articleSection\":[\"Desporto\"],\"inLanguage\":\"pt-PT\"},{\"@type\":\"WebPage\",\"@id\":\"https:\\\/\\\/algarve7.pt\\\/index.php\\\/2025\\\/05\\\/querenca-volta-a-acolher-a-prova-com-maior-numero-de-inscritos-realizada-no-algarve-no-proximo-dia-8-de-junho\\\/desporto\\\/08\\\/30\\\/\",\"url\":\"https:\\\/\\\/algarve7.pt\\\/index.php\\\/2025\\\/05\\\/querenca-volta-a-acolher-a-prova-com-maior-numero-de-inscritos-realizada-no-algarve-no-proximo-dia-8-de-junho\\\/desporto\\\/08\\\/30\\\/\",\"name\":\"Queren\u00e7a volta a acolher a prova com maior n\u00famero de inscritos realizada no Algarve no pr\u00f3ximo dia 8 de junho - Algarve 7\",\"isPartOf\":{\"@id\":\"https:\\\/\\\/algarve7.pt\\\/#website\"},\"primaryImageOfPage\":{\"@id\":\"https:\\\/\\\/algarve7.pt\\\/index.php\\\/2025\\\/05\\\/querenca-volta-a-acolher-a-prova-com-maior-numero-de-inscritos-realizada-no-algarve-no-proximo-dia-8-de-junho\\\/desporto\\\/08\\\/30\\\/#primaryimage\"},\"image\":{\"@id\":\"https:\\\/\\\/algarve7.pt\\\/index.php\\\/2025\\\/05\\\/querenca-volta-a-acolher-a-prova-com-maior-numero-de-inscritos-realizada-no-algarve-no-proximo-dia-8-de-junho\\\/desporto\\\/08\\\/30\\\/#primaryimage\"},\"thumbnailUrl\":\"https:\\\/\\\/algarve7.pt\\\/wp-content\\\/uploads\\\/2025\\\/05\\\/Captura-de-ecra-2025-05-12-as-10.46.35.png\",\"datePublished\":\"2025-05-13T07:30:00+00:00\",\"description\":\"Queren\u00e7a volta a acolher a prova com maior n\u00famero de inscritos realizada no Algarve no pr\u00f3ximo dia 8 de junho Desporto\",\"breadcrumb\":{\"@id\":\"https:\\\/\\\/algarve7.pt\\\/index.php\\\/2025\\\/05\\\/querenca-volta-a-acolher-a-prova-com-maior-numero-de-inscritos-realizada-no-algarve-no-proximo-dia-8-de-junho\\\/desporto\\\/08\\\/30\\\/#breadcrumb\"},\"inLanguage\":\"pt-PT\",\"potentialAction\":[{\"@type\":\"ReadAction\",\"target\":[\"https:\\\/\\\/algarve7.pt\\\/index.php\\\/2025\\\/05\\\/querenca-volta-a-acolher-a-prova-com-maior-numero-de-inscritos-realizada-no-algarve-no-proximo-dia-8-de-junho\\\/desporto\\\/08\\\/30\\\/\"]}]},{\"@type\":\"ImageObject\",\"inLanguage\":\"pt-PT\",\"@id\":\"https:\\\/\\\/algarve7.pt\\\/index.php\\\/2025\\\/05\\\/querenca-volta-a-acolher-a-prova-com-maior-numero-de-inscritos-realizada-no-algarve-no-proximo-dia-8-de-junho\\\/desporto\\\/08\\\/30\\\/#primaryimage\",\"url\":\"https:\\\/\\\/algarve7.pt\\\/wp-content\\\/uploads\\\/2025\\\/05\\\/Captura-de-ecra-2025-05-12-as-10.46.35.png\",\"contentUrl\":\"https:\\\/\\\/algarve7.pt\\\/wp-content\\\/uploads\\\/2025\\\/05\\\/Captura-de-ecra-2025-05-12-as-10.46.35.png\",\"width\":800,\"height\":500},{\"@type\":\"BreadcrumbList\",\"@id\":\"https:\\\/\\\/algarve7.pt\\\/index.php\\\/2025\\\/05\\\/querenca-volta-a-acolher-a-prova-com-maior-numero-de-inscritos-realizada-no-algarve-no-proximo-dia-8-de-junho\\\/desporto\\\/08\\\/30\\\/#breadcrumb\",\"itemListElement\":[{\"@type\":\"ListItem\",\"position\":1,\"name\":\"In\u00edcio\",\"item\":\"https:\\\/\\\/algarve7.pt\\\/\"},{\"@type\":\"ListItem\",\"position\":2,\"name\":\"Queren\u00e7a volta a acolher a prova com maior n\u00famero de inscritos realizada no Algarve no pr\u00f3ximo dia 8 de junho\"}]},{\"@type\":\"WebSite\",\"@id\":\"https:\\\/\\\/algarve7.pt\\\/#website\",\"url\":\"https:\\\/\\\/algarve7.pt\\\/\",\"name\":\"Algarve 7\",\"description\":\"Informa\u00e7\u00e3o sobre o Algarve\",\"publisher\":{\"@id\":\"https:\\\/\\\/algarve7.pt\\\/#organization\"},\"potentialAction\":[{\"@type\":\"SearchAction\",\"target\":{\"@type\":\"EntryPoint\",\"urlTemplate\":\"https:\\\/\\\/algarve7.pt\\\/?s={search_term_string}\"},\"query-input\":{\"@type\":\"PropertyValueSpecification\",\"valueRequired\":true,\"valueName\":\"search_term_string\"}}],\"inLanguage\":\"pt-PT\"},{\"@type\":\"Organization\",\"@id\":\"https:\\\/\\\/algarve7.pt\\\/#organization\",\"name\":\"Algarve 7\",\"url\":\"https:\\\/\\\/algarve7.pt\\\/\",\"logo\":{\"@type\":\"ImageObject\",\"inLanguage\":\"pt-PT\",\"@id\":\"https:\\\/\\\/algarve7.pt\\\/#\\\/schema\\\/logo\\\/image\\\/\",\"url\":\"https:\\\/\\\/algarve7.pt\\\/wp-content\\\/uploads\\\/2020\\\/10\\\/Logo-8.jpg\",\"contentUrl\":\"https:\\\/\\\/algarve7.pt\\\/wp-content\\\/uploads\\\/2020\\\/10\\\/Logo-8.jpg\",\"width\":1680,\"height\":1186,\"caption\":\"Algarve 7\"},\"image\":{\"@id\":\"https:\\\/\\\/algarve7.pt\\\/#\\\/schema\\\/logo\\\/image\\\/\"},\"sameAs\":[\"https:\\\/\\\/www.facebook.com\\\/algarve7\",\"https:\\\/\\\/x.com\\\/Algarvesete\",\"https:\\\/\\\/www.instagram.com\\\/jornalalgarve7\\\/\",\"https:\\\/\\\/www.linkedin.com\\\/company\\\/algarve7\",\"https:\\\/\\\/www.pinterest.pt\\\/geral0939\\\/_created\\\/\"]},{\"@type\":\"Person\",\"@id\":\"https:\\\/\\\/algarve7.pt\\\/#\\\/schema\\\/person\\\/23fa70681308e7b319a3204bcea45e0c\",\"name\":\"Algarve 7\",\"sameAs\":[\"https:\\\/\\\/algarve7.pt\",\"https:\\\/\\\/www.facebook.com\\\/algarve7\"],\"url\":\"https:\\\/\\\/algarve7.pt\\\/index.php\\\/author\\\/geralalgarve7-pt\\\/\"}]}<\/script>\n<!-- \/ Yoast SEO plugin. -->","yoast_head_json":{"title":"Queren\u00e7a volta a acolher a prova com maior n\u00famero de inscritos realizada no Algarve no pr\u00f3ximo dia 8 de junho - Algarve 7","description":"Queren\u00e7a volta a acolher a prova com maior n\u00famero de inscritos realizada no Algarve no pr\u00f3ximo dia 8 de junho Desporto","robots":{"index":"index","follow":"follow","max-snippet":"max-snippet:-1","max-image-preview":"max-image-preview:large","max-video-preview":"max-video-preview:-1"},"canonical":"https:\/\/algarve7.pt\/index.php\/2025\/05\/querenca-volta-a-acolher-a-prova-com-maior-numero-de-inscritos-realizada-no-algarve-no-proximo-dia-8-de-junho\/desporto\/08\/30\/","og_locale":"pt_PT","og_type":"article","og_title":"Queren\u00e7a volta a acolher a prova com maior n\u00famero de inscritos realizada no Algarve no pr\u00f3ximo dia 8 de junho - Algarve 7","og_description":"Queren\u00e7a volta a acolher a prova com maior n\u00famero de inscritos realizada no Algarve no pr\u00f3ximo dia 8 de junho Desporto","og_url":"https:\/\/algarve7.pt\/index.php\/2025\/05\/querenca-volta-a-acolher-a-prova-com-maior-numero-de-inscritos-realizada-no-algarve-no-proximo-dia-8-de-junho\/desporto\/08\/30\/","og_site_name":"Algarve 7","article_publisher":"https:\/\/www.facebook.com\/algarve7","article_author":"https:\/\/www.facebook.com\/algarve7","article_published_time":"2025-05-13T07:30:00+00:00","og_image":[{"width":800,"height":500,"url":"https:\/\/algarve7.pt\/wp-content\/uploads\/2025\/05\/Captura-de-ecra-2025-05-12-as-10.46.35.png","type":"image\/png"}],"author":"Algarve 7","twitter_card":"summary_large_image","twitter_creator":"@Algarvesete","twitter_site":"@Algarvesete","twitter_misc":{"Escrito por":"Algarve 7","Tempo estimado de leitura":"3 minutos"},"schema":{"@context":"https:\/\/schema.org","@graph":[{"@type":"Article","@id":"https:\/\/algarve7.pt\/index.php\/2025\/05\/querenca-volta-a-acolher-a-prova-com-maior-numero-de-inscritos-realizada-no-algarve-no-proximo-dia-8-de-junho\/desporto\/08\/30\/#article","isPartOf":{"@id":"https:\/\/algarve7.pt\/index.php\/2025\/05\/querenca-volta-a-acolher-a-prova-com-maior-numero-de-inscritos-realizada-no-algarve-no-proximo-dia-8-de-junho\/desporto\/08\/30\/"},"author":{"name":"Algarve 7","@id":"https:\/\/algarve7.pt\/#\/schema\/person\/23fa70681308e7b319a3204bcea45e0c"},"headline":"Queren\u00e7a volta a acolher a prova com maior n\u00famero de inscritos realizada no Algarve no pr\u00f3ximo dia 8 de junho","datePublished":"2025-05-13T07:30:00+00:00","mainEntityOfPage":{"@id":"https:\/\/algarve7.pt\/index.php\/2025\/05\/querenca-volta-a-acolher-a-prova-com-maior-numero-de-inscritos-realizada-no-algarve-no-proximo-dia-8-de-junho\/desporto\/08\/30\/"},"wordCount":438,"publisher":{"@id":"https:\/\/algarve7.pt\/#organization"},"image":{"@id":"https:\/\/algarve7.pt\/index.php\/2025\/05\/querenca-volta-a-acolher-a-prova-com-maior-numero-de-inscritos-realizada-no-algarve-no-proximo-dia-8-de-junho\/desporto\/08\/30\/#primaryimage"},"thumbnailUrl":"https:\/\/algarve7.pt\/wp-content\/uploads\/2025\/05\/Captura-de-ecra-2025-05-12-as-10.46.35.png","keywords":["Algarve","Desporto","Queren\u00e7a"],"articleSection":["Desporto"],"inLanguage":"pt-PT"},{"@type":"WebPage","@id":"https:\/\/algarve7.pt\/index.php\/2025\/05\/querenca-volta-a-acolher-a-prova-com-maior-numero-de-inscritos-realizada-no-algarve-no-proximo-dia-8-de-junho\/desporto\/08\/30\/","url":"https:\/\/algarve7.pt\/index.php\/2025\/05\/querenca-volta-a-acolher-a-prova-com-maior-numero-de-inscritos-realizada-no-algarve-no-proximo-dia-8-de-junho\/desporto\/08\/30\/","name":"Queren\u00e7a volta a acolher a prova com maior n\u00famero de inscritos realizada no Algarve no pr\u00f3ximo dia 8 de junho - Algarve 7","isPartOf":{"@id":"https:\/\/algarve7.pt\/#website"},"primaryImageOfPage":{"@id":"https:\/\/algarve7.pt\/index.php\/2025\/05\/querenca-volta-a-acolher-a-prova-com-maior-numero-de-inscritos-realizada-no-algarve-no-proximo-dia-8-de-junho\/desporto\/08\/30\/#primaryimage"},"image":{"@id":"https:\/\/algarve7.pt\/index.php\/2025\/05\/querenca-volta-a-acolher-a-prova-com-maior-numero-de-inscritos-realizada-no-algarve-no-proximo-dia-8-de-junho\/desporto\/08\/30\/#primaryimage"},"thumbnailUrl":"https:\/\/algarve7.pt\/wp-content\/uploads\/2025\/05\/Captura-de-ecra-2025-05-12-as-10.46.35.png","datePublished":"2025-05-13T07:30:00+00:00","description":"Queren\u00e7a volta a acolher a prova com maior n\u00famero de inscritos realizada no Algarve no pr\u00f3ximo dia 8 de junho Desporto","breadcrumb":{"@id":"https:\/\/algarve7.pt\/index.php\/2025\/05\/querenca-volta-a-acolher-a-prova-com-maior-numero-de-inscritos-realizada-no-algarve-no-proximo-dia-8-de-junho\/desporto\/08\/30\/#breadcrumb"},"inLanguage":"pt-PT","potentialAction":[{"@type":"ReadAction","target":["https:\/\/algarve7.pt\/index.php\/2025\/05\/querenca-volta-a-acolher-a-prova-com-maior-numero-de-inscritos-realizada-no-algarve-no-proximo-dia-8-de-junho\/desporto\/08\/30\/"]}]},{"@type":"ImageObject","inLanguage":"pt-PT","@id":"https:\/\/algarve7.pt\/index.php\/2025\/05\/querenca-volta-a-acolher-a-prova-com-maior-numero-de-inscritos-realizada-no-algarve-no-proximo-dia-8-de-junho\/desporto\/08\/30\/#primaryimage","url":"https:\/\/algarve7.pt\/wp-content\/uploads\/2025\/05\/Captura-de-ecra-2025-05-12-as-10.46.35.png","contentUrl":"https:\/\/algarve7.pt\/wp-content\/uploads\/2025\/05\/Captura-de-ecra-2025-05-12-as-10.46.35.png","width":800,"height":500},{"@type":"BreadcrumbList","@id":"https:\/\/algarve7.pt\/index.php\/2025\/05\/querenca-volta-a-acolher-a-prova-com-maior-numero-de-inscritos-realizada-no-algarve-no-proximo-dia-8-de-junho\/desporto\/08\/30\/#breadcrumb","itemListElement":[{"@type":"ListItem","position":1,"name":"In\u00edcio","item":"https:\/\/algarve7.pt\/"},{"@type":"ListItem","position":2,"name":"Queren\u00e7a volta a acolher a prova com maior n\u00famero de inscritos realizada no Algarve no pr\u00f3ximo dia 8 de junho"}]},{"@type":"WebSite","@id":"https:\/\/algarve7.pt\/#website","url":"https:\/\/algarve7.pt\/","name":"Algarve 7","description":"Informa\u00e7\u00e3o sobre o Algarve","publisher":{"@id":"https:\/\/algarve7.pt\/#organization"},"potentialAction":[{"@type":"SearchAction","target":{"@type":"EntryPoint","urlTemplate":"https:\/\/algarve7.pt\/?s={search_term_string}"},"query-input":{"@type":"PropertyValueSpecification","valueRequired":true,"valueName":"search_term_string"}}],"inLanguage":"pt-PT"},{"@type":"Organization","@id":"https:\/\/algarve7.pt\/#organization","name":"Algarve 7","url":"https:\/\/algarve7.pt\/","logo":{"@type":"ImageObject","inLanguage":"pt-PT","@id":"https:\/\/algarve7.pt\/#\/schema\/logo\/image\/","url":"https:\/\/algarve7.pt\/wp-content\/uploads\/2020\/10\/Logo-8.jpg","contentUrl":"https:\/\/algarve7.pt\/wp-content\/uploads\/2020\/10\/Logo-8.jpg","width":1680,"height":1186,"caption":"Algarve 7"},"image":{"@id":"https:\/\/algarve7.pt\/#\/schema\/logo\/image\/"},"sameAs":["https:\/\/www.facebook.com\/algarve7","https:\/\/x.com\/Algarvesete","https:\/\/www.instagram.com\/jornalalgarve7\/","https:\/\/www.linkedin.com\/company\/algarve7","https:\/\/www.pinterest.pt\/geral0939\/_created\/"]},{"@type":"Person","@id":"https:\/\/algarve7.pt\/#\/schema\/person\/23fa70681308e7b319a3204bcea45e0c","name":"Algarve 7","sameAs":["https:\/\/algarve7.pt","https:\/\/www.facebook.com\/algarve7"],"url":"https:\/\/algarve7.pt\/index.php\/author\/geralalgarve7-pt\/"}]}},"jetpack_publicize_connections":[],"jetpack_featured_media_url":"https:\/\/algarve7.pt\/wp-content\/uploads\/2025\/05\/Captura-de-ecra-2025-05-12-as-10.46.35.png","jetpack_shortlink":"https:\/\/wp.me\/pcezmW-d49","jetpack_sharing_enabled":true,"_links":{"self":[{"href":"https:\/\/algarve7.pt\/index.php\/wp-json\/wp\/v2\/posts\/50229","targetHints":{"allow":["GET"]}}],"collection":[{"href":"https:\/\/algarve7.pt\/index.php\/wp-json\/wp\/v2\/posts"}],"about":[{"href":"https:\/\/algarve7.pt\/index.php\/wp-json\/wp\/v2\/types\/post"}],"author":[{"embeddable":true,"href":"https:\/\/algarve7.pt\/index.php\/wp-json\/wp\/v2\/users\/1"}],"replies":[{"embeddable":true,"href":"https:\/\/algarve7.pt\/index.php\/wp-json\/wp\/v2\/comments?post=50229"}],"version-history":[{"count":0,"href":"https:\/\/algarve7.pt\/index.php\/wp-json\/wp\/v2\/posts\/50229\/revisions"}],"wp:featuredmedia":[{"embeddable":true,"href":"https:\/\/algarve7.pt\/index.php\/wp-json\/wp\/v2\/media\/50230"}],"wp:attachment":[{"href":"https:\/\/algarve7.pt\/index.php\/wp-json\/wp\/v2\/media?parent=50229"}],"wp:term":[{"taxonomy":"category","embeddable":true,"href":"https:\/\/algarve7.pt\/index.php\/wp-json\/wp\/v2\/categories?post=50229"},{"taxonomy":"post_tag","embeddable":true,"href":"https:\/\/algarve7.pt\/index.php\/wp-json\/wp\/v2\/tags?post=50229"}],"curies":[{"name":"wp","href":"https:\/\/api.w.org\/{rel}","templated":true}]}}