{"id":50194,"date":"2025-05-12T08:30:00","date_gmt":"2025-05-12T07:30:00","guid":{"rendered":"https:\/\/algarve7.pt\/?p=50194"},"modified":"2025-05-09T19:11:30","modified_gmt":"2025-05-09T18:11:30","slug":"ferreiras-acolhe-2-a-edicao-dos-ant-games-dia-olimpico","status":"publish","type":"post","link":"https:\/\/algarve7.pt\/index.php\/2025\/05\/ferreiras-acolhe-2-a-edicao-dos-ant-games-dia-olimpico\/desporto\/08\/30\/","title":{"rendered":"Ferreiras acolhe 2.\u00aa edi\u00e7\u00e3o dos \u00abANT GAMES\u00bb \u2013 Dia Ol\u00edmpico"},"content":{"rendered":"\n<p><strong>No pr\u00f3ximo dia 14 de maio, a Escola EBI de Ferreiras ser\u00e1 palco da 2.\u00aa edi\u00e7\u00e3o dos \u00abANT GAMES\u00bb \u2013 Dia Ol\u00edmpico, uma celebra\u00e7\u00e3o comunit\u00e1ria da educa\u00e7\u00e3o, do desporto, da cidadania e da inclus\u00e3o. O evento, organizado pela Junta de Freguesia de Ferreiras, os Agrupamentos de Escolas de Albufeira Poente e de Ferreiras, e a Associa\u00e7\u00e3o Albufeira Activa, contando ainda com o apoio institucional do Comit\u00e9 Ol\u00edmpico de Portugal, do IPDJ e da CCDR &#8211; Europe Direct.<\/strong><\/p>\n\n\n\n<p>Ap\u00f3s o sucesso que foi a 1\u00aa edi\u00e7\u00e3o, no dia 24 de abril, na freguesia da Guia, com cerca de 450 crian\u00e7as, desta vez ser\u00e3o mais de 650 participantes, dos jardins de inf\u00e2ncia e escolas do 1.\u00ba ciclo da freguesia de Ferreiras, a estar envolvidas nesta iniciativa, que vai contar tamb\u00e9m com mais de 130 alunos e professores, que assumir\u00e3o o apoio log\u00edstico, e de 23 institui\u00e7\u00f5es locais, regionais e nacionais, na dinamiza\u00e7\u00e3o das atividades.<\/p>\n\n\n\n<p><strong>Jorge Carmo<\/strong>, Presidente da Junta de Freguesia de Ferreiras, destaca o impacto comunit\u00e1rio do evento: \u201c\u00c9 com grande orgulho que recebemos os \u00abANT GAMES\u00bb na nossa freguesia. Esta iniciativa simboliza aquilo que mais valorizamos: uma comunidade viva, colaborativa e comprometida com o futuro das nossas crian\u00e7as. Acreditamos que investir nestes momentos \u00e9 investir no desenvolvimento integral das novas gera\u00e7\u00f5es.\u201d<\/p>\n\n\n\n<p>Durante toda a tarde, as crian\u00e7as ser\u00e3o desafiadas a participar em esta\u00e7\u00f5es de atividades ligadas \u00e0 ci\u00eancia, ao ambiente, \u00e0 cultura e ao movimento, num ambiente festivo e inclusivo, alinhado com os valores ol\u00edmpicos de excel\u00eancia, amizade e respeito.<\/p>\n\n\n\n<p><strong>V\u00edtor Ferraz<\/strong>, Diretor do Agrupamento de Escolas de Ferreiras, sublinha a import\u00e2ncia pedag\u00f3gica da iniciativa: \u201cOs \u00abANT GAMES\u00bb s\u00e3o uma extens\u00e3o daquilo que promovemos em contexto escolar: a aprendizagem pela experi\u00eancia, a valoriza\u00e7\u00e3o do outro, e o trabalho em rede. Para os alunos mais novos, ser\u00e1 uma experi\u00eancia memor\u00e1vel. Para os mais velhinhos, os adolescentes que ir\u00e3o colaborar na organiza\u00e7\u00e3o, uma oportunidade real de aplicar compet\u00eancias e crescer em contexto.\u201d<\/p>\n\n\n\n<p><strong>Andr\u00e9 Lima<\/strong>, professor do Agrupamento de Escolas de Albufeira Poente, membro da Associa\u00e7\u00e3o Albufeira Activa, e respons\u00e1vel pela coordena\u00e7\u00e3o do projeto, refor\u00e7a a dimens\u00e3o educativa e social da iniciativa: \u201cOs \u00abANT GAMES\u00bb s\u00e3o uma celebra\u00e7\u00e3o da coopera\u00e7\u00e3o entre institui\u00e7\u00f5es. Reunimos escolas, associa\u00e7\u00f5es, entidades p\u00fablicas e privadas para criar um momento \u00fanico de partilha, aprendizagem e movimento. Cada crian\u00e7a deve poder crescer com experi\u00eancias que promovam o seu bem-estar, a sua curiosidade e o seu sentido de perten\u00e7a \u00e0 comunidade.\u201d<\/p>\n\n\n\n<p>O momento alto do evento ser\u00e1 a simb\u00f3lica cerim\u00f3nia de encerramento, com a&nbsp;<strong>entrega de medalhas,<\/strong>&nbsp;onde se pretende homenagear a participa\u00e7\u00e3o de todas as crian\u00e7as, refor\u00e7ando o valor da sua presen\u00e7a e do esfor\u00e7o coletivo.<\/p>\n","protected":false},"excerpt":{"rendered":"<p>No pr\u00f3ximo dia 14 de maio, a Escola EBI de Ferreiras ser\u00e1 palco da 2.\u00aa edi\u00e7\u00e3o dos \u00abANT GAMES\u00bb \u2013<\/p>\n","protected":false},"author":1,"featured_media":50195,"comment_status":"closed","ping_status":"closed","sticky":false,"template":"","format":"standard","meta":{"colormag_page_container_layout":"default_layout","colormag_page_sidebar_layout":"default_layout","_monsterinsights_skip_tracking":false,"_monsterinsights_sitenote_active":false,"_monsterinsights_sitenote_note":"","_monsterinsights_sitenote_category":0,"jetpack_post_was_ever_published":false,"_jetpack_newsletter_access":"","_jetpack_dont_email_post_to_subs":false,"_jetpack_newsletter_tier_id":0,"_jetpack_memberships_contains_paywalled_content":false,"_jetpack_memberships_contains_paid_content":false,"footnotes":"","jetpack_publicize_message":"","jetpack_publicize_feature_enabled":true,"jetpack_social_post_already_shared":true,"jetpack_social_options":{"image_generator_settings":{"template":"highway","default_image_id":0,"font":"","enabled":false},"version":2}},"categories":[15],"tags":[155,36,40],"class_list":["post-50194","post","type-post","status-publish","format-standard","has-post-thumbnail","hentry","category-desporto","tag-albufeira","tag-algarve","tag-desporto"],"yoast_head":"<!-- This site is optimized with the Yoast SEO plugin v27.5 - https:\/\/yoast.com\/product\/yoast-seo-wordpress\/ -->\n<title>Ferreiras acolhe 2.\u00aa edi\u00e7\u00e3o dos \u00abANT GAMES\u00bb \u2013 Dia Ol\u00edmpico - Algarve 7<\/title>\n<meta name=\"description\" content=\"Ferreiras acolhe 2.\u00aa edi\u00e7\u00e3o dos \u00abANT GAMES\u00bb \u2013 Dia Ol\u00edmpico Desporto\" \/>\n<meta name=\"robots\" content=\"index, follow, max-snippet:-1, max-image-preview:large, max-video-preview:-1\" \/>\n<link rel=\"canonical\" href=\"https:\/\/algarve7.pt\/index.php\/2025\/05\/ferreiras-acolhe-2-a-edicao-dos-ant-games-dia-olimpico\/desporto\/08\/30\/\" \/>\n<meta property=\"og:locale\" content=\"pt_PT\" \/>\n<meta property=\"og:type\" content=\"article\" \/>\n<meta property=\"og:title\" content=\"Ferreiras acolhe 2.\u00aa edi\u00e7\u00e3o dos \u00abANT GAMES\u00bb \u2013 Dia Ol\u00edmpico - Algarve 7\" \/>\n<meta property=\"og:description\" content=\"Ferreiras acolhe 2.\u00aa edi\u00e7\u00e3o dos \u00abANT GAMES\u00bb \u2013 Dia Ol\u00edmpico Desporto\" \/>\n<meta property=\"og:url\" content=\"https:\/\/algarve7.pt\/index.php\/2025\/05\/ferreiras-acolhe-2-a-edicao-dos-ant-games-dia-olimpico\/desporto\/08\/30\/\" \/>\n<meta property=\"og:site_name\" content=\"Algarve 7\" \/>\n<meta property=\"article:publisher\" content=\"https:\/\/www.facebook.com\/algarve7\" \/>\n<meta property=\"article:author\" content=\"https:\/\/www.facebook.com\/algarve7\" \/>\n<meta property=\"article:published_time\" content=\"2025-05-12T07:30:00+00:00\" \/>\n<meta property=\"og:image\" content=\"https:\/\/algarve7.pt\/wp-content\/uploads\/2025\/05\/8.jpg\" \/>\n\t<meta property=\"og:image:width\" content=\"800\" \/>\n\t<meta property=\"og:image:height\" content=\"500\" \/>\n\t<meta property=\"og:image:type\" content=\"image\/jpeg\" \/>\n<meta name=\"author\" content=\"Algarve 7\" \/>\n<meta name=\"twitter:card\" content=\"summary_large_image\" \/>\n<meta name=\"twitter:creator\" content=\"@Algarvesete\" \/>\n<meta name=\"twitter:site\" content=\"@Algarvesete\" \/>\n<meta name=\"twitter:label1\" content=\"Escrito por\" \/>\n\t<meta name=\"twitter:data1\" content=\"Algarve 7\" \/>\n\t<meta name=\"twitter:label2\" content=\"Tempo estimado de leitura\" \/>\n\t<meta name=\"twitter:data2\" content=\"3 minutos\" \/>\n<script type=\"application\/ld+json\" class=\"yoast-schema-graph\">{\"@context\":\"https:\\\/\\\/schema.org\",\"@graph\":[{\"@type\":\"Article\",\"@id\":\"https:\\\/\\\/algarve7.pt\\\/index.php\\\/2025\\\/05\\\/ferreiras-acolhe-2-a-edicao-dos-ant-games-dia-olimpico\\\/desporto\\\/08\\\/30\\\/#article\",\"isPartOf\":{\"@id\":\"https:\\\/\\\/algarve7.pt\\\/index.php\\\/2025\\\/05\\\/ferreiras-acolhe-2-a-edicao-dos-ant-games-dia-olimpico\\\/desporto\\\/08\\\/30\\\/\"},\"author\":{\"name\":\"Algarve 7\",\"@id\":\"https:\\\/\\\/algarve7.pt\\\/#\\\/schema\\\/person\\\/23fa70681308e7b319a3204bcea45e0c\"},\"headline\":\"Ferreiras acolhe 2.\u00aa edi\u00e7\u00e3o dos \u00abANT GAMES\u00bb \u2013 Dia Ol\u00edmpico\",\"datePublished\":\"2025-05-12T07:30:00+00:00\",\"mainEntityOfPage\":{\"@id\":\"https:\\\/\\\/algarve7.pt\\\/index.php\\\/2025\\\/05\\\/ferreiras-acolhe-2-a-edicao-dos-ant-games-dia-olimpico\\\/desporto\\\/08\\\/30\\\/\"},\"wordCount\":493,\"publisher\":{\"@id\":\"https:\\\/\\\/algarve7.pt\\\/#organization\"},\"image\":{\"@id\":\"https:\\\/\\\/algarve7.pt\\\/index.php\\\/2025\\\/05\\\/ferreiras-acolhe-2-a-edicao-dos-ant-games-dia-olimpico\\\/desporto\\\/08\\\/30\\\/#primaryimage\"},\"thumbnailUrl\":\"https:\\\/\\\/algarve7.pt\\\/wp-content\\\/uploads\\\/2025\\\/05\\\/8.jpg\",\"keywords\":[\"Albufeira\",\"Algarve\",\"Desporto\"],\"articleSection\":[\"Desporto\"],\"inLanguage\":\"pt-PT\"},{\"@type\":\"WebPage\",\"@id\":\"https:\\\/\\\/algarve7.pt\\\/index.php\\\/2025\\\/05\\\/ferreiras-acolhe-2-a-edicao-dos-ant-games-dia-olimpico\\\/desporto\\\/08\\\/30\\\/\",\"url\":\"https:\\\/\\\/algarve7.pt\\\/index.php\\\/2025\\\/05\\\/ferreiras-acolhe-2-a-edicao-dos-ant-games-dia-olimpico\\\/desporto\\\/08\\\/30\\\/\",\"name\":\"Ferreiras acolhe 2.\u00aa edi\u00e7\u00e3o dos \u00abANT GAMES\u00bb \u2013 Dia Ol\u00edmpico - Algarve 7\",\"isPartOf\":{\"@id\":\"https:\\\/\\\/algarve7.pt\\\/#website\"},\"primaryImageOfPage\":{\"@id\":\"https:\\\/\\\/algarve7.pt\\\/index.php\\\/2025\\\/05\\\/ferreiras-acolhe-2-a-edicao-dos-ant-games-dia-olimpico\\\/desporto\\\/08\\\/30\\\/#primaryimage\"},\"image\":{\"@id\":\"https:\\\/\\\/algarve7.pt\\\/index.php\\\/2025\\\/05\\\/ferreiras-acolhe-2-a-edicao-dos-ant-games-dia-olimpico\\\/desporto\\\/08\\\/30\\\/#primaryimage\"},\"thumbnailUrl\":\"https:\\\/\\\/algarve7.pt\\\/wp-content\\\/uploads\\\/2025\\\/05\\\/8.jpg\",\"datePublished\":\"2025-05-12T07:30:00+00:00\",\"description\":\"Ferreiras acolhe 2.\u00aa edi\u00e7\u00e3o dos \u00abANT GAMES\u00bb \u2013 Dia Ol\u00edmpico Desporto\",\"breadcrumb\":{\"@id\":\"https:\\\/\\\/algarve7.pt\\\/index.php\\\/2025\\\/05\\\/ferreiras-acolhe-2-a-edicao-dos-ant-games-dia-olimpico\\\/desporto\\\/08\\\/30\\\/#breadcrumb\"},\"inLanguage\":\"pt-PT\",\"potentialAction\":[{\"@type\":\"ReadAction\",\"target\":[\"https:\\\/\\\/algarve7.pt\\\/index.php\\\/2025\\\/05\\\/ferreiras-acolhe-2-a-edicao-dos-ant-games-dia-olimpico\\\/desporto\\\/08\\\/30\\\/\"]}]},{\"@type\":\"ImageObject\",\"inLanguage\":\"pt-PT\",\"@id\":\"https:\\\/\\\/algarve7.pt\\\/index.php\\\/2025\\\/05\\\/ferreiras-acolhe-2-a-edicao-dos-ant-games-dia-olimpico\\\/desporto\\\/08\\\/30\\\/#primaryimage\",\"url\":\"https:\\\/\\\/algarve7.pt\\\/wp-content\\\/uploads\\\/2025\\\/05\\\/8.jpg\",\"contentUrl\":\"https:\\\/\\\/algarve7.pt\\\/wp-content\\\/uploads\\\/2025\\\/05\\\/8.jpg\",\"width\":800,\"height\":500},{\"@type\":\"BreadcrumbList\",\"@id\":\"https:\\\/\\\/algarve7.pt\\\/index.php\\\/2025\\\/05\\\/ferreiras-acolhe-2-a-edicao-dos-ant-games-dia-olimpico\\\/desporto\\\/08\\\/30\\\/#breadcrumb\",\"itemListElement\":[{\"@type\":\"ListItem\",\"position\":1,\"name\":\"In\u00edcio\",\"item\":\"https:\\\/\\\/algarve7.pt\\\/\"},{\"@type\":\"ListItem\",\"position\":2,\"name\":\"Ferreiras acolhe 2.\u00aa edi\u00e7\u00e3o dos \u00abANT GAMES\u00bb \u2013 Dia Ol\u00edmpico\"}]},{\"@type\":\"WebSite\",\"@id\":\"https:\\\/\\\/algarve7.pt\\\/#website\",\"url\":\"https:\\\/\\\/algarve7.pt\\\/\",\"name\":\"Algarve 7\",\"description\":\"Informa\u00e7\u00e3o sobre o Algarve\",\"publisher\":{\"@id\":\"https:\\\/\\\/algarve7.pt\\\/#organization\"},\"potentialAction\":[{\"@type\":\"SearchAction\",\"target\":{\"@type\":\"EntryPoint\",\"urlTemplate\":\"https:\\\/\\\/algarve7.pt\\\/?s={search_term_string}\"},\"query-input\":{\"@type\":\"PropertyValueSpecification\",\"valueRequired\":true,\"valueName\":\"search_term_string\"}}],\"inLanguage\":\"pt-PT\"},{\"@type\":\"Organization\",\"@id\":\"https:\\\/\\\/algarve7.pt\\\/#organization\",\"name\":\"Algarve 7\",\"url\":\"https:\\\/\\\/algarve7.pt\\\/\",\"logo\":{\"@type\":\"ImageObject\",\"inLanguage\":\"pt-PT\",\"@id\":\"https:\\\/\\\/algarve7.pt\\\/#\\\/schema\\\/logo\\\/image\\\/\",\"url\":\"https:\\\/\\\/algarve7.pt\\\/wp-content\\\/uploads\\\/2020\\\/10\\\/Logo-8.jpg\",\"contentUrl\":\"https:\\\/\\\/algarve7.pt\\\/wp-content\\\/uploads\\\/2020\\\/10\\\/Logo-8.jpg\",\"width\":1680,\"height\":1186,\"caption\":\"Algarve 7\"},\"image\":{\"@id\":\"https:\\\/\\\/algarve7.pt\\\/#\\\/schema\\\/logo\\\/image\\\/\"},\"sameAs\":[\"https:\\\/\\\/www.facebook.com\\\/algarve7\",\"https:\\\/\\\/x.com\\\/Algarvesete\",\"https:\\\/\\\/www.instagram.com\\\/jornalalgarve7\\\/\",\"https:\\\/\\\/www.linkedin.com\\\/company\\\/algarve7\",\"https:\\\/\\\/www.pinterest.pt\\\/geral0939\\\/_created\\\/\"]},{\"@type\":\"Person\",\"@id\":\"https:\\\/\\\/algarve7.pt\\\/#\\\/schema\\\/person\\\/23fa70681308e7b319a3204bcea45e0c\",\"name\":\"Algarve 7\",\"sameAs\":[\"https:\\\/\\\/algarve7.pt\",\"https:\\\/\\\/www.facebook.com\\\/algarve7\"],\"url\":\"https:\\\/\\\/algarve7.pt\\\/index.php\\\/author\\\/geralalgarve7-pt\\\/\"}]}<\/script>\n<!-- \/ Yoast SEO plugin. -->","yoast_head_json":{"title":"Ferreiras acolhe 2.\u00aa edi\u00e7\u00e3o dos \u00abANT GAMES\u00bb \u2013 Dia Ol\u00edmpico - Algarve 7","description":"Ferreiras acolhe 2.\u00aa edi\u00e7\u00e3o dos \u00abANT GAMES\u00bb \u2013 Dia Ol\u00edmpico Desporto","robots":{"index":"index","follow":"follow","max-snippet":"max-snippet:-1","max-image-preview":"max-image-preview:large","max-video-preview":"max-video-preview:-1"},"canonical":"https:\/\/algarve7.pt\/index.php\/2025\/05\/ferreiras-acolhe-2-a-edicao-dos-ant-games-dia-olimpico\/desporto\/08\/30\/","og_locale":"pt_PT","og_type":"article","og_title":"Ferreiras acolhe 2.\u00aa edi\u00e7\u00e3o dos \u00abANT GAMES\u00bb \u2013 Dia Ol\u00edmpico - Algarve 7","og_description":"Ferreiras acolhe 2.\u00aa edi\u00e7\u00e3o dos \u00abANT GAMES\u00bb \u2013 Dia Ol\u00edmpico Desporto","og_url":"https:\/\/algarve7.pt\/index.php\/2025\/05\/ferreiras-acolhe-2-a-edicao-dos-ant-games-dia-olimpico\/desporto\/08\/30\/","og_site_name":"Algarve 7","article_publisher":"https:\/\/www.facebook.com\/algarve7","article_author":"https:\/\/www.facebook.com\/algarve7","article_published_time":"2025-05-12T07:30:00+00:00","og_image":[{"width":800,"height":500,"url":"https:\/\/algarve7.pt\/wp-content\/uploads\/2025\/05\/8.jpg","type":"image\/jpeg"}],"author":"Algarve 7","twitter_card":"summary_large_image","twitter_creator":"@Algarvesete","twitter_site":"@Algarvesete","twitter_misc":{"Escrito por":"Algarve 7","Tempo estimado de leitura":"3 minutos"},"schema":{"@context":"https:\/\/schema.org","@graph":[{"@type":"Article","@id":"https:\/\/algarve7.pt\/index.php\/2025\/05\/ferreiras-acolhe-2-a-edicao-dos-ant-games-dia-olimpico\/desporto\/08\/30\/#article","isPartOf":{"@id":"https:\/\/algarve7.pt\/index.php\/2025\/05\/ferreiras-acolhe-2-a-edicao-dos-ant-games-dia-olimpico\/desporto\/08\/30\/"},"author":{"name":"Algarve 7","@id":"https:\/\/algarve7.pt\/#\/schema\/person\/23fa70681308e7b319a3204bcea45e0c"},"headline":"Ferreiras acolhe 2.\u00aa edi\u00e7\u00e3o dos \u00abANT GAMES\u00bb \u2013 Dia Ol\u00edmpico","datePublished":"2025-05-12T07:30:00+00:00","mainEntityOfPage":{"@id":"https:\/\/algarve7.pt\/index.php\/2025\/05\/ferreiras-acolhe-2-a-edicao-dos-ant-games-dia-olimpico\/desporto\/08\/30\/"},"wordCount":493,"publisher":{"@id":"https:\/\/algarve7.pt\/#organization"},"image":{"@id":"https:\/\/algarve7.pt\/index.php\/2025\/05\/ferreiras-acolhe-2-a-edicao-dos-ant-games-dia-olimpico\/desporto\/08\/30\/#primaryimage"},"thumbnailUrl":"https:\/\/algarve7.pt\/wp-content\/uploads\/2025\/05\/8.jpg","keywords":["Albufeira","Algarve","Desporto"],"articleSection":["Desporto"],"inLanguage":"pt-PT"},{"@type":"WebPage","@id":"https:\/\/algarve7.pt\/index.php\/2025\/05\/ferreiras-acolhe-2-a-edicao-dos-ant-games-dia-olimpico\/desporto\/08\/30\/","url":"https:\/\/algarve7.pt\/index.php\/2025\/05\/ferreiras-acolhe-2-a-edicao-dos-ant-games-dia-olimpico\/desporto\/08\/30\/","name":"Ferreiras acolhe 2.\u00aa edi\u00e7\u00e3o dos \u00abANT GAMES\u00bb \u2013 Dia Ol\u00edmpico - Algarve 7","isPartOf":{"@id":"https:\/\/algarve7.pt\/#website"},"primaryImageOfPage":{"@id":"https:\/\/algarve7.pt\/index.php\/2025\/05\/ferreiras-acolhe-2-a-edicao-dos-ant-games-dia-olimpico\/desporto\/08\/30\/#primaryimage"},"image":{"@id":"https:\/\/algarve7.pt\/index.php\/2025\/05\/ferreiras-acolhe-2-a-edicao-dos-ant-games-dia-olimpico\/desporto\/08\/30\/#primaryimage"},"thumbnailUrl":"https:\/\/algarve7.pt\/wp-content\/uploads\/2025\/05\/8.jpg","datePublished":"2025-05-12T07:30:00+00:00","description":"Ferreiras acolhe 2.\u00aa edi\u00e7\u00e3o dos \u00abANT GAMES\u00bb \u2013 Dia Ol\u00edmpico Desporto","breadcrumb":{"@id":"https:\/\/algarve7.pt\/index.php\/2025\/05\/ferreiras-acolhe-2-a-edicao-dos-ant-games-dia-olimpico\/desporto\/08\/30\/#breadcrumb"},"inLanguage":"pt-PT","potentialAction":[{"@type":"ReadAction","target":["https:\/\/algarve7.pt\/index.php\/2025\/05\/ferreiras-acolhe-2-a-edicao-dos-ant-games-dia-olimpico\/desporto\/08\/30\/"]}]},{"@type":"ImageObject","inLanguage":"pt-PT","@id":"https:\/\/algarve7.pt\/index.php\/2025\/05\/ferreiras-acolhe-2-a-edicao-dos-ant-games-dia-olimpico\/desporto\/08\/30\/#primaryimage","url":"https:\/\/algarve7.pt\/wp-content\/uploads\/2025\/05\/8.jpg","contentUrl":"https:\/\/algarve7.pt\/wp-content\/uploads\/2025\/05\/8.jpg","width":800,"height":500},{"@type":"BreadcrumbList","@id":"https:\/\/algarve7.pt\/index.php\/2025\/05\/ferreiras-acolhe-2-a-edicao-dos-ant-games-dia-olimpico\/desporto\/08\/30\/#breadcrumb","itemListElement":[{"@type":"ListItem","position":1,"name":"In\u00edcio","item":"https:\/\/algarve7.pt\/"},{"@type":"ListItem","position":2,"name":"Ferreiras acolhe 2.\u00aa edi\u00e7\u00e3o dos \u00abANT GAMES\u00bb \u2013 Dia Ol\u00edmpico"}]},{"@type":"WebSite","@id":"https:\/\/algarve7.pt\/#website","url":"https:\/\/algarve7.pt\/","name":"Algarve 7","description":"Informa\u00e7\u00e3o sobre o Algarve","publisher":{"@id":"https:\/\/algarve7.pt\/#organization"},"potentialAction":[{"@type":"SearchAction","target":{"@type":"EntryPoint","urlTemplate":"https:\/\/algarve7.pt\/?s={search_term_string}"},"query-input":{"@type":"PropertyValueSpecification","valueRequired":true,"valueName":"search_term_string"}}],"inLanguage":"pt-PT"},{"@type":"Organization","@id":"https:\/\/algarve7.pt\/#organization","name":"Algarve 7","url":"https:\/\/algarve7.pt\/","logo":{"@type":"ImageObject","inLanguage":"pt-PT","@id":"https:\/\/algarve7.pt\/#\/schema\/logo\/image\/","url":"https:\/\/algarve7.pt\/wp-content\/uploads\/2020\/10\/Logo-8.jpg","contentUrl":"https:\/\/algarve7.pt\/wp-content\/uploads\/2020\/10\/Logo-8.jpg","width":1680,"height":1186,"caption":"Algarve 7"},"image":{"@id":"https:\/\/algarve7.pt\/#\/schema\/logo\/image\/"},"sameAs":["https:\/\/www.facebook.com\/algarve7","https:\/\/x.com\/Algarvesete","https:\/\/www.instagram.com\/jornalalgarve7\/","https:\/\/www.linkedin.com\/company\/algarve7","https:\/\/www.pinterest.pt\/geral0939\/_created\/"]},{"@type":"Person","@id":"https:\/\/algarve7.pt\/#\/schema\/person\/23fa70681308e7b319a3204bcea45e0c","name":"Algarve 7","sameAs":["https:\/\/algarve7.pt","https:\/\/www.facebook.com\/algarve7"],"url":"https:\/\/algarve7.pt\/index.php\/author\/geralalgarve7-pt\/"}]}},"jetpack_publicize_connections":[],"jetpack_featured_media_url":"https:\/\/algarve7.pt\/wp-content\/uploads\/2025\/05\/8.jpg","jetpack_shortlink":"https:\/\/wp.me\/pcezmW-d3A","jetpack_sharing_enabled":true,"_links":{"self":[{"href":"https:\/\/algarve7.pt\/index.php\/wp-json\/wp\/v2\/posts\/50194","targetHints":{"allow":["GET"]}}],"collection":[{"href":"https:\/\/algarve7.pt\/index.php\/wp-json\/wp\/v2\/posts"}],"about":[{"href":"https:\/\/algarve7.pt\/index.php\/wp-json\/wp\/v2\/types\/post"}],"author":[{"embeddable":true,"href":"https:\/\/algarve7.pt\/index.php\/wp-json\/wp\/v2\/users\/1"}],"replies":[{"embeddable":true,"href":"https:\/\/algarve7.pt\/index.php\/wp-json\/wp\/v2\/comments?post=50194"}],"version-history":[{"count":0,"href":"https:\/\/algarve7.pt\/index.php\/wp-json\/wp\/v2\/posts\/50194\/revisions"}],"wp:featuredmedia":[{"embeddable":true,"href":"https:\/\/algarve7.pt\/index.php\/wp-json\/wp\/v2\/media\/50195"}],"wp:attachment":[{"href":"https:\/\/algarve7.pt\/index.php\/wp-json\/wp\/v2\/media?parent=50194"}],"wp:term":[{"taxonomy":"category","embeddable":true,"href":"https:\/\/algarve7.pt\/index.php\/wp-json\/wp\/v2\/categories?post=50194"},{"taxonomy":"post_tag","embeddable":true,"href":"https:\/\/algarve7.pt\/index.php\/wp-json\/wp\/v2\/tags?post=50194"}],"curies":[{"name":"wp","href":"https:\/\/api.w.org\/{rel}","templated":true}]}}