{"id":50147,"date":"2025-05-09T16:41:30","date_gmt":"2025-05-09T15:41:30","guid":{"rendered":"https:\/\/algarve7.pt\/?p=50147"},"modified":"2025-05-09T16:41:31","modified_gmt":"2025-05-09T15:41:31","slug":"projeto-saber-navegar-vai-ensinar-canoagem-stand-up-padle-respeito-pela-natureza-e-estilos-de-vida-saudaveis-a-alunos-do-4-o-e-6-o-ano-de-faro","status":"publish","type":"post","link":"https:\/\/algarve7.pt\/index.php\/2025\/05\/projeto-saber-navegar-vai-ensinar-canoagem-stand-up-padle-respeito-pela-natureza-e-estilos-de-vida-saudaveis-a-alunos-do-4-o-e-6-o-ano-de-faro\/desporto\/16\/41\/","title":{"rendered":"Projeto \u201csaber navegar\u201d vai ensinar canoagem, stand up padle, respeito pela natureza e estilos de vida saud\u00e1veis a alunos do 4.\u00ba e 6.\u00ba ano de Faro"},"content":{"rendered":"\n<p>O projeto &#8220;Saber Navegar&#8221;, uma iniciativa inovadora da C\u00e2mara Municipal de Faro (CMF), dinamizada pelo Centro N\u00e1utico da Praia de Faro, foi lan\u00e7ado na passada 2.\u00aa feira, dia 5 de maio. Dirigido aos alunos do 4.\u00ba ano (do 1.\u00ba ciclo) e 6.\u00ba ano (do 2.\u00ba ciclo) dos agrupamentos escolares de Faro, une pr\u00e1tica desportiva, educa\u00e7\u00e3o ambiental e desenvolvimento pessoal, num cen\u00e1rio privilegiado de contacto direto com a natureza.<\/p>\n\n\n\n<p>O principal objetivo desta a\u00e7\u00e3o \u00e9 promover o desenvolvimento integral das crian\u00e7as, recorrendo \u00e0 pr\u00e1tica desportiva e \u00e0 educa\u00e7\u00e3o ambiental como ferramentas essenciais para o progresso f\u00edsico, emocional e social das crian\u00e7as, ao mesmo tempo que as incentiva o contacto direto com o meio natural, despertando o respeito e a valoriza\u00e7\u00e3o da biodiversidade local.&nbsp;&nbsp;Praticando canoagem,&nbsp;<em>stand up padle<\/em>&nbsp;e outras atividades l\u00fadicas na \u00e1gua, os alunos ir\u00e3o explorar o meio natural de forma segura, educativa e divertida e adquirir\u00e3o valores que lhes permitir\u00e3o ser cidad\u00e3os mais ativos, com estilos de vida saud\u00e1veis e uma maior consci\u00eancia ecol\u00f3gica.<\/p>\n\n\n\n<p>Ao proporcionar uma experi\u00eancia enriquecedora fora do contexto escolar tradicional, refor\u00e7ar-se-\u00e1 o esp\u00edrito de grupo, a autoconfian\u00e7a e a autonomia das crian\u00e7as, estreitando, tamb\u00e9m, os elos existentes entre a autarquia, as escolas e o territ\u00f3rio, promovendo o conhecimento do patrim\u00f3nio natural da regi\u00e3o e sensibilizando os mais novos para a sua preserva\u00e7\u00e3o.<\/p>\n\n\n\n<p>Ao longo das atividades, os alunos ir\u00e3o aprender t\u00e9cnicas b\u00e1sicas de canoagem e&nbsp;<em>stand up padle<\/em>, de forma a garantir uma pr\u00e1tica segura e aut\u00f3noma, desenvolvendo, simultaneamente, a coordena\u00e7\u00e3o motora, a seguran\u00e7a aqu\u00e1tica e uma rela\u00e7\u00e3o de conforto com o ambiente aqu\u00e1tico.<\/p>\n\n\n\n<p>A iniciativa \u00e9 promovida em articula\u00e7\u00e3o com os agrupamentos escolares de Faro e contar\u00e1 com a interven\u00e7\u00e3o de t\u00e9cnicos desportivos com conhecimentos especializados na \u00e1rea da n\u00e1utica, garantindo todas as condi\u00e7\u00f5es de seguran\u00e7a e acompanhamento adequado \u00e0s faixas et\u00e1rias envolvidas.<\/p>\n","protected":false},"excerpt":{"rendered":"<p>O projeto &#8220;Saber Navegar&#8221;, uma iniciativa inovadora da C\u00e2mara Municipal de Faro (CMF), dinamizada pelo Centro N\u00e1utico da Praia de<\/p>\n","protected":false},"author":1,"featured_media":50148,"comment_status":"closed","ping_status":"closed","sticky":false,"template":"","format":"standard","meta":{"colormag_page_container_layout":"default_layout","colormag_page_sidebar_layout":"default_layout","_monsterinsights_skip_tracking":false,"_monsterinsights_sitenote_active":false,"_monsterinsights_sitenote_note":"","_monsterinsights_sitenote_category":0,"jetpack_post_was_ever_published":false,"_jetpack_newsletter_access":"","_jetpack_dont_email_post_to_subs":false,"_jetpack_newsletter_tier_id":0,"_jetpack_memberships_contains_paywalled_content":false,"_jetpack_memberships_contains_paid_content":false,"footnotes":"","jetpack_publicize_message":"","jetpack_publicize_feature_enabled":true,"jetpack_social_post_already_shared":true,"jetpack_social_options":{"image_generator_settings":{"template":"highway","default_image_id":0,"font":"","enabled":false},"version":2}},"categories":[15],"tags":[36,40,57],"class_list":["post-50147","post","type-post","status-publish","format-standard","has-post-thumbnail","hentry","category-desporto","tag-algarve","tag-desporto","tag-faro"],"yoast_head":"<!-- This site is optimized with the Yoast SEO plugin v27.4 - https:\/\/yoast.com\/product\/yoast-seo-wordpress\/ -->\n<title>Projeto \u201csaber navegar\u201d vai ensinar canoagem, stand up padle, respeito pela natureza e estilos de vida saud\u00e1veis a alunos do 4.\u00ba e 6.\u00ba ano de Faro - Algarve 7<\/title>\n<meta name=\"description\" content=\"Projeto \u201csaber navegar\u201d vai ensinar canoagem, stand up padle, respeito pela natureza e estilos de vida saud\u00e1veis a alunos do 4.\u00ba e 6.\u00ba ano de Faro Desporto\" \/>\n<meta name=\"robots\" content=\"index, follow, max-snippet:-1, max-image-preview:large, max-video-preview:-1\" \/>\n<link rel=\"canonical\" href=\"https:\/\/algarve7.pt\/index.php\/2025\/05\/projeto-saber-navegar-vai-ensinar-canoagem-stand-up-padle-respeito-pela-natureza-e-estilos-de-vida-saudaveis-a-alunos-do-4-o-e-6-o-ano-de-faro\/desporto\/16\/41\/\" \/>\n<meta property=\"og:locale\" content=\"pt_PT\" \/>\n<meta property=\"og:type\" content=\"article\" \/>\n<meta property=\"og:title\" content=\"Projeto \u201csaber navegar\u201d vai ensinar canoagem, stand up padle, respeito pela natureza e estilos de vida saud\u00e1veis a alunos do 4.\u00ba e 6.\u00ba ano de Faro - Algarve 7\" \/>\n<meta property=\"og:description\" content=\"Projeto \u201csaber navegar\u201d vai ensinar canoagem, stand up padle, respeito pela natureza e estilos de vida saud\u00e1veis a alunos do 4.\u00ba e 6.\u00ba ano de Faro Desporto\" \/>\n<meta property=\"og:url\" content=\"https:\/\/algarve7.pt\/index.php\/2025\/05\/projeto-saber-navegar-vai-ensinar-canoagem-stand-up-padle-respeito-pela-natureza-e-estilos-de-vida-saudaveis-a-alunos-do-4-o-e-6-o-ano-de-faro\/desporto\/16\/41\/\" \/>\n<meta property=\"og:site_name\" content=\"Algarve 7\" \/>\n<meta property=\"article:publisher\" content=\"https:\/\/www.facebook.com\/algarve7\" \/>\n<meta property=\"article:author\" content=\"https:\/\/www.facebook.com\/algarve7\" \/>\n<meta property=\"article:published_time\" content=\"2025-05-09T15:41:30+00:00\" \/>\n<meta property=\"article:modified_time\" content=\"2025-05-09T15:41:31+00:00\" \/>\n<meta property=\"og:image\" content=\"https:\/\/algarve7.pt\/wp-content\/uploads\/2025\/05\/Captura-de-ecra-2025-05-09-as-16.37.45.png\" \/>\n\t<meta property=\"og:image:width\" content=\"800\" \/>\n\t<meta property=\"og:image:height\" content=\"500\" \/>\n\t<meta property=\"og:image:type\" content=\"image\/png\" \/>\n<meta name=\"author\" content=\"Algarve 7\" \/>\n<meta name=\"twitter:card\" content=\"summary_large_image\" \/>\n<meta name=\"twitter:creator\" content=\"@Algarvesete\" \/>\n<meta name=\"twitter:site\" content=\"@Algarvesete\" \/>\n<meta name=\"twitter:label1\" content=\"Escrito por\" \/>\n\t<meta name=\"twitter:data1\" content=\"Algarve 7\" \/>\n\t<meta name=\"twitter:label2\" content=\"Tempo estimado de leitura\" \/>\n\t<meta name=\"twitter:data2\" content=\"2 minutos\" \/>\n<script type=\"application\/ld+json\" class=\"yoast-schema-graph\">{\"@context\":\"https:\\\/\\\/schema.org\",\"@graph\":[{\"@type\":\"Article\",\"@id\":\"https:\\\/\\\/algarve7.pt\\\/index.php\\\/2025\\\/05\\\/projeto-saber-navegar-vai-ensinar-canoagem-stand-up-padle-respeito-pela-natureza-e-estilos-de-vida-saudaveis-a-alunos-do-4-o-e-6-o-ano-de-faro\\\/desporto\\\/16\\\/41\\\/#article\",\"isPartOf\":{\"@id\":\"https:\\\/\\\/algarve7.pt\\\/index.php\\\/2025\\\/05\\\/projeto-saber-navegar-vai-ensinar-canoagem-stand-up-padle-respeito-pela-natureza-e-estilos-de-vida-saudaveis-a-alunos-do-4-o-e-6-o-ano-de-faro\\\/desporto\\\/16\\\/41\\\/\"},\"author\":{\"name\":\"Algarve 7\",\"@id\":\"https:\\\/\\\/algarve7.pt\\\/#\\\/schema\\\/person\\\/23fa70681308e7b319a3204bcea45e0c\"},\"headline\":\"Projeto \u201csaber navegar\u201d vai ensinar canoagem, stand up padle, respeito pela natureza e estilos de vida saud\u00e1veis a alunos do 4.\u00ba e 6.\u00ba ano de Faro\",\"datePublished\":\"2025-05-09T15:41:30+00:00\",\"dateModified\":\"2025-05-09T15:41:31+00:00\",\"mainEntityOfPage\":{\"@id\":\"https:\\\/\\\/algarve7.pt\\\/index.php\\\/2025\\\/05\\\/projeto-saber-navegar-vai-ensinar-canoagem-stand-up-padle-respeito-pela-natureza-e-estilos-de-vida-saudaveis-a-alunos-do-4-o-e-6-o-ano-de-faro\\\/desporto\\\/16\\\/41\\\/\"},\"wordCount\":368,\"publisher\":{\"@id\":\"https:\\\/\\\/algarve7.pt\\\/#organization\"},\"image\":{\"@id\":\"https:\\\/\\\/algarve7.pt\\\/index.php\\\/2025\\\/05\\\/projeto-saber-navegar-vai-ensinar-canoagem-stand-up-padle-respeito-pela-natureza-e-estilos-de-vida-saudaveis-a-alunos-do-4-o-e-6-o-ano-de-faro\\\/desporto\\\/16\\\/41\\\/#primaryimage\"},\"thumbnailUrl\":\"https:\\\/\\\/algarve7.pt\\\/wp-content\\\/uploads\\\/2025\\\/05\\\/Captura-de-ecra-2025-05-09-as-16.37.45.png\",\"keywords\":[\"Algarve\",\"Desporto\",\"Faro\"],\"articleSection\":[\"Desporto\"],\"inLanguage\":\"pt-PT\"},{\"@type\":\"WebPage\",\"@id\":\"https:\\\/\\\/algarve7.pt\\\/index.php\\\/2025\\\/05\\\/projeto-saber-navegar-vai-ensinar-canoagem-stand-up-padle-respeito-pela-natureza-e-estilos-de-vida-saudaveis-a-alunos-do-4-o-e-6-o-ano-de-faro\\\/desporto\\\/16\\\/41\\\/\",\"url\":\"https:\\\/\\\/algarve7.pt\\\/index.php\\\/2025\\\/05\\\/projeto-saber-navegar-vai-ensinar-canoagem-stand-up-padle-respeito-pela-natureza-e-estilos-de-vida-saudaveis-a-alunos-do-4-o-e-6-o-ano-de-faro\\\/desporto\\\/16\\\/41\\\/\",\"name\":\"Projeto \u201csaber navegar\u201d vai ensinar canoagem, stand up padle, respeito pela natureza e estilos de vida saud\u00e1veis a alunos do 4.\u00ba e 6.\u00ba ano de Faro - Algarve 7\",\"isPartOf\":{\"@id\":\"https:\\\/\\\/algarve7.pt\\\/#website\"},\"primaryImageOfPage\":{\"@id\":\"https:\\\/\\\/algarve7.pt\\\/index.php\\\/2025\\\/05\\\/projeto-saber-navegar-vai-ensinar-canoagem-stand-up-padle-respeito-pela-natureza-e-estilos-de-vida-saudaveis-a-alunos-do-4-o-e-6-o-ano-de-faro\\\/desporto\\\/16\\\/41\\\/#primaryimage\"},\"image\":{\"@id\":\"https:\\\/\\\/algarve7.pt\\\/index.php\\\/2025\\\/05\\\/projeto-saber-navegar-vai-ensinar-canoagem-stand-up-padle-respeito-pela-natureza-e-estilos-de-vida-saudaveis-a-alunos-do-4-o-e-6-o-ano-de-faro\\\/desporto\\\/16\\\/41\\\/#primaryimage\"},\"thumbnailUrl\":\"https:\\\/\\\/algarve7.pt\\\/wp-content\\\/uploads\\\/2025\\\/05\\\/Captura-de-ecra-2025-05-09-as-16.37.45.png\",\"datePublished\":\"2025-05-09T15:41:30+00:00\",\"dateModified\":\"2025-05-09T15:41:31+00:00\",\"description\":\"Projeto \u201csaber navegar\u201d vai ensinar canoagem, stand up padle, respeito pela natureza e estilos de vida saud\u00e1veis a alunos do 4.\u00ba e 6.\u00ba ano de Faro Desporto\",\"breadcrumb\":{\"@id\":\"https:\\\/\\\/algarve7.pt\\\/index.php\\\/2025\\\/05\\\/projeto-saber-navegar-vai-ensinar-canoagem-stand-up-padle-respeito-pela-natureza-e-estilos-de-vida-saudaveis-a-alunos-do-4-o-e-6-o-ano-de-faro\\\/desporto\\\/16\\\/41\\\/#breadcrumb\"},\"inLanguage\":\"pt-PT\",\"potentialAction\":[{\"@type\":\"ReadAction\",\"target\":[\"https:\\\/\\\/algarve7.pt\\\/index.php\\\/2025\\\/05\\\/projeto-saber-navegar-vai-ensinar-canoagem-stand-up-padle-respeito-pela-natureza-e-estilos-de-vida-saudaveis-a-alunos-do-4-o-e-6-o-ano-de-faro\\\/desporto\\\/16\\\/41\\\/\"]}]},{\"@type\":\"ImageObject\",\"inLanguage\":\"pt-PT\",\"@id\":\"https:\\\/\\\/algarve7.pt\\\/index.php\\\/2025\\\/05\\\/projeto-saber-navegar-vai-ensinar-canoagem-stand-up-padle-respeito-pela-natureza-e-estilos-de-vida-saudaveis-a-alunos-do-4-o-e-6-o-ano-de-faro\\\/desporto\\\/16\\\/41\\\/#primaryimage\",\"url\":\"https:\\\/\\\/algarve7.pt\\\/wp-content\\\/uploads\\\/2025\\\/05\\\/Captura-de-ecra-2025-05-09-as-16.37.45.png\",\"contentUrl\":\"https:\\\/\\\/algarve7.pt\\\/wp-content\\\/uploads\\\/2025\\\/05\\\/Captura-de-ecra-2025-05-09-as-16.37.45.png\",\"width\":800,\"height\":500},{\"@type\":\"BreadcrumbList\",\"@id\":\"https:\\\/\\\/algarve7.pt\\\/index.php\\\/2025\\\/05\\\/projeto-saber-navegar-vai-ensinar-canoagem-stand-up-padle-respeito-pela-natureza-e-estilos-de-vida-saudaveis-a-alunos-do-4-o-e-6-o-ano-de-faro\\\/desporto\\\/16\\\/41\\\/#breadcrumb\",\"itemListElement\":[{\"@type\":\"ListItem\",\"position\":1,\"name\":\"In\u00edcio\",\"item\":\"https:\\\/\\\/algarve7.pt\\\/\"},{\"@type\":\"ListItem\",\"position\":2,\"name\":\"Projeto \u201csaber navegar\u201d vai ensinar canoagem, stand up padle, respeito pela natureza e estilos de vida saud\u00e1veis a alunos do 4.\u00ba e 6.\u00ba ano de Faro\"}]},{\"@type\":\"WebSite\",\"@id\":\"https:\\\/\\\/algarve7.pt\\\/#website\",\"url\":\"https:\\\/\\\/algarve7.pt\\\/\",\"name\":\"Algarve 7\",\"description\":\"Informa\u00e7\u00e3o sobre o Algarve\",\"publisher\":{\"@id\":\"https:\\\/\\\/algarve7.pt\\\/#organization\"},\"potentialAction\":[{\"@type\":\"SearchAction\",\"target\":{\"@type\":\"EntryPoint\",\"urlTemplate\":\"https:\\\/\\\/algarve7.pt\\\/?s={search_term_string}\"},\"query-input\":{\"@type\":\"PropertyValueSpecification\",\"valueRequired\":true,\"valueName\":\"search_term_string\"}}],\"inLanguage\":\"pt-PT\"},{\"@type\":\"Organization\",\"@id\":\"https:\\\/\\\/algarve7.pt\\\/#organization\",\"name\":\"Algarve 7\",\"url\":\"https:\\\/\\\/algarve7.pt\\\/\",\"logo\":{\"@type\":\"ImageObject\",\"inLanguage\":\"pt-PT\",\"@id\":\"https:\\\/\\\/algarve7.pt\\\/#\\\/schema\\\/logo\\\/image\\\/\",\"url\":\"https:\\\/\\\/algarve7.pt\\\/wp-content\\\/uploads\\\/2020\\\/10\\\/Logo-8.jpg\",\"contentUrl\":\"https:\\\/\\\/algarve7.pt\\\/wp-content\\\/uploads\\\/2020\\\/10\\\/Logo-8.jpg\",\"width\":1680,\"height\":1186,\"caption\":\"Algarve 7\"},\"image\":{\"@id\":\"https:\\\/\\\/algarve7.pt\\\/#\\\/schema\\\/logo\\\/image\\\/\"},\"sameAs\":[\"https:\\\/\\\/www.facebook.com\\\/algarve7\",\"https:\\\/\\\/x.com\\\/Algarvesete\",\"https:\\\/\\\/www.instagram.com\\\/jornalalgarve7\\\/\",\"https:\\\/\\\/www.linkedin.com\\\/company\\\/algarve7\",\"https:\\\/\\\/www.pinterest.pt\\\/geral0939\\\/_created\\\/\"]},{\"@type\":\"Person\",\"@id\":\"https:\\\/\\\/algarve7.pt\\\/#\\\/schema\\\/person\\\/23fa70681308e7b319a3204bcea45e0c\",\"name\":\"Algarve 7\",\"sameAs\":[\"https:\\\/\\\/algarve7.pt\",\"https:\\\/\\\/www.facebook.com\\\/algarve7\"],\"url\":\"https:\\\/\\\/algarve7.pt\\\/index.php\\\/author\\\/geralalgarve7-pt\\\/\"}]}<\/script>\n<!-- \/ Yoast SEO plugin. -->","yoast_head_json":{"title":"Projeto \u201csaber navegar\u201d vai ensinar canoagem, stand up padle, respeito pela natureza e estilos de vida saud\u00e1veis a alunos do 4.\u00ba e 6.\u00ba ano de Faro - Algarve 7","description":"Projeto \u201csaber navegar\u201d vai ensinar canoagem, stand up padle, respeito pela natureza e estilos de vida saud\u00e1veis a alunos do 4.\u00ba e 6.\u00ba ano de Faro Desporto","robots":{"index":"index","follow":"follow","max-snippet":"max-snippet:-1","max-image-preview":"max-image-preview:large","max-video-preview":"max-video-preview:-1"},"canonical":"https:\/\/algarve7.pt\/index.php\/2025\/05\/projeto-saber-navegar-vai-ensinar-canoagem-stand-up-padle-respeito-pela-natureza-e-estilos-de-vida-saudaveis-a-alunos-do-4-o-e-6-o-ano-de-faro\/desporto\/16\/41\/","og_locale":"pt_PT","og_type":"article","og_title":"Projeto \u201csaber navegar\u201d vai ensinar canoagem, stand up padle, respeito pela natureza e estilos de vida saud\u00e1veis a alunos do 4.\u00ba e 6.\u00ba ano de Faro - Algarve 7","og_description":"Projeto \u201csaber navegar\u201d vai ensinar canoagem, stand up padle, respeito pela natureza e estilos de vida saud\u00e1veis a alunos do 4.\u00ba e 6.\u00ba ano de Faro Desporto","og_url":"https:\/\/algarve7.pt\/index.php\/2025\/05\/projeto-saber-navegar-vai-ensinar-canoagem-stand-up-padle-respeito-pela-natureza-e-estilos-de-vida-saudaveis-a-alunos-do-4-o-e-6-o-ano-de-faro\/desporto\/16\/41\/","og_site_name":"Algarve 7","article_publisher":"https:\/\/www.facebook.com\/algarve7","article_author":"https:\/\/www.facebook.com\/algarve7","article_published_time":"2025-05-09T15:41:30+00:00","article_modified_time":"2025-05-09T15:41:31+00:00","og_image":[{"width":800,"height":500,"url":"https:\/\/algarve7.pt\/wp-content\/uploads\/2025\/05\/Captura-de-ecra-2025-05-09-as-16.37.45.png","type":"image\/png"}],"author":"Algarve 7","twitter_card":"summary_large_image","twitter_creator":"@Algarvesete","twitter_site":"@Algarvesete","twitter_misc":{"Escrito por":"Algarve 7","Tempo estimado de leitura":"2 minutos"},"schema":{"@context":"https:\/\/schema.org","@graph":[{"@type":"Article","@id":"https:\/\/algarve7.pt\/index.php\/2025\/05\/projeto-saber-navegar-vai-ensinar-canoagem-stand-up-padle-respeito-pela-natureza-e-estilos-de-vida-saudaveis-a-alunos-do-4-o-e-6-o-ano-de-faro\/desporto\/16\/41\/#article","isPartOf":{"@id":"https:\/\/algarve7.pt\/index.php\/2025\/05\/projeto-saber-navegar-vai-ensinar-canoagem-stand-up-padle-respeito-pela-natureza-e-estilos-de-vida-saudaveis-a-alunos-do-4-o-e-6-o-ano-de-faro\/desporto\/16\/41\/"},"author":{"name":"Algarve 7","@id":"https:\/\/algarve7.pt\/#\/schema\/person\/23fa70681308e7b319a3204bcea45e0c"},"headline":"Projeto \u201csaber navegar\u201d vai ensinar canoagem, stand up padle, respeito pela natureza e estilos de vida saud\u00e1veis a alunos do 4.\u00ba e 6.\u00ba ano de Faro","datePublished":"2025-05-09T15:41:30+00:00","dateModified":"2025-05-09T15:41:31+00:00","mainEntityOfPage":{"@id":"https:\/\/algarve7.pt\/index.php\/2025\/05\/projeto-saber-navegar-vai-ensinar-canoagem-stand-up-padle-respeito-pela-natureza-e-estilos-de-vida-saudaveis-a-alunos-do-4-o-e-6-o-ano-de-faro\/desporto\/16\/41\/"},"wordCount":368,"publisher":{"@id":"https:\/\/algarve7.pt\/#organization"},"image":{"@id":"https:\/\/algarve7.pt\/index.php\/2025\/05\/projeto-saber-navegar-vai-ensinar-canoagem-stand-up-padle-respeito-pela-natureza-e-estilos-de-vida-saudaveis-a-alunos-do-4-o-e-6-o-ano-de-faro\/desporto\/16\/41\/#primaryimage"},"thumbnailUrl":"https:\/\/algarve7.pt\/wp-content\/uploads\/2025\/05\/Captura-de-ecra-2025-05-09-as-16.37.45.png","keywords":["Algarve","Desporto","Faro"],"articleSection":["Desporto"],"inLanguage":"pt-PT"},{"@type":"WebPage","@id":"https:\/\/algarve7.pt\/index.php\/2025\/05\/projeto-saber-navegar-vai-ensinar-canoagem-stand-up-padle-respeito-pela-natureza-e-estilos-de-vida-saudaveis-a-alunos-do-4-o-e-6-o-ano-de-faro\/desporto\/16\/41\/","url":"https:\/\/algarve7.pt\/index.php\/2025\/05\/projeto-saber-navegar-vai-ensinar-canoagem-stand-up-padle-respeito-pela-natureza-e-estilos-de-vida-saudaveis-a-alunos-do-4-o-e-6-o-ano-de-faro\/desporto\/16\/41\/","name":"Projeto \u201csaber navegar\u201d vai ensinar canoagem, stand up padle, respeito pela natureza e estilos de vida saud\u00e1veis a alunos do 4.\u00ba e 6.\u00ba ano de Faro - Algarve 7","isPartOf":{"@id":"https:\/\/algarve7.pt\/#website"},"primaryImageOfPage":{"@id":"https:\/\/algarve7.pt\/index.php\/2025\/05\/projeto-saber-navegar-vai-ensinar-canoagem-stand-up-padle-respeito-pela-natureza-e-estilos-de-vida-saudaveis-a-alunos-do-4-o-e-6-o-ano-de-faro\/desporto\/16\/41\/#primaryimage"},"image":{"@id":"https:\/\/algarve7.pt\/index.php\/2025\/05\/projeto-saber-navegar-vai-ensinar-canoagem-stand-up-padle-respeito-pela-natureza-e-estilos-de-vida-saudaveis-a-alunos-do-4-o-e-6-o-ano-de-faro\/desporto\/16\/41\/#primaryimage"},"thumbnailUrl":"https:\/\/algarve7.pt\/wp-content\/uploads\/2025\/05\/Captura-de-ecra-2025-05-09-as-16.37.45.png","datePublished":"2025-05-09T15:41:30+00:00","dateModified":"2025-05-09T15:41:31+00:00","description":"Projeto \u201csaber navegar\u201d vai ensinar canoagem, stand up padle, respeito pela natureza e estilos de vida saud\u00e1veis a alunos do 4.\u00ba e 6.\u00ba ano de Faro Desporto","breadcrumb":{"@id":"https:\/\/algarve7.pt\/index.php\/2025\/05\/projeto-saber-navegar-vai-ensinar-canoagem-stand-up-padle-respeito-pela-natureza-e-estilos-de-vida-saudaveis-a-alunos-do-4-o-e-6-o-ano-de-faro\/desporto\/16\/41\/#breadcrumb"},"inLanguage":"pt-PT","potentialAction":[{"@type":"ReadAction","target":["https:\/\/algarve7.pt\/index.php\/2025\/05\/projeto-saber-navegar-vai-ensinar-canoagem-stand-up-padle-respeito-pela-natureza-e-estilos-de-vida-saudaveis-a-alunos-do-4-o-e-6-o-ano-de-faro\/desporto\/16\/41\/"]}]},{"@type":"ImageObject","inLanguage":"pt-PT","@id":"https:\/\/algarve7.pt\/index.php\/2025\/05\/projeto-saber-navegar-vai-ensinar-canoagem-stand-up-padle-respeito-pela-natureza-e-estilos-de-vida-saudaveis-a-alunos-do-4-o-e-6-o-ano-de-faro\/desporto\/16\/41\/#primaryimage","url":"https:\/\/algarve7.pt\/wp-content\/uploads\/2025\/05\/Captura-de-ecra-2025-05-09-as-16.37.45.png","contentUrl":"https:\/\/algarve7.pt\/wp-content\/uploads\/2025\/05\/Captura-de-ecra-2025-05-09-as-16.37.45.png","width":800,"height":500},{"@type":"BreadcrumbList","@id":"https:\/\/algarve7.pt\/index.php\/2025\/05\/projeto-saber-navegar-vai-ensinar-canoagem-stand-up-padle-respeito-pela-natureza-e-estilos-de-vida-saudaveis-a-alunos-do-4-o-e-6-o-ano-de-faro\/desporto\/16\/41\/#breadcrumb","itemListElement":[{"@type":"ListItem","position":1,"name":"In\u00edcio","item":"https:\/\/algarve7.pt\/"},{"@type":"ListItem","position":2,"name":"Projeto \u201csaber navegar\u201d vai ensinar canoagem, stand up padle, respeito pela natureza e estilos de vida saud\u00e1veis a alunos do 4.\u00ba e 6.\u00ba ano de Faro"}]},{"@type":"WebSite","@id":"https:\/\/algarve7.pt\/#website","url":"https:\/\/algarve7.pt\/","name":"Algarve 7","description":"Informa\u00e7\u00e3o sobre o Algarve","publisher":{"@id":"https:\/\/algarve7.pt\/#organization"},"potentialAction":[{"@type":"SearchAction","target":{"@type":"EntryPoint","urlTemplate":"https:\/\/algarve7.pt\/?s={search_term_string}"},"query-input":{"@type":"PropertyValueSpecification","valueRequired":true,"valueName":"search_term_string"}}],"inLanguage":"pt-PT"},{"@type":"Organization","@id":"https:\/\/algarve7.pt\/#organization","name":"Algarve 7","url":"https:\/\/algarve7.pt\/","logo":{"@type":"ImageObject","inLanguage":"pt-PT","@id":"https:\/\/algarve7.pt\/#\/schema\/logo\/image\/","url":"https:\/\/algarve7.pt\/wp-content\/uploads\/2020\/10\/Logo-8.jpg","contentUrl":"https:\/\/algarve7.pt\/wp-content\/uploads\/2020\/10\/Logo-8.jpg","width":1680,"height":1186,"caption":"Algarve 7"},"image":{"@id":"https:\/\/algarve7.pt\/#\/schema\/logo\/image\/"},"sameAs":["https:\/\/www.facebook.com\/algarve7","https:\/\/x.com\/Algarvesete","https:\/\/www.instagram.com\/jornalalgarve7\/","https:\/\/www.linkedin.com\/company\/algarve7","https:\/\/www.pinterest.pt\/geral0939\/_created\/"]},{"@type":"Person","@id":"https:\/\/algarve7.pt\/#\/schema\/person\/23fa70681308e7b319a3204bcea45e0c","name":"Algarve 7","sameAs":["https:\/\/algarve7.pt","https:\/\/www.facebook.com\/algarve7"],"url":"https:\/\/algarve7.pt\/index.php\/author\/geralalgarve7-pt\/"}]}},"jetpack_publicize_connections":[],"jetpack_featured_media_url":"https:\/\/algarve7.pt\/wp-content\/uploads\/2025\/05\/Captura-de-ecra-2025-05-09-as-16.37.45.png","jetpack_shortlink":"https:\/\/wp.me\/pcezmW-d2P","jetpack_sharing_enabled":true,"_links":{"self":[{"href":"https:\/\/algarve7.pt\/index.php\/wp-json\/wp\/v2\/posts\/50147","targetHints":{"allow":["GET"]}}],"collection":[{"href":"https:\/\/algarve7.pt\/index.php\/wp-json\/wp\/v2\/posts"}],"about":[{"href":"https:\/\/algarve7.pt\/index.php\/wp-json\/wp\/v2\/types\/post"}],"author":[{"embeddable":true,"href":"https:\/\/algarve7.pt\/index.php\/wp-json\/wp\/v2\/users\/1"}],"replies":[{"embeddable":true,"href":"https:\/\/algarve7.pt\/index.php\/wp-json\/wp\/v2\/comments?post=50147"}],"version-history":[{"count":0,"href":"https:\/\/algarve7.pt\/index.php\/wp-json\/wp\/v2\/posts\/50147\/revisions"}],"wp:featuredmedia":[{"embeddable":true,"href":"https:\/\/algarve7.pt\/index.php\/wp-json\/wp\/v2\/media\/50148"}],"wp:attachment":[{"href":"https:\/\/algarve7.pt\/index.php\/wp-json\/wp\/v2\/media?parent=50147"}],"wp:term":[{"taxonomy":"category","embeddable":true,"href":"https:\/\/algarve7.pt\/index.php\/wp-json\/wp\/v2\/categories?post=50147"},{"taxonomy":"post_tag","embeddable":true,"href":"https:\/\/algarve7.pt\/index.php\/wp-json\/wp\/v2\/tags?post=50147"}],"curies":[{"name":"wp","href":"https:\/\/api.w.org\/{rel}","templated":true}]}}