{"id":50143,"date":"2025-05-09T11:10:00","date_gmt":"2025-05-09T10:10:00","guid":{"rendered":"https:\/\/algarve7.pt\/?p=50143"},"modified":"2025-05-08T21:51:42","modified_gmt":"2025-05-08T20:51:42","slug":"em-alcoutim-vai-decorrer-rastreio-do-cancro-de-pele","status":"publish","type":"post","link":"https:\/\/algarve7.pt\/index.php\/2025\/05\/em-alcoutim-vai-decorrer-rastreio-do-cancro-de-pele\/saude\/11\/10\/","title":{"rendered":"Em Alcoutim vai decorrer rastreio do cancro de pele"},"content":{"rendered":"\n<p>Nos dias 19 e 20 de maio vai decorrer mais uma a\u00e7\u00e3o de rastreio gratuito do cancro e outras doen\u00e7as de pele no concelho de Alcoutim. Esta \u00e9 a primeira fase de uma iniciativa da C\u00e2mara Municipal de Alcoutim que visa combater o cancro de pele e lutar contra a desinforma\u00e7\u00e3o.&nbsp;<\/p>\n\n\n\n<p>Nesta a\u00e7\u00e3o ser\u00e1 feito o despiste de les\u00f5es pr\u00e9-malignas e malignas da pele, transmitida informa\u00e7\u00e3o sobre medidas de prote\u00e7\u00e3o a tomar e efetuados alguns tratamentos com azoto l\u00edquido a doentes com les\u00f5es pr\u00e9-cancer\u00edgenas.<\/p>\n\n\n\n<p>A iniciativa decorre habitualmente durante os meses de maio e outubro e \u00e9 conduzida pela m\u00e9dica dermatologista Manuela Aguiar, que, voluntariamente, se tem disponibilizado para colaborar nas a\u00e7\u00f5es de sa\u00fade da autarquia.<\/p>\n\n\n\n<p>O rastreio decorrer\u00e1 em cinco localidades do concelho, designadamente Alcoutim, Balurcos, Vaqueiros, Gi\u00f5es e Martim Longo. Na sede de concelho, o rastreio realiza-se dia 19 de maio, segunda-feira, a partir das 09h00, nas instala\u00e7\u00f5es do Centro de Artes e Of\u00edcios e pelas 14h00, no Lar de Idosos. Tamb\u00e9m durante a tarde, o rastreio decorrer\u00e1 no Lar de Idosos de Balurcos. No dia seguinte, ter\u00e7a-feira, decorrer\u00e1 no Centro de Sa\u00fade de Vaqueiros, entre as 9h00 e as 11h00 e no edif\u00edcio da Junta de Freguesia de Gi\u00f5es, a partir das 11h30. Pelas 15h00 decorrer\u00e1 no Espa\u00e7o de Fisioterapia de Martim Longo.<\/p>\n\n\n\n<p>Recorde-se que, nos casos em que n\u00e3o \u00e9 poss\u00edvel beneficiar do Autocarro Social \u201cVamos \u00e0 vila\u201d, a C\u00e2mara Municipal disponibiliza transporte mediante inscri\u00e7\u00e3o pr\u00e9via na Unidade de A\u00e7\u00e3o Social, Sa\u00fade e Educa\u00e7\u00e3o atrav\u00e9s do seguinte contacto telef\u00f3nico: 281 540 546.<\/p>\n","protected":false},"excerpt":{"rendered":"<p>Nos dias 19 e 20 de maio vai decorrer mais uma a\u00e7\u00e3o de rastreio gratuito do cancro e outras doen\u00e7as<\/p>\n","protected":false},"author":1,"featured_media":50144,"comment_status":"closed","ping_status":"closed","sticky":false,"template":"","format":"standard","meta":{"colormag_page_container_layout":"default_layout","colormag_page_sidebar_layout":"default_layout","_monsterinsights_skip_tracking":false,"_monsterinsights_sitenote_active":false,"_monsterinsights_sitenote_note":"","_monsterinsights_sitenote_category":0,"jetpack_post_was_ever_published":false,"_jetpack_newsletter_access":"","_jetpack_dont_email_post_to_subs":false,"_jetpack_newsletter_tier_id":0,"_jetpack_memberships_contains_paywalled_content":false,"_jetpack_memberships_contains_paid_content":false,"footnotes":"","jetpack_publicize_message":"","jetpack_publicize_feature_enabled":true,"jetpack_social_post_already_shared":true,"jetpack_social_options":{"image_generator_settings":{"template":"highway","default_image_id":0,"font":"","enabled":false},"version":2}},"categories":[59],"tags":[79,36,58],"class_list":["post-50143","post","type-post","status-publish","format-standard","has-post-thumbnail","hentry","category-saude","tag-alcoutim","tag-algarve","tag-saude"],"yoast_head":"<!-- This site is optimized with the Yoast SEO plugin v27.4 - https:\/\/yoast.com\/product\/yoast-seo-wordpress\/ -->\n<title>Em Alcoutim vai decorrer rastreio do cancro de pele - Algarve 7<\/title>\n<meta name=\"description\" content=\"Em Alcoutim vai decorrer rastreio do cancro de pele Sa\u00fade\" \/>\n<meta name=\"robots\" content=\"index, follow, max-snippet:-1, max-image-preview:large, max-video-preview:-1\" \/>\n<link rel=\"canonical\" href=\"https:\/\/algarve7.pt\/index.php\/2025\/05\/em-alcoutim-vai-decorrer-rastreio-do-cancro-de-pele\/saude\/11\/10\/\" \/>\n<meta property=\"og:locale\" content=\"pt_PT\" \/>\n<meta property=\"og:type\" content=\"article\" \/>\n<meta property=\"og:title\" content=\"Em Alcoutim vai decorrer rastreio do cancro de pele - Algarve 7\" \/>\n<meta property=\"og:description\" content=\"Em Alcoutim vai decorrer rastreio do cancro de pele Sa\u00fade\" \/>\n<meta property=\"og:url\" content=\"https:\/\/algarve7.pt\/index.php\/2025\/05\/em-alcoutim-vai-decorrer-rastreio-do-cancro-de-pele\/saude\/11\/10\/\" \/>\n<meta property=\"og:site_name\" content=\"Algarve 7\" \/>\n<meta property=\"article:publisher\" content=\"https:\/\/www.facebook.com\/algarve7\" \/>\n<meta property=\"article:author\" content=\"https:\/\/www.facebook.com\/algarve7\" \/>\n<meta property=\"article:published_time\" content=\"2025-05-09T10:10:00+00:00\" \/>\n<meta property=\"og:image\" content=\"https:\/\/algarve7.pt\/wp-content\/uploads\/2025\/05\/IMG_8945.jpg\" \/>\n\t<meta property=\"og:image:width\" content=\"800\" \/>\n\t<meta property=\"og:image:height\" content=\"500\" \/>\n\t<meta property=\"og:image:type\" content=\"image\/jpeg\" \/>\n<meta name=\"author\" content=\"Algarve 7\" \/>\n<meta name=\"twitter:card\" content=\"summary_large_image\" \/>\n<meta name=\"twitter:creator\" content=\"@Algarvesete\" \/>\n<meta name=\"twitter:site\" content=\"@Algarvesete\" \/>\n<meta name=\"twitter:label1\" content=\"Escrito por\" \/>\n\t<meta name=\"twitter:data1\" content=\"Algarve 7\" \/>\n\t<meta name=\"twitter:label2\" content=\"Tempo estimado de leitura\" \/>\n\t<meta name=\"twitter:data2\" content=\"2 minutos\" \/>\n<script type=\"application\/ld+json\" class=\"yoast-schema-graph\">{\"@context\":\"https:\\\/\\\/schema.org\",\"@graph\":[{\"@type\":\"Article\",\"@id\":\"https:\\\/\\\/algarve7.pt\\\/index.php\\\/2025\\\/05\\\/em-alcoutim-vai-decorrer-rastreio-do-cancro-de-pele\\\/saude\\\/11\\\/10\\\/#article\",\"isPartOf\":{\"@id\":\"https:\\\/\\\/algarve7.pt\\\/index.php\\\/2025\\\/05\\\/em-alcoutim-vai-decorrer-rastreio-do-cancro-de-pele\\\/saude\\\/11\\\/10\\\/\"},\"author\":{\"name\":\"Algarve 7\",\"@id\":\"https:\\\/\\\/algarve7.pt\\\/#\\\/schema\\\/person\\\/23fa70681308e7b319a3204bcea45e0c\"},\"headline\":\"Em Alcoutim vai decorrer rastreio do cancro de pele\",\"datePublished\":\"2025-05-09T10:10:00+00:00\",\"mainEntityOfPage\":{\"@id\":\"https:\\\/\\\/algarve7.pt\\\/index.php\\\/2025\\\/05\\\/em-alcoutim-vai-decorrer-rastreio-do-cancro-de-pele\\\/saude\\\/11\\\/10\\\/\"},\"wordCount\":291,\"publisher\":{\"@id\":\"https:\\\/\\\/algarve7.pt\\\/#organization\"},\"image\":{\"@id\":\"https:\\\/\\\/algarve7.pt\\\/index.php\\\/2025\\\/05\\\/em-alcoutim-vai-decorrer-rastreio-do-cancro-de-pele\\\/saude\\\/11\\\/10\\\/#primaryimage\"},\"thumbnailUrl\":\"https:\\\/\\\/algarve7.pt\\\/wp-content\\\/uploads\\\/2025\\\/05\\\/IMG_8945.jpg\",\"keywords\":[\"Alcoutim\",\"Algarve\",\"Sa\u00fade\"],\"articleSection\":[\"Sa\u00fade\"],\"inLanguage\":\"pt-PT\"},{\"@type\":\"WebPage\",\"@id\":\"https:\\\/\\\/algarve7.pt\\\/index.php\\\/2025\\\/05\\\/em-alcoutim-vai-decorrer-rastreio-do-cancro-de-pele\\\/saude\\\/11\\\/10\\\/\",\"url\":\"https:\\\/\\\/algarve7.pt\\\/index.php\\\/2025\\\/05\\\/em-alcoutim-vai-decorrer-rastreio-do-cancro-de-pele\\\/saude\\\/11\\\/10\\\/\",\"name\":\"Em Alcoutim vai decorrer rastreio do cancro de pele - Algarve 7\",\"isPartOf\":{\"@id\":\"https:\\\/\\\/algarve7.pt\\\/#website\"},\"primaryImageOfPage\":{\"@id\":\"https:\\\/\\\/algarve7.pt\\\/index.php\\\/2025\\\/05\\\/em-alcoutim-vai-decorrer-rastreio-do-cancro-de-pele\\\/saude\\\/11\\\/10\\\/#primaryimage\"},\"image\":{\"@id\":\"https:\\\/\\\/algarve7.pt\\\/index.php\\\/2025\\\/05\\\/em-alcoutim-vai-decorrer-rastreio-do-cancro-de-pele\\\/saude\\\/11\\\/10\\\/#primaryimage\"},\"thumbnailUrl\":\"https:\\\/\\\/algarve7.pt\\\/wp-content\\\/uploads\\\/2025\\\/05\\\/IMG_8945.jpg\",\"datePublished\":\"2025-05-09T10:10:00+00:00\",\"description\":\"Em Alcoutim vai decorrer rastreio do cancro de pele Sa\u00fade\",\"breadcrumb\":{\"@id\":\"https:\\\/\\\/algarve7.pt\\\/index.php\\\/2025\\\/05\\\/em-alcoutim-vai-decorrer-rastreio-do-cancro-de-pele\\\/saude\\\/11\\\/10\\\/#breadcrumb\"},\"inLanguage\":\"pt-PT\",\"potentialAction\":[{\"@type\":\"ReadAction\",\"target\":[\"https:\\\/\\\/algarve7.pt\\\/index.php\\\/2025\\\/05\\\/em-alcoutim-vai-decorrer-rastreio-do-cancro-de-pele\\\/saude\\\/11\\\/10\\\/\"]}]},{\"@type\":\"ImageObject\",\"inLanguage\":\"pt-PT\",\"@id\":\"https:\\\/\\\/algarve7.pt\\\/index.php\\\/2025\\\/05\\\/em-alcoutim-vai-decorrer-rastreio-do-cancro-de-pele\\\/saude\\\/11\\\/10\\\/#primaryimage\",\"url\":\"https:\\\/\\\/algarve7.pt\\\/wp-content\\\/uploads\\\/2025\\\/05\\\/IMG_8945.jpg\",\"contentUrl\":\"https:\\\/\\\/algarve7.pt\\\/wp-content\\\/uploads\\\/2025\\\/05\\\/IMG_8945.jpg\",\"width\":800,\"height\":500},{\"@type\":\"BreadcrumbList\",\"@id\":\"https:\\\/\\\/algarve7.pt\\\/index.php\\\/2025\\\/05\\\/em-alcoutim-vai-decorrer-rastreio-do-cancro-de-pele\\\/saude\\\/11\\\/10\\\/#breadcrumb\",\"itemListElement\":[{\"@type\":\"ListItem\",\"position\":1,\"name\":\"In\u00edcio\",\"item\":\"https:\\\/\\\/algarve7.pt\\\/\"},{\"@type\":\"ListItem\",\"position\":2,\"name\":\"Em Alcoutim vai decorrer rastreio do cancro de pele\"}]},{\"@type\":\"WebSite\",\"@id\":\"https:\\\/\\\/algarve7.pt\\\/#website\",\"url\":\"https:\\\/\\\/algarve7.pt\\\/\",\"name\":\"Algarve 7\",\"description\":\"Informa\u00e7\u00e3o sobre o Algarve\",\"publisher\":{\"@id\":\"https:\\\/\\\/algarve7.pt\\\/#organization\"},\"potentialAction\":[{\"@type\":\"SearchAction\",\"target\":{\"@type\":\"EntryPoint\",\"urlTemplate\":\"https:\\\/\\\/algarve7.pt\\\/?s={search_term_string}\"},\"query-input\":{\"@type\":\"PropertyValueSpecification\",\"valueRequired\":true,\"valueName\":\"search_term_string\"}}],\"inLanguage\":\"pt-PT\"},{\"@type\":\"Organization\",\"@id\":\"https:\\\/\\\/algarve7.pt\\\/#organization\",\"name\":\"Algarve 7\",\"url\":\"https:\\\/\\\/algarve7.pt\\\/\",\"logo\":{\"@type\":\"ImageObject\",\"inLanguage\":\"pt-PT\",\"@id\":\"https:\\\/\\\/algarve7.pt\\\/#\\\/schema\\\/logo\\\/image\\\/\",\"url\":\"https:\\\/\\\/algarve7.pt\\\/wp-content\\\/uploads\\\/2020\\\/10\\\/Logo-8.jpg\",\"contentUrl\":\"https:\\\/\\\/algarve7.pt\\\/wp-content\\\/uploads\\\/2020\\\/10\\\/Logo-8.jpg\",\"width\":1680,\"height\":1186,\"caption\":\"Algarve 7\"},\"image\":{\"@id\":\"https:\\\/\\\/algarve7.pt\\\/#\\\/schema\\\/logo\\\/image\\\/\"},\"sameAs\":[\"https:\\\/\\\/www.facebook.com\\\/algarve7\",\"https:\\\/\\\/x.com\\\/Algarvesete\",\"https:\\\/\\\/www.instagram.com\\\/jornalalgarve7\\\/\",\"https:\\\/\\\/www.linkedin.com\\\/company\\\/algarve7\",\"https:\\\/\\\/www.pinterest.pt\\\/geral0939\\\/_created\\\/\"]},{\"@type\":\"Person\",\"@id\":\"https:\\\/\\\/algarve7.pt\\\/#\\\/schema\\\/person\\\/23fa70681308e7b319a3204bcea45e0c\",\"name\":\"Algarve 7\",\"sameAs\":[\"https:\\\/\\\/algarve7.pt\",\"https:\\\/\\\/www.facebook.com\\\/algarve7\"],\"url\":\"https:\\\/\\\/algarve7.pt\\\/index.php\\\/author\\\/geralalgarve7-pt\\\/\"}]}<\/script>\n<!-- \/ Yoast SEO plugin. -->","yoast_head_json":{"title":"Em Alcoutim vai decorrer rastreio do cancro de pele - Algarve 7","description":"Em Alcoutim vai decorrer rastreio do cancro de pele Sa\u00fade","robots":{"index":"index","follow":"follow","max-snippet":"max-snippet:-1","max-image-preview":"max-image-preview:large","max-video-preview":"max-video-preview:-1"},"canonical":"https:\/\/algarve7.pt\/index.php\/2025\/05\/em-alcoutim-vai-decorrer-rastreio-do-cancro-de-pele\/saude\/11\/10\/","og_locale":"pt_PT","og_type":"article","og_title":"Em Alcoutim vai decorrer rastreio do cancro de pele - Algarve 7","og_description":"Em Alcoutim vai decorrer rastreio do cancro de pele Sa\u00fade","og_url":"https:\/\/algarve7.pt\/index.php\/2025\/05\/em-alcoutim-vai-decorrer-rastreio-do-cancro-de-pele\/saude\/11\/10\/","og_site_name":"Algarve 7","article_publisher":"https:\/\/www.facebook.com\/algarve7","article_author":"https:\/\/www.facebook.com\/algarve7","article_published_time":"2025-05-09T10:10:00+00:00","og_image":[{"width":800,"height":500,"url":"https:\/\/algarve7.pt\/wp-content\/uploads\/2025\/05\/IMG_8945.jpg","type":"image\/jpeg"}],"author":"Algarve 7","twitter_card":"summary_large_image","twitter_creator":"@Algarvesete","twitter_site":"@Algarvesete","twitter_misc":{"Escrito por":"Algarve 7","Tempo estimado de leitura":"2 minutos"},"schema":{"@context":"https:\/\/schema.org","@graph":[{"@type":"Article","@id":"https:\/\/algarve7.pt\/index.php\/2025\/05\/em-alcoutim-vai-decorrer-rastreio-do-cancro-de-pele\/saude\/11\/10\/#article","isPartOf":{"@id":"https:\/\/algarve7.pt\/index.php\/2025\/05\/em-alcoutim-vai-decorrer-rastreio-do-cancro-de-pele\/saude\/11\/10\/"},"author":{"name":"Algarve 7","@id":"https:\/\/algarve7.pt\/#\/schema\/person\/23fa70681308e7b319a3204bcea45e0c"},"headline":"Em Alcoutim vai decorrer rastreio do cancro de pele","datePublished":"2025-05-09T10:10:00+00:00","mainEntityOfPage":{"@id":"https:\/\/algarve7.pt\/index.php\/2025\/05\/em-alcoutim-vai-decorrer-rastreio-do-cancro-de-pele\/saude\/11\/10\/"},"wordCount":291,"publisher":{"@id":"https:\/\/algarve7.pt\/#organization"},"image":{"@id":"https:\/\/algarve7.pt\/index.php\/2025\/05\/em-alcoutim-vai-decorrer-rastreio-do-cancro-de-pele\/saude\/11\/10\/#primaryimage"},"thumbnailUrl":"https:\/\/algarve7.pt\/wp-content\/uploads\/2025\/05\/IMG_8945.jpg","keywords":["Alcoutim","Algarve","Sa\u00fade"],"articleSection":["Sa\u00fade"],"inLanguage":"pt-PT"},{"@type":"WebPage","@id":"https:\/\/algarve7.pt\/index.php\/2025\/05\/em-alcoutim-vai-decorrer-rastreio-do-cancro-de-pele\/saude\/11\/10\/","url":"https:\/\/algarve7.pt\/index.php\/2025\/05\/em-alcoutim-vai-decorrer-rastreio-do-cancro-de-pele\/saude\/11\/10\/","name":"Em Alcoutim vai decorrer rastreio do cancro de pele - Algarve 7","isPartOf":{"@id":"https:\/\/algarve7.pt\/#website"},"primaryImageOfPage":{"@id":"https:\/\/algarve7.pt\/index.php\/2025\/05\/em-alcoutim-vai-decorrer-rastreio-do-cancro-de-pele\/saude\/11\/10\/#primaryimage"},"image":{"@id":"https:\/\/algarve7.pt\/index.php\/2025\/05\/em-alcoutim-vai-decorrer-rastreio-do-cancro-de-pele\/saude\/11\/10\/#primaryimage"},"thumbnailUrl":"https:\/\/algarve7.pt\/wp-content\/uploads\/2025\/05\/IMG_8945.jpg","datePublished":"2025-05-09T10:10:00+00:00","description":"Em Alcoutim vai decorrer rastreio do cancro de pele Sa\u00fade","breadcrumb":{"@id":"https:\/\/algarve7.pt\/index.php\/2025\/05\/em-alcoutim-vai-decorrer-rastreio-do-cancro-de-pele\/saude\/11\/10\/#breadcrumb"},"inLanguage":"pt-PT","potentialAction":[{"@type":"ReadAction","target":["https:\/\/algarve7.pt\/index.php\/2025\/05\/em-alcoutim-vai-decorrer-rastreio-do-cancro-de-pele\/saude\/11\/10\/"]}]},{"@type":"ImageObject","inLanguage":"pt-PT","@id":"https:\/\/algarve7.pt\/index.php\/2025\/05\/em-alcoutim-vai-decorrer-rastreio-do-cancro-de-pele\/saude\/11\/10\/#primaryimage","url":"https:\/\/algarve7.pt\/wp-content\/uploads\/2025\/05\/IMG_8945.jpg","contentUrl":"https:\/\/algarve7.pt\/wp-content\/uploads\/2025\/05\/IMG_8945.jpg","width":800,"height":500},{"@type":"BreadcrumbList","@id":"https:\/\/algarve7.pt\/index.php\/2025\/05\/em-alcoutim-vai-decorrer-rastreio-do-cancro-de-pele\/saude\/11\/10\/#breadcrumb","itemListElement":[{"@type":"ListItem","position":1,"name":"In\u00edcio","item":"https:\/\/algarve7.pt\/"},{"@type":"ListItem","position":2,"name":"Em Alcoutim vai decorrer rastreio do cancro de pele"}]},{"@type":"WebSite","@id":"https:\/\/algarve7.pt\/#website","url":"https:\/\/algarve7.pt\/","name":"Algarve 7","description":"Informa\u00e7\u00e3o sobre o Algarve","publisher":{"@id":"https:\/\/algarve7.pt\/#organization"},"potentialAction":[{"@type":"SearchAction","target":{"@type":"EntryPoint","urlTemplate":"https:\/\/algarve7.pt\/?s={search_term_string}"},"query-input":{"@type":"PropertyValueSpecification","valueRequired":true,"valueName":"search_term_string"}}],"inLanguage":"pt-PT"},{"@type":"Organization","@id":"https:\/\/algarve7.pt\/#organization","name":"Algarve 7","url":"https:\/\/algarve7.pt\/","logo":{"@type":"ImageObject","inLanguage":"pt-PT","@id":"https:\/\/algarve7.pt\/#\/schema\/logo\/image\/","url":"https:\/\/algarve7.pt\/wp-content\/uploads\/2020\/10\/Logo-8.jpg","contentUrl":"https:\/\/algarve7.pt\/wp-content\/uploads\/2020\/10\/Logo-8.jpg","width":1680,"height":1186,"caption":"Algarve 7"},"image":{"@id":"https:\/\/algarve7.pt\/#\/schema\/logo\/image\/"},"sameAs":["https:\/\/www.facebook.com\/algarve7","https:\/\/x.com\/Algarvesete","https:\/\/www.instagram.com\/jornalalgarve7\/","https:\/\/www.linkedin.com\/company\/algarve7","https:\/\/www.pinterest.pt\/geral0939\/_created\/"]},{"@type":"Person","@id":"https:\/\/algarve7.pt\/#\/schema\/person\/23fa70681308e7b319a3204bcea45e0c","name":"Algarve 7","sameAs":["https:\/\/algarve7.pt","https:\/\/www.facebook.com\/algarve7"],"url":"https:\/\/algarve7.pt\/index.php\/author\/geralalgarve7-pt\/"}]}},"jetpack_publicize_connections":[],"jetpack_featured_media_url":"https:\/\/algarve7.pt\/wp-content\/uploads\/2025\/05\/IMG_8945.jpg","jetpack_shortlink":"https:\/\/wp.me\/pcezmW-d2L","jetpack_sharing_enabled":true,"_links":{"self":[{"href":"https:\/\/algarve7.pt\/index.php\/wp-json\/wp\/v2\/posts\/50143","targetHints":{"allow":["GET"]}}],"collection":[{"href":"https:\/\/algarve7.pt\/index.php\/wp-json\/wp\/v2\/posts"}],"about":[{"href":"https:\/\/algarve7.pt\/index.php\/wp-json\/wp\/v2\/types\/post"}],"author":[{"embeddable":true,"href":"https:\/\/algarve7.pt\/index.php\/wp-json\/wp\/v2\/users\/1"}],"replies":[{"embeddable":true,"href":"https:\/\/algarve7.pt\/index.php\/wp-json\/wp\/v2\/comments?post=50143"}],"version-history":[{"count":0,"href":"https:\/\/algarve7.pt\/index.php\/wp-json\/wp\/v2\/posts\/50143\/revisions"}],"wp:featuredmedia":[{"embeddable":true,"href":"https:\/\/algarve7.pt\/index.php\/wp-json\/wp\/v2\/media\/50144"}],"wp:attachment":[{"href":"https:\/\/algarve7.pt\/index.php\/wp-json\/wp\/v2\/media?parent=50143"}],"wp:term":[{"taxonomy":"category","embeddable":true,"href":"https:\/\/algarve7.pt\/index.php\/wp-json\/wp\/v2\/categories?post=50143"},{"taxonomy":"post_tag","embeddable":true,"href":"https:\/\/algarve7.pt\/index.php\/wp-json\/wp\/v2\/tags?post=50143"}],"curies":[{"name":"wp","href":"https:\/\/api.w.org\/{rel}","templated":true}]}}