{"id":5008,"date":"2021-01-01T16:52:58","date_gmt":"2021-01-01T16:52:58","guid":{"rendered":"https:\/\/algarve7.pt\/?p=5008"},"modified":"2021-01-01T16:59:33","modified_gmt":"2021-01-01T16:59:33","slug":"concurso-aberto-para-obra-de-electrificacao-da-linha-ferroviaria-do-algarve","status":"publish","type":"post","link":"https:\/\/algarve7.pt\/index.php\/2021\/01\/concurso-aberto-para-obra-de-electrificacao-da-linha-ferroviaria-do-algarve\/atualidade\/16\/52\/","title":{"rendered":"Concurso aberto para obra de electrifica\u00e7\u00e3o da linha ferrovi\u00e1ria do Algarve"},"content":{"rendered":"\n<p>As Infraestruturas de Portugal abriram os concursos da obra de eletrifica\u00e7\u00e3o da Linha do Algarve integrado no Plano de Moderniza\u00e7\u00e3o da Rede Ferrovi\u00e1ria Nacional, um investimento total estimado em 64,8 milh\u00f5es de euros.<\/p>\n\n\n\n<p>Objetivos das obras:<br>\u2022 Assegurar que todo o trajeto na Linha do Algarve possa ser realizado com recurso a material circulante el\u00e9trico, com ganhos ambientais e vantagens relativamente \u00e0 melhoria de qualidade do material circulante;<br>\u2022 Melhorar a mobilidade no arco metropolitano do Algarve;<br>\u2022 Potenciar o sistema ferrovi\u00e1rio com condi\u00e7\u00f5es de opera\u00e7\u00e3o sem o uso de combust\u00edveis f\u00f3sseis.<\/p>\n\n\n\n<p>Este investimento na Linha do Algarve \u00e9 comparticipado pela Uni\u00e3o Europeia, no \u00e2mbito do Portugal 2020 (Programa Compete 2020), e engloba o desenvolvimento de Estudos e Projetos, a constru\u00e7\u00e3o de uma subesta\u00e7\u00e3o de tra\u00e7\u00e3o el\u00e9trica em Olh\u00e3o, amplia\u00e7\u00e3o da subesta\u00e7\u00e3o de tra\u00e7\u00e3o el\u00e9trica de Tunes, a execu\u00e7\u00e3o de duas empreitadas &#8211; tro\u00e7o Faro-VRSA e Tunes-Lagos &#8211; de \u201cConce\u00e7\u00e3o\/Execu\u00e7\u00e3o para remodela\u00e7\u00e3o do sistema de energia das salas t\u00e9cnicas e reformula\u00e7\u00e3o de passagens de n\u00edvel\u201d, e uma empreitada de trabalhos associados aos sistemas de telecomunica\u00e7\u00f5es ferrovi\u00e1rias.<\/p>\n\n\n\n<p>Liga\u00e7\u00e3o:&nbsp;<a href=\"https:\/\/dre.pt\/application\/conteudo\/149862057?fbclid=IwAR1BvdDaPJG7VqjbbYrBNq8Rx1WndzbDYV826v92zFrDPeGn1deOAw-BOZE\" rel=\"noreferrer noopener\" target=\"_blank\">https:\/\/dre.pt\/application\/conteudo\/149862057<\/a><\/p>\n\n\n\n<p>Liga\u00e7\u00e3o:&nbsp;<a href=\"https:\/\/dre.pt\/application\/conteudo\/147096319?fbclid=IwAR0DOsG4Bebm4epOoPccmafIK_vx6gbczVlvtcefGjrkr9DHc0PhavFOj2Y\" rel=\"noreferrer noopener\" target=\"_blank\">https:\/\/dre.pt\/application\/conteudo\/147096319<\/a><\/p>\n\n\n\n<p>Liga\u00e7\u00e3o:&nbsp;<a href=\"https:\/\/dre.pt\/application\/conteudo\/151662959?fbclid=IwAR0DOsG4Bebm4epOoPccmafIK_vx6gbczVlvtcefGjrkr9DHc0PhavFOj2Y\" rel=\"noreferrer noopener\" target=\"_blank\">https:\/\/dre.pt\/application\/conteudo\/151662959<\/a><\/p>\n","protected":false},"excerpt":{"rendered":"<p>As Infraestruturas de Portugal abriram os concursos da obra de eletrifica\u00e7\u00e3o da Linha do Algarve integrado no Plano de Moderniza\u00e7\u00e3o<\/p>\n","protected":false},"author":1,"featured_media":5009,"comment_status":"closed","ping_status":"open","sticky":false,"template":"","format":"standard","meta":{"colormag_page_container_layout":"default_layout","colormag_page_sidebar_layout":"default_layout","_monsterinsights_skip_tracking":false,"_monsterinsights_sitenote_active":false,"_monsterinsights_sitenote_note":"","_monsterinsights_sitenote_category":0,"jetpack_post_was_ever_published":false,"_jetpack_newsletter_access":"","_jetpack_dont_email_post_to_subs":false,"_jetpack_newsletter_tier_id":0,"_jetpack_memberships_contains_paywalled_content":false,"_jetpack_memberships_contains_paid_content":false,"footnotes":"","jetpack_publicize_message":"","jetpack_publicize_feature_enabled":true,"jetpack_social_post_already_shared":true,"jetpack_social_options":{"image_generator_settings":{"template":"highway","default_image_id":0,"font":"","enabled":false},"version":2}},"categories":[11],"tags":[36,62,146],"class_list":["post-5008","post","type-post","status-publish","format-standard","has-post-thumbnail","hentry","category-atualidade","tag-algarve","tag-atualidade","tag-concurso"],"yoast_head":"<!-- This site is optimized with the Yoast SEO plugin v27.5 - https:\/\/yoast.com\/product\/yoast-seo-wordpress\/ -->\n<title>Concurso aberto para obra de electrifica\u00e7\u00e3o da linha ferrovi\u00e1ria do Algarve - Algarve 7<\/title>\n<meta name=\"description\" content=\"Concurso aberto para obra de electrifica\u00e7\u00e3o da linha ferrovi\u00e1ria do Algarve Atualidade\" \/>\n<meta name=\"robots\" content=\"index, follow, max-snippet:-1, max-image-preview:large, max-video-preview:-1\" \/>\n<link rel=\"canonical\" href=\"https:\/\/algarve7.pt\/index.php\/2021\/01\/concurso-aberto-para-obra-de-electrificacao-da-linha-ferroviaria-do-algarve\/atualidade\/16\/52\/\" \/>\n<meta property=\"og:locale\" content=\"pt_PT\" \/>\n<meta property=\"og:type\" content=\"article\" \/>\n<meta property=\"og:title\" content=\"Concurso aberto para obra de electrifica\u00e7\u00e3o da linha ferrovi\u00e1ria do Algarve - Algarve 7\" \/>\n<meta property=\"og:description\" content=\"Concurso aberto para obra de electrifica\u00e7\u00e3o da linha ferrovi\u00e1ria do Algarve Atualidade\" \/>\n<meta property=\"og:url\" content=\"https:\/\/algarve7.pt\/index.php\/2021\/01\/concurso-aberto-para-obra-de-electrificacao-da-linha-ferroviaria-do-algarve\/atualidade\/16\/52\/\" \/>\n<meta property=\"og:site_name\" content=\"Algarve 7\" \/>\n<meta property=\"article:publisher\" content=\"https:\/\/www.facebook.com\/algarve7\" \/>\n<meta property=\"article:author\" content=\"https:\/\/www.facebook.com\/algarve7\" \/>\n<meta property=\"article:published_time\" content=\"2021-01-01T16:52:58+00:00\" \/>\n<meta property=\"article:modified_time\" content=\"2021-01-01T16:59:33+00:00\" \/>\n<meta property=\"og:image\" content=\"https:\/\/algarve7.pt\/wp-content\/uploads\/2021\/01\/134287353_1620215958163636_6086425437680995355_o.jpg\" \/>\n\t<meta property=\"og:image:width\" content=\"1280\" \/>\n\t<meta property=\"og:image:height\" content=\"720\" \/>\n\t<meta property=\"og:image:type\" content=\"image\/jpeg\" \/>\n<meta name=\"author\" content=\"Algarve 7\" \/>\n<meta name=\"twitter:card\" content=\"summary_large_image\" \/>\n<meta name=\"twitter:creator\" content=\"@Algarvesete\" \/>\n<meta name=\"twitter:site\" content=\"@Algarvesete\" \/>\n<meta name=\"twitter:label1\" content=\"Escrito por\" \/>\n\t<meta name=\"twitter:data1\" content=\"Algarve 7\" \/>\n\t<meta name=\"twitter:label2\" content=\"Tempo estimado de leitura\" \/>\n\t<meta name=\"twitter:data2\" content=\"1 minuto\" \/>\n<script type=\"application\/ld+json\" class=\"yoast-schema-graph\">{\"@context\":\"https:\\\/\\\/schema.org\",\"@graph\":[{\"@type\":\"Article\",\"@id\":\"https:\\\/\\\/algarve7.pt\\\/index.php\\\/2021\\\/01\\\/concurso-aberto-para-obra-de-electrificacao-da-linha-ferroviaria-do-algarve\\\/atualidade\\\/16\\\/52\\\/#article\",\"isPartOf\":{\"@id\":\"https:\\\/\\\/algarve7.pt\\\/index.php\\\/2021\\\/01\\\/concurso-aberto-para-obra-de-electrificacao-da-linha-ferroviaria-do-algarve\\\/atualidade\\\/16\\\/52\\\/\"},\"author\":{\"name\":\"Algarve 7\",\"@id\":\"https:\\\/\\\/algarve7.pt\\\/#\\\/schema\\\/person\\\/23fa70681308e7b319a3204bcea45e0c\"},\"headline\":\"Concurso aberto para obra de electrifica\u00e7\u00e3o da linha ferrovi\u00e1ria do Algarve\",\"datePublished\":\"2021-01-01T16:52:58+00:00\",\"dateModified\":\"2021-01-01T16:59:33+00:00\",\"mainEntityOfPage\":{\"@id\":\"https:\\\/\\\/algarve7.pt\\\/index.php\\\/2021\\\/01\\\/concurso-aberto-para-obra-de-electrificacao-da-linha-ferroviaria-do-algarve\\\/atualidade\\\/16\\\/52\\\/\"},\"wordCount\":236,\"publisher\":{\"@id\":\"https:\\\/\\\/algarve7.pt\\\/#organization\"},\"image\":{\"@id\":\"https:\\\/\\\/algarve7.pt\\\/index.php\\\/2021\\\/01\\\/concurso-aberto-para-obra-de-electrificacao-da-linha-ferroviaria-do-algarve\\\/atualidade\\\/16\\\/52\\\/#primaryimage\"},\"thumbnailUrl\":\"https:\\\/\\\/algarve7.pt\\\/wp-content\\\/uploads\\\/2021\\\/01\\\/134287353_1620215958163636_6086425437680995355_o.jpg\",\"keywords\":[\"Algarve\",\"Atualidade\",\"Concurso\"],\"articleSection\":[\"Atualidade\"],\"inLanguage\":\"pt-PT\"},{\"@type\":\"WebPage\",\"@id\":\"https:\\\/\\\/algarve7.pt\\\/index.php\\\/2021\\\/01\\\/concurso-aberto-para-obra-de-electrificacao-da-linha-ferroviaria-do-algarve\\\/atualidade\\\/16\\\/52\\\/\",\"url\":\"https:\\\/\\\/algarve7.pt\\\/index.php\\\/2021\\\/01\\\/concurso-aberto-para-obra-de-electrificacao-da-linha-ferroviaria-do-algarve\\\/atualidade\\\/16\\\/52\\\/\",\"name\":\"Concurso aberto para obra de electrifica\u00e7\u00e3o da linha ferrovi\u00e1ria do Algarve - Algarve 7\",\"isPartOf\":{\"@id\":\"https:\\\/\\\/algarve7.pt\\\/#website\"},\"primaryImageOfPage\":{\"@id\":\"https:\\\/\\\/algarve7.pt\\\/index.php\\\/2021\\\/01\\\/concurso-aberto-para-obra-de-electrificacao-da-linha-ferroviaria-do-algarve\\\/atualidade\\\/16\\\/52\\\/#primaryimage\"},\"image\":{\"@id\":\"https:\\\/\\\/algarve7.pt\\\/index.php\\\/2021\\\/01\\\/concurso-aberto-para-obra-de-electrificacao-da-linha-ferroviaria-do-algarve\\\/atualidade\\\/16\\\/52\\\/#primaryimage\"},\"thumbnailUrl\":\"https:\\\/\\\/algarve7.pt\\\/wp-content\\\/uploads\\\/2021\\\/01\\\/134287353_1620215958163636_6086425437680995355_o.jpg\",\"datePublished\":\"2021-01-01T16:52:58+00:00\",\"dateModified\":\"2021-01-01T16:59:33+00:00\",\"description\":\"Concurso aberto para obra de electrifica\u00e7\u00e3o da linha ferrovi\u00e1ria do Algarve Atualidade\",\"breadcrumb\":{\"@id\":\"https:\\\/\\\/algarve7.pt\\\/index.php\\\/2021\\\/01\\\/concurso-aberto-para-obra-de-electrificacao-da-linha-ferroviaria-do-algarve\\\/atualidade\\\/16\\\/52\\\/#breadcrumb\"},\"inLanguage\":\"pt-PT\",\"potentialAction\":[{\"@type\":\"ReadAction\",\"target\":[\"https:\\\/\\\/algarve7.pt\\\/index.php\\\/2021\\\/01\\\/concurso-aberto-para-obra-de-electrificacao-da-linha-ferroviaria-do-algarve\\\/atualidade\\\/16\\\/52\\\/\"]}]},{\"@type\":\"ImageObject\",\"inLanguage\":\"pt-PT\",\"@id\":\"https:\\\/\\\/algarve7.pt\\\/index.php\\\/2021\\\/01\\\/concurso-aberto-para-obra-de-electrificacao-da-linha-ferroviaria-do-algarve\\\/atualidade\\\/16\\\/52\\\/#primaryimage\",\"url\":\"https:\\\/\\\/algarve7.pt\\\/wp-content\\\/uploads\\\/2021\\\/01\\\/134287353_1620215958163636_6086425437680995355_o.jpg\",\"contentUrl\":\"https:\\\/\\\/algarve7.pt\\\/wp-content\\\/uploads\\\/2021\\\/01\\\/134287353_1620215958163636_6086425437680995355_o.jpg\",\"width\":1280,\"height\":720},{\"@type\":\"BreadcrumbList\",\"@id\":\"https:\\\/\\\/algarve7.pt\\\/index.php\\\/2021\\\/01\\\/concurso-aberto-para-obra-de-electrificacao-da-linha-ferroviaria-do-algarve\\\/atualidade\\\/16\\\/52\\\/#breadcrumb\",\"itemListElement\":[{\"@type\":\"ListItem\",\"position\":1,\"name\":\"In\u00edcio\",\"item\":\"https:\\\/\\\/algarve7.pt\\\/\"},{\"@type\":\"ListItem\",\"position\":2,\"name\":\"Concurso aberto para obra de electrifica\u00e7\u00e3o da linha ferrovi\u00e1ria do Algarve\"}]},{\"@type\":\"WebSite\",\"@id\":\"https:\\\/\\\/algarve7.pt\\\/#website\",\"url\":\"https:\\\/\\\/algarve7.pt\\\/\",\"name\":\"Algarve 7\",\"description\":\"Informa\u00e7\u00e3o sobre o Algarve\",\"publisher\":{\"@id\":\"https:\\\/\\\/algarve7.pt\\\/#organization\"},\"potentialAction\":[{\"@type\":\"SearchAction\",\"target\":{\"@type\":\"EntryPoint\",\"urlTemplate\":\"https:\\\/\\\/algarve7.pt\\\/?s={search_term_string}\"},\"query-input\":{\"@type\":\"PropertyValueSpecification\",\"valueRequired\":true,\"valueName\":\"search_term_string\"}}],\"inLanguage\":\"pt-PT\"},{\"@type\":\"Organization\",\"@id\":\"https:\\\/\\\/algarve7.pt\\\/#organization\",\"name\":\"Algarve 7\",\"url\":\"https:\\\/\\\/algarve7.pt\\\/\",\"logo\":{\"@type\":\"ImageObject\",\"inLanguage\":\"pt-PT\",\"@id\":\"https:\\\/\\\/algarve7.pt\\\/#\\\/schema\\\/logo\\\/image\\\/\",\"url\":\"https:\\\/\\\/algarve7.pt\\\/wp-content\\\/uploads\\\/2020\\\/10\\\/Logo-8.jpg\",\"contentUrl\":\"https:\\\/\\\/algarve7.pt\\\/wp-content\\\/uploads\\\/2020\\\/10\\\/Logo-8.jpg\",\"width\":1680,\"height\":1186,\"caption\":\"Algarve 7\"},\"image\":{\"@id\":\"https:\\\/\\\/algarve7.pt\\\/#\\\/schema\\\/logo\\\/image\\\/\"},\"sameAs\":[\"https:\\\/\\\/www.facebook.com\\\/algarve7\",\"https:\\\/\\\/x.com\\\/Algarvesete\",\"https:\\\/\\\/www.instagram.com\\\/jornalalgarve7\\\/\",\"https:\\\/\\\/www.linkedin.com\\\/company\\\/algarve7\",\"https:\\\/\\\/www.pinterest.pt\\\/geral0939\\\/_created\\\/\"]},{\"@type\":\"Person\",\"@id\":\"https:\\\/\\\/algarve7.pt\\\/#\\\/schema\\\/person\\\/23fa70681308e7b319a3204bcea45e0c\",\"name\":\"Algarve 7\",\"sameAs\":[\"https:\\\/\\\/algarve7.pt\",\"https:\\\/\\\/www.facebook.com\\\/algarve7\"],\"url\":\"https:\\\/\\\/algarve7.pt\\\/index.php\\\/author\\\/geralalgarve7-pt\\\/\"}]}<\/script>\n<!-- \/ Yoast SEO plugin. -->","yoast_head_json":{"title":"Concurso aberto para obra de electrifica\u00e7\u00e3o da linha ferrovi\u00e1ria do Algarve - Algarve 7","description":"Concurso aberto para obra de electrifica\u00e7\u00e3o da linha ferrovi\u00e1ria do Algarve Atualidade","robots":{"index":"index","follow":"follow","max-snippet":"max-snippet:-1","max-image-preview":"max-image-preview:large","max-video-preview":"max-video-preview:-1"},"canonical":"https:\/\/algarve7.pt\/index.php\/2021\/01\/concurso-aberto-para-obra-de-electrificacao-da-linha-ferroviaria-do-algarve\/atualidade\/16\/52\/","og_locale":"pt_PT","og_type":"article","og_title":"Concurso aberto para obra de electrifica\u00e7\u00e3o da linha ferrovi\u00e1ria do Algarve - Algarve 7","og_description":"Concurso aberto para obra de electrifica\u00e7\u00e3o da linha ferrovi\u00e1ria do Algarve Atualidade","og_url":"https:\/\/algarve7.pt\/index.php\/2021\/01\/concurso-aberto-para-obra-de-electrificacao-da-linha-ferroviaria-do-algarve\/atualidade\/16\/52\/","og_site_name":"Algarve 7","article_publisher":"https:\/\/www.facebook.com\/algarve7","article_author":"https:\/\/www.facebook.com\/algarve7","article_published_time":"2021-01-01T16:52:58+00:00","article_modified_time":"2021-01-01T16:59:33+00:00","og_image":[{"width":1280,"height":720,"url":"https:\/\/algarve7.pt\/wp-content\/uploads\/2021\/01\/134287353_1620215958163636_6086425437680995355_o.jpg","type":"image\/jpeg"}],"author":"Algarve 7","twitter_card":"summary_large_image","twitter_creator":"@Algarvesete","twitter_site":"@Algarvesete","twitter_misc":{"Escrito por":"Algarve 7","Tempo estimado de leitura":"1 minuto"},"schema":{"@context":"https:\/\/schema.org","@graph":[{"@type":"Article","@id":"https:\/\/algarve7.pt\/index.php\/2021\/01\/concurso-aberto-para-obra-de-electrificacao-da-linha-ferroviaria-do-algarve\/atualidade\/16\/52\/#article","isPartOf":{"@id":"https:\/\/algarve7.pt\/index.php\/2021\/01\/concurso-aberto-para-obra-de-electrificacao-da-linha-ferroviaria-do-algarve\/atualidade\/16\/52\/"},"author":{"name":"Algarve 7","@id":"https:\/\/algarve7.pt\/#\/schema\/person\/23fa70681308e7b319a3204bcea45e0c"},"headline":"Concurso aberto para obra de electrifica\u00e7\u00e3o da linha ferrovi\u00e1ria do Algarve","datePublished":"2021-01-01T16:52:58+00:00","dateModified":"2021-01-01T16:59:33+00:00","mainEntityOfPage":{"@id":"https:\/\/algarve7.pt\/index.php\/2021\/01\/concurso-aberto-para-obra-de-electrificacao-da-linha-ferroviaria-do-algarve\/atualidade\/16\/52\/"},"wordCount":236,"publisher":{"@id":"https:\/\/algarve7.pt\/#organization"},"image":{"@id":"https:\/\/algarve7.pt\/index.php\/2021\/01\/concurso-aberto-para-obra-de-electrificacao-da-linha-ferroviaria-do-algarve\/atualidade\/16\/52\/#primaryimage"},"thumbnailUrl":"https:\/\/algarve7.pt\/wp-content\/uploads\/2021\/01\/134287353_1620215958163636_6086425437680995355_o.jpg","keywords":["Algarve","Atualidade","Concurso"],"articleSection":["Atualidade"],"inLanguage":"pt-PT"},{"@type":"WebPage","@id":"https:\/\/algarve7.pt\/index.php\/2021\/01\/concurso-aberto-para-obra-de-electrificacao-da-linha-ferroviaria-do-algarve\/atualidade\/16\/52\/","url":"https:\/\/algarve7.pt\/index.php\/2021\/01\/concurso-aberto-para-obra-de-electrificacao-da-linha-ferroviaria-do-algarve\/atualidade\/16\/52\/","name":"Concurso aberto para obra de electrifica\u00e7\u00e3o da linha ferrovi\u00e1ria do Algarve - Algarve 7","isPartOf":{"@id":"https:\/\/algarve7.pt\/#website"},"primaryImageOfPage":{"@id":"https:\/\/algarve7.pt\/index.php\/2021\/01\/concurso-aberto-para-obra-de-electrificacao-da-linha-ferroviaria-do-algarve\/atualidade\/16\/52\/#primaryimage"},"image":{"@id":"https:\/\/algarve7.pt\/index.php\/2021\/01\/concurso-aberto-para-obra-de-electrificacao-da-linha-ferroviaria-do-algarve\/atualidade\/16\/52\/#primaryimage"},"thumbnailUrl":"https:\/\/algarve7.pt\/wp-content\/uploads\/2021\/01\/134287353_1620215958163636_6086425437680995355_o.jpg","datePublished":"2021-01-01T16:52:58+00:00","dateModified":"2021-01-01T16:59:33+00:00","description":"Concurso aberto para obra de electrifica\u00e7\u00e3o da linha ferrovi\u00e1ria do Algarve Atualidade","breadcrumb":{"@id":"https:\/\/algarve7.pt\/index.php\/2021\/01\/concurso-aberto-para-obra-de-electrificacao-da-linha-ferroviaria-do-algarve\/atualidade\/16\/52\/#breadcrumb"},"inLanguage":"pt-PT","potentialAction":[{"@type":"ReadAction","target":["https:\/\/algarve7.pt\/index.php\/2021\/01\/concurso-aberto-para-obra-de-electrificacao-da-linha-ferroviaria-do-algarve\/atualidade\/16\/52\/"]}]},{"@type":"ImageObject","inLanguage":"pt-PT","@id":"https:\/\/algarve7.pt\/index.php\/2021\/01\/concurso-aberto-para-obra-de-electrificacao-da-linha-ferroviaria-do-algarve\/atualidade\/16\/52\/#primaryimage","url":"https:\/\/algarve7.pt\/wp-content\/uploads\/2021\/01\/134287353_1620215958163636_6086425437680995355_o.jpg","contentUrl":"https:\/\/algarve7.pt\/wp-content\/uploads\/2021\/01\/134287353_1620215958163636_6086425437680995355_o.jpg","width":1280,"height":720},{"@type":"BreadcrumbList","@id":"https:\/\/algarve7.pt\/index.php\/2021\/01\/concurso-aberto-para-obra-de-electrificacao-da-linha-ferroviaria-do-algarve\/atualidade\/16\/52\/#breadcrumb","itemListElement":[{"@type":"ListItem","position":1,"name":"In\u00edcio","item":"https:\/\/algarve7.pt\/"},{"@type":"ListItem","position":2,"name":"Concurso aberto para obra de electrifica\u00e7\u00e3o da linha ferrovi\u00e1ria do Algarve"}]},{"@type":"WebSite","@id":"https:\/\/algarve7.pt\/#website","url":"https:\/\/algarve7.pt\/","name":"Algarve 7","description":"Informa\u00e7\u00e3o sobre o Algarve","publisher":{"@id":"https:\/\/algarve7.pt\/#organization"},"potentialAction":[{"@type":"SearchAction","target":{"@type":"EntryPoint","urlTemplate":"https:\/\/algarve7.pt\/?s={search_term_string}"},"query-input":{"@type":"PropertyValueSpecification","valueRequired":true,"valueName":"search_term_string"}}],"inLanguage":"pt-PT"},{"@type":"Organization","@id":"https:\/\/algarve7.pt\/#organization","name":"Algarve 7","url":"https:\/\/algarve7.pt\/","logo":{"@type":"ImageObject","inLanguage":"pt-PT","@id":"https:\/\/algarve7.pt\/#\/schema\/logo\/image\/","url":"https:\/\/algarve7.pt\/wp-content\/uploads\/2020\/10\/Logo-8.jpg","contentUrl":"https:\/\/algarve7.pt\/wp-content\/uploads\/2020\/10\/Logo-8.jpg","width":1680,"height":1186,"caption":"Algarve 7"},"image":{"@id":"https:\/\/algarve7.pt\/#\/schema\/logo\/image\/"},"sameAs":["https:\/\/www.facebook.com\/algarve7","https:\/\/x.com\/Algarvesete","https:\/\/www.instagram.com\/jornalalgarve7\/","https:\/\/www.linkedin.com\/company\/algarve7","https:\/\/www.pinterest.pt\/geral0939\/_created\/"]},{"@type":"Person","@id":"https:\/\/algarve7.pt\/#\/schema\/person\/23fa70681308e7b319a3204bcea45e0c","name":"Algarve 7","sameAs":["https:\/\/algarve7.pt","https:\/\/www.facebook.com\/algarve7"],"url":"https:\/\/algarve7.pt\/index.php\/author\/geralalgarve7-pt\/"}]}},"jetpack_publicize_connections":[],"jetpack_featured_media_url":"https:\/\/algarve7.pt\/wp-content\/uploads\/2021\/01\/134287353_1620215958163636_6086425437680995355_o.jpg","jetpack_shortlink":"https:\/\/wp.me\/pcezmW-1iM","jetpack_sharing_enabled":true,"_links":{"self":[{"href":"https:\/\/algarve7.pt\/index.php\/wp-json\/wp\/v2\/posts\/5008","targetHints":{"allow":["GET"]}}],"collection":[{"href":"https:\/\/algarve7.pt\/index.php\/wp-json\/wp\/v2\/posts"}],"about":[{"href":"https:\/\/algarve7.pt\/index.php\/wp-json\/wp\/v2\/types\/post"}],"author":[{"embeddable":true,"href":"https:\/\/algarve7.pt\/index.php\/wp-json\/wp\/v2\/users\/1"}],"replies":[{"embeddable":true,"href":"https:\/\/algarve7.pt\/index.php\/wp-json\/wp\/v2\/comments?post=5008"}],"version-history":[{"count":0,"href":"https:\/\/algarve7.pt\/index.php\/wp-json\/wp\/v2\/posts\/5008\/revisions"}],"wp:featuredmedia":[{"embeddable":true,"href":"https:\/\/algarve7.pt\/index.php\/wp-json\/wp\/v2\/media\/5009"}],"wp:attachment":[{"href":"https:\/\/algarve7.pt\/index.php\/wp-json\/wp\/v2\/media?parent=5008"}],"wp:term":[{"taxonomy":"category","embeddable":true,"href":"https:\/\/algarve7.pt\/index.php\/wp-json\/wp\/v2\/categories?post=5008"},{"taxonomy":"post_tag","embeddable":true,"href":"https:\/\/algarve7.pt\/index.php\/wp-json\/wp\/v2\/tags?post=5008"}],"curies":[{"name":"wp","href":"https:\/\/api.w.org\/{rel}","templated":true}]}}