{"id":49975,"date":"2025-05-03T11:00:00","date_gmt":"2025-05-03T10:00:00","guid":{"rendered":"https:\/\/algarve7.pt\/?p=49975"},"modified":"2025-05-02T17:21:29","modified_gmt":"2025-05-02T16:21:29","slug":"tres-viaturas-reforcam-meios-da-gnr-no-concelho-de-loule","status":"publish","type":"post","link":"https:\/\/algarve7.pt\/index.php\/2025\/05\/tres-viaturas-reforcam-meios-da-gnr-no-concelho-de-loule\/atualidade\/11\/00\/","title":{"rendered":"Tr\u00eas viaturas refor\u00e7am meios da GNR no concelho de Loul\u00e9"},"content":{"rendered":"\n<p>A C\u00e2mara Municipal de Loul\u00e9 entregou ao Comando da Guarda Nacional Republicana tr\u00eas novas viaturas que ir\u00e3o ajudar ao trabalho desenvolvido nos postos de Loul\u00e9 e Almancil e no subdestacamento de Quarteira.<\/p>\n\n\n\n<p>As viaturas \u201camigas do ambiente\u201d eram uma necessidade sentida pela institui\u00e7\u00e3o neste territ\u00f3rio e, atrav\u00e9s desta ced\u00eancia, a GNR v\u00ea melhoradas as condi\u00e7\u00f5es para levar a cabo as suas atividades.<\/p>\n\n\n\n<p>Destinam-se fundamentalmente \u00e0 miss\u00e3o de policiamento comunit\u00e1rio e de proximidade, em particular em a\u00e7\u00f5es que visam o apoio \u00e0 comunidade escolar pelo \u201cPrograma Escola Segura\u201d, o apoio ao desenvolvimento pelo \u201cPrograma Com\u00e9rcio Seguro\u201d e o apoio \u00e0s popula\u00e7\u00f5es idosas pelo \u201cPrograma Apoio 65 \u2013 Idosos em Seguran\u00e7a\u201d, entre outros programas e a\u00e7\u00f5es realizadas nas \u00e1reas \u00e0s quais cada uma das viaturas se destina. Ser\u00e3o essenciais para a sua execu\u00e7\u00e3o de uma forma mais eficiente e abrangente.<\/p>\n\n\n\n<p>De acordo com o comandante territorial de Faro, coronel Marco Henriques, esta iniciativa representa \u201cmuito mais do que um aumento da capacidade de resposta da Guarda nestas localidades, materializa um incremento na imagem da Guarda, do concelho e do pa\u00eds, na motiva\u00e7\u00e3o dos militares que passar\u00e3o a dispor de um equipamento mais moderno, mais seguro e mais eficiente, mas tamb\u00e9m no refor\u00e7o do compromisso que a Guarda partilha com o poder local, na prossecu\u00e7\u00e3o do interesse p\u00fablico\u201d.<\/p>\n\n\n\n<p>\u201cA GNR \u00e9 uma presen\u00e7a muito valorizada por toda a comunidade, sabemos bem qu\u00e3o importante \u00e9 o seu trabalho no nosso concelho. N\u00e3o h\u00e1 comunidade adulta, robusta, democr\u00e1tica que n\u00e3o tenha, na primeira linha das suas preocupa\u00e7\u00f5es, o valor da seguran\u00e7a dos cidad\u00e3os\u201d, afirmou V\u00edtor Aleixo, presidente da C\u00e2mara de Loul\u00e9.<\/p>\n\n\n\n<p>O autarca destacou \u201ca quantidade impressionante de servi\u00e7os da GNR que se encontram sedeados no concelho de Loul\u00e9, desde o patrulhamento de costa at\u00e9 \u00e0s unidades especiais, e a quantidade de militares envolvidos\u201d.<\/p>\n\n\n\n<p>Refira-se que, munic\u00edpio, a GNR conta com o Comando do Destacamento em Loul\u00e9, o Subdestacamento de Quarteira, os Postos de Loul\u00e9, Salir, Almancil e Vilamoura, o&nbsp;Destacamento de Interven\u00e7\u00e3o sediado no Quartel de Vilamoura (que congrega 4 Equipas de Interven\u00e7\u00e3o, 1 Equipa Cinot\u00e9cnica que inclui Dete\u00e7\u00e3o de Explosivos e 2 Esquadras a Cavalo), o Posto de Guarda de Fronteira, da Unidade de Controlo Costeiro e Fronteiras, tamb\u00e9m sediado no Quartel de Vilamoura, e ainda a Companhia de Ataque Estendido da UEPS, sediada no&nbsp;&nbsp;Posto de Almancil.<\/p>\n\n\n\n<p>Estas 9 subunidades s\u00e3o compostas por um total de 297 militares.<\/p>\n\n\n\n<p>A GNR marca ainda presen\u00e7a atrav\u00e9s da patrulha a cavalo que todos os anos \u00e9 deslocada para a Cortelha, no apoio \u00e0 vigil\u00e2ncia da floresta contra inc\u00eandios, e do projeto de Videovigil\u00e2ncia para Vilamoura, que em breve ir\u00e1 avan\u00e7ar para a fase de concurso para aquisi\u00e7\u00e3o dos equipamentos.<\/p>\n\n\n\n<p>Depois de, nos \u00faltimos anos, a C\u00e2mara Municipal de Loul\u00e9&nbsp;&nbsp;ter investido na melhoria dos equipamentos da GNR no concelho, o presidente Vitor Aleixo real\u00e7ou que o pr\u00f3ximo \u201cmaior des\u00edgnio\u201d \u00e9 a concretiza\u00e7\u00e3o do edif\u00edcio do Comando Territorial de Faro na \u201cCidadela de Prote\u00e7\u00e3o e Seguran\u00e7a de Loul\u00e9\u201d, dando, do ponto de vista regional, \u201cmelhores condi\u00e7\u00f5es de trabalho, modernas e eficazes\u201d. O concurso p\u00fablico para o projeto do edif\u00edcio est\u00e1 j\u00e1 aberto. A Autarquia comparticipar\u00e1 no projeto (500 mil euros) e em metade do valor da empreitada.<\/p>\n","protected":false},"excerpt":{"rendered":"<p>A C\u00e2mara Municipal de Loul\u00e9 entregou ao Comando da Guarda Nacional Republicana tr\u00eas novas viaturas que ir\u00e3o ajudar ao trabalho<\/p>\n","protected":false},"author":1,"featured_media":49976,"comment_status":"closed","ping_status":"closed","sticky":false,"template":"","format":"standard","meta":{"colormag_page_container_layout":"default_layout","colormag_page_sidebar_layout":"default_layout","_monsterinsights_skip_tracking":false,"_monsterinsights_sitenote_active":false,"_monsterinsights_sitenote_note":"","_monsterinsights_sitenote_category":0,"jetpack_post_was_ever_published":false,"_jetpack_newsletter_access":"","_jetpack_dont_email_post_to_subs":false,"_jetpack_newsletter_tier_id":0,"_jetpack_memberships_contains_paywalled_content":false,"_jetpack_memberships_contains_paid_content":false,"footnotes":"","jetpack_publicize_message":"","jetpack_publicize_feature_enabled":true,"jetpack_social_post_already_shared":true,"jetpack_social_options":{"image_generator_settings":{"template":"highway","default_image_id":0,"font":"","enabled":false},"version":2}},"categories":[11],"tags":[36,62,31],"class_list":["post-49975","post","type-post","status-publish","format-standard","has-post-thumbnail","hentry","category-atualidade","tag-algarve","tag-atualidade","tag-loule"],"yoast_head":"<!-- This site is optimized with the Yoast SEO plugin v27.4 - https:\/\/yoast.com\/product\/yoast-seo-wordpress\/ -->\n<title>Tr\u00eas viaturas refor\u00e7am meios da GNR no concelho de Loul\u00e9 - Algarve 7<\/title>\n<meta name=\"description\" content=\"Tr\u00eas viaturas refor\u00e7am meios da GNR no concelho de Loul\u00e9 Atualidade\" \/>\n<meta name=\"robots\" content=\"index, follow, max-snippet:-1, max-image-preview:large, max-video-preview:-1\" \/>\n<link rel=\"canonical\" href=\"https:\/\/algarve7.pt\/index.php\/2025\/05\/tres-viaturas-reforcam-meios-da-gnr-no-concelho-de-loule\/atualidade\/11\/00\/\" \/>\n<meta property=\"og:locale\" content=\"pt_PT\" \/>\n<meta property=\"og:type\" content=\"article\" \/>\n<meta property=\"og:title\" content=\"Tr\u00eas viaturas refor\u00e7am meios da GNR no concelho de Loul\u00e9 - Algarve 7\" \/>\n<meta property=\"og:description\" content=\"Tr\u00eas viaturas refor\u00e7am meios da GNR no concelho de Loul\u00e9 Atualidade\" \/>\n<meta property=\"og:url\" content=\"https:\/\/algarve7.pt\/index.php\/2025\/05\/tres-viaturas-reforcam-meios-da-gnr-no-concelho-de-loule\/atualidade\/11\/00\/\" \/>\n<meta property=\"og:site_name\" content=\"Algarve 7\" \/>\n<meta property=\"article:publisher\" content=\"https:\/\/www.facebook.com\/algarve7\" \/>\n<meta property=\"article:author\" content=\"https:\/\/www.facebook.com\/algarve7\" \/>\n<meta property=\"article:published_time\" content=\"2025-05-03T10:00:00+00:00\" \/>\n<meta property=\"og:image\" content=\"https:\/\/algarve7.pt\/wp-content\/uploads\/2025\/05\/Entrega-viaturas-GNR-30-04-2025-1.jpg\" \/>\n\t<meta property=\"og:image:width\" content=\"800\" \/>\n\t<meta property=\"og:image:height\" content=\"500\" \/>\n\t<meta property=\"og:image:type\" content=\"image\/jpeg\" \/>\n<meta name=\"author\" content=\"Algarve 7\" \/>\n<meta name=\"twitter:card\" content=\"summary_large_image\" \/>\n<meta name=\"twitter:creator\" content=\"@Algarvesete\" \/>\n<meta name=\"twitter:site\" content=\"@Algarvesete\" \/>\n<meta name=\"twitter:label1\" content=\"Escrito por\" \/>\n\t<meta name=\"twitter:data1\" content=\"Algarve 7\" \/>\n\t<meta name=\"twitter:label2\" content=\"Tempo estimado de leitura\" \/>\n\t<meta name=\"twitter:data2\" content=\"4 minutos\" \/>\n<script type=\"application\/ld+json\" class=\"yoast-schema-graph\">{\"@context\":\"https:\\\/\\\/schema.org\",\"@graph\":[{\"@type\":\"Article\",\"@id\":\"https:\\\/\\\/algarve7.pt\\\/index.php\\\/2025\\\/05\\\/tres-viaturas-reforcam-meios-da-gnr-no-concelho-de-loule\\\/atualidade\\\/11\\\/00\\\/#article\",\"isPartOf\":{\"@id\":\"https:\\\/\\\/algarve7.pt\\\/index.php\\\/2025\\\/05\\\/tres-viaturas-reforcam-meios-da-gnr-no-concelho-de-loule\\\/atualidade\\\/11\\\/00\\\/\"},\"author\":{\"name\":\"Algarve 7\",\"@id\":\"https:\\\/\\\/algarve7.pt\\\/#\\\/schema\\\/person\\\/23fa70681308e7b319a3204bcea45e0c\"},\"headline\":\"Tr\u00eas viaturas refor\u00e7am meios da GNR no concelho de Loul\u00e9\",\"datePublished\":\"2025-05-03T10:00:00+00:00\",\"mainEntityOfPage\":{\"@id\":\"https:\\\/\\\/algarve7.pt\\\/index.php\\\/2025\\\/05\\\/tres-viaturas-reforcam-meios-da-gnr-no-concelho-de-loule\\\/atualidade\\\/11\\\/00\\\/\"},\"wordCount\":593,\"publisher\":{\"@id\":\"https:\\\/\\\/algarve7.pt\\\/#organization\"},\"image\":{\"@id\":\"https:\\\/\\\/algarve7.pt\\\/index.php\\\/2025\\\/05\\\/tres-viaturas-reforcam-meios-da-gnr-no-concelho-de-loule\\\/atualidade\\\/11\\\/00\\\/#primaryimage\"},\"thumbnailUrl\":\"https:\\\/\\\/algarve7.pt\\\/wp-content\\\/uploads\\\/2025\\\/05\\\/Entrega-viaturas-GNR-30-04-2025-1.jpg\",\"keywords\":[\"Algarve\",\"Atualidade\",\"Loul\u00e9\"],\"articleSection\":[\"Atualidade\"],\"inLanguage\":\"pt-PT\"},{\"@type\":\"WebPage\",\"@id\":\"https:\\\/\\\/algarve7.pt\\\/index.php\\\/2025\\\/05\\\/tres-viaturas-reforcam-meios-da-gnr-no-concelho-de-loule\\\/atualidade\\\/11\\\/00\\\/\",\"url\":\"https:\\\/\\\/algarve7.pt\\\/index.php\\\/2025\\\/05\\\/tres-viaturas-reforcam-meios-da-gnr-no-concelho-de-loule\\\/atualidade\\\/11\\\/00\\\/\",\"name\":\"Tr\u00eas viaturas refor\u00e7am meios da GNR no concelho de Loul\u00e9 - Algarve 7\",\"isPartOf\":{\"@id\":\"https:\\\/\\\/algarve7.pt\\\/#website\"},\"primaryImageOfPage\":{\"@id\":\"https:\\\/\\\/algarve7.pt\\\/index.php\\\/2025\\\/05\\\/tres-viaturas-reforcam-meios-da-gnr-no-concelho-de-loule\\\/atualidade\\\/11\\\/00\\\/#primaryimage\"},\"image\":{\"@id\":\"https:\\\/\\\/algarve7.pt\\\/index.php\\\/2025\\\/05\\\/tres-viaturas-reforcam-meios-da-gnr-no-concelho-de-loule\\\/atualidade\\\/11\\\/00\\\/#primaryimage\"},\"thumbnailUrl\":\"https:\\\/\\\/algarve7.pt\\\/wp-content\\\/uploads\\\/2025\\\/05\\\/Entrega-viaturas-GNR-30-04-2025-1.jpg\",\"datePublished\":\"2025-05-03T10:00:00+00:00\",\"description\":\"Tr\u00eas viaturas refor\u00e7am meios da GNR no concelho de Loul\u00e9 Atualidade\",\"breadcrumb\":{\"@id\":\"https:\\\/\\\/algarve7.pt\\\/index.php\\\/2025\\\/05\\\/tres-viaturas-reforcam-meios-da-gnr-no-concelho-de-loule\\\/atualidade\\\/11\\\/00\\\/#breadcrumb\"},\"inLanguage\":\"pt-PT\",\"potentialAction\":[{\"@type\":\"ReadAction\",\"target\":[\"https:\\\/\\\/algarve7.pt\\\/index.php\\\/2025\\\/05\\\/tres-viaturas-reforcam-meios-da-gnr-no-concelho-de-loule\\\/atualidade\\\/11\\\/00\\\/\"]}]},{\"@type\":\"ImageObject\",\"inLanguage\":\"pt-PT\",\"@id\":\"https:\\\/\\\/algarve7.pt\\\/index.php\\\/2025\\\/05\\\/tres-viaturas-reforcam-meios-da-gnr-no-concelho-de-loule\\\/atualidade\\\/11\\\/00\\\/#primaryimage\",\"url\":\"https:\\\/\\\/algarve7.pt\\\/wp-content\\\/uploads\\\/2025\\\/05\\\/Entrega-viaturas-GNR-30-04-2025-1.jpg\",\"contentUrl\":\"https:\\\/\\\/algarve7.pt\\\/wp-content\\\/uploads\\\/2025\\\/05\\\/Entrega-viaturas-GNR-30-04-2025-1.jpg\",\"width\":800,\"height\":500},{\"@type\":\"BreadcrumbList\",\"@id\":\"https:\\\/\\\/algarve7.pt\\\/index.php\\\/2025\\\/05\\\/tres-viaturas-reforcam-meios-da-gnr-no-concelho-de-loule\\\/atualidade\\\/11\\\/00\\\/#breadcrumb\",\"itemListElement\":[{\"@type\":\"ListItem\",\"position\":1,\"name\":\"In\u00edcio\",\"item\":\"https:\\\/\\\/algarve7.pt\\\/\"},{\"@type\":\"ListItem\",\"position\":2,\"name\":\"Tr\u00eas viaturas refor\u00e7am meios da GNR no concelho de Loul\u00e9\"}]},{\"@type\":\"WebSite\",\"@id\":\"https:\\\/\\\/algarve7.pt\\\/#website\",\"url\":\"https:\\\/\\\/algarve7.pt\\\/\",\"name\":\"Algarve 7\",\"description\":\"Informa\u00e7\u00e3o sobre o Algarve\",\"publisher\":{\"@id\":\"https:\\\/\\\/algarve7.pt\\\/#organization\"},\"potentialAction\":[{\"@type\":\"SearchAction\",\"target\":{\"@type\":\"EntryPoint\",\"urlTemplate\":\"https:\\\/\\\/algarve7.pt\\\/?s={search_term_string}\"},\"query-input\":{\"@type\":\"PropertyValueSpecification\",\"valueRequired\":true,\"valueName\":\"search_term_string\"}}],\"inLanguage\":\"pt-PT\"},{\"@type\":\"Organization\",\"@id\":\"https:\\\/\\\/algarve7.pt\\\/#organization\",\"name\":\"Algarve 7\",\"url\":\"https:\\\/\\\/algarve7.pt\\\/\",\"logo\":{\"@type\":\"ImageObject\",\"inLanguage\":\"pt-PT\",\"@id\":\"https:\\\/\\\/algarve7.pt\\\/#\\\/schema\\\/logo\\\/image\\\/\",\"url\":\"https:\\\/\\\/algarve7.pt\\\/wp-content\\\/uploads\\\/2020\\\/10\\\/Logo-8.jpg\",\"contentUrl\":\"https:\\\/\\\/algarve7.pt\\\/wp-content\\\/uploads\\\/2020\\\/10\\\/Logo-8.jpg\",\"width\":1680,\"height\":1186,\"caption\":\"Algarve 7\"},\"image\":{\"@id\":\"https:\\\/\\\/algarve7.pt\\\/#\\\/schema\\\/logo\\\/image\\\/\"},\"sameAs\":[\"https:\\\/\\\/www.facebook.com\\\/algarve7\",\"https:\\\/\\\/x.com\\\/Algarvesete\",\"https:\\\/\\\/www.instagram.com\\\/jornalalgarve7\\\/\",\"https:\\\/\\\/www.linkedin.com\\\/company\\\/algarve7\",\"https:\\\/\\\/www.pinterest.pt\\\/geral0939\\\/_created\\\/\"]},{\"@type\":\"Person\",\"@id\":\"https:\\\/\\\/algarve7.pt\\\/#\\\/schema\\\/person\\\/23fa70681308e7b319a3204bcea45e0c\",\"name\":\"Algarve 7\",\"sameAs\":[\"https:\\\/\\\/algarve7.pt\",\"https:\\\/\\\/www.facebook.com\\\/algarve7\"],\"url\":\"https:\\\/\\\/algarve7.pt\\\/index.php\\\/author\\\/geralalgarve7-pt\\\/\"}]}<\/script>\n<!-- \/ Yoast SEO plugin. -->","yoast_head_json":{"title":"Tr\u00eas viaturas refor\u00e7am meios da GNR no concelho de Loul\u00e9 - Algarve 7","description":"Tr\u00eas viaturas refor\u00e7am meios da GNR no concelho de Loul\u00e9 Atualidade","robots":{"index":"index","follow":"follow","max-snippet":"max-snippet:-1","max-image-preview":"max-image-preview:large","max-video-preview":"max-video-preview:-1"},"canonical":"https:\/\/algarve7.pt\/index.php\/2025\/05\/tres-viaturas-reforcam-meios-da-gnr-no-concelho-de-loule\/atualidade\/11\/00\/","og_locale":"pt_PT","og_type":"article","og_title":"Tr\u00eas viaturas refor\u00e7am meios da GNR no concelho de Loul\u00e9 - Algarve 7","og_description":"Tr\u00eas viaturas refor\u00e7am meios da GNR no concelho de Loul\u00e9 Atualidade","og_url":"https:\/\/algarve7.pt\/index.php\/2025\/05\/tres-viaturas-reforcam-meios-da-gnr-no-concelho-de-loule\/atualidade\/11\/00\/","og_site_name":"Algarve 7","article_publisher":"https:\/\/www.facebook.com\/algarve7","article_author":"https:\/\/www.facebook.com\/algarve7","article_published_time":"2025-05-03T10:00:00+00:00","og_image":[{"width":800,"height":500,"url":"https:\/\/algarve7.pt\/wp-content\/uploads\/2025\/05\/Entrega-viaturas-GNR-30-04-2025-1.jpg","type":"image\/jpeg"}],"author":"Algarve 7","twitter_card":"summary_large_image","twitter_creator":"@Algarvesete","twitter_site":"@Algarvesete","twitter_misc":{"Escrito por":"Algarve 7","Tempo estimado de leitura":"4 minutos"},"schema":{"@context":"https:\/\/schema.org","@graph":[{"@type":"Article","@id":"https:\/\/algarve7.pt\/index.php\/2025\/05\/tres-viaturas-reforcam-meios-da-gnr-no-concelho-de-loule\/atualidade\/11\/00\/#article","isPartOf":{"@id":"https:\/\/algarve7.pt\/index.php\/2025\/05\/tres-viaturas-reforcam-meios-da-gnr-no-concelho-de-loule\/atualidade\/11\/00\/"},"author":{"name":"Algarve 7","@id":"https:\/\/algarve7.pt\/#\/schema\/person\/23fa70681308e7b319a3204bcea45e0c"},"headline":"Tr\u00eas viaturas refor\u00e7am meios da GNR no concelho de Loul\u00e9","datePublished":"2025-05-03T10:00:00+00:00","mainEntityOfPage":{"@id":"https:\/\/algarve7.pt\/index.php\/2025\/05\/tres-viaturas-reforcam-meios-da-gnr-no-concelho-de-loule\/atualidade\/11\/00\/"},"wordCount":593,"publisher":{"@id":"https:\/\/algarve7.pt\/#organization"},"image":{"@id":"https:\/\/algarve7.pt\/index.php\/2025\/05\/tres-viaturas-reforcam-meios-da-gnr-no-concelho-de-loule\/atualidade\/11\/00\/#primaryimage"},"thumbnailUrl":"https:\/\/algarve7.pt\/wp-content\/uploads\/2025\/05\/Entrega-viaturas-GNR-30-04-2025-1.jpg","keywords":["Algarve","Atualidade","Loul\u00e9"],"articleSection":["Atualidade"],"inLanguage":"pt-PT"},{"@type":"WebPage","@id":"https:\/\/algarve7.pt\/index.php\/2025\/05\/tres-viaturas-reforcam-meios-da-gnr-no-concelho-de-loule\/atualidade\/11\/00\/","url":"https:\/\/algarve7.pt\/index.php\/2025\/05\/tres-viaturas-reforcam-meios-da-gnr-no-concelho-de-loule\/atualidade\/11\/00\/","name":"Tr\u00eas viaturas refor\u00e7am meios da GNR no concelho de Loul\u00e9 - Algarve 7","isPartOf":{"@id":"https:\/\/algarve7.pt\/#website"},"primaryImageOfPage":{"@id":"https:\/\/algarve7.pt\/index.php\/2025\/05\/tres-viaturas-reforcam-meios-da-gnr-no-concelho-de-loule\/atualidade\/11\/00\/#primaryimage"},"image":{"@id":"https:\/\/algarve7.pt\/index.php\/2025\/05\/tres-viaturas-reforcam-meios-da-gnr-no-concelho-de-loule\/atualidade\/11\/00\/#primaryimage"},"thumbnailUrl":"https:\/\/algarve7.pt\/wp-content\/uploads\/2025\/05\/Entrega-viaturas-GNR-30-04-2025-1.jpg","datePublished":"2025-05-03T10:00:00+00:00","description":"Tr\u00eas viaturas refor\u00e7am meios da GNR no concelho de Loul\u00e9 Atualidade","breadcrumb":{"@id":"https:\/\/algarve7.pt\/index.php\/2025\/05\/tres-viaturas-reforcam-meios-da-gnr-no-concelho-de-loule\/atualidade\/11\/00\/#breadcrumb"},"inLanguage":"pt-PT","potentialAction":[{"@type":"ReadAction","target":["https:\/\/algarve7.pt\/index.php\/2025\/05\/tres-viaturas-reforcam-meios-da-gnr-no-concelho-de-loule\/atualidade\/11\/00\/"]}]},{"@type":"ImageObject","inLanguage":"pt-PT","@id":"https:\/\/algarve7.pt\/index.php\/2025\/05\/tres-viaturas-reforcam-meios-da-gnr-no-concelho-de-loule\/atualidade\/11\/00\/#primaryimage","url":"https:\/\/algarve7.pt\/wp-content\/uploads\/2025\/05\/Entrega-viaturas-GNR-30-04-2025-1.jpg","contentUrl":"https:\/\/algarve7.pt\/wp-content\/uploads\/2025\/05\/Entrega-viaturas-GNR-30-04-2025-1.jpg","width":800,"height":500},{"@type":"BreadcrumbList","@id":"https:\/\/algarve7.pt\/index.php\/2025\/05\/tres-viaturas-reforcam-meios-da-gnr-no-concelho-de-loule\/atualidade\/11\/00\/#breadcrumb","itemListElement":[{"@type":"ListItem","position":1,"name":"In\u00edcio","item":"https:\/\/algarve7.pt\/"},{"@type":"ListItem","position":2,"name":"Tr\u00eas viaturas refor\u00e7am meios da GNR no concelho de Loul\u00e9"}]},{"@type":"WebSite","@id":"https:\/\/algarve7.pt\/#website","url":"https:\/\/algarve7.pt\/","name":"Algarve 7","description":"Informa\u00e7\u00e3o sobre o Algarve","publisher":{"@id":"https:\/\/algarve7.pt\/#organization"},"potentialAction":[{"@type":"SearchAction","target":{"@type":"EntryPoint","urlTemplate":"https:\/\/algarve7.pt\/?s={search_term_string}"},"query-input":{"@type":"PropertyValueSpecification","valueRequired":true,"valueName":"search_term_string"}}],"inLanguage":"pt-PT"},{"@type":"Organization","@id":"https:\/\/algarve7.pt\/#organization","name":"Algarve 7","url":"https:\/\/algarve7.pt\/","logo":{"@type":"ImageObject","inLanguage":"pt-PT","@id":"https:\/\/algarve7.pt\/#\/schema\/logo\/image\/","url":"https:\/\/algarve7.pt\/wp-content\/uploads\/2020\/10\/Logo-8.jpg","contentUrl":"https:\/\/algarve7.pt\/wp-content\/uploads\/2020\/10\/Logo-8.jpg","width":1680,"height":1186,"caption":"Algarve 7"},"image":{"@id":"https:\/\/algarve7.pt\/#\/schema\/logo\/image\/"},"sameAs":["https:\/\/www.facebook.com\/algarve7","https:\/\/x.com\/Algarvesete","https:\/\/www.instagram.com\/jornalalgarve7\/","https:\/\/www.linkedin.com\/company\/algarve7","https:\/\/www.pinterest.pt\/geral0939\/_created\/"]},{"@type":"Person","@id":"https:\/\/algarve7.pt\/#\/schema\/person\/23fa70681308e7b319a3204bcea45e0c","name":"Algarve 7","sameAs":["https:\/\/algarve7.pt","https:\/\/www.facebook.com\/algarve7"],"url":"https:\/\/algarve7.pt\/index.php\/author\/geralalgarve7-pt\/"}]}},"jetpack_publicize_connections":[],"jetpack_featured_media_url":"https:\/\/algarve7.pt\/wp-content\/uploads\/2025\/05\/Entrega-viaturas-GNR-30-04-2025-1.jpg","jetpack_shortlink":"https:\/\/wp.me\/pcezmW-d03","jetpack_sharing_enabled":true,"_links":{"self":[{"href":"https:\/\/algarve7.pt\/index.php\/wp-json\/wp\/v2\/posts\/49975","targetHints":{"allow":["GET"]}}],"collection":[{"href":"https:\/\/algarve7.pt\/index.php\/wp-json\/wp\/v2\/posts"}],"about":[{"href":"https:\/\/algarve7.pt\/index.php\/wp-json\/wp\/v2\/types\/post"}],"author":[{"embeddable":true,"href":"https:\/\/algarve7.pt\/index.php\/wp-json\/wp\/v2\/users\/1"}],"replies":[{"embeddable":true,"href":"https:\/\/algarve7.pt\/index.php\/wp-json\/wp\/v2\/comments?post=49975"}],"version-history":[{"count":0,"href":"https:\/\/algarve7.pt\/index.php\/wp-json\/wp\/v2\/posts\/49975\/revisions"}],"wp:featuredmedia":[{"embeddable":true,"href":"https:\/\/algarve7.pt\/index.php\/wp-json\/wp\/v2\/media\/49976"}],"wp:attachment":[{"href":"https:\/\/algarve7.pt\/index.php\/wp-json\/wp\/v2\/media?parent=49975"}],"wp:term":[{"taxonomy":"category","embeddable":true,"href":"https:\/\/algarve7.pt\/index.php\/wp-json\/wp\/v2\/categories?post=49975"},{"taxonomy":"post_tag","embeddable":true,"href":"https:\/\/algarve7.pt\/index.php\/wp-json\/wp\/v2\/tags?post=49975"}],"curies":[{"name":"wp","href":"https:\/\/api.w.org\/{rel}","templated":true}]}}