{"id":49934,"date":"2025-05-01T11:37:00","date_gmt":"2025-05-01T10:37:00","guid":{"rendered":"https:\/\/algarve7.pt\/?p=49934"},"modified":"2025-05-01T10:40:33","modified_gmt":"2025-05-01T09:40:33","slug":"albufeira-recebe-centenas-de-praticantes-de-capoeira-para-encontro-muzenzalgarve25","status":"publish","type":"post","link":"https:\/\/algarve7.pt\/index.php\/2025\/05\/albufeira-recebe-centenas-de-praticantes-de-capoeira-para-encontro-muzenzalgarve25\/atualidade\/11\/37\/","title":{"rendered":"Albufeira recebe centenas de praticantes de capoeira para encontro muzenzalgarve\u201925"},"content":{"rendered":"\n<p>\u00c9 j\u00e1 entre os pr\u00f3ximos dias 2 e 3 de maio que Albufeira volta a ser palco de um dos maiores encontros de Capoeira do sul de Portugal. O Muzenzalgarve\u201925 traz at\u00e9 \u00e0 cidade mais de 350 praticantes de diferentes partes do mundo. Al\u00e9m do Brasil, v\u00e3o estar representados pa\u00edses como Espanha, Fran\u00e7a, Inglaterra, Irlanda, Israel, It\u00e1lia, e Su\u00ed\u00e7a, que se juntam a dezenas de praticantes de v\u00e1rias regi\u00f5es de Portugal, e a mais de 200 atletas locais.&nbsp;<\/p>\n\n\n\n<p>O encontro \u00e9 promovido pela Associa\u00e7\u00e3o de Capoeiragem Malta do Sul, e conta com o apoio do Munic\u00edpio de Albufeira. O presidente da C\u00e2mara Municipal, Jos\u00e9 Carlos Rolo, mostra-se satisfeito por volta a receber o evento e considera que \u201c\u00e9 importante promover iniciativas que permitam aprofundar o di\u00e1logo entre diferentes culturas\u201d.&nbsp;<\/p>\n\n\n\n<p>J\u00e1 o vice-presidente do Munic\u00edpio e vereador com o pelouro do desporto, Cristiano Cabrita, destaca o car\u00e1ter formativo da pr\u00e1tica desportiva, e real\u00e7a a import\u00e2ncia de \u201cfomentar momentos de conv\u00edvio entre alunos e praticantes experientes\u201d. Para o autarca, \u201ca promo\u00e7\u00e3o de um estilo de vida ativo \u00e9 uma das grandes prioridades do Munic\u00edpio, que em 2026 ser\u00e1 Capital Europeia do Desporto\u201d.<\/p>\n\n\n\n<p>O evento come\u00e7a na sexta-feira (2), \u00e0s 18h00, pr\u00f3ximo do Miradouro Pau da Bandeira. Do programa fazem parte v\u00e1rios workshops e rodas de Capoeira, bem como a tradicional cerim\u00f3nia de batizado e troca de cordas. No dia seguinte (3), a programa\u00e7\u00e3o inicia \u00e0s 10h00, no Pavilh\u00e3o de Olhos de \u00c1gua, com destaque para atividades direcionadas para crian\u00e7as. O evento termina por volta das 13h00.<\/p>\n\n\n\n<p>Desde 2014, a Capoeira \u00e9 reconhecida como Patrim\u00f3nio Cultural Imaterial da Humanidade pela UNESCO. A modalidade resulta da mistura de tradi\u00e7\u00f5es africanas e brasileiras, e surgiu durante o per\u00edodo colonial como forma de autodefesa por parte da popula\u00e7\u00e3o escravizada.<\/p>\n","protected":false},"excerpt":{"rendered":"<p>\u00c9 j\u00e1 entre os pr\u00f3ximos dias 2 e 3 de maio que Albufeira volta a ser palco de um dos<\/p>\n","protected":false},"author":1,"featured_media":49935,"comment_status":"closed","ping_status":"closed","sticky":false,"template":"","format":"standard","meta":{"colormag_page_container_layout":"default_layout","colormag_page_sidebar_layout":"default_layout","_monsterinsights_skip_tracking":false,"_monsterinsights_sitenote_active":false,"_monsterinsights_sitenote_note":"","_monsterinsights_sitenote_category":0,"jetpack_post_was_ever_published":false,"_jetpack_newsletter_access":"","_jetpack_dont_email_post_to_subs":false,"_jetpack_newsletter_tier_id":0,"_jetpack_memberships_contains_paywalled_content":false,"_jetpack_memberships_contains_paid_content":false,"footnotes":"","jetpack_publicize_message":"","jetpack_publicize_feature_enabled":true,"jetpack_social_post_already_shared":true,"jetpack_social_options":{"image_generator_settings":{"template":"highway","default_image_id":0,"font":"","enabled":false},"version":2}},"categories":[11],"tags":[155,36,62],"class_list":["post-49934","post","type-post","status-publish","format-standard","has-post-thumbnail","hentry","category-atualidade","tag-albufeira","tag-algarve","tag-atualidade"],"yoast_head":"<!-- This site is optimized with the Yoast SEO plugin v27.5 - https:\/\/yoast.com\/product\/yoast-seo-wordpress\/ -->\n<title>Albufeira recebe centenas de praticantes de capoeira para encontro muzenzalgarve\u201925 - Algarve 7<\/title>\n<meta name=\"description\" content=\"Albufeira recebe centenas de praticantes de capoeira para encontro muzenzalgarve\u201925 Atualidade\" \/>\n<meta name=\"robots\" content=\"index, follow, max-snippet:-1, max-image-preview:large, max-video-preview:-1\" \/>\n<link rel=\"canonical\" href=\"https:\/\/algarve7.pt\/index.php\/2025\/05\/albufeira-recebe-centenas-de-praticantes-de-capoeira-para-encontro-muzenzalgarve25\/atualidade\/11\/37\/\" \/>\n<meta property=\"og:locale\" content=\"pt_PT\" \/>\n<meta property=\"og:type\" content=\"article\" \/>\n<meta property=\"og:title\" content=\"Albufeira recebe centenas de praticantes de capoeira para encontro muzenzalgarve\u201925 - Algarve 7\" \/>\n<meta property=\"og:description\" content=\"Albufeira recebe centenas de praticantes de capoeira para encontro muzenzalgarve\u201925 Atualidade\" \/>\n<meta property=\"og:url\" content=\"https:\/\/algarve7.pt\/index.php\/2025\/05\/albufeira-recebe-centenas-de-praticantes-de-capoeira-para-encontro-muzenzalgarve25\/atualidade\/11\/37\/\" \/>\n<meta property=\"og:site_name\" content=\"Algarve 7\" \/>\n<meta property=\"article:publisher\" content=\"https:\/\/www.facebook.com\/algarve7\" \/>\n<meta property=\"article:author\" content=\"https:\/\/www.facebook.com\/algarve7\" \/>\n<meta property=\"article:published_time\" content=\"2025-05-01T10:37:00+00:00\" \/>\n<meta property=\"og:image\" content=\"https:\/\/algarve7.pt\/wp-content\/uploads\/2025\/05\/Captura-de-ecra-2025-05-01-as-10.34.43.png\" \/>\n\t<meta property=\"og:image:width\" content=\"800\" \/>\n\t<meta property=\"og:image:height\" content=\"500\" \/>\n\t<meta property=\"og:image:type\" content=\"image\/png\" \/>\n<meta name=\"author\" content=\"Algarve 7\" \/>\n<meta name=\"twitter:card\" content=\"summary_large_image\" \/>\n<meta name=\"twitter:creator\" content=\"@Algarvesete\" \/>\n<meta name=\"twitter:site\" content=\"@Algarvesete\" \/>\n<meta name=\"twitter:label1\" content=\"Escrito por\" \/>\n\t<meta name=\"twitter:data1\" content=\"Algarve 7\" \/>\n\t<meta name=\"twitter:label2\" content=\"Tempo estimado de leitura\" \/>\n\t<meta name=\"twitter:data2\" content=\"2 minutos\" \/>\n<script type=\"application\/ld+json\" class=\"yoast-schema-graph\">{\"@context\":\"https:\\\/\\\/schema.org\",\"@graph\":[{\"@type\":\"Article\",\"@id\":\"https:\\\/\\\/algarve7.pt\\\/index.php\\\/2025\\\/05\\\/albufeira-recebe-centenas-de-praticantes-de-capoeira-para-encontro-muzenzalgarve25\\\/atualidade\\\/11\\\/37\\\/#article\",\"isPartOf\":{\"@id\":\"https:\\\/\\\/algarve7.pt\\\/index.php\\\/2025\\\/05\\\/albufeira-recebe-centenas-de-praticantes-de-capoeira-para-encontro-muzenzalgarve25\\\/atualidade\\\/11\\\/37\\\/\"},\"author\":{\"name\":\"Algarve 7\",\"@id\":\"https:\\\/\\\/algarve7.pt\\\/#\\\/schema\\\/person\\\/23fa70681308e7b319a3204bcea45e0c\"},\"headline\":\"Albufeira recebe centenas de praticantes de capoeira para encontro muzenzalgarve\u201925\",\"datePublished\":\"2025-05-01T10:37:00+00:00\",\"mainEntityOfPage\":{\"@id\":\"https:\\\/\\\/algarve7.pt\\\/index.php\\\/2025\\\/05\\\/albufeira-recebe-centenas-de-praticantes-de-capoeira-para-encontro-muzenzalgarve25\\\/atualidade\\\/11\\\/37\\\/\"},\"wordCount\":323,\"publisher\":{\"@id\":\"https:\\\/\\\/algarve7.pt\\\/#organization\"},\"image\":{\"@id\":\"https:\\\/\\\/algarve7.pt\\\/index.php\\\/2025\\\/05\\\/albufeira-recebe-centenas-de-praticantes-de-capoeira-para-encontro-muzenzalgarve25\\\/atualidade\\\/11\\\/37\\\/#primaryimage\"},\"thumbnailUrl\":\"https:\\\/\\\/algarve7.pt\\\/wp-content\\\/uploads\\\/2025\\\/05\\\/Captura-de-ecra-2025-05-01-as-10.34.43.png\",\"keywords\":[\"Albufeira\",\"Algarve\",\"Atualidade\"],\"articleSection\":[\"Atualidade\"],\"inLanguage\":\"pt-PT\"},{\"@type\":\"WebPage\",\"@id\":\"https:\\\/\\\/algarve7.pt\\\/index.php\\\/2025\\\/05\\\/albufeira-recebe-centenas-de-praticantes-de-capoeira-para-encontro-muzenzalgarve25\\\/atualidade\\\/11\\\/37\\\/\",\"url\":\"https:\\\/\\\/algarve7.pt\\\/index.php\\\/2025\\\/05\\\/albufeira-recebe-centenas-de-praticantes-de-capoeira-para-encontro-muzenzalgarve25\\\/atualidade\\\/11\\\/37\\\/\",\"name\":\"Albufeira recebe centenas de praticantes de capoeira para encontro muzenzalgarve\u201925 - Algarve 7\",\"isPartOf\":{\"@id\":\"https:\\\/\\\/algarve7.pt\\\/#website\"},\"primaryImageOfPage\":{\"@id\":\"https:\\\/\\\/algarve7.pt\\\/index.php\\\/2025\\\/05\\\/albufeira-recebe-centenas-de-praticantes-de-capoeira-para-encontro-muzenzalgarve25\\\/atualidade\\\/11\\\/37\\\/#primaryimage\"},\"image\":{\"@id\":\"https:\\\/\\\/algarve7.pt\\\/index.php\\\/2025\\\/05\\\/albufeira-recebe-centenas-de-praticantes-de-capoeira-para-encontro-muzenzalgarve25\\\/atualidade\\\/11\\\/37\\\/#primaryimage\"},\"thumbnailUrl\":\"https:\\\/\\\/algarve7.pt\\\/wp-content\\\/uploads\\\/2025\\\/05\\\/Captura-de-ecra-2025-05-01-as-10.34.43.png\",\"datePublished\":\"2025-05-01T10:37:00+00:00\",\"description\":\"Albufeira recebe centenas de praticantes de capoeira para encontro muzenzalgarve\u201925 Atualidade\",\"breadcrumb\":{\"@id\":\"https:\\\/\\\/algarve7.pt\\\/index.php\\\/2025\\\/05\\\/albufeira-recebe-centenas-de-praticantes-de-capoeira-para-encontro-muzenzalgarve25\\\/atualidade\\\/11\\\/37\\\/#breadcrumb\"},\"inLanguage\":\"pt-PT\",\"potentialAction\":[{\"@type\":\"ReadAction\",\"target\":[\"https:\\\/\\\/algarve7.pt\\\/index.php\\\/2025\\\/05\\\/albufeira-recebe-centenas-de-praticantes-de-capoeira-para-encontro-muzenzalgarve25\\\/atualidade\\\/11\\\/37\\\/\"]}]},{\"@type\":\"ImageObject\",\"inLanguage\":\"pt-PT\",\"@id\":\"https:\\\/\\\/algarve7.pt\\\/index.php\\\/2025\\\/05\\\/albufeira-recebe-centenas-de-praticantes-de-capoeira-para-encontro-muzenzalgarve25\\\/atualidade\\\/11\\\/37\\\/#primaryimage\",\"url\":\"https:\\\/\\\/algarve7.pt\\\/wp-content\\\/uploads\\\/2025\\\/05\\\/Captura-de-ecra-2025-05-01-as-10.34.43.png\",\"contentUrl\":\"https:\\\/\\\/algarve7.pt\\\/wp-content\\\/uploads\\\/2025\\\/05\\\/Captura-de-ecra-2025-05-01-as-10.34.43.png\",\"width\":800,\"height\":500},{\"@type\":\"BreadcrumbList\",\"@id\":\"https:\\\/\\\/algarve7.pt\\\/index.php\\\/2025\\\/05\\\/albufeira-recebe-centenas-de-praticantes-de-capoeira-para-encontro-muzenzalgarve25\\\/atualidade\\\/11\\\/37\\\/#breadcrumb\",\"itemListElement\":[{\"@type\":\"ListItem\",\"position\":1,\"name\":\"In\u00edcio\",\"item\":\"https:\\\/\\\/algarve7.pt\\\/\"},{\"@type\":\"ListItem\",\"position\":2,\"name\":\"Albufeira recebe centenas de praticantes de capoeira para encontro muzenzalgarve\u201925\"}]},{\"@type\":\"WebSite\",\"@id\":\"https:\\\/\\\/algarve7.pt\\\/#website\",\"url\":\"https:\\\/\\\/algarve7.pt\\\/\",\"name\":\"Algarve 7\",\"description\":\"Informa\u00e7\u00e3o sobre o Algarve\",\"publisher\":{\"@id\":\"https:\\\/\\\/algarve7.pt\\\/#organization\"},\"potentialAction\":[{\"@type\":\"SearchAction\",\"target\":{\"@type\":\"EntryPoint\",\"urlTemplate\":\"https:\\\/\\\/algarve7.pt\\\/?s={search_term_string}\"},\"query-input\":{\"@type\":\"PropertyValueSpecification\",\"valueRequired\":true,\"valueName\":\"search_term_string\"}}],\"inLanguage\":\"pt-PT\"},{\"@type\":\"Organization\",\"@id\":\"https:\\\/\\\/algarve7.pt\\\/#organization\",\"name\":\"Algarve 7\",\"url\":\"https:\\\/\\\/algarve7.pt\\\/\",\"logo\":{\"@type\":\"ImageObject\",\"inLanguage\":\"pt-PT\",\"@id\":\"https:\\\/\\\/algarve7.pt\\\/#\\\/schema\\\/logo\\\/image\\\/\",\"url\":\"https:\\\/\\\/algarve7.pt\\\/wp-content\\\/uploads\\\/2020\\\/10\\\/Logo-8.jpg\",\"contentUrl\":\"https:\\\/\\\/algarve7.pt\\\/wp-content\\\/uploads\\\/2020\\\/10\\\/Logo-8.jpg\",\"width\":1680,\"height\":1186,\"caption\":\"Algarve 7\"},\"image\":{\"@id\":\"https:\\\/\\\/algarve7.pt\\\/#\\\/schema\\\/logo\\\/image\\\/\"},\"sameAs\":[\"https:\\\/\\\/www.facebook.com\\\/algarve7\",\"https:\\\/\\\/x.com\\\/Algarvesete\",\"https:\\\/\\\/www.instagram.com\\\/jornalalgarve7\\\/\",\"https:\\\/\\\/www.linkedin.com\\\/company\\\/algarve7\",\"https:\\\/\\\/www.pinterest.pt\\\/geral0939\\\/_created\\\/\"]},{\"@type\":\"Person\",\"@id\":\"https:\\\/\\\/algarve7.pt\\\/#\\\/schema\\\/person\\\/23fa70681308e7b319a3204bcea45e0c\",\"name\":\"Algarve 7\",\"sameAs\":[\"https:\\\/\\\/algarve7.pt\",\"https:\\\/\\\/www.facebook.com\\\/algarve7\"],\"url\":\"https:\\\/\\\/algarve7.pt\\\/index.php\\\/author\\\/geralalgarve7-pt\\\/\"}]}<\/script>\n<!-- \/ Yoast SEO plugin. -->","yoast_head_json":{"title":"Albufeira recebe centenas de praticantes de capoeira para encontro muzenzalgarve\u201925 - Algarve 7","description":"Albufeira recebe centenas de praticantes de capoeira para encontro muzenzalgarve\u201925 Atualidade","robots":{"index":"index","follow":"follow","max-snippet":"max-snippet:-1","max-image-preview":"max-image-preview:large","max-video-preview":"max-video-preview:-1"},"canonical":"https:\/\/algarve7.pt\/index.php\/2025\/05\/albufeira-recebe-centenas-de-praticantes-de-capoeira-para-encontro-muzenzalgarve25\/atualidade\/11\/37\/","og_locale":"pt_PT","og_type":"article","og_title":"Albufeira recebe centenas de praticantes de capoeira para encontro muzenzalgarve\u201925 - Algarve 7","og_description":"Albufeira recebe centenas de praticantes de capoeira para encontro muzenzalgarve\u201925 Atualidade","og_url":"https:\/\/algarve7.pt\/index.php\/2025\/05\/albufeira-recebe-centenas-de-praticantes-de-capoeira-para-encontro-muzenzalgarve25\/atualidade\/11\/37\/","og_site_name":"Algarve 7","article_publisher":"https:\/\/www.facebook.com\/algarve7","article_author":"https:\/\/www.facebook.com\/algarve7","article_published_time":"2025-05-01T10:37:00+00:00","og_image":[{"width":800,"height":500,"url":"https:\/\/algarve7.pt\/wp-content\/uploads\/2025\/05\/Captura-de-ecra-2025-05-01-as-10.34.43.png","type":"image\/png"}],"author":"Algarve 7","twitter_card":"summary_large_image","twitter_creator":"@Algarvesete","twitter_site":"@Algarvesete","twitter_misc":{"Escrito por":"Algarve 7","Tempo estimado de leitura":"2 minutos"},"schema":{"@context":"https:\/\/schema.org","@graph":[{"@type":"Article","@id":"https:\/\/algarve7.pt\/index.php\/2025\/05\/albufeira-recebe-centenas-de-praticantes-de-capoeira-para-encontro-muzenzalgarve25\/atualidade\/11\/37\/#article","isPartOf":{"@id":"https:\/\/algarve7.pt\/index.php\/2025\/05\/albufeira-recebe-centenas-de-praticantes-de-capoeira-para-encontro-muzenzalgarve25\/atualidade\/11\/37\/"},"author":{"name":"Algarve 7","@id":"https:\/\/algarve7.pt\/#\/schema\/person\/23fa70681308e7b319a3204bcea45e0c"},"headline":"Albufeira recebe centenas de praticantes de capoeira para encontro muzenzalgarve\u201925","datePublished":"2025-05-01T10:37:00+00:00","mainEntityOfPage":{"@id":"https:\/\/algarve7.pt\/index.php\/2025\/05\/albufeira-recebe-centenas-de-praticantes-de-capoeira-para-encontro-muzenzalgarve25\/atualidade\/11\/37\/"},"wordCount":323,"publisher":{"@id":"https:\/\/algarve7.pt\/#organization"},"image":{"@id":"https:\/\/algarve7.pt\/index.php\/2025\/05\/albufeira-recebe-centenas-de-praticantes-de-capoeira-para-encontro-muzenzalgarve25\/atualidade\/11\/37\/#primaryimage"},"thumbnailUrl":"https:\/\/algarve7.pt\/wp-content\/uploads\/2025\/05\/Captura-de-ecra-2025-05-01-as-10.34.43.png","keywords":["Albufeira","Algarve","Atualidade"],"articleSection":["Atualidade"],"inLanguage":"pt-PT"},{"@type":"WebPage","@id":"https:\/\/algarve7.pt\/index.php\/2025\/05\/albufeira-recebe-centenas-de-praticantes-de-capoeira-para-encontro-muzenzalgarve25\/atualidade\/11\/37\/","url":"https:\/\/algarve7.pt\/index.php\/2025\/05\/albufeira-recebe-centenas-de-praticantes-de-capoeira-para-encontro-muzenzalgarve25\/atualidade\/11\/37\/","name":"Albufeira recebe centenas de praticantes de capoeira para encontro muzenzalgarve\u201925 - Algarve 7","isPartOf":{"@id":"https:\/\/algarve7.pt\/#website"},"primaryImageOfPage":{"@id":"https:\/\/algarve7.pt\/index.php\/2025\/05\/albufeira-recebe-centenas-de-praticantes-de-capoeira-para-encontro-muzenzalgarve25\/atualidade\/11\/37\/#primaryimage"},"image":{"@id":"https:\/\/algarve7.pt\/index.php\/2025\/05\/albufeira-recebe-centenas-de-praticantes-de-capoeira-para-encontro-muzenzalgarve25\/atualidade\/11\/37\/#primaryimage"},"thumbnailUrl":"https:\/\/algarve7.pt\/wp-content\/uploads\/2025\/05\/Captura-de-ecra-2025-05-01-as-10.34.43.png","datePublished":"2025-05-01T10:37:00+00:00","description":"Albufeira recebe centenas de praticantes de capoeira para encontro muzenzalgarve\u201925 Atualidade","breadcrumb":{"@id":"https:\/\/algarve7.pt\/index.php\/2025\/05\/albufeira-recebe-centenas-de-praticantes-de-capoeira-para-encontro-muzenzalgarve25\/atualidade\/11\/37\/#breadcrumb"},"inLanguage":"pt-PT","potentialAction":[{"@type":"ReadAction","target":["https:\/\/algarve7.pt\/index.php\/2025\/05\/albufeira-recebe-centenas-de-praticantes-de-capoeira-para-encontro-muzenzalgarve25\/atualidade\/11\/37\/"]}]},{"@type":"ImageObject","inLanguage":"pt-PT","@id":"https:\/\/algarve7.pt\/index.php\/2025\/05\/albufeira-recebe-centenas-de-praticantes-de-capoeira-para-encontro-muzenzalgarve25\/atualidade\/11\/37\/#primaryimage","url":"https:\/\/algarve7.pt\/wp-content\/uploads\/2025\/05\/Captura-de-ecra-2025-05-01-as-10.34.43.png","contentUrl":"https:\/\/algarve7.pt\/wp-content\/uploads\/2025\/05\/Captura-de-ecra-2025-05-01-as-10.34.43.png","width":800,"height":500},{"@type":"BreadcrumbList","@id":"https:\/\/algarve7.pt\/index.php\/2025\/05\/albufeira-recebe-centenas-de-praticantes-de-capoeira-para-encontro-muzenzalgarve25\/atualidade\/11\/37\/#breadcrumb","itemListElement":[{"@type":"ListItem","position":1,"name":"In\u00edcio","item":"https:\/\/algarve7.pt\/"},{"@type":"ListItem","position":2,"name":"Albufeira recebe centenas de praticantes de capoeira para encontro muzenzalgarve\u201925"}]},{"@type":"WebSite","@id":"https:\/\/algarve7.pt\/#website","url":"https:\/\/algarve7.pt\/","name":"Algarve 7","description":"Informa\u00e7\u00e3o sobre o Algarve","publisher":{"@id":"https:\/\/algarve7.pt\/#organization"},"potentialAction":[{"@type":"SearchAction","target":{"@type":"EntryPoint","urlTemplate":"https:\/\/algarve7.pt\/?s={search_term_string}"},"query-input":{"@type":"PropertyValueSpecification","valueRequired":true,"valueName":"search_term_string"}}],"inLanguage":"pt-PT"},{"@type":"Organization","@id":"https:\/\/algarve7.pt\/#organization","name":"Algarve 7","url":"https:\/\/algarve7.pt\/","logo":{"@type":"ImageObject","inLanguage":"pt-PT","@id":"https:\/\/algarve7.pt\/#\/schema\/logo\/image\/","url":"https:\/\/algarve7.pt\/wp-content\/uploads\/2020\/10\/Logo-8.jpg","contentUrl":"https:\/\/algarve7.pt\/wp-content\/uploads\/2020\/10\/Logo-8.jpg","width":1680,"height":1186,"caption":"Algarve 7"},"image":{"@id":"https:\/\/algarve7.pt\/#\/schema\/logo\/image\/"},"sameAs":["https:\/\/www.facebook.com\/algarve7","https:\/\/x.com\/Algarvesete","https:\/\/www.instagram.com\/jornalalgarve7\/","https:\/\/www.linkedin.com\/company\/algarve7","https:\/\/www.pinterest.pt\/geral0939\/_created\/"]},{"@type":"Person","@id":"https:\/\/algarve7.pt\/#\/schema\/person\/23fa70681308e7b319a3204bcea45e0c","name":"Algarve 7","sameAs":["https:\/\/algarve7.pt","https:\/\/www.facebook.com\/algarve7"],"url":"https:\/\/algarve7.pt\/index.php\/author\/geralalgarve7-pt\/"}]}},"jetpack_publicize_connections":[],"jetpack_featured_media_url":"https:\/\/algarve7.pt\/wp-content\/uploads\/2025\/05\/Captura-de-ecra-2025-05-01-as-10.34.43.png","jetpack_shortlink":"https:\/\/wp.me\/pcezmW-cZo","jetpack_sharing_enabled":true,"_links":{"self":[{"href":"https:\/\/algarve7.pt\/index.php\/wp-json\/wp\/v2\/posts\/49934","targetHints":{"allow":["GET"]}}],"collection":[{"href":"https:\/\/algarve7.pt\/index.php\/wp-json\/wp\/v2\/posts"}],"about":[{"href":"https:\/\/algarve7.pt\/index.php\/wp-json\/wp\/v2\/types\/post"}],"author":[{"embeddable":true,"href":"https:\/\/algarve7.pt\/index.php\/wp-json\/wp\/v2\/users\/1"}],"replies":[{"embeddable":true,"href":"https:\/\/algarve7.pt\/index.php\/wp-json\/wp\/v2\/comments?post=49934"}],"version-history":[{"count":0,"href":"https:\/\/algarve7.pt\/index.php\/wp-json\/wp\/v2\/posts\/49934\/revisions"}],"wp:featuredmedia":[{"embeddable":true,"href":"https:\/\/algarve7.pt\/index.php\/wp-json\/wp\/v2\/media\/49935"}],"wp:attachment":[{"href":"https:\/\/algarve7.pt\/index.php\/wp-json\/wp\/v2\/media?parent=49934"}],"wp:term":[{"taxonomy":"category","embeddable":true,"href":"https:\/\/algarve7.pt\/index.php\/wp-json\/wp\/v2\/categories?post=49934"},{"taxonomy":"post_tag","embeddable":true,"href":"https:\/\/algarve7.pt\/index.php\/wp-json\/wp\/v2\/tags?post=49934"}],"curies":[{"name":"wp","href":"https:\/\/api.w.org\/{rel}","templated":true}]}}