{"id":49841,"date":"2025-04-28T09:22:25","date_gmt":"2025-04-28T08:22:25","guid":{"rendered":"https:\/\/algarve7.pt\/?p=49841"},"modified":"2025-04-28T09:22:27","modified_gmt":"2025-04-28T08:22:27","slug":"alcalar-recua-cinco-milenios-para-desafiar-familias-a-viver-um-dia-na-pre-historia","status":"publish","type":"post","link":"https:\/\/algarve7.pt\/index.php\/2025\/04\/alcalar-recua-cinco-milenios-para-desafiar-familias-a-viver-um-dia-na-pre-historia\/cultura\/09\/22\/","title":{"rendered":"Alcalar recua cinco mil\u00e9nios para desafiar fam\u00edlias a viver \u201cUm dia na Pr\u00e9-Hist\u00f3ria\u201d"},"content":{"rendered":"\n<p>O in\u00edcio de maio reveste-se de especial import\u00e2ncia na programa\u00e7\u00e3o cultural do Munic\u00edpio de Portim\u00e3o com a popular recria\u00e7\u00e3o \u201cUm dia na Pr\u00e9-Hist\u00f3ria\u201d, que leva os Monumentos Megal\u00edticos de Alcalar a recuar ao passado, no pr\u00f3ximo s\u00e1bado, dia 3, entre as 10h00 e as 18h00.<\/p>\n\n\n\n<p>O evento \u00e9 dirigido \u00e0s fam\u00edlias e est\u00e1 integrado nas comemora\u00e7\u00f5es do 17.\u00ba anivers\u00e1rio do Museu de Portim\u00e3o, sendo um convite \u00e0 popula\u00e7\u00e3o para que descubra o quotidiano do povo residente naquele local h\u00e1 cinco mil\u00e9nios. Como \u00e9 habitual, todo o espa\u00e7o que integra os Monumentos Megal\u00edticos de Alcalar \u00e9 utilizado para dar a conhecer aos visitantes as diversas viv\u00eancias e experi\u00eancias daquela \u00e9poca.<\/p>\n\n\n\n<p>Com um conjunto diversificado de ateli\u00eas pr\u00e1ticos e did\u00e1ticos, para todas as idades, que levam os visitantes, quer residentes, quer turistas, a \u201cvestir a pele\u201d dos elementos da comunidade pr\u00e9-hist\u00f3rica, tomando contacto com atividades que eram comuns h\u00e1 5.000 anos, na edi\u00e7\u00e3o deste ano, h\u00e1 novos desafios que prometem atrair ainda mais p\u00fablico.<\/p>\n\n\n\n<p>Assim, \u00e0s novidades das pinturas corporais e parietais, cria\u00e7\u00e3o de elementos de adorno pessoal, como os colares de conchas e contas, demonstra\u00e7\u00e3o de talhe l\u00edtico e talhe de pontas de seta, quer em s\u00edlex, quer em cristal de quartzo, juntam-se as j\u00e1 tradicionais oficinas de constru\u00e7\u00e3o de flechas, os ateliers de ca\u00e7a, olaria, gravura e tecelagem.<\/p>\n\n\n\n<p>As atividades relacionadas com o fabrico de ferramentas, instrumentos agr\u00edcolas e adornos, processos de talhe, bem como transporte de grandes monol\u00edticos e moagem s\u00e3o outras das propostas. Volta tamb\u00e9m a ser realizado o fabrico de cerveja pr\u00e9-hist\u00f3rica, num processo artesanal, que remota a t\u00e9cnicas ancestrais de produ\u00e7\u00e3o deste n\u00e9ctar.<\/p>\n\n\n\n<p>H\u00e1, em acr\u00e9scimo, outras a\u00e7\u00f5es que enriquecem o evento \u201cUm Dia na Pr\u00e9-Hist\u00f3ria\u201d como as que decorrem no \u00e2mbito da arqueologia experimental, que pretende voltar a surpreender os visitantes.<\/p>\n\n\n\n<p>Isto porque, a aposta centra-se num conjunto de novos eventos \u201cfora da caixa\u201d, que v\u00e3o permitir que os participantes sejam parte ativa nos processos de prepara\u00e7\u00e3o de alimentos e nas mais variadas tarefas at\u00e9 \u00e0 confe\u00e7\u00e3o dos produtos, onde ganham relevo os mariscos, os bivalves como o berbig\u00e3o e a ameijoa, mas tamb\u00e9m o peixe.&nbsp;<\/p>\n\n\n\n<p>No final, os mais curiosos v\u00e3o poder provar as ementas e as iguarias dos tempos da pr\u00e9-hist\u00f3ria, preparados e confecionados a rigor, sem recurso a f\u00f3sforos ou a facas, pois a equipa especializada em cozinha pr\u00e9-hist\u00f3rica vai fazer fogo e preparar os alimentos utilizando instrumentos de pedra.<\/p>\n\n\n\n<p>Outras das novidades da edi\u00e7\u00e3o deste ano \u00e9 o atelier de tratamento de peles para a produ\u00e7\u00e3o de pe\u00e7as em couro.&nbsp;<\/p>\n\n\n\n<p>Tamb\u00e9m o grupo de Teatro e o N\u00facleo Musical da Escola B\u00e1sica e Secund\u00e1ria da Bemposta contribuir\u00e1 para recriar um ambiente fiel daquela \u00e9poca, com novas propostas de anima\u00e7\u00e3o, que passam pela encena\u00e7\u00e3o e pela reprodu\u00e7\u00e3o de diferentes sons alusivos a este contexto hist\u00f3rico.&nbsp;<\/p>\n\n\n\n<p>A recria\u00e7\u00e3o \u00e9 organizada pelo Munic\u00edpio de Portim\u00e3o, atrav\u00e9s da Divis\u00e3o de Museus e Patrim\u00f3nio e com a colabora\u00e7\u00e3o da Unidade de Cultura da Comiss\u00e3o de Coordena\u00e7\u00e3o e Desenvolvimento Regional (CCDR) do Algarve, das Juntas de Freguesia de Portim\u00e3o, de Alvor e da Mexilhoeira Grande, a par do Grupo de Amigos do Museu de Portim\u00e3o.<\/p>\n\n\n\n<p>A atividade, que tem sempre uma elevada ades\u00e3o das fam\u00edlias na participa\u00e7\u00e3o das oficinas e ateliers pr\u00e1ticos, integra um conjunto de a\u00e7\u00f5es desenvolvidas, desde 2006, pelo Museu de Portim\u00e3o nos Monumentos Megal\u00edticos de Alcalar, classificado como Monumento Nacional.<\/p>\n\n\n\n<p>\u00c9 um dia de experi\u00eancias recriadas de forma fidedigna, tendo como base diversos fundamentos e estudos realizados que t\u00eam como objeto de investiga\u00e7\u00e3o este territ\u00f3rio, para al\u00e9m de trabalhos desenvolvidos por diferentes investigadores das Universidades de Estugarda (Alemanha) e C\u00f3rdoba (Espanha), bem como pelo Centro de Arqueologia da Universidade de Lisboa.<\/p>\n\n\n\n<p><strong>Uma hist\u00f3ria com cinco mil\u00e9nios<\/strong><\/p>\n\n\n\n<p>Situado a poucos quil\u00f3metros de Portim\u00e3o, no lugar de Alcalar se fixou e viveu h\u00e1 cerca de 5.000 anos uma importante comunidade pr\u00e9-hist\u00f3rica, defendida por muros, trincheiras e taludes.<\/p>\n\n\n\n<p>Junto \u00e0s habita\u00e7\u00f5es foi edificado um importante conjunto de t\u00famulos megal\u00edticos, permitindo os&nbsp;vest\u00edgios encontrados uma aproxima\u00e7\u00e3o ao modo de vida e \u00e0s atividades dessa comunidade e de como ocupou e utilizou o s\u00edtio.&nbsp;<\/p>\n\n\n\n<p>A rela\u00e7\u00e3o desse povo com a morte est\u00e1 patente nas formas de constru\u00e7\u00e3o dos diferentes tipos de sepulcros, desde as sepulturas coletivas at\u00e9 \u00e0s especialmente destinadas aos chefes e seus familiares.<\/p>\n\n\n\n<p>Descobertos e explorados a partir de finais do s\u00e9culo XIX, os monumentos megal\u00edticos de Alcalar est\u00e3o classificados como Monumento Nacional, encontrando-se atualmente duas dessas estruturas funer\u00e1rias (VII e IX) abertas ao p\u00fablico, o que permite um contacto direto com os processos e os materiais utilizados na constru\u00e7\u00e3o.<\/p>\n\n\n\n<p>Em complemento a este importante espa\u00e7o, o Museu de Portim\u00e3o, que celebra este ano 17 anos de funcionamento em prol da mem\u00f3ria e identidade do concelho, tem patentes em exposi\u00e7\u00e3o algumas pe\u00e7as originais encontradas neste povoado, o que permite um melhor entendimento do legado cultural desta comunidade milenar.<\/p>\n","protected":false},"excerpt":{"rendered":"<p>O in\u00edcio de maio reveste-se de especial import\u00e2ncia na programa\u00e7\u00e3o cultural do Munic\u00edpio de Portim\u00e3o com a popular recria\u00e7\u00e3o \u201cUm<\/p>\n","protected":false},"author":1,"featured_media":49842,"comment_status":"closed","ping_status":"closed","sticky":false,"template":"","format":"standard","meta":{"colormag_page_container_layout":"default_layout","colormag_page_sidebar_layout":"default_layout","_monsterinsights_skip_tracking":false,"_monsterinsights_sitenote_active":false,"_monsterinsights_sitenote_note":"","_monsterinsights_sitenote_category":0,"jetpack_post_was_ever_published":false,"_jetpack_newsletter_access":"","_jetpack_dont_email_post_to_subs":false,"_jetpack_newsletter_tier_id":0,"_jetpack_memberships_contains_paywalled_content":false,"_jetpack_memberships_contains_paid_content":false,"footnotes":"","jetpack_publicize_message":"","jetpack_publicize_feature_enabled":true,"jetpack_social_post_already_shared":true,"jetpack_social_options":{"image_generator_settings":{"template":"highway","default_image_id":0,"font":"","enabled":false},"version":2}},"categories":[14],"tags":[36,35,72],"class_list":["post-49841","post","type-post","status-publish","format-standard","has-post-thumbnail","hentry","category-cultura","tag-algarve","tag-cultura","tag-portimao"],"yoast_head":"<!-- This site is optimized with the Yoast SEO plugin v27.5 - https:\/\/yoast.com\/product\/yoast-seo-wordpress\/ -->\n<title>Alcalar recua cinco mil\u00e9nios para desafiar fam\u00edlias a viver \u201cUm dia na Pr\u00e9-Hist\u00f3ria\u201d - Algarve 7<\/title>\n<meta name=\"description\" content=\"Alcalar recua cinco mil\u00e9nios para desafiar fam\u00edlias a viver \u201cUm dia na Pr\u00e9-Hist\u00f3ria\u201d Cultura\" \/>\n<meta name=\"robots\" content=\"index, follow, max-snippet:-1, max-image-preview:large, max-video-preview:-1\" \/>\n<link rel=\"canonical\" href=\"https:\/\/algarve7.pt\/index.php\/2025\/04\/alcalar-recua-cinco-milenios-para-desafiar-familias-a-viver-um-dia-na-pre-historia\/cultura\/09\/22\/\" \/>\n<meta property=\"og:locale\" content=\"pt_PT\" \/>\n<meta property=\"og:type\" content=\"article\" \/>\n<meta property=\"og:title\" content=\"Alcalar recua cinco mil\u00e9nios para desafiar fam\u00edlias a viver \u201cUm dia na Pr\u00e9-Hist\u00f3ria\u201d - Algarve 7\" \/>\n<meta property=\"og:description\" content=\"Alcalar recua cinco mil\u00e9nios para desafiar fam\u00edlias a viver \u201cUm dia na Pr\u00e9-Hist\u00f3ria\u201d Cultura\" \/>\n<meta property=\"og:url\" content=\"https:\/\/algarve7.pt\/index.php\/2025\/04\/alcalar-recua-cinco-milenios-para-desafiar-familias-a-viver-um-dia-na-pre-historia\/cultura\/09\/22\/\" \/>\n<meta property=\"og:site_name\" content=\"Algarve 7\" \/>\n<meta property=\"article:publisher\" content=\"https:\/\/www.facebook.com\/algarve7\" \/>\n<meta property=\"article:author\" content=\"https:\/\/www.facebook.com\/algarve7\" \/>\n<meta property=\"article:published_time\" content=\"2025-04-28T08:22:25+00:00\" \/>\n<meta property=\"article:modified_time\" content=\"2025-04-28T08:22:27+00:00\" \/>\n<meta property=\"og:image\" content=\"https:\/\/algarve7.pt\/wp-content\/uploads\/2025\/04\/Um-Dia-na-Pre-Historia-1.jpg\" \/>\n\t<meta property=\"og:image:width\" content=\"800\" \/>\n\t<meta property=\"og:image:height\" content=\"500\" \/>\n\t<meta property=\"og:image:type\" content=\"image\/jpeg\" \/>\n<meta name=\"author\" content=\"Algarve 7\" \/>\n<meta name=\"twitter:card\" content=\"summary_large_image\" \/>\n<meta name=\"twitter:creator\" content=\"@Algarvesete\" \/>\n<meta name=\"twitter:site\" content=\"@Algarvesete\" \/>\n<meta name=\"twitter:label1\" content=\"Escrito por\" \/>\n\t<meta name=\"twitter:data1\" content=\"Algarve 7\" \/>\n\t<meta name=\"twitter:label2\" content=\"Tempo estimado de leitura\" \/>\n\t<meta name=\"twitter:data2\" content=\"5 minutos\" \/>\n<script type=\"application\/ld+json\" class=\"yoast-schema-graph\">{\"@context\":\"https:\\\/\\\/schema.org\",\"@graph\":[{\"@type\":\"Article\",\"@id\":\"https:\\\/\\\/algarve7.pt\\\/index.php\\\/2025\\\/04\\\/alcalar-recua-cinco-milenios-para-desafiar-familias-a-viver-um-dia-na-pre-historia\\\/cultura\\\/09\\\/22\\\/#article\",\"isPartOf\":{\"@id\":\"https:\\\/\\\/algarve7.pt\\\/index.php\\\/2025\\\/04\\\/alcalar-recua-cinco-milenios-para-desafiar-familias-a-viver-um-dia-na-pre-historia\\\/cultura\\\/09\\\/22\\\/\"},\"author\":{\"name\":\"Algarve 7\",\"@id\":\"https:\\\/\\\/algarve7.pt\\\/#\\\/schema\\\/person\\\/23fa70681308e7b319a3204bcea45e0c\"},\"headline\":\"Alcalar recua cinco mil\u00e9nios para desafiar fam\u00edlias a viver \u201cUm dia na Pr\u00e9-Hist\u00f3ria\u201d\",\"datePublished\":\"2025-04-28T08:22:25+00:00\",\"dateModified\":\"2025-04-28T08:22:27+00:00\",\"mainEntityOfPage\":{\"@id\":\"https:\\\/\\\/algarve7.pt\\\/index.php\\\/2025\\\/04\\\/alcalar-recua-cinco-milenios-para-desafiar-familias-a-viver-um-dia-na-pre-historia\\\/cultura\\\/09\\\/22\\\/\"},\"wordCount\":927,\"publisher\":{\"@id\":\"https:\\\/\\\/algarve7.pt\\\/#organization\"},\"image\":{\"@id\":\"https:\\\/\\\/algarve7.pt\\\/index.php\\\/2025\\\/04\\\/alcalar-recua-cinco-milenios-para-desafiar-familias-a-viver-um-dia-na-pre-historia\\\/cultura\\\/09\\\/22\\\/#primaryimage\"},\"thumbnailUrl\":\"https:\\\/\\\/algarve7.pt\\\/wp-content\\\/uploads\\\/2025\\\/04\\\/Um-Dia-na-Pre-Historia-1.jpg\",\"keywords\":[\"Algarve\",\"Cultura\",\"Portim\u00e3o\"],\"articleSection\":[\"Cultura\"],\"inLanguage\":\"pt-PT\"},{\"@type\":\"WebPage\",\"@id\":\"https:\\\/\\\/algarve7.pt\\\/index.php\\\/2025\\\/04\\\/alcalar-recua-cinco-milenios-para-desafiar-familias-a-viver-um-dia-na-pre-historia\\\/cultura\\\/09\\\/22\\\/\",\"url\":\"https:\\\/\\\/algarve7.pt\\\/index.php\\\/2025\\\/04\\\/alcalar-recua-cinco-milenios-para-desafiar-familias-a-viver-um-dia-na-pre-historia\\\/cultura\\\/09\\\/22\\\/\",\"name\":\"Alcalar recua cinco mil\u00e9nios para desafiar fam\u00edlias a viver \u201cUm dia na Pr\u00e9-Hist\u00f3ria\u201d - Algarve 7\",\"isPartOf\":{\"@id\":\"https:\\\/\\\/algarve7.pt\\\/#website\"},\"primaryImageOfPage\":{\"@id\":\"https:\\\/\\\/algarve7.pt\\\/index.php\\\/2025\\\/04\\\/alcalar-recua-cinco-milenios-para-desafiar-familias-a-viver-um-dia-na-pre-historia\\\/cultura\\\/09\\\/22\\\/#primaryimage\"},\"image\":{\"@id\":\"https:\\\/\\\/algarve7.pt\\\/index.php\\\/2025\\\/04\\\/alcalar-recua-cinco-milenios-para-desafiar-familias-a-viver-um-dia-na-pre-historia\\\/cultura\\\/09\\\/22\\\/#primaryimage\"},\"thumbnailUrl\":\"https:\\\/\\\/algarve7.pt\\\/wp-content\\\/uploads\\\/2025\\\/04\\\/Um-Dia-na-Pre-Historia-1.jpg\",\"datePublished\":\"2025-04-28T08:22:25+00:00\",\"dateModified\":\"2025-04-28T08:22:27+00:00\",\"description\":\"Alcalar recua cinco mil\u00e9nios para desafiar fam\u00edlias a viver \u201cUm dia na Pr\u00e9-Hist\u00f3ria\u201d Cultura\",\"breadcrumb\":{\"@id\":\"https:\\\/\\\/algarve7.pt\\\/index.php\\\/2025\\\/04\\\/alcalar-recua-cinco-milenios-para-desafiar-familias-a-viver-um-dia-na-pre-historia\\\/cultura\\\/09\\\/22\\\/#breadcrumb\"},\"inLanguage\":\"pt-PT\",\"potentialAction\":[{\"@type\":\"ReadAction\",\"target\":[\"https:\\\/\\\/algarve7.pt\\\/index.php\\\/2025\\\/04\\\/alcalar-recua-cinco-milenios-para-desafiar-familias-a-viver-um-dia-na-pre-historia\\\/cultura\\\/09\\\/22\\\/\"]}]},{\"@type\":\"ImageObject\",\"inLanguage\":\"pt-PT\",\"@id\":\"https:\\\/\\\/algarve7.pt\\\/index.php\\\/2025\\\/04\\\/alcalar-recua-cinco-milenios-para-desafiar-familias-a-viver-um-dia-na-pre-historia\\\/cultura\\\/09\\\/22\\\/#primaryimage\",\"url\":\"https:\\\/\\\/algarve7.pt\\\/wp-content\\\/uploads\\\/2025\\\/04\\\/Um-Dia-na-Pre-Historia-1.jpg\",\"contentUrl\":\"https:\\\/\\\/algarve7.pt\\\/wp-content\\\/uploads\\\/2025\\\/04\\\/Um-Dia-na-Pre-Historia-1.jpg\",\"width\":800,\"height\":500},{\"@type\":\"BreadcrumbList\",\"@id\":\"https:\\\/\\\/algarve7.pt\\\/index.php\\\/2025\\\/04\\\/alcalar-recua-cinco-milenios-para-desafiar-familias-a-viver-um-dia-na-pre-historia\\\/cultura\\\/09\\\/22\\\/#breadcrumb\",\"itemListElement\":[{\"@type\":\"ListItem\",\"position\":1,\"name\":\"In\u00edcio\",\"item\":\"https:\\\/\\\/algarve7.pt\\\/\"},{\"@type\":\"ListItem\",\"position\":2,\"name\":\"Alcalar recua cinco mil\u00e9nios para desafiar fam\u00edlias a viver \u201cUm dia na Pr\u00e9-Hist\u00f3ria\u201d\"}]},{\"@type\":\"WebSite\",\"@id\":\"https:\\\/\\\/algarve7.pt\\\/#website\",\"url\":\"https:\\\/\\\/algarve7.pt\\\/\",\"name\":\"Algarve 7\",\"description\":\"Informa\u00e7\u00e3o sobre o Algarve\",\"publisher\":{\"@id\":\"https:\\\/\\\/algarve7.pt\\\/#organization\"},\"potentialAction\":[{\"@type\":\"SearchAction\",\"target\":{\"@type\":\"EntryPoint\",\"urlTemplate\":\"https:\\\/\\\/algarve7.pt\\\/?s={search_term_string}\"},\"query-input\":{\"@type\":\"PropertyValueSpecification\",\"valueRequired\":true,\"valueName\":\"search_term_string\"}}],\"inLanguage\":\"pt-PT\"},{\"@type\":\"Organization\",\"@id\":\"https:\\\/\\\/algarve7.pt\\\/#organization\",\"name\":\"Algarve 7\",\"url\":\"https:\\\/\\\/algarve7.pt\\\/\",\"logo\":{\"@type\":\"ImageObject\",\"inLanguage\":\"pt-PT\",\"@id\":\"https:\\\/\\\/algarve7.pt\\\/#\\\/schema\\\/logo\\\/image\\\/\",\"url\":\"https:\\\/\\\/algarve7.pt\\\/wp-content\\\/uploads\\\/2020\\\/10\\\/Logo-8.jpg\",\"contentUrl\":\"https:\\\/\\\/algarve7.pt\\\/wp-content\\\/uploads\\\/2020\\\/10\\\/Logo-8.jpg\",\"width\":1680,\"height\":1186,\"caption\":\"Algarve 7\"},\"image\":{\"@id\":\"https:\\\/\\\/algarve7.pt\\\/#\\\/schema\\\/logo\\\/image\\\/\"},\"sameAs\":[\"https:\\\/\\\/www.facebook.com\\\/algarve7\",\"https:\\\/\\\/x.com\\\/Algarvesete\",\"https:\\\/\\\/www.instagram.com\\\/jornalalgarve7\\\/\",\"https:\\\/\\\/www.linkedin.com\\\/company\\\/algarve7\",\"https:\\\/\\\/www.pinterest.pt\\\/geral0939\\\/_created\\\/\"]},{\"@type\":\"Person\",\"@id\":\"https:\\\/\\\/algarve7.pt\\\/#\\\/schema\\\/person\\\/23fa70681308e7b319a3204bcea45e0c\",\"name\":\"Algarve 7\",\"sameAs\":[\"https:\\\/\\\/algarve7.pt\",\"https:\\\/\\\/www.facebook.com\\\/algarve7\"],\"url\":\"https:\\\/\\\/algarve7.pt\\\/index.php\\\/author\\\/geralalgarve7-pt\\\/\"}]}<\/script>\n<!-- \/ Yoast SEO plugin. -->","yoast_head_json":{"title":"Alcalar recua cinco mil\u00e9nios para desafiar fam\u00edlias a viver \u201cUm dia na Pr\u00e9-Hist\u00f3ria\u201d - Algarve 7","description":"Alcalar recua cinco mil\u00e9nios para desafiar fam\u00edlias a viver \u201cUm dia na Pr\u00e9-Hist\u00f3ria\u201d Cultura","robots":{"index":"index","follow":"follow","max-snippet":"max-snippet:-1","max-image-preview":"max-image-preview:large","max-video-preview":"max-video-preview:-1"},"canonical":"https:\/\/algarve7.pt\/index.php\/2025\/04\/alcalar-recua-cinco-milenios-para-desafiar-familias-a-viver-um-dia-na-pre-historia\/cultura\/09\/22\/","og_locale":"pt_PT","og_type":"article","og_title":"Alcalar recua cinco mil\u00e9nios para desafiar fam\u00edlias a viver \u201cUm dia na Pr\u00e9-Hist\u00f3ria\u201d - Algarve 7","og_description":"Alcalar recua cinco mil\u00e9nios para desafiar fam\u00edlias a viver \u201cUm dia na Pr\u00e9-Hist\u00f3ria\u201d Cultura","og_url":"https:\/\/algarve7.pt\/index.php\/2025\/04\/alcalar-recua-cinco-milenios-para-desafiar-familias-a-viver-um-dia-na-pre-historia\/cultura\/09\/22\/","og_site_name":"Algarve 7","article_publisher":"https:\/\/www.facebook.com\/algarve7","article_author":"https:\/\/www.facebook.com\/algarve7","article_published_time":"2025-04-28T08:22:25+00:00","article_modified_time":"2025-04-28T08:22:27+00:00","og_image":[{"width":800,"height":500,"url":"https:\/\/algarve7.pt\/wp-content\/uploads\/2025\/04\/Um-Dia-na-Pre-Historia-1.jpg","type":"image\/jpeg"}],"author":"Algarve 7","twitter_card":"summary_large_image","twitter_creator":"@Algarvesete","twitter_site":"@Algarvesete","twitter_misc":{"Escrito por":"Algarve 7","Tempo estimado de leitura":"5 minutos"},"schema":{"@context":"https:\/\/schema.org","@graph":[{"@type":"Article","@id":"https:\/\/algarve7.pt\/index.php\/2025\/04\/alcalar-recua-cinco-milenios-para-desafiar-familias-a-viver-um-dia-na-pre-historia\/cultura\/09\/22\/#article","isPartOf":{"@id":"https:\/\/algarve7.pt\/index.php\/2025\/04\/alcalar-recua-cinco-milenios-para-desafiar-familias-a-viver-um-dia-na-pre-historia\/cultura\/09\/22\/"},"author":{"name":"Algarve 7","@id":"https:\/\/algarve7.pt\/#\/schema\/person\/23fa70681308e7b319a3204bcea45e0c"},"headline":"Alcalar recua cinco mil\u00e9nios para desafiar fam\u00edlias a viver \u201cUm dia na Pr\u00e9-Hist\u00f3ria\u201d","datePublished":"2025-04-28T08:22:25+00:00","dateModified":"2025-04-28T08:22:27+00:00","mainEntityOfPage":{"@id":"https:\/\/algarve7.pt\/index.php\/2025\/04\/alcalar-recua-cinco-milenios-para-desafiar-familias-a-viver-um-dia-na-pre-historia\/cultura\/09\/22\/"},"wordCount":927,"publisher":{"@id":"https:\/\/algarve7.pt\/#organization"},"image":{"@id":"https:\/\/algarve7.pt\/index.php\/2025\/04\/alcalar-recua-cinco-milenios-para-desafiar-familias-a-viver-um-dia-na-pre-historia\/cultura\/09\/22\/#primaryimage"},"thumbnailUrl":"https:\/\/algarve7.pt\/wp-content\/uploads\/2025\/04\/Um-Dia-na-Pre-Historia-1.jpg","keywords":["Algarve","Cultura","Portim\u00e3o"],"articleSection":["Cultura"],"inLanguage":"pt-PT"},{"@type":"WebPage","@id":"https:\/\/algarve7.pt\/index.php\/2025\/04\/alcalar-recua-cinco-milenios-para-desafiar-familias-a-viver-um-dia-na-pre-historia\/cultura\/09\/22\/","url":"https:\/\/algarve7.pt\/index.php\/2025\/04\/alcalar-recua-cinco-milenios-para-desafiar-familias-a-viver-um-dia-na-pre-historia\/cultura\/09\/22\/","name":"Alcalar recua cinco mil\u00e9nios para desafiar fam\u00edlias a viver \u201cUm dia na Pr\u00e9-Hist\u00f3ria\u201d - Algarve 7","isPartOf":{"@id":"https:\/\/algarve7.pt\/#website"},"primaryImageOfPage":{"@id":"https:\/\/algarve7.pt\/index.php\/2025\/04\/alcalar-recua-cinco-milenios-para-desafiar-familias-a-viver-um-dia-na-pre-historia\/cultura\/09\/22\/#primaryimage"},"image":{"@id":"https:\/\/algarve7.pt\/index.php\/2025\/04\/alcalar-recua-cinco-milenios-para-desafiar-familias-a-viver-um-dia-na-pre-historia\/cultura\/09\/22\/#primaryimage"},"thumbnailUrl":"https:\/\/algarve7.pt\/wp-content\/uploads\/2025\/04\/Um-Dia-na-Pre-Historia-1.jpg","datePublished":"2025-04-28T08:22:25+00:00","dateModified":"2025-04-28T08:22:27+00:00","description":"Alcalar recua cinco mil\u00e9nios para desafiar fam\u00edlias a viver \u201cUm dia na Pr\u00e9-Hist\u00f3ria\u201d Cultura","breadcrumb":{"@id":"https:\/\/algarve7.pt\/index.php\/2025\/04\/alcalar-recua-cinco-milenios-para-desafiar-familias-a-viver-um-dia-na-pre-historia\/cultura\/09\/22\/#breadcrumb"},"inLanguage":"pt-PT","potentialAction":[{"@type":"ReadAction","target":["https:\/\/algarve7.pt\/index.php\/2025\/04\/alcalar-recua-cinco-milenios-para-desafiar-familias-a-viver-um-dia-na-pre-historia\/cultura\/09\/22\/"]}]},{"@type":"ImageObject","inLanguage":"pt-PT","@id":"https:\/\/algarve7.pt\/index.php\/2025\/04\/alcalar-recua-cinco-milenios-para-desafiar-familias-a-viver-um-dia-na-pre-historia\/cultura\/09\/22\/#primaryimage","url":"https:\/\/algarve7.pt\/wp-content\/uploads\/2025\/04\/Um-Dia-na-Pre-Historia-1.jpg","contentUrl":"https:\/\/algarve7.pt\/wp-content\/uploads\/2025\/04\/Um-Dia-na-Pre-Historia-1.jpg","width":800,"height":500},{"@type":"BreadcrumbList","@id":"https:\/\/algarve7.pt\/index.php\/2025\/04\/alcalar-recua-cinco-milenios-para-desafiar-familias-a-viver-um-dia-na-pre-historia\/cultura\/09\/22\/#breadcrumb","itemListElement":[{"@type":"ListItem","position":1,"name":"In\u00edcio","item":"https:\/\/algarve7.pt\/"},{"@type":"ListItem","position":2,"name":"Alcalar recua cinco mil\u00e9nios para desafiar fam\u00edlias a viver \u201cUm dia na Pr\u00e9-Hist\u00f3ria\u201d"}]},{"@type":"WebSite","@id":"https:\/\/algarve7.pt\/#website","url":"https:\/\/algarve7.pt\/","name":"Algarve 7","description":"Informa\u00e7\u00e3o sobre o Algarve","publisher":{"@id":"https:\/\/algarve7.pt\/#organization"},"potentialAction":[{"@type":"SearchAction","target":{"@type":"EntryPoint","urlTemplate":"https:\/\/algarve7.pt\/?s={search_term_string}"},"query-input":{"@type":"PropertyValueSpecification","valueRequired":true,"valueName":"search_term_string"}}],"inLanguage":"pt-PT"},{"@type":"Organization","@id":"https:\/\/algarve7.pt\/#organization","name":"Algarve 7","url":"https:\/\/algarve7.pt\/","logo":{"@type":"ImageObject","inLanguage":"pt-PT","@id":"https:\/\/algarve7.pt\/#\/schema\/logo\/image\/","url":"https:\/\/algarve7.pt\/wp-content\/uploads\/2020\/10\/Logo-8.jpg","contentUrl":"https:\/\/algarve7.pt\/wp-content\/uploads\/2020\/10\/Logo-8.jpg","width":1680,"height":1186,"caption":"Algarve 7"},"image":{"@id":"https:\/\/algarve7.pt\/#\/schema\/logo\/image\/"},"sameAs":["https:\/\/www.facebook.com\/algarve7","https:\/\/x.com\/Algarvesete","https:\/\/www.instagram.com\/jornalalgarve7\/","https:\/\/www.linkedin.com\/company\/algarve7","https:\/\/www.pinterest.pt\/geral0939\/_created\/"]},{"@type":"Person","@id":"https:\/\/algarve7.pt\/#\/schema\/person\/23fa70681308e7b319a3204bcea45e0c","name":"Algarve 7","sameAs":["https:\/\/algarve7.pt","https:\/\/www.facebook.com\/algarve7"],"url":"https:\/\/algarve7.pt\/index.php\/author\/geralalgarve7-pt\/"}]}},"jetpack_publicize_connections":[],"jetpack_featured_media_url":"https:\/\/algarve7.pt\/wp-content\/uploads\/2025\/04\/Um-Dia-na-Pre-Historia-1.jpg","jetpack_shortlink":"https:\/\/wp.me\/pcezmW-cXT","jetpack_sharing_enabled":true,"_links":{"self":[{"href":"https:\/\/algarve7.pt\/index.php\/wp-json\/wp\/v2\/posts\/49841","targetHints":{"allow":["GET"]}}],"collection":[{"href":"https:\/\/algarve7.pt\/index.php\/wp-json\/wp\/v2\/posts"}],"about":[{"href":"https:\/\/algarve7.pt\/index.php\/wp-json\/wp\/v2\/types\/post"}],"author":[{"embeddable":true,"href":"https:\/\/algarve7.pt\/index.php\/wp-json\/wp\/v2\/users\/1"}],"replies":[{"embeddable":true,"href":"https:\/\/algarve7.pt\/index.php\/wp-json\/wp\/v2\/comments?post=49841"}],"version-history":[{"count":0,"href":"https:\/\/algarve7.pt\/index.php\/wp-json\/wp\/v2\/posts\/49841\/revisions"}],"wp:featuredmedia":[{"embeddable":true,"href":"https:\/\/algarve7.pt\/index.php\/wp-json\/wp\/v2\/media\/49842"}],"wp:attachment":[{"href":"https:\/\/algarve7.pt\/index.php\/wp-json\/wp\/v2\/media?parent=49841"}],"wp:term":[{"taxonomy":"category","embeddable":true,"href":"https:\/\/algarve7.pt\/index.php\/wp-json\/wp\/v2\/categories?post=49841"},{"taxonomy":"post_tag","embeddable":true,"href":"https:\/\/algarve7.pt\/index.php\/wp-json\/wp\/v2\/tags?post=49841"}],"curies":[{"name":"wp","href":"https:\/\/api.w.org\/{rel}","templated":true}]}}