{"id":4983,"date":"2020-12-30T15:50:42","date_gmt":"2020-12-30T15:50:42","guid":{"rendered":"https:\/\/algarve7.pt\/?p=4983"},"modified":"2020-12-30T15:50:43","modified_gmt":"2020-12-30T15:50:43","slug":"lagoa-assinala-passagem-de-ano-com-arade-music-fest-em-formato-online","status":"publish","type":"post","link":"https:\/\/algarve7.pt\/index.php\/2020\/12\/lagoa-assinala-passagem-de-ano-com-arade-music-fest-em-formato-online\/cultura\/15\/50\/","title":{"rendered":"Lagoa assinala passagem de ano com \u201dArade Music Fest\u201d em formato online"},"content":{"rendered":"\n<p>Lagoa despede-se de 2020 e d\u00e1 as boas-vindas a 2021 com a 7\u00aa edi\u00e7\u00e3o do \u201cArade Music Fest\u201d, desta feita em formato online.<\/p>\n\n\n\n<p>Num ano diferente, marcado por diversas mudan\u00e7as e conting\u00eancias relativas \u00e0 pandemia Covid-19, o municipio de Lagoa n\u00e3o deixa de comemorar o r\u00e9veillon e reune artistas e grupos musicais locais, de diversos&nbsp;estilos&nbsp;que, a partir das 22h30 do dia 31 de dezembro, na p\u00e1gina de Facebook do municipio, partilhar\u00e3o com os espetadores a despedida de 2020 e as boas vindas a 2021.<\/p>\n\n\n\n<p>A partir de casa, e cumprindo todas as regras de seguran\u00e7a, poder\u00e1 assistir \u00e0s atua\u00e7\u00f5es das bandas 5ExBand, Beto Kalulu, Ricardo Sousa, Carolina Fonson, US2, Luana Velasquez, DJ Alex, Jo\u00e3o Rocha, Jo\u00e3o Feliz, Lu\u00eds Raposo, Jo\u00e3o Reis, M\u00f3nica Pereira e Eduardo Ramos.&nbsp;<\/p>\n\n\n\n<p>O R\u00e9veillon \u201cArade Music Fest\u201d continuar\u00e1 assim, a fazer parte da vida dos Lagoenses como um dos eventos \u00e2ncora do concelho.&nbsp;<\/p>\n\n\n\n<p>O Munic\u00edpio de Lagoa refor\u00e7a ainda a informa\u00e7\u00e3o relativa \u00e0s regras aplicadas ao Munic\u00edpio de Lagoa &#8211; Nivel Moderado:&nbsp;<\/p>\n\n\n\n<ul class=\"wp-block-list\"><li>Proibi\u00e7\u00e3o de circula\u00e7\u00e3o entre concelhos entres as 00h00 de 31 de dezembro de 2020 e as 05h00 de 4 de janeiro de 2021;&nbsp;<\/li><li>Permitida a circula\u00e7\u00e3o na via p\u00fablica at\u00e9 \u00e0s 23h00 de 31 de dezembro de 2020;&nbsp;<\/li><li>Permitida a circula\u00e7\u00e3o na via p\u00fablica at\u00e9 \u00e0s 13h00 nos dias 1, 2 e 3 de janeiro de 2021;&nbsp;<\/li><li>Proibidas festas p\u00fablicas ou abertas ao p\u00fablico;<\/li><li>&nbsp;Funcionamento dos restaurantes permitido at\u00e9 \u00e0s 22h30 do dia 31 de dezembro de 2020;&nbsp;<\/li><li>Funcionamento dos restaurantes permitido at\u00e9 \u00e0s 13h00 dos dias 1, 2 e 3 de janeiro de 2021;&nbsp;<\/li><li>Proibidos os ajuntamentos na via p\u00fablica com mais de 6 pessoas.&nbsp;<\/li><\/ul>\n\n\n\n<p>Evitar:&nbsp;<\/p>\n\n\n\n<ul class=\"wp-block-list\"><li>Muita gente;&nbsp;<\/li><li>Muito tempo sem uso de m\u00e1scara;&nbsp;<\/li><li>Espa\u00e7os fechados, pequenos ou pouco arejados;&nbsp;<\/li><li>Proibidas festas p\u00fablicas ou abertas ao p\u00fablico.&nbsp;<\/li><\/ul>\n","protected":false},"excerpt":{"rendered":"<p>Lagoa despede-se de 2020 e d\u00e1 as boas-vindas a 2021 com a 7\u00aa edi\u00e7\u00e3o do \u201cArade Music Fest\u201d, desta feita<\/p>\n","protected":false},"author":1,"featured_media":4984,"comment_status":"closed","ping_status":"open","sticky":false,"template":"","format":"standard","meta":{"colormag_page_container_layout":"default_layout","colormag_page_sidebar_layout":"default_layout","_monsterinsights_skip_tracking":false,"_monsterinsights_sitenote_active":false,"_monsterinsights_sitenote_note":"","_monsterinsights_sitenote_category":0,"jetpack_post_was_ever_published":false,"_jetpack_newsletter_access":"","_jetpack_dont_email_post_to_subs":false,"_jetpack_newsletter_tier_id":0,"_jetpack_memberships_contains_paywalled_content":false,"_jetpack_memberships_contains_paid_content":false,"footnotes":"","jetpack_publicize_message":"","jetpack_publicize_feature_enabled":true,"jetpack_social_post_already_shared":true,"jetpack_social_options":{"image_generator_settings":{"template":"highway","default_image_id":0,"font":"","enabled":false},"version":2}},"categories":[14],"tags":[36,35,48],"class_list":["post-4983","post","type-post","status-publish","format-standard","has-post-thumbnail","hentry","category-cultura","tag-algarve","tag-cultura","tag-lagoa"],"yoast_head":"<!-- This site is optimized with the Yoast SEO plugin v27.5 - https:\/\/yoast.com\/product\/yoast-seo-wordpress\/ -->\n<title>Lagoa assinala passagem de ano com \u201dArade Music Fest\u201d em formato online - Algarve 7<\/title>\n<meta name=\"description\" content=\"Lagoa assinala passagem de ano com \u201dArade Music Fest\u201d em formato online Cultura\" \/>\n<meta name=\"robots\" content=\"index, follow, max-snippet:-1, max-image-preview:large, max-video-preview:-1\" \/>\n<link rel=\"canonical\" href=\"https:\/\/algarve7.pt\/index.php\/2020\/12\/lagoa-assinala-passagem-de-ano-com-arade-music-fest-em-formato-online\/cultura\/15\/50\/\" \/>\n<meta property=\"og:locale\" content=\"pt_PT\" \/>\n<meta property=\"og:type\" content=\"article\" \/>\n<meta property=\"og:title\" content=\"Lagoa assinala passagem de ano com \u201dArade Music Fest\u201d em formato online - Algarve 7\" \/>\n<meta property=\"og:description\" content=\"Lagoa assinala passagem de ano com \u201dArade Music Fest\u201d em formato online Cultura\" \/>\n<meta property=\"og:url\" content=\"https:\/\/algarve7.pt\/index.php\/2020\/12\/lagoa-assinala-passagem-de-ano-com-arade-music-fest-em-formato-online\/cultura\/15\/50\/\" \/>\n<meta property=\"og:site_name\" content=\"Algarve 7\" \/>\n<meta property=\"article:publisher\" content=\"https:\/\/www.facebook.com\/algarve7\" \/>\n<meta property=\"article:author\" content=\"https:\/\/www.facebook.com\/algarve7\" \/>\n<meta property=\"article:published_time\" content=\"2020-12-30T15:50:42+00:00\" \/>\n<meta property=\"article:modified_time\" content=\"2020-12-30T15:50:43+00:00\" \/>\n<meta property=\"og:image\" content=\"https:\/\/algarve7.pt\/wp-content\/uploads\/2020\/12\/banner-video-AMF20_1920x1080px.png\" \/>\n\t<meta property=\"og:image:width\" content=\"1920\" \/>\n\t<meta property=\"og:image:height\" content=\"1080\" \/>\n\t<meta property=\"og:image:type\" content=\"image\/png\" \/>\n<meta name=\"author\" content=\"Algarve 7\" \/>\n<meta name=\"twitter:card\" content=\"summary_large_image\" \/>\n<meta name=\"twitter:creator\" content=\"@Algarvesete\" \/>\n<meta name=\"twitter:site\" content=\"@Algarvesete\" \/>\n<meta name=\"twitter:label1\" content=\"Escrito por\" \/>\n\t<meta name=\"twitter:data1\" content=\"Algarve 7\" \/>\n\t<meta name=\"twitter:label2\" content=\"Tempo estimado de leitura\" \/>\n\t<meta name=\"twitter:data2\" content=\"2 minutos\" \/>\n<script type=\"application\/ld+json\" class=\"yoast-schema-graph\">{\"@context\":\"https:\\\/\\\/schema.org\",\"@graph\":[{\"@type\":\"Article\",\"@id\":\"https:\\\/\\\/algarve7.pt\\\/index.php\\\/2020\\\/12\\\/lagoa-assinala-passagem-de-ano-com-arade-music-fest-em-formato-online\\\/cultura\\\/15\\\/50\\\/#article\",\"isPartOf\":{\"@id\":\"https:\\\/\\\/algarve7.pt\\\/index.php\\\/2020\\\/12\\\/lagoa-assinala-passagem-de-ano-com-arade-music-fest-em-formato-online\\\/cultura\\\/15\\\/50\\\/\"},\"author\":{\"name\":\"Algarve 7\",\"@id\":\"https:\\\/\\\/algarve7.pt\\\/#\\\/schema\\\/person\\\/23fa70681308e7b319a3204bcea45e0c\"},\"headline\":\"Lagoa assinala passagem de ano com \u201dArade Music Fest\u201d em formato online\",\"datePublished\":\"2020-12-30T15:50:42+00:00\",\"dateModified\":\"2020-12-30T15:50:43+00:00\",\"mainEntityOfPage\":{\"@id\":\"https:\\\/\\\/algarve7.pt\\\/index.php\\\/2020\\\/12\\\/lagoa-assinala-passagem-de-ano-com-arade-music-fest-em-formato-online\\\/cultura\\\/15\\\/50\\\/\"},\"wordCount\":333,\"publisher\":{\"@id\":\"https:\\\/\\\/algarve7.pt\\\/#organization\"},\"image\":{\"@id\":\"https:\\\/\\\/algarve7.pt\\\/index.php\\\/2020\\\/12\\\/lagoa-assinala-passagem-de-ano-com-arade-music-fest-em-formato-online\\\/cultura\\\/15\\\/50\\\/#primaryimage\"},\"thumbnailUrl\":\"https:\\\/\\\/algarve7.pt\\\/wp-content\\\/uploads\\\/2020\\\/12\\\/banner-video-AMF20_1920x1080px.png\",\"keywords\":[\"Algarve\",\"Cultura\",\"Lagoa\"],\"articleSection\":[\"Cultura\"],\"inLanguage\":\"pt-PT\"},{\"@type\":\"WebPage\",\"@id\":\"https:\\\/\\\/algarve7.pt\\\/index.php\\\/2020\\\/12\\\/lagoa-assinala-passagem-de-ano-com-arade-music-fest-em-formato-online\\\/cultura\\\/15\\\/50\\\/\",\"url\":\"https:\\\/\\\/algarve7.pt\\\/index.php\\\/2020\\\/12\\\/lagoa-assinala-passagem-de-ano-com-arade-music-fest-em-formato-online\\\/cultura\\\/15\\\/50\\\/\",\"name\":\"Lagoa assinala passagem de ano com \u201dArade Music Fest\u201d em formato online - Algarve 7\",\"isPartOf\":{\"@id\":\"https:\\\/\\\/algarve7.pt\\\/#website\"},\"primaryImageOfPage\":{\"@id\":\"https:\\\/\\\/algarve7.pt\\\/index.php\\\/2020\\\/12\\\/lagoa-assinala-passagem-de-ano-com-arade-music-fest-em-formato-online\\\/cultura\\\/15\\\/50\\\/#primaryimage\"},\"image\":{\"@id\":\"https:\\\/\\\/algarve7.pt\\\/index.php\\\/2020\\\/12\\\/lagoa-assinala-passagem-de-ano-com-arade-music-fest-em-formato-online\\\/cultura\\\/15\\\/50\\\/#primaryimage\"},\"thumbnailUrl\":\"https:\\\/\\\/algarve7.pt\\\/wp-content\\\/uploads\\\/2020\\\/12\\\/banner-video-AMF20_1920x1080px.png\",\"datePublished\":\"2020-12-30T15:50:42+00:00\",\"dateModified\":\"2020-12-30T15:50:43+00:00\",\"description\":\"Lagoa assinala passagem de ano com \u201dArade Music Fest\u201d em formato online Cultura\",\"breadcrumb\":{\"@id\":\"https:\\\/\\\/algarve7.pt\\\/index.php\\\/2020\\\/12\\\/lagoa-assinala-passagem-de-ano-com-arade-music-fest-em-formato-online\\\/cultura\\\/15\\\/50\\\/#breadcrumb\"},\"inLanguage\":\"pt-PT\",\"potentialAction\":[{\"@type\":\"ReadAction\",\"target\":[\"https:\\\/\\\/algarve7.pt\\\/index.php\\\/2020\\\/12\\\/lagoa-assinala-passagem-de-ano-com-arade-music-fest-em-formato-online\\\/cultura\\\/15\\\/50\\\/\"]}]},{\"@type\":\"ImageObject\",\"inLanguage\":\"pt-PT\",\"@id\":\"https:\\\/\\\/algarve7.pt\\\/index.php\\\/2020\\\/12\\\/lagoa-assinala-passagem-de-ano-com-arade-music-fest-em-formato-online\\\/cultura\\\/15\\\/50\\\/#primaryimage\",\"url\":\"https:\\\/\\\/algarve7.pt\\\/wp-content\\\/uploads\\\/2020\\\/12\\\/banner-video-AMF20_1920x1080px.png\",\"contentUrl\":\"https:\\\/\\\/algarve7.pt\\\/wp-content\\\/uploads\\\/2020\\\/12\\\/banner-video-AMF20_1920x1080px.png\",\"width\":1920,\"height\":1080},{\"@type\":\"BreadcrumbList\",\"@id\":\"https:\\\/\\\/algarve7.pt\\\/index.php\\\/2020\\\/12\\\/lagoa-assinala-passagem-de-ano-com-arade-music-fest-em-formato-online\\\/cultura\\\/15\\\/50\\\/#breadcrumb\",\"itemListElement\":[{\"@type\":\"ListItem\",\"position\":1,\"name\":\"In\u00edcio\",\"item\":\"https:\\\/\\\/algarve7.pt\\\/\"},{\"@type\":\"ListItem\",\"position\":2,\"name\":\"Lagoa assinala passagem de ano com \u201dArade Music Fest\u201d em formato online\"}]},{\"@type\":\"WebSite\",\"@id\":\"https:\\\/\\\/algarve7.pt\\\/#website\",\"url\":\"https:\\\/\\\/algarve7.pt\\\/\",\"name\":\"Algarve 7\",\"description\":\"Informa\u00e7\u00e3o sobre o Algarve\",\"publisher\":{\"@id\":\"https:\\\/\\\/algarve7.pt\\\/#organization\"},\"potentialAction\":[{\"@type\":\"SearchAction\",\"target\":{\"@type\":\"EntryPoint\",\"urlTemplate\":\"https:\\\/\\\/algarve7.pt\\\/?s={search_term_string}\"},\"query-input\":{\"@type\":\"PropertyValueSpecification\",\"valueRequired\":true,\"valueName\":\"search_term_string\"}}],\"inLanguage\":\"pt-PT\"},{\"@type\":\"Organization\",\"@id\":\"https:\\\/\\\/algarve7.pt\\\/#organization\",\"name\":\"Algarve 7\",\"url\":\"https:\\\/\\\/algarve7.pt\\\/\",\"logo\":{\"@type\":\"ImageObject\",\"inLanguage\":\"pt-PT\",\"@id\":\"https:\\\/\\\/algarve7.pt\\\/#\\\/schema\\\/logo\\\/image\\\/\",\"url\":\"https:\\\/\\\/algarve7.pt\\\/wp-content\\\/uploads\\\/2020\\\/10\\\/Logo-8.jpg\",\"contentUrl\":\"https:\\\/\\\/algarve7.pt\\\/wp-content\\\/uploads\\\/2020\\\/10\\\/Logo-8.jpg\",\"width\":1680,\"height\":1186,\"caption\":\"Algarve 7\"},\"image\":{\"@id\":\"https:\\\/\\\/algarve7.pt\\\/#\\\/schema\\\/logo\\\/image\\\/\"},\"sameAs\":[\"https:\\\/\\\/www.facebook.com\\\/algarve7\",\"https:\\\/\\\/x.com\\\/Algarvesete\",\"https:\\\/\\\/www.instagram.com\\\/jornalalgarve7\\\/\",\"https:\\\/\\\/www.linkedin.com\\\/company\\\/algarve7\",\"https:\\\/\\\/www.pinterest.pt\\\/geral0939\\\/_created\\\/\"]},{\"@type\":\"Person\",\"@id\":\"https:\\\/\\\/algarve7.pt\\\/#\\\/schema\\\/person\\\/23fa70681308e7b319a3204bcea45e0c\",\"name\":\"Algarve 7\",\"sameAs\":[\"https:\\\/\\\/algarve7.pt\",\"https:\\\/\\\/www.facebook.com\\\/algarve7\"],\"url\":\"https:\\\/\\\/algarve7.pt\\\/index.php\\\/author\\\/geralalgarve7-pt\\\/\"}]}<\/script>\n<!-- \/ Yoast SEO plugin. -->","yoast_head_json":{"title":"Lagoa assinala passagem de ano com \u201dArade Music Fest\u201d em formato online - Algarve 7","description":"Lagoa assinala passagem de ano com \u201dArade Music Fest\u201d em formato online Cultura","robots":{"index":"index","follow":"follow","max-snippet":"max-snippet:-1","max-image-preview":"max-image-preview:large","max-video-preview":"max-video-preview:-1"},"canonical":"https:\/\/algarve7.pt\/index.php\/2020\/12\/lagoa-assinala-passagem-de-ano-com-arade-music-fest-em-formato-online\/cultura\/15\/50\/","og_locale":"pt_PT","og_type":"article","og_title":"Lagoa assinala passagem de ano com \u201dArade Music Fest\u201d em formato online - Algarve 7","og_description":"Lagoa assinala passagem de ano com \u201dArade Music Fest\u201d em formato online Cultura","og_url":"https:\/\/algarve7.pt\/index.php\/2020\/12\/lagoa-assinala-passagem-de-ano-com-arade-music-fest-em-formato-online\/cultura\/15\/50\/","og_site_name":"Algarve 7","article_publisher":"https:\/\/www.facebook.com\/algarve7","article_author":"https:\/\/www.facebook.com\/algarve7","article_published_time":"2020-12-30T15:50:42+00:00","article_modified_time":"2020-12-30T15:50:43+00:00","og_image":[{"width":1920,"height":1080,"url":"https:\/\/algarve7.pt\/wp-content\/uploads\/2020\/12\/banner-video-AMF20_1920x1080px.png","type":"image\/png"}],"author":"Algarve 7","twitter_card":"summary_large_image","twitter_creator":"@Algarvesete","twitter_site":"@Algarvesete","twitter_misc":{"Escrito por":"Algarve 7","Tempo estimado de leitura":"2 minutos"},"schema":{"@context":"https:\/\/schema.org","@graph":[{"@type":"Article","@id":"https:\/\/algarve7.pt\/index.php\/2020\/12\/lagoa-assinala-passagem-de-ano-com-arade-music-fest-em-formato-online\/cultura\/15\/50\/#article","isPartOf":{"@id":"https:\/\/algarve7.pt\/index.php\/2020\/12\/lagoa-assinala-passagem-de-ano-com-arade-music-fest-em-formato-online\/cultura\/15\/50\/"},"author":{"name":"Algarve 7","@id":"https:\/\/algarve7.pt\/#\/schema\/person\/23fa70681308e7b319a3204bcea45e0c"},"headline":"Lagoa assinala passagem de ano com \u201dArade Music Fest\u201d em formato online","datePublished":"2020-12-30T15:50:42+00:00","dateModified":"2020-12-30T15:50:43+00:00","mainEntityOfPage":{"@id":"https:\/\/algarve7.pt\/index.php\/2020\/12\/lagoa-assinala-passagem-de-ano-com-arade-music-fest-em-formato-online\/cultura\/15\/50\/"},"wordCount":333,"publisher":{"@id":"https:\/\/algarve7.pt\/#organization"},"image":{"@id":"https:\/\/algarve7.pt\/index.php\/2020\/12\/lagoa-assinala-passagem-de-ano-com-arade-music-fest-em-formato-online\/cultura\/15\/50\/#primaryimage"},"thumbnailUrl":"https:\/\/algarve7.pt\/wp-content\/uploads\/2020\/12\/banner-video-AMF20_1920x1080px.png","keywords":["Algarve","Cultura","Lagoa"],"articleSection":["Cultura"],"inLanguage":"pt-PT"},{"@type":"WebPage","@id":"https:\/\/algarve7.pt\/index.php\/2020\/12\/lagoa-assinala-passagem-de-ano-com-arade-music-fest-em-formato-online\/cultura\/15\/50\/","url":"https:\/\/algarve7.pt\/index.php\/2020\/12\/lagoa-assinala-passagem-de-ano-com-arade-music-fest-em-formato-online\/cultura\/15\/50\/","name":"Lagoa assinala passagem de ano com \u201dArade Music Fest\u201d em formato online - Algarve 7","isPartOf":{"@id":"https:\/\/algarve7.pt\/#website"},"primaryImageOfPage":{"@id":"https:\/\/algarve7.pt\/index.php\/2020\/12\/lagoa-assinala-passagem-de-ano-com-arade-music-fest-em-formato-online\/cultura\/15\/50\/#primaryimage"},"image":{"@id":"https:\/\/algarve7.pt\/index.php\/2020\/12\/lagoa-assinala-passagem-de-ano-com-arade-music-fest-em-formato-online\/cultura\/15\/50\/#primaryimage"},"thumbnailUrl":"https:\/\/algarve7.pt\/wp-content\/uploads\/2020\/12\/banner-video-AMF20_1920x1080px.png","datePublished":"2020-12-30T15:50:42+00:00","dateModified":"2020-12-30T15:50:43+00:00","description":"Lagoa assinala passagem de ano com \u201dArade Music Fest\u201d em formato online Cultura","breadcrumb":{"@id":"https:\/\/algarve7.pt\/index.php\/2020\/12\/lagoa-assinala-passagem-de-ano-com-arade-music-fest-em-formato-online\/cultura\/15\/50\/#breadcrumb"},"inLanguage":"pt-PT","potentialAction":[{"@type":"ReadAction","target":["https:\/\/algarve7.pt\/index.php\/2020\/12\/lagoa-assinala-passagem-de-ano-com-arade-music-fest-em-formato-online\/cultura\/15\/50\/"]}]},{"@type":"ImageObject","inLanguage":"pt-PT","@id":"https:\/\/algarve7.pt\/index.php\/2020\/12\/lagoa-assinala-passagem-de-ano-com-arade-music-fest-em-formato-online\/cultura\/15\/50\/#primaryimage","url":"https:\/\/algarve7.pt\/wp-content\/uploads\/2020\/12\/banner-video-AMF20_1920x1080px.png","contentUrl":"https:\/\/algarve7.pt\/wp-content\/uploads\/2020\/12\/banner-video-AMF20_1920x1080px.png","width":1920,"height":1080},{"@type":"BreadcrumbList","@id":"https:\/\/algarve7.pt\/index.php\/2020\/12\/lagoa-assinala-passagem-de-ano-com-arade-music-fest-em-formato-online\/cultura\/15\/50\/#breadcrumb","itemListElement":[{"@type":"ListItem","position":1,"name":"In\u00edcio","item":"https:\/\/algarve7.pt\/"},{"@type":"ListItem","position":2,"name":"Lagoa assinala passagem de ano com \u201dArade Music Fest\u201d em formato online"}]},{"@type":"WebSite","@id":"https:\/\/algarve7.pt\/#website","url":"https:\/\/algarve7.pt\/","name":"Algarve 7","description":"Informa\u00e7\u00e3o sobre o Algarve","publisher":{"@id":"https:\/\/algarve7.pt\/#organization"},"potentialAction":[{"@type":"SearchAction","target":{"@type":"EntryPoint","urlTemplate":"https:\/\/algarve7.pt\/?s={search_term_string}"},"query-input":{"@type":"PropertyValueSpecification","valueRequired":true,"valueName":"search_term_string"}}],"inLanguage":"pt-PT"},{"@type":"Organization","@id":"https:\/\/algarve7.pt\/#organization","name":"Algarve 7","url":"https:\/\/algarve7.pt\/","logo":{"@type":"ImageObject","inLanguage":"pt-PT","@id":"https:\/\/algarve7.pt\/#\/schema\/logo\/image\/","url":"https:\/\/algarve7.pt\/wp-content\/uploads\/2020\/10\/Logo-8.jpg","contentUrl":"https:\/\/algarve7.pt\/wp-content\/uploads\/2020\/10\/Logo-8.jpg","width":1680,"height":1186,"caption":"Algarve 7"},"image":{"@id":"https:\/\/algarve7.pt\/#\/schema\/logo\/image\/"},"sameAs":["https:\/\/www.facebook.com\/algarve7","https:\/\/x.com\/Algarvesete","https:\/\/www.instagram.com\/jornalalgarve7\/","https:\/\/www.linkedin.com\/company\/algarve7","https:\/\/www.pinterest.pt\/geral0939\/_created\/"]},{"@type":"Person","@id":"https:\/\/algarve7.pt\/#\/schema\/person\/23fa70681308e7b319a3204bcea45e0c","name":"Algarve 7","sameAs":["https:\/\/algarve7.pt","https:\/\/www.facebook.com\/algarve7"],"url":"https:\/\/algarve7.pt\/index.php\/author\/geralalgarve7-pt\/"}]}},"jetpack_publicize_connections":[],"jetpack_featured_media_url":"https:\/\/algarve7.pt\/wp-content\/uploads\/2020\/12\/banner-video-AMF20_1920x1080px.png","jetpack_shortlink":"https:\/\/wp.me\/pcezmW-1in","jetpack_sharing_enabled":true,"_links":{"self":[{"href":"https:\/\/algarve7.pt\/index.php\/wp-json\/wp\/v2\/posts\/4983","targetHints":{"allow":["GET"]}}],"collection":[{"href":"https:\/\/algarve7.pt\/index.php\/wp-json\/wp\/v2\/posts"}],"about":[{"href":"https:\/\/algarve7.pt\/index.php\/wp-json\/wp\/v2\/types\/post"}],"author":[{"embeddable":true,"href":"https:\/\/algarve7.pt\/index.php\/wp-json\/wp\/v2\/users\/1"}],"replies":[{"embeddable":true,"href":"https:\/\/algarve7.pt\/index.php\/wp-json\/wp\/v2\/comments?post=4983"}],"version-history":[{"count":0,"href":"https:\/\/algarve7.pt\/index.php\/wp-json\/wp\/v2\/posts\/4983\/revisions"}],"wp:featuredmedia":[{"embeddable":true,"href":"https:\/\/algarve7.pt\/index.php\/wp-json\/wp\/v2\/media\/4984"}],"wp:attachment":[{"href":"https:\/\/algarve7.pt\/index.php\/wp-json\/wp\/v2\/media?parent=4983"}],"wp:term":[{"taxonomy":"category","embeddable":true,"href":"https:\/\/algarve7.pt\/index.php\/wp-json\/wp\/v2\/categories?post=4983"},{"taxonomy":"post_tag","embeddable":true,"href":"https:\/\/algarve7.pt\/index.php\/wp-json\/wp\/v2\/tags?post=4983"}],"curies":[{"name":"wp","href":"https:\/\/api.w.org\/{rel}","templated":true}]}}