{"id":49816,"date":"2025-04-27T12:45:00","date_gmt":"2025-04-27T11:45:00","guid":{"rendered":"https:\/\/algarve7.pt\/?p=49816"},"modified":"2025-04-26T12:12:45","modified_gmt":"2025-04-26T11:12:45","slug":"tradicao-dos-maios-regressa-ao-concelho-de-vila-real-de-santo-antonio","status":"publish","type":"post","link":"https:\/\/algarve7.pt\/index.php\/2025\/04\/tradicao-dos-maios-regressa-ao-concelho-de-vila-real-de-santo-antonio\/cultura\/12\/45\/","title":{"rendered":"Tradi\u00e7\u00e3o dos Maios regressa ao concelho de Vila Real de Santo Ant\u00f3nio"},"content":{"rendered":"\n<p><strong>A tradi\u00e7\u00e3o dos Maios<\/strong>&nbsp;est\u00e1 de regresso \u00e0 freguesia de Vila Nova de Cacela, concelho de Vila Real de Santo Ant\u00f3nio, com exposi\u00e7\u00f5es festivas na aldeia de Santa Rita e na Manta Rota, j\u00e1 a partir de 1 de maio, feriado do Dia do Trabalhador.<\/p>\n\n\n\n<p><strong>Em Santa Rita,<\/strong>&nbsp;os bonecos tradicionais \u2013 que assinalam o fim do Inverno e a chegada da Primavera \u2013 v\u00e3o poder ser apreciados nas ruas da aldeia durante os dias 1 e 2 de maio. A iniciativa \u00e9 promovida pela C\u00e2mara Municipal de Vila Real de Santo Ant\u00f3nio, atrav\u00e9s do Centro de Investiga\u00e7\u00e3o e Informa\u00e7\u00e3o do Patrim\u00f3nio de Cacela (CIIPC), em estreita colabora\u00e7\u00e3o com a popula\u00e7\u00e3o local.<\/p>\n\n\n\n<p>Al\u00e9m da exposi\u00e7\u00e3o de Maios, e por iniciativa da Associa\u00e7\u00e3o Santa Rita \u2013 A Nossa Aldeia, a aldeia contar\u00e1 com uma&nbsp;<strong>feirinha de produtos regionais<\/strong>, das 10h00 \u00e0s 18h00, e com uma&nbsp;<strong>marcha-passeio de 7 km<\/strong>, com partida \u00e0s 9h00 da Capela. A inscri\u00e7\u00e3o \u00e9 feita no local e o convite \u00e9 extens\u00edvel a toda a fam\u00edlia e amigos.<\/p>\n\n\n\n<p>Na Manta Rota, a criatividade volta a ocupar o espa\u00e7o p\u00fablico com&nbsp;<strong>os &#8220;Maios da Manta Rota&#8221;<\/strong>, numa exposi\u00e7\u00e3o que se estende entre a zona pedonal da Estrada Dr. Lu\u00eds Medeiros Antunes e o antigo casino\/posto de turismo, incluindo tamb\u00e9m a \u00e1rea junto ao balne\u00e1rio p\u00fablico. A mostra poder\u00e1 ser visitada de&nbsp;<strong>1 a 4 de maio<\/strong>&nbsp;e \u00e9 organizada pela Associa\u00e7\u00e3o \u00abA Manta\u00bb e por Maria C\u00e2ndida Justo, conhecida como \u00abCandinhas\u00bb.<\/p>\n\n\n\n<p>Os Maios, bonecos em tamanho real feitos com engenho e materiais simples, representam cenas do quotidiano e s\u00e3o muitas vezes acompanhados de quadras e ditos populares. Com ra\u00edzes em tradi\u00e7\u00f5es ligadas \u00e0 fertilidade da terra e \u00e0 renova\u00e7\u00e3o da natureza, estes personagens mant\u00eam viva uma heran\u00e7a cultural \u00fanica do Algarve.<\/p>\n\n\n\n<p>A iniciativa \u00e9 uma oportunidade para celebrar a cultura popular, o conv\u00edvio entre vizinhos e o esp\u00edrito comunit\u00e1rio que une gera\u00e7\u00f5es.<\/p>\n","protected":false},"excerpt":{"rendered":"<p>A tradi\u00e7\u00e3o dos Maios&nbsp;est\u00e1 de regresso \u00e0 freguesia de Vila Nova de Cacela, concelho de Vila Real de Santo Ant\u00f3nio,<\/p>\n","protected":false},"author":1,"featured_media":49817,"comment_status":"closed","ping_status":"closed","sticky":false,"template":"","format":"standard","meta":{"colormag_page_container_layout":"default_layout","colormag_page_sidebar_layout":"default_layout","_monsterinsights_skip_tracking":false,"_monsterinsights_sitenote_active":false,"_monsterinsights_sitenote_note":"","_monsterinsights_sitenote_category":0,"jetpack_post_was_ever_published":false,"_jetpack_newsletter_access":"","_jetpack_dont_email_post_to_subs":false,"_jetpack_newsletter_tier_id":0,"_jetpack_memberships_contains_paywalled_content":false,"_jetpack_memberships_contains_paid_content":false,"footnotes":"","jetpack_publicize_message":"","jetpack_publicize_feature_enabled":true,"jetpack_social_post_already_shared":true,"jetpack_social_options":{"image_generator_settings":{"template":"highway","default_image_id":0,"font":"","enabled":false},"version":2}},"categories":[14],"tags":[36,35,123],"class_list":["post-49816","post","type-post","status-publish","format-standard","has-post-thumbnail","hentry","category-cultura","tag-algarve","tag-cultura","tag-vila-real-de-sto-antonio"],"yoast_head":"<!-- This site is optimized with the Yoast SEO plugin v27.5 - https:\/\/yoast.com\/product\/yoast-seo-wordpress\/ -->\n<title>Tradi\u00e7\u00e3o dos Maios regressa ao concelho de Vila Real de Santo Ant\u00f3nio - Algarve 7<\/title>\n<meta name=\"description\" content=\"Tradi\u00e7\u00e3o dos Maios regressa ao concelho de Vila Real de Santo Ant\u00f3nio Cultura\" \/>\n<meta name=\"robots\" content=\"index, follow, max-snippet:-1, max-image-preview:large, max-video-preview:-1\" \/>\n<link rel=\"canonical\" href=\"https:\/\/algarve7.pt\/index.php\/2025\/04\/tradicao-dos-maios-regressa-ao-concelho-de-vila-real-de-santo-antonio\/cultura\/12\/45\/\" \/>\n<meta property=\"og:locale\" content=\"pt_PT\" \/>\n<meta property=\"og:type\" content=\"article\" \/>\n<meta property=\"og:title\" content=\"Tradi\u00e7\u00e3o dos Maios regressa ao concelho de Vila Real de Santo Ant\u00f3nio - Algarve 7\" \/>\n<meta property=\"og:description\" content=\"Tradi\u00e7\u00e3o dos Maios regressa ao concelho de Vila Real de Santo Ant\u00f3nio Cultura\" \/>\n<meta property=\"og:url\" content=\"https:\/\/algarve7.pt\/index.php\/2025\/04\/tradicao-dos-maios-regressa-ao-concelho-de-vila-real-de-santo-antonio\/cultura\/12\/45\/\" \/>\n<meta property=\"og:site_name\" content=\"Algarve 7\" \/>\n<meta property=\"article:publisher\" content=\"https:\/\/www.facebook.com\/algarve7\" \/>\n<meta property=\"article:author\" content=\"https:\/\/www.facebook.com\/algarve7\" \/>\n<meta property=\"article:published_time\" content=\"2025-04-27T11:45:00+00:00\" \/>\n<meta property=\"og:image\" content=\"https:\/\/algarve7.pt\/wp-content\/uploads\/2025\/04\/Tradicao-dos-Maios_VRSA-1.jpg\" \/>\n\t<meta property=\"og:image:width\" content=\"800\" \/>\n\t<meta property=\"og:image:height\" content=\"500\" \/>\n\t<meta property=\"og:image:type\" content=\"image\/jpeg\" \/>\n<meta name=\"author\" content=\"Algarve 7\" \/>\n<meta name=\"twitter:card\" content=\"summary_large_image\" \/>\n<meta name=\"twitter:creator\" content=\"@Algarvesete\" \/>\n<meta name=\"twitter:site\" content=\"@Algarvesete\" \/>\n<meta name=\"twitter:label1\" content=\"Escrito por\" \/>\n\t<meta name=\"twitter:data1\" content=\"Algarve 7\" \/>\n\t<meta name=\"twitter:label2\" content=\"Tempo estimado de leitura\" \/>\n\t<meta name=\"twitter:data2\" content=\"2 minutos\" \/>\n<script type=\"application\/ld+json\" class=\"yoast-schema-graph\">{\"@context\":\"https:\\\/\\\/schema.org\",\"@graph\":[{\"@type\":\"Article\",\"@id\":\"https:\\\/\\\/algarve7.pt\\\/index.php\\\/2025\\\/04\\\/tradicao-dos-maios-regressa-ao-concelho-de-vila-real-de-santo-antonio\\\/cultura\\\/12\\\/45\\\/#article\",\"isPartOf\":{\"@id\":\"https:\\\/\\\/algarve7.pt\\\/index.php\\\/2025\\\/04\\\/tradicao-dos-maios-regressa-ao-concelho-de-vila-real-de-santo-antonio\\\/cultura\\\/12\\\/45\\\/\"},\"author\":{\"name\":\"Algarve 7\",\"@id\":\"https:\\\/\\\/algarve7.pt\\\/#\\\/schema\\\/person\\\/23fa70681308e7b319a3204bcea45e0c\"},\"headline\":\"Tradi\u00e7\u00e3o dos Maios regressa ao concelho de Vila Real de Santo Ant\u00f3nio\",\"datePublished\":\"2025-04-27T11:45:00+00:00\",\"mainEntityOfPage\":{\"@id\":\"https:\\\/\\\/algarve7.pt\\\/index.php\\\/2025\\\/04\\\/tradicao-dos-maios-regressa-ao-concelho-de-vila-real-de-santo-antonio\\\/cultura\\\/12\\\/45\\\/\"},\"wordCount\":356,\"publisher\":{\"@id\":\"https:\\\/\\\/algarve7.pt\\\/#organization\"},\"image\":{\"@id\":\"https:\\\/\\\/algarve7.pt\\\/index.php\\\/2025\\\/04\\\/tradicao-dos-maios-regressa-ao-concelho-de-vila-real-de-santo-antonio\\\/cultura\\\/12\\\/45\\\/#primaryimage\"},\"thumbnailUrl\":\"https:\\\/\\\/algarve7.pt\\\/wp-content\\\/uploads\\\/2025\\\/04\\\/Tradicao-dos-Maios_VRSA-1.jpg\",\"keywords\":[\"Algarve\",\"Cultura\",\"Vila Real de St\u00ba Ant\u00f3nio\"],\"articleSection\":[\"Cultura\"],\"inLanguage\":\"pt-PT\"},{\"@type\":\"WebPage\",\"@id\":\"https:\\\/\\\/algarve7.pt\\\/index.php\\\/2025\\\/04\\\/tradicao-dos-maios-regressa-ao-concelho-de-vila-real-de-santo-antonio\\\/cultura\\\/12\\\/45\\\/\",\"url\":\"https:\\\/\\\/algarve7.pt\\\/index.php\\\/2025\\\/04\\\/tradicao-dos-maios-regressa-ao-concelho-de-vila-real-de-santo-antonio\\\/cultura\\\/12\\\/45\\\/\",\"name\":\"Tradi\u00e7\u00e3o dos Maios regressa ao concelho de Vila Real de Santo Ant\u00f3nio - Algarve 7\",\"isPartOf\":{\"@id\":\"https:\\\/\\\/algarve7.pt\\\/#website\"},\"primaryImageOfPage\":{\"@id\":\"https:\\\/\\\/algarve7.pt\\\/index.php\\\/2025\\\/04\\\/tradicao-dos-maios-regressa-ao-concelho-de-vila-real-de-santo-antonio\\\/cultura\\\/12\\\/45\\\/#primaryimage\"},\"image\":{\"@id\":\"https:\\\/\\\/algarve7.pt\\\/index.php\\\/2025\\\/04\\\/tradicao-dos-maios-regressa-ao-concelho-de-vila-real-de-santo-antonio\\\/cultura\\\/12\\\/45\\\/#primaryimage\"},\"thumbnailUrl\":\"https:\\\/\\\/algarve7.pt\\\/wp-content\\\/uploads\\\/2025\\\/04\\\/Tradicao-dos-Maios_VRSA-1.jpg\",\"datePublished\":\"2025-04-27T11:45:00+00:00\",\"description\":\"Tradi\u00e7\u00e3o dos Maios regressa ao concelho de Vila Real de Santo Ant\u00f3nio Cultura\",\"breadcrumb\":{\"@id\":\"https:\\\/\\\/algarve7.pt\\\/index.php\\\/2025\\\/04\\\/tradicao-dos-maios-regressa-ao-concelho-de-vila-real-de-santo-antonio\\\/cultura\\\/12\\\/45\\\/#breadcrumb\"},\"inLanguage\":\"pt-PT\",\"potentialAction\":[{\"@type\":\"ReadAction\",\"target\":[\"https:\\\/\\\/algarve7.pt\\\/index.php\\\/2025\\\/04\\\/tradicao-dos-maios-regressa-ao-concelho-de-vila-real-de-santo-antonio\\\/cultura\\\/12\\\/45\\\/\"]}]},{\"@type\":\"ImageObject\",\"inLanguage\":\"pt-PT\",\"@id\":\"https:\\\/\\\/algarve7.pt\\\/index.php\\\/2025\\\/04\\\/tradicao-dos-maios-regressa-ao-concelho-de-vila-real-de-santo-antonio\\\/cultura\\\/12\\\/45\\\/#primaryimage\",\"url\":\"https:\\\/\\\/algarve7.pt\\\/wp-content\\\/uploads\\\/2025\\\/04\\\/Tradicao-dos-Maios_VRSA-1.jpg\",\"contentUrl\":\"https:\\\/\\\/algarve7.pt\\\/wp-content\\\/uploads\\\/2025\\\/04\\\/Tradicao-dos-Maios_VRSA-1.jpg\",\"width\":800,\"height\":500},{\"@type\":\"BreadcrumbList\",\"@id\":\"https:\\\/\\\/algarve7.pt\\\/index.php\\\/2025\\\/04\\\/tradicao-dos-maios-regressa-ao-concelho-de-vila-real-de-santo-antonio\\\/cultura\\\/12\\\/45\\\/#breadcrumb\",\"itemListElement\":[{\"@type\":\"ListItem\",\"position\":1,\"name\":\"In\u00edcio\",\"item\":\"https:\\\/\\\/algarve7.pt\\\/\"},{\"@type\":\"ListItem\",\"position\":2,\"name\":\"Tradi\u00e7\u00e3o dos Maios regressa ao concelho de Vila Real de Santo Ant\u00f3nio\"}]},{\"@type\":\"WebSite\",\"@id\":\"https:\\\/\\\/algarve7.pt\\\/#website\",\"url\":\"https:\\\/\\\/algarve7.pt\\\/\",\"name\":\"Algarve 7\",\"description\":\"Informa\u00e7\u00e3o sobre o Algarve\",\"publisher\":{\"@id\":\"https:\\\/\\\/algarve7.pt\\\/#organization\"},\"potentialAction\":[{\"@type\":\"SearchAction\",\"target\":{\"@type\":\"EntryPoint\",\"urlTemplate\":\"https:\\\/\\\/algarve7.pt\\\/?s={search_term_string}\"},\"query-input\":{\"@type\":\"PropertyValueSpecification\",\"valueRequired\":true,\"valueName\":\"search_term_string\"}}],\"inLanguage\":\"pt-PT\"},{\"@type\":\"Organization\",\"@id\":\"https:\\\/\\\/algarve7.pt\\\/#organization\",\"name\":\"Algarve 7\",\"url\":\"https:\\\/\\\/algarve7.pt\\\/\",\"logo\":{\"@type\":\"ImageObject\",\"inLanguage\":\"pt-PT\",\"@id\":\"https:\\\/\\\/algarve7.pt\\\/#\\\/schema\\\/logo\\\/image\\\/\",\"url\":\"https:\\\/\\\/algarve7.pt\\\/wp-content\\\/uploads\\\/2020\\\/10\\\/Logo-8.jpg\",\"contentUrl\":\"https:\\\/\\\/algarve7.pt\\\/wp-content\\\/uploads\\\/2020\\\/10\\\/Logo-8.jpg\",\"width\":1680,\"height\":1186,\"caption\":\"Algarve 7\"},\"image\":{\"@id\":\"https:\\\/\\\/algarve7.pt\\\/#\\\/schema\\\/logo\\\/image\\\/\"},\"sameAs\":[\"https:\\\/\\\/www.facebook.com\\\/algarve7\",\"https:\\\/\\\/x.com\\\/Algarvesete\",\"https:\\\/\\\/www.instagram.com\\\/jornalalgarve7\\\/\",\"https:\\\/\\\/www.linkedin.com\\\/company\\\/algarve7\",\"https:\\\/\\\/www.pinterest.pt\\\/geral0939\\\/_created\\\/\"]},{\"@type\":\"Person\",\"@id\":\"https:\\\/\\\/algarve7.pt\\\/#\\\/schema\\\/person\\\/23fa70681308e7b319a3204bcea45e0c\",\"name\":\"Algarve 7\",\"sameAs\":[\"https:\\\/\\\/algarve7.pt\",\"https:\\\/\\\/www.facebook.com\\\/algarve7\"],\"url\":\"https:\\\/\\\/algarve7.pt\\\/index.php\\\/author\\\/geralalgarve7-pt\\\/\"}]}<\/script>\n<!-- \/ Yoast SEO plugin. -->","yoast_head_json":{"title":"Tradi\u00e7\u00e3o dos Maios regressa ao concelho de Vila Real de Santo Ant\u00f3nio - Algarve 7","description":"Tradi\u00e7\u00e3o dos Maios regressa ao concelho de Vila Real de Santo Ant\u00f3nio Cultura","robots":{"index":"index","follow":"follow","max-snippet":"max-snippet:-1","max-image-preview":"max-image-preview:large","max-video-preview":"max-video-preview:-1"},"canonical":"https:\/\/algarve7.pt\/index.php\/2025\/04\/tradicao-dos-maios-regressa-ao-concelho-de-vila-real-de-santo-antonio\/cultura\/12\/45\/","og_locale":"pt_PT","og_type":"article","og_title":"Tradi\u00e7\u00e3o dos Maios regressa ao concelho de Vila Real de Santo Ant\u00f3nio - Algarve 7","og_description":"Tradi\u00e7\u00e3o dos Maios regressa ao concelho de Vila Real de Santo Ant\u00f3nio Cultura","og_url":"https:\/\/algarve7.pt\/index.php\/2025\/04\/tradicao-dos-maios-regressa-ao-concelho-de-vila-real-de-santo-antonio\/cultura\/12\/45\/","og_site_name":"Algarve 7","article_publisher":"https:\/\/www.facebook.com\/algarve7","article_author":"https:\/\/www.facebook.com\/algarve7","article_published_time":"2025-04-27T11:45:00+00:00","og_image":[{"width":800,"height":500,"url":"https:\/\/algarve7.pt\/wp-content\/uploads\/2025\/04\/Tradicao-dos-Maios_VRSA-1.jpg","type":"image\/jpeg"}],"author":"Algarve 7","twitter_card":"summary_large_image","twitter_creator":"@Algarvesete","twitter_site":"@Algarvesete","twitter_misc":{"Escrito por":"Algarve 7","Tempo estimado de leitura":"2 minutos"},"schema":{"@context":"https:\/\/schema.org","@graph":[{"@type":"Article","@id":"https:\/\/algarve7.pt\/index.php\/2025\/04\/tradicao-dos-maios-regressa-ao-concelho-de-vila-real-de-santo-antonio\/cultura\/12\/45\/#article","isPartOf":{"@id":"https:\/\/algarve7.pt\/index.php\/2025\/04\/tradicao-dos-maios-regressa-ao-concelho-de-vila-real-de-santo-antonio\/cultura\/12\/45\/"},"author":{"name":"Algarve 7","@id":"https:\/\/algarve7.pt\/#\/schema\/person\/23fa70681308e7b319a3204bcea45e0c"},"headline":"Tradi\u00e7\u00e3o dos Maios regressa ao concelho de Vila Real de Santo Ant\u00f3nio","datePublished":"2025-04-27T11:45:00+00:00","mainEntityOfPage":{"@id":"https:\/\/algarve7.pt\/index.php\/2025\/04\/tradicao-dos-maios-regressa-ao-concelho-de-vila-real-de-santo-antonio\/cultura\/12\/45\/"},"wordCount":356,"publisher":{"@id":"https:\/\/algarve7.pt\/#organization"},"image":{"@id":"https:\/\/algarve7.pt\/index.php\/2025\/04\/tradicao-dos-maios-regressa-ao-concelho-de-vila-real-de-santo-antonio\/cultura\/12\/45\/#primaryimage"},"thumbnailUrl":"https:\/\/algarve7.pt\/wp-content\/uploads\/2025\/04\/Tradicao-dos-Maios_VRSA-1.jpg","keywords":["Algarve","Cultura","Vila Real de St\u00ba Ant\u00f3nio"],"articleSection":["Cultura"],"inLanguage":"pt-PT"},{"@type":"WebPage","@id":"https:\/\/algarve7.pt\/index.php\/2025\/04\/tradicao-dos-maios-regressa-ao-concelho-de-vila-real-de-santo-antonio\/cultura\/12\/45\/","url":"https:\/\/algarve7.pt\/index.php\/2025\/04\/tradicao-dos-maios-regressa-ao-concelho-de-vila-real-de-santo-antonio\/cultura\/12\/45\/","name":"Tradi\u00e7\u00e3o dos Maios regressa ao concelho de Vila Real de Santo Ant\u00f3nio - Algarve 7","isPartOf":{"@id":"https:\/\/algarve7.pt\/#website"},"primaryImageOfPage":{"@id":"https:\/\/algarve7.pt\/index.php\/2025\/04\/tradicao-dos-maios-regressa-ao-concelho-de-vila-real-de-santo-antonio\/cultura\/12\/45\/#primaryimage"},"image":{"@id":"https:\/\/algarve7.pt\/index.php\/2025\/04\/tradicao-dos-maios-regressa-ao-concelho-de-vila-real-de-santo-antonio\/cultura\/12\/45\/#primaryimage"},"thumbnailUrl":"https:\/\/algarve7.pt\/wp-content\/uploads\/2025\/04\/Tradicao-dos-Maios_VRSA-1.jpg","datePublished":"2025-04-27T11:45:00+00:00","description":"Tradi\u00e7\u00e3o dos Maios regressa ao concelho de Vila Real de Santo Ant\u00f3nio Cultura","breadcrumb":{"@id":"https:\/\/algarve7.pt\/index.php\/2025\/04\/tradicao-dos-maios-regressa-ao-concelho-de-vila-real-de-santo-antonio\/cultura\/12\/45\/#breadcrumb"},"inLanguage":"pt-PT","potentialAction":[{"@type":"ReadAction","target":["https:\/\/algarve7.pt\/index.php\/2025\/04\/tradicao-dos-maios-regressa-ao-concelho-de-vila-real-de-santo-antonio\/cultura\/12\/45\/"]}]},{"@type":"ImageObject","inLanguage":"pt-PT","@id":"https:\/\/algarve7.pt\/index.php\/2025\/04\/tradicao-dos-maios-regressa-ao-concelho-de-vila-real-de-santo-antonio\/cultura\/12\/45\/#primaryimage","url":"https:\/\/algarve7.pt\/wp-content\/uploads\/2025\/04\/Tradicao-dos-Maios_VRSA-1.jpg","contentUrl":"https:\/\/algarve7.pt\/wp-content\/uploads\/2025\/04\/Tradicao-dos-Maios_VRSA-1.jpg","width":800,"height":500},{"@type":"BreadcrumbList","@id":"https:\/\/algarve7.pt\/index.php\/2025\/04\/tradicao-dos-maios-regressa-ao-concelho-de-vila-real-de-santo-antonio\/cultura\/12\/45\/#breadcrumb","itemListElement":[{"@type":"ListItem","position":1,"name":"In\u00edcio","item":"https:\/\/algarve7.pt\/"},{"@type":"ListItem","position":2,"name":"Tradi\u00e7\u00e3o dos Maios regressa ao concelho de Vila Real de Santo Ant\u00f3nio"}]},{"@type":"WebSite","@id":"https:\/\/algarve7.pt\/#website","url":"https:\/\/algarve7.pt\/","name":"Algarve 7","description":"Informa\u00e7\u00e3o sobre o Algarve","publisher":{"@id":"https:\/\/algarve7.pt\/#organization"},"potentialAction":[{"@type":"SearchAction","target":{"@type":"EntryPoint","urlTemplate":"https:\/\/algarve7.pt\/?s={search_term_string}"},"query-input":{"@type":"PropertyValueSpecification","valueRequired":true,"valueName":"search_term_string"}}],"inLanguage":"pt-PT"},{"@type":"Organization","@id":"https:\/\/algarve7.pt\/#organization","name":"Algarve 7","url":"https:\/\/algarve7.pt\/","logo":{"@type":"ImageObject","inLanguage":"pt-PT","@id":"https:\/\/algarve7.pt\/#\/schema\/logo\/image\/","url":"https:\/\/algarve7.pt\/wp-content\/uploads\/2020\/10\/Logo-8.jpg","contentUrl":"https:\/\/algarve7.pt\/wp-content\/uploads\/2020\/10\/Logo-8.jpg","width":1680,"height":1186,"caption":"Algarve 7"},"image":{"@id":"https:\/\/algarve7.pt\/#\/schema\/logo\/image\/"},"sameAs":["https:\/\/www.facebook.com\/algarve7","https:\/\/x.com\/Algarvesete","https:\/\/www.instagram.com\/jornalalgarve7\/","https:\/\/www.linkedin.com\/company\/algarve7","https:\/\/www.pinterest.pt\/geral0939\/_created\/"]},{"@type":"Person","@id":"https:\/\/algarve7.pt\/#\/schema\/person\/23fa70681308e7b319a3204bcea45e0c","name":"Algarve 7","sameAs":["https:\/\/algarve7.pt","https:\/\/www.facebook.com\/algarve7"],"url":"https:\/\/algarve7.pt\/index.php\/author\/geralalgarve7-pt\/"}]}},"jetpack_publicize_connections":[],"jetpack_featured_media_url":"https:\/\/algarve7.pt\/wp-content\/uploads\/2025\/04\/Tradicao-dos-Maios_VRSA-1.jpg","jetpack_shortlink":"https:\/\/wp.me\/pcezmW-cXu","jetpack_sharing_enabled":true,"_links":{"self":[{"href":"https:\/\/algarve7.pt\/index.php\/wp-json\/wp\/v2\/posts\/49816","targetHints":{"allow":["GET"]}}],"collection":[{"href":"https:\/\/algarve7.pt\/index.php\/wp-json\/wp\/v2\/posts"}],"about":[{"href":"https:\/\/algarve7.pt\/index.php\/wp-json\/wp\/v2\/types\/post"}],"author":[{"embeddable":true,"href":"https:\/\/algarve7.pt\/index.php\/wp-json\/wp\/v2\/users\/1"}],"replies":[{"embeddable":true,"href":"https:\/\/algarve7.pt\/index.php\/wp-json\/wp\/v2\/comments?post=49816"}],"version-history":[{"count":0,"href":"https:\/\/algarve7.pt\/index.php\/wp-json\/wp\/v2\/posts\/49816\/revisions"}],"wp:featuredmedia":[{"embeddable":true,"href":"https:\/\/algarve7.pt\/index.php\/wp-json\/wp\/v2\/media\/49817"}],"wp:attachment":[{"href":"https:\/\/algarve7.pt\/index.php\/wp-json\/wp\/v2\/media?parent=49816"}],"wp:term":[{"taxonomy":"category","embeddable":true,"href":"https:\/\/algarve7.pt\/index.php\/wp-json\/wp\/v2\/categories?post=49816"},{"taxonomy":"post_tag","embeddable":true,"href":"https:\/\/algarve7.pt\/index.php\/wp-json\/wp\/v2\/tags?post=49816"}],"curies":[{"name":"wp","href":"https:\/\/api.w.org\/{rel}","templated":true}]}}