{"id":49771,"date":"2025-04-25T09:29:19","date_gmt":"2025-04-25T08:29:19","guid":{"rendered":"https:\/\/algarve7.pt\/?p=49771"},"modified":"2025-04-24T09:30:55","modified_gmt":"2025-04-24T08:30:55","slug":"25a-corrida-fotografica-de-portimao-regressa-as-origens-evocando-a-primeira-edicao-realizada-em-2001","status":"publish","type":"post","link":"https:\/\/algarve7.pt\/index.php\/2025\/04\/25a-corrida-fotografica-de-portimao-regressa-as-origens-evocando-a-primeira-edicao-realizada-em-2001\/atualidade\/09\/29\/","title":{"rendered":"25\u00aa Corrida Fotogr\u00e1fica de Portim\u00e3o regressa \u00e0s origens evocando a primeira edi\u00e7\u00e3o realizada em 2001"},"content":{"rendered":"\n<p>Numa edi\u00e7\u00e3o muito especial, a 25\u00aa Corrida Fotogr\u00e1fica de Portim\u00e3o, que se realiza este ano a 16 e 17 de maio, celebra e evoca o esp\u00edrito da estreia deste evento, que decorreu em 2001, com a reedi\u00e7\u00e3o de duas emblem\u00e1ticas modalidades de participa\u00e7\u00e3o dessa \u00e9poca.<\/p>\n\n\n\n<p>H\u00e1 24 anos, os 95 fot\u00f3grafos inscritos partiam das instala\u00e7\u00f5es da antiga f\u00e1brica de conservas \u201cFeu Hermanos\u201d, espa\u00e7o transformado e inaugurado em 2008 como Museu de Portim\u00e3o, para registar as imagens alusivas aos 24 temas escolhidos pela organiza\u00e7\u00e3o e, durante um per\u00edodo de 24 horas, entre as 20h00 de 23 de mar\u00e7o e as 20h00 do dia 24,&nbsp;percorriam o concelho para&nbsp;captar as fotos que submeteriam a concurso.&nbsp;<\/p>\n\n\n\n<p>A proposta deste ano \u00e9 repetir e recordar este modelo de participa\u00e7\u00e3o. Por isso, nesta emblem\u00e1tica e nost\u00e1lgica 25\u00aa Corrida Fotogr\u00e1fica, os participantes podem inscrever-se na \u201cModalidade de 24 horas\u201d, que se vai iniciar \u00e0s 20h00 de sexta-feira, 16 de maio, e vai terminar \u00e0s 20h00 do s\u00e1bado seguinte, dia 17 de maio, com a entrega das fotos alusivas aos 24 temas propostos.<\/p>\n\n\n\n<p>Em alternativa, os menos not\u00edvagos, mas madrugadores, podem participar na \u201cModalidade de 12 horas\u201d, que se vai iniciar \u00e0s 8h00 desse s\u00e1bado, 17 de maio, e vai encerrar \u00e0s 20h00 do mesmo dia, onde ser\u00e3o entregues as 12 fotos relativas aos 12 temas, em simult\u00e2neo com o t\u00e9rmino da \u201cModalidade de 24 horas\u201d.<\/p>\n\n\n\n<p>Um dos crit\u00e9rios&nbsp;impostos, em ambas as modalidades e com&nbsp;car\u00e1cter obrigat\u00f3rio, \u00e9 que todos os registos captados abranjam o espa\u00e7o geogr\u00e1fico do Munic\u00edpio, que inclui as freguesias de Portim\u00e3o, Alvor e Mexilhoeira Grande.<\/p>\n\n\n\n<p>No final, o j\u00fari escolher\u00e1 os melhores conjuntos de 24 e 12 imagens, atribuindo distin\u00e7\u00f5es aos tr\u00eas primeiros classificados em cada uma das categorias. Est\u00e3o previstos, desta forma, pr\u00e9mios na \u201cModalidade de 24 horas\u201d de 900 euros (1\u00ba pr\u00e9mio), 550 euros (2\u00ba pr\u00e9mio) e 350 euros (3\u00ba pr\u00e9mio). J\u00e1 para a \u201cModalidade de 12 horas\u201d ser\u00e3o entregues 600 euros (1\u00ba pr\u00e9mio), 350 euros (2\u00ba pr\u00e9mio) e 150 euros (3\u00ba pr\u00e9mio).<\/p>\n\n\n\n<p>Tal como nas edi\u00e7\u00f5es anteriores, as imagens vencedoras ser\u00e3o expostas, mais tarde, na habitual mostra coletiva da Corrida Fotogr\u00e1fica que, este ano, ser\u00e1 inaugurada a 13 de dezembro no Museu de Portim\u00e3o.<\/p>\n\n\n\n<p>As inscri\u00e7\u00f5es para a 25\u00aa Corrida Fotogr\u00e1fica, organizada sob a chancela do Museu de Portim\u00e3o, est\u00e3o abertas at\u00e9 dia 14 de maio. Os participantes podem inscrever-se numa das duas modalidades a concurso na rece\u00e7\u00e3o do Museu ou atrav\u00e9s do endere\u00e7o online\u00a0<a href=\"https:\/\/shorturl.at\/ojDsY\" target=\"_blank\" rel=\"noreferrer noopener\">https:\/\/shorturl.at\/ojDsY<\/a>, s\u00edtio onde pode ser consultado tamb\u00e9m o Regulamento e as regras de participa\u00e7\u00e3o.<\/p>\n\n\n\n<p>A organiza\u00e7\u00e3o disponibiliza mais informa\u00e7\u00f5es sobre este concurso atrav\u00e9s dos telefones 282 405 230 e 282 405 269 ou do email\u00a0<a href=\"mailto:corrida.fotografica@cm-portimao.pt\" target=\"_blank\" rel=\"noreferrer noopener\">corrida.fotografica@cm-portimao.pt<\/a><\/p>\n\n\n\n<p>Este evento est\u00e1 integrado no programa de celebra\u00e7\u00e3o do 17\u00ba Anivers\u00e1rio do Museu de Portim\u00e3o e tem como media partner o jornal online Sul Informa\u00e7\u00e3o. Conta ainda com o apoio do GAMP &#8211; Grupo de Amigos do Museu de Portim\u00e3o, do CLCC \u2013 Centro de L\u00ednguas, Cultura e Comunica\u00e7\u00e3o, da ANAFA &#8211; Associa\u00e7\u00e3o de Fot\u00f3grafos do Algarve e do Restinga.<\/p>\n","protected":false},"excerpt":{"rendered":"<p>Numa edi\u00e7\u00e3o muito especial, a 25\u00aa Corrida Fotogr\u00e1fica de Portim\u00e3o, que se realiza este ano a 16 e 17 de<\/p>\n","protected":false},"author":1,"featured_media":49772,"comment_status":"closed","ping_status":"closed","sticky":false,"template":"","format":"standard","meta":{"colormag_page_container_layout":"default_layout","colormag_page_sidebar_layout":"default_layout","_monsterinsights_skip_tracking":false,"_monsterinsights_sitenote_active":false,"_monsterinsights_sitenote_note":"","_monsterinsights_sitenote_category":0,"jetpack_post_was_ever_published":false,"_jetpack_newsletter_access":"","_jetpack_dont_email_post_to_subs":false,"_jetpack_newsletter_tier_id":0,"_jetpack_memberships_contains_paywalled_content":false,"_jetpack_memberships_contains_paid_content":false,"footnotes":"","jetpack_publicize_message":"","jetpack_publicize_feature_enabled":true,"jetpack_social_post_already_shared":true,"jetpack_social_options":{"image_generator_settings":{"template":"highway","default_image_id":0,"font":"","enabled":false},"version":2}},"categories":[11],"tags":[36,62,72],"class_list":["post-49771","post","type-post","status-publish","format-standard","has-post-thumbnail","hentry","category-atualidade","tag-algarve","tag-atualidade","tag-portimao"],"yoast_head":"<!-- This site is optimized with the Yoast SEO plugin v27.5 - https:\/\/yoast.com\/product\/yoast-seo-wordpress\/ -->\n<title>25\u00aa Corrida Fotogr\u00e1fica de Portim\u00e3o regressa \u00e0s origens evocando a primeira edi\u00e7\u00e3o realizada em 2001 - Algarve 7<\/title>\n<meta name=\"description\" content=\"25\u00aa Corrida Fotogr\u00e1fica de Portim\u00e3o regressa \u00e0s origens evocando a primeira edi\u00e7\u00e3o realizada em 2001 Atualidade\" \/>\n<meta name=\"robots\" content=\"index, follow, max-snippet:-1, max-image-preview:large, max-video-preview:-1\" \/>\n<link rel=\"canonical\" href=\"https:\/\/algarve7.pt\/index.php\/2025\/04\/25a-corrida-fotografica-de-portimao-regressa-as-origens-evocando-a-primeira-edicao-realizada-em-2001\/atualidade\/09\/29\/\" \/>\n<meta property=\"og:locale\" content=\"pt_PT\" \/>\n<meta property=\"og:type\" content=\"article\" \/>\n<meta property=\"og:title\" content=\"25\u00aa Corrida Fotogr\u00e1fica de Portim\u00e3o regressa \u00e0s origens evocando a primeira edi\u00e7\u00e3o realizada em 2001 - Algarve 7\" \/>\n<meta property=\"og:description\" content=\"25\u00aa Corrida Fotogr\u00e1fica de Portim\u00e3o regressa \u00e0s origens evocando a primeira edi\u00e7\u00e3o realizada em 2001 Atualidade\" \/>\n<meta property=\"og:url\" content=\"https:\/\/algarve7.pt\/index.php\/2025\/04\/25a-corrida-fotografica-de-portimao-regressa-as-origens-evocando-a-primeira-edicao-realizada-em-2001\/atualidade\/09\/29\/\" \/>\n<meta property=\"og:site_name\" content=\"Algarve 7\" \/>\n<meta property=\"article:publisher\" content=\"https:\/\/www.facebook.com\/algarve7\" \/>\n<meta property=\"article:author\" content=\"https:\/\/www.facebook.com\/algarve7\" \/>\n<meta property=\"article:published_time\" content=\"2025-04-25T08:29:19+00:00\" \/>\n<meta property=\"og:image\" content=\"https:\/\/algarve7.pt\/wp-content\/uploads\/2025\/04\/Captura-de-ecra-2025-04-24-as-09.28.08.png\" \/>\n\t<meta property=\"og:image:width\" content=\"800\" \/>\n\t<meta property=\"og:image:height\" content=\"500\" \/>\n\t<meta property=\"og:image:type\" content=\"image\/png\" \/>\n<meta name=\"author\" content=\"Algarve 7\" \/>\n<meta name=\"twitter:card\" content=\"summary_large_image\" \/>\n<meta name=\"twitter:creator\" content=\"@Algarvesete\" \/>\n<meta name=\"twitter:site\" content=\"@Algarvesete\" \/>\n<meta name=\"twitter:label1\" content=\"Escrito por\" \/>\n\t<meta name=\"twitter:data1\" content=\"Algarve 7\" \/>\n\t<meta name=\"twitter:label2\" content=\"Tempo estimado de leitura\" \/>\n\t<meta name=\"twitter:data2\" content=\"3 minutos\" \/>\n<script type=\"application\/ld+json\" class=\"yoast-schema-graph\">{\"@context\":\"https:\\\/\\\/schema.org\",\"@graph\":[{\"@type\":\"Article\",\"@id\":\"https:\\\/\\\/algarve7.pt\\\/index.php\\\/2025\\\/04\\\/25a-corrida-fotografica-de-portimao-regressa-as-origens-evocando-a-primeira-edicao-realizada-em-2001\\\/atualidade\\\/09\\\/29\\\/#article\",\"isPartOf\":{\"@id\":\"https:\\\/\\\/algarve7.pt\\\/index.php\\\/2025\\\/04\\\/25a-corrida-fotografica-de-portimao-regressa-as-origens-evocando-a-primeira-edicao-realizada-em-2001\\\/atualidade\\\/09\\\/29\\\/\"},\"author\":{\"name\":\"Algarve 7\",\"@id\":\"https:\\\/\\\/algarve7.pt\\\/#\\\/schema\\\/person\\\/23fa70681308e7b319a3204bcea45e0c\"},\"headline\":\"25\u00aa Corrida Fotogr\u00e1fica de Portim\u00e3o regressa \u00e0s origens evocando a primeira edi\u00e7\u00e3o realizada em 2001\",\"datePublished\":\"2025-04-25T08:29:19+00:00\",\"mainEntityOfPage\":{\"@id\":\"https:\\\/\\\/algarve7.pt\\\/index.php\\\/2025\\\/04\\\/25a-corrida-fotografica-de-portimao-regressa-as-origens-evocando-a-primeira-edicao-realizada-em-2001\\\/atualidade\\\/09\\\/29\\\/\"},\"wordCount\":550,\"publisher\":{\"@id\":\"https:\\\/\\\/algarve7.pt\\\/#organization\"},\"image\":{\"@id\":\"https:\\\/\\\/algarve7.pt\\\/index.php\\\/2025\\\/04\\\/25a-corrida-fotografica-de-portimao-regressa-as-origens-evocando-a-primeira-edicao-realizada-em-2001\\\/atualidade\\\/09\\\/29\\\/#primaryimage\"},\"thumbnailUrl\":\"https:\\\/\\\/algarve7.pt\\\/wp-content\\\/uploads\\\/2025\\\/04\\\/Captura-de-ecra-2025-04-24-as-09.28.08.png\",\"keywords\":[\"Algarve\",\"Atualidade\",\"Portim\u00e3o\"],\"articleSection\":[\"Atualidade\"],\"inLanguage\":\"pt-PT\"},{\"@type\":\"WebPage\",\"@id\":\"https:\\\/\\\/algarve7.pt\\\/index.php\\\/2025\\\/04\\\/25a-corrida-fotografica-de-portimao-regressa-as-origens-evocando-a-primeira-edicao-realizada-em-2001\\\/atualidade\\\/09\\\/29\\\/\",\"url\":\"https:\\\/\\\/algarve7.pt\\\/index.php\\\/2025\\\/04\\\/25a-corrida-fotografica-de-portimao-regressa-as-origens-evocando-a-primeira-edicao-realizada-em-2001\\\/atualidade\\\/09\\\/29\\\/\",\"name\":\"25\u00aa Corrida Fotogr\u00e1fica de Portim\u00e3o regressa \u00e0s origens evocando a primeira edi\u00e7\u00e3o realizada em 2001 - Algarve 7\",\"isPartOf\":{\"@id\":\"https:\\\/\\\/algarve7.pt\\\/#website\"},\"primaryImageOfPage\":{\"@id\":\"https:\\\/\\\/algarve7.pt\\\/index.php\\\/2025\\\/04\\\/25a-corrida-fotografica-de-portimao-regressa-as-origens-evocando-a-primeira-edicao-realizada-em-2001\\\/atualidade\\\/09\\\/29\\\/#primaryimage\"},\"image\":{\"@id\":\"https:\\\/\\\/algarve7.pt\\\/index.php\\\/2025\\\/04\\\/25a-corrida-fotografica-de-portimao-regressa-as-origens-evocando-a-primeira-edicao-realizada-em-2001\\\/atualidade\\\/09\\\/29\\\/#primaryimage\"},\"thumbnailUrl\":\"https:\\\/\\\/algarve7.pt\\\/wp-content\\\/uploads\\\/2025\\\/04\\\/Captura-de-ecra-2025-04-24-as-09.28.08.png\",\"datePublished\":\"2025-04-25T08:29:19+00:00\",\"description\":\"25\u00aa Corrida Fotogr\u00e1fica de Portim\u00e3o regressa \u00e0s origens evocando a primeira edi\u00e7\u00e3o realizada em 2001 Atualidade\",\"breadcrumb\":{\"@id\":\"https:\\\/\\\/algarve7.pt\\\/index.php\\\/2025\\\/04\\\/25a-corrida-fotografica-de-portimao-regressa-as-origens-evocando-a-primeira-edicao-realizada-em-2001\\\/atualidade\\\/09\\\/29\\\/#breadcrumb\"},\"inLanguage\":\"pt-PT\",\"potentialAction\":[{\"@type\":\"ReadAction\",\"target\":[\"https:\\\/\\\/algarve7.pt\\\/index.php\\\/2025\\\/04\\\/25a-corrida-fotografica-de-portimao-regressa-as-origens-evocando-a-primeira-edicao-realizada-em-2001\\\/atualidade\\\/09\\\/29\\\/\"]}]},{\"@type\":\"ImageObject\",\"inLanguage\":\"pt-PT\",\"@id\":\"https:\\\/\\\/algarve7.pt\\\/index.php\\\/2025\\\/04\\\/25a-corrida-fotografica-de-portimao-regressa-as-origens-evocando-a-primeira-edicao-realizada-em-2001\\\/atualidade\\\/09\\\/29\\\/#primaryimage\",\"url\":\"https:\\\/\\\/algarve7.pt\\\/wp-content\\\/uploads\\\/2025\\\/04\\\/Captura-de-ecra-2025-04-24-as-09.28.08.png\",\"contentUrl\":\"https:\\\/\\\/algarve7.pt\\\/wp-content\\\/uploads\\\/2025\\\/04\\\/Captura-de-ecra-2025-04-24-as-09.28.08.png\",\"width\":800,\"height\":500},{\"@type\":\"BreadcrumbList\",\"@id\":\"https:\\\/\\\/algarve7.pt\\\/index.php\\\/2025\\\/04\\\/25a-corrida-fotografica-de-portimao-regressa-as-origens-evocando-a-primeira-edicao-realizada-em-2001\\\/atualidade\\\/09\\\/29\\\/#breadcrumb\",\"itemListElement\":[{\"@type\":\"ListItem\",\"position\":1,\"name\":\"In\u00edcio\",\"item\":\"https:\\\/\\\/algarve7.pt\\\/\"},{\"@type\":\"ListItem\",\"position\":2,\"name\":\"25\u00aa Corrida Fotogr\u00e1fica de Portim\u00e3o regressa \u00e0s origens evocando a primeira edi\u00e7\u00e3o realizada em 2001\"}]},{\"@type\":\"WebSite\",\"@id\":\"https:\\\/\\\/algarve7.pt\\\/#website\",\"url\":\"https:\\\/\\\/algarve7.pt\\\/\",\"name\":\"Algarve 7\",\"description\":\"Informa\u00e7\u00e3o sobre o Algarve\",\"publisher\":{\"@id\":\"https:\\\/\\\/algarve7.pt\\\/#organization\"},\"potentialAction\":[{\"@type\":\"SearchAction\",\"target\":{\"@type\":\"EntryPoint\",\"urlTemplate\":\"https:\\\/\\\/algarve7.pt\\\/?s={search_term_string}\"},\"query-input\":{\"@type\":\"PropertyValueSpecification\",\"valueRequired\":true,\"valueName\":\"search_term_string\"}}],\"inLanguage\":\"pt-PT\"},{\"@type\":\"Organization\",\"@id\":\"https:\\\/\\\/algarve7.pt\\\/#organization\",\"name\":\"Algarve 7\",\"url\":\"https:\\\/\\\/algarve7.pt\\\/\",\"logo\":{\"@type\":\"ImageObject\",\"inLanguage\":\"pt-PT\",\"@id\":\"https:\\\/\\\/algarve7.pt\\\/#\\\/schema\\\/logo\\\/image\\\/\",\"url\":\"https:\\\/\\\/algarve7.pt\\\/wp-content\\\/uploads\\\/2020\\\/10\\\/Logo-8.jpg\",\"contentUrl\":\"https:\\\/\\\/algarve7.pt\\\/wp-content\\\/uploads\\\/2020\\\/10\\\/Logo-8.jpg\",\"width\":1680,\"height\":1186,\"caption\":\"Algarve 7\"},\"image\":{\"@id\":\"https:\\\/\\\/algarve7.pt\\\/#\\\/schema\\\/logo\\\/image\\\/\"},\"sameAs\":[\"https:\\\/\\\/www.facebook.com\\\/algarve7\",\"https:\\\/\\\/x.com\\\/Algarvesete\",\"https:\\\/\\\/www.instagram.com\\\/jornalalgarve7\\\/\",\"https:\\\/\\\/www.linkedin.com\\\/company\\\/algarve7\",\"https:\\\/\\\/www.pinterest.pt\\\/geral0939\\\/_created\\\/\"]},{\"@type\":\"Person\",\"@id\":\"https:\\\/\\\/algarve7.pt\\\/#\\\/schema\\\/person\\\/23fa70681308e7b319a3204bcea45e0c\",\"name\":\"Algarve 7\",\"sameAs\":[\"https:\\\/\\\/algarve7.pt\",\"https:\\\/\\\/www.facebook.com\\\/algarve7\"],\"url\":\"https:\\\/\\\/algarve7.pt\\\/index.php\\\/author\\\/geralalgarve7-pt\\\/\"}]}<\/script>\n<!-- \/ Yoast SEO plugin. -->","yoast_head_json":{"title":"25\u00aa Corrida Fotogr\u00e1fica de Portim\u00e3o regressa \u00e0s origens evocando a primeira edi\u00e7\u00e3o realizada em 2001 - Algarve 7","description":"25\u00aa Corrida Fotogr\u00e1fica de Portim\u00e3o regressa \u00e0s origens evocando a primeira edi\u00e7\u00e3o realizada em 2001 Atualidade","robots":{"index":"index","follow":"follow","max-snippet":"max-snippet:-1","max-image-preview":"max-image-preview:large","max-video-preview":"max-video-preview:-1"},"canonical":"https:\/\/algarve7.pt\/index.php\/2025\/04\/25a-corrida-fotografica-de-portimao-regressa-as-origens-evocando-a-primeira-edicao-realizada-em-2001\/atualidade\/09\/29\/","og_locale":"pt_PT","og_type":"article","og_title":"25\u00aa Corrida Fotogr\u00e1fica de Portim\u00e3o regressa \u00e0s origens evocando a primeira edi\u00e7\u00e3o realizada em 2001 - Algarve 7","og_description":"25\u00aa Corrida Fotogr\u00e1fica de Portim\u00e3o regressa \u00e0s origens evocando a primeira edi\u00e7\u00e3o realizada em 2001 Atualidade","og_url":"https:\/\/algarve7.pt\/index.php\/2025\/04\/25a-corrida-fotografica-de-portimao-regressa-as-origens-evocando-a-primeira-edicao-realizada-em-2001\/atualidade\/09\/29\/","og_site_name":"Algarve 7","article_publisher":"https:\/\/www.facebook.com\/algarve7","article_author":"https:\/\/www.facebook.com\/algarve7","article_published_time":"2025-04-25T08:29:19+00:00","og_image":[{"width":800,"height":500,"url":"https:\/\/algarve7.pt\/wp-content\/uploads\/2025\/04\/Captura-de-ecra-2025-04-24-as-09.28.08.png","type":"image\/png"}],"author":"Algarve 7","twitter_card":"summary_large_image","twitter_creator":"@Algarvesete","twitter_site":"@Algarvesete","twitter_misc":{"Escrito por":"Algarve 7","Tempo estimado de leitura":"3 minutos"},"schema":{"@context":"https:\/\/schema.org","@graph":[{"@type":"Article","@id":"https:\/\/algarve7.pt\/index.php\/2025\/04\/25a-corrida-fotografica-de-portimao-regressa-as-origens-evocando-a-primeira-edicao-realizada-em-2001\/atualidade\/09\/29\/#article","isPartOf":{"@id":"https:\/\/algarve7.pt\/index.php\/2025\/04\/25a-corrida-fotografica-de-portimao-regressa-as-origens-evocando-a-primeira-edicao-realizada-em-2001\/atualidade\/09\/29\/"},"author":{"name":"Algarve 7","@id":"https:\/\/algarve7.pt\/#\/schema\/person\/23fa70681308e7b319a3204bcea45e0c"},"headline":"25\u00aa Corrida Fotogr\u00e1fica de Portim\u00e3o regressa \u00e0s origens evocando a primeira edi\u00e7\u00e3o realizada em 2001","datePublished":"2025-04-25T08:29:19+00:00","mainEntityOfPage":{"@id":"https:\/\/algarve7.pt\/index.php\/2025\/04\/25a-corrida-fotografica-de-portimao-regressa-as-origens-evocando-a-primeira-edicao-realizada-em-2001\/atualidade\/09\/29\/"},"wordCount":550,"publisher":{"@id":"https:\/\/algarve7.pt\/#organization"},"image":{"@id":"https:\/\/algarve7.pt\/index.php\/2025\/04\/25a-corrida-fotografica-de-portimao-regressa-as-origens-evocando-a-primeira-edicao-realizada-em-2001\/atualidade\/09\/29\/#primaryimage"},"thumbnailUrl":"https:\/\/algarve7.pt\/wp-content\/uploads\/2025\/04\/Captura-de-ecra-2025-04-24-as-09.28.08.png","keywords":["Algarve","Atualidade","Portim\u00e3o"],"articleSection":["Atualidade"],"inLanguage":"pt-PT"},{"@type":"WebPage","@id":"https:\/\/algarve7.pt\/index.php\/2025\/04\/25a-corrida-fotografica-de-portimao-regressa-as-origens-evocando-a-primeira-edicao-realizada-em-2001\/atualidade\/09\/29\/","url":"https:\/\/algarve7.pt\/index.php\/2025\/04\/25a-corrida-fotografica-de-portimao-regressa-as-origens-evocando-a-primeira-edicao-realizada-em-2001\/atualidade\/09\/29\/","name":"25\u00aa Corrida Fotogr\u00e1fica de Portim\u00e3o regressa \u00e0s origens evocando a primeira edi\u00e7\u00e3o realizada em 2001 - Algarve 7","isPartOf":{"@id":"https:\/\/algarve7.pt\/#website"},"primaryImageOfPage":{"@id":"https:\/\/algarve7.pt\/index.php\/2025\/04\/25a-corrida-fotografica-de-portimao-regressa-as-origens-evocando-a-primeira-edicao-realizada-em-2001\/atualidade\/09\/29\/#primaryimage"},"image":{"@id":"https:\/\/algarve7.pt\/index.php\/2025\/04\/25a-corrida-fotografica-de-portimao-regressa-as-origens-evocando-a-primeira-edicao-realizada-em-2001\/atualidade\/09\/29\/#primaryimage"},"thumbnailUrl":"https:\/\/algarve7.pt\/wp-content\/uploads\/2025\/04\/Captura-de-ecra-2025-04-24-as-09.28.08.png","datePublished":"2025-04-25T08:29:19+00:00","description":"25\u00aa Corrida Fotogr\u00e1fica de Portim\u00e3o regressa \u00e0s origens evocando a primeira edi\u00e7\u00e3o realizada em 2001 Atualidade","breadcrumb":{"@id":"https:\/\/algarve7.pt\/index.php\/2025\/04\/25a-corrida-fotografica-de-portimao-regressa-as-origens-evocando-a-primeira-edicao-realizada-em-2001\/atualidade\/09\/29\/#breadcrumb"},"inLanguage":"pt-PT","potentialAction":[{"@type":"ReadAction","target":["https:\/\/algarve7.pt\/index.php\/2025\/04\/25a-corrida-fotografica-de-portimao-regressa-as-origens-evocando-a-primeira-edicao-realizada-em-2001\/atualidade\/09\/29\/"]}]},{"@type":"ImageObject","inLanguage":"pt-PT","@id":"https:\/\/algarve7.pt\/index.php\/2025\/04\/25a-corrida-fotografica-de-portimao-regressa-as-origens-evocando-a-primeira-edicao-realizada-em-2001\/atualidade\/09\/29\/#primaryimage","url":"https:\/\/algarve7.pt\/wp-content\/uploads\/2025\/04\/Captura-de-ecra-2025-04-24-as-09.28.08.png","contentUrl":"https:\/\/algarve7.pt\/wp-content\/uploads\/2025\/04\/Captura-de-ecra-2025-04-24-as-09.28.08.png","width":800,"height":500},{"@type":"BreadcrumbList","@id":"https:\/\/algarve7.pt\/index.php\/2025\/04\/25a-corrida-fotografica-de-portimao-regressa-as-origens-evocando-a-primeira-edicao-realizada-em-2001\/atualidade\/09\/29\/#breadcrumb","itemListElement":[{"@type":"ListItem","position":1,"name":"In\u00edcio","item":"https:\/\/algarve7.pt\/"},{"@type":"ListItem","position":2,"name":"25\u00aa Corrida Fotogr\u00e1fica de Portim\u00e3o regressa \u00e0s origens evocando a primeira edi\u00e7\u00e3o realizada em 2001"}]},{"@type":"WebSite","@id":"https:\/\/algarve7.pt\/#website","url":"https:\/\/algarve7.pt\/","name":"Algarve 7","description":"Informa\u00e7\u00e3o sobre o Algarve","publisher":{"@id":"https:\/\/algarve7.pt\/#organization"},"potentialAction":[{"@type":"SearchAction","target":{"@type":"EntryPoint","urlTemplate":"https:\/\/algarve7.pt\/?s={search_term_string}"},"query-input":{"@type":"PropertyValueSpecification","valueRequired":true,"valueName":"search_term_string"}}],"inLanguage":"pt-PT"},{"@type":"Organization","@id":"https:\/\/algarve7.pt\/#organization","name":"Algarve 7","url":"https:\/\/algarve7.pt\/","logo":{"@type":"ImageObject","inLanguage":"pt-PT","@id":"https:\/\/algarve7.pt\/#\/schema\/logo\/image\/","url":"https:\/\/algarve7.pt\/wp-content\/uploads\/2020\/10\/Logo-8.jpg","contentUrl":"https:\/\/algarve7.pt\/wp-content\/uploads\/2020\/10\/Logo-8.jpg","width":1680,"height":1186,"caption":"Algarve 7"},"image":{"@id":"https:\/\/algarve7.pt\/#\/schema\/logo\/image\/"},"sameAs":["https:\/\/www.facebook.com\/algarve7","https:\/\/x.com\/Algarvesete","https:\/\/www.instagram.com\/jornalalgarve7\/","https:\/\/www.linkedin.com\/company\/algarve7","https:\/\/www.pinterest.pt\/geral0939\/_created\/"]},{"@type":"Person","@id":"https:\/\/algarve7.pt\/#\/schema\/person\/23fa70681308e7b319a3204bcea45e0c","name":"Algarve 7","sameAs":["https:\/\/algarve7.pt","https:\/\/www.facebook.com\/algarve7"],"url":"https:\/\/algarve7.pt\/index.php\/author\/geralalgarve7-pt\/"}]}},"jetpack_publicize_connections":[],"jetpack_featured_media_url":"https:\/\/algarve7.pt\/wp-content\/uploads\/2025\/04\/Captura-de-ecra-2025-04-24-as-09.28.08.png","jetpack_shortlink":"https:\/\/wp.me\/pcezmW-cWL","jetpack_sharing_enabled":true,"_links":{"self":[{"href":"https:\/\/algarve7.pt\/index.php\/wp-json\/wp\/v2\/posts\/49771","targetHints":{"allow":["GET"]}}],"collection":[{"href":"https:\/\/algarve7.pt\/index.php\/wp-json\/wp\/v2\/posts"}],"about":[{"href":"https:\/\/algarve7.pt\/index.php\/wp-json\/wp\/v2\/types\/post"}],"author":[{"embeddable":true,"href":"https:\/\/algarve7.pt\/index.php\/wp-json\/wp\/v2\/users\/1"}],"replies":[{"embeddable":true,"href":"https:\/\/algarve7.pt\/index.php\/wp-json\/wp\/v2\/comments?post=49771"}],"version-history":[{"count":0,"href":"https:\/\/algarve7.pt\/index.php\/wp-json\/wp\/v2\/posts\/49771\/revisions"}],"wp:featuredmedia":[{"embeddable":true,"href":"https:\/\/algarve7.pt\/index.php\/wp-json\/wp\/v2\/media\/49772"}],"wp:attachment":[{"href":"https:\/\/algarve7.pt\/index.php\/wp-json\/wp\/v2\/media?parent=49771"}],"wp:term":[{"taxonomy":"category","embeddable":true,"href":"https:\/\/algarve7.pt\/index.php\/wp-json\/wp\/v2\/categories?post=49771"},{"taxonomy":"post_tag","embeddable":true,"href":"https:\/\/algarve7.pt\/index.php\/wp-json\/wp\/v2\/tags?post=49771"}],"curies":[{"name":"wp","href":"https:\/\/api.w.org\/{rel}","templated":true}]}}