{"id":49725,"date":"2025-04-23T09:45:00","date_gmt":"2025-04-23T08:45:00","guid":{"rendered":"https:\/\/algarve7.pt\/?p=49725"},"modified":"2025-04-22T20:13:25","modified_gmt":"2025-04-22T19:13:25","slug":"almoce-e-jante-connosco-no-dia-1-de-maio-em-paderne","status":"publish","type":"post","link":"https:\/\/algarve7.pt\/index.php\/2025\/04\/almoce-e-jante-connosco-no-dia-1-de-maio-em-paderne\/cultura\/09\/45\/","title":{"rendered":"\u201cAlmoce e jante connosco\u201d no dia 1 de maio em Paderne"},"content":{"rendered":"\n<p>O programa \u201cAlmoce e Jante Connosco\u201d tem in\u00edcio \u00e0s 09h30, com a Caminhada \u201cRota das Mouras Encantadas\u201d, um passeio pelas bonitas paisagens campestres do barrocal do concelho, acompanhado pelos Escuteiros do Agrupamento 1009 de Paderne, para come\u00e7ar o dia de forma saud\u00e1vel, em contacto com a natureza e com boa energia.<\/p>\n\n\n\n<p>Ap\u00f3s a caminhada, os participantes regressam ao centro de Paderne para retemperar for\u00e7as com um almo\u00e7o-conv\u00edvio no Largo Jo\u00e3o Campos. \u00c0s 12h30 est\u00e1 tudo a postos para uma grelhada mista em modo piquenique. H\u00e1 grelhadores, mesas e bancos \u00e0 disposi\u00e7\u00e3o dos participantes e algumas associa\u00e7\u00f5es locais ir\u00e3o marcar presen\u00e7a com barraquinhas de comes e bebes, oferta gastron\u00f3mica variada, bebidas frescas e carac\u00f3is, um petisco que n\u00e3o pode faltar \u00e0 mesa dos comensais no Dia do Trabalhador.<\/p>\n\n\n\n<p>A seguir \u00e0 refei\u00e7\u00e3o, por volta das 15h00, a Banda Filarm\u00f3nica de Paderne d\u00e1 um Concerto para \u201cabrir o apetite\u201d ao programa que se segue. \u00c0s 17h00 a anima\u00e7\u00e3o come\u00e7a com a m\u00fasica bem animada do cantor Eduardo Sant`Ana como Carimb\u00f3 Portugu\u00eas, Chope Chope, Mulher Portuguesa, entre outros \u00eaxitos conhecidos do artista. A partir das 18h00 Valter Cabrita sobe ao palco com m\u00fasica de Baile para dan\u00e7ar o resto do dia.<\/p>\n\n\n\n<p>As inscri\u00e7\u00f5es devem ser feitas at\u00e9 ao pr\u00f3ximo dia 28 de abril, para o endere\u00e7o eletr\u00f3nico da Junta de Freguesia de Paderne:\u00a0<a href=\"mailto:geral@freguesiadepaderne.pt\" target=\"_blank\" rel=\"noreferrer noopener\">geral@freguesiadepaderne.pt<\/a>\u00a0ou atrav\u00e9s do n\u00famero de telefone 289 367 168. A participa\u00e7\u00e3o tem um custo de 10,00\u20ac, devendo os participantes efetuar o pagamento de 50% do valor no momento da inscri\u00e7\u00e3o, atrav\u00e9s de transfer\u00eancia banc\u00e1ria pelo IBAN: PT50 0045 7010 4003 6790 1641 7.<\/p>\n\n\n\n<p>A iniciativa \u201cAlmoce e Jante Connosco\u201d nasceu em 2013, no \u201cH\u00e1 Festa na Aldeia\u201d, uma a\u00e7\u00e3o de desenvolvimento rural dinamizada pela ADRITEM \u2013 Associa\u00e7\u00e3o de Desenvolvimento Regional. Dado o seu potencial econ\u00f3mico e cultural foi replicado pelo programa \u201cAldeias de Portugal\u201d.&nbsp;<\/p>\n\n\n\n<p>Neste 1.\u00ba de maio, o programa \u00e9 organizado pela Junta de Freguesia de Paderne com o apoio do Munic\u00edpio de Albufeira, Associa\u00e7\u00e3o In Loco, Agrupamento de Escuteiros 1009 de Paderne e o programa Aldeias de Portugal.&nbsp;<\/p>\n\n\n\n<p>Refira-se que as receitas arrecadadas revertem a favor do Agrupamento de Escuteiros 1009 de Paderne.<\/p>\n","protected":false},"excerpt":{"rendered":"<p>O programa \u201cAlmoce e Jante Connosco\u201d tem in\u00edcio \u00e0s 09h30, com a Caminhada \u201cRota das Mouras Encantadas\u201d, um passeio pelas<\/p>\n","protected":false},"author":1,"featured_media":49726,"comment_status":"closed","ping_status":"closed","sticky":false,"template":"","format":"standard","meta":{"colormag_page_container_layout":"default_layout","colormag_page_sidebar_layout":"default_layout","_monsterinsights_skip_tracking":false,"_monsterinsights_sitenote_active":false,"_monsterinsights_sitenote_note":"","_monsterinsights_sitenote_category":0,"jetpack_post_was_ever_published":false,"_jetpack_newsletter_access":"","_jetpack_dont_email_post_to_subs":false,"_jetpack_newsletter_tier_id":0,"_jetpack_memberships_contains_paywalled_content":false,"_jetpack_memberships_contains_paid_content":false,"footnotes":"","jetpack_publicize_message":"","jetpack_publicize_feature_enabled":true,"jetpack_social_post_already_shared":true,"jetpack_social_options":{"image_generator_settings":{"template":"highway","default_image_id":0,"font":"","enabled":false},"version":2}},"categories":[14],"tags":[155,36,35,293],"class_list":["post-49725","post","type-post","status-publish","format-standard","has-post-thumbnail","hentry","category-cultura","tag-albufeira","tag-algarve","tag-cultura","tag-paderne"],"yoast_head":"<!-- This site is optimized with the Yoast SEO plugin v27.5 - https:\/\/yoast.com\/product\/yoast-seo-wordpress\/ -->\n<title>\u201cAlmoce e jante connosco\u201d no dia 1 de maio em Paderne - Algarve 7<\/title>\n<meta name=\"description\" content=\"\u201cAlmoce e jante connosco\u201d no dia 1 de maio em Paderne Cultura\" \/>\n<meta name=\"robots\" content=\"index, follow, max-snippet:-1, max-image-preview:large, max-video-preview:-1\" \/>\n<link rel=\"canonical\" href=\"https:\/\/algarve7.pt\/index.php\/2025\/04\/almoce-e-jante-connosco-no-dia-1-de-maio-em-paderne\/cultura\/09\/45\/\" \/>\n<meta property=\"og:locale\" content=\"pt_PT\" \/>\n<meta property=\"og:type\" content=\"article\" \/>\n<meta property=\"og:title\" content=\"\u201cAlmoce e jante connosco\u201d no dia 1 de maio em Paderne - Algarve 7\" \/>\n<meta property=\"og:description\" content=\"\u201cAlmoce e jante connosco\u201d no dia 1 de maio em Paderne Cultura\" \/>\n<meta property=\"og:url\" content=\"https:\/\/algarve7.pt\/index.php\/2025\/04\/almoce-e-jante-connosco-no-dia-1-de-maio-em-paderne\/cultura\/09\/45\/\" \/>\n<meta property=\"og:site_name\" content=\"Algarve 7\" \/>\n<meta property=\"article:publisher\" content=\"https:\/\/www.facebook.com\/algarve7\" \/>\n<meta property=\"article:author\" content=\"https:\/\/www.facebook.com\/algarve7\" \/>\n<meta property=\"article:published_time\" content=\"2025-04-23T08:45:00+00:00\" \/>\n<meta property=\"og:image\" content=\"https:\/\/algarve7.pt\/wp-content\/uploads\/2025\/04\/Captura-de-ecra-2025-04-22-as-20.10.22.png\" \/>\n\t<meta property=\"og:image:width\" content=\"800\" \/>\n\t<meta property=\"og:image:height\" content=\"500\" \/>\n\t<meta property=\"og:image:type\" content=\"image\/png\" \/>\n<meta name=\"author\" content=\"Algarve 7\" \/>\n<meta name=\"twitter:card\" content=\"summary_large_image\" \/>\n<meta name=\"twitter:creator\" content=\"@Algarvesete\" \/>\n<meta name=\"twitter:site\" content=\"@Algarvesete\" \/>\n<meta name=\"twitter:label1\" content=\"Escrito por\" \/>\n\t<meta name=\"twitter:data1\" content=\"Algarve 7\" \/>\n\t<meta name=\"twitter:label2\" content=\"Tempo estimado de leitura\" \/>\n\t<meta name=\"twitter:data2\" content=\"3 minutos\" \/>\n<script type=\"application\/ld+json\" class=\"yoast-schema-graph\">{\"@context\":\"https:\\\/\\\/schema.org\",\"@graph\":[{\"@type\":\"Article\",\"@id\":\"https:\\\/\\\/algarve7.pt\\\/index.php\\\/2025\\\/04\\\/almoce-e-jante-connosco-no-dia-1-de-maio-em-paderne\\\/cultura\\\/09\\\/45\\\/#article\",\"isPartOf\":{\"@id\":\"https:\\\/\\\/algarve7.pt\\\/index.php\\\/2025\\\/04\\\/almoce-e-jante-connosco-no-dia-1-de-maio-em-paderne\\\/cultura\\\/09\\\/45\\\/\"},\"author\":{\"name\":\"Algarve 7\",\"@id\":\"https:\\\/\\\/algarve7.pt\\\/#\\\/schema\\\/person\\\/23fa70681308e7b319a3204bcea45e0c\"},\"headline\":\"\u201cAlmoce e jante connosco\u201d no dia 1 de maio em Paderne\",\"datePublished\":\"2025-04-23T08:45:00+00:00\",\"mainEntityOfPage\":{\"@id\":\"https:\\\/\\\/algarve7.pt\\\/index.php\\\/2025\\\/04\\\/almoce-e-jante-connosco-no-dia-1-de-maio-em-paderne\\\/cultura\\\/09\\\/45\\\/\"},\"wordCount\":388,\"publisher\":{\"@id\":\"https:\\\/\\\/algarve7.pt\\\/#organization\"},\"image\":{\"@id\":\"https:\\\/\\\/algarve7.pt\\\/index.php\\\/2025\\\/04\\\/almoce-e-jante-connosco-no-dia-1-de-maio-em-paderne\\\/cultura\\\/09\\\/45\\\/#primaryimage\"},\"thumbnailUrl\":\"https:\\\/\\\/algarve7.pt\\\/wp-content\\\/uploads\\\/2025\\\/04\\\/Captura-de-ecra-2025-04-22-as-20.10.22.png\",\"keywords\":[\"Albufeira\",\"Algarve\",\"Cultura\",\"Paderne\"],\"articleSection\":[\"Cultura\"],\"inLanguage\":\"pt-PT\"},{\"@type\":\"WebPage\",\"@id\":\"https:\\\/\\\/algarve7.pt\\\/index.php\\\/2025\\\/04\\\/almoce-e-jante-connosco-no-dia-1-de-maio-em-paderne\\\/cultura\\\/09\\\/45\\\/\",\"url\":\"https:\\\/\\\/algarve7.pt\\\/index.php\\\/2025\\\/04\\\/almoce-e-jante-connosco-no-dia-1-de-maio-em-paderne\\\/cultura\\\/09\\\/45\\\/\",\"name\":\"\u201cAlmoce e jante connosco\u201d no dia 1 de maio em Paderne - Algarve 7\",\"isPartOf\":{\"@id\":\"https:\\\/\\\/algarve7.pt\\\/#website\"},\"primaryImageOfPage\":{\"@id\":\"https:\\\/\\\/algarve7.pt\\\/index.php\\\/2025\\\/04\\\/almoce-e-jante-connosco-no-dia-1-de-maio-em-paderne\\\/cultura\\\/09\\\/45\\\/#primaryimage\"},\"image\":{\"@id\":\"https:\\\/\\\/algarve7.pt\\\/index.php\\\/2025\\\/04\\\/almoce-e-jante-connosco-no-dia-1-de-maio-em-paderne\\\/cultura\\\/09\\\/45\\\/#primaryimage\"},\"thumbnailUrl\":\"https:\\\/\\\/algarve7.pt\\\/wp-content\\\/uploads\\\/2025\\\/04\\\/Captura-de-ecra-2025-04-22-as-20.10.22.png\",\"datePublished\":\"2025-04-23T08:45:00+00:00\",\"description\":\"\u201cAlmoce e jante connosco\u201d no dia 1 de maio em Paderne Cultura\",\"breadcrumb\":{\"@id\":\"https:\\\/\\\/algarve7.pt\\\/index.php\\\/2025\\\/04\\\/almoce-e-jante-connosco-no-dia-1-de-maio-em-paderne\\\/cultura\\\/09\\\/45\\\/#breadcrumb\"},\"inLanguage\":\"pt-PT\",\"potentialAction\":[{\"@type\":\"ReadAction\",\"target\":[\"https:\\\/\\\/algarve7.pt\\\/index.php\\\/2025\\\/04\\\/almoce-e-jante-connosco-no-dia-1-de-maio-em-paderne\\\/cultura\\\/09\\\/45\\\/\"]}]},{\"@type\":\"ImageObject\",\"inLanguage\":\"pt-PT\",\"@id\":\"https:\\\/\\\/algarve7.pt\\\/index.php\\\/2025\\\/04\\\/almoce-e-jante-connosco-no-dia-1-de-maio-em-paderne\\\/cultura\\\/09\\\/45\\\/#primaryimage\",\"url\":\"https:\\\/\\\/algarve7.pt\\\/wp-content\\\/uploads\\\/2025\\\/04\\\/Captura-de-ecra-2025-04-22-as-20.10.22.png\",\"contentUrl\":\"https:\\\/\\\/algarve7.pt\\\/wp-content\\\/uploads\\\/2025\\\/04\\\/Captura-de-ecra-2025-04-22-as-20.10.22.png\",\"width\":800,\"height\":500},{\"@type\":\"BreadcrumbList\",\"@id\":\"https:\\\/\\\/algarve7.pt\\\/index.php\\\/2025\\\/04\\\/almoce-e-jante-connosco-no-dia-1-de-maio-em-paderne\\\/cultura\\\/09\\\/45\\\/#breadcrumb\",\"itemListElement\":[{\"@type\":\"ListItem\",\"position\":1,\"name\":\"In\u00edcio\",\"item\":\"https:\\\/\\\/algarve7.pt\\\/\"},{\"@type\":\"ListItem\",\"position\":2,\"name\":\"\u201cAlmoce e jante connosco\u201d no dia 1 de maio em Paderne\"}]},{\"@type\":\"WebSite\",\"@id\":\"https:\\\/\\\/algarve7.pt\\\/#website\",\"url\":\"https:\\\/\\\/algarve7.pt\\\/\",\"name\":\"Algarve 7\",\"description\":\"Informa\u00e7\u00e3o sobre o Algarve\",\"publisher\":{\"@id\":\"https:\\\/\\\/algarve7.pt\\\/#organization\"},\"potentialAction\":[{\"@type\":\"SearchAction\",\"target\":{\"@type\":\"EntryPoint\",\"urlTemplate\":\"https:\\\/\\\/algarve7.pt\\\/?s={search_term_string}\"},\"query-input\":{\"@type\":\"PropertyValueSpecification\",\"valueRequired\":true,\"valueName\":\"search_term_string\"}}],\"inLanguage\":\"pt-PT\"},{\"@type\":\"Organization\",\"@id\":\"https:\\\/\\\/algarve7.pt\\\/#organization\",\"name\":\"Algarve 7\",\"url\":\"https:\\\/\\\/algarve7.pt\\\/\",\"logo\":{\"@type\":\"ImageObject\",\"inLanguage\":\"pt-PT\",\"@id\":\"https:\\\/\\\/algarve7.pt\\\/#\\\/schema\\\/logo\\\/image\\\/\",\"url\":\"https:\\\/\\\/algarve7.pt\\\/wp-content\\\/uploads\\\/2020\\\/10\\\/Logo-8.jpg\",\"contentUrl\":\"https:\\\/\\\/algarve7.pt\\\/wp-content\\\/uploads\\\/2020\\\/10\\\/Logo-8.jpg\",\"width\":1680,\"height\":1186,\"caption\":\"Algarve 7\"},\"image\":{\"@id\":\"https:\\\/\\\/algarve7.pt\\\/#\\\/schema\\\/logo\\\/image\\\/\"},\"sameAs\":[\"https:\\\/\\\/www.facebook.com\\\/algarve7\",\"https:\\\/\\\/x.com\\\/Algarvesete\",\"https:\\\/\\\/www.instagram.com\\\/jornalalgarve7\\\/\",\"https:\\\/\\\/www.linkedin.com\\\/company\\\/algarve7\",\"https:\\\/\\\/www.pinterest.pt\\\/geral0939\\\/_created\\\/\"]},{\"@type\":\"Person\",\"@id\":\"https:\\\/\\\/algarve7.pt\\\/#\\\/schema\\\/person\\\/23fa70681308e7b319a3204bcea45e0c\",\"name\":\"Algarve 7\",\"sameAs\":[\"https:\\\/\\\/algarve7.pt\",\"https:\\\/\\\/www.facebook.com\\\/algarve7\"],\"url\":\"https:\\\/\\\/algarve7.pt\\\/index.php\\\/author\\\/geralalgarve7-pt\\\/\"}]}<\/script>\n<!-- \/ Yoast SEO plugin. -->","yoast_head_json":{"title":"\u201cAlmoce e jante connosco\u201d no dia 1 de maio em Paderne - Algarve 7","description":"\u201cAlmoce e jante connosco\u201d no dia 1 de maio em Paderne Cultura","robots":{"index":"index","follow":"follow","max-snippet":"max-snippet:-1","max-image-preview":"max-image-preview:large","max-video-preview":"max-video-preview:-1"},"canonical":"https:\/\/algarve7.pt\/index.php\/2025\/04\/almoce-e-jante-connosco-no-dia-1-de-maio-em-paderne\/cultura\/09\/45\/","og_locale":"pt_PT","og_type":"article","og_title":"\u201cAlmoce e jante connosco\u201d no dia 1 de maio em Paderne - Algarve 7","og_description":"\u201cAlmoce e jante connosco\u201d no dia 1 de maio em Paderne Cultura","og_url":"https:\/\/algarve7.pt\/index.php\/2025\/04\/almoce-e-jante-connosco-no-dia-1-de-maio-em-paderne\/cultura\/09\/45\/","og_site_name":"Algarve 7","article_publisher":"https:\/\/www.facebook.com\/algarve7","article_author":"https:\/\/www.facebook.com\/algarve7","article_published_time":"2025-04-23T08:45:00+00:00","og_image":[{"width":800,"height":500,"url":"https:\/\/algarve7.pt\/wp-content\/uploads\/2025\/04\/Captura-de-ecra-2025-04-22-as-20.10.22.png","type":"image\/png"}],"author":"Algarve 7","twitter_card":"summary_large_image","twitter_creator":"@Algarvesete","twitter_site":"@Algarvesete","twitter_misc":{"Escrito por":"Algarve 7","Tempo estimado de leitura":"3 minutos"},"schema":{"@context":"https:\/\/schema.org","@graph":[{"@type":"Article","@id":"https:\/\/algarve7.pt\/index.php\/2025\/04\/almoce-e-jante-connosco-no-dia-1-de-maio-em-paderne\/cultura\/09\/45\/#article","isPartOf":{"@id":"https:\/\/algarve7.pt\/index.php\/2025\/04\/almoce-e-jante-connosco-no-dia-1-de-maio-em-paderne\/cultura\/09\/45\/"},"author":{"name":"Algarve 7","@id":"https:\/\/algarve7.pt\/#\/schema\/person\/23fa70681308e7b319a3204bcea45e0c"},"headline":"\u201cAlmoce e jante connosco\u201d no dia 1 de maio em Paderne","datePublished":"2025-04-23T08:45:00+00:00","mainEntityOfPage":{"@id":"https:\/\/algarve7.pt\/index.php\/2025\/04\/almoce-e-jante-connosco-no-dia-1-de-maio-em-paderne\/cultura\/09\/45\/"},"wordCount":388,"publisher":{"@id":"https:\/\/algarve7.pt\/#organization"},"image":{"@id":"https:\/\/algarve7.pt\/index.php\/2025\/04\/almoce-e-jante-connosco-no-dia-1-de-maio-em-paderne\/cultura\/09\/45\/#primaryimage"},"thumbnailUrl":"https:\/\/algarve7.pt\/wp-content\/uploads\/2025\/04\/Captura-de-ecra-2025-04-22-as-20.10.22.png","keywords":["Albufeira","Algarve","Cultura","Paderne"],"articleSection":["Cultura"],"inLanguage":"pt-PT"},{"@type":"WebPage","@id":"https:\/\/algarve7.pt\/index.php\/2025\/04\/almoce-e-jante-connosco-no-dia-1-de-maio-em-paderne\/cultura\/09\/45\/","url":"https:\/\/algarve7.pt\/index.php\/2025\/04\/almoce-e-jante-connosco-no-dia-1-de-maio-em-paderne\/cultura\/09\/45\/","name":"\u201cAlmoce e jante connosco\u201d no dia 1 de maio em Paderne - Algarve 7","isPartOf":{"@id":"https:\/\/algarve7.pt\/#website"},"primaryImageOfPage":{"@id":"https:\/\/algarve7.pt\/index.php\/2025\/04\/almoce-e-jante-connosco-no-dia-1-de-maio-em-paderne\/cultura\/09\/45\/#primaryimage"},"image":{"@id":"https:\/\/algarve7.pt\/index.php\/2025\/04\/almoce-e-jante-connosco-no-dia-1-de-maio-em-paderne\/cultura\/09\/45\/#primaryimage"},"thumbnailUrl":"https:\/\/algarve7.pt\/wp-content\/uploads\/2025\/04\/Captura-de-ecra-2025-04-22-as-20.10.22.png","datePublished":"2025-04-23T08:45:00+00:00","description":"\u201cAlmoce e jante connosco\u201d no dia 1 de maio em Paderne Cultura","breadcrumb":{"@id":"https:\/\/algarve7.pt\/index.php\/2025\/04\/almoce-e-jante-connosco-no-dia-1-de-maio-em-paderne\/cultura\/09\/45\/#breadcrumb"},"inLanguage":"pt-PT","potentialAction":[{"@type":"ReadAction","target":["https:\/\/algarve7.pt\/index.php\/2025\/04\/almoce-e-jante-connosco-no-dia-1-de-maio-em-paderne\/cultura\/09\/45\/"]}]},{"@type":"ImageObject","inLanguage":"pt-PT","@id":"https:\/\/algarve7.pt\/index.php\/2025\/04\/almoce-e-jante-connosco-no-dia-1-de-maio-em-paderne\/cultura\/09\/45\/#primaryimage","url":"https:\/\/algarve7.pt\/wp-content\/uploads\/2025\/04\/Captura-de-ecra-2025-04-22-as-20.10.22.png","contentUrl":"https:\/\/algarve7.pt\/wp-content\/uploads\/2025\/04\/Captura-de-ecra-2025-04-22-as-20.10.22.png","width":800,"height":500},{"@type":"BreadcrumbList","@id":"https:\/\/algarve7.pt\/index.php\/2025\/04\/almoce-e-jante-connosco-no-dia-1-de-maio-em-paderne\/cultura\/09\/45\/#breadcrumb","itemListElement":[{"@type":"ListItem","position":1,"name":"In\u00edcio","item":"https:\/\/algarve7.pt\/"},{"@type":"ListItem","position":2,"name":"\u201cAlmoce e jante connosco\u201d no dia 1 de maio em Paderne"}]},{"@type":"WebSite","@id":"https:\/\/algarve7.pt\/#website","url":"https:\/\/algarve7.pt\/","name":"Algarve 7","description":"Informa\u00e7\u00e3o sobre o Algarve","publisher":{"@id":"https:\/\/algarve7.pt\/#organization"},"potentialAction":[{"@type":"SearchAction","target":{"@type":"EntryPoint","urlTemplate":"https:\/\/algarve7.pt\/?s={search_term_string}"},"query-input":{"@type":"PropertyValueSpecification","valueRequired":true,"valueName":"search_term_string"}}],"inLanguage":"pt-PT"},{"@type":"Organization","@id":"https:\/\/algarve7.pt\/#organization","name":"Algarve 7","url":"https:\/\/algarve7.pt\/","logo":{"@type":"ImageObject","inLanguage":"pt-PT","@id":"https:\/\/algarve7.pt\/#\/schema\/logo\/image\/","url":"https:\/\/algarve7.pt\/wp-content\/uploads\/2020\/10\/Logo-8.jpg","contentUrl":"https:\/\/algarve7.pt\/wp-content\/uploads\/2020\/10\/Logo-8.jpg","width":1680,"height":1186,"caption":"Algarve 7"},"image":{"@id":"https:\/\/algarve7.pt\/#\/schema\/logo\/image\/"},"sameAs":["https:\/\/www.facebook.com\/algarve7","https:\/\/x.com\/Algarvesete","https:\/\/www.instagram.com\/jornalalgarve7\/","https:\/\/www.linkedin.com\/company\/algarve7","https:\/\/www.pinterest.pt\/geral0939\/_created\/"]},{"@type":"Person","@id":"https:\/\/algarve7.pt\/#\/schema\/person\/23fa70681308e7b319a3204bcea45e0c","name":"Algarve 7","sameAs":["https:\/\/algarve7.pt","https:\/\/www.facebook.com\/algarve7"],"url":"https:\/\/algarve7.pt\/index.php\/author\/geralalgarve7-pt\/"}]}},"jetpack_publicize_connections":[],"jetpack_featured_media_url":"https:\/\/algarve7.pt\/wp-content\/uploads\/2025\/04\/Captura-de-ecra-2025-04-22-as-20.10.22.png","jetpack_shortlink":"https:\/\/wp.me\/pcezmW-cW1","jetpack_sharing_enabled":true,"_links":{"self":[{"href":"https:\/\/algarve7.pt\/index.php\/wp-json\/wp\/v2\/posts\/49725","targetHints":{"allow":["GET"]}}],"collection":[{"href":"https:\/\/algarve7.pt\/index.php\/wp-json\/wp\/v2\/posts"}],"about":[{"href":"https:\/\/algarve7.pt\/index.php\/wp-json\/wp\/v2\/types\/post"}],"author":[{"embeddable":true,"href":"https:\/\/algarve7.pt\/index.php\/wp-json\/wp\/v2\/users\/1"}],"replies":[{"embeddable":true,"href":"https:\/\/algarve7.pt\/index.php\/wp-json\/wp\/v2\/comments?post=49725"}],"version-history":[{"count":0,"href":"https:\/\/algarve7.pt\/index.php\/wp-json\/wp\/v2\/posts\/49725\/revisions"}],"wp:featuredmedia":[{"embeddable":true,"href":"https:\/\/algarve7.pt\/index.php\/wp-json\/wp\/v2\/media\/49726"}],"wp:attachment":[{"href":"https:\/\/algarve7.pt\/index.php\/wp-json\/wp\/v2\/media?parent=49725"}],"wp:term":[{"taxonomy":"category","embeddable":true,"href":"https:\/\/algarve7.pt\/index.php\/wp-json\/wp\/v2\/categories?post=49725"},{"taxonomy":"post_tag","embeddable":true,"href":"https:\/\/algarve7.pt\/index.php\/wp-json\/wp\/v2\/tags?post=49725"}],"curies":[{"name":"wp","href":"https:\/\/api.w.org\/{rel}","templated":true}]}}