{"id":49722,"date":"2025-04-23T09:20:00","date_gmt":"2025-04-23T08:20:00","guid":{"rendered":"https:\/\/algarve7.pt\/?p=49722"},"modified":"2025-04-22T20:07:42","modified_gmt":"2025-04-22T19:07:42","slug":"lagos-celebra-os-51-anos-do-25-de-abril-com-cerimonia-evocativa-e-programa-cultural-diversificado","status":"publish","type":"post","link":"https:\/\/algarve7.pt\/index.php\/2025\/04\/lagos-celebra-os-51-anos-do-25-de-abril-com-cerimonia-evocativa-e-programa-cultural-diversificado\/cultura\/09\/20\/","title":{"rendered":"Lagos celebra os 51 anos do 25 de Abril com cerim\u00f3nia evocativa e programa cultural diversificado"},"content":{"rendered":"\n<p>No pr\u00f3ximo dia 25 de Abril, a cidade de Lagos volta a homenagear a Revolu\u00e7\u00e3o dos Cravos, assinalando o 51.\u00ba anivers\u00e1rio de um dos momentos mais emblem\u00e1ticos da hist\u00f3ria de Portugal \u2014 a conquista da liberdade e da democracia.<\/p>\n\n\n\n<p>As comemora\u00e7\u00f5es, organizadas pela C\u00e2mara Municipal de Lagos, em colabora\u00e7\u00e3o com a Assembleia Municipal e a Assembleia da Juventude, ter\u00e3o lugar na Pra\u00e7a Gil Eanes, com in\u00edcio marcado para as 9h30, envolvendo a comunidade numa manh\u00e3 de simbolismo e celebra\u00e7\u00e3o em torno da liberdade conquistada.<\/p>\n\n\n\n<p>O programa tem in\u00edcio com a cerim\u00f3nia do hastear das bandeiras, acompanhada pela tradicional largada de pombos, promovida pelo Clube Columb\u00f3filo de Odi\u00e1xere, e contar\u00e1 com as atua\u00e7\u00f5es da Banda da Sociedade Filarm\u00f3nica Lacobrigense 1.\u00ba de Maio e do Grupo Coral de Lagos.<\/p>\n\n\n\n<p>Segue-se a sess\u00e3o solene conjunta da C\u00e2mara, Assembleia Municipal e Assembleia da Juventude, promovendo uma reflex\u00e3o intergeracional sobre os valores da liberdade e os caminhos da democracia em Portugal.<\/p>\n\n\n\n<p>As celebra\u00e7\u00f5es incluem ainda um almo\u00e7o comemorativo (mediante inscri\u00e7\u00e3o e aquisi\u00e7\u00e3o pr\u00e9via de senha, no valor de 10\u20ac, dispon\u00edvel nas Juntas de Freguesia do concelho e no Centro Cultural de Lagos), refor\u00e7ando o esp\u00edrito de conv\u00edvio e partilha que caracteriza esta data.<\/p>\n\n\n\n<p>Para al\u00e9m da cerim\u00f3nia oficial, Lagos apresenta um programa cultural alargado, que se estende aos dias 24, 25 e 26 de abril, com propostas art\u00edsticas e participativas que levam a celebrar Abril em liberdade.<\/p>\n\n\n\n<p>A C\u00e2mara Municipal de Lagos convida toda a popula\u00e7\u00e3o a participar ativamente nestas comemora\u00e7\u00f5es, numa celebra\u00e7\u00e3o coletiva dos ideais de liberdade, democracia e participa\u00e7\u00e3o c\u00edvica.<\/p>\n\n\n\n<hr class=\"wp-block-separator has-alpha-channel-opacity\"\/>\n\n\n\n<p><strong>PROGRAMA&nbsp;<\/strong><\/p>\n\n\n\n<p><strong>24 de abril \u2013 19h00<\/strong><br>\u00a0<strong>Espet\u00e1culo \u201cProjeto Gatilho\u201d<\/strong><br>Centro Cultural de Lagos \u2013 Audit\u00f3rio Duval Pestana<br>Org.: Quest\u00e3o Repetida<br>Bilhetes dispon\u00edveis na rece\u00e7\u00e3o do CCL ou na BOL<br>Uma cria\u00e7\u00e3o de arte participativa que cruza dan\u00e7a, m\u00fasica e testemunhos da comunidade, com dire\u00e7\u00e3o coreogr\u00e1fica de Aldara Bizarro e Albina Petrolati, e m\u00fasica original de Jo\u00e3o Pacheco. Uma performance que desafia e aproxima o \u201cEu\u201d e o \u201cN\u00f3s\u201d.<\/p>\n\n\n\n<p><strong>25 de abril<\/strong><\/p>\n\n\n\n<p>9h30 | Cerim\u00f3nia de Hastear da Bandeira seguida de largada de pombos pelo Clube Columb\u00f3filo de Odi\u00e1xere e atua\u00e7\u00f5es da Banda da Sociedade Filarm\u00f3nica Lacobrigense 1.\u00ba de Maio e Grupo Coral de Lagos<\/p>\n\n\n\n<p>10h00 | Sess\u00e3o Solene conjunta da C\u00e2mara Municipal, Assembleia Municipal e Assembleia da Juventude<\/p>\n\n\n\n<p>Pra\u00e7a Gil Eanes<br><\/p>\n\n\n\n<p><strong>25 de abril \u2013 11h15<\/strong><br><strong>Visita guiada \u201cLagos e os Militares nos S\u00e9culos XIX e XX\u201d<\/strong>, por Artur de Jesus<br>Ponto de encontro: Busto na Rua Salgueiro Maia<br>Org.: CM Lagos<br>Participa\u00e7\u00e3o gratuita, com inscri\u00e7\u00e3o pr\u00e9via online<br>Percurso evocativo que destaca o papel dos militares lacobrigenses ao longo da hist\u00f3ria, com enfoque nos s\u00e9culos XIX e XX.<\/p>\n\n\n\n<p><strong>25 de abril \u2013 18h00<\/strong><br><strong>Concerto \u201cVozes da Liberdade\u201d, pela Orquestra Ligeira de Lagos<br><\/strong>Pra\u00e7a Gil Eanes<br>Entrada gratuita<br>Com a participa\u00e7\u00e3o especial de Gabriel Fialho, C\u00e1tia Ribeiro, Lu\u00eds Carlos e o clarinetista Jo\u00e3o Carvalheiro, a OLL presta homenagem musical \u00e0 Revolu\u00e7\u00e3o de Abril. Traga um cravo e celebre com can\u00e7\u00f5es que marcaram gera\u00e7\u00f5es.<\/p>\n\n\n\n<p><strong>26 de abril \u2013 16h00<\/strong><br><strong>Mu(n)dan\u00e7as \u2013 Apresenta\u00e7\u00e3o \u201cViajar a Dan\u00e7ar\u201d<\/strong><br>Pra\u00e7a do Infante<br>Org.: CM Lagos com apoio da RTCP\/DGArtes<br>Entrada gratuita<br>Resultado de uma resid\u00eancia art\u00edstica participativa, esta apresenta\u00e7\u00e3o ao ar livre re\u00fane dan\u00e7as do mundo coreografadas por diversos grupos locais, sob coordena\u00e7\u00e3o de Sofia Briosa e Scheltinga.<\/p>\n\n\n\n<p><strong>26 de abril \u2013 19h00<\/strong><br><strong>Concerto \u201cA Minha P\u00e1tria \u00e9 a L\u00edngua Portuguesa\u201d, pela Orquestra do Algarve com Pedro Flores<br><\/strong>Centro Cultural de Lagos \u2013 Audit\u00f3rio Duval Pestana<br>Entrada gratuita mediante levantamento de bilhete<br>A l\u00edngua portuguesa, o fado e a poesia de Cam\u00f5es unem-se nesta celebra\u00e7\u00e3o sinf\u00f3nica com o fadista Pedro Flores como solista convidado, sob dire\u00e7\u00e3o do maestro Diogo Costa. Um tributo ao cancioneiro nacional e \u00e0 cultura portuguesa no p\u00f3s-25 de Abril.<\/p>\n","protected":false},"excerpt":{"rendered":"<p>No pr\u00f3ximo dia 25 de Abril, a cidade de Lagos volta a homenagear a Revolu\u00e7\u00e3o dos Cravos, assinalando o 51.\u00ba<\/p>\n","protected":false},"author":1,"featured_media":49723,"comment_status":"closed","ping_status":"closed","sticky":false,"template":"","format":"standard","meta":{"colormag_page_container_layout":"default_layout","colormag_page_sidebar_layout":"default_layout","_monsterinsights_skip_tracking":false,"_monsterinsights_sitenote_active":false,"_monsterinsights_sitenote_note":"","_monsterinsights_sitenote_category":0,"jetpack_post_was_ever_published":false,"_jetpack_newsletter_access":"","_jetpack_dont_email_post_to_subs":false,"_jetpack_newsletter_tier_id":0,"_jetpack_memberships_contains_paywalled_content":false,"_jetpack_memberships_contains_paid_content":false,"footnotes":"","jetpack_publicize_message":"","jetpack_publicize_feature_enabled":true,"jetpack_social_post_already_shared":true,"jetpack_social_options":{"image_generator_settings":{"template":"highway","default_image_id":0,"font":"","enabled":false},"version":2}},"categories":[14],"tags":[36,35,68],"class_list":["post-49722","post","type-post","status-publish","format-standard","has-post-thumbnail","hentry","category-cultura","tag-algarve","tag-cultura","tag-lagos"],"yoast_head":"<!-- This site is optimized with the Yoast SEO plugin v27.5 - https:\/\/yoast.com\/product\/yoast-seo-wordpress\/ -->\n<title>Lagos celebra os 51 anos do 25 de Abril com cerim\u00f3nia evocativa e programa cultural diversificado - Algarve 7<\/title>\n<meta name=\"description\" content=\"Lagos celebra os 51 anos do 25 de Abril com cerim\u00f3nia evocativa e programa cultural diversificado Cultura\" \/>\n<meta name=\"robots\" content=\"index, follow, max-snippet:-1, max-image-preview:large, max-video-preview:-1\" \/>\n<link rel=\"canonical\" href=\"https:\/\/algarve7.pt\/index.php\/2025\/04\/lagos-celebra-os-51-anos-do-25-de-abril-com-cerimonia-evocativa-e-programa-cultural-diversificado\/cultura\/09\/20\/\" \/>\n<meta property=\"og:locale\" content=\"pt_PT\" \/>\n<meta property=\"og:type\" content=\"article\" \/>\n<meta property=\"og:title\" content=\"Lagos celebra os 51 anos do 25 de Abril com cerim\u00f3nia evocativa e programa cultural diversificado - Algarve 7\" \/>\n<meta property=\"og:description\" content=\"Lagos celebra os 51 anos do 25 de Abril com cerim\u00f3nia evocativa e programa cultural diversificado Cultura\" \/>\n<meta property=\"og:url\" content=\"https:\/\/algarve7.pt\/index.php\/2025\/04\/lagos-celebra-os-51-anos-do-25-de-abril-com-cerimonia-evocativa-e-programa-cultural-diversificado\/cultura\/09\/20\/\" \/>\n<meta property=\"og:site_name\" content=\"Algarve 7\" \/>\n<meta property=\"article:publisher\" content=\"https:\/\/www.facebook.com\/algarve7\" \/>\n<meta property=\"article:author\" content=\"https:\/\/www.facebook.com\/algarve7\" \/>\n<meta property=\"article:published_time\" content=\"2025-04-23T08:20:00+00:00\" \/>\n<meta property=\"og:image\" content=\"https:\/\/algarve7.pt\/wp-content\/uploads\/2025\/04\/25ABRIL_Lagos_2025.jpg\" \/>\n\t<meta property=\"og:image:width\" content=\"800\" \/>\n\t<meta property=\"og:image:height\" content=\"500\" \/>\n\t<meta property=\"og:image:type\" content=\"image\/jpeg\" \/>\n<meta name=\"author\" content=\"Algarve 7\" \/>\n<meta name=\"twitter:card\" content=\"summary_large_image\" \/>\n<meta name=\"twitter:creator\" content=\"@Algarvesete\" \/>\n<meta name=\"twitter:site\" content=\"@Algarvesete\" \/>\n<meta name=\"twitter:label1\" content=\"Escrito por\" \/>\n\t<meta name=\"twitter:data1\" content=\"Algarve 7\" \/>\n\t<meta name=\"twitter:label2\" content=\"Tempo estimado de leitura\" \/>\n\t<meta name=\"twitter:data2\" content=\"4 minutos\" \/>\n<script type=\"application\/ld+json\" class=\"yoast-schema-graph\">{\"@context\":\"https:\\\/\\\/schema.org\",\"@graph\":[{\"@type\":\"Article\",\"@id\":\"https:\\\/\\\/algarve7.pt\\\/index.php\\\/2025\\\/04\\\/lagos-celebra-os-51-anos-do-25-de-abril-com-cerimonia-evocativa-e-programa-cultural-diversificado\\\/cultura\\\/09\\\/20\\\/#article\",\"isPartOf\":{\"@id\":\"https:\\\/\\\/algarve7.pt\\\/index.php\\\/2025\\\/04\\\/lagos-celebra-os-51-anos-do-25-de-abril-com-cerimonia-evocativa-e-programa-cultural-diversificado\\\/cultura\\\/09\\\/20\\\/\"},\"author\":{\"name\":\"Algarve 7\",\"@id\":\"https:\\\/\\\/algarve7.pt\\\/#\\\/schema\\\/person\\\/23fa70681308e7b319a3204bcea45e0c\"},\"headline\":\"Lagos celebra os 51 anos do 25 de Abril com cerim\u00f3nia evocativa e programa cultural diversificado\",\"datePublished\":\"2025-04-23T08:20:00+00:00\",\"mainEntityOfPage\":{\"@id\":\"https:\\\/\\\/algarve7.pt\\\/index.php\\\/2025\\\/04\\\/lagos-celebra-os-51-anos-do-25-de-abril-com-cerimonia-evocativa-e-programa-cultural-diversificado\\\/cultura\\\/09\\\/20\\\/\"},\"wordCount\":684,\"publisher\":{\"@id\":\"https:\\\/\\\/algarve7.pt\\\/#organization\"},\"image\":{\"@id\":\"https:\\\/\\\/algarve7.pt\\\/index.php\\\/2025\\\/04\\\/lagos-celebra-os-51-anos-do-25-de-abril-com-cerimonia-evocativa-e-programa-cultural-diversificado\\\/cultura\\\/09\\\/20\\\/#primaryimage\"},\"thumbnailUrl\":\"https:\\\/\\\/algarve7.pt\\\/wp-content\\\/uploads\\\/2025\\\/04\\\/25ABRIL_Lagos_2025.jpg\",\"keywords\":[\"Algarve\",\"Cultura\",\"Lagos\"],\"articleSection\":[\"Cultura\"],\"inLanguage\":\"pt-PT\"},{\"@type\":\"WebPage\",\"@id\":\"https:\\\/\\\/algarve7.pt\\\/index.php\\\/2025\\\/04\\\/lagos-celebra-os-51-anos-do-25-de-abril-com-cerimonia-evocativa-e-programa-cultural-diversificado\\\/cultura\\\/09\\\/20\\\/\",\"url\":\"https:\\\/\\\/algarve7.pt\\\/index.php\\\/2025\\\/04\\\/lagos-celebra-os-51-anos-do-25-de-abril-com-cerimonia-evocativa-e-programa-cultural-diversificado\\\/cultura\\\/09\\\/20\\\/\",\"name\":\"Lagos celebra os 51 anos do 25 de Abril com cerim\u00f3nia evocativa e programa cultural diversificado - Algarve 7\",\"isPartOf\":{\"@id\":\"https:\\\/\\\/algarve7.pt\\\/#website\"},\"primaryImageOfPage\":{\"@id\":\"https:\\\/\\\/algarve7.pt\\\/index.php\\\/2025\\\/04\\\/lagos-celebra-os-51-anos-do-25-de-abril-com-cerimonia-evocativa-e-programa-cultural-diversificado\\\/cultura\\\/09\\\/20\\\/#primaryimage\"},\"image\":{\"@id\":\"https:\\\/\\\/algarve7.pt\\\/index.php\\\/2025\\\/04\\\/lagos-celebra-os-51-anos-do-25-de-abril-com-cerimonia-evocativa-e-programa-cultural-diversificado\\\/cultura\\\/09\\\/20\\\/#primaryimage\"},\"thumbnailUrl\":\"https:\\\/\\\/algarve7.pt\\\/wp-content\\\/uploads\\\/2025\\\/04\\\/25ABRIL_Lagos_2025.jpg\",\"datePublished\":\"2025-04-23T08:20:00+00:00\",\"description\":\"Lagos celebra os 51 anos do 25 de Abril com cerim\u00f3nia evocativa e programa cultural diversificado Cultura\",\"breadcrumb\":{\"@id\":\"https:\\\/\\\/algarve7.pt\\\/index.php\\\/2025\\\/04\\\/lagos-celebra-os-51-anos-do-25-de-abril-com-cerimonia-evocativa-e-programa-cultural-diversificado\\\/cultura\\\/09\\\/20\\\/#breadcrumb\"},\"inLanguage\":\"pt-PT\",\"potentialAction\":[{\"@type\":\"ReadAction\",\"target\":[\"https:\\\/\\\/algarve7.pt\\\/index.php\\\/2025\\\/04\\\/lagos-celebra-os-51-anos-do-25-de-abril-com-cerimonia-evocativa-e-programa-cultural-diversificado\\\/cultura\\\/09\\\/20\\\/\"]}]},{\"@type\":\"ImageObject\",\"inLanguage\":\"pt-PT\",\"@id\":\"https:\\\/\\\/algarve7.pt\\\/index.php\\\/2025\\\/04\\\/lagos-celebra-os-51-anos-do-25-de-abril-com-cerimonia-evocativa-e-programa-cultural-diversificado\\\/cultura\\\/09\\\/20\\\/#primaryimage\",\"url\":\"https:\\\/\\\/algarve7.pt\\\/wp-content\\\/uploads\\\/2025\\\/04\\\/25ABRIL_Lagos_2025.jpg\",\"contentUrl\":\"https:\\\/\\\/algarve7.pt\\\/wp-content\\\/uploads\\\/2025\\\/04\\\/25ABRIL_Lagos_2025.jpg\",\"width\":800,\"height\":500},{\"@type\":\"BreadcrumbList\",\"@id\":\"https:\\\/\\\/algarve7.pt\\\/index.php\\\/2025\\\/04\\\/lagos-celebra-os-51-anos-do-25-de-abril-com-cerimonia-evocativa-e-programa-cultural-diversificado\\\/cultura\\\/09\\\/20\\\/#breadcrumb\",\"itemListElement\":[{\"@type\":\"ListItem\",\"position\":1,\"name\":\"In\u00edcio\",\"item\":\"https:\\\/\\\/algarve7.pt\\\/\"},{\"@type\":\"ListItem\",\"position\":2,\"name\":\"Lagos celebra os 51 anos do 25 de Abril com cerim\u00f3nia evocativa e programa cultural diversificado\"}]},{\"@type\":\"WebSite\",\"@id\":\"https:\\\/\\\/algarve7.pt\\\/#website\",\"url\":\"https:\\\/\\\/algarve7.pt\\\/\",\"name\":\"Algarve 7\",\"description\":\"Informa\u00e7\u00e3o sobre o Algarve\",\"publisher\":{\"@id\":\"https:\\\/\\\/algarve7.pt\\\/#organization\"},\"potentialAction\":[{\"@type\":\"SearchAction\",\"target\":{\"@type\":\"EntryPoint\",\"urlTemplate\":\"https:\\\/\\\/algarve7.pt\\\/?s={search_term_string}\"},\"query-input\":{\"@type\":\"PropertyValueSpecification\",\"valueRequired\":true,\"valueName\":\"search_term_string\"}}],\"inLanguage\":\"pt-PT\"},{\"@type\":\"Organization\",\"@id\":\"https:\\\/\\\/algarve7.pt\\\/#organization\",\"name\":\"Algarve 7\",\"url\":\"https:\\\/\\\/algarve7.pt\\\/\",\"logo\":{\"@type\":\"ImageObject\",\"inLanguage\":\"pt-PT\",\"@id\":\"https:\\\/\\\/algarve7.pt\\\/#\\\/schema\\\/logo\\\/image\\\/\",\"url\":\"https:\\\/\\\/algarve7.pt\\\/wp-content\\\/uploads\\\/2020\\\/10\\\/Logo-8.jpg\",\"contentUrl\":\"https:\\\/\\\/algarve7.pt\\\/wp-content\\\/uploads\\\/2020\\\/10\\\/Logo-8.jpg\",\"width\":1680,\"height\":1186,\"caption\":\"Algarve 7\"},\"image\":{\"@id\":\"https:\\\/\\\/algarve7.pt\\\/#\\\/schema\\\/logo\\\/image\\\/\"},\"sameAs\":[\"https:\\\/\\\/www.facebook.com\\\/algarve7\",\"https:\\\/\\\/x.com\\\/Algarvesete\",\"https:\\\/\\\/www.instagram.com\\\/jornalalgarve7\\\/\",\"https:\\\/\\\/www.linkedin.com\\\/company\\\/algarve7\",\"https:\\\/\\\/www.pinterest.pt\\\/geral0939\\\/_created\\\/\"]},{\"@type\":\"Person\",\"@id\":\"https:\\\/\\\/algarve7.pt\\\/#\\\/schema\\\/person\\\/23fa70681308e7b319a3204bcea45e0c\",\"name\":\"Algarve 7\",\"sameAs\":[\"https:\\\/\\\/algarve7.pt\",\"https:\\\/\\\/www.facebook.com\\\/algarve7\"],\"url\":\"https:\\\/\\\/algarve7.pt\\\/index.php\\\/author\\\/geralalgarve7-pt\\\/\"}]}<\/script>\n<!-- \/ Yoast SEO plugin. -->","yoast_head_json":{"title":"Lagos celebra os 51 anos do 25 de Abril com cerim\u00f3nia evocativa e programa cultural diversificado - Algarve 7","description":"Lagos celebra os 51 anos do 25 de Abril com cerim\u00f3nia evocativa e programa cultural diversificado Cultura","robots":{"index":"index","follow":"follow","max-snippet":"max-snippet:-1","max-image-preview":"max-image-preview:large","max-video-preview":"max-video-preview:-1"},"canonical":"https:\/\/algarve7.pt\/index.php\/2025\/04\/lagos-celebra-os-51-anos-do-25-de-abril-com-cerimonia-evocativa-e-programa-cultural-diversificado\/cultura\/09\/20\/","og_locale":"pt_PT","og_type":"article","og_title":"Lagos celebra os 51 anos do 25 de Abril com cerim\u00f3nia evocativa e programa cultural diversificado - Algarve 7","og_description":"Lagos celebra os 51 anos do 25 de Abril com cerim\u00f3nia evocativa e programa cultural diversificado Cultura","og_url":"https:\/\/algarve7.pt\/index.php\/2025\/04\/lagos-celebra-os-51-anos-do-25-de-abril-com-cerimonia-evocativa-e-programa-cultural-diversificado\/cultura\/09\/20\/","og_site_name":"Algarve 7","article_publisher":"https:\/\/www.facebook.com\/algarve7","article_author":"https:\/\/www.facebook.com\/algarve7","article_published_time":"2025-04-23T08:20:00+00:00","og_image":[{"width":800,"height":500,"url":"https:\/\/algarve7.pt\/wp-content\/uploads\/2025\/04\/25ABRIL_Lagos_2025.jpg","type":"image\/jpeg"}],"author":"Algarve 7","twitter_card":"summary_large_image","twitter_creator":"@Algarvesete","twitter_site":"@Algarvesete","twitter_misc":{"Escrito por":"Algarve 7","Tempo estimado de leitura":"4 minutos"},"schema":{"@context":"https:\/\/schema.org","@graph":[{"@type":"Article","@id":"https:\/\/algarve7.pt\/index.php\/2025\/04\/lagos-celebra-os-51-anos-do-25-de-abril-com-cerimonia-evocativa-e-programa-cultural-diversificado\/cultura\/09\/20\/#article","isPartOf":{"@id":"https:\/\/algarve7.pt\/index.php\/2025\/04\/lagos-celebra-os-51-anos-do-25-de-abril-com-cerimonia-evocativa-e-programa-cultural-diversificado\/cultura\/09\/20\/"},"author":{"name":"Algarve 7","@id":"https:\/\/algarve7.pt\/#\/schema\/person\/23fa70681308e7b319a3204bcea45e0c"},"headline":"Lagos celebra os 51 anos do 25 de Abril com cerim\u00f3nia evocativa e programa cultural diversificado","datePublished":"2025-04-23T08:20:00+00:00","mainEntityOfPage":{"@id":"https:\/\/algarve7.pt\/index.php\/2025\/04\/lagos-celebra-os-51-anos-do-25-de-abril-com-cerimonia-evocativa-e-programa-cultural-diversificado\/cultura\/09\/20\/"},"wordCount":684,"publisher":{"@id":"https:\/\/algarve7.pt\/#organization"},"image":{"@id":"https:\/\/algarve7.pt\/index.php\/2025\/04\/lagos-celebra-os-51-anos-do-25-de-abril-com-cerimonia-evocativa-e-programa-cultural-diversificado\/cultura\/09\/20\/#primaryimage"},"thumbnailUrl":"https:\/\/algarve7.pt\/wp-content\/uploads\/2025\/04\/25ABRIL_Lagos_2025.jpg","keywords":["Algarve","Cultura","Lagos"],"articleSection":["Cultura"],"inLanguage":"pt-PT"},{"@type":"WebPage","@id":"https:\/\/algarve7.pt\/index.php\/2025\/04\/lagos-celebra-os-51-anos-do-25-de-abril-com-cerimonia-evocativa-e-programa-cultural-diversificado\/cultura\/09\/20\/","url":"https:\/\/algarve7.pt\/index.php\/2025\/04\/lagos-celebra-os-51-anos-do-25-de-abril-com-cerimonia-evocativa-e-programa-cultural-diversificado\/cultura\/09\/20\/","name":"Lagos celebra os 51 anos do 25 de Abril com cerim\u00f3nia evocativa e programa cultural diversificado - Algarve 7","isPartOf":{"@id":"https:\/\/algarve7.pt\/#website"},"primaryImageOfPage":{"@id":"https:\/\/algarve7.pt\/index.php\/2025\/04\/lagos-celebra-os-51-anos-do-25-de-abril-com-cerimonia-evocativa-e-programa-cultural-diversificado\/cultura\/09\/20\/#primaryimage"},"image":{"@id":"https:\/\/algarve7.pt\/index.php\/2025\/04\/lagos-celebra-os-51-anos-do-25-de-abril-com-cerimonia-evocativa-e-programa-cultural-diversificado\/cultura\/09\/20\/#primaryimage"},"thumbnailUrl":"https:\/\/algarve7.pt\/wp-content\/uploads\/2025\/04\/25ABRIL_Lagos_2025.jpg","datePublished":"2025-04-23T08:20:00+00:00","description":"Lagos celebra os 51 anos do 25 de Abril com cerim\u00f3nia evocativa e programa cultural diversificado Cultura","breadcrumb":{"@id":"https:\/\/algarve7.pt\/index.php\/2025\/04\/lagos-celebra-os-51-anos-do-25-de-abril-com-cerimonia-evocativa-e-programa-cultural-diversificado\/cultura\/09\/20\/#breadcrumb"},"inLanguage":"pt-PT","potentialAction":[{"@type":"ReadAction","target":["https:\/\/algarve7.pt\/index.php\/2025\/04\/lagos-celebra-os-51-anos-do-25-de-abril-com-cerimonia-evocativa-e-programa-cultural-diversificado\/cultura\/09\/20\/"]}]},{"@type":"ImageObject","inLanguage":"pt-PT","@id":"https:\/\/algarve7.pt\/index.php\/2025\/04\/lagos-celebra-os-51-anos-do-25-de-abril-com-cerimonia-evocativa-e-programa-cultural-diversificado\/cultura\/09\/20\/#primaryimage","url":"https:\/\/algarve7.pt\/wp-content\/uploads\/2025\/04\/25ABRIL_Lagos_2025.jpg","contentUrl":"https:\/\/algarve7.pt\/wp-content\/uploads\/2025\/04\/25ABRIL_Lagos_2025.jpg","width":800,"height":500},{"@type":"BreadcrumbList","@id":"https:\/\/algarve7.pt\/index.php\/2025\/04\/lagos-celebra-os-51-anos-do-25-de-abril-com-cerimonia-evocativa-e-programa-cultural-diversificado\/cultura\/09\/20\/#breadcrumb","itemListElement":[{"@type":"ListItem","position":1,"name":"In\u00edcio","item":"https:\/\/algarve7.pt\/"},{"@type":"ListItem","position":2,"name":"Lagos celebra os 51 anos do 25 de Abril com cerim\u00f3nia evocativa e programa cultural diversificado"}]},{"@type":"WebSite","@id":"https:\/\/algarve7.pt\/#website","url":"https:\/\/algarve7.pt\/","name":"Algarve 7","description":"Informa\u00e7\u00e3o sobre o Algarve","publisher":{"@id":"https:\/\/algarve7.pt\/#organization"},"potentialAction":[{"@type":"SearchAction","target":{"@type":"EntryPoint","urlTemplate":"https:\/\/algarve7.pt\/?s={search_term_string}"},"query-input":{"@type":"PropertyValueSpecification","valueRequired":true,"valueName":"search_term_string"}}],"inLanguage":"pt-PT"},{"@type":"Organization","@id":"https:\/\/algarve7.pt\/#organization","name":"Algarve 7","url":"https:\/\/algarve7.pt\/","logo":{"@type":"ImageObject","inLanguage":"pt-PT","@id":"https:\/\/algarve7.pt\/#\/schema\/logo\/image\/","url":"https:\/\/algarve7.pt\/wp-content\/uploads\/2020\/10\/Logo-8.jpg","contentUrl":"https:\/\/algarve7.pt\/wp-content\/uploads\/2020\/10\/Logo-8.jpg","width":1680,"height":1186,"caption":"Algarve 7"},"image":{"@id":"https:\/\/algarve7.pt\/#\/schema\/logo\/image\/"},"sameAs":["https:\/\/www.facebook.com\/algarve7","https:\/\/x.com\/Algarvesete","https:\/\/www.instagram.com\/jornalalgarve7\/","https:\/\/www.linkedin.com\/company\/algarve7","https:\/\/www.pinterest.pt\/geral0939\/_created\/"]},{"@type":"Person","@id":"https:\/\/algarve7.pt\/#\/schema\/person\/23fa70681308e7b319a3204bcea45e0c","name":"Algarve 7","sameAs":["https:\/\/algarve7.pt","https:\/\/www.facebook.com\/algarve7"],"url":"https:\/\/algarve7.pt\/index.php\/author\/geralalgarve7-pt\/"}]}},"jetpack_publicize_connections":[],"jetpack_featured_media_url":"https:\/\/algarve7.pt\/wp-content\/uploads\/2025\/04\/25ABRIL_Lagos_2025.jpg","jetpack_shortlink":"https:\/\/wp.me\/pcezmW-cVY","jetpack_sharing_enabled":true,"_links":{"self":[{"href":"https:\/\/algarve7.pt\/index.php\/wp-json\/wp\/v2\/posts\/49722","targetHints":{"allow":["GET"]}}],"collection":[{"href":"https:\/\/algarve7.pt\/index.php\/wp-json\/wp\/v2\/posts"}],"about":[{"href":"https:\/\/algarve7.pt\/index.php\/wp-json\/wp\/v2\/types\/post"}],"author":[{"embeddable":true,"href":"https:\/\/algarve7.pt\/index.php\/wp-json\/wp\/v2\/users\/1"}],"replies":[{"embeddable":true,"href":"https:\/\/algarve7.pt\/index.php\/wp-json\/wp\/v2\/comments?post=49722"}],"version-history":[{"count":0,"href":"https:\/\/algarve7.pt\/index.php\/wp-json\/wp\/v2\/posts\/49722\/revisions"}],"wp:featuredmedia":[{"embeddable":true,"href":"https:\/\/algarve7.pt\/index.php\/wp-json\/wp\/v2\/media\/49723"}],"wp:attachment":[{"href":"https:\/\/algarve7.pt\/index.php\/wp-json\/wp\/v2\/media?parent=49722"}],"wp:term":[{"taxonomy":"category","embeddable":true,"href":"https:\/\/algarve7.pt\/index.php\/wp-json\/wp\/v2\/categories?post=49722"},{"taxonomy":"post_tag","embeddable":true,"href":"https:\/\/algarve7.pt\/index.php\/wp-json\/wp\/v2\/tags?post=49722"}],"curies":[{"name":"wp","href":"https:\/\/api.w.org\/{rel}","templated":true}]}}