{"id":49719,"date":"2025-04-23T09:05:00","date_gmt":"2025-04-23T08:05:00","guid":{"rendered":"https:\/\/algarve7.pt\/?p=49719"},"modified":"2025-04-22T20:03:41","modified_gmt":"2025-04-22T19:03:41","slug":"teatro-das-figuras-celebra-9-a-edicao-do-festival-os-dias-do-jazz-com-nove-concertos-em-espacos-distintos-da-capital-algarvia","status":"publish","type":"post","link":"https:\/\/algarve7.pt\/index.php\/2025\/04\/teatro-das-figuras-celebra-9-a-edicao-do-festival-os-dias-do-jazz-com-nove-concertos-em-espacos-distintos-da-capital-algarvia\/cultura\/09\/05\/","title":{"rendered":"Teatro das Figuras celebra 9.\u00aa edi\u00e7\u00e3o do Festival Os Dias do Jazz com nove concertos em espa\u00e7os distintos da capital algarvia"},"content":{"rendered":"\n<p>De 30 de abril a 25 de maio a cidade de Faro acolhe um conjunto de concertos para celebrar \u201cOs Dias do Jazz\u201d, um festival organizado pelo Teatro das Figuras inteiramente dedicado ao g\u00e9nero musical que nasceu em Nova Orleans, no final do s\u00e9culo XIX. O concerto de abertura ter\u00e1 lugar no Dia Internacional do Jazz, assinalado a 30 de abril, no Teatro das Figuras, \u00e0s 21h30, com&nbsp;<strong>Z\u00e9 Eduardo e a Jazz Mission Big Band<\/strong>, uma forma\u00e7\u00e3o criada ap\u00f3s um convite do Instituto Cultural de Macau para assinalar o 25.\u00ba anivers\u00e1rio da passagem daquele territ\u00f3rio de Portugal para a Rep\u00fablica Popular da China.<\/p>\n\n\n\n<p>A convite do Teatro das Figuras o virtuoso compositor e pianista brasileiro&nbsp;<strong>Amaro Freitas<\/strong>&nbsp;apresenta-se na companhia da&nbsp;<strong>Orquestra de Jazz do Algarve<\/strong>, no dia 4 de maio, pelas 19h00. O seu novo disco \u201cY\u2019Y\u201d \u00e9 uma homenagem \u00e0 floresta, em especial \u00e0 Floresta Amaz\u00f3nica, cujas sonoridades inspiraram este \u00faltimo \u00e1lbum.&nbsp;<\/p>\n\n\n\n<p>Com uma programa\u00e7\u00e3o itinerante, Os Dias do Jazz passam por outras salas da capital algarvia, como \u00e9 o caso do Teatro Lethes que acolhe o concerto&nbsp;<strong>Wax &amp; Boogie \u2013 Rhythm &amp; Blues Project<\/strong>, no dia 10 de maio, pelas 21h00. Este espect\u00e1culo promete transportar o p\u00fablico para o in\u00edcio do s\u00e9culo XX atrav\u00e9s da voz de Ster Wax e do talento de David Giorcelli ao piano.<\/p>\n\n\n\n<p>Pelo Club Farense e integrados no ciclo \u201cGlass of jazz\u201d que alia m\u00fasica a uma prova de vinhos, passam os concertos dos veteranos&nbsp;<strong>S\u00e1vio Ara\u00fajo Quarteto<\/strong>, a 11 de maio, e de&nbsp;<strong>Murra\u00e7as, Marques e Rijo Lda Trio<\/strong>, no dia 25 de maio, com in\u00edcio \u00e0s 18h00. Ainda no Club Farense apresenta-se no \u00e2mbito do festival, a forma\u00e7\u00e3o&nbsp;<strong>Algarve Jazz Colective<\/strong>, um grupo de artistas com liga\u00e7\u00f5es \u00e0 regi\u00e3o, que celebra a criatividade e o improviso com can\u00e7\u00f5es originais que espelham as diferentes influ\u00eancias de cada um. Este concerto acontece no dia 17 de maio \u00e0s 19h00. Os bilhetes para os concertos que t\u00eam lugar no Club Farense podem ser adquiridos no local, no pr\u00f3prio dia do evento.<\/p>\n\n\n\n<p>O mais recente projecto de&nbsp;<strong>Carlos Bica<\/strong>, \u201c11:11\u201d \u00e9 outra das propostas desta edi\u00e7\u00e3o. A um dos mais conceituados contrabaixistas portugueses juntam-se alguns dos mais talentosos nomes de uma nova gera\u00e7\u00e3o de m\u00fasicos portugueses, para um momento singular, a ter lugar no Jardim da Alameda, ao final da tarde de dia 16 de maio, pelas 20h00.<\/p>\n\n\n\n<p>Os Dias do Jazz prosseguem com&nbsp;<strong>Gon\u00e7alo Neto<\/strong>&nbsp;que apresenta \u201cLittle Dinosaur\u201d, um disco que viaja por v\u00e1rios estilos desde rock, jazz e country\/folk. O guitarrista faz-se acompanhar por Mauro Cottone (contrabaixo), Jo\u00e3o Guerra (bateria), Jos\u00e9 Soares (saxofone alto) e Nicol\u00f2 Rici (saxofone tenor) e apresenta-se no dia 22, na Associa\u00e7\u00e3o Recreativa e Cultural de M\u00fasicos, pelas 21h30.<\/p>\n\n\n\n<p>A&nbsp;<strong>Orquestra de Jazz de Espinho<\/strong>&nbsp;\u00e9 tamb\u00e9m uma das convidadas desta edi\u00e7\u00e3o d\u2019Os Dias do Jazz com o espect\u00e1culo \u201cRadiohead Recomposed\u201d. Na g\u00e9nese deste novo projecto est\u00e1 um processo de recomposi\u00e7\u00e3o para o qual a Orquestra convidou v\u00e1rios compositores a preparar uma colec\u00e7\u00e3o de arranjos dos temas mais ic\u00f3nicos dos brit\u00e2nicos Radiohead. O concerto acontece no dia 24 de maio, \u00e0s 21h30 no Teatro das Figuras.<\/p>\n\n\n\n<p>O Festival Os Dias do Jazz \u00e9 uma iniciativa do Teatro das Figuras que visa promover este g\u00e9nero musical, trazer artistas conceituados bem como nomes emergentes do sector, apresentando espect\u00e1culos em v\u00e1rios locais do concelho, na procura fazer chegar a multiplicidade do jazz a diferentes p\u00fablicos.&nbsp;<\/p>\n\n\n\n<p>Os bilhetes para os concertos que t\u00eam lugar no Teatro\u00a0<em>das Figuras podem ser adquiridos na bilheteira (de ter\u00e7a-feira a s\u00e1bado, das 13h00 \u00e0s 19h30, e no dia do espet\u00e1culo at\u00e9 ao seu in\u00edcio) ou online (<\/em><a href=\"https:\/\/teatrodasfiguras.bol.pt\/\" target=\"_blank\" rel=\"noreferrer noopener\">https:\/\/teatrodasfiguras.bol.pt<\/a><em>).<\/em><\/p>\n","protected":false},"excerpt":{"rendered":"<p>De 30 de abril a 25 de maio a cidade de Faro acolhe um conjunto de concertos para celebrar \u201cOs<\/p>\n","protected":false},"author":1,"featured_media":49720,"comment_status":"closed","ping_status":"closed","sticky":false,"template":"","format":"standard","meta":{"colormag_page_container_layout":"default_layout","colormag_page_sidebar_layout":"default_layout","_monsterinsights_skip_tracking":false,"_monsterinsights_sitenote_active":false,"_monsterinsights_sitenote_note":"","_monsterinsights_sitenote_category":0,"jetpack_post_was_ever_published":false,"_jetpack_newsletter_access":"","_jetpack_dont_email_post_to_subs":false,"_jetpack_newsletter_tier_id":0,"_jetpack_memberships_contains_paywalled_content":false,"_jetpack_memberships_contains_paid_content":false,"footnotes":"","jetpack_publicize_message":"","jetpack_publicize_feature_enabled":true,"jetpack_social_post_already_shared":true,"jetpack_social_options":{"image_generator_settings":{"template":"highway","default_image_id":0,"font":"","enabled":false},"version":2}},"categories":[14],"tags":[36,35,57,245],"class_list":["post-49719","post","type-post","status-publish","format-standard","has-post-thumbnail","hentry","category-cultura","tag-algarve","tag-cultura","tag-faro","tag-teatro-das-figuras"],"yoast_head":"<!-- This site is optimized with the Yoast SEO plugin v27.5 - https:\/\/yoast.com\/product\/yoast-seo-wordpress\/ -->\n<title>Teatro das Figuras celebra 9.\u00aa edi\u00e7\u00e3o do Festival Os Dias do Jazz com nove concertos em espa\u00e7os distintos da capital algarvia - Algarve 7<\/title>\n<meta name=\"description\" content=\"Teatro das Figuras celebra 9.\u00aa edi\u00e7\u00e3o do Festival Os Dias do Jazz com nove concertos em espa\u00e7os distintos da capital algarvia Cultura\" \/>\n<meta name=\"robots\" content=\"index, follow, max-snippet:-1, max-image-preview:large, max-video-preview:-1\" \/>\n<link rel=\"canonical\" href=\"https:\/\/algarve7.pt\/index.php\/2025\/04\/teatro-das-figuras-celebra-9-a-edicao-do-festival-os-dias-do-jazz-com-nove-concertos-em-espacos-distintos-da-capital-algarvia\/cultura\/09\/05\/\" \/>\n<meta property=\"og:locale\" content=\"pt_PT\" \/>\n<meta property=\"og:type\" content=\"article\" \/>\n<meta property=\"og:title\" content=\"Teatro das Figuras celebra 9.\u00aa edi\u00e7\u00e3o do Festival Os Dias do Jazz com nove concertos em espa\u00e7os distintos da capital algarvia - Algarve 7\" \/>\n<meta property=\"og:description\" content=\"Teatro das Figuras celebra 9.\u00aa edi\u00e7\u00e3o do Festival Os Dias do Jazz com nove concertos em espa\u00e7os distintos da capital algarvia Cultura\" \/>\n<meta property=\"og:url\" content=\"https:\/\/algarve7.pt\/index.php\/2025\/04\/teatro-das-figuras-celebra-9-a-edicao-do-festival-os-dias-do-jazz-com-nove-concertos-em-espacos-distintos-da-capital-algarvia\/cultura\/09\/05\/\" \/>\n<meta property=\"og:site_name\" content=\"Algarve 7\" \/>\n<meta property=\"article:publisher\" content=\"https:\/\/www.facebook.com\/algarve7\" \/>\n<meta property=\"article:author\" content=\"https:\/\/www.facebook.com\/algarve7\" \/>\n<meta property=\"article:published_time\" content=\"2025-04-23T08:05:00+00:00\" \/>\n<meta property=\"og:image\" content=\"https:\/\/algarve7.pt\/wp-content\/uploads\/2025\/04\/Jazz-Mission-Big-Band_-@Instituto-Cultural-de-Macau.jpg\" \/>\n\t<meta property=\"og:image:width\" content=\"800\" \/>\n\t<meta property=\"og:image:height\" content=\"500\" \/>\n\t<meta property=\"og:image:type\" content=\"image\/jpeg\" \/>\n<meta name=\"author\" content=\"Algarve 7\" \/>\n<meta name=\"twitter:card\" content=\"summary_large_image\" \/>\n<meta name=\"twitter:creator\" content=\"@Algarvesete\" \/>\n<meta name=\"twitter:site\" content=\"@Algarvesete\" \/>\n<meta name=\"twitter:label1\" content=\"Escrito por\" \/>\n\t<meta name=\"twitter:data1\" content=\"Algarve 7\" \/>\n\t<meta name=\"twitter:label2\" content=\"Tempo estimado de leitura\" \/>\n\t<meta name=\"twitter:data2\" content=\"4 minutos\" \/>\n<script type=\"application\/ld+json\" class=\"yoast-schema-graph\">{\"@context\":\"https:\\\/\\\/schema.org\",\"@graph\":[{\"@type\":\"Article\",\"@id\":\"https:\\\/\\\/algarve7.pt\\\/index.php\\\/2025\\\/04\\\/teatro-das-figuras-celebra-9-a-edicao-do-festival-os-dias-do-jazz-com-nove-concertos-em-espacos-distintos-da-capital-algarvia\\\/cultura\\\/09\\\/05\\\/#article\",\"isPartOf\":{\"@id\":\"https:\\\/\\\/algarve7.pt\\\/index.php\\\/2025\\\/04\\\/teatro-das-figuras-celebra-9-a-edicao-do-festival-os-dias-do-jazz-com-nove-concertos-em-espacos-distintos-da-capital-algarvia\\\/cultura\\\/09\\\/05\\\/\"},\"author\":{\"name\":\"Algarve 7\",\"@id\":\"https:\\\/\\\/algarve7.pt\\\/#\\\/schema\\\/person\\\/23fa70681308e7b319a3204bcea45e0c\"},\"headline\":\"Teatro das Figuras celebra 9.\u00aa edi\u00e7\u00e3o do Festival Os Dias do Jazz com nove concertos em espa\u00e7os distintos da capital algarvia\",\"datePublished\":\"2025-04-23T08:05:00+00:00\",\"mainEntityOfPage\":{\"@id\":\"https:\\\/\\\/algarve7.pt\\\/index.php\\\/2025\\\/04\\\/teatro-das-figuras-celebra-9-a-edicao-do-festival-os-dias-do-jazz-com-nove-concertos-em-espacos-distintos-da-capital-algarvia\\\/cultura\\\/09\\\/05\\\/\"},\"wordCount\":677,\"publisher\":{\"@id\":\"https:\\\/\\\/algarve7.pt\\\/#organization\"},\"image\":{\"@id\":\"https:\\\/\\\/algarve7.pt\\\/index.php\\\/2025\\\/04\\\/teatro-das-figuras-celebra-9-a-edicao-do-festival-os-dias-do-jazz-com-nove-concertos-em-espacos-distintos-da-capital-algarvia\\\/cultura\\\/09\\\/05\\\/#primaryimage\"},\"thumbnailUrl\":\"https:\\\/\\\/algarve7.pt\\\/wp-content\\\/uploads\\\/2025\\\/04\\\/Jazz-Mission-Big-Band_-@Instituto-Cultural-de-Macau.jpg\",\"keywords\":[\"Algarve\",\"Cultura\",\"Faro\",\"Teatro das Figuras\"],\"articleSection\":[\"Cultura\"],\"inLanguage\":\"pt-PT\"},{\"@type\":\"WebPage\",\"@id\":\"https:\\\/\\\/algarve7.pt\\\/index.php\\\/2025\\\/04\\\/teatro-das-figuras-celebra-9-a-edicao-do-festival-os-dias-do-jazz-com-nove-concertos-em-espacos-distintos-da-capital-algarvia\\\/cultura\\\/09\\\/05\\\/\",\"url\":\"https:\\\/\\\/algarve7.pt\\\/index.php\\\/2025\\\/04\\\/teatro-das-figuras-celebra-9-a-edicao-do-festival-os-dias-do-jazz-com-nove-concertos-em-espacos-distintos-da-capital-algarvia\\\/cultura\\\/09\\\/05\\\/\",\"name\":\"Teatro das Figuras celebra 9.\u00aa edi\u00e7\u00e3o do Festival Os Dias do Jazz com nove concertos em espa\u00e7os distintos da capital algarvia - Algarve 7\",\"isPartOf\":{\"@id\":\"https:\\\/\\\/algarve7.pt\\\/#website\"},\"primaryImageOfPage\":{\"@id\":\"https:\\\/\\\/algarve7.pt\\\/index.php\\\/2025\\\/04\\\/teatro-das-figuras-celebra-9-a-edicao-do-festival-os-dias-do-jazz-com-nove-concertos-em-espacos-distintos-da-capital-algarvia\\\/cultura\\\/09\\\/05\\\/#primaryimage\"},\"image\":{\"@id\":\"https:\\\/\\\/algarve7.pt\\\/index.php\\\/2025\\\/04\\\/teatro-das-figuras-celebra-9-a-edicao-do-festival-os-dias-do-jazz-com-nove-concertos-em-espacos-distintos-da-capital-algarvia\\\/cultura\\\/09\\\/05\\\/#primaryimage\"},\"thumbnailUrl\":\"https:\\\/\\\/algarve7.pt\\\/wp-content\\\/uploads\\\/2025\\\/04\\\/Jazz-Mission-Big-Band_-@Instituto-Cultural-de-Macau.jpg\",\"datePublished\":\"2025-04-23T08:05:00+00:00\",\"description\":\"Teatro das Figuras celebra 9.\u00aa edi\u00e7\u00e3o do Festival Os Dias do Jazz com nove concertos em espa\u00e7os distintos da capital algarvia Cultura\",\"breadcrumb\":{\"@id\":\"https:\\\/\\\/algarve7.pt\\\/index.php\\\/2025\\\/04\\\/teatro-das-figuras-celebra-9-a-edicao-do-festival-os-dias-do-jazz-com-nove-concertos-em-espacos-distintos-da-capital-algarvia\\\/cultura\\\/09\\\/05\\\/#breadcrumb\"},\"inLanguage\":\"pt-PT\",\"potentialAction\":[{\"@type\":\"ReadAction\",\"target\":[\"https:\\\/\\\/algarve7.pt\\\/index.php\\\/2025\\\/04\\\/teatro-das-figuras-celebra-9-a-edicao-do-festival-os-dias-do-jazz-com-nove-concertos-em-espacos-distintos-da-capital-algarvia\\\/cultura\\\/09\\\/05\\\/\"]}]},{\"@type\":\"ImageObject\",\"inLanguage\":\"pt-PT\",\"@id\":\"https:\\\/\\\/algarve7.pt\\\/index.php\\\/2025\\\/04\\\/teatro-das-figuras-celebra-9-a-edicao-do-festival-os-dias-do-jazz-com-nove-concertos-em-espacos-distintos-da-capital-algarvia\\\/cultura\\\/09\\\/05\\\/#primaryimage\",\"url\":\"https:\\\/\\\/algarve7.pt\\\/wp-content\\\/uploads\\\/2025\\\/04\\\/Jazz-Mission-Big-Band_-@Instituto-Cultural-de-Macau.jpg\",\"contentUrl\":\"https:\\\/\\\/algarve7.pt\\\/wp-content\\\/uploads\\\/2025\\\/04\\\/Jazz-Mission-Big-Band_-@Instituto-Cultural-de-Macau.jpg\",\"width\":800,\"height\":500},{\"@type\":\"BreadcrumbList\",\"@id\":\"https:\\\/\\\/algarve7.pt\\\/index.php\\\/2025\\\/04\\\/teatro-das-figuras-celebra-9-a-edicao-do-festival-os-dias-do-jazz-com-nove-concertos-em-espacos-distintos-da-capital-algarvia\\\/cultura\\\/09\\\/05\\\/#breadcrumb\",\"itemListElement\":[{\"@type\":\"ListItem\",\"position\":1,\"name\":\"In\u00edcio\",\"item\":\"https:\\\/\\\/algarve7.pt\\\/\"},{\"@type\":\"ListItem\",\"position\":2,\"name\":\"Teatro das Figuras celebra 9.\u00aa edi\u00e7\u00e3o do Festival Os Dias do Jazz com nove concertos em espa\u00e7os distintos da capital algarvia\"}]},{\"@type\":\"WebSite\",\"@id\":\"https:\\\/\\\/algarve7.pt\\\/#website\",\"url\":\"https:\\\/\\\/algarve7.pt\\\/\",\"name\":\"Algarve 7\",\"description\":\"Informa\u00e7\u00e3o sobre o Algarve\",\"publisher\":{\"@id\":\"https:\\\/\\\/algarve7.pt\\\/#organization\"},\"potentialAction\":[{\"@type\":\"SearchAction\",\"target\":{\"@type\":\"EntryPoint\",\"urlTemplate\":\"https:\\\/\\\/algarve7.pt\\\/?s={search_term_string}\"},\"query-input\":{\"@type\":\"PropertyValueSpecification\",\"valueRequired\":true,\"valueName\":\"search_term_string\"}}],\"inLanguage\":\"pt-PT\"},{\"@type\":\"Organization\",\"@id\":\"https:\\\/\\\/algarve7.pt\\\/#organization\",\"name\":\"Algarve 7\",\"url\":\"https:\\\/\\\/algarve7.pt\\\/\",\"logo\":{\"@type\":\"ImageObject\",\"inLanguage\":\"pt-PT\",\"@id\":\"https:\\\/\\\/algarve7.pt\\\/#\\\/schema\\\/logo\\\/image\\\/\",\"url\":\"https:\\\/\\\/algarve7.pt\\\/wp-content\\\/uploads\\\/2020\\\/10\\\/Logo-8.jpg\",\"contentUrl\":\"https:\\\/\\\/algarve7.pt\\\/wp-content\\\/uploads\\\/2020\\\/10\\\/Logo-8.jpg\",\"width\":1680,\"height\":1186,\"caption\":\"Algarve 7\"},\"image\":{\"@id\":\"https:\\\/\\\/algarve7.pt\\\/#\\\/schema\\\/logo\\\/image\\\/\"},\"sameAs\":[\"https:\\\/\\\/www.facebook.com\\\/algarve7\",\"https:\\\/\\\/x.com\\\/Algarvesete\",\"https:\\\/\\\/www.instagram.com\\\/jornalalgarve7\\\/\",\"https:\\\/\\\/www.linkedin.com\\\/company\\\/algarve7\",\"https:\\\/\\\/www.pinterest.pt\\\/geral0939\\\/_created\\\/\"]},{\"@type\":\"Person\",\"@id\":\"https:\\\/\\\/algarve7.pt\\\/#\\\/schema\\\/person\\\/23fa70681308e7b319a3204bcea45e0c\",\"name\":\"Algarve 7\",\"sameAs\":[\"https:\\\/\\\/algarve7.pt\",\"https:\\\/\\\/www.facebook.com\\\/algarve7\"],\"url\":\"https:\\\/\\\/algarve7.pt\\\/index.php\\\/author\\\/geralalgarve7-pt\\\/\"}]}<\/script>\n<!-- \/ Yoast SEO plugin. -->","yoast_head_json":{"title":"Teatro das Figuras celebra 9.\u00aa edi\u00e7\u00e3o do Festival Os Dias do Jazz com nove concertos em espa\u00e7os distintos da capital algarvia - Algarve 7","description":"Teatro das Figuras celebra 9.\u00aa edi\u00e7\u00e3o do Festival Os Dias do Jazz com nove concertos em espa\u00e7os distintos da capital algarvia Cultura","robots":{"index":"index","follow":"follow","max-snippet":"max-snippet:-1","max-image-preview":"max-image-preview:large","max-video-preview":"max-video-preview:-1"},"canonical":"https:\/\/algarve7.pt\/index.php\/2025\/04\/teatro-das-figuras-celebra-9-a-edicao-do-festival-os-dias-do-jazz-com-nove-concertos-em-espacos-distintos-da-capital-algarvia\/cultura\/09\/05\/","og_locale":"pt_PT","og_type":"article","og_title":"Teatro das Figuras celebra 9.\u00aa edi\u00e7\u00e3o do Festival Os Dias do Jazz com nove concertos em espa\u00e7os distintos da capital algarvia - Algarve 7","og_description":"Teatro das Figuras celebra 9.\u00aa edi\u00e7\u00e3o do Festival Os Dias do Jazz com nove concertos em espa\u00e7os distintos da capital algarvia Cultura","og_url":"https:\/\/algarve7.pt\/index.php\/2025\/04\/teatro-das-figuras-celebra-9-a-edicao-do-festival-os-dias-do-jazz-com-nove-concertos-em-espacos-distintos-da-capital-algarvia\/cultura\/09\/05\/","og_site_name":"Algarve 7","article_publisher":"https:\/\/www.facebook.com\/algarve7","article_author":"https:\/\/www.facebook.com\/algarve7","article_published_time":"2025-04-23T08:05:00+00:00","og_image":[{"width":800,"height":500,"url":"https:\/\/algarve7.pt\/wp-content\/uploads\/2025\/04\/Jazz-Mission-Big-Band_-@Instituto-Cultural-de-Macau.jpg","type":"image\/jpeg"}],"author":"Algarve 7","twitter_card":"summary_large_image","twitter_creator":"@Algarvesete","twitter_site":"@Algarvesete","twitter_misc":{"Escrito por":"Algarve 7","Tempo estimado de leitura":"4 minutos"},"schema":{"@context":"https:\/\/schema.org","@graph":[{"@type":"Article","@id":"https:\/\/algarve7.pt\/index.php\/2025\/04\/teatro-das-figuras-celebra-9-a-edicao-do-festival-os-dias-do-jazz-com-nove-concertos-em-espacos-distintos-da-capital-algarvia\/cultura\/09\/05\/#article","isPartOf":{"@id":"https:\/\/algarve7.pt\/index.php\/2025\/04\/teatro-das-figuras-celebra-9-a-edicao-do-festival-os-dias-do-jazz-com-nove-concertos-em-espacos-distintos-da-capital-algarvia\/cultura\/09\/05\/"},"author":{"name":"Algarve 7","@id":"https:\/\/algarve7.pt\/#\/schema\/person\/23fa70681308e7b319a3204bcea45e0c"},"headline":"Teatro das Figuras celebra 9.\u00aa edi\u00e7\u00e3o do Festival Os Dias do Jazz com nove concertos em espa\u00e7os distintos da capital algarvia","datePublished":"2025-04-23T08:05:00+00:00","mainEntityOfPage":{"@id":"https:\/\/algarve7.pt\/index.php\/2025\/04\/teatro-das-figuras-celebra-9-a-edicao-do-festival-os-dias-do-jazz-com-nove-concertos-em-espacos-distintos-da-capital-algarvia\/cultura\/09\/05\/"},"wordCount":677,"publisher":{"@id":"https:\/\/algarve7.pt\/#organization"},"image":{"@id":"https:\/\/algarve7.pt\/index.php\/2025\/04\/teatro-das-figuras-celebra-9-a-edicao-do-festival-os-dias-do-jazz-com-nove-concertos-em-espacos-distintos-da-capital-algarvia\/cultura\/09\/05\/#primaryimage"},"thumbnailUrl":"https:\/\/algarve7.pt\/wp-content\/uploads\/2025\/04\/Jazz-Mission-Big-Band_-@Instituto-Cultural-de-Macau.jpg","keywords":["Algarve","Cultura","Faro","Teatro das Figuras"],"articleSection":["Cultura"],"inLanguage":"pt-PT"},{"@type":"WebPage","@id":"https:\/\/algarve7.pt\/index.php\/2025\/04\/teatro-das-figuras-celebra-9-a-edicao-do-festival-os-dias-do-jazz-com-nove-concertos-em-espacos-distintos-da-capital-algarvia\/cultura\/09\/05\/","url":"https:\/\/algarve7.pt\/index.php\/2025\/04\/teatro-das-figuras-celebra-9-a-edicao-do-festival-os-dias-do-jazz-com-nove-concertos-em-espacos-distintos-da-capital-algarvia\/cultura\/09\/05\/","name":"Teatro das Figuras celebra 9.\u00aa edi\u00e7\u00e3o do Festival Os Dias do Jazz com nove concertos em espa\u00e7os distintos da capital algarvia - Algarve 7","isPartOf":{"@id":"https:\/\/algarve7.pt\/#website"},"primaryImageOfPage":{"@id":"https:\/\/algarve7.pt\/index.php\/2025\/04\/teatro-das-figuras-celebra-9-a-edicao-do-festival-os-dias-do-jazz-com-nove-concertos-em-espacos-distintos-da-capital-algarvia\/cultura\/09\/05\/#primaryimage"},"image":{"@id":"https:\/\/algarve7.pt\/index.php\/2025\/04\/teatro-das-figuras-celebra-9-a-edicao-do-festival-os-dias-do-jazz-com-nove-concertos-em-espacos-distintos-da-capital-algarvia\/cultura\/09\/05\/#primaryimage"},"thumbnailUrl":"https:\/\/algarve7.pt\/wp-content\/uploads\/2025\/04\/Jazz-Mission-Big-Band_-@Instituto-Cultural-de-Macau.jpg","datePublished":"2025-04-23T08:05:00+00:00","description":"Teatro das Figuras celebra 9.\u00aa edi\u00e7\u00e3o do Festival Os Dias do Jazz com nove concertos em espa\u00e7os distintos da capital algarvia Cultura","breadcrumb":{"@id":"https:\/\/algarve7.pt\/index.php\/2025\/04\/teatro-das-figuras-celebra-9-a-edicao-do-festival-os-dias-do-jazz-com-nove-concertos-em-espacos-distintos-da-capital-algarvia\/cultura\/09\/05\/#breadcrumb"},"inLanguage":"pt-PT","potentialAction":[{"@type":"ReadAction","target":["https:\/\/algarve7.pt\/index.php\/2025\/04\/teatro-das-figuras-celebra-9-a-edicao-do-festival-os-dias-do-jazz-com-nove-concertos-em-espacos-distintos-da-capital-algarvia\/cultura\/09\/05\/"]}]},{"@type":"ImageObject","inLanguage":"pt-PT","@id":"https:\/\/algarve7.pt\/index.php\/2025\/04\/teatro-das-figuras-celebra-9-a-edicao-do-festival-os-dias-do-jazz-com-nove-concertos-em-espacos-distintos-da-capital-algarvia\/cultura\/09\/05\/#primaryimage","url":"https:\/\/algarve7.pt\/wp-content\/uploads\/2025\/04\/Jazz-Mission-Big-Band_-@Instituto-Cultural-de-Macau.jpg","contentUrl":"https:\/\/algarve7.pt\/wp-content\/uploads\/2025\/04\/Jazz-Mission-Big-Band_-@Instituto-Cultural-de-Macau.jpg","width":800,"height":500},{"@type":"BreadcrumbList","@id":"https:\/\/algarve7.pt\/index.php\/2025\/04\/teatro-das-figuras-celebra-9-a-edicao-do-festival-os-dias-do-jazz-com-nove-concertos-em-espacos-distintos-da-capital-algarvia\/cultura\/09\/05\/#breadcrumb","itemListElement":[{"@type":"ListItem","position":1,"name":"In\u00edcio","item":"https:\/\/algarve7.pt\/"},{"@type":"ListItem","position":2,"name":"Teatro das Figuras celebra 9.\u00aa edi\u00e7\u00e3o do Festival Os Dias do Jazz com nove concertos em espa\u00e7os distintos da capital algarvia"}]},{"@type":"WebSite","@id":"https:\/\/algarve7.pt\/#website","url":"https:\/\/algarve7.pt\/","name":"Algarve 7","description":"Informa\u00e7\u00e3o sobre o Algarve","publisher":{"@id":"https:\/\/algarve7.pt\/#organization"},"potentialAction":[{"@type":"SearchAction","target":{"@type":"EntryPoint","urlTemplate":"https:\/\/algarve7.pt\/?s={search_term_string}"},"query-input":{"@type":"PropertyValueSpecification","valueRequired":true,"valueName":"search_term_string"}}],"inLanguage":"pt-PT"},{"@type":"Organization","@id":"https:\/\/algarve7.pt\/#organization","name":"Algarve 7","url":"https:\/\/algarve7.pt\/","logo":{"@type":"ImageObject","inLanguage":"pt-PT","@id":"https:\/\/algarve7.pt\/#\/schema\/logo\/image\/","url":"https:\/\/algarve7.pt\/wp-content\/uploads\/2020\/10\/Logo-8.jpg","contentUrl":"https:\/\/algarve7.pt\/wp-content\/uploads\/2020\/10\/Logo-8.jpg","width":1680,"height":1186,"caption":"Algarve 7"},"image":{"@id":"https:\/\/algarve7.pt\/#\/schema\/logo\/image\/"},"sameAs":["https:\/\/www.facebook.com\/algarve7","https:\/\/x.com\/Algarvesete","https:\/\/www.instagram.com\/jornalalgarve7\/","https:\/\/www.linkedin.com\/company\/algarve7","https:\/\/www.pinterest.pt\/geral0939\/_created\/"]},{"@type":"Person","@id":"https:\/\/algarve7.pt\/#\/schema\/person\/23fa70681308e7b319a3204bcea45e0c","name":"Algarve 7","sameAs":["https:\/\/algarve7.pt","https:\/\/www.facebook.com\/algarve7"],"url":"https:\/\/algarve7.pt\/index.php\/author\/geralalgarve7-pt\/"}]}},"jetpack_publicize_connections":[],"jetpack_featured_media_url":"https:\/\/algarve7.pt\/wp-content\/uploads\/2025\/04\/Jazz-Mission-Big-Band_-@Instituto-Cultural-de-Macau.jpg","jetpack_shortlink":"https:\/\/wp.me\/pcezmW-cVV","jetpack_sharing_enabled":true,"_links":{"self":[{"href":"https:\/\/algarve7.pt\/index.php\/wp-json\/wp\/v2\/posts\/49719","targetHints":{"allow":["GET"]}}],"collection":[{"href":"https:\/\/algarve7.pt\/index.php\/wp-json\/wp\/v2\/posts"}],"about":[{"href":"https:\/\/algarve7.pt\/index.php\/wp-json\/wp\/v2\/types\/post"}],"author":[{"embeddable":true,"href":"https:\/\/algarve7.pt\/index.php\/wp-json\/wp\/v2\/users\/1"}],"replies":[{"embeddable":true,"href":"https:\/\/algarve7.pt\/index.php\/wp-json\/wp\/v2\/comments?post=49719"}],"version-history":[{"count":0,"href":"https:\/\/algarve7.pt\/index.php\/wp-json\/wp\/v2\/posts\/49719\/revisions"}],"wp:featuredmedia":[{"embeddable":true,"href":"https:\/\/algarve7.pt\/index.php\/wp-json\/wp\/v2\/media\/49720"}],"wp:attachment":[{"href":"https:\/\/algarve7.pt\/index.php\/wp-json\/wp\/v2\/media?parent=49719"}],"wp:term":[{"taxonomy":"category","embeddable":true,"href":"https:\/\/algarve7.pt\/index.php\/wp-json\/wp\/v2\/categories?post=49719"},{"taxonomy":"post_tag","embeddable":true,"href":"https:\/\/algarve7.pt\/index.php\/wp-json\/wp\/v2\/tags?post=49719"}],"curies":[{"name":"wp","href":"https:\/\/api.w.org\/{rel}","templated":true}]}}