{"id":49716,"date":"2025-04-23T08:15:00","date_gmt":"2025-04-23T07:15:00","guid":{"rendered":"https:\/\/algarve7.pt\/?p=49716"},"modified":"2025-04-22T19:58:52","modified_gmt":"2025-04-22T18:58:52","slug":"municipio-de-vila-real-de-santo-antonio-inaugura-novos-armazens-de-aprestos-de-pesca-em-monte-gordo","status":"publish","type":"post","link":"https:\/\/algarve7.pt\/index.php\/2025\/04\/municipio-de-vila-real-de-santo-antonio-inaugura-novos-armazens-de-aprestos-de-pesca-em-monte-gordo\/atualidade\/08\/15\/","title":{"rendered":"Munic\u00edpio de Vila Real de Santo Ant\u00f3nio inaugura novos armaz\u00e9ns de aprestos de pesca em Monte Gordo"},"content":{"rendered":"\n<p>A C\u00e2mara Municipal de Vila Real de Santo Ant\u00f3nio inaugurou, no passado s\u00e1bado, 19 de abril, os novos armaz\u00e9ns de aprestos em Monte Gordo, numa cerim\u00f3nia que coincidiu com as celebra\u00e7\u00f5es do 24.\u00ba anivers\u00e1rio da eleva\u00e7\u00e3o de Monte Gordo \u00e0 categoria de vila.<\/p>\n\n\n\n<p>A obra representa um investimento de 316 mil euros e integra um conjunto de medidas de apoio ao setor das pescas e de valoriza\u00e7\u00e3o do patrim\u00f3nio mar\u00edtimo local.&nbsp;<\/p>\n\n\n\n<p>Os novos equipamentos foram instalados ao longo do pared\u00e3o sul da Avenida Infante D. Henrique, a norte da sede da associa\u00e7\u00e3o, e incluem 34 armaz\u00e9ns pr\u00e9-fabricados em madeira e um telheiro destinado \u00e0 zona de lavagem social.<\/p>\n\n\n\n<p>A sess\u00e3o solene contou com a presen\u00e7a do Presidente da C\u00e2mara Municipal de VRSA, \u00c1lvaro Ara\u00fajo, do executivo camar\u00e1rio, do Presidente da Junta de Freguesia de Monte Gordo, Ricardo Catarino, da Presidente da Assembleia Municipal de VRSA, C\u00e9lia Paz, da dire\u00e7\u00e3o da Associa\u00e7\u00e3o de Pescadores da Pesca Artesanal da Ba\u00eda de Monte Gordo, presidida por Adriano Rodrigo, bem como de diversas entidades civis, militares e for\u00e7as de seguran\u00e7a.<\/p>\n\n\n\n<p>Durante a cerim\u00f3nia, o Presidente da C\u00e2mara Municipal de VRSA, \u00c1lvaro Ara\u00fajo, destacou a import\u00e2ncia da interven\u00e7\u00e3o para a melhoria das condi\u00e7\u00f5es de trabalho dos pescadores, sublinhando o compromisso da autarquia com o setor das pescas e com a economia local.<\/p>\n\n\n\n<p>\u00abEsta \u00e9 uma obra que responde a uma necessidade antiga da comunidade piscat\u00f3ria e que dignifica o trabalho daqueles que todos os dias contribuem para o desenvolvimento econ\u00f3mico e para a identidade da nossa terra\u00bb, afirmou.<\/p>\n\n\n\n<p>A empreitada foi adjudicada \u00e0 empresa Tosca \u2013 Equipamentos em Madeira, Lda., e tem tamb\u00e9m como objetivos a requalifica\u00e7\u00e3o do espa\u00e7o p\u00fablico, a organiza\u00e7\u00e3o da zona de aprestos e a promo\u00e7\u00e3o da seguran\u00e7a e funcionalidade no local.<\/p>\n\n\n\n<p>A inaugura\u00e7\u00e3o dos armaz\u00e9ns marcou simbolicamente o Dia da Freguesia de Monte Gordo, associando a celebra\u00e7\u00e3o da hist\u00f3ria e identidade da vila a uma interven\u00e7\u00e3o estruturante para o futuro da comunidade piscat\u00f3ria.<\/p>\n","protected":false},"excerpt":{"rendered":"<p>A C\u00e2mara Municipal de Vila Real de Santo Ant\u00f3nio inaugurou, no passado s\u00e1bado, 19 de abril, os novos armaz\u00e9ns de<\/p>\n","protected":false},"author":1,"featured_media":49717,"comment_status":"closed","ping_status":"closed","sticky":false,"template":"","format":"standard","meta":{"colormag_page_container_layout":"default_layout","colormag_page_sidebar_layout":"default_layout","_monsterinsights_skip_tracking":false,"_monsterinsights_sitenote_active":false,"_monsterinsights_sitenote_note":"","_monsterinsights_sitenote_category":0,"jetpack_post_was_ever_published":false,"_jetpack_newsletter_access":"","_jetpack_dont_email_post_to_subs":false,"_jetpack_newsletter_tier_id":0,"_jetpack_memberships_contains_paywalled_content":false,"_jetpack_memberships_contains_paid_content":false,"footnotes":"","jetpack_publicize_message":"","jetpack_publicize_feature_enabled":true,"jetpack_social_post_already_shared":true,"jetpack_social_options":{"image_generator_settings":{"template":"highway","default_image_id":0,"font":"","enabled":false},"version":2}},"categories":[11],"tags":[36,62,403,123],"class_list":["post-49716","post","type-post","status-publish","format-standard","has-post-thumbnail","hentry","category-atualidade","tag-algarve","tag-atualidade","tag-monte-gordo","tag-vila-real-de-sto-antonio"],"yoast_head":"<!-- This site is optimized with the Yoast SEO plugin v27.5 - https:\/\/yoast.com\/product\/yoast-seo-wordpress\/ -->\n<title>Munic\u00edpio de Vila Real de Santo Ant\u00f3nio inaugura novos armaz\u00e9ns de aprestos de pesca em Monte Gordo - Algarve 7<\/title>\n<meta name=\"description\" content=\"Munic\u00edpio de Vila Real de Santo Ant\u00f3nio inaugura novos armaz\u00e9ns de aprestos de pesca em Monte Gordo Atualidade\" \/>\n<meta name=\"robots\" content=\"index, follow, max-snippet:-1, max-image-preview:large, max-video-preview:-1\" \/>\n<link rel=\"canonical\" href=\"https:\/\/algarve7.pt\/index.php\/2025\/04\/municipio-de-vila-real-de-santo-antonio-inaugura-novos-armazens-de-aprestos-de-pesca-em-monte-gordo\/atualidade\/08\/15\/\" \/>\n<meta property=\"og:locale\" content=\"pt_PT\" \/>\n<meta property=\"og:type\" content=\"article\" \/>\n<meta property=\"og:title\" content=\"Munic\u00edpio de Vila Real de Santo Ant\u00f3nio inaugura novos armaz\u00e9ns de aprestos de pesca em Monte Gordo - Algarve 7\" \/>\n<meta property=\"og:description\" content=\"Munic\u00edpio de Vila Real de Santo Ant\u00f3nio inaugura novos armaz\u00e9ns de aprestos de pesca em Monte Gordo Atualidade\" \/>\n<meta property=\"og:url\" content=\"https:\/\/algarve7.pt\/index.php\/2025\/04\/municipio-de-vila-real-de-santo-antonio-inaugura-novos-armazens-de-aprestos-de-pesca-em-monte-gordo\/atualidade\/08\/15\/\" \/>\n<meta property=\"og:site_name\" content=\"Algarve 7\" \/>\n<meta property=\"article:publisher\" content=\"https:\/\/www.facebook.com\/algarve7\" \/>\n<meta property=\"article:author\" content=\"https:\/\/www.facebook.com\/algarve7\" \/>\n<meta property=\"article:published_time\" content=\"2025-04-23T07:15:00+00:00\" \/>\n<meta property=\"og:image\" content=\"https:\/\/algarve7.pt\/wp-content\/uploads\/2025\/04\/Novos-aprestos-pesca_Monte-Gordo-1.jpg\" \/>\n\t<meta property=\"og:image:width\" content=\"800\" \/>\n\t<meta property=\"og:image:height\" content=\"500\" \/>\n\t<meta property=\"og:image:type\" content=\"image\/jpeg\" \/>\n<meta name=\"author\" content=\"Algarve 7\" \/>\n<meta name=\"twitter:card\" content=\"summary_large_image\" \/>\n<meta name=\"twitter:creator\" content=\"@Algarvesete\" \/>\n<meta name=\"twitter:site\" content=\"@Algarvesete\" \/>\n<meta name=\"twitter:label1\" content=\"Escrito por\" \/>\n\t<meta name=\"twitter:data1\" content=\"Algarve 7\" \/>\n\t<meta name=\"twitter:label2\" content=\"Tempo estimado de leitura\" \/>\n\t<meta name=\"twitter:data2\" content=\"2 minutos\" \/>\n<script type=\"application\/ld+json\" class=\"yoast-schema-graph\">{\"@context\":\"https:\\\/\\\/schema.org\",\"@graph\":[{\"@type\":\"Article\",\"@id\":\"https:\\\/\\\/algarve7.pt\\\/index.php\\\/2025\\\/04\\\/municipio-de-vila-real-de-santo-antonio-inaugura-novos-armazens-de-aprestos-de-pesca-em-monte-gordo\\\/atualidade\\\/08\\\/15\\\/#article\",\"isPartOf\":{\"@id\":\"https:\\\/\\\/algarve7.pt\\\/index.php\\\/2025\\\/04\\\/municipio-de-vila-real-de-santo-antonio-inaugura-novos-armazens-de-aprestos-de-pesca-em-monte-gordo\\\/atualidade\\\/08\\\/15\\\/\"},\"author\":{\"name\":\"Algarve 7\",\"@id\":\"https:\\\/\\\/algarve7.pt\\\/#\\\/schema\\\/person\\\/23fa70681308e7b319a3204bcea45e0c\"},\"headline\":\"Munic\u00edpio de Vila Real de Santo Ant\u00f3nio inaugura novos armaz\u00e9ns de aprestos de pesca em Monte Gordo\",\"datePublished\":\"2025-04-23T07:15:00+00:00\",\"mainEntityOfPage\":{\"@id\":\"https:\\\/\\\/algarve7.pt\\\/index.php\\\/2025\\\/04\\\/municipio-de-vila-real-de-santo-antonio-inaugura-novos-armazens-de-aprestos-de-pesca-em-monte-gordo\\\/atualidade\\\/08\\\/15\\\/\"},\"wordCount\":381,\"publisher\":{\"@id\":\"https:\\\/\\\/algarve7.pt\\\/#organization\"},\"image\":{\"@id\":\"https:\\\/\\\/algarve7.pt\\\/index.php\\\/2025\\\/04\\\/municipio-de-vila-real-de-santo-antonio-inaugura-novos-armazens-de-aprestos-de-pesca-em-monte-gordo\\\/atualidade\\\/08\\\/15\\\/#primaryimage\"},\"thumbnailUrl\":\"https:\\\/\\\/algarve7.pt\\\/wp-content\\\/uploads\\\/2025\\\/04\\\/Novos-aprestos-pesca_Monte-Gordo-1.jpg\",\"keywords\":[\"Algarve\",\"Atualidade\",\"Monte Gordo\",\"Vila Real de St\u00ba Ant\u00f3nio\"],\"articleSection\":[\"Atualidade\"],\"inLanguage\":\"pt-PT\"},{\"@type\":\"WebPage\",\"@id\":\"https:\\\/\\\/algarve7.pt\\\/index.php\\\/2025\\\/04\\\/municipio-de-vila-real-de-santo-antonio-inaugura-novos-armazens-de-aprestos-de-pesca-em-monte-gordo\\\/atualidade\\\/08\\\/15\\\/\",\"url\":\"https:\\\/\\\/algarve7.pt\\\/index.php\\\/2025\\\/04\\\/municipio-de-vila-real-de-santo-antonio-inaugura-novos-armazens-de-aprestos-de-pesca-em-monte-gordo\\\/atualidade\\\/08\\\/15\\\/\",\"name\":\"Munic\u00edpio de Vila Real de Santo Ant\u00f3nio inaugura novos armaz\u00e9ns de aprestos de pesca em Monte Gordo - Algarve 7\",\"isPartOf\":{\"@id\":\"https:\\\/\\\/algarve7.pt\\\/#website\"},\"primaryImageOfPage\":{\"@id\":\"https:\\\/\\\/algarve7.pt\\\/index.php\\\/2025\\\/04\\\/municipio-de-vila-real-de-santo-antonio-inaugura-novos-armazens-de-aprestos-de-pesca-em-monte-gordo\\\/atualidade\\\/08\\\/15\\\/#primaryimage\"},\"image\":{\"@id\":\"https:\\\/\\\/algarve7.pt\\\/index.php\\\/2025\\\/04\\\/municipio-de-vila-real-de-santo-antonio-inaugura-novos-armazens-de-aprestos-de-pesca-em-monte-gordo\\\/atualidade\\\/08\\\/15\\\/#primaryimage\"},\"thumbnailUrl\":\"https:\\\/\\\/algarve7.pt\\\/wp-content\\\/uploads\\\/2025\\\/04\\\/Novos-aprestos-pesca_Monte-Gordo-1.jpg\",\"datePublished\":\"2025-04-23T07:15:00+00:00\",\"description\":\"Munic\u00edpio de Vila Real de Santo Ant\u00f3nio inaugura novos armaz\u00e9ns de aprestos de pesca em Monte Gordo Atualidade\",\"breadcrumb\":{\"@id\":\"https:\\\/\\\/algarve7.pt\\\/index.php\\\/2025\\\/04\\\/municipio-de-vila-real-de-santo-antonio-inaugura-novos-armazens-de-aprestos-de-pesca-em-monte-gordo\\\/atualidade\\\/08\\\/15\\\/#breadcrumb\"},\"inLanguage\":\"pt-PT\",\"potentialAction\":[{\"@type\":\"ReadAction\",\"target\":[\"https:\\\/\\\/algarve7.pt\\\/index.php\\\/2025\\\/04\\\/municipio-de-vila-real-de-santo-antonio-inaugura-novos-armazens-de-aprestos-de-pesca-em-monte-gordo\\\/atualidade\\\/08\\\/15\\\/\"]}]},{\"@type\":\"ImageObject\",\"inLanguage\":\"pt-PT\",\"@id\":\"https:\\\/\\\/algarve7.pt\\\/index.php\\\/2025\\\/04\\\/municipio-de-vila-real-de-santo-antonio-inaugura-novos-armazens-de-aprestos-de-pesca-em-monte-gordo\\\/atualidade\\\/08\\\/15\\\/#primaryimage\",\"url\":\"https:\\\/\\\/algarve7.pt\\\/wp-content\\\/uploads\\\/2025\\\/04\\\/Novos-aprestos-pesca_Monte-Gordo-1.jpg\",\"contentUrl\":\"https:\\\/\\\/algarve7.pt\\\/wp-content\\\/uploads\\\/2025\\\/04\\\/Novos-aprestos-pesca_Monte-Gordo-1.jpg\",\"width\":800,\"height\":500},{\"@type\":\"BreadcrumbList\",\"@id\":\"https:\\\/\\\/algarve7.pt\\\/index.php\\\/2025\\\/04\\\/municipio-de-vila-real-de-santo-antonio-inaugura-novos-armazens-de-aprestos-de-pesca-em-monte-gordo\\\/atualidade\\\/08\\\/15\\\/#breadcrumb\",\"itemListElement\":[{\"@type\":\"ListItem\",\"position\":1,\"name\":\"In\u00edcio\",\"item\":\"https:\\\/\\\/algarve7.pt\\\/\"},{\"@type\":\"ListItem\",\"position\":2,\"name\":\"Munic\u00edpio de Vila Real de Santo Ant\u00f3nio inaugura novos armaz\u00e9ns de aprestos de pesca em Monte Gordo\"}]},{\"@type\":\"WebSite\",\"@id\":\"https:\\\/\\\/algarve7.pt\\\/#website\",\"url\":\"https:\\\/\\\/algarve7.pt\\\/\",\"name\":\"Algarve 7\",\"description\":\"Informa\u00e7\u00e3o sobre o Algarve\",\"publisher\":{\"@id\":\"https:\\\/\\\/algarve7.pt\\\/#organization\"},\"potentialAction\":[{\"@type\":\"SearchAction\",\"target\":{\"@type\":\"EntryPoint\",\"urlTemplate\":\"https:\\\/\\\/algarve7.pt\\\/?s={search_term_string}\"},\"query-input\":{\"@type\":\"PropertyValueSpecification\",\"valueRequired\":true,\"valueName\":\"search_term_string\"}}],\"inLanguage\":\"pt-PT\"},{\"@type\":\"Organization\",\"@id\":\"https:\\\/\\\/algarve7.pt\\\/#organization\",\"name\":\"Algarve 7\",\"url\":\"https:\\\/\\\/algarve7.pt\\\/\",\"logo\":{\"@type\":\"ImageObject\",\"inLanguage\":\"pt-PT\",\"@id\":\"https:\\\/\\\/algarve7.pt\\\/#\\\/schema\\\/logo\\\/image\\\/\",\"url\":\"https:\\\/\\\/algarve7.pt\\\/wp-content\\\/uploads\\\/2020\\\/10\\\/Logo-8.jpg\",\"contentUrl\":\"https:\\\/\\\/algarve7.pt\\\/wp-content\\\/uploads\\\/2020\\\/10\\\/Logo-8.jpg\",\"width\":1680,\"height\":1186,\"caption\":\"Algarve 7\"},\"image\":{\"@id\":\"https:\\\/\\\/algarve7.pt\\\/#\\\/schema\\\/logo\\\/image\\\/\"},\"sameAs\":[\"https:\\\/\\\/www.facebook.com\\\/algarve7\",\"https:\\\/\\\/x.com\\\/Algarvesete\",\"https:\\\/\\\/www.instagram.com\\\/jornalalgarve7\\\/\",\"https:\\\/\\\/www.linkedin.com\\\/company\\\/algarve7\",\"https:\\\/\\\/www.pinterest.pt\\\/geral0939\\\/_created\\\/\"]},{\"@type\":\"Person\",\"@id\":\"https:\\\/\\\/algarve7.pt\\\/#\\\/schema\\\/person\\\/23fa70681308e7b319a3204bcea45e0c\",\"name\":\"Algarve 7\",\"sameAs\":[\"https:\\\/\\\/algarve7.pt\",\"https:\\\/\\\/www.facebook.com\\\/algarve7\"],\"url\":\"https:\\\/\\\/algarve7.pt\\\/index.php\\\/author\\\/geralalgarve7-pt\\\/\"}]}<\/script>\n<!-- \/ Yoast SEO plugin. -->","yoast_head_json":{"title":"Munic\u00edpio de Vila Real de Santo Ant\u00f3nio inaugura novos armaz\u00e9ns de aprestos de pesca em Monte Gordo - Algarve 7","description":"Munic\u00edpio de Vila Real de Santo Ant\u00f3nio inaugura novos armaz\u00e9ns de aprestos de pesca em Monte Gordo Atualidade","robots":{"index":"index","follow":"follow","max-snippet":"max-snippet:-1","max-image-preview":"max-image-preview:large","max-video-preview":"max-video-preview:-1"},"canonical":"https:\/\/algarve7.pt\/index.php\/2025\/04\/municipio-de-vila-real-de-santo-antonio-inaugura-novos-armazens-de-aprestos-de-pesca-em-monte-gordo\/atualidade\/08\/15\/","og_locale":"pt_PT","og_type":"article","og_title":"Munic\u00edpio de Vila Real de Santo Ant\u00f3nio inaugura novos armaz\u00e9ns de aprestos de pesca em Monte Gordo - Algarve 7","og_description":"Munic\u00edpio de Vila Real de Santo Ant\u00f3nio inaugura novos armaz\u00e9ns de aprestos de pesca em Monte Gordo Atualidade","og_url":"https:\/\/algarve7.pt\/index.php\/2025\/04\/municipio-de-vila-real-de-santo-antonio-inaugura-novos-armazens-de-aprestos-de-pesca-em-monte-gordo\/atualidade\/08\/15\/","og_site_name":"Algarve 7","article_publisher":"https:\/\/www.facebook.com\/algarve7","article_author":"https:\/\/www.facebook.com\/algarve7","article_published_time":"2025-04-23T07:15:00+00:00","og_image":[{"width":800,"height":500,"url":"https:\/\/algarve7.pt\/wp-content\/uploads\/2025\/04\/Novos-aprestos-pesca_Monte-Gordo-1.jpg","type":"image\/jpeg"}],"author":"Algarve 7","twitter_card":"summary_large_image","twitter_creator":"@Algarvesete","twitter_site":"@Algarvesete","twitter_misc":{"Escrito por":"Algarve 7","Tempo estimado de leitura":"2 minutos"},"schema":{"@context":"https:\/\/schema.org","@graph":[{"@type":"Article","@id":"https:\/\/algarve7.pt\/index.php\/2025\/04\/municipio-de-vila-real-de-santo-antonio-inaugura-novos-armazens-de-aprestos-de-pesca-em-monte-gordo\/atualidade\/08\/15\/#article","isPartOf":{"@id":"https:\/\/algarve7.pt\/index.php\/2025\/04\/municipio-de-vila-real-de-santo-antonio-inaugura-novos-armazens-de-aprestos-de-pesca-em-monte-gordo\/atualidade\/08\/15\/"},"author":{"name":"Algarve 7","@id":"https:\/\/algarve7.pt\/#\/schema\/person\/23fa70681308e7b319a3204bcea45e0c"},"headline":"Munic\u00edpio de Vila Real de Santo Ant\u00f3nio inaugura novos armaz\u00e9ns de aprestos de pesca em Monte Gordo","datePublished":"2025-04-23T07:15:00+00:00","mainEntityOfPage":{"@id":"https:\/\/algarve7.pt\/index.php\/2025\/04\/municipio-de-vila-real-de-santo-antonio-inaugura-novos-armazens-de-aprestos-de-pesca-em-monte-gordo\/atualidade\/08\/15\/"},"wordCount":381,"publisher":{"@id":"https:\/\/algarve7.pt\/#organization"},"image":{"@id":"https:\/\/algarve7.pt\/index.php\/2025\/04\/municipio-de-vila-real-de-santo-antonio-inaugura-novos-armazens-de-aprestos-de-pesca-em-monte-gordo\/atualidade\/08\/15\/#primaryimage"},"thumbnailUrl":"https:\/\/algarve7.pt\/wp-content\/uploads\/2025\/04\/Novos-aprestos-pesca_Monte-Gordo-1.jpg","keywords":["Algarve","Atualidade","Monte Gordo","Vila Real de St\u00ba Ant\u00f3nio"],"articleSection":["Atualidade"],"inLanguage":"pt-PT"},{"@type":"WebPage","@id":"https:\/\/algarve7.pt\/index.php\/2025\/04\/municipio-de-vila-real-de-santo-antonio-inaugura-novos-armazens-de-aprestos-de-pesca-em-monte-gordo\/atualidade\/08\/15\/","url":"https:\/\/algarve7.pt\/index.php\/2025\/04\/municipio-de-vila-real-de-santo-antonio-inaugura-novos-armazens-de-aprestos-de-pesca-em-monte-gordo\/atualidade\/08\/15\/","name":"Munic\u00edpio de Vila Real de Santo Ant\u00f3nio inaugura novos armaz\u00e9ns de aprestos de pesca em Monte Gordo - Algarve 7","isPartOf":{"@id":"https:\/\/algarve7.pt\/#website"},"primaryImageOfPage":{"@id":"https:\/\/algarve7.pt\/index.php\/2025\/04\/municipio-de-vila-real-de-santo-antonio-inaugura-novos-armazens-de-aprestos-de-pesca-em-monte-gordo\/atualidade\/08\/15\/#primaryimage"},"image":{"@id":"https:\/\/algarve7.pt\/index.php\/2025\/04\/municipio-de-vila-real-de-santo-antonio-inaugura-novos-armazens-de-aprestos-de-pesca-em-monte-gordo\/atualidade\/08\/15\/#primaryimage"},"thumbnailUrl":"https:\/\/algarve7.pt\/wp-content\/uploads\/2025\/04\/Novos-aprestos-pesca_Monte-Gordo-1.jpg","datePublished":"2025-04-23T07:15:00+00:00","description":"Munic\u00edpio de Vila Real de Santo Ant\u00f3nio inaugura novos armaz\u00e9ns de aprestos de pesca em Monte Gordo Atualidade","breadcrumb":{"@id":"https:\/\/algarve7.pt\/index.php\/2025\/04\/municipio-de-vila-real-de-santo-antonio-inaugura-novos-armazens-de-aprestos-de-pesca-em-monte-gordo\/atualidade\/08\/15\/#breadcrumb"},"inLanguage":"pt-PT","potentialAction":[{"@type":"ReadAction","target":["https:\/\/algarve7.pt\/index.php\/2025\/04\/municipio-de-vila-real-de-santo-antonio-inaugura-novos-armazens-de-aprestos-de-pesca-em-monte-gordo\/atualidade\/08\/15\/"]}]},{"@type":"ImageObject","inLanguage":"pt-PT","@id":"https:\/\/algarve7.pt\/index.php\/2025\/04\/municipio-de-vila-real-de-santo-antonio-inaugura-novos-armazens-de-aprestos-de-pesca-em-monte-gordo\/atualidade\/08\/15\/#primaryimage","url":"https:\/\/algarve7.pt\/wp-content\/uploads\/2025\/04\/Novos-aprestos-pesca_Monte-Gordo-1.jpg","contentUrl":"https:\/\/algarve7.pt\/wp-content\/uploads\/2025\/04\/Novos-aprestos-pesca_Monte-Gordo-1.jpg","width":800,"height":500},{"@type":"BreadcrumbList","@id":"https:\/\/algarve7.pt\/index.php\/2025\/04\/municipio-de-vila-real-de-santo-antonio-inaugura-novos-armazens-de-aprestos-de-pesca-em-monte-gordo\/atualidade\/08\/15\/#breadcrumb","itemListElement":[{"@type":"ListItem","position":1,"name":"In\u00edcio","item":"https:\/\/algarve7.pt\/"},{"@type":"ListItem","position":2,"name":"Munic\u00edpio de Vila Real de Santo Ant\u00f3nio inaugura novos armaz\u00e9ns de aprestos de pesca em Monte Gordo"}]},{"@type":"WebSite","@id":"https:\/\/algarve7.pt\/#website","url":"https:\/\/algarve7.pt\/","name":"Algarve 7","description":"Informa\u00e7\u00e3o sobre o Algarve","publisher":{"@id":"https:\/\/algarve7.pt\/#organization"},"potentialAction":[{"@type":"SearchAction","target":{"@type":"EntryPoint","urlTemplate":"https:\/\/algarve7.pt\/?s={search_term_string}"},"query-input":{"@type":"PropertyValueSpecification","valueRequired":true,"valueName":"search_term_string"}}],"inLanguage":"pt-PT"},{"@type":"Organization","@id":"https:\/\/algarve7.pt\/#organization","name":"Algarve 7","url":"https:\/\/algarve7.pt\/","logo":{"@type":"ImageObject","inLanguage":"pt-PT","@id":"https:\/\/algarve7.pt\/#\/schema\/logo\/image\/","url":"https:\/\/algarve7.pt\/wp-content\/uploads\/2020\/10\/Logo-8.jpg","contentUrl":"https:\/\/algarve7.pt\/wp-content\/uploads\/2020\/10\/Logo-8.jpg","width":1680,"height":1186,"caption":"Algarve 7"},"image":{"@id":"https:\/\/algarve7.pt\/#\/schema\/logo\/image\/"},"sameAs":["https:\/\/www.facebook.com\/algarve7","https:\/\/x.com\/Algarvesete","https:\/\/www.instagram.com\/jornalalgarve7\/","https:\/\/www.linkedin.com\/company\/algarve7","https:\/\/www.pinterest.pt\/geral0939\/_created\/"]},{"@type":"Person","@id":"https:\/\/algarve7.pt\/#\/schema\/person\/23fa70681308e7b319a3204bcea45e0c","name":"Algarve 7","sameAs":["https:\/\/algarve7.pt","https:\/\/www.facebook.com\/algarve7"],"url":"https:\/\/algarve7.pt\/index.php\/author\/geralalgarve7-pt\/"}]}},"jetpack_publicize_connections":[],"jetpack_featured_media_url":"https:\/\/algarve7.pt\/wp-content\/uploads\/2025\/04\/Novos-aprestos-pesca_Monte-Gordo-1.jpg","jetpack_shortlink":"https:\/\/wp.me\/pcezmW-cVS","jetpack_sharing_enabled":true,"_links":{"self":[{"href":"https:\/\/algarve7.pt\/index.php\/wp-json\/wp\/v2\/posts\/49716","targetHints":{"allow":["GET"]}}],"collection":[{"href":"https:\/\/algarve7.pt\/index.php\/wp-json\/wp\/v2\/posts"}],"about":[{"href":"https:\/\/algarve7.pt\/index.php\/wp-json\/wp\/v2\/types\/post"}],"author":[{"embeddable":true,"href":"https:\/\/algarve7.pt\/index.php\/wp-json\/wp\/v2\/users\/1"}],"replies":[{"embeddable":true,"href":"https:\/\/algarve7.pt\/index.php\/wp-json\/wp\/v2\/comments?post=49716"}],"version-history":[{"count":0,"href":"https:\/\/algarve7.pt\/index.php\/wp-json\/wp\/v2\/posts\/49716\/revisions"}],"wp:featuredmedia":[{"embeddable":true,"href":"https:\/\/algarve7.pt\/index.php\/wp-json\/wp\/v2\/media\/49717"}],"wp:attachment":[{"href":"https:\/\/algarve7.pt\/index.php\/wp-json\/wp\/v2\/media?parent=49716"}],"wp:term":[{"taxonomy":"category","embeddable":true,"href":"https:\/\/algarve7.pt\/index.php\/wp-json\/wp\/v2\/categories?post=49716"},{"taxonomy":"post_tag","embeddable":true,"href":"https:\/\/algarve7.pt\/index.php\/wp-json\/wp\/v2\/tags?post=49716"}],"curies":[{"name":"wp","href":"https:\/\/api.w.org\/{rel}","templated":true}]}}