{"id":4958,"date":"2020-12-29T18:43:51","date_gmt":"2020-12-29T18:43:51","guid":{"rendered":"https:\/\/algarve7.pt\/?p=4958"},"modified":"2020-12-29T18:44:33","modified_gmt":"2020-12-29T18:44:33","slug":"cineteatro-louletano-com-programacao-de-referencia-em-2021","status":"publish","type":"post","link":"https:\/\/algarve7.pt\/index.php\/2020\/12\/cineteatro-louletano-com-programacao-de-referencia-em-2021\/cultura\/18\/43\/","title":{"rendered":"Cineteatro Louletano com programa\u00e7\u00e3o de refer\u00eancia em 2021"},"content":{"rendered":"\n<p>Ano novo, vida nova e tamb\u00e9m no Cineteatro Louletano em 2021 a programa\u00e7\u00e3o trar\u00e1 um vasto leque de estreias com foco na qualidade, inova\u00e7\u00e3o e pedagogia cultural.&nbsp;&nbsp;<\/p>\n\n\n\n<p>No ano que se avizinha, e em que se comemoram os 10 anos da reinaugura\u00e7\u00e3o do Cineteatro ap\u00f3s as obras de restauro, a programa\u00e7\u00e3o volta a ter o melhor do teatro nacional com propostas in\u00e9ditas a sul, tais como a pe\u00e7a \u201cA margem do tempo\u201d, naquela que ser\u00e1 a despedida de palco da atriz Eunice Mu\u00f1oz, \u201cFesta de 15 anos\u201d de Mickael de Oliveira com Albano Jer\u00f3nimo, \u201cPerfil Perdido\u201d de Marco Martins com Beatriz Batarda e Romeu Runa e \u201cCenas da vida conjugal\u201d, de Rita Cal\u00e7ada Bastos com Ivo Canelas.&nbsp;<\/p>\n\n\n\n<p>No \u00e2mbito da colabora\u00e7\u00e3o com a ACTA \u2013 Companhia de Teatro do Algarve, o Cineteatro acolher\u00e1 em 2021 \u201cA noite de Molly Bloom\u201d e \u201cUm gajo nunca mais \u00e9 a mesma coisa\u201d.<\/p>\n\n\n\n<p>J\u00e1 no ciclo \u201cImplika\u00e7\u00e3o\u201d, iniciado em 2019, continuamos com a programa\u00e7\u00e3o implicada e de escuta sobre a nossa sociedade: \u201cEngolir Sapos\u201d, da Amarelo Silvestre, sobre o tema da inclus\u00e3o social e das minorias, nomeadamente da comunidade de etnia cigana, \u201cFake\u201d, de In\u00eas Barahona &amp; Miguel Fragata, sobre o tema da verdade\/mentira e das fake news, \u201cDi\u00e1rio de uma Rep\u00fablica \u2013 I\u201d, da Amarelo Silvestre, sobre a justi\u00e7a, \u201cCatarina ou a beleza de matar fascistas\u201d, de Tiago Rodrigues, sobre o poder, \u201cDo bosque para o mundo\u201d, de In\u00eas Barahona &amp; Miguel Fragata, sobre a tem\u00e1tica dos refugiados, \u201cRomeu e Romeu\u201d de Jo\u00e3o de Brito, \u201cCordyceps\u201d, de Jo\u00e3o Pedro Leal, Eduardo Molina e Marco Mendon\u00e7a, sobre a democracia e \u201cMon\u00f3logo de uma mulher chamada Maria com a sua patroa\u201d, de Sara Barros Leit\u00e3o, sobre o tema da emancipa\u00e7\u00e3o do feminino, ela que ganhou em dezembro de 2020 o Pr\u00e9mio Revela\u00e7\u00e3o Ageas Teatro D. Maria II.&nbsp;<\/p>\n\n\n\n<p>Por outro lado, incidindo sobre projetos de maior experimenta\u00e7\u00e3o e inova\u00e7\u00e3o est\u00e9tica, a programa\u00e7\u00e3o do CTL ter\u00e1 v\u00e1rios espet\u00e1culos que cruzam teatro e performance conferindo ainda uma maior contemporaneidade \u00e0 programa\u00e7\u00e3o, tais como \u201cAntes\u201d, de Pedro Penim, do Teatro Praga e \u201cTriste English in Spanish\u201d, de S\u00f3nia Baptista.&nbsp;<\/p>\n\n\n\n<p>A reposi\u00e7\u00e3o de uma encomenda do CTL que toca a alma de todos os louletanos &#8211; a pe\u00e7a de teatro \u201cSoberana\u201d, em torno das celebra\u00e7\u00f5es religiosas da M\u00e3e Soberana &#8211; subir\u00e1 ao palco pelo Teatro do El\u00e9ctrico com encena\u00e7\u00e3o de Ricardo Neves-Neves, agora com quatro apresenta\u00e7\u00f5es depois do sucesso em 2019.<\/p>\n\n\n\n<p>2021 continuar\u00e1 o trabalho na \u00e1rea da Dan\u00e7a, a come\u00e7ar pelo F\u00f3rum de Dan\u00e7a Inclusiva pelo Grupo Dan\u00e7ando com a Diferen\u00e7a que introduz um novo vetor estrat\u00e9gico a n\u00edvel da programa\u00e7\u00e3o regular do Cineteatro, centrado na dimens\u00e3o inclusiva da Dan\u00e7a. Congregando n\u00e3o s\u00f3 as institui\u00e7\u00f5es do concelho de Loul\u00e9 e da regi\u00e3o que trabalham com pessoas com defici\u00eancia (motora, intelectual) como a restante comunidade ao n\u00edvel das escolas e dos projetos sociais da autarquia desenvolvidos com a popula\u00e7\u00e3o s\u00e9nior. Tamb\u00e9m merecem destaque a estreia a sul da nova cria\u00e7\u00e3o da Companhia Paulo Ribeiro, em que o CTL \u00e9 co-produtor; a nova cria\u00e7\u00e3o do core\u00f3grafo David Marques, \u201cMist\u00e9rio da Cultura\u201d, que aborda o mundo da arte e os meandros da burocracia cultural; uma pe\u00e7a da reconhecida dupla S\u00e3o Castro e Ant\u00f3nio M Cabrita; \u201cLast\u201d, que opera uma releitura da obra de Beethoven para o mundo da dan\u00e7a contempor\u00e2nea, com a atua\u00e7\u00e3o ao vivo do prestigiado Quarteto de Cordas de Matosinhos; quatro cria\u00e7\u00f5es da IN TRANZ YT Cia.Jovem, de Cristina Pereira e Vasco Macide, trazendo a Loul\u00e9 v\u00e1rios talentos promissores da cena nacional e internacional, em estreia a sul e o espet\u00e1culo \u201cO lugar do canto est\u00e1 vazio\u201d, da prestigiada dupla Sofia Dias e V\u00edtor Roriz em parceria com a Companhia Maior, numa co-produ\u00e7\u00e3o do CTL.<\/p>\n\n\n\n<p>Em 2021, a m\u00fasica continua com um lugar especial na programa\u00e7\u00e3o. No dia da cidade de Loul\u00e9, M\u00e1rio Laginha e o seu trio, compositor e pianista, assinalando tamb\u00e9m os 10 anos da reinaugura\u00e7\u00e3o do Cineteatro Louletano (2011-2021), em fevereiro, mas tamb\u00e9m Teresa Salgueiro (ex-Madredeus), Cuca Roseta, estreia a sul do novo disco sobre Am\u00e1lia, Capicua, e o contrabaixista Carlos Bica com uma encomenda, \u201cPlaying with Beethoven\u201d em que junta Daniel Erdmann, DJ Illvibe e Jo\u00e3o Paulo Esteves da Silva para uma grava\u00e7\u00e3o de um disco ao vivo. Mas a m\u00fasica n\u00e3o p\u00e1ra a\u00ed. Tiago Bettencourt vem a Loul\u00e9 apresentar o novo disco, M\u00e1rcia, Cati Freitas, e Mila Ferreira, todos eles v\u00e3o contribuir para um ano em cheio no palco de uma casa que conta j\u00e1 com 90 anos de exist\u00eancia e que se tem afirmado como um equipamento de excel\u00eancia no Algarve e a n\u00edvel nacional. Honrando esse esp\u00edrito, acolhemos o prestigiado Pr\u00e9mio Jovens M\u00fasicos Antena 2\/RTP, damos ar ao Festival Internacional de Trompete, acolhemos Am\u00e9lia Muge &amp; Filipe Raposo, o recital sobre Strauss do pianista Nuno Vieira de Almeida com o ator Albano Jer\u00f3nimo e o Festival de M\u00fasica Al-Mutamid. E abrimos de novo as portas aos projetos \u201cmade in Algarve\u201d, tais como Paulinho L\u00eamos, Osmose, Carolina Fonson, estes dois no ciclo ilustres desconhecidos, Z\u00e9 Francisco &amp; Vitorino, e Nelson Concei\u00e7\u00e3o (Garvefole) ou ainda a Gala dos Fadistas Louletanos e a estreia nacional do CAL Jazz Colective composto por alguns dos m\u00fasicos mais virtuosos da nova gera\u00e7\u00e3o sediados a sul.<\/p>\n\n\n\n<p>Para al\u00e9m do Teatro, da M\u00fasica e da Inclus\u00e3o pela Dan\u00e7a\/Movimento, um outro vetor estrat\u00e9gico da programa\u00e7\u00e3o do Cineteatro consiste nos cruzamentos interdisciplinares. 2021 traz consigo a 6.\u00aa edi\u00e7\u00e3o do Som Riscado \u2013 Festival de M\u00fasica e Imagem de Loul\u00e9, com diversos concertos, debates, instala\u00e7\u00f5es interativas e forma\u00e7\u00f5es de refer\u00eancia a sul do pa\u00eds. Mas tamb\u00e9m o Festival Ver\u00e3o Azul, organizado pela Associa\u00e7\u00e3o CasaBranca e o Fome \u2013 Festival de Objectos e Marionetas &amp; Outros Comeres produzido pela ACTA numa l\u00f3gica em rede e o Central Artes \u2013 Programa\u00e7\u00e3o cultural em rede, numa aposta dos v\u00e1rios munic\u00edpios do Algarve Central.<\/p>\n\n\n\n<p>Quem conhece o Cineteatro Louletano sabe que, desde 2014, se tem apostado num forte envolvimento com as associa\u00e7\u00f5es locais incluindo tamb\u00e9m a comunidade escolar. Assim, as seguintes cria\u00e7\u00f5es, quase todas em absoluta estreia a sul do pa\u00eds e a maioria delas co-produzida pelo Cineteatro, englobam essa preocupa\u00e7\u00e3o e ter\u00e3o intera\u00e7\u00e3o com esses agentes espec\u00edficos: \u201cEngolir Sapos\u201d, \u201cRomeu e Romeu\u201d de Jo\u00e3o de Brito, \u201cO C\u00e9u por cima de c\u00e1\u201d da Companhia de M\u00fasica Teatral, \u201cFake\u201d, \u201cAssim devera eu ser\u201d de Catarina Moura, Celina da Piedade e Sara Vidal, sobre a vida e obra de Am\u00e1lia, \u201cDi\u00e1rio de uma Rep\u00fablica \u2013 I\u201d, \u201cDo bosque para o mundo\u201d, \u201cAldebar\u00e3\u201d de Marco Paiva e uma nova \u00f3pera infanto-juvenil de Ricardo Neves-Neves com Martim Sousa Tavares.&nbsp;<\/p>\n\n\n\n<p>Isto sem esquecer os tr\u00eas concertos \u201cPromenade\u201d que a Orquestra Cl\u00e1ssica do Sul vai realizar, num ambiente de informalismo e proximidade destinado \u00e0s fam\u00edlias, sensibilizando os mais novos para a riqueza da m\u00fasica erudita.<\/p>\n\n\n\n<p>O cinema tamb\u00e9m continuar\u00e1 a projetar-se na sala do CTL. A Monstrare \u2013 Mostra Internacional de Cinema Social, agora na s\u00e9tima edi\u00e7\u00e3o, ir\u00e1 trazer o melhor do cinema que trata e pensa as quest\u00f5es da atualidade no mundo, com alguns dos melhores realizadores e talentos ao n\u00edvel do filme e document\u00e1rio. Tamb\u00e9m a Mostra de Cinema da Am\u00e9rica Latina que vai j\u00e1 para a sua 11\u00aa edi\u00e7\u00e3o, ou ainda a cl\u00e1ssica Festa do Cinema Italiano, que coloca Loul\u00e9 no roteiro nacional que engloba v\u00e1rias cidades ter\u00e3o lugar no grande ecr\u00e3.&nbsp;<\/p>\n\n\n\n<p>Recorde-se que apesar do contexto adverso, devido \u00e0 pandemia COVID-19, o Cineteatro Louletano conseguiu manter os seus padr\u00f5es elevados em 2020, miss\u00e3o que perseguir\u00e1 em 2021. A estrutura que tem sido, entre outras, uma aposta estrat\u00e9gica importante por parte do munic\u00edpio, tem privilegiado n\u00e3o s\u00f3 a Cultura e os agentes culturais mas tamb\u00e9m demonstrado que \u00e9 poss\u00edvel exercer o seu papel de servi\u00e7o p\u00fablico e de forma\u00e7\u00e3o de p\u00fablicos numa l\u00f3gica de responsabilidade cultural, implementando todas as medidas de higiene e seguran\u00e7a necess\u00e1rias.<\/p>\n\n\n\n<p>O Cineteatro \u00e9 uma estrutura cultural no dom\u00ednio das artes performativas da C\u00e2mara Municipal de Loul\u00e9, integrado na Rede Azul \u2013 Rede de Teatros do Algarve e na Rede 5 Sentidos.<\/p>\n","protected":false},"excerpt":{"rendered":"<p>Ano novo, vida nova e tamb\u00e9m no Cineteatro Louletano em 2021 a programa\u00e7\u00e3o trar\u00e1 um vasto leque de estreias com<\/p>\n","protected":false},"author":1,"featured_media":4959,"comment_status":"closed","ping_status":"open","sticky":false,"template":"","format":"standard","meta":{"colormag_page_container_layout":"default_layout","colormag_page_sidebar_layout":"default_layout","_monsterinsights_skip_tracking":false,"_monsterinsights_sitenote_active":false,"_monsterinsights_sitenote_note":"","_monsterinsights_sitenote_category":0,"jetpack_post_was_ever_published":false,"_jetpack_newsletter_access":"","_jetpack_dont_email_post_to_subs":false,"_jetpack_newsletter_tier_id":0,"_jetpack_memberships_contains_paywalled_content":false,"_jetpack_memberships_contains_paid_content":false,"footnotes":"","jetpack_publicize_message":"","jetpack_publicize_feature_enabled":true,"jetpack_social_post_already_shared":true,"jetpack_social_options":{"image_generator_settings":{"template":"highway","default_image_id":0,"font":"","enabled":false},"version":2}},"categories":[14],"tags":[36,53,52,35,31],"class_list":["post-4958","post","type-post","status-publish","format-standard","has-post-thumbnail","hentry","category-cultura","tag-algarve","tag-cine-teatro","tag-concerto","tag-cultura","tag-loule"],"yoast_head":"<!-- This site is optimized with the Yoast SEO plugin v27.5 - https:\/\/yoast.com\/product\/yoast-seo-wordpress\/ -->\n<title>Cineteatro Louletano com programa\u00e7\u00e3o de refer\u00eancia em 2021 - Algarve 7<\/title>\n<meta name=\"description\" content=\"Cineteatro Louletano com programa\u00e7\u00e3o de refer\u00eancia em 2021 Cultura\" \/>\n<meta name=\"robots\" content=\"index, follow, max-snippet:-1, max-image-preview:large, max-video-preview:-1\" \/>\n<link rel=\"canonical\" href=\"https:\/\/algarve7.pt\/index.php\/2020\/12\/cineteatro-louletano-com-programacao-de-referencia-em-2021\/cultura\/18\/43\/\" \/>\n<meta property=\"og:locale\" content=\"pt_PT\" \/>\n<meta property=\"og:type\" content=\"article\" \/>\n<meta property=\"og:title\" content=\"Cineteatro Louletano com programa\u00e7\u00e3o de refer\u00eancia em 2021 - Algarve 7\" \/>\n<meta property=\"og:description\" content=\"Cineteatro Louletano com programa\u00e7\u00e3o de refer\u00eancia em 2021 Cultura\" \/>\n<meta property=\"og:url\" content=\"https:\/\/algarve7.pt\/index.php\/2020\/12\/cineteatro-louletano-com-programacao-de-referencia-em-2021\/cultura\/18\/43\/\" \/>\n<meta property=\"og:site_name\" content=\"Algarve 7\" \/>\n<meta property=\"article:publisher\" content=\"https:\/\/www.facebook.com\/algarve7\" \/>\n<meta property=\"article:author\" content=\"https:\/\/www.facebook.com\/algarve7\" \/>\n<meta property=\"article:published_time\" content=\"2020-12-29T18:43:51+00:00\" \/>\n<meta property=\"article:modified_time\" content=\"2020-12-29T18:44:33+00:00\" \/>\n<meta property=\"og:image\" content=\"https:\/\/algarve7.pt\/wp-content\/uploads\/2020\/12\/eunice-munoz.jpeg\" \/>\n\t<meta property=\"og:image:width\" content=\"1400\" \/>\n\t<meta property=\"og:image:height\" content=\"901\" \/>\n\t<meta property=\"og:image:type\" content=\"image\/jpeg\" \/>\n<meta name=\"author\" content=\"Algarve 7\" \/>\n<meta name=\"twitter:card\" content=\"summary_large_image\" \/>\n<meta name=\"twitter:creator\" content=\"@Algarvesete\" \/>\n<meta name=\"twitter:site\" content=\"@Algarvesete\" \/>\n<meta name=\"twitter:label1\" content=\"Escrito por\" \/>\n\t<meta name=\"twitter:data1\" content=\"Algarve 7\" \/>\n\t<meta name=\"twitter:label2\" content=\"Tempo estimado de leitura\" \/>\n\t<meta name=\"twitter:data2\" content=\"7 minutos\" \/>\n<script type=\"application\/ld+json\" class=\"yoast-schema-graph\">{\"@context\":\"https:\\\/\\\/schema.org\",\"@graph\":[{\"@type\":\"Article\",\"@id\":\"https:\\\/\\\/algarve7.pt\\\/index.php\\\/2020\\\/12\\\/cineteatro-louletano-com-programacao-de-referencia-em-2021\\\/cultura\\\/18\\\/43\\\/#article\",\"isPartOf\":{\"@id\":\"https:\\\/\\\/algarve7.pt\\\/index.php\\\/2020\\\/12\\\/cineteatro-louletano-com-programacao-de-referencia-em-2021\\\/cultura\\\/18\\\/43\\\/\"},\"author\":{\"name\":\"Algarve 7\",\"@id\":\"https:\\\/\\\/algarve7.pt\\\/#\\\/schema\\\/person\\\/23fa70681308e7b319a3204bcea45e0c\"},\"headline\":\"Cineteatro Louletano com programa\u00e7\u00e3o de refer\u00eancia em 2021\",\"datePublished\":\"2020-12-29T18:43:51+00:00\",\"dateModified\":\"2020-12-29T18:44:33+00:00\",\"mainEntityOfPage\":{\"@id\":\"https:\\\/\\\/algarve7.pt\\\/index.php\\\/2020\\\/12\\\/cineteatro-louletano-com-programacao-de-referencia-em-2021\\\/cultura\\\/18\\\/43\\\/\"},\"wordCount\":1483,\"publisher\":{\"@id\":\"https:\\\/\\\/algarve7.pt\\\/#organization\"},\"image\":{\"@id\":\"https:\\\/\\\/algarve7.pt\\\/index.php\\\/2020\\\/12\\\/cineteatro-louletano-com-programacao-de-referencia-em-2021\\\/cultura\\\/18\\\/43\\\/#primaryimage\"},\"thumbnailUrl\":\"https:\\\/\\\/algarve7.pt\\\/wp-content\\\/uploads\\\/2020\\\/12\\\/eunice-munoz.jpeg\",\"keywords\":[\"Algarve\",\"Cin\u00e9-Teatro\",\"Concerto\",\"Cultura\",\"Loul\u00e9\"],\"articleSection\":[\"Cultura\"],\"inLanguage\":\"pt-PT\"},{\"@type\":\"WebPage\",\"@id\":\"https:\\\/\\\/algarve7.pt\\\/index.php\\\/2020\\\/12\\\/cineteatro-louletano-com-programacao-de-referencia-em-2021\\\/cultura\\\/18\\\/43\\\/\",\"url\":\"https:\\\/\\\/algarve7.pt\\\/index.php\\\/2020\\\/12\\\/cineteatro-louletano-com-programacao-de-referencia-em-2021\\\/cultura\\\/18\\\/43\\\/\",\"name\":\"Cineteatro Louletano com programa\u00e7\u00e3o de refer\u00eancia em 2021 - Algarve 7\",\"isPartOf\":{\"@id\":\"https:\\\/\\\/algarve7.pt\\\/#website\"},\"primaryImageOfPage\":{\"@id\":\"https:\\\/\\\/algarve7.pt\\\/index.php\\\/2020\\\/12\\\/cineteatro-louletano-com-programacao-de-referencia-em-2021\\\/cultura\\\/18\\\/43\\\/#primaryimage\"},\"image\":{\"@id\":\"https:\\\/\\\/algarve7.pt\\\/index.php\\\/2020\\\/12\\\/cineteatro-louletano-com-programacao-de-referencia-em-2021\\\/cultura\\\/18\\\/43\\\/#primaryimage\"},\"thumbnailUrl\":\"https:\\\/\\\/algarve7.pt\\\/wp-content\\\/uploads\\\/2020\\\/12\\\/eunice-munoz.jpeg\",\"datePublished\":\"2020-12-29T18:43:51+00:00\",\"dateModified\":\"2020-12-29T18:44:33+00:00\",\"description\":\"Cineteatro Louletano com programa\u00e7\u00e3o de refer\u00eancia em 2021 Cultura\",\"breadcrumb\":{\"@id\":\"https:\\\/\\\/algarve7.pt\\\/index.php\\\/2020\\\/12\\\/cineteatro-louletano-com-programacao-de-referencia-em-2021\\\/cultura\\\/18\\\/43\\\/#breadcrumb\"},\"inLanguage\":\"pt-PT\",\"potentialAction\":[{\"@type\":\"ReadAction\",\"target\":[\"https:\\\/\\\/algarve7.pt\\\/index.php\\\/2020\\\/12\\\/cineteatro-louletano-com-programacao-de-referencia-em-2021\\\/cultura\\\/18\\\/43\\\/\"]}]},{\"@type\":\"ImageObject\",\"inLanguage\":\"pt-PT\",\"@id\":\"https:\\\/\\\/algarve7.pt\\\/index.php\\\/2020\\\/12\\\/cineteatro-louletano-com-programacao-de-referencia-em-2021\\\/cultura\\\/18\\\/43\\\/#primaryimage\",\"url\":\"https:\\\/\\\/algarve7.pt\\\/wp-content\\\/uploads\\\/2020\\\/12\\\/eunice-munoz.jpeg\",\"contentUrl\":\"https:\\\/\\\/algarve7.pt\\\/wp-content\\\/uploads\\\/2020\\\/12\\\/eunice-munoz.jpeg\",\"width\":1400,\"height\":901},{\"@type\":\"BreadcrumbList\",\"@id\":\"https:\\\/\\\/algarve7.pt\\\/index.php\\\/2020\\\/12\\\/cineteatro-louletano-com-programacao-de-referencia-em-2021\\\/cultura\\\/18\\\/43\\\/#breadcrumb\",\"itemListElement\":[{\"@type\":\"ListItem\",\"position\":1,\"name\":\"In\u00edcio\",\"item\":\"https:\\\/\\\/algarve7.pt\\\/\"},{\"@type\":\"ListItem\",\"position\":2,\"name\":\"Cineteatro Louletano com programa\u00e7\u00e3o de refer\u00eancia em 2021\"}]},{\"@type\":\"WebSite\",\"@id\":\"https:\\\/\\\/algarve7.pt\\\/#website\",\"url\":\"https:\\\/\\\/algarve7.pt\\\/\",\"name\":\"Algarve 7\",\"description\":\"Informa\u00e7\u00e3o sobre o Algarve\",\"publisher\":{\"@id\":\"https:\\\/\\\/algarve7.pt\\\/#organization\"},\"potentialAction\":[{\"@type\":\"SearchAction\",\"target\":{\"@type\":\"EntryPoint\",\"urlTemplate\":\"https:\\\/\\\/algarve7.pt\\\/?s={search_term_string}\"},\"query-input\":{\"@type\":\"PropertyValueSpecification\",\"valueRequired\":true,\"valueName\":\"search_term_string\"}}],\"inLanguage\":\"pt-PT\"},{\"@type\":\"Organization\",\"@id\":\"https:\\\/\\\/algarve7.pt\\\/#organization\",\"name\":\"Algarve 7\",\"url\":\"https:\\\/\\\/algarve7.pt\\\/\",\"logo\":{\"@type\":\"ImageObject\",\"inLanguage\":\"pt-PT\",\"@id\":\"https:\\\/\\\/algarve7.pt\\\/#\\\/schema\\\/logo\\\/image\\\/\",\"url\":\"https:\\\/\\\/algarve7.pt\\\/wp-content\\\/uploads\\\/2020\\\/10\\\/Logo-8.jpg\",\"contentUrl\":\"https:\\\/\\\/algarve7.pt\\\/wp-content\\\/uploads\\\/2020\\\/10\\\/Logo-8.jpg\",\"width\":1680,\"height\":1186,\"caption\":\"Algarve 7\"},\"image\":{\"@id\":\"https:\\\/\\\/algarve7.pt\\\/#\\\/schema\\\/logo\\\/image\\\/\"},\"sameAs\":[\"https:\\\/\\\/www.facebook.com\\\/algarve7\",\"https:\\\/\\\/x.com\\\/Algarvesete\",\"https:\\\/\\\/www.instagram.com\\\/jornalalgarve7\\\/\",\"https:\\\/\\\/www.linkedin.com\\\/company\\\/algarve7\",\"https:\\\/\\\/www.pinterest.pt\\\/geral0939\\\/_created\\\/\"]},{\"@type\":\"Person\",\"@id\":\"https:\\\/\\\/algarve7.pt\\\/#\\\/schema\\\/person\\\/23fa70681308e7b319a3204bcea45e0c\",\"name\":\"Algarve 7\",\"sameAs\":[\"https:\\\/\\\/algarve7.pt\",\"https:\\\/\\\/www.facebook.com\\\/algarve7\"],\"url\":\"https:\\\/\\\/algarve7.pt\\\/index.php\\\/author\\\/geralalgarve7-pt\\\/\"}]}<\/script>\n<!-- \/ Yoast SEO plugin. -->","yoast_head_json":{"title":"Cineteatro Louletano com programa\u00e7\u00e3o de refer\u00eancia em 2021 - Algarve 7","description":"Cineteatro Louletano com programa\u00e7\u00e3o de refer\u00eancia em 2021 Cultura","robots":{"index":"index","follow":"follow","max-snippet":"max-snippet:-1","max-image-preview":"max-image-preview:large","max-video-preview":"max-video-preview:-1"},"canonical":"https:\/\/algarve7.pt\/index.php\/2020\/12\/cineteatro-louletano-com-programacao-de-referencia-em-2021\/cultura\/18\/43\/","og_locale":"pt_PT","og_type":"article","og_title":"Cineteatro Louletano com programa\u00e7\u00e3o de refer\u00eancia em 2021 - Algarve 7","og_description":"Cineteatro Louletano com programa\u00e7\u00e3o de refer\u00eancia em 2021 Cultura","og_url":"https:\/\/algarve7.pt\/index.php\/2020\/12\/cineteatro-louletano-com-programacao-de-referencia-em-2021\/cultura\/18\/43\/","og_site_name":"Algarve 7","article_publisher":"https:\/\/www.facebook.com\/algarve7","article_author":"https:\/\/www.facebook.com\/algarve7","article_published_time":"2020-12-29T18:43:51+00:00","article_modified_time":"2020-12-29T18:44:33+00:00","og_image":[{"width":1400,"height":901,"url":"https:\/\/algarve7.pt\/wp-content\/uploads\/2020\/12\/eunice-munoz.jpeg","type":"image\/jpeg"}],"author":"Algarve 7","twitter_card":"summary_large_image","twitter_creator":"@Algarvesete","twitter_site":"@Algarvesete","twitter_misc":{"Escrito por":"Algarve 7","Tempo estimado de leitura":"7 minutos"},"schema":{"@context":"https:\/\/schema.org","@graph":[{"@type":"Article","@id":"https:\/\/algarve7.pt\/index.php\/2020\/12\/cineteatro-louletano-com-programacao-de-referencia-em-2021\/cultura\/18\/43\/#article","isPartOf":{"@id":"https:\/\/algarve7.pt\/index.php\/2020\/12\/cineteatro-louletano-com-programacao-de-referencia-em-2021\/cultura\/18\/43\/"},"author":{"name":"Algarve 7","@id":"https:\/\/algarve7.pt\/#\/schema\/person\/23fa70681308e7b319a3204bcea45e0c"},"headline":"Cineteatro Louletano com programa\u00e7\u00e3o de refer\u00eancia em 2021","datePublished":"2020-12-29T18:43:51+00:00","dateModified":"2020-12-29T18:44:33+00:00","mainEntityOfPage":{"@id":"https:\/\/algarve7.pt\/index.php\/2020\/12\/cineteatro-louletano-com-programacao-de-referencia-em-2021\/cultura\/18\/43\/"},"wordCount":1483,"publisher":{"@id":"https:\/\/algarve7.pt\/#organization"},"image":{"@id":"https:\/\/algarve7.pt\/index.php\/2020\/12\/cineteatro-louletano-com-programacao-de-referencia-em-2021\/cultura\/18\/43\/#primaryimage"},"thumbnailUrl":"https:\/\/algarve7.pt\/wp-content\/uploads\/2020\/12\/eunice-munoz.jpeg","keywords":["Algarve","Cin\u00e9-Teatro","Concerto","Cultura","Loul\u00e9"],"articleSection":["Cultura"],"inLanguage":"pt-PT"},{"@type":"WebPage","@id":"https:\/\/algarve7.pt\/index.php\/2020\/12\/cineteatro-louletano-com-programacao-de-referencia-em-2021\/cultura\/18\/43\/","url":"https:\/\/algarve7.pt\/index.php\/2020\/12\/cineteatro-louletano-com-programacao-de-referencia-em-2021\/cultura\/18\/43\/","name":"Cineteatro Louletano com programa\u00e7\u00e3o de refer\u00eancia em 2021 - Algarve 7","isPartOf":{"@id":"https:\/\/algarve7.pt\/#website"},"primaryImageOfPage":{"@id":"https:\/\/algarve7.pt\/index.php\/2020\/12\/cineteatro-louletano-com-programacao-de-referencia-em-2021\/cultura\/18\/43\/#primaryimage"},"image":{"@id":"https:\/\/algarve7.pt\/index.php\/2020\/12\/cineteatro-louletano-com-programacao-de-referencia-em-2021\/cultura\/18\/43\/#primaryimage"},"thumbnailUrl":"https:\/\/algarve7.pt\/wp-content\/uploads\/2020\/12\/eunice-munoz.jpeg","datePublished":"2020-12-29T18:43:51+00:00","dateModified":"2020-12-29T18:44:33+00:00","description":"Cineteatro Louletano com programa\u00e7\u00e3o de refer\u00eancia em 2021 Cultura","breadcrumb":{"@id":"https:\/\/algarve7.pt\/index.php\/2020\/12\/cineteatro-louletano-com-programacao-de-referencia-em-2021\/cultura\/18\/43\/#breadcrumb"},"inLanguage":"pt-PT","potentialAction":[{"@type":"ReadAction","target":["https:\/\/algarve7.pt\/index.php\/2020\/12\/cineteatro-louletano-com-programacao-de-referencia-em-2021\/cultura\/18\/43\/"]}]},{"@type":"ImageObject","inLanguage":"pt-PT","@id":"https:\/\/algarve7.pt\/index.php\/2020\/12\/cineteatro-louletano-com-programacao-de-referencia-em-2021\/cultura\/18\/43\/#primaryimage","url":"https:\/\/algarve7.pt\/wp-content\/uploads\/2020\/12\/eunice-munoz.jpeg","contentUrl":"https:\/\/algarve7.pt\/wp-content\/uploads\/2020\/12\/eunice-munoz.jpeg","width":1400,"height":901},{"@type":"BreadcrumbList","@id":"https:\/\/algarve7.pt\/index.php\/2020\/12\/cineteatro-louletano-com-programacao-de-referencia-em-2021\/cultura\/18\/43\/#breadcrumb","itemListElement":[{"@type":"ListItem","position":1,"name":"In\u00edcio","item":"https:\/\/algarve7.pt\/"},{"@type":"ListItem","position":2,"name":"Cineteatro Louletano com programa\u00e7\u00e3o de refer\u00eancia em 2021"}]},{"@type":"WebSite","@id":"https:\/\/algarve7.pt\/#website","url":"https:\/\/algarve7.pt\/","name":"Algarve 7","description":"Informa\u00e7\u00e3o sobre o Algarve","publisher":{"@id":"https:\/\/algarve7.pt\/#organization"},"potentialAction":[{"@type":"SearchAction","target":{"@type":"EntryPoint","urlTemplate":"https:\/\/algarve7.pt\/?s={search_term_string}"},"query-input":{"@type":"PropertyValueSpecification","valueRequired":true,"valueName":"search_term_string"}}],"inLanguage":"pt-PT"},{"@type":"Organization","@id":"https:\/\/algarve7.pt\/#organization","name":"Algarve 7","url":"https:\/\/algarve7.pt\/","logo":{"@type":"ImageObject","inLanguage":"pt-PT","@id":"https:\/\/algarve7.pt\/#\/schema\/logo\/image\/","url":"https:\/\/algarve7.pt\/wp-content\/uploads\/2020\/10\/Logo-8.jpg","contentUrl":"https:\/\/algarve7.pt\/wp-content\/uploads\/2020\/10\/Logo-8.jpg","width":1680,"height":1186,"caption":"Algarve 7"},"image":{"@id":"https:\/\/algarve7.pt\/#\/schema\/logo\/image\/"},"sameAs":["https:\/\/www.facebook.com\/algarve7","https:\/\/x.com\/Algarvesete","https:\/\/www.instagram.com\/jornalalgarve7\/","https:\/\/www.linkedin.com\/company\/algarve7","https:\/\/www.pinterest.pt\/geral0939\/_created\/"]},{"@type":"Person","@id":"https:\/\/algarve7.pt\/#\/schema\/person\/23fa70681308e7b319a3204bcea45e0c","name":"Algarve 7","sameAs":["https:\/\/algarve7.pt","https:\/\/www.facebook.com\/algarve7"],"url":"https:\/\/algarve7.pt\/index.php\/author\/geralalgarve7-pt\/"}]}},"jetpack_publicize_connections":[],"jetpack_featured_media_url":"https:\/\/algarve7.pt\/wp-content\/uploads\/2020\/12\/eunice-munoz.jpeg","jetpack_shortlink":"https:\/\/wp.me\/pcezmW-1hY","jetpack_sharing_enabled":true,"_links":{"self":[{"href":"https:\/\/algarve7.pt\/index.php\/wp-json\/wp\/v2\/posts\/4958","targetHints":{"allow":["GET"]}}],"collection":[{"href":"https:\/\/algarve7.pt\/index.php\/wp-json\/wp\/v2\/posts"}],"about":[{"href":"https:\/\/algarve7.pt\/index.php\/wp-json\/wp\/v2\/types\/post"}],"author":[{"embeddable":true,"href":"https:\/\/algarve7.pt\/index.php\/wp-json\/wp\/v2\/users\/1"}],"replies":[{"embeddable":true,"href":"https:\/\/algarve7.pt\/index.php\/wp-json\/wp\/v2\/comments?post=4958"}],"version-history":[{"count":0,"href":"https:\/\/algarve7.pt\/index.php\/wp-json\/wp\/v2\/posts\/4958\/revisions"}],"wp:featuredmedia":[{"embeddable":true,"href":"https:\/\/algarve7.pt\/index.php\/wp-json\/wp\/v2\/media\/4959"}],"wp:attachment":[{"href":"https:\/\/algarve7.pt\/index.php\/wp-json\/wp\/v2\/media?parent=4958"}],"wp:term":[{"taxonomy":"category","embeddable":true,"href":"https:\/\/algarve7.pt\/index.php\/wp-json\/wp\/v2\/categories?post=4958"},{"taxonomy":"post_tag","embeddable":true,"href":"https:\/\/algarve7.pt\/index.php\/wp-json\/wp\/v2\/tags?post=4958"}],"curies":[{"name":"wp","href":"https:\/\/api.w.org\/{rel}","templated":true}]}}